{"id":106553,"date":"2019-07-24T17:01:11","date_gmt":"2019-07-24T15:01:11","guid":{"rendered":"http:\/\/www.bellunopress.it\/?p=106553"},"modified":"2019-07-24T17:02:45","modified_gmt":"2019-07-24T15:02:45","slug":"concorso-per-addetto-stampa-in-provincia-sindacato-giornalisti-veneto-il-presidente-padrin-ritiri-o-modifichi-il-bando-offensivo-e-lesivo-della-dignita-professionale-dei-giornalisti","status":"publish","type":"post","link":"https:\/\/www.bellunopress.it\/fr\/2019\/07\/24\/concorso-per-addetto-stampa-in-provincia-sindacato-giornalisti-veneto-il-presidente-padrin-ritiri-o-modifichi-il-bando-offensivo-e-lesivo-della-dignita-professionale-dei-giornalisti\/","title":{"rendered":"Concorso per addetto stampa in Provincia. Sindacato giornalisti Veneto: &#8220;Il presidente Padrin ritiri o modifichi il bando, offensivo e lesivo della dignit\u00e0 professionale dei giornalisti&#8221;"},"content":{"rendered":"<p><a href=\"http:\/\/www.bellunopress.it\/fr\/2019\/07\/10\/la-provincia-cerca-un-giornalista-per-addetto-stampa-ma-lo-paga-poco-667-euro-al-mese\/\" rel=\"attachment wp-att-106554\"><img loading=\"lazy\" decoding=\"async\" class=\"alignleft size-full wp-image-106554\" src=\"http:\/\/www.bellunopress.it\/wp-content\/uploads\/2019\/07\/sindacato-giornalisti-veneto.jpg\" alt=\"\" width=\"258\" height=\"102\" \/>Lo avevamo segnalato una quindicina di giorni fa. Ora a dirlo \u00e8 il Sindacato Giornalisti Veneto.\u00a0\u00a0<\/a><\/p>\n<p>&nbsp;<\/p>\n<p>Spiace constatare che un giornalista, iscritto all\u2019Ordine Veneto, e che riveste una carica istituzionale, firmi un \u201cAvviso pubblico per il conferimento di incarico di addetto stampa della Provincia di Belluno\u201d della durata di due anni per un compenso annuo lordo, comprensivo anche delle spese di spostamento, di 10mila euro, al netto persino dei contributi previdenziali.<\/p>\n<p>In via informale, come si fa fra colleghi iscritti allo stesso Ordine professionale, gli si erano fatte notare le molte criticit\u00e0 presenti nel testo diffuso anche dal punto di vista giuslavoristico, invitando Roberto Padrin, perch\u00e9 di lui stiamo parlando, presidente della Provincia di Belluno, a rivedere la formulazione e anche a modificare il corrispettivo a fronte della mole di lavoro richiesto.<\/p>\n<p>Il risultato \u00e8 una piccola integrazione che reputiamo insufficiente.<\/p>\n<p>\u201cL\u2019incarico consiste nello svolgimento delle attivit\u00e0 di supporto (a chi?) per: redigere comunicati e brevi video e foto riguardanti l\u2019attivit\u00e0 dell\u2019ente (al bisogno e comunque minimo 1 a settimana); intrattenere i rapporti con le redazioni ed i media, seguire le agenzie di stampa, fornire chiarimenti ai giornalisti, soddisfacendo le loro richieste (richieste di interviste, dati, materiali di supporto) e curare la medialist; mappare i media territoriali (tv, giornali, siti web, radio) e valutare quelli che possono essere interessanti per l\u2019organizzazione; collaborare con gli uffici competenti per l\u2019aggiornamento dei siti e dei social istituzionali per una comunicazione coordinata interna\/esterna dell\u2019Ente. Curare la realizzazione di un resoconto semestrale (organizzazione\/produzione dei materiali, contatti con i redattori, raccolta e archiviazione testi); moderare incontri, conferenze, dibattiti pubblici organizzati dall\u2019Amministrazione provinciale\u201d.<\/p>\n<p>L\u2019Addetto stampa che cerca la Provincia di Belluno deve essere disponibile dunque a fare praticamente tutto, garantendo tempestivit\u00e0 e continuit\u00e0, ogni santo giorno della settimana, sabati e domeniche comprese, dall\u2019alba al tramonto e oltre, percorrendo in auto all\u2019occorrenza chilometri e chilometri per raccogliere materiale o per moderare convegni o talk a spese e rischi propri per una \u201cmensile\u201d che tolti tutti gli oneri si aggirer\u00e0 fra i 500 e i 600 euro. Per carit\u00e0 non \u00e8 richiesta la sua presenza in sede, per\u00f2 poi gli si chieder\u00e0 la disponibilit\u00e0 a farlo, a fronte di un curriculum degno di un premio Pulitzer.<\/p>\n<p>\u201cLa valutazione dei curricula avverr\u00e0 sulla base dei seguenti parametri: conoscenza\/esperienza dei mezzi di produzione giornalistica tradizionali (carta stampata), e\/o del settore audiovisivo (videopress) e dei social network; esperienze lavorative come addetto stampa presso P.A., Fondazioni, Associazioni e\/o come giornalista presso testate giornalistiche (quotidiani, periodici, radio, tv, web) con riguardo al settore della comunicazione politica e istituzionale; competenze di public speaking; capacit\u00e0 di relazione interna ed esterna, attitudine a lavorare in team. Il colloquio \u00e8 finalizzato a verificare anche i seguenti aspetti: aspetti motivazionali; disponibilit\u00e0 a lavorare in presenza presso la sede provinciale; conoscenza normativa di riferimento\u201d.<\/p>\n<p>La natura del rapporto di lavoro non \u00e8 specificata se non con un rimando generico al vigente \u201cRegolamento recante per il conferimento di incarichi di collaborazione autonoma\u201d approvato con Delibera del Commissario Straordinario n.62 del 29.3.2012\u201d; la nota integrante all\u2019avviso richiede al futuro addetto stampa la Partita Iva, tuttavia a noi sembra un classico rapporto di collaborazione coordinata continuativa se non di subordinazione.<\/p>\n<p>Ciliegina finale, all\u2019aspirante Addetto stampa viene chiesto di compilare modulo sull\u2019insussistenza \u2013 anche potenziale \u2013 di conflitti di interesse con fattispecie indicate, che forse nemmeno lo stesso Padrin potrebbe vantare.<\/p>\n<p>Il Sindacato giornalisti Veneto e l\u2019Associazione Stampa Bellunese intraprenderanno tutte le strade per far valere i diritti e la dignit\u00e0 del lavoro giornalistico professionale sia sul fronte contrattuale che su quello legale.<\/p>\n<p>Rispetto al giornalista Roberto Padrin, al quale nella sua funzione di Presidente della Provincia di Belluno si chiede nuovamente di ritirare e modificare il bando, il Sindacato giornalisti Veneto e l\u2019Associazione Stampa Bellunese, chiederanno all\u2019Ordine di valutare l\u2019eventuale violazione della Legge istitutiva e della Carta di Firenze.<\/p>","protected":false},"excerpt":{"rendered":"<p>Lo avevamo segnalato una quindicina di giorni fa. Ora a dirlo \u00e8 il Sindacato Giornalisti Veneto.\u00a0\u00a0 &nbsp; Spiace constatare che un giornalista, iscritto all\u2019Ordine Veneto, e che riveste una carica istituzionale, firmi un \u201cAvviso pubblico per il conferimento di incarico di addetto stampa della Provincia di Belluno\u201d della durata di due anni per un compenso [&hellip;]<\/p>\n","protected":false},"author":2,"featured_media":0,"comment_status":"closed","ping_status":"open","sticky":false,"template":"","format":"standard","meta":{"footnotes":""},"categories":[5,36,26],"tags":[],"class_list":["post-106553","post","type-post","status-publish","format-standard","category-cronaca","category-lavoro-economia","category-prima-pagina"],"yoast_head":"<!-- This site is optimized with the Yoast SEO plugin v28.4 - https:\/\/yoast.com\/product\/yoast-seo-wordpress\/ -->\n<title>Concorso per addetto stampa in Provincia. Sindacato giornalisti Veneto: &quot;Il presidente Padrin ritiri o modifichi il bando, offensivo e lesivo della dignit\u00e0 professionale dei giornalisti&quot; - Bellunopress - Dolomiti<\/title>\n<meta name=\"robots\" content=\"index, follow, max-snippet:-1, max-image-preview:large, max-video-preview:-1\" \/>\n<link rel=\"canonical\" href=\"https:\/\/www.bellunopress.it\/fr\/2019\/07\/24\/concorso-per-addetto-stampa-in-provincia-sindacato-giornalisti-veneto-il-presidente-padrin-ritiri-o-modifichi-il-bando-offensivo-e-lesivo-della-dignita-professionale-dei-giornalisti\/\" \/>\n<meta property=\"og:locale\" content=\"fr_FR\" \/>\n<meta property=\"og:type\" content=\"article\" \/>\n<meta property=\"og:title\" content=\"Concorso per addetto stampa in Provincia. Sindacato giornalisti Veneto: &quot;Il presidente Padrin ritiri o modifichi il bando, offensivo e lesivo della dignit\u00e0 professionale dei giornalisti&quot; - Bellunopress - Dolomiti\" \/>\n<meta property=\"og:description\" content=\"Lo avevamo segnalato una quindicina di giorni fa. Ora a dirlo \u00e8 il Sindacato Giornalisti Veneto.\u00a0\u00a0 &nbsp; Spiace constatare che un giornalista, iscritto all\u2019Ordine Veneto, e che riveste una carica istituzionale, firmi un \u201cAvviso pubblico per il conferimento di incarico di addetto stampa della Provincia di Belluno\u201d della durata di due anni per un compenso [&hellip;]\" \/>\n<meta property=\"og:url\" content=\"https:\/\/www.bellunopress.it\/fr\/2019\/07\/24\/concorso-per-addetto-stampa-in-provincia-sindacato-giornalisti-veneto-il-presidente-padrin-ritiri-o-modifichi-il-bando-offensivo-e-lesivo-della-dignita-professionale-dei-giornalisti\/\" \/>\n<meta property=\"og:site_name\" content=\"Bellunopress - Dolomiti\" \/>\n<meta property=\"article:publisher\" content=\"https:\/\/www.facebook.com\/profile.php?id=100008943462799\" \/>\n<meta property=\"article:published_time\" content=\"2019-07-24T15:01:11+00:00\" \/>\n<meta property=\"article:modified_time\" content=\"2019-07-24T15:02:45+00:00\" \/>\n<meta property=\"og:image\" content=\"http:\/\/www.bellunopress.it\/wp-content\/uploads\/2019\/07\/sindacato-giornalisti-veneto.jpg\" \/>\n<meta name=\"author\" content=\"redazione\" \/>\n<meta name=\"twitter:card\" content=\"summary_large_image\" \/>\n<meta name=\"twitter:creator\" content=\"@bellunopress\" \/>\n<meta name=\"twitter:site\" content=\"@bellunopress\" \/>\n<meta name=\"twitter:label1\" content=\"\u00c9crit par\" \/>\n\t<meta name=\"twitter:data1\" content=\"redazione\" \/>\n\t<meta name=\"twitter:label2\" content=\"Dur\u00e9e de lecture estim\u00e9e\" \/>\n\t<meta name=\"twitter:data2\" content=\"3 minutes\" \/>\n<script type=\"application\/ld+json\" class=\"yoast-schema-graph\">{\"@context\":\"https:\\\/\\\/schema.org\",\"@graph\":[{\"@type\":\"Article\",\"@id\":\"https:\\\/\\\/www.bellunopress.it\\\/2019\\\/07\\\/24\\\/concorso-per-addetto-stampa-in-provincia-sindacato-giornalisti-veneto-il-presidente-padrin-ritiri-o-modifichi-il-bando-offensivo-e-lesivo-della-dignita-professionale-dei-giornalisti\\\/#article\",\"isPartOf\":{\"@id\":\"https:\\\/\\\/www.bellunopress.it\\\/2019\\\/07\\\/24\\\/concorso-per-addetto-stampa-in-provincia-sindacato-giornalisti-veneto-il-presidente-padrin-ritiri-o-modifichi-il-bando-offensivo-e-lesivo-della-dignita-professionale-dei-giornalisti\\\/\"},\"author\":{\"name\":\"redazione\",\"@id\":\"https:\\\/\\\/www.bellunopress.it\\\/#\\\/schema\\\/person\\\/79bb06722b37ece1c03d3e94beb30d73\"},\"headline\":\"Concorso per addetto stampa in Provincia. Sindacato giornalisti Veneto: &#8220;Il presidente Padrin ritiri o modifichi il bando, offensivo e lesivo della dignit\u00e0 professionale dei giornalisti&#8221;\",\"datePublished\":\"2019-07-24T15:01:11+00:00\",\"dateModified\":\"2019-07-24T15:02:45+00:00\",\"mainEntityOfPage\":{\"@id\":\"https:\\\/\\\/www.bellunopress.it\\\/2019\\\/07\\\/24\\\/concorso-per-addetto-stampa-in-provincia-sindacato-giornalisti-veneto-il-presidente-padrin-ritiri-o-modifichi-il-bando-offensivo-e-lesivo-della-dignita-professionale-dei-giornalisti\\\/\"},\"wordCount\":675,\"publisher\":{\"@id\":\"https:\\\/\\\/www.bellunopress.it\\\/#organization\"},\"image\":{\"@id\":\"https:\\\/\\\/www.bellunopress.it\\\/2019\\\/07\\\/24\\\/concorso-per-addetto-stampa-in-provincia-sindacato-giornalisti-veneto-il-presidente-padrin-ritiri-o-modifichi-il-bando-offensivo-e-lesivo-della-dignita-professionale-dei-giornalisti\\\/#primaryimage\"},\"thumbnailUrl\":\"http:\\\/\\\/www.bellunopress.it\\\/wp-content\\\/uploads\\\/2019\\\/07\\\/sindacato-giornalisti-veneto.jpg\",\"articleSection\":[\"Cronaca\\\/Politica\",\"Lavoro, Economia, Turismo\",\"Prima Pagina\"],\"inLanguage\":\"fr-FR\"},{\"@type\":\"WebPage\",\"@id\":\"https:\\\/\\\/www.bellunopress.it\\\/2019\\\/07\\\/24\\\/concorso-per-addetto-stampa-in-provincia-sindacato-giornalisti-veneto-il-presidente-padrin-ritiri-o-modifichi-il-bando-offensivo-e-lesivo-della-dignita-professionale-dei-giornalisti\\\/\",\"url\":\"https:\\\/\\\/www.bellunopress.it\\\/2019\\\/07\\\/24\\\/concorso-per-addetto-stampa-in-provincia-sindacato-giornalisti-veneto-il-presidente-padrin-ritiri-o-modifichi-il-bando-offensivo-e-lesivo-della-dignita-professionale-dei-giornalisti\\\/\",\"name\":\"Concorso per addetto stampa in Provincia. Sindacato giornalisti Veneto: \\\"Il presidente Padrin ritiri o modifichi il bando, offensivo e lesivo della dignit\u00e0 professionale dei giornalisti\\\" - Bellunopress - Dolomiti\",\"isPartOf\":{\"@id\":\"https:\\\/\\\/www.bellunopress.it\\\/#website\"},\"primaryImageOfPage\":{\"@id\":\"https:\\\/\\\/www.bellunopress.it\\\/2019\\\/07\\\/24\\\/concorso-per-addetto-stampa-in-provincia-sindacato-giornalisti-veneto-il-presidente-padrin-ritiri-o-modifichi-il-bando-offensivo-e-lesivo-della-dignita-professionale-dei-giornalisti\\\/#primaryimage\"},\"image\":{\"@id\":\"https:\\\/\\\/www.bellunopress.it\\\/2019\\\/07\\\/24\\\/concorso-per-addetto-stampa-in-provincia-sindacato-giornalisti-veneto-il-presidente-padrin-ritiri-o-modifichi-il-bando-offensivo-e-lesivo-della-dignita-professionale-dei-giornalisti\\\/#primaryimage\"},\"thumbnailUrl\":\"http:\\\/\\\/www.bellunopress.it\\\/wp-content\\\/uploads\\\/2019\\\/07\\\/sindacato-giornalisti-veneto.jpg\",\"datePublished\":\"2019-07-24T15:01:11+00:00\",\"dateModified\":\"2019-07-24T15:02:45+00:00\",\"breadcrumb\":{\"@id\":\"https:\\\/\\\/www.bellunopress.it\\\/2019\\\/07\\\/24\\\/concorso-per-addetto-stampa-in-provincia-sindacato-giornalisti-veneto-il-presidente-padrin-ritiri-o-modifichi-il-bando-offensivo-e-lesivo-della-dignita-professionale-dei-giornalisti\\\/#breadcrumb\"},\"inLanguage\":\"fr-FR\",\"potentialAction\":[{\"@type\":\"ReadAction\",\"target\":[\"https:\\\/\\\/www.bellunopress.it\\\/2019\\\/07\\\/24\\\/concorso-per-addetto-stampa-in-provincia-sindacato-giornalisti-veneto-il-presidente-padrin-ritiri-o-modifichi-il-bando-offensivo-e-lesivo-della-dignita-professionale-dei-giornalisti\\\/\"]}]},{\"@type\":\"ImageObject\",\"inLanguage\":\"fr-FR\",\"@id\":\"https:\\\/\\\/www.bellunopress.it\\\/2019\\\/07\\\/24\\\/concorso-per-addetto-stampa-in-provincia-sindacato-giornalisti-veneto-il-presidente-padrin-ritiri-o-modifichi-il-bando-offensivo-e-lesivo-della-dignita-professionale-dei-giornalisti\\\/#primaryimage\",\"url\":\"http:\\\/\\\/www.bellunopress.it\\\/wp-content\\\/uploads\\\/2019\\\/07\\\/sindacato-giornalisti-veneto.jpg\",\"contentUrl\":\"http:\\\/\\\/www.bellunopress.it\\\/wp-content\\\/uploads\\\/2019\\\/07\\\/sindacato-giornalisti-veneto.jpg\"},{\"@type\":\"BreadcrumbList\",\"@id\":\"https:\\\/\\\/www.bellunopress.it\\\/2019\\\/07\\\/24\\\/concorso-per-addetto-stampa-in-provincia-sindacato-giornalisti-veneto-il-presidente-padrin-ritiri-o-modifichi-il-bando-offensivo-e-lesivo-della-dignita-professionale-dei-giornalisti\\\/#breadcrumb\",\"itemListElement\":[{\"@type\":\"ListItem\",\"position\":1,\"name\":\"Home\",\"item\":\"https:\\\/\\\/www.bellunopress.it\\\/\"},{\"@type\":\"ListItem\",\"position\":2,\"name\":\"Concorso per addetto stampa in Provincia. Sindacato giornalisti Veneto: &#8220;Il presidente Padrin ritiri o modifichi il bando, offensivo e lesivo della dignit\u00e0 professionale dei giornalisti&#8221;\"}]},{\"@type\":\"WebSite\",\"@id\":\"https:\\\/\\\/www.bellunopress.it\\\/#website\",\"url\":\"https:\\\/\\\/www.bellunopress.it\\\/\",\"name\":\"Bellunopress - Dolomiti\",\"description\":\"e-mail: redazione@bellunopress.it\",\"publisher\":{\"@id\":\"https:\\\/\\\/www.bellunopress.it\\\/#organization\"},\"potentialAction\":[{\"@type\":\"SearchAction\",\"target\":{\"@type\":\"EntryPoint\",\"urlTemplate\":\"https:\\\/\\\/www.bellunopress.it\\\/?s={search_term_string}\"},\"query-input\":{\"@type\":\"PropertyValueSpecification\",\"valueRequired\":true,\"valueName\":\"search_term_string\"}}],\"inLanguage\":\"fr-FR\"},{\"@type\":\"Organization\",\"@id\":\"https:\\\/\\\/www.bellunopress.it\\\/#organization\",\"name\":\"Bellunopress\",\"url\":\"https:\\\/\\\/www.bellunopress.it\\\/\",\"logo\":{\"@type\":\"ImageObject\",\"inLanguage\":\"fr-FR\",\"@id\":\"https:\\\/\\\/www.bellunopress.it\\\/#\\\/schema\\\/logo\\\/image\\\/\",\"url\":\"https:\\\/\\\/www.bellunopress.it\\\/wp-content\\\/uploads\\\/2011\\\/05\\\/cropped-logo-bellunopress-.jpg\",\"contentUrl\":\"https:\\\/\\\/www.bellunopress.it\\\/wp-content\\\/uploads\\\/2011\\\/05\\\/cropped-logo-bellunopress-.jpg\",\"width\":512,\"height\":512,\"caption\":\"Bellunopress\"},\"image\":{\"@id\":\"https:\\\/\\\/www.bellunopress.it\\\/#\\\/schema\\\/logo\\\/image\\\/\"},\"sameAs\":[\"https:\\\/\\\/www.facebook.com\\\/profile.php?id=100008943462799\",\"https:\\\/\\\/x.com\\\/bellunopress\",\"https:\\\/\\\/www.linkedin.com\\\/hp\\\/?dnr=JBzUWaJfMUw8vbXJJ2tVW5-I3jZKvC4wsoxE&amp;amp;amp;amp;amp;amp;trk=nav_responsive_tab_home\",\"https:\\\/\\\/www.youtube.com\\\/channel\\\/UCxL0wu1uN0_3_7hGG0306cw\"]},{\"@type\":\"Person\",\"@id\":\"https:\\\/\\\/www.bellunopress.it\\\/#\\\/schema\\\/person\\\/79bb06722b37ece1c03d3e94beb30d73\",\"name\":\"redazione\",\"image\":{\"@type\":\"ImageObject\",\"inLanguage\":\"fr-FR\",\"@id\":\"https:\\\/\\\/secure.gravatar.com\\\/avatar\\\/37d968a2e67a6fd04c169c4bdef102d0bc5d31b2546345219e348575eb80e9a0?s=96&d=mm&r=g\",\"url\":\"https:\\\/\\\/secure.gravatar.com\\\/avatar\\\/37d968a2e67a6fd04c169c4bdef102d0bc5d31b2546345219e348575eb80e9a0?s=96&d=mm&r=g\",\"contentUrl\":\"https:\\\/\\\/secure.gravatar.com\\\/avatar\\\/37d968a2e67a6fd04c169c4bdef102d0bc5d31b2546345219e348575eb80e9a0?s=96&d=mm&r=g\",\"caption\":\"redazione\"},\"sameAs\":[\"http:\\\/\\\/www.bellunopress.it\",\"https:\\\/\\\/x.com\\\/bellunopress\"],\"url\":\"https:\\\/\\\/www.bellunopress.it\\\/fr\\\/author\\\/redazione\\\/\"}]}<\/script>\n<!-- \/ Yoast SEO plugin. -->","yoast_head_json":{"title":"Concorso per addetto stampa in Provincia. Sindacato giornalisti Veneto: \"Il presidente Padrin ritiri o modifichi il bando, offensivo e lesivo della dignit\u00e0 professionale dei giornalisti\" - Bellunopress - Dolomiti","robots":{"index":"index","follow":"follow","max-snippet":"max-snippet:-1","max-image-preview":"max-image-preview:large","max-video-preview":"max-video-preview:-1"},"canonical":"https:\/\/www.bellunopress.it\/fr\/2019\/07\/24\/concorso-per-addetto-stampa-in-provincia-sindacato-giornalisti-veneto-il-presidente-padrin-ritiri-o-modifichi-il-bando-offensivo-e-lesivo-della-dignita-professionale-dei-giornalisti\/","og_locale":"fr_FR","og_type":"article","og_title":"Concorso per addetto stampa in Provincia. Sindacato giornalisti Veneto: \"Il presidente Padrin ritiri o modifichi il bando, offensivo e lesivo della dignit\u00e0 professionale dei giornalisti\" - Bellunopress - Dolomiti","og_description":"Lo avevamo segnalato una quindicina di giorni fa. Ora a dirlo \u00e8 il Sindacato Giornalisti Veneto.\u00a0\u00a0 &nbsp; Spiace constatare che un giornalista, iscritto all\u2019Ordine Veneto, e che riveste una carica istituzionale, firmi un \u201cAvviso pubblico per il conferimento di incarico di addetto stampa della Provincia di Belluno\u201d della durata di due anni per un compenso [&hellip;]","og_url":"https:\/\/www.bellunopress.it\/fr\/2019\/07\/24\/concorso-per-addetto-stampa-in-provincia-sindacato-giornalisti-veneto-il-presidente-padrin-ritiri-o-modifichi-il-bando-offensivo-e-lesivo-della-dignita-professionale-dei-giornalisti\/","og_site_name":"Bellunopress - Dolomiti","article_publisher":"https:\/\/www.facebook.com\/profile.php?id=100008943462799","article_published_time":"2019-07-24T15:01:11+00:00","article_modified_time":"2019-07-24T15:02:45+00:00","og_image":[{"url":"http:\/\/www.bellunopress.it\/wp-content\/uploads\/2019\/07\/sindacato-giornalisti-veneto.jpg","type":"","width":"","height":""}],"author":"redazione","twitter_card":"summary_large_image","twitter_creator":"@bellunopress","twitter_site":"@bellunopress","twitter_misc":{"\u00c9crit par":"redazione","Dur\u00e9e de lecture estim\u00e9e":"3 minutes"},"schema":{"@context":"https:\/\/schema.org","@graph":[{"@type":"Article","@id":"https:\/\/www.bellunopress.it\/2019\/07\/24\/concorso-per-addetto-stampa-in-provincia-sindacato-giornalisti-veneto-il-presidente-padrin-ritiri-o-modifichi-il-bando-offensivo-e-lesivo-della-dignita-professionale-dei-giornalisti\/#article","isPartOf":{"@id":"https:\/\/www.bellunopress.it\/2019\/07\/24\/concorso-per-addetto-stampa-in-provincia-sindacato-giornalisti-veneto-il-presidente-padrin-ritiri-o-modifichi-il-bando-offensivo-e-lesivo-della-dignita-professionale-dei-giornalisti\/"},"author":{"name":"redazione","@id":"https:\/\/www.bellunopress.it\/#\/schema\/person\/79bb06722b37ece1c03d3e94beb30d73"},"headline":"Concorso per addetto stampa in Provincia. Sindacato giornalisti Veneto: &#8220;Il presidente Padrin ritiri o modifichi il bando, offensivo e lesivo della dignit\u00e0 professionale dei giornalisti&#8221;","datePublished":"2019-07-24T15:01:11+00:00","dateModified":"2019-07-24T15:02:45+00:00","mainEntityOfPage":{"@id":"https:\/\/www.bellunopress.it\/2019\/07\/24\/concorso-per-addetto-stampa-in-provincia-sindacato-giornalisti-veneto-il-presidente-padrin-ritiri-o-modifichi-il-bando-offensivo-e-lesivo-della-dignita-professionale-dei-giornalisti\/"},"wordCount":675,"publisher":{"@id":"https:\/\/www.bellunopress.it\/#organization"},"image":{"@id":"https:\/\/www.bellunopress.it\/2019\/07\/24\/concorso-per-addetto-stampa-in-provincia-sindacato-giornalisti-veneto-il-presidente-padrin-ritiri-o-modifichi-il-bando-offensivo-e-lesivo-della-dignita-professionale-dei-giornalisti\/#primaryimage"},"thumbnailUrl":"http:\/\/www.bellunopress.it\/wp-content\/uploads\/2019\/07\/sindacato-giornalisti-veneto.jpg","articleSection":["Cronaca\/Politica","Lavoro, Economia, Turismo","Prima Pagina"],"inLanguage":"fr-FR"},{"@type":"WebPage","@id":"https:\/\/www.bellunopress.it\/2019\/07\/24\/concorso-per-addetto-stampa-in-provincia-sindacato-giornalisti-veneto-il-presidente-padrin-ritiri-o-modifichi-il-bando-offensivo-e-lesivo-della-dignita-professionale-dei-giornalisti\/","url":"https:\/\/www.bellunopress.it\/2019\/07\/24\/concorso-per-addetto-stampa-in-provincia-sindacato-giornalisti-veneto-il-presidente-padrin-ritiri-o-modifichi-il-bando-offensivo-e-lesivo-della-dignita-professionale-dei-giornalisti\/","name":"Concorso per addetto stampa in Provincia. Sindacato giornalisti Veneto: \"Il presidente Padrin ritiri o modifichi il bando, offensivo e lesivo della dignit\u00e0 professionale dei giornalisti\" - Bellunopress - Dolomiti","isPartOf":{"@id":"https:\/\/www.bellunopress.it\/#website"},"primaryImageOfPage":{"@id":"https:\/\/www.bellunopress.it\/2019\/07\/24\/concorso-per-addetto-stampa-in-provincia-sindacato-giornalisti-veneto-il-presidente-padrin-ritiri-o-modifichi-il-bando-offensivo-e-lesivo-della-dignita-professionale-dei-giornalisti\/#primaryimage"},"image":{"@id":"https:\/\/www.bellunopress.it\/2019\/07\/24\/concorso-per-addetto-stampa-in-provincia-sindacato-giornalisti-veneto-il-presidente-padrin-ritiri-o-modifichi-il-bando-offensivo-e-lesivo-della-dignita-professionale-dei-giornalisti\/#primaryimage"},"thumbnailUrl":"http:\/\/www.bellunopress.it\/wp-content\/uploads\/2019\/07\/sindacato-giornalisti-veneto.jpg","datePublished":"2019-07-24T15:01:11+00:00","dateModified":"2019-07-24T15:02:45+00:00","breadcrumb":{"@id":"https:\/\/www.bellunopress.it\/2019\/07\/24\/concorso-per-addetto-stampa-in-provincia-sindacato-giornalisti-veneto-il-presidente-padrin-ritiri-o-modifichi-il-bando-offensivo-e-lesivo-della-dignita-professionale-dei-giornalisti\/#breadcrumb"},"inLanguage":"fr-FR","potentialAction":[{"@type":"ReadAction","target":["https:\/\/www.bellunopress.it\/2019\/07\/24\/concorso-per-addetto-stampa-in-provincia-sindacato-giornalisti-veneto-il-presidente-padrin-ritiri-o-modifichi-il-bando-offensivo-e-lesivo-della-dignita-professionale-dei-giornalisti\/"]}]},{"@type":"ImageObject","inLanguage":"fr-FR","@id":"https:\/\/www.bellunopress.it\/2019\/07\/24\/concorso-per-addetto-stampa-in-provincia-sindacato-giornalisti-veneto-il-presidente-padrin-ritiri-o-modifichi-il-bando-offensivo-e-lesivo-della-dignita-professionale-dei-giornalisti\/#primaryimage","url":"http:\/\/www.bellunopress.it\/wp-content\/uploads\/2019\/07\/sindacato-giornalisti-veneto.jpg","contentUrl":"http:\/\/www.bellunopress.it\/wp-content\/uploads\/2019\/07\/sindacato-giornalisti-veneto.jpg"},{"@type":"BreadcrumbList","@id":"https:\/\/www.bellunopress.it\/2019\/07\/24\/concorso-per-addetto-stampa-in-provincia-sindacato-giornalisti-veneto-il-presidente-padrin-ritiri-o-modifichi-il-bando-offensivo-e-lesivo-della-dignita-professionale-dei-giornalisti\/#breadcrumb","itemListElement":[{"@type":"ListItem","position":1,"name":"Home","item":"https:\/\/www.bellunopress.it\/"},{"@type":"ListItem","position":2,"name":"Concorso per addetto stampa in Provincia. Sindacato giornalisti Veneto: &#8220;Il presidente Padrin ritiri o modifichi il bando, offensivo e lesivo della dignit\u00e0 professionale dei giornalisti&#8221;"}]},{"@type":"WebSite","@id":"https:\/\/www.bellunopress.it\/#website","url":"https:\/\/www.bellunopress.it\/","name":"Bellunopress - Dolomiti","description":"e-mail: redazione@bellunopress.it","publisher":{"@id":"https:\/\/www.bellunopress.it\/#organization"},"potentialAction":[{"@type":"SearchAction","target":{"@type":"EntryPoint","urlTemplate":"https:\/\/www.bellunopress.it\/?s={search_term_string}"},"query-input":{"@type":"PropertyValueSpecification","valueRequired":true,"valueName":"search_term_string"}}],"inLanguage":"fr-FR"},{"@type":"Organization","@id":"https:\/\/www.bellunopress.it\/#organization","name":"Bellunopress","url":"https:\/\/www.bellunopress.it\/","logo":{"@type":"ImageObject","inLanguage":"fr-FR","@id":"https:\/\/www.bellunopress.it\/#\/schema\/logo\/image\/","url":"https:\/\/www.bellunopress.it\/wp-content\/uploads\/2011\/05\/cropped-logo-bellunopress-.jpg","contentUrl":"https:\/\/www.bellunopress.it\/wp-content\/uploads\/2011\/05\/cropped-logo-bellunopress-.jpg","width":512,"height":512,"caption":"Bellunopress"},"image":{"@id":"https:\/\/www.bellunopress.it\/#\/schema\/logo\/image\/"},"sameAs":["https:\/\/www.facebook.com\/profile.php?id=100008943462799","https:\/\/x.com\/bellunopress","https:\/\/www.linkedin.com\/hp\/?dnr=JBzUWaJfMUw8vbXJJ2tVW5-I3jZKvC4wsoxE&amp;amp;amp;amp;amp;amp;trk=nav_responsive_tab_home","https:\/\/www.youtube.com\/channel\/UCxL0wu1uN0_3_7hGG0306cw"]},{"@type":"Person","@id":"https:\/\/www.bellunopress.it\/#\/schema\/person\/79bb06722b37ece1c03d3e94beb30d73","name":"r\u00e9daction","image":{"@type":"ImageObject","inLanguage":"fr-FR","@id":"https:\/\/secure.gravatar.com\/avatar\/37d968a2e67a6fd04c169c4bdef102d0bc5d31b2546345219e348575eb80e9a0?s=96&d=mm&r=g","url":"https:\/\/secure.gravatar.com\/avatar\/37d968a2e67a6fd04c169c4bdef102d0bc5d31b2546345219e348575eb80e9a0?s=96&d=mm&r=g","contentUrl":"https:\/\/secure.gravatar.com\/avatar\/37d968a2e67a6fd04c169c4bdef102d0bc5d31b2546345219e348575eb80e9a0?s=96&d=mm&r=g","caption":"redazione"},"sameAs":["http:\/\/www.bellunopress.it","https:\/\/x.com\/bellunopress"],"url":"https:\/\/www.bellunopress.it\/fr\/author\/redazione\/"}]}},"_links":{"self":[{"href":"https:\/\/www.bellunopress.it\/fr\/wp-json\/wp\/v2\/posts\/106553","targetHints":{"allow":["GET"]}}],"collection":[{"href":"https:\/\/www.bellunopress.it\/fr\/wp-json\/wp\/v2\/posts"}],"about":[{"href":"https:\/\/www.bellunopress.it\/fr\/wp-json\/wp\/v2\/types\/post"}],"author":[{"embeddable":true,"href":"https:\/\/www.bellunopress.it\/fr\/wp-json\/wp\/v2\/users\/2"}],"replies":[{"embeddable":true,"href":"https:\/\/www.bellunopress.it\/fr\/wp-json\/wp\/v2\/comments?post=106553"}],"version-history":[{"count":3,"href":"https:\/\/www.bellunopress.it\/fr\/wp-json\/wp\/v2\/posts\/106553\/revisions"}],"predecessor-version":[{"id":106557,"href":"https:\/\/www.bellunopress.it\/fr\/wp-json\/wp\/v2\/posts\/106553\/revisions\/106557"}],"wp:attachment":[{"href":"https:\/\/www.bellunopress.it\/fr\/wp-json\/wp\/v2\/media?parent=106553"}],"wp:term":[{"taxonomy":"category","embeddable":true,"href":"https:\/\/www.bellunopress.it\/fr\/wp-json\/wp\/v2\/categories?post=106553"},{"taxonomy":"post_tag","embeddable":true,"href":"https:\/\/www.bellunopress.it\/fr\/wp-json\/wp\/v2\/tags?post=106553"}],"curies":[{"name":"wp","href":"https:\/\/api.w.org\/{rel}","templated":true}]}}