{"id":106549,"date":"2019-07-24T16:47:45","date_gmt":"2019-07-24T14:47:45","guid":{"rendered":"http:\/\/www.bellunopress.it\/?p=106549"},"modified":"2019-07-24T16:47:46","modified_gmt":"2019-07-24T14:47:46","slug":"alpago-triathlon-da-record-oltre-900-atleti-gara-nel-weekend-sul-lago-di-santa-croce-bl","status":"publish","type":"post","link":"https:\/\/www.bellunopress.it\/fr\/2019\/07\/24\/alpago-triathlon-da-record-oltre-900-atleti-gara-nel-weekend-sul-lago-di-santa-croce-bl\/","title":{"rendered":"Alpago Triathlon da record: oltre 900 atleti-gara nel weekend sul lago di Santa Croce (BL)"},"content":{"rendered":"<p><strong>Al via dell\u2019evento targato Silca Ultralite Vittorio Veneto anche la campionessa europea Menditto, con la vice Bolzan. Sabato l\u2019Olimpico Cross Triathlon e l\u2019Aquathlon kids, domenica la Sprint Silca Cup<\/strong><\/p>\n<p><a href=\"http:\/\/www.bellunopress.it\/fr\/2016\/07\/09\/triathlon-cross-farra-dalpago\/triathlon-cross-santa-croce-farra-dalpago\/\" rel=\"attachment wp-att-79054\"><img loading=\"lazy\" decoding=\"async\" class=\"alignleft size-full wp-image-79054\" src=\"http:\/\/www.bellunopress.it\/wp-content\/uploads\/2016\/07\/triathlon-cross-santa-croce-farra-dalpago.jpg\" alt=\"\" width=\"350\" height=\"197\" \/><\/a>Oltre 900 atleti-gara tra sabato 27 e domenica 28 luglio, sul Lago di Santa Croce, in Alpago (BL) per un weekend a tutto triathlon. Il programma prevede nella mattinata di sabato il Triathlon Olimpico Cross Country in mountain bike e l\u2019Alpago Aquathlon Kids e Miniaquathlon nel pomeriggio. Domenica nuova giornata di gare, con la Triathlon Sprint Silca Cup, valevole anche come tappa finale del Sicleri Triathlon Challenge (con una classifica combinata con il Triathlon Sprint Rank Gold Citt\u00e0 di Caorle disputato nella localit\u00e0 balneare veneziana a maggio).<\/p>\n<figure id=\"attachment_106550\" aria-describedby=\"caption-attachment-106550\" style=\"width: 300px\" class=\"wp-caption alignleft\"><a href=\"http:\/\/www.bellunopress.it\/fr\/2019\/07\/24\/alpago-triathlon-da-record-oltre-900-atleti-gara-nel-weekend-sul-lago-di-santa-croce-bl\/alpago-triathlon\/\" rel=\"attachment wp-att-106550\"><img loading=\"lazy\" decoding=\"async\" class=\"size-full wp-image-106550\" src=\"http:\/\/www.bellunopress.it\/wp-content\/uploads\/2019\/07\/alpago-triathlon.jpg\" alt=\"\" width=\"300\" height=\"221\" \/><\/a><figcaption id=\"caption-attachment-106550\" class=\"wp-caption-text\">Alpago Triathlon<br \/>(Foto: Massimiliano Pizzolato)<\/figcaption><\/figure>\n<p>Un\u2019intensissima due giorni che vedr\u00e0 in gara molti specialisti della mountain bike, ma anche i migliori rappresentanti della multidisciplina del Veneto e delle regioni vicine. Pettorale numero uno per chi della bicicletta (meglio su strada senza disdegnare per\u00f2 le ruote grasse), ha fatto il suo punto di forza, provenendo proprio dal ciclismo professionistico, Massimo Cigana, atleta mestrino in forza alla societ\u00e0 trevigiana Eroi del Piave. Puntano al podio Marco Barison (Liger Team), Stefano Davite (Sai Frecce Bianche), tecnico della nazionale di cross triathlon, Samuele Gobbo (A3) e Leonardo Ballerini (Raschiani Triathlon Pavese). Al femminile, favorite d\u2019obbligo le azzurre Marta Menditto e Matilde Bolzan, campionessa e vicecampionessa europea di cross triathlon, categoria under 23, alla recente rassegna continentale di Targu Mures in Romania. Menditto \u00e8 anche vicecampionessa europea, sempre under 23, nel cross duathlon. Tenter\u00e0 di contrastare le due portacolori di Sai Frecce Bianche, Francesca Ferlazzo, gi\u00e0 medagliata in varie rassegne nazionali.<\/p>\n<p>Il percorso di gara (start dalle ore 10.30 con la gara femminile, 10.40 la gara maschile) prevede una frazione di nuoto di 1 km (due giri), una di mountain bike di 21,3 km (due giri, tra l&#8217;oasi naturalistica del lago di Santa Croce, il sentiero che porta a Sitran fino a lambire Puos D&#8217;Alpago e la discesa fino a via Grotta) e una di corsa di 6,3 km (tre giri).<br \/>\nNel pomeriggio, dalle ore 14.00, invece i giovani (dai minicuccioli agli Youth B) si sfideranno in un aquathlon (corsa, nuoto, corsa) su distanze varie (dai 50 metri di corsa, 25 metri di nuoto, 50 metri di corsa dei pi\u00f9 piccoli, ai 750 metri di corsa, 400 metri di nuoto e 750 metri di nuoto dei pi\u00f9 grandi, gli under 18).<\/p>\n<p>Domenica invece l\u2019appuntamento da non perdere \u00e8 con la Triathlon Sprint Silca Cup, che vedr\u00e0 pi\u00f9 di 600 atleti al via, che si tufferanno nelle acque del lago di Santa Croce per la prima frazione di 750 metri a nuoto (un giro), per poi affrontare 19,3 km (due giri da 9,6 km) di ciclismo e 5 km (2 giri da 2,5 km) di corsa a piedi. Lo start alle 9.30 per la gara femminile, alle 11.15 start per la prima batteria maschile.<br \/>\n\u201cSiamo molto contenti di avere un nutrito gruppo di partecipanti anche in quest\u2019edizione \u2013 commenta Aldo Zanetti, presidente di Silca Ultralite Vittorio Veneto \u2013 gi\u00e0 l\u2019anno scorso avevamo superato quota 500, ora un nuovo incremento. L\u2019Alpago piace ed \u00e8 un luogo perfetto per eventi legati alla multidisciplina. Un grazie a chi ci sostiene e ai nostri volontari, che lavorano come \u201cprofessionisti\u201d per permettere agli atleti di godersi la gara. Un altro grande grazie va in modo particolare all\u2019assessore allo sport del comune Alpago, Federico Costa, alla comandante della Polizia Locale, Angela Zopp\u00e8 e al presidente della Pro Logo, Alessio Bortoluzzi\u201d.<\/p>\n<p>Nell\u2019organizzazione della manifestazione, con patrocinio della Regione Veneto e del Comune Alpago, accanto a Silca Ultralite Vittorio Veneto ci sono Gp Triathlon, Maratona di Treviso e Pro Loco Alpago, Amici sportivi di San Martino, Amici Tempo Libero Sernaglia, Atletica Silca Conegliano, Nord\u00e8 Diving Team e Sportivamente Triathlon. Sostengono l\u2019evento Silca Spa, M\u00e9thode, Sicleri, Banca Prealpi SanBiagio, San Benedetto, Pasta Sgambaro, Latteria Soligo, Borgoluce, Osonyc, Euro Velo, Manuel Caff\u00e8, Kiron, Miche e Newline Logistics.<\/p>\n<p>Per informazioni visitare il sito internet www.silcaultralite.it, telefonare al numero 0438-1918104 (ore ufficio) o scrivere una mail a triathlon@trevisomarathon.com.<\/p>\n<p>&nbsp;<\/p>","protected":false},"excerpt":{"rendered":"<p>Al via dell\u2019evento targato Silca Ultralite Vittorio Veneto anche la campionessa europea Menditto, con la vice Bolzan. Sabato l\u2019Olimpico Cross Triathlon e l\u2019Aquathlon kids, domenica la Sprint Silca Cup Oltre 900 atleti-gara tra sabato 27 e domenica 28 luglio, sul Lago di Santa Croce, in Alpago (BL) per un weekend a tutto triathlon. Il programma [&hellip;]<\/p>\n","protected":false},"author":2,"featured_media":0,"comment_status":"closed","ping_status":"open","sticky":false,"template":"","format":"standard","meta":{"footnotes":""},"categories":[27,26,4],"tags":[],"class_list":["post-106549","post","type-post","status-publish","format-standard","category-appuntamenti","category-prima-pagina","category-sport"],"yoast_head":"<!-- This site is optimized with the Yoast SEO plugin v28.4 - https:\/\/yoast.com\/product\/yoast-seo-wordpress\/ -->\n<title>Alpago Triathlon da record: oltre 900 atleti-gara nel weekend sul lago di Santa Croce (BL) - Bellunopress - Dolomiti<\/title>\n<meta name=\"robots\" content=\"index, follow, max-snippet:-1, max-image-preview:large, max-video-preview:-1\" \/>\n<link rel=\"canonical\" href=\"https:\/\/www.bellunopress.it\/fr\/2019\/07\/24\/alpago-triathlon-da-record-oltre-900-atleti-gara-nel-weekend-sul-lago-di-santa-croce-bl\/\" \/>\n<meta property=\"og:locale\" content=\"fr_FR\" \/>\n<meta property=\"og:type\" content=\"article\" \/>\n<meta property=\"og:title\" content=\"Alpago Triathlon da record: oltre 900 atleti-gara nel weekend sul lago di Santa Croce (BL) - Bellunopress - Dolomiti\" \/>\n<meta property=\"og:description\" content=\"Al via dell\u2019evento targato Silca Ultralite Vittorio Veneto anche la campionessa europea Menditto, con la vice Bolzan. Sabato l\u2019Olimpico Cross Triathlon e l\u2019Aquathlon kids, domenica la Sprint Silca Cup Oltre 900 atleti-gara tra sabato 27 e domenica 28 luglio, sul Lago di Santa Croce, in Alpago (BL) per un weekend a tutto triathlon. Il programma [&hellip;]\" \/>\n<meta property=\"og:url\" content=\"https:\/\/www.bellunopress.it\/fr\/2019\/07\/24\/alpago-triathlon-da-record-oltre-900-atleti-gara-nel-weekend-sul-lago-di-santa-croce-bl\/\" \/>\n<meta property=\"og:site_name\" content=\"Bellunopress - Dolomiti\" \/>\n<meta property=\"article:publisher\" content=\"https:\/\/www.facebook.com\/profile.php?id=100008943462799\" \/>\n<meta property=\"article:published_time\" content=\"2019-07-24T14:47:45+00:00\" \/>\n<meta property=\"article:modified_time\" content=\"2019-07-24T14:47:46+00:00\" \/>\n<meta property=\"og:image\" content=\"http:\/\/www.bellunopress.it\/wp-content\/uploads\/2016\/07\/triathlon-cross-santa-croce-farra-dalpago.jpg\" \/>\n<meta name=\"author\" content=\"redazione\" \/>\n<meta name=\"twitter:card\" content=\"summary_large_image\" \/>\n<meta name=\"twitter:creator\" content=\"@bellunopress\" \/>\n<meta name=\"twitter:site\" content=\"@bellunopress\" \/>\n<meta name=\"twitter:label1\" content=\"\u00c9crit par\" \/>\n\t<meta name=\"twitter:data1\" content=\"redazione\" \/>\n\t<meta name=\"twitter:label2\" content=\"Dur\u00e9e de lecture estim\u00e9e\" \/>\n\t<meta name=\"twitter:data2\" content=\"3 minutes\" \/>\n<script type=\"application\/ld+json\" class=\"yoast-schema-graph\">{\"@context\":\"https:\\\/\\\/schema.org\",\"@graph\":[{\"@type\":\"Article\",\"@id\":\"https:\\\/\\\/www.bellunopress.it\\\/2019\\\/07\\\/24\\\/alpago-triathlon-da-record-oltre-900-atleti-gara-nel-weekend-sul-lago-di-santa-croce-bl\\\/#article\",\"isPartOf\":{\"@id\":\"https:\\\/\\\/www.bellunopress.it\\\/2019\\\/07\\\/24\\\/alpago-triathlon-da-record-oltre-900-atleti-gara-nel-weekend-sul-lago-di-santa-croce-bl\\\/\"},\"author\":{\"name\":\"redazione\",\"@id\":\"https:\\\/\\\/www.bellunopress.it\\\/#\\\/schema\\\/person\\\/79bb06722b37ece1c03d3e94beb30d73\"},\"headline\":\"Alpago Triathlon da record: oltre 900 atleti-gara nel weekend sul lago di Santa Croce (BL)\",\"datePublished\":\"2019-07-24T14:47:45+00:00\",\"dateModified\":\"2019-07-24T14:47:46+00:00\",\"mainEntityOfPage\":{\"@id\":\"https:\\\/\\\/www.bellunopress.it\\\/2019\\\/07\\\/24\\\/alpago-triathlon-da-record-oltre-900-atleti-gara-nel-weekend-sul-lago-di-santa-croce-bl\\\/\"},\"wordCount\":685,\"publisher\":{\"@id\":\"https:\\\/\\\/www.bellunopress.it\\\/#organization\"},\"image\":{\"@id\":\"https:\\\/\\\/www.bellunopress.it\\\/2019\\\/07\\\/24\\\/alpago-triathlon-da-record-oltre-900-atleti-gara-nel-weekend-sul-lago-di-santa-croce-bl\\\/#primaryimage\"},\"thumbnailUrl\":\"http:\\\/\\\/www.bellunopress.it\\\/wp-content\\\/uploads\\\/2016\\\/07\\\/triathlon-cross-santa-croce-farra-dalpago.jpg\",\"articleSection\":[\"Appuntamenti, Eventi\",\"Prima Pagina\",\"Sport, tempo libero\"],\"inLanguage\":\"fr-FR\"},{\"@type\":\"WebPage\",\"@id\":\"https:\\\/\\\/www.bellunopress.it\\\/2019\\\/07\\\/24\\\/alpago-triathlon-da-record-oltre-900-atleti-gara-nel-weekend-sul-lago-di-santa-croce-bl\\\/\",\"url\":\"https:\\\/\\\/www.bellunopress.it\\\/2019\\\/07\\\/24\\\/alpago-triathlon-da-record-oltre-900-atleti-gara-nel-weekend-sul-lago-di-santa-croce-bl\\\/\",\"name\":\"Alpago Triathlon da record: oltre 900 atleti-gara nel weekend sul lago di Santa Croce (BL) - Bellunopress - Dolomiti\",\"isPartOf\":{\"@id\":\"https:\\\/\\\/www.bellunopress.it\\\/#website\"},\"primaryImageOfPage\":{\"@id\":\"https:\\\/\\\/www.bellunopress.it\\\/2019\\\/07\\\/24\\\/alpago-triathlon-da-record-oltre-900-atleti-gara-nel-weekend-sul-lago-di-santa-croce-bl\\\/#primaryimage\"},\"image\":{\"@id\":\"https:\\\/\\\/www.bellunopress.it\\\/2019\\\/07\\\/24\\\/alpago-triathlon-da-record-oltre-900-atleti-gara-nel-weekend-sul-lago-di-santa-croce-bl\\\/#primaryimage\"},\"thumbnailUrl\":\"http:\\\/\\\/www.bellunopress.it\\\/wp-content\\\/uploads\\\/2016\\\/07\\\/triathlon-cross-santa-croce-farra-dalpago.jpg\",\"datePublished\":\"2019-07-24T14:47:45+00:00\",\"dateModified\":\"2019-07-24T14:47:46+00:00\",\"breadcrumb\":{\"@id\":\"https:\\\/\\\/www.bellunopress.it\\\/2019\\\/07\\\/24\\\/alpago-triathlon-da-record-oltre-900-atleti-gara-nel-weekend-sul-lago-di-santa-croce-bl\\\/#breadcrumb\"},\"inLanguage\":\"fr-FR\",\"potentialAction\":[{\"@type\":\"ReadAction\",\"target\":[\"https:\\\/\\\/www.bellunopress.it\\\/2019\\\/07\\\/24\\\/alpago-triathlon-da-record-oltre-900-atleti-gara-nel-weekend-sul-lago-di-santa-croce-bl\\\/\"]}]},{\"@type\":\"ImageObject\",\"inLanguage\":\"fr-FR\",\"@id\":\"https:\\\/\\\/www.bellunopress.it\\\/2019\\\/07\\\/24\\\/alpago-triathlon-da-record-oltre-900-atleti-gara-nel-weekend-sul-lago-di-santa-croce-bl\\\/#primaryimage\",\"url\":\"http:\\\/\\\/www.bellunopress.it\\\/wp-content\\\/uploads\\\/2016\\\/07\\\/triathlon-cross-santa-croce-farra-dalpago.jpg\",\"contentUrl\":\"http:\\\/\\\/www.bellunopress.it\\\/wp-content\\\/uploads\\\/2016\\\/07\\\/triathlon-cross-santa-croce-farra-dalpago.jpg\"},{\"@type\":\"BreadcrumbList\",\"@id\":\"https:\\\/\\\/www.bellunopress.it\\\/2019\\\/07\\\/24\\\/alpago-triathlon-da-record-oltre-900-atleti-gara-nel-weekend-sul-lago-di-santa-croce-bl\\\/#breadcrumb\",\"itemListElement\":[{\"@type\":\"ListItem\",\"position\":1,\"name\":\"Home\",\"item\":\"https:\\\/\\\/www.bellunopress.it\\\/\"},{\"@type\":\"ListItem\",\"position\":2,\"name\":\"Alpago Triathlon da record: oltre 900 atleti-gara nel weekend sul lago di Santa Croce (BL)\"}]},{\"@type\":\"WebSite\",\"@id\":\"https:\\\/\\\/www.bellunopress.it\\\/#website\",\"url\":\"https:\\\/\\\/www.bellunopress.it\\\/\",\"name\":\"Bellunopress - Dolomiti\",\"description\":\"e-mail: redazione@bellunopress.it\",\"publisher\":{\"@id\":\"https:\\\/\\\/www.bellunopress.it\\\/#organization\"},\"potentialAction\":[{\"@type\":\"SearchAction\",\"target\":{\"@type\":\"EntryPoint\",\"urlTemplate\":\"https:\\\/\\\/www.bellunopress.it\\\/?s={search_term_string}\"},\"query-input\":{\"@type\":\"PropertyValueSpecification\",\"valueRequired\":true,\"valueName\":\"search_term_string\"}}],\"inLanguage\":\"fr-FR\"},{\"@type\":\"Organization\",\"@id\":\"https:\\\/\\\/www.bellunopress.it\\\/#organization\",\"name\":\"Bellunopress\",\"url\":\"https:\\\/\\\/www.bellunopress.it\\\/\",\"logo\":{\"@type\":\"ImageObject\",\"inLanguage\":\"fr-FR\",\"@id\":\"https:\\\/\\\/www.bellunopress.it\\\/#\\\/schema\\\/logo\\\/image\\\/\",\"url\":\"https:\\\/\\\/www.bellunopress.it\\\/wp-content\\\/uploads\\\/2011\\\/05\\\/cropped-logo-bellunopress-.jpg\",\"contentUrl\":\"https:\\\/\\\/www.bellunopress.it\\\/wp-content\\\/uploads\\\/2011\\\/05\\\/cropped-logo-bellunopress-.jpg\",\"width\":512,\"height\":512,\"caption\":\"Bellunopress\"},\"image\":{\"@id\":\"https:\\\/\\\/www.bellunopress.it\\\/#\\\/schema\\\/logo\\\/image\\\/\"},\"sameAs\":[\"https:\\\/\\\/www.facebook.com\\\/profile.php?id=100008943462799\",\"https:\\\/\\\/x.com\\\/bellunopress\",\"https:\\\/\\\/www.linkedin.com\\\/hp\\\/?dnr=JBzUWaJfMUw8vbXJJ2tVW5-I3jZKvC4wsoxE&amp;amp;amp;amp;amp;amp;trk=nav_responsive_tab_home\",\"https:\\\/\\\/www.youtube.com\\\/channel\\\/UCxL0wu1uN0_3_7hGG0306cw\"]},{\"@type\":\"Person\",\"@id\":\"https:\\\/\\\/www.bellunopress.it\\\/#\\\/schema\\\/person\\\/79bb06722b37ece1c03d3e94beb30d73\",\"name\":\"redazione\",\"image\":{\"@type\":\"ImageObject\",\"inLanguage\":\"fr-FR\",\"@id\":\"https:\\\/\\\/secure.gravatar.com\\\/avatar\\\/37d968a2e67a6fd04c169c4bdef102d0bc5d31b2546345219e348575eb80e9a0?s=96&d=mm&r=g\",\"url\":\"https:\\\/\\\/secure.gravatar.com\\\/avatar\\\/37d968a2e67a6fd04c169c4bdef102d0bc5d31b2546345219e348575eb80e9a0?s=96&d=mm&r=g\",\"contentUrl\":\"https:\\\/\\\/secure.gravatar.com\\\/avatar\\\/37d968a2e67a6fd04c169c4bdef102d0bc5d31b2546345219e348575eb80e9a0?s=96&d=mm&r=g\",\"caption\":\"redazione\"},\"sameAs\":[\"http:\\\/\\\/www.bellunopress.it\",\"https:\\\/\\\/x.com\\\/bellunopress\"],\"url\":\"https:\\\/\\\/www.bellunopress.it\\\/fr\\\/author\\\/redazione\\\/\"}]}<\/script>\n<!-- \/ Yoast SEO plugin. -->","yoast_head_json":{"title":"Alpago Triathlon da record: oltre 900 atleti-gara nel weekend sul lago di Santa Croce (BL) - Bellunopress - Dolomiti","robots":{"index":"index","follow":"follow","max-snippet":"max-snippet:-1","max-image-preview":"max-image-preview:large","max-video-preview":"max-video-preview:-1"},"canonical":"https:\/\/www.bellunopress.it\/fr\/2019\/07\/24\/alpago-triathlon-da-record-oltre-900-atleti-gara-nel-weekend-sul-lago-di-santa-croce-bl\/","og_locale":"fr_FR","og_type":"article","og_title":"Alpago Triathlon da record: oltre 900 atleti-gara nel weekend sul lago di Santa Croce (BL) - Bellunopress - Dolomiti","og_description":"Al via dell\u2019evento targato Silca Ultralite Vittorio Veneto anche la campionessa europea Menditto, con la vice Bolzan. Sabato l\u2019Olimpico Cross Triathlon e l\u2019Aquathlon kids, domenica la Sprint Silca Cup Oltre 900 atleti-gara tra sabato 27 e domenica 28 luglio, sul Lago di Santa Croce, in Alpago (BL) per un weekend a tutto triathlon. Il programma [&hellip;]","og_url":"https:\/\/www.bellunopress.it\/fr\/2019\/07\/24\/alpago-triathlon-da-record-oltre-900-atleti-gara-nel-weekend-sul-lago-di-santa-croce-bl\/","og_site_name":"Bellunopress - Dolomiti","article_publisher":"https:\/\/www.facebook.com\/profile.php?id=100008943462799","article_published_time":"2019-07-24T14:47:45+00:00","article_modified_time":"2019-07-24T14:47:46+00:00","og_image":[{"url":"http:\/\/www.bellunopress.it\/wp-content\/uploads\/2016\/07\/triathlon-cross-santa-croce-farra-dalpago.jpg","type":"","width":"","height":""}],"author":"redazione","twitter_card":"summary_large_image","twitter_creator":"@bellunopress","twitter_site":"@bellunopress","twitter_misc":{"\u00c9crit par":"redazione","Dur\u00e9e de lecture estim\u00e9e":"3 minutes"},"schema":{"@context":"https:\/\/schema.org","@graph":[{"@type":"Article","@id":"https:\/\/www.bellunopress.it\/2019\/07\/24\/alpago-triathlon-da-record-oltre-900-atleti-gara-nel-weekend-sul-lago-di-santa-croce-bl\/#article","isPartOf":{"@id":"https:\/\/www.bellunopress.it\/2019\/07\/24\/alpago-triathlon-da-record-oltre-900-atleti-gara-nel-weekend-sul-lago-di-santa-croce-bl\/"},"author":{"name":"redazione","@id":"https:\/\/www.bellunopress.it\/#\/schema\/person\/79bb06722b37ece1c03d3e94beb30d73"},"headline":"Alpago Triathlon da record: oltre 900 atleti-gara nel weekend sul lago di Santa Croce (BL)","datePublished":"2019-07-24T14:47:45+00:00","dateModified":"2019-07-24T14:47:46+00:00","mainEntityOfPage":{"@id":"https:\/\/www.bellunopress.it\/2019\/07\/24\/alpago-triathlon-da-record-oltre-900-atleti-gara-nel-weekend-sul-lago-di-santa-croce-bl\/"},"wordCount":685,"publisher":{"@id":"https:\/\/www.bellunopress.it\/#organization"},"image":{"@id":"https:\/\/www.bellunopress.it\/2019\/07\/24\/alpago-triathlon-da-record-oltre-900-atleti-gara-nel-weekend-sul-lago-di-santa-croce-bl\/#primaryimage"},"thumbnailUrl":"http:\/\/www.bellunopress.it\/wp-content\/uploads\/2016\/07\/triathlon-cross-santa-croce-farra-dalpago.jpg","articleSection":["Appuntamenti, Eventi","Prima Pagina","Sport, tempo libero"],"inLanguage":"fr-FR"},{"@type":"WebPage","@id":"https:\/\/www.bellunopress.it\/2019\/07\/24\/alpago-triathlon-da-record-oltre-900-atleti-gara-nel-weekend-sul-lago-di-santa-croce-bl\/","url":"https:\/\/www.bellunopress.it\/2019\/07\/24\/alpago-triathlon-da-record-oltre-900-atleti-gara-nel-weekend-sul-lago-di-santa-croce-bl\/","name":"Alpago Triathlon da record: oltre 900 atleti-gara nel weekend sul lago di Santa Croce (BL) - Bellunopress - Dolomiti","isPartOf":{"@id":"https:\/\/www.bellunopress.it\/#website"},"primaryImageOfPage":{"@id":"https:\/\/www.bellunopress.it\/2019\/07\/24\/alpago-triathlon-da-record-oltre-900-atleti-gara-nel-weekend-sul-lago-di-santa-croce-bl\/#primaryimage"},"image":{"@id":"https:\/\/www.bellunopress.it\/2019\/07\/24\/alpago-triathlon-da-record-oltre-900-atleti-gara-nel-weekend-sul-lago-di-santa-croce-bl\/#primaryimage"},"thumbnailUrl":"http:\/\/www.bellunopress.it\/wp-content\/uploads\/2016\/07\/triathlon-cross-santa-croce-farra-dalpago.jpg","datePublished":"2019-07-24T14:47:45+00:00","dateModified":"2019-07-24T14:47:46+00:00","breadcrumb":{"@id":"https:\/\/www.bellunopress.it\/2019\/07\/24\/alpago-triathlon-da-record-oltre-900-atleti-gara-nel-weekend-sul-lago-di-santa-croce-bl\/#breadcrumb"},"inLanguage":"fr-FR","potentialAction":[{"@type":"ReadAction","target":["https:\/\/www.bellunopress.it\/2019\/07\/24\/alpago-triathlon-da-record-oltre-900-atleti-gara-nel-weekend-sul-lago-di-santa-croce-bl\/"]}]},{"@type":"ImageObject","inLanguage":"fr-FR","@id":"https:\/\/www.bellunopress.it\/2019\/07\/24\/alpago-triathlon-da-record-oltre-900-atleti-gara-nel-weekend-sul-lago-di-santa-croce-bl\/#primaryimage","url":"http:\/\/www.bellunopress.it\/wp-content\/uploads\/2016\/07\/triathlon-cross-santa-croce-farra-dalpago.jpg","contentUrl":"http:\/\/www.bellunopress.it\/wp-content\/uploads\/2016\/07\/triathlon-cross-santa-croce-farra-dalpago.jpg"},{"@type":"BreadcrumbList","@id":"https:\/\/www.bellunopress.it\/2019\/07\/24\/alpago-triathlon-da-record-oltre-900-atleti-gara-nel-weekend-sul-lago-di-santa-croce-bl\/#breadcrumb","itemListElement":[{"@type":"ListItem","position":1,"name":"Home","item":"https:\/\/www.bellunopress.it\/"},{"@type":"ListItem","position":2,"name":"Alpago Triathlon da record: oltre 900 atleti-gara nel weekend sul lago di Santa Croce (BL)"}]},{"@type":"WebSite","@id":"https:\/\/www.bellunopress.it\/#website","url":"https:\/\/www.bellunopress.it\/","name":"Bellunopress - Dolomiti","description":"e-mail: redazione@bellunopress.it","publisher":{"@id":"https:\/\/www.bellunopress.it\/#organization"},"potentialAction":[{"@type":"SearchAction","target":{"@type":"EntryPoint","urlTemplate":"https:\/\/www.bellunopress.it\/?s={search_term_string}"},"query-input":{"@type":"PropertyValueSpecification","valueRequired":true,"valueName":"search_term_string"}}],"inLanguage":"fr-FR"},{"@type":"Organization","@id":"https:\/\/www.bellunopress.it\/#organization","name":"Bellunopress","url":"https:\/\/www.bellunopress.it\/","logo":{"@type":"ImageObject","inLanguage":"fr-FR","@id":"https:\/\/www.bellunopress.it\/#\/schema\/logo\/image\/","url":"https:\/\/www.bellunopress.it\/wp-content\/uploads\/2011\/05\/cropped-logo-bellunopress-.jpg","contentUrl":"https:\/\/www.bellunopress.it\/wp-content\/uploads\/2011\/05\/cropped-logo-bellunopress-.jpg","width":512,"height":512,"caption":"Bellunopress"},"image":{"@id":"https:\/\/www.bellunopress.it\/#\/schema\/logo\/image\/"},"sameAs":["https:\/\/www.facebook.com\/profile.php?id=100008943462799","https:\/\/x.com\/bellunopress","https:\/\/www.linkedin.com\/hp\/?dnr=JBzUWaJfMUw8vbXJJ2tVW5-I3jZKvC4wsoxE&amp;amp;amp;amp;amp;amp;trk=nav_responsive_tab_home","https:\/\/www.youtube.com\/channel\/UCxL0wu1uN0_3_7hGG0306cw"]},{"@type":"Person","@id":"https:\/\/www.bellunopress.it\/#\/schema\/person\/79bb06722b37ece1c03d3e94beb30d73","name":"r\u00e9daction","image":{"@type":"ImageObject","inLanguage":"fr-FR","@id":"https:\/\/secure.gravatar.com\/avatar\/37d968a2e67a6fd04c169c4bdef102d0bc5d31b2546345219e348575eb80e9a0?s=96&d=mm&r=g","url":"https:\/\/secure.gravatar.com\/avatar\/37d968a2e67a6fd04c169c4bdef102d0bc5d31b2546345219e348575eb80e9a0?s=96&d=mm&r=g","contentUrl":"https:\/\/secure.gravatar.com\/avatar\/37d968a2e67a6fd04c169c4bdef102d0bc5d31b2546345219e348575eb80e9a0?s=96&d=mm&r=g","caption":"redazione"},"sameAs":["http:\/\/www.bellunopress.it","https:\/\/x.com\/bellunopress"],"url":"https:\/\/www.bellunopress.it\/fr\/author\/redazione\/"}]}},"_links":{"self":[{"href":"https:\/\/www.bellunopress.it\/fr\/wp-json\/wp\/v2\/posts\/106549","targetHints":{"allow":["GET"]}}],"collection":[{"href":"https:\/\/www.bellunopress.it\/fr\/wp-json\/wp\/v2\/posts"}],"about":[{"href":"https:\/\/www.bellunopress.it\/fr\/wp-json\/wp\/v2\/types\/post"}],"author":[{"embeddable":true,"href":"https:\/\/www.bellunopress.it\/fr\/wp-json\/wp\/v2\/users\/2"}],"replies":[{"embeddable":true,"href":"https:\/\/www.bellunopress.it\/fr\/wp-json\/wp\/v2\/comments?post=106549"}],"version-history":[{"count":2,"href":"https:\/\/www.bellunopress.it\/fr\/wp-json\/wp\/v2\/posts\/106549\/revisions"}],"predecessor-version":[{"id":106552,"href":"https:\/\/www.bellunopress.it\/fr\/wp-json\/wp\/v2\/posts\/106549\/revisions\/106552"}],"wp:attachment":[{"href":"https:\/\/www.bellunopress.it\/fr\/wp-json\/wp\/v2\/media?parent=106549"}],"wp:term":[{"taxonomy":"category","embeddable":true,"href":"https:\/\/www.bellunopress.it\/fr\/wp-json\/wp\/v2\/categories?post=106549"},{"taxonomy":"post_tag","embeddable":true,"href":"https:\/\/www.bellunopress.it\/fr\/wp-json\/wp\/v2\/tags?post=106549"}],"curies":[{"name":"wp","href":"https:\/\/api.w.org\/{rel}","templated":true}]}}