{"id":106543,"date":"2019-07-24T16:31:18","date_gmt":"2019-07-24T14:31:18","guid":{"rendered":"http:\/\/www.bellunopress.it\/?p=106543"},"modified":"2019-07-26T14:55:52","modified_gmt":"2019-07-26T12:55:52","slug":"lago-film-festival-di-revine-lago-il-programma-di-giovedi-25-luglio","status":"publish","type":"post","link":"https:\/\/www.bellunopress.it\/fr\/2019\/07\/24\/lago-film-festival-di-revine-lago-il-programma-di-giovedi-25-luglio\/","title":{"rendered":"Lago film festival di Revine Lago. Il programma di gioved\u00ec 25 luglio"},"content":{"rendered":"<p>\u201cSe il suono \u00e8 un mezzo e infinite sono le sue forme, L.O.S.T. \u00e8 a caccia di quelle pi\u00f9 improbabili\u201d.<br \/>\n<a href=\"http:\/\/www.bellunopress.it\/fr\/2019\/07\/24\/lago-film-festival-di-revine-lago-il-programma-di-giovedi-25-luglio\/lago-film-festival-revine\/\" rel=\"attachment wp-att-106560\"><img loading=\"lazy\" decoding=\"async\" class=\"alignleft size-full wp-image-106560\" src=\"http:\/\/www.bellunopress.it\/wp-content\/uploads\/2019\/07\/Lago-Film-Festival-Revine.jpg\" alt=\"\" width=\"300\" height=\"199\" \/><\/a>Inizia gioved\u00ec 25 luglio, alle ore 15.00 la masterclass TUNING IMAGES MASTERCLASS: TRA COLONNA SONORA E SOUND DESIGN. Saranno due giorni di immersione nell\u2019universo sonoro cinematografico, per comprendere la poetica della narrazione sonora e le fasi in cui si realizza. A illuminarci con il loro sapere ed esperienza saranno Federico Savina, Nicola Tescari, Max Viale, Stefano Lentini e Lorenzo Tomio.<\/p>\n<p><strong>La programmazione:<\/strong><br \/>\nGioved\u00ec 25 luglio, dalle 15:00 alle 18:30 &#8211; Padiglione Livelet Federico Savina: \u201cI nuovi Compositori di Musica per Film\u201d.<br \/>\nNicola Tescari: \u201cColorare una scena: Musica per l\u2019immagine\u201d.<br \/>\nMax Viale: \u201cIl ritmo del batter d\u2019occhi: relazioni tra compositore\/regista\/montatore nelle sequenze filmiche musicate\u201d.<br \/>\nVenerd\u00ec 26 luglio, dalle 15:00 alle 18:30 &#8211; Padiglione Livelet<br \/>\nStefano Lentini: \u201cAntropologia della Colonna Sonora\u201d .<br \/>\nLorenzo Tomio: \u201cVoci fuori dal coro\u201d.<br \/>\nLa masterclass fa parte del pi\u00f9 ampio L.O.S.T., Lago Original Soundtrack, macroprogetto che offre al pubblico l\u2019opportunit\u00e0 di approfondire la sinergia tra musica e cinema.<br \/>\nIn un contesto pi\u00f9 che mai arricchito di performance, concerti e sonorizzazioni live, una giuria inedita, composta da Federico Savina (presidente di giuria), Johann Merrich, Stefano Lentini, Nicola Tescari, Sara Loreni, Max Viale, Lorenzo Tomio e Giulio Ragno Favaro, avr\u00e0 il<br \/>\ncompito di premiare il cortometraggio con miglior colonna sonora e miglior sound design tra quelli proposti nella sezione Nazionale.<br \/>\nA completare l\u2019esperienza di Tuning Images, tutta la giuria di L.O.S.T. sar\u00e0 protagonista de LA COLONNA SONORA TRA TRADIZIONE E NUOVE TECNOLOGIE incontro aperto al pubblico moderato da Michele Borsoi, professore di musica.<br \/>\nL\u2019incontro \u00e8 previsto il 25 luglio presso il Vicolo Arco alle ore 21.00.<br \/>\nAlla sera, ore 22.00 presso la riva del lago di Lago, \u00e8 previsto il talk nel quale verr\u00e0 presentata la giuria della sezione Veneto, composta quest\u2019anno da attrici di teatro e cinema originarie della regione del Veneto:<\/p>\n<p><a href=\"http:\/\/www.bellunopress.it\/fr\/2013\/02\/23\/sceglila-tu-la-nuova-immagine-del-lago-film-fest\/lago-film-fest\/\" rel=\"attachment wp-att-47030\"><img loading=\"lazy\" decoding=\"async\" class=\"alignleft size-full wp-image-47030\" src=\"http:\/\/www.bellunopress.it\/wp-content\/uploads\/2013\/02\/lago-film-fest.jpg\" alt=\"\" width=\"160\" height=\"152\" \/><\/a>ROBERTA DA SOLLER<br \/>\nRoberta Da Soller \u00e8 attrice, performer e attivista. Dal 2008 \u00e8 parte di S.a.L.E. Docks, uno spazio e un collettivo basati sulla relazione fra arte e attivismo. Nel 2011 e nel 2015 \u00e8 stata performer alla Biennale di Venezia per le artiste Dora Garc\u00eda e Mabel Palac\u00edn. Tra 2012 e 2019 \u00e8 attrice in diversi film e serie tv (Piccola Patria, La sedia della felicit\u00e0, Il miracolo, Effetto Domino).Vanta inoltre collaborazioni con lo IUAV di Venezia e la Centrale Fies art<br \/>\nwork space.<\/p>\n<p>ANGELICA LEO<br \/>\nSi diploma alla Scuola di Teatro di Bologna nel 2006.<br \/>\nIn seguito lavora con vari teatri tra cui il Teatro dell\u2019Elfo a Milano, l\u2019Arena del Sole a Bologna, il CSS a Udine, il Teatro Stabile di Bolzano.<br \/>\nHa inoltre lavorato con Fausto Paravidino e con Claudio Tolcachir.<br \/>\nNel cinema \u00e8 stata protagonista femminile di Come Dio Comanda di Gabriele Salvatores ed uno dei personaggi principali della terza serie di Boris.<\/p>\n<p>MARIA ROVERAN<br \/>\nInterprete di cinema e teatro, cantautrice e cantante, Maria Roveran esordisce come protagonista del film \u201cPiccola Patria\u201d (70^ Mostra del Cinema di Venezia). Ne \u201cLa Foresta di Ghiaccio\u201d, (9^ Mostra del Cinema di Roma), recita al fianco di Emir Kusturica, Ksenia Rappoport e Adriano Giannini. E\u2019 protagonista in \u201cQuesti Giorni\u201d (73^ Mostra del Cinema di<br \/>\nVenezia) e \u201cResina\u201d. Nel 2016 recita ne \u201cL\u2019Opera da Tre Soldi\u201d (Brecht), diretta da Damiano Michieletto presso il Teatro Strehler di Milano.<\/p>\n<p>ANNA TRINGALI<br \/>\nAttrice proveniente dalla Scuola del Teatro Stabile del Veneto, si perfeziona presso la Scuola d\u2019Arte Drammatica \u201cPaolo Grassi\u201d di Milano. Nel 2009, assieme a Giorgio Sangati e Giacomo Rossetto, fonda il Teatro Bresci. Nel 2012 con il monologo Arbeit \u00e8 vincitrice al Premio OFF del Teatro Stabile del Veneto diretto da Alessandro Gassmann. Partecipa inoltre alla produzione Le Baruffe Chiozzotte, che la impegna in una tourn\u00e9e nazionale ed<br \/>\ninternazionale.<\/p>\n<p>Per quanto riguarda la programmazione dedicata ai pi\u00f9 piccoli, replicano alle ore 21.00 presso il Vicolo Sasso le proiezioni del FOCUS KAOHSIUNG FILM FESTIVAL, la selezione di film per bambini, in arrivo da uno dei pi\u00f9 importanti festival di Taiwan.<br \/>\nIl solito appuntamento musicale della serata, Lago Live Music, prevede invece la presenza di Patrizia Oliva e Eeviac e Johann Merrich che per l\u2019occasione propongono il loro nuovo progetto: L\u2019Impero della luce.<\/p>\n<p>PATRIZIA OLIVA<br \/>\nore 22:00, GENERE electroacustic music<br \/>\nPatrizia Oliva \u00e8 una cantante, autrice, improvvisatrice di musica di ricerca che attraversa l\u2019elettronica, l\u2019elettroacustica, il free jazz e la performing arts.<br \/>\nLa sua ricerca \u00e8 volta a una ridefinizione della cantante solista contemporanea.<\/p>\n<p>L\u2019IMPERO DELLA LUCE (EEVIAC, JOHANN MERRICH)<br \/>\nore 23:00, GENERE electromagnetic music L&#8217;Impero della Luce \u00e8 un&#8217;unit\u00e0 di ricerca sonora; realizza concerti attraverso l&#8217;impiego di bobine a induzione elettromagnetica capaci di amplificare e rivelare il rumoroso e silente<br \/>\npaesaggio sonoro che, seppur ignorato dalla sensibilit\u00e0 dell&#8217;orecchio umano, oscilla attorno a noi ogni giorno. I suoni di neon, lampade, alimentatori elettrici, radio, televisioni, bobine di Tesla ecc. sono organizzati e composti dal duo in tempo reale per svelare l&#8217;inedito fascino della voce delle tecnologie elettriche ed elettroniche.<\/p>","protected":false},"excerpt":{"rendered":"<p>\u201cSe il suono \u00e8 un mezzo e infinite sono le sue forme, L.O.S.T. \u00e8 a caccia di quelle pi\u00f9 improbabili\u201d. Inizia gioved\u00ec 25 luglio, alle ore 15.00 la masterclass TUNING IMAGES MASTERCLASS: TRA COLONNA SONORA E SOUND DESIGN. Saranno due giorni di immersione nell\u2019universo sonoro cinematografico, per comprendere la poetica della narrazione sonora e le [&hellip;]<\/p>\n","protected":false},"author":2,"featured_media":0,"comment_status":"closed","ping_status":"open","sticky":false,"template":"","format":"standard","meta":{"footnotes":""},"categories":[27,3,3394],"tags":[],"class_list":["post-106543","post","type-post","status-publish","format-standard","category-appuntamenti","category-arte-cultura-spettacoli-scienza-archivi","category-cultura-e-spettacoli-fuori-provincia"],"yoast_head":"<!-- This site is optimized with the Yoast SEO plugin v28.4 - https:\/\/yoast.com\/product\/yoast-seo-wordpress\/ -->\n<title>Lago film festival di Revine Lago. Il programma di gioved\u00ec 25 luglio - Bellunopress - Dolomiti<\/title>\n<meta name=\"robots\" content=\"index, follow, max-snippet:-1, max-image-preview:large, max-video-preview:-1\" \/>\n<link rel=\"canonical\" href=\"https:\/\/www.bellunopress.it\/fr\/2019\/07\/24\/lago-film-festival-di-revine-lago-il-programma-di-giovedi-25-luglio\/\" \/>\n<meta property=\"og:locale\" content=\"fr_FR\" \/>\n<meta property=\"og:type\" content=\"article\" \/>\n<meta property=\"og:title\" content=\"Lago film festival di Revine Lago. Il programma di gioved\u00ec 25 luglio - Bellunopress - Dolomiti\" \/>\n<meta property=\"og:description\" content=\"\u201cSe il suono \u00e8 un mezzo e infinite sono le sue forme, L.O.S.T. \u00e8 a caccia di quelle pi\u00f9 improbabili\u201d. Inizia gioved\u00ec 25 luglio, alle ore 15.00 la masterclass TUNING IMAGES MASTERCLASS: TRA COLONNA SONORA E SOUND DESIGN. Saranno due giorni di immersione nell\u2019universo sonoro cinematografico, per comprendere la poetica della narrazione sonora e le [&hellip;]\" \/>\n<meta property=\"og:url\" content=\"https:\/\/www.bellunopress.it\/fr\/2019\/07\/24\/lago-film-festival-di-revine-lago-il-programma-di-giovedi-25-luglio\/\" \/>\n<meta property=\"og:site_name\" content=\"Bellunopress - Dolomiti\" \/>\n<meta property=\"article:publisher\" content=\"https:\/\/www.facebook.com\/profile.php?id=100008943462799\" \/>\n<meta property=\"article:published_time\" content=\"2019-07-24T14:31:18+00:00\" \/>\n<meta property=\"article:modified_time\" content=\"2019-07-26T12:55:52+00:00\" \/>\n<meta property=\"og:image\" content=\"http:\/\/www.bellunopress.it\/wp-content\/uploads\/2019\/07\/Lago-Film-Festival-Revine.jpg\" \/>\n<meta name=\"author\" content=\"redazione\" \/>\n<meta name=\"twitter:card\" content=\"summary_large_image\" \/>\n<meta name=\"twitter:creator\" content=\"@bellunopress\" \/>\n<meta name=\"twitter:site\" content=\"@bellunopress\" \/>\n<meta name=\"twitter:label1\" content=\"\u00c9crit par\" \/>\n\t<meta name=\"twitter:data1\" content=\"redazione\" \/>\n\t<meta name=\"twitter:label2\" content=\"Dur\u00e9e de lecture estim\u00e9e\" \/>\n\t<meta name=\"twitter:data2\" content=\"4 minutes\" \/>\n<script type=\"application\/ld+json\" class=\"yoast-schema-graph\">{\"@context\":\"https:\\\/\\\/schema.org\",\"@graph\":[{\"@type\":\"Article\",\"@id\":\"https:\\\/\\\/www.bellunopress.it\\\/2019\\\/07\\\/24\\\/lago-film-festival-di-revine-lago-il-programma-di-giovedi-25-luglio\\\/#article\",\"isPartOf\":{\"@id\":\"https:\\\/\\\/www.bellunopress.it\\\/2019\\\/07\\\/24\\\/lago-film-festival-di-revine-lago-il-programma-di-giovedi-25-luglio\\\/\"},\"author\":{\"name\":\"redazione\",\"@id\":\"https:\\\/\\\/www.bellunopress.it\\\/#\\\/schema\\\/person\\\/79bb06722b37ece1c03d3e94beb30d73\"},\"headline\":\"Lago film festival di Revine Lago. Il programma di gioved\u00ec 25 luglio\",\"datePublished\":\"2019-07-24T14:31:18+00:00\",\"dateModified\":\"2019-07-26T12:55:52+00:00\",\"mainEntityOfPage\":{\"@id\":\"https:\\\/\\\/www.bellunopress.it\\\/2019\\\/07\\\/24\\\/lago-film-festival-di-revine-lago-il-programma-di-giovedi-25-luglio\\\/\"},\"wordCount\":830,\"publisher\":{\"@id\":\"https:\\\/\\\/www.bellunopress.it\\\/#organization\"},\"image\":{\"@id\":\"https:\\\/\\\/www.bellunopress.it\\\/2019\\\/07\\\/24\\\/lago-film-festival-di-revine-lago-il-programma-di-giovedi-25-luglio\\\/#primaryimage\"},\"thumbnailUrl\":\"http:\\\/\\\/www.bellunopress.it\\\/wp-content\\\/uploads\\\/2019\\\/07\\\/Lago-Film-Festival-Revine.jpg\",\"articleSection\":[\"Appuntamenti, Eventi\",\"Arte, Cultura, Spettacoli, Scienza\",\"Cultura e spettacoli, tempo libero, benessere, fuori provincia\"],\"inLanguage\":\"fr-FR\"},{\"@type\":\"WebPage\",\"@id\":\"https:\\\/\\\/www.bellunopress.it\\\/2019\\\/07\\\/24\\\/lago-film-festival-di-revine-lago-il-programma-di-giovedi-25-luglio\\\/\",\"url\":\"https:\\\/\\\/www.bellunopress.it\\\/2019\\\/07\\\/24\\\/lago-film-festival-di-revine-lago-il-programma-di-giovedi-25-luglio\\\/\",\"name\":\"Lago film festival di Revine Lago. Il programma di gioved\u00ec 25 luglio - Bellunopress - Dolomiti\",\"isPartOf\":{\"@id\":\"https:\\\/\\\/www.bellunopress.it\\\/#website\"},\"primaryImageOfPage\":{\"@id\":\"https:\\\/\\\/www.bellunopress.it\\\/2019\\\/07\\\/24\\\/lago-film-festival-di-revine-lago-il-programma-di-giovedi-25-luglio\\\/#primaryimage\"},\"image\":{\"@id\":\"https:\\\/\\\/www.bellunopress.it\\\/2019\\\/07\\\/24\\\/lago-film-festival-di-revine-lago-il-programma-di-giovedi-25-luglio\\\/#primaryimage\"},\"thumbnailUrl\":\"http:\\\/\\\/www.bellunopress.it\\\/wp-content\\\/uploads\\\/2019\\\/07\\\/Lago-Film-Festival-Revine.jpg\",\"datePublished\":\"2019-07-24T14:31:18+00:00\",\"dateModified\":\"2019-07-26T12:55:52+00:00\",\"breadcrumb\":{\"@id\":\"https:\\\/\\\/www.bellunopress.it\\\/2019\\\/07\\\/24\\\/lago-film-festival-di-revine-lago-il-programma-di-giovedi-25-luglio\\\/#breadcrumb\"},\"inLanguage\":\"fr-FR\",\"potentialAction\":[{\"@type\":\"ReadAction\",\"target\":[\"https:\\\/\\\/www.bellunopress.it\\\/2019\\\/07\\\/24\\\/lago-film-festival-di-revine-lago-il-programma-di-giovedi-25-luglio\\\/\"]}]},{\"@type\":\"ImageObject\",\"inLanguage\":\"fr-FR\",\"@id\":\"https:\\\/\\\/www.bellunopress.it\\\/2019\\\/07\\\/24\\\/lago-film-festival-di-revine-lago-il-programma-di-giovedi-25-luglio\\\/#primaryimage\",\"url\":\"http:\\\/\\\/www.bellunopress.it\\\/wp-content\\\/uploads\\\/2019\\\/07\\\/Lago-Film-Festival-Revine.jpg\",\"contentUrl\":\"http:\\\/\\\/www.bellunopress.it\\\/wp-content\\\/uploads\\\/2019\\\/07\\\/Lago-Film-Festival-Revine.jpg\"},{\"@type\":\"BreadcrumbList\",\"@id\":\"https:\\\/\\\/www.bellunopress.it\\\/2019\\\/07\\\/24\\\/lago-film-festival-di-revine-lago-il-programma-di-giovedi-25-luglio\\\/#breadcrumb\",\"itemListElement\":[{\"@type\":\"ListItem\",\"position\":1,\"name\":\"Home\",\"item\":\"https:\\\/\\\/www.bellunopress.it\\\/\"},{\"@type\":\"ListItem\",\"position\":2,\"name\":\"Lago film festival di Revine Lago. Il programma di gioved\u00ec 25 luglio\"}]},{\"@type\":\"WebSite\",\"@id\":\"https:\\\/\\\/www.bellunopress.it\\\/#website\",\"url\":\"https:\\\/\\\/www.bellunopress.it\\\/\",\"name\":\"Bellunopress - Dolomiti\",\"description\":\"e-mail: redazione@bellunopress.it\",\"publisher\":{\"@id\":\"https:\\\/\\\/www.bellunopress.it\\\/#organization\"},\"potentialAction\":[{\"@type\":\"SearchAction\",\"target\":{\"@type\":\"EntryPoint\",\"urlTemplate\":\"https:\\\/\\\/www.bellunopress.it\\\/?s={search_term_string}\"},\"query-input\":{\"@type\":\"PropertyValueSpecification\",\"valueRequired\":true,\"valueName\":\"search_term_string\"}}],\"inLanguage\":\"fr-FR\"},{\"@type\":\"Organization\",\"@id\":\"https:\\\/\\\/www.bellunopress.it\\\/#organization\",\"name\":\"Bellunopress\",\"url\":\"https:\\\/\\\/www.bellunopress.it\\\/\",\"logo\":{\"@type\":\"ImageObject\",\"inLanguage\":\"fr-FR\",\"@id\":\"https:\\\/\\\/www.bellunopress.it\\\/#\\\/schema\\\/logo\\\/image\\\/\",\"url\":\"https:\\\/\\\/www.bellunopress.it\\\/wp-content\\\/uploads\\\/2011\\\/05\\\/cropped-logo-bellunopress-.jpg\",\"contentUrl\":\"https:\\\/\\\/www.bellunopress.it\\\/wp-content\\\/uploads\\\/2011\\\/05\\\/cropped-logo-bellunopress-.jpg\",\"width\":512,\"height\":512,\"caption\":\"Bellunopress\"},\"image\":{\"@id\":\"https:\\\/\\\/www.bellunopress.it\\\/#\\\/schema\\\/logo\\\/image\\\/\"},\"sameAs\":[\"https:\\\/\\\/www.facebook.com\\\/profile.php?id=100008943462799\",\"https:\\\/\\\/x.com\\\/bellunopress\",\"https:\\\/\\\/www.linkedin.com\\\/hp\\\/?dnr=JBzUWaJfMUw8vbXJJ2tVW5-I3jZKvC4wsoxE&amp;amp;amp;amp;amp;amp;trk=nav_responsive_tab_home\",\"https:\\\/\\\/www.youtube.com\\\/channel\\\/UCxL0wu1uN0_3_7hGG0306cw\"]},{\"@type\":\"Person\",\"@id\":\"https:\\\/\\\/www.bellunopress.it\\\/#\\\/schema\\\/person\\\/79bb06722b37ece1c03d3e94beb30d73\",\"name\":\"redazione\",\"image\":{\"@type\":\"ImageObject\",\"inLanguage\":\"fr-FR\",\"@id\":\"https:\\\/\\\/secure.gravatar.com\\\/avatar\\\/37d968a2e67a6fd04c169c4bdef102d0bc5d31b2546345219e348575eb80e9a0?s=96&d=mm&r=g\",\"url\":\"https:\\\/\\\/secure.gravatar.com\\\/avatar\\\/37d968a2e67a6fd04c169c4bdef102d0bc5d31b2546345219e348575eb80e9a0?s=96&d=mm&r=g\",\"contentUrl\":\"https:\\\/\\\/secure.gravatar.com\\\/avatar\\\/37d968a2e67a6fd04c169c4bdef102d0bc5d31b2546345219e348575eb80e9a0?s=96&d=mm&r=g\",\"caption\":\"redazione\"},\"sameAs\":[\"http:\\\/\\\/www.bellunopress.it\",\"https:\\\/\\\/x.com\\\/bellunopress\"],\"url\":\"https:\\\/\\\/www.bellunopress.it\\\/fr\\\/author\\\/redazione\\\/\"}]}<\/script>\n<!-- \/ Yoast SEO plugin. -->","yoast_head_json":{"title":"Lago film festival di Revine Lago. Il programma di gioved\u00ec 25 luglio - Bellunopress - Dolomiti","robots":{"index":"index","follow":"follow","max-snippet":"max-snippet:-1","max-image-preview":"max-image-preview:large","max-video-preview":"max-video-preview:-1"},"canonical":"https:\/\/www.bellunopress.it\/fr\/2019\/07\/24\/lago-film-festival-di-revine-lago-il-programma-di-giovedi-25-luglio\/","og_locale":"fr_FR","og_type":"article","og_title":"Lago film festival di Revine Lago. Il programma di gioved\u00ec 25 luglio - Bellunopress - Dolomiti","og_description":"\u201cSe il suono \u00e8 un mezzo e infinite sono le sue forme, L.O.S.T. \u00e8 a caccia di quelle pi\u00f9 improbabili\u201d. Inizia gioved\u00ec 25 luglio, alle ore 15.00 la masterclass TUNING IMAGES MASTERCLASS: TRA COLONNA SONORA E SOUND DESIGN. Saranno due giorni di immersione nell\u2019universo sonoro cinematografico, per comprendere la poetica della narrazione sonora e le [&hellip;]","og_url":"https:\/\/www.bellunopress.it\/fr\/2019\/07\/24\/lago-film-festival-di-revine-lago-il-programma-di-giovedi-25-luglio\/","og_site_name":"Bellunopress - Dolomiti","article_publisher":"https:\/\/www.facebook.com\/profile.php?id=100008943462799","article_published_time":"2019-07-24T14:31:18+00:00","article_modified_time":"2019-07-26T12:55:52+00:00","og_image":[{"url":"http:\/\/www.bellunopress.it\/wp-content\/uploads\/2019\/07\/Lago-Film-Festival-Revine.jpg","type":"","width":"","height":""}],"author":"redazione","twitter_card":"summary_large_image","twitter_creator":"@bellunopress","twitter_site":"@bellunopress","twitter_misc":{"\u00c9crit par":"redazione","Dur\u00e9e de lecture estim\u00e9e":"4 minutes"},"schema":{"@context":"https:\/\/schema.org","@graph":[{"@type":"Article","@id":"https:\/\/www.bellunopress.it\/2019\/07\/24\/lago-film-festival-di-revine-lago-il-programma-di-giovedi-25-luglio\/#article","isPartOf":{"@id":"https:\/\/www.bellunopress.it\/2019\/07\/24\/lago-film-festival-di-revine-lago-il-programma-di-giovedi-25-luglio\/"},"author":{"name":"redazione","@id":"https:\/\/www.bellunopress.it\/#\/schema\/person\/79bb06722b37ece1c03d3e94beb30d73"},"headline":"Lago film festival di Revine Lago. Il programma di gioved\u00ec 25 luglio","datePublished":"2019-07-24T14:31:18+00:00","dateModified":"2019-07-26T12:55:52+00:00","mainEntityOfPage":{"@id":"https:\/\/www.bellunopress.it\/2019\/07\/24\/lago-film-festival-di-revine-lago-il-programma-di-giovedi-25-luglio\/"},"wordCount":830,"publisher":{"@id":"https:\/\/www.bellunopress.it\/#organization"},"image":{"@id":"https:\/\/www.bellunopress.it\/2019\/07\/24\/lago-film-festival-di-revine-lago-il-programma-di-giovedi-25-luglio\/#primaryimage"},"thumbnailUrl":"http:\/\/www.bellunopress.it\/wp-content\/uploads\/2019\/07\/Lago-Film-Festival-Revine.jpg","articleSection":["Appuntamenti, Eventi","Arte, Cultura, Spettacoli, Scienza","Cultura e spettacoli, tempo libero, benessere, fuori provincia"],"inLanguage":"fr-FR"},{"@type":"WebPage","@id":"https:\/\/www.bellunopress.it\/2019\/07\/24\/lago-film-festival-di-revine-lago-il-programma-di-giovedi-25-luglio\/","url":"https:\/\/www.bellunopress.it\/2019\/07\/24\/lago-film-festival-di-revine-lago-il-programma-di-giovedi-25-luglio\/","name":"Lago film festival di Revine Lago. Il programma di gioved\u00ec 25 luglio - Bellunopress - Dolomiti","isPartOf":{"@id":"https:\/\/www.bellunopress.it\/#website"},"primaryImageOfPage":{"@id":"https:\/\/www.bellunopress.it\/2019\/07\/24\/lago-film-festival-di-revine-lago-il-programma-di-giovedi-25-luglio\/#primaryimage"},"image":{"@id":"https:\/\/www.bellunopress.it\/2019\/07\/24\/lago-film-festival-di-revine-lago-il-programma-di-giovedi-25-luglio\/#primaryimage"},"thumbnailUrl":"http:\/\/www.bellunopress.it\/wp-content\/uploads\/2019\/07\/Lago-Film-Festival-Revine.jpg","datePublished":"2019-07-24T14:31:18+00:00","dateModified":"2019-07-26T12:55:52+00:00","breadcrumb":{"@id":"https:\/\/www.bellunopress.it\/2019\/07\/24\/lago-film-festival-di-revine-lago-il-programma-di-giovedi-25-luglio\/#breadcrumb"},"inLanguage":"fr-FR","potentialAction":[{"@type":"ReadAction","target":["https:\/\/www.bellunopress.it\/2019\/07\/24\/lago-film-festival-di-revine-lago-il-programma-di-giovedi-25-luglio\/"]}]},{"@type":"ImageObject","inLanguage":"fr-FR","@id":"https:\/\/www.bellunopress.it\/2019\/07\/24\/lago-film-festival-di-revine-lago-il-programma-di-giovedi-25-luglio\/#primaryimage","url":"http:\/\/www.bellunopress.it\/wp-content\/uploads\/2019\/07\/Lago-Film-Festival-Revine.jpg","contentUrl":"http:\/\/www.bellunopress.it\/wp-content\/uploads\/2019\/07\/Lago-Film-Festival-Revine.jpg"},{"@type":"BreadcrumbList","@id":"https:\/\/www.bellunopress.it\/2019\/07\/24\/lago-film-festival-di-revine-lago-il-programma-di-giovedi-25-luglio\/#breadcrumb","itemListElement":[{"@type":"ListItem","position":1,"name":"Home","item":"https:\/\/www.bellunopress.it\/"},{"@type":"ListItem","position":2,"name":"Lago film festival di Revine Lago. Il programma di gioved\u00ec 25 luglio"}]},{"@type":"WebSite","@id":"https:\/\/www.bellunopress.it\/#website","url":"https:\/\/www.bellunopress.it\/","name":"Bellunopress - Dolomiti","description":"e-mail: redazione@bellunopress.it","publisher":{"@id":"https:\/\/www.bellunopress.it\/#organization"},"potentialAction":[{"@type":"SearchAction","target":{"@type":"EntryPoint","urlTemplate":"https:\/\/www.bellunopress.it\/?s={search_term_string}"},"query-input":{"@type":"PropertyValueSpecification","valueRequired":true,"valueName":"search_term_string"}}],"inLanguage":"fr-FR"},{"@type":"Organization","@id":"https:\/\/www.bellunopress.it\/#organization","name":"Bellunopress","url":"https:\/\/www.bellunopress.it\/","logo":{"@type":"ImageObject","inLanguage":"fr-FR","@id":"https:\/\/www.bellunopress.it\/#\/schema\/logo\/image\/","url":"https:\/\/www.bellunopress.it\/wp-content\/uploads\/2011\/05\/cropped-logo-bellunopress-.jpg","contentUrl":"https:\/\/www.bellunopress.it\/wp-content\/uploads\/2011\/05\/cropped-logo-bellunopress-.jpg","width":512,"height":512,"caption":"Bellunopress"},"image":{"@id":"https:\/\/www.bellunopress.it\/#\/schema\/logo\/image\/"},"sameAs":["https:\/\/www.facebook.com\/profile.php?id=100008943462799","https:\/\/x.com\/bellunopress","https:\/\/www.linkedin.com\/hp\/?dnr=JBzUWaJfMUw8vbXJJ2tVW5-I3jZKvC4wsoxE&amp;amp;amp;amp;amp;amp;trk=nav_responsive_tab_home","https:\/\/www.youtube.com\/channel\/UCxL0wu1uN0_3_7hGG0306cw"]},{"@type":"Person","@id":"https:\/\/www.bellunopress.it\/#\/schema\/person\/79bb06722b37ece1c03d3e94beb30d73","name":"r\u00e9daction","image":{"@type":"ImageObject","inLanguage":"fr-FR","@id":"https:\/\/secure.gravatar.com\/avatar\/37d968a2e67a6fd04c169c4bdef102d0bc5d31b2546345219e348575eb80e9a0?s=96&d=mm&r=g","url":"https:\/\/secure.gravatar.com\/avatar\/37d968a2e67a6fd04c169c4bdef102d0bc5d31b2546345219e348575eb80e9a0?s=96&d=mm&r=g","contentUrl":"https:\/\/secure.gravatar.com\/avatar\/37d968a2e67a6fd04c169c4bdef102d0bc5d31b2546345219e348575eb80e9a0?s=96&d=mm&r=g","caption":"redazione"},"sameAs":["http:\/\/www.bellunopress.it","https:\/\/x.com\/bellunopress"],"url":"https:\/\/www.bellunopress.it\/fr\/author\/redazione\/"}]}},"_links":{"self":[{"href":"https:\/\/www.bellunopress.it\/fr\/wp-json\/wp\/v2\/posts\/106543","targetHints":{"allow":["GET"]}}],"collection":[{"href":"https:\/\/www.bellunopress.it\/fr\/wp-json\/wp\/v2\/posts"}],"about":[{"href":"https:\/\/www.bellunopress.it\/fr\/wp-json\/wp\/v2\/types\/post"}],"author":[{"embeddable":true,"href":"https:\/\/www.bellunopress.it\/fr\/wp-json\/wp\/v2\/users\/2"}],"replies":[{"embeddable":true,"href":"https:\/\/www.bellunopress.it\/fr\/wp-json\/wp\/v2\/comments?post=106543"}],"version-history":[{"count":3,"href":"https:\/\/www.bellunopress.it\/fr\/wp-json\/wp\/v2\/posts\/106543\/revisions"}],"predecessor-version":[{"id":106562,"href":"https:\/\/www.bellunopress.it\/fr\/wp-json\/wp\/v2\/posts\/106543\/revisions\/106562"}],"wp:attachment":[{"href":"https:\/\/www.bellunopress.it\/fr\/wp-json\/wp\/v2\/media?parent=106543"}],"wp:term":[{"taxonomy":"category","embeddable":true,"href":"https:\/\/www.bellunopress.it\/fr\/wp-json\/wp\/v2\/categories?post=106543"},{"taxonomy":"post_tag","embeddable":true,"href":"https:\/\/www.bellunopress.it\/fr\/wp-json\/wp\/v2\/tags?post=106543"}],"curies":[{"name":"wp","href":"https:\/\/api.w.org\/{rel}","templated":true}]}}