{"id":106526,"date":"2019-07-24T10:39:28","date_gmt":"2019-07-24T08:39:28","guid":{"rendered":"http:\/\/www.bellunopress.it\/?p=106526"},"modified":"2019-07-24T10:39:28","modified_gmt":"2019-07-24T08:39:28","slug":"i-vini-dei-colli-berici-festeggiano-i-dieci-anni-di-gustus","status":"publish","type":"post","link":"https:\/\/www.bellunopress.it\/fr\/2019\/07\/24\/i-vini-dei-colli-berici-festeggiano-i-dieci-anni-di-gustus\/","title":{"rendered":"I vini dei Colli Berici festeggiano i dieci anni di Gustus"},"content":{"rendered":"<p><strong>Banchi d\u2019assaggio, degustazioni e incontri dal 12 al 14 ottobre a Villa Rigon di Ponte di Barbarano (VI) con le etichette delle DOC Colli Berici e Vicenza e Gambellara.<\/strong><\/p>\n<p><a href=\"http:\/\/www.bellunopress.it\/fr\/2019\/03\/21\/colli-berici-a-vinitaly-2019-tre-masterclass-per-scoprire-la-doc-al-pad-8-stand-l5-tre-giorni-di-degustazioni-con-le-eccellenze-enologiche-del-vicentino-martedi-alle-11-30-il-confronto-con-i-colli\/consorzio-vini-colli-berici\/\" rel=\"attachment wp-att-103066\"><img loading=\"lazy\" decoding=\"async\" class=\"alignleft size-full wp-image-103066\" src=\"http:\/\/www.bellunopress.it\/wp-content\/uploads\/2019\/03\/Consorzio-vini-Colli-Berici.jpg\" alt=\"\" width=\"300\" height=\"184\" \/><\/a>Appuntamento in villa per la decima edizione di Gustus \u2013 Vini e Sapori dei Colli Berici, che dal 12 al 14 ottobre 2019 porter\u00e0 a Villa Sangiantofetti Rigon di Ponte di Barbarano (Vicenza) tre giorni di banchi d\u2019assaggio, degustazioni guidate e convegni aperti al pubblico. Protagonisti dell\u2019evento, organizzato dal Consorzio Tutela Vini Colli Berici e Vicenza e dalla Strada dei Vini Colli Berici, saranno i vini delle DOC Colli Berici, Vicenza e Gambellara.<br \/>\nA raccontare l\u2019identit\u00e0 vitivinicola del territorio berico saranno venticinque aziende e oltre cento etichette, che porteranno in degustazione l\u2019autoctono Tai Rosso, i bianchi Pinot Grigio e Sauvignon e i grandi rossi a base di Cabernet, Merlot e Carm\u00e9n\u00e8re.<\/p>\n<p>\u201cQuesta edizione di Gustus \u2013 commenta Giovanni Ponchia, Direttore del Consorzio Tutela Vini Colli Berici e Vicenza e del Consorzio Gambellara \u2013 sar\u00e0 l\u2019occasione per una doppia celebrazione. Festeggeremo il decimo anniversario dell\u2019evento che ci ha permesso di far conoscere e apprezzare i nostri vini a un pubblico sempre pi\u00f9 ampio e la creazione di un unico coordinamento con la DOC Gambellara, che per la prima volta presenter\u00e0 le sue etichette e le diverse espressioni della sua variet\u00e0 di elezione: la Garganega.\u201d<\/p>\n<p>I tre giorni del banco d\u2019assaggio saranno arricchiti da una serie di appuntamenti dedicati a pubblico ed esperti. Sabato 12 ottobre sar\u00e0 presentata la Guida alle eccellenze enogastronomiche vicentine realizzata dal Giornale di Vicenza, mentre domenica 13 \u00e8 in programma la masterclass I Colli Berici tra i grandi del mondo condotta da Gianni Fabrizio e Nicola Frasson: i curatori della Guida Vini d\u2019Italia del Gambero Rosso confronteranno le etichette vicentine con i migliori vini rossi del mondo. La giornata di luned\u00ec 14 ottobre sar\u00e0 invece arricchita da due degustazioni tematiche dedicate alle diverse interpretazioni della Garganega e dei vitigni rossi che meglio si sono acclimatati nel territorio vicentino.<br \/>\nRistoratori e produttori associati alla Strada dei Vini Colli Berici porteranno inoltre in degustazione alcuni piatti tipici del territorio per accompagnare i calici.<\/p>\n<p>Il banco d\u2019assaggio sar\u00e0 aperto al pubblico dalle 17.00 alle 22.00 di sabato 12 e dalle 16.00 alle 20.00 nei giorni di domenica 13 e luned\u00ec 14 ottobre.<br \/>\nIl costo del biglietto, che comprende calice, coupon per degustazioni libere e un piatto di tipicit\u00e0 gastronomiche, \u00e8 di \u20ac 20 per l\u2019intero e di \u20ac 15 per il ridotto. L\u2019ingresso ridotto \u00e8 riservato a tutti coloro che acquisteranno il biglietto online e per i Soci Ais, Onav, Fis, Slow Food, Fisar, Ristoranti Che Passione. Il biglietto non comprende la degustazione di domenica 13 ottobre, acquistabile a parte al costo di \u20ac 30.<br \/>\nTutte le informazioni su www.gustus.stradavinicolliberici.it<\/p>\n<p>INFO IN BREVE | Gustus \u2013 Vini e Sapori dei Colli Berici 2019<br \/>\nQuando: sabato 12, domenica 13 e luned\u00ec 14 ottobre 2019<br \/>\nDove: Villa Sangiantofetti Rigon di Ponte di Barbarano (Vicenza)<br \/>\nOrari: sabato 12 ottobre 17.00 \u2013 22.00, domenica 13 e luned\u00ec 14 ottobre 16.00 \u2013 20.00<br \/>\nBiglietti: \u20ac 20 per l\u2019intero e di \u20ac 15 per il ridotto, riservato a tutti coloro che acquisteranno il biglietto in prevendita online e per i Soci Ais, Onav, Fis, Slow Food, Fisar, Ristoranti Che Passione. Il biglietto non comprende la degustazione di domenica 13 ottobre, acquistabile a parte al costo di \u20ac 30.<br \/>\nInfo: www.gustus.stradavinicolliberici.it<\/p>","protected":false},"excerpt":{"rendered":"<p>Banchi d\u2019assaggio, degustazioni e incontri dal 12 al 14 ottobre a Villa Rigon di Ponte di Barbarano (VI) con le etichette delle DOC Colli Berici e Vicenza e Gambellara. Appuntamento in villa per la decima edizione di Gustus \u2013 Vini e Sapori dei Colli Berici, che dal 12 al 14 ottobre 2019 porter\u00e0 a Villa [&hellip;]<\/p>\n","protected":false},"author":2,"featured_media":0,"comment_status":"closed","ping_status":"open","sticky":false,"template":"","format":"standard","meta":{"footnotes":""},"categories":[27,3394,3393],"tags":[],"class_list":["post-106526","post","type-post","status-publish","format-standard","category-appuntamenti","category-cultura-e-spettacoli-fuori-provincia","category-eventi-enogastronomici"],"yoast_head":"<!-- This site is optimized with the Yoast SEO plugin v28.4 - https:\/\/yoast.com\/product\/yoast-seo-wordpress\/ -->\n<title>I vini dei Colli Berici festeggiano i dieci anni di Gustus - Bellunopress - Dolomiti<\/title>\n<meta name=\"robots\" content=\"index, follow, max-snippet:-1, max-image-preview:large, max-video-preview:-1\" \/>\n<link rel=\"canonical\" href=\"https:\/\/www.bellunopress.it\/fr\/2019\/07\/24\/i-vini-dei-colli-berici-festeggiano-i-dieci-anni-di-gustus\/\" \/>\n<meta property=\"og:locale\" content=\"fr_FR\" \/>\n<meta property=\"og:type\" content=\"article\" \/>\n<meta property=\"og:title\" content=\"I vini dei Colli Berici festeggiano i dieci anni di Gustus - Bellunopress - Dolomiti\" \/>\n<meta property=\"og:description\" content=\"Banchi d\u2019assaggio, degustazioni e incontri dal 12 al 14 ottobre a Villa Rigon di Ponte di Barbarano (VI) con le etichette delle DOC Colli Berici e Vicenza e Gambellara. Appuntamento in villa per la decima edizione di Gustus \u2013 Vini e Sapori dei Colli Berici, che dal 12 al 14 ottobre 2019 porter\u00e0 a Villa [&hellip;]\" \/>\n<meta property=\"og:url\" content=\"https:\/\/www.bellunopress.it\/fr\/2019\/07\/24\/i-vini-dei-colli-berici-festeggiano-i-dieci-anni-di-gustus\/\" \/>\n<meta property=\"og:site_name\" content=\"Bellunopress - Dolomiti\" \/>\n<meta property=\"article:publisher\" content=\"https:\/\/www.facebook.com\/profile.php?id=100008943462799\" \/>\n<meta property=\"article:published_time\" content=\"2019-07-24T08:39:28+00:00\" \/>\n<meta property=\"og:image\" content=\"http:\/\/www.bellunopress.it\/wp-content\/uploads\/2019\/03\/Consorzio-vini-Colli-Berici.jpg\" \/>\n<meta name=\"author\" content=\"redazione\" \/>\n<meta name=\"twitter:card\" content=\"summary_large_image\" \/>\n<meta name=\"twitter:creator\" content=\"@bellunopress\" \/>\n<meta name=\"twitter:site\" content=\"@bellunopress\" \/>\n<meta name=\"twitter:label1\" content=\"\u00c9crit par\" \/>\n\t<meta name=\"twitter:data1\" content=\"redazione\" \/>\n\t<meta name=\"twitter:label2\" content=\"Dur\u00e9e de lecture estim\u00e9e\" \/>\n\t<meta name=\"twitter:data2\" content=\"3 minutes\" \/>\n<script type=\"application\/ld+json\" class=\"yoast-schema-graph\">{\"@context\":\"https:\\\/\\\/schema.org\",\"@graph\":[{\"@type\":\"Article\",\"@id\":\"https:\\\/\\\/www.bellunopress.it\\\/2019\\\/07\\\/24\\\/i-vini-dei-colli-berici-festeggiano-i-dieci-anni-di-gustus\\\/#article\",\"isPartOf\":{\"@id\":\"https:\\\/\\\/www.bellunopress.it\\\/2019\\\/07\\\/24\\\/i-vini-dei-colli-berici-festeggiano-i-dieci-anni-di-gustus\\\/\"},\"author\":{\"name\":\"redazione\",\"@id\":\"https:\\\/\\\/www.bellunopress.it\\\/#\\\/schema\\\/person\\\/79bb06722b37ece1c03d3e94beb30d73\"},\"headline\":\"I vini dei Colli Berici festeggiano i dieci anni di Gustus\",\"datePublished\":\"2019-07-24T08:39:28+00:00\",\"mainEntityOfPage\":{\"@id\":\"https:\\\/\\\/www.bellunopress.it\\\/2019\\\/07\\\/24\\\/i-vini-dei-colli-berici-festeggiano-i-dieci-anni-di-gustus\\\/\"},\"wordCount\":544,\"publisher\":{\"@id\":\"https:\\\/\\\/www.bellunopress.it\\\/#organization\"},\"image\":{\"@id\":\"https:\\\/\\\/www.bellunopress.it\\\/2019\\\/07\\\/24\\\/i-vini-dei-colli-berici-festeggiano-i-dieci-anni-di-gustus\\\/#primaryimage\"},\"thumbnailUrl\":\"http:\\\/\\\/www.bellunopress.it\\\/wp-content\\\/uploads\\\/2019\\\/03\\\/Consorzio-vini-Colli-Berici.jpg\",\"articleSection\":[\"Appuntamenti, Eventi\",\"Cultura e spettacoli, tempo libero, benessere, fuori provincia\",\"Eventi enogastronomici\"],\"inLanguage\":\"fr-FR\"},{\"@type\":\"WebPage\",\"@id\":\"https:\\\/\\\/www.bellunopress.it\\\/2019\\\/07\\\/24\\\/i-vini-dei-colli-berici-festeggiano-i-dieci-anni-di-gustus\\\/\",\"url\":\"https:\\\/\\\/www.bellunopress.it\\\/2019\\\/07\\\/24\\\/i-vini-dei-colli-berici-festeggiano-i-dieci-anni-di-gustus\\\/\",\"name\":\"I vini dei Colli Berici festeggiano i dieci anni di Gustus - Bellunopress - Dolomiti\",\"isPartOf\":{\"@id\":\"https:\\\/\\\/www.bellunopress.it\\\/#website\"},\"primaryImageOfPage\":{\"@id\":\"https:\\\/\\\/www.bellunopress.it\\\/2019\\\/07\\\/24\\\/i-vini-dei-colli-berici-festeggiano-i-dieci-anni-di-gustus\\\/#primaryimage\"},\"image\":{\"@id\":\"https:\\\/\\\/www.bellunopress.it\\\/2019\\\/07\\\/24\\\/i-vini-dei-colli-berici-festeggiano-i-dieci-anni-di-gustus\\\/#primaryimage\"},\"thumbnailUrl\":\"http:\\\/\\\/www.bellunopress.it\\\/wp-content\\\/uploads\\\/2019\\\/03\\\/Consorzio-vini-Colli-Berici.jpg\",\"datePublished\":\"2019-07-24T08:39:28+00:00\",\"breadcrumb\":{\"@id\":\"https:\\\/\\\/www.bellunopress.it\\\/2019\\\/07\\\/24\\\/i-vini-dei-colli-berici-festeggiano-i-dieci-anni-di-gustus\\\/#breadcrumb\"},\"inLanguage\":\"fr-FR\",\"potentialAction\":[{\"@type\":\"ReadAction\",\"target\":[\"https:\\\/\\\/www.bellunopress.it\\\/2019\\\/07\\\/24\\\/i-vini-dei-colli-berici-festeggiano-i-dieci-anni-di-gustus\\\/\"]}]},{\"@type\":\"ImageObject\",\"inLanguage\":\"fr-FR\",\"@id\":\"https:\\\/\\\/www.bellunopress.it\\\/2019\\\/07\\\/24\\\/i-vini-dei-colli-berici-festeggiano-i-dieci-anni-di-gustus\\\/#primaryimage\",\"url\":\"http:\\\/\\\/www.bellunopress.it\\\/wp-content\\\/uploads\\\/2019\\\/03\\\/Consorzio-vini-Colli-Berici.jpg\",\"contentUrl\":\"http:\\\/\\\/www.bellunopress.it\\\/wp-content\\\/uploads\\\/2019\\\/03\\\/Consorzio-vini-Colli-Berici.jpg\"},{\"@type\":\"BreadcrumbList\",\"@id\":\"https:\\\/\\\/www.bellunopress.it\\\/2019\\\/07\\\/24\\\/i-vini-dei-colli-berici-festeggiano-i-dieci-anni-di-gustus\\\/#breadcrumb\",\"itemListElement\":[{\"@type\":\"ListItem\",\"position\":1,\"name\":\"Home\",\"item\":\"https:\\\/\\\/www.bellunopress.it\\\/\"},{\"@type\":\"ListItem\",\"position\":2,\"name\":\"I vini dei Colli Berici festeggiano i dieci anni di Gustus\"}]},{\"@type\":\"WebSite\",\"@id\":\"https:\\\/\\\/www.bellunopress.it\\\/#website\",\"url\":\"https:\\\/\\\/www.bellunopress.it\\\/\",\"name\":\"Bellunopress - Dolomiti\",\"description\":\"e-mail: redazione@bellunopress.it\",\"publisher\":{\"@id\":\"https:\\\/\\\/www.bellunopress.it\\\/#organization\"},\"potentialAction\":[{\"@type\":\"SearchAction\",\"target\":{\"@type\":\"EntryPoint\",\"urlTemplate\":\"https:\\\/\\\/www.bellunopress.it\\\/?s={search_term_string}\"},\"query-input\":{\"@type\":\"PropertyValueSpecification\",\"valueRequired\":true,\"valueName\":\"search_term_string\"}}],\"inLanguage\":\"fr-FR\"},{\"@type\":\"Organization\",\"@id\":\"https:\\\/\\\/www.bellunopress.it\\\/#organization\",\"name\":\"Bellunopress\",\"url\":\"https:\\\/\\\/www.bellunopress.it\\\/\",\"logo\":{\"@type\":\"ImageObject\",\"inLanguage\":\"fr-FR\",\"@id\":\"https:\\\/\\\/www.bellunopress.it\\\/#\\\/schema\\\/logo\\\/image\\\/\",\"url\":\"https:\\\/\\\/www.bellunopress.it\\\/wp-content\\\/uploads\\\/2011\\\/05\\\/cropped-logo-bellunopress-.jpg\",\"contentUrl\":\"https:\\\/\\\/www.bellunopress.it\\\/wp-content\\\/uploads\\\/2011\\\/05\\\/cropped-logo-bellunopress-.jpg\",\"width\":512,\"height\":512,\"caption\":\"Bellunopress\"},\"image\":{\"@id\":\"https:\\\/\\\/www.bellunopress.it\\\/#\\\/schema\\\/logo\\\/image\\\/\"},\"sameAs\":[\"https:\\\/\\\/www.facebook.com\\\/profile.php?id=100008943462799\",\"https:\\\/\\\/x.com\\\/bellunopress\",\"https:\\\/\\\/www.linkedin.com\\\/hp\\\/?dnr=JBzUWaJfMUw8vbXJJ2tVW5-I3jZKvC4wsoxE&amp;amp;amp;amp;amp;amp;trk=nav_responsive_tab_home\",\"https:\\\/\\\/www.youtube.com\\\/channel\\\/UCxL0wu1uN0_3_7hGG0306cw\"]},{\"@type\":\"Person\",\"@id\":\"https:\\\/\\\/www.bellunopress.it\\\/#\\\/schema\\\/person\\\/79bb06722b37ece1c03d3e94beb30d73\",\"name\":\"redazione\",\"image\":{\"@type\":\"ImageObject\",\"inLanguage\":\"fr-FR\",\"@id\":\"https:\\\/\\\/secure.gravatar.com\\\/avatar\\\/37d968a2e67a6fd04c169c4bdef102d0bc5d31b2546345219e348575eb80e9a0?s=96&d=mm&r=g\",\"url\":\"https:\\\/\\\/secure.gravatar.com\\\/avatar\\\/37d968a2e67a6fd04c169c4bdef102d0bc5d31b2546345219e348575eb80e9a0?s=96&d=mm&r=g\",\"contentUrl\":\"https:\\\/\\\/secure.gravatar.com\\\/avatar\\\/37d968a2e67a6fd04c169c4bdef102d0bc5d31b2546345219e348575eb80e9a0?s=96&d=mm&r=g\",\"caption\":\"redazione\"},\"sameAs\":[\"http:\\\/\\\/www.bellunopress.it\",\"https:\\\/\\\/x.com\\\/bellunopress\"],\"url\":\"https:\\\/\\\/www.bellunopress.it\\\/fr\\\/author\\\/redazione\\\/\"}]}<\/script>\n<!-- \/ Yoast SEO plugin. -->","yoast_head_json":{"title":"I vini dei Colli Berici festeggiano i dieci anni di Gustus - Bellunopress - Dolomiti","robots":{"index":"index","follow":"follow","max-snippet":"max-snippet:-1","max-image-preview":"max-image-preview:large","max-video-preview":"max-video-preview:-1"},"canonical":"https:\/\/www.bellunopress.it\/fr\/2019\/07\/24\/i-vini-dei-colli-berici-festeggiano-i-dieci-anni-di-gustus\/","og_locale":"fr_FR","og_type":"article","og_title":"I vini dei Colli Berici festeggiano i dieci anni di Gustus - Bellunopress - Dolomiti","og_description":"Banchi d\u2019assaggio, degustazioni e incontri dal 12 al 14 ottobre a Villa Rigon di Ponte di Barbarano (VI) con le etichette delle DOC Colli Berici e Vicenza e Gambellara. Appuntamento in villa per la decima edizione di Gustus \u2013 Vini e Sapori dei Colli Berici, che dal 12 al 14 ottobre 2019 porter\u00e0 a Villa [&hellip;]","og_url":"https:\/\/www.bellunopress.it\/fr\/2019\/07\/24\/i-vini-dei-colli-berici-festeggiano-i-dieci-anni-di-gustus\/","og_site_name":"Bellunopress - Dolomiti","article_publisher":"https:\/\/www.facebook.com\/profile.php?id=100008943462799","article_published_time":"2019-07-24T08:39:28+00:00","og_image":[{"url":"http:\/\/www.bellunopress.it\/wp-content\/uploads\/2019\/03\/Consorzio-vini-Colli-Berici.jpg","type":"","width":"","height":""}],"author":"redazione","twitter_card":"summary_large_image","twitter_creator":"@bellunopress","twitter_site":"@bellunopress","twitter_misc":{"\u00c9crit par":"redazione","Dur\u00e9e de lecture estim\u00e9e":"3 minutes"},"schema":{"@context":"https:\/\/schema.org","@graph":[{"@type":"Article","@id":"https:\/\/www.bellunopress.it\/2019\/07\/24\/i-vini-dei-colli-berici-festeggiano-i-dieci-anni-di-gustus\/#article","isPartOf":{"@id":"https:\/\/www.bellunopress.it\/2019\/07\/24\/i-vini-dei-colli-berici-festeggiano-i-dieci-anni-di-gustus\/"},"author":{"name":"redazione","@id":"https:\/\/www.bellunopress.it\/#\/schema\/person\/79bb06722b37ece1c03d3e94beb30d73"},"headline":"I vini dei Colli Berici festeggiano i dieci anni di Gustus","datePublished":"2019-07-24T08:39:28+00:00","mainEntityOfPage":{"@id":"https:\/\/www.bellunopress.it\/2019\/07\/24\/i-vini-dei-colli-berici-festeggiano-i-dieci-anni-di-gustus\/"},"wordCount":544,"publisher":{"@id":"https:\/\/www.bellunopress.it\/#organization"},"image":{"@id":"https:\/\/www.bellunopress.it\/2019\/07\/24\/i-vini-dei-colli-berici-festeggiano-i-dieci-anni-di-gustus\/#primaryimage"},"thumbnailUrl":"http:\/\/www.bellunopress.it\/wp-content\/uploads\/2019\/03\/Consorzio-vini-Colli-Berici.jpg","articleSection":["Appuntamenti, Eventi","Cultura e spettacoli, tempo libero, benessere, fuori provincia","Eventi enogastronomici"],"inLanguage":"fr-FR"},{"@type":"WebPage","@id":"https:\/\/www.bellunopress.it\/2019\/07\/24\/i-vini-dei-colli-berici-festeggiano-i-dieci-anni-di-gustus\/","url":"https:\/\/www.bellunopress.it\/2019\/07\/24\/i-vini-dei-colli-berici-festeggiano-i-dieci-anni-di-gustus\/","name":"I vini dei Colli Berici festeggiano i dieci anni di Gustus - Bellunopress - Dolomiti","isPartOf":{"@id":"https:\/\/www.bellunopress.it\/#website"},"primaryImageOfPage":{"@id":"https:\/\/www.bellunopress.it\/2019\/07\/24\/i-vini-dei-colli-berici-festeggiano-i-dieci-anni-di-gustus\/#primaryimage"},"image":{"@id":"https:\/\/www.bellunopress.it\/2019\/07\/24\/i-vini-dei-colli-berici-festeggiano-i-dieci-anni-di-gustus\/#primaryimage"},"thumbnailUrl":"http:\/\/www.bellunopress.it\/wp-content\/uploads\/2019\/03\/Consorzio-vini-Colli-Berici.jpg","datePublished":"2019-07-24T08:39:28+00:00","breadcrumb":{"@id":"https:\/\/www.bellunopress.it\/2019\/07\/24\/i-vini-dei-colli-berici-festeggiano-i-dieci-anni-di-gustus\/#breadcrumb"},"inLanguage":"fr-FR","potentialAction":[{"@type":"ReadAction","target":["https:\/\/www.bellunopress.it\/2019\/07\/24\/i-vini-dei-colli-berici-festeggiano-i-dieci-anni-di-gustus\/"]}]},{"@type":"ImageObject","inLanguage":"fr-FR","@id":"https:\/\/www.bellunopress.it\/2019\/07\/24\/i-vini-dei-colli-berici-festeggiano-i-dieci-anni-di-gustus\/#primaryimage","url":"http:\/\/www.bellunopress.it\/wp-content\/uploads\/2019\/03\/Consorzio-vini-Colli-Berici.jpg","contentUrl":"http:\/\/www.bellunopress.it\/wp-content\/uploads\/2019\/03\/Consorzio-vini-Colli-Berici.jpg"},{"@type":"BreadcrumbList","@id":"https:\/\/www.bellunopress.it\/2019\/07\/24\/i-vini-dei-colli-berici-festeggiano-i-dieci-anni-di-gustus\/#breadcrumb","itemListElement":[{"@type":"ListItem","position":1,"name":"Home","item":"https:\/\/www.bellunopress.it\/"},{"@type":"ListItem","position":2,"name":"I vini dei Colli Berici festeggiano i dieci anni di Gustus"}]},{"@type":"WebSite","@id":"https:\/\/www.bellunopress.it\/#website","url":"https:\/\/www.bellunopress.it\/","name":"Bellunopress - Dolomiti","description":"e-mail: redazione@bellunopress.it","publisher":{"@id":"https:\/\/www.bellunopress.it\/#organization"},"potentialAction":[{"@type":"SearchAction","target":{"@type":"EntryPoint","urlTemplate":"https:\/\/www.bellunopress.it\/?s={search_term_string}"},"query-input":{"@type":"PropertyValueSpecification","valueRequired":true,"valueName":"search_term_string"}}],"inLanguage":"fr-FR"},{"@type":"Organization","@id":"https:\/\/www.bellunopress.it\/#organization","name":"Bellunopress","url":"https:\/\/www.bellunopress.it\/","logo":{"@type":"ImageObject","inLanguage":"fr-FR","@id":"https:\/\/www.bellunopress.it\/#\/schema\/logo\/image\/","url":"https:\/\/www.bellunopress.it\/wp-content\/uploads\/2011\/05\/cropped-logo-bellunopress-.jpg","contentUrl":"https:\/\/www.bellunopress.it\/wp-content\/uploads\/2011\/05\/cropped-logo-bellunopress-.jpg","width":512,"height":512,"caption":"Bellunopress"},"image":{"@id":"https:\/\/www.bellunopress.it\/#\/schema\/logo\/image\/"},"sameAs":["https:\/\/www.facebook.com\/profile.php?id=100008943462799","https:\/\/x.com\/bellunopress","https:\/\/www.linkedin.com\/hp\/?dnr=JBzUWaJfMUw8vbXJJ2tVW5-I3jZKvC4wsoxE&amp;amp;amp;amp;amp;amp;trk=nav_responsive_tab_home","https:\/\/www.youtube.com\/channel\/UCxL0wu1uN0_3_7hGG0306cw"]},{"@type":"Person","@id":"https:\/\/www.bellunopress.it\/#\/schema\/person\/79bb06722b37ece1c03d3e94beb30d73","name":"r\u00e9daction","image":{"@type":"ImageObject","inLanguage":"fr-FR","@id":"https:\/\/secure.gravatar.com\/avatar\/37d968a2e67a6fd04c169c4bdef102d0bc5d31b2546345219e348575eb80e9a0?s=96&d=mm&r=g","url":"https:\/\/secure.gravatar.com\/avatar\/37d968a2e67a6fd04c169c4bdef102d0bc5d31b2546345219e348575eb80e9a0?s=96&d=mm&r=g","contentUrl":"https:\/\/secure.gravatar.com\/avatar\/37d968a2e67a6fd04c169c4bdef102d0bc5d31b2546345219e348575eb80e9a0?s=96&d=mm&r=g","caption":"redazione"},"sameAs":["http:\/\/www.bellunopress.it","https:\/\/x.com\/bellunopress"],"url":"https:\/\/www.bellunopress.it\/fr\/author\/redazione\/"}]}},"_links":{"self":[{"href":"https:\/\/www.bellunopress.it\/fr\/wp-json\/wp\/v2\/posts\/106526","targetHints":{"allow":["GET"]}}],"collection":[{"href":"https:\/\/www.bellunopress.it\/fr\/wp-json\/wp\/v2\/posts"}],"about":[{"href":"https:\/\/www.bellunopress.it\/fr\/wp-json\/wp\/v2\/types\/post"}],"author":[{"embeddable":true,"href":"https:\/\/www.bellunopress.it\/fr\/wp-json\/wp\/v2\/users\/2"}],"replies":[{"embeddable":true,"href":"https:\/\/www.bellunopress.it\/fr\/wp-json\/wp\/v2\/comments?post=106526"}],"version-history":[{"count":1,"href":"https:\/\/www.bellunopress.it\/fr\/wp-json\/wp\/v2\/posts\/106526\/revisions"}],"predecessor-version":[{"id":106527,"href":"https:\/\/www.bellunopress.it\/fr\/wp-json\/wp\/v2\/posts\/106526\/revisions\/106527"}],"wp:attachment":[{"href":"https:\/\/www.bellunopress.it\/fr\/wp-json\/wp\/v2\/media?parent=106526"}],"wp:term":[{"taxonomy":"category","embeddable":true,"href":"https:\/\/www.bellunopress.it\/fr\/wp-json\/wp\/v2\/categories?post=106526"},{"taxonomy":"post_tag","embeddable":true,"href":"https:\/\/www.bellunopress.it\/fr\/wp-json\/wp\/v2\/tags?post=106526"}],"curies":[{"name":"wp","href":"https:\/\/api.w.org\/{rel}","templated":true}]}}