{"id":106479,"date":"2019-07-22T17:26:53","date_gmt":"2019-07-22T15:26:53","guid":{"rendered":"http:\/\/www.bellunopress.it\/?p=106479"},"modified":"2019-07-22T17:26:53","modified_gmt":"2019-07-22T15:26:53","slug":"lago-film-fest-e-anche-formazione-il-programma-di-martedi","status":"publish","type":"post","link":"https:\/\/www.bellunopress.it\/fr\/2019\/07\/22\/lago-film-fest-e-anche-formazione-il-programma-di-martedi\/","title":{"rendered":"Lago Film Fest \u00e8 anche formazione. Il programma di marted\u00ec"},"content":{"rendered":"<p>Quinta giornata e ci si addentra nel cuore del festival. Da ieri il borgo di Lago \u00e8 popolato di sceneggiatori e registi venuti per i BAREFOOT INDUSTRY DAYS, meeting dedicati ai professionisti del mondo del cinema. A partire da oggi saranno organizzate tre giornate di eventi in cui si affronter\u00e0 il processo di sviluppo di un progetto audiovisivo, dalla sceneggiatura alla produzione, per poi soffermarsi sulla distribuzione e circolazione presso i diversi festival cinematografici; dai pitch dei finalisti del premio Sonego agli incontri<br \/>\none-to-one sui pedal\u00f2, per poi incontrare diverse realt\u00e0 come Film Commission, produzioni e festival, questi i protagonisti delle giornate con l\u2019obiettivo di stimolare connessioni e generare nuove occasioni di incontro attraverso attivit\u00e0 di networking.<\/p>\n<p><strong><a href=\"http:\/\/www.bellunopress.it\/fr\/2013\/02\/23\/sceglila-tu-la-nuova-immagine-del-lago-film-fest\/lago-film-fest\/\" rel=\"attachment wp-att-47030\"><img loading=\"lazy\" decoding=\"async\" class=\"alignleft size-full wp-image-47030\" src=\"http:\/\/www.bellunopress.it\/wp-content\/uploads\/2013\/02\/lago-film-fest.jpg\" alt=\"\" width=\"160\" height=\"152\" \/><\/a>Gli speakers in programma saranno:<\/strong><\/p>\n<p>ALESSANDRO GROPPLERO<br \/>\nLaureato in Scienze della Comunicazione, ha collaborato con la casa di produzione PIDGIN nel 2003; successivamente si \u00e8 trasferito a Londra per lavorare con NUMBER 9 FILMS e nel 2005 \u00e8 ritornato in Italia per collaborare con UDINE FAR EAST FILM FESTIVAL. Dal maggio 2007 \u00e8 il responsabile delle relazioni internazionali del Fondo Audiovisivo FVG per cui ha coordinato una variet\u00e0 di iniziative quali \u201cWHEN EAST MEETS WEST Co-production Forum\u201d, \u201cTIES THAT BIND Asia Europe Co-production Workshop\u201d e RE-ACT Co-development Fund\u201d. \u00c8 un EAVE graduate, membro di EURODOC, e membro di EUROPEAN FILM ACADEMY.<\/p>\n<p>ENRICO VANNUCCI<br \/>\nLavora principalmente come short film advisor per la Mostra del Cinema di Venezia e come programmer per il Torino Short Film Market. Lavora nella programmazione di diversi festival dal 2010. Nell\u2019agosto 2018 ha fondato con Carla Vulpiani Varicoloured.<\/p>\n<p>FRANCESCO BONSEMBIANTE<br \/>\nInizia a produrre documentari nel 1999 esordendo con i Ritratti di Carlo Mazzacurati, tre documentari d\u2019autore con Marco Paolini e con Mario Rigoni Stern, Luigi Meneghello e Andrea Zanzotto. In quell\u2019occasione conosce Marco Paolini con il quale avvia l\u2019attivit\u00e0 di Jole Film srl. Con Jole Film produce oltre ai lavori di Marco Paolini, anche numerosi documentari di giovani autori come Alice Rohrwacher, Pierpaolo Giarolo, Marco Segato, Andrea Segre. Con il<br \/>\nFilm \u201cIo sono Li\u201d di Andrea Segre ha vinto il premio Franco Cristaldi ed \u00e8 stato candidato ai David di Donatello e ai Ciak d\u2019oro, come miglior produttore nel 2012. A partire dall\u2019Anno Accademico 2014-2015 fino al 2017-2018, ha tenuto in qualit\u00e0 di docente il Corso di lezione di \u201cOrganizzazione della produzione audiovisiva\u201d in maniera continuativa, riscontrando valutazioni molto elevate da parte degli studenti.<\/p>\n<p>GEMMA LYNCH<br \/>\nOriginaria del Regno Unito, vive in Italia dal 2007. Ha lavorato a Roma come fotografa, prima di passare alla regia, produzione e broadcasting. Gemma \u00e8 capo dell\u2019ufficio di produzione della Sardegna Film Commission dal 2017 ed ha lavorato con molteplici produzioni quali Loro di Paolo Sorrentino, Catch 22 di George Clooney e l\u2019ultimo film di Brian De Palma, Domino.<\/p>\n<p>LUIGI BACIALLI<br \/>\nGiornalista, gi\u00e0 a capo del Gazzettino e del Giornale di Vicenza e oggi direttore del gruppo televisivo Medianordest (che riunisce AntennaTre, Rete Veneta, Telenordest e Telequattro) \u00e8 stato nominato presidente della Veneto Film Commission nel gennaio 2019.<\/p>\n<p>PAOLO DE ANGELIS<br \/>\nMarchigiano di nascita e toscano d\u2019adozione, nel 2005 collabora al festival del documentario Libero Bizzarri per la giuria giovani. Dopo la laurea in Storia e critica del cinema, si trasferisce a Parigi dove collabora con la produzione Red Star sul set \u201cBec et Ongles\u201d e nella produzione del corto \u201cTv People\u201d. Nel 2011 si trasferisce nel Lancashire, dove partecipa alla realizzazione del documentario \u201cPreston Gild\u201d. Dal 2014 collabora con Metropolis Produzioni<br \/>\ne dal 2015 con Accademia Cinema Toscana.<\/p>\n<p>SIMONE FENOIL<br \/>\nSimone Fenoil \u00e8 nato a Torino nel 1978. Ha ricoperto per 4 anni la carica di Presidente del network europeo NISI MASA, realt\u00e0 composta da 28 associazioni europee, creando progetti di sostegno rivolti a giovani registi emergenti ed appassionati di cinema.<br \/>\nHa lavorato per tre anni per le politiche giovanili della Citt\u00e0 di Torino, occupandosi dei centri giovanili della Citt\u00e0. Dal 2003 al 2007 \u00e8 stato responsabile di redazione del canale televisivo sperimentale Extracampus TV, Universit\u00e0 degli Studi di Torino, gestendo la formazione degli<br \/>\nstudenti e la produzione di format TV.<br \/>\nDal 2007 lavora per la Scuola Holden, dove si occupa, tra le altre cose, di costruire progetti formativi professionalizzanti legati all\u2019audiovisivo e di progettazione Europea (MEDIA, Creative Europe, Erasmus +).<br \/>\nTra i partecipanti ai laboratori e ospiti del festival invece segnaliamo:<\/p>\n<p>CATERINA SHANTA, autrice di \u201cA History about silence\u201d che verr\u00e0 presentato gioved\u00ec ore 21.00 al Lido di Revine Lago<br \/>\nCaterina Erica Shanta (1986, Landstuhl, Germania; vive e lavora a Pordenone, Italia), artista e regista, si forma a Venezia dove nel 2014 ottiene un Master in Arti Visive all\u2019Universit\u00e0 IUAV.<br \/>\nIl video \u00e8 il suo principale mezzo di indagine. Investiga immagini prodotte da altri per esplorare come queste siano relazionate a particolari contesti. Usa montaggi e re-mixaggi di video, footage, e immagini d\u2019archivio come media principale. La sua ricerca si focalizza sulla ridefinizione delle immagini propria del linguaggio del cinema documentario. Shanta ha preso parte a numerosi programmi di formazione dedicati alle immagini in movimento,<br \/>\nresidenze artistiche &#8211; Atelier Fondazione Bevilacqua la Masa, CAREOF Art Residency &#8211; organizzazione no-profit per la ricerca artistica contemporanea (MI), Q-RATED La Quadriennale di Roma, Castello di Rivoli (TO) &#8211; e festival dedicati alla ricerca audio come Helicotrema, Festival Audio Registrato. Il suo video Palmyra \u00e8 stato esposto alla mostra VISIO: Outside the black box, a cura di Leonardo Bigazzi in occasione dello Schermo dell\u2019arte Film Festival (FI). La sua opera Polvere \u00e8 stata acquisita dalla Fondazione 1563, Compagnia<br \/>\nSan Paolo della Banca San Paolo di Torino, la sua opera \u201candava di brutto ma il tipo che parlava se stava zitto era meglio\u201d \u00e8 andata in onda su Radio Oreste Radio Rai 3 e in occasione di ArtVerona viene esposta presso Utopia Mangia le Mele, curata da Adriana Polveroni e Gabriele Tosi (VR).<br \/>\nNel 2016 viene selezionata per il premio Artevisione, promosso da Sky Arte e Careof presso Fabbrica del Vapore (Milano), con la sceneggiatura de Il cielo stellato, attualmente in fase di conclusione. Il film \u00e8 stato prodotto da Careof, Invisibile Film e ha ricevuto il supporto di SKY ARTE HD, Lucana Film Commission. Nel 2018 realizza il film A History about silence<br \/>\nrealizzato con il supporto di DOLOMITI CONTEMPORANEE &#8211; Laboratorio d\u2019arti visive in ambiente e Progetto Borca, proiettato al Filmmaker Film Festival di Milano, al 67 Trento Film Festival.<\/p>\n<p>MARCO ZUIN, autore di \u201cHoa\u201d che sar\u00e0 proiettato venerd\u00ec alle 21.00 al Lido di Revine Lago Filmmaker e autore. Nasce a Vicenza nel 1978. Iscritto al DAMS Cinema di Bologna si laurea con una tesi sul ruolo della famiglia nel cinema italiano. Negli ultimi anni si \u00e8 dedicato alla produzione di cortometraggi e documentari sociali: Daily Lydia (2014), La sedia di cartone<br \/>\n(2015), Niente sta scritto (2017) e Hoa (2018), selezionati in numerosi festival in Italia e nel mondo, ottenendo visibilit\u00e0 e premi. Nel suo approccio al cinema e al documentario c\u2019\u00e8 l\u2019idea di sociale inteso come socialit\u00e0 e attenzione al senso di comunit\u00e0.<\/p>\n<p>MARTINA MELILLI, autrice della proiezione speciale \u201cMy Home, in Libya\u201d che verr\u00e0 presentata marted\u00ec 23 alle ore 21.00 presso il parco Livelet di Revine Lago Artista audio-visiva e regista. Laureata in Arti Visive (IUAV), ha approfondito gli studi in cinema documentario e sperimentale alla LUCA School of Art di Bruxelles.<br \/>\nI suoi cortometraggi sono stati selezionati in diversi festival nazionali e internazionali (IFFR, Ji.hlava, Filmmaker, CineMigrante, DocuTIFF, tra gli altri). Nel 2016 ha vinto il premio Quotidiana.<br \/>\n\u00c8 la vincitrice dell\u2019edizione 2017 di Artevisione con il film MUM, I\u2019M SORRY, poi parte della collezione del Museo del Novecento (Milano). Melilli \u00e8 parte dell\u2019edizione 2018 di VISIO \u2013 European Programme on Artists\u2019 Moving Images. \u201cMy home, in Libya\u201d \u00e8 il suo primo documentario di creazione, prodotto da Stefilm International, ZDF\/ARTE, RAI Cinema, con il<br \/>\nsostegno del MiBACT che l\u2019ha anche riconosciuto di interesse culturale, e per il quale ha ricevuto una borsa di sviluppo dal Premio Solinas. Il film \u00e8 stato presentato in prima mondiale al Festival di Locarno 2018, poi Chicago IFF, DOK Leipzig, e molti altri, tra cui il Trieste Film Festival 2019, dove ha vinto il Premio Corso Salani.<br \/>\nMercoled\u00ec 24 si potr\u00e0 incontrare la regista al talk UN AP\u00c9RO AVEC MARTINA, ore 17.30 presso il Livelet lounge di Revine Lago.<br \/>\nMy Home, in Libya (Italia, 2018, documentario, 66\u2019) di Martina Melilli<br \/>\nFilmando la casa dei suoi nonni vicino a Padova, Martina identifica una mappa di luoghi appartenuti al loro passato. Il nonno Antonio \u00e8 nato a Tripoli, in Libia, quando questa era una colonia italiana, e l\u00ec ha sposato Narcisa. Sono stati costretti a lasciare il paese all\u2019improvviso nel 1970, dopo il colpo di stato di Gheddafi. Con l\u2019aiuto di un giovane libico contattato tramite i social media, Martina raccoglie immagini di quella che \u00e8 diventata oggi l\u2019allora<br \/>\n\u201ccasa\u201d dei suoi nonni. I nomi di alcune strade sono totalmente cambiati, altri no. Tramite lo scambio di immagini e chat, la relazione tra i due diventa pi\u00f9 profonda. Il web permette loro di superare pian piano i confini fisici e culturali che separano le loro vite, portandoci all\u2019interno di un mondo nel quale i media non hanno accesso. \u201cIo credo \u2013 afferma la regista \u2013 nel valore delle storie di singoli che riescono a raccontare un vissuto comune a molti, e<br \/>\nnella coralit\u00e0 di un racconto per raccoglierne punti di vista e sfaccettature diversi. La rappresentazione della memoria, individuale e collettiva, e il ruolo delle immagini e dei media nella societ\u00e0 contemporanea, assieme al senso di appartenenza sono i principali interessi della mia ricerca e della mia pratica artistica\u201d. E infatti nel documentario troviamo la storia del nonno Antonio, condivisa da tutti quegli italiani che hanno vissuto l\u2019esperienza<br \/>\ndell\u2019espatrio forzato dalla Libia, e poi quella di Mahmoud, giovane libico laureato in ingegneria nucleare, accomunati dalla citt\u00e0 di Tripoli. My home, in Libya, presentato in prima mondiale al Festival di Locarno 2018, \u00e8 il primo documentario di Martina Melilli, che \u00e8 anche stata giurata del Lago Film Fest nel 2017.<\/p>","protected":false},"excerpt":{"rendered":"<p>Quinta giornata e ci si addentra nel cuore del festival. Da ieri il borgo di Lago \u00e8 popolato di sceneggiatori e registi venuti per i BAREFOOT INDUSTRY DAYS, meeting dedicati ai professionisti del mondo del cinema. A partire da oggi saranno organizzate tre giornate di eventi in cui si affronter\u00e0 il processo di sviluppo di [&hellip;]<\/p>\n","protected":false},"author":2,"featured_media":0,"comment_status":"closed","ping_status":"open","sticky":false,"template":"","format":"standard","meta":{"footnotes":""},"categories":[27,3,3394,25],"tags":[],"class_list":["post-106479","post","type-post","status-publish","format-standard","category-appuntamenti","category-arte-cultura-spettacoli-scienza-archivi","category-cultura-e-spettacoli-fuori-provincia","category-pausa-caffe"],"yoast_head":"<!-- This site is optimized with the Yoast SEO plugin v28.4 - https:\/\/yoast.com\/product\/yoast-seo-wordpress\/ -->\n<title>Lago Film Fest \u00e8 anche formazione. Il programma di marted\u00ec - Bellunopress - Dolomiti<\/title>\n<meta name=\"robots\" content=\"index, follow, max-snippet:-1, max-image-preview:large, max-video-preview:-1\" \/>\n<link rel=\"canonical\" href=\"https:\/\/www.bellunopress.it\/fr\/2019\/07\/22\/lago-film-fest-e-anche-formazione-il-programma-di-martedi\/\" \/>\n<meta property=\"og:locale\" content=\"fr_FR\" \/>\n<meta property=\"og:type\" content=\"article\" \/>\n<meta property=\"og:title\" content=\"Lago Film Fest \u00e8 anche formazione. Il programma di marted\u00ec - Bellunopress - Dolomiti\" \/>\n<meta property=\"og:description\" content=\"Quinta giornata e ci si addentra nel cuore del festival. Da ieri il borgo di Lago \u00e8 popolato di sceneggiatori e registi venuti per i BAREFOOT INDUSTRY DAYS, meeting dedicati ai professionisti del mondo del cinema. A partire da oggi saranno organizzate tre giornate di eventi in cui si affronter\u00e0 il processo di sviluppo di [&hellip;]\" \/>\n<meta property=\"og:url\" content=\"https:\/\/www.bellunopress.it\/fr\/2019\/07\/22\/lago-film-fest-e-anche-formazione-il-programma-di-martedi\/\" \/>\n<meta property=\"og:site_name\" content=\"Bellunopress - Dolomiti\" \/>\n<meta property=\"article:publisher\" content=\"https:\/\/www.facebook.com\/profile.php?id=100008943462799\" \/>\n<meta property=\"article:published_time\" content=\"2019-07-22T15:26:53+00:00\" \/>\n<meta property=\"og:image\" content=\"http:\/\/www.bellunopress.it\/wp-content\/uploads\/2013\/02\/lago-film-fest.jpg\" \/>\n<meta name=\"author\" content=\"redazione\" \/>\n<meta name=\"twitter:card\" content=\"summary_large_image\" \/>\n<meta name=\"twitter:creator\" content=\"@bellunopress\" \/>\n<meta name=\"twitter:site\" content=\"@bellunopress\" \/>\n<meta name=\"twitter:label1\" content=\"\u00c9crit par\" \/>\n\t<meta name=\"twitter:data1\" content=\"redazione\" \/>\n\t<meta name=\"twitter:label2\" content=\"Dur\u00e9e de lecture estim\u00e9e\" \/>\n\t<meta name=\"twitter:data2\" content=\"8 minutes\" \/>\n<script type=\"application\/ld+json\" class=\"yoast-schema-graph\">{\"@context\":\"https:\\\/\\\/schema.org\",\"@graph\":[{\"@type\":\"Article\",\"@id\":\"https:\\\/\\\/www.bellunopress.it\\\/2019\\\/07\\\/22\\\/lago-film-fest-e-anche-formazione-il-programma-di-martedi\\\/#article\",\"isPartOf\":{\"@id\":\"https:\\\/\\\/www.bellunopress.it\\\/2019\\\/07\\\/22\\\/lago-film-fest-e-anche-formazione-il-programma-di-martedi\\\/\"},\"author\":{\"name\":\"redazione\",\"@id\":\"https:\\\/\\\/www.bellunopress.it\\\/#\\\/schema\\\/person\\\/79bb06722b37ece1c03d3e94beb30d73\"},\"headline\":\"Lago Film Fest \u00e8 anche formazione. Il programma di marted\u00ec\",\"datePublished\":\"2019-07-22T15:26:53+00:00\",\"mainEntityOfPage\":{\"@id\":\"https:\\\/\\\/www.bellunopress.it\\\/2019\\\/07\\\/22\\\/lago-film-fest-e-anche-formazione-il-programma-di-martedi\\\/\"},\"wordCount\":1610,\"publisher\":{\"@id\":\"https:\\\/\\\/www.bellunopress.it\\\/#organization\"},\"image\":{\"@id\":\"https:\\\/\\\/www.bellunopress.it\\\/2019\\\/07\\\/22\\\/lago-film-fest-e-anche-formazione-il-programma-di-martedi\\\/#primaryimage\"},\"thumbnailUrl\":\"http:\\\/\\\/www.bellunopress.it\\\/wp-content\\\/uploads\\\/2013\\\/02\\\/lago-film-fest.jpg\",\"articleSection\":[\"Appuntamenti, Eventi\",\"Arte, Cultura, Spettacoli, Scienza\",\"Cultura e spettacoli, tempo libero, benessere, fuori provincia\",\"Pausa Caff\u00e8\"],\"inLanguage\":\"fr-FR\"},{\"@type\":\"WebPage\",\"@id\":\"https:\\\/\\\/www.bellunopress.it\\\/2019\\\/07\\\/22\\\/lago-film-fest-e-anche-formazione-il-programma-di-martedi\\\/\",\"url\":\"https:\\\/\\\/www.bellunopress.it\\\/2019\\\/07\\\/22\\\/lago-film-fest-e-anche-formazione-il-programma-di-martedi\\\/\",\"name\":\"Lago Film Fest \u00e8 anche formazione. Il programma di marted\u00ec - Bellunopress - Dolomiti\",\"isPartOf\":{\"@id\":\"https:\\\/\\\/www.bellunopress.it\\\/#website\"},\"primaryImageOfPage\":{\"@id\":\"https:\\\/\\\/www.bellunopress.it\\\/2019\\\/07\\\/22\\\/lago-film-fest-e-anche-formazione-il-programma-di-martedi\\\/#primaryimage\"},\"image\":{\"@id\":\"https:\\\/\\\/www.bellunopress.it\\\/2019\\\/07\\\/22\\\/lago-film-fest-e-anche-formazione-il-programma-di-martedi\\\/#primaryimage\"},\"thumbnailUrl\":\"http:\\\/\\\/www.bellunopress.it\\\/wp-content\\\/uploads\\\/2013\\\/02\\\/lago-film-fest.jpg\",\"datePublished\":\"2019-07-22T15:26:53+00:00\",\"breadcrumb\":{\"@id\":\"https:\\\/\\\/www.bellunopress.it\\\/2019\\\/07\\\/22\\\/lago-film-fest-e-anche-formazione-il-programma-di-martedi\\\/#breadcrumb\"},\"inLanguage\":\"fr-FR\",\"potentialAction\":[{\"@type\":\"ReadAction\",\"target\":[\"https:\\\/\\\/www.bellunopress.it\\\/2019\\\/07\\\/22\\\/lago-film-fest-e-anche-formazione-il-programma-di-martedi\\\/\"]}]},{\"@type\":\"ImageObject\",\"inLanguage\":\"fr-FR\",\"@id\":\"https:\\\/\\\/www.bellunopress.it\\\/2019\\\/07\\\/22\\\/lago-film-fest-e-anche-formazione-il-programma-di-martedi\\\/#primaryimage\",\"url\":\"http:\\\/\\\/www.bellunopress.it\\\/wp-content\\\/uploads\\\/2013\\\/02\\\/lago-film-fest.jpg\",\"contentUrl\":\"http:\\\/\\\/www.bellunopress.it\\\/wp-content\\\/uploads\\\/2013\\\/02\\\/lago-film-fest.jpg\"},{\"@type\":\"BreadcrumbList\",\"@id\":\"https:\\\/\\\/www.bellunopress.it\\\/2019\\\/07\\\/22\\\/lago-film-fest-e-anche-formazione-il-programma-di-martedi\\\/#breadcrumb\",\"itemListElement\":[{\"@type\":\"ListItem\",\"position\":1,\"name\":\"Home\",\"item\":\"https:\\\/\\\/www.bellunopress.it\\\/\"},{\"@type\":\"ListItem\",\"position\":2,\"name\":\"Lago Film Fest \u00e8 anche formazione. Il programma di marted\u00ec\"}]},{\"@type\":\"WebSite\",\"@id\":\"https:\\\/\\\/www.bellunopress.it\\\/#website\",\"url\":\"https:\\\/\\\/www.bellunopress.it\\\/\",\"name\":\"Bellunopress - Dolomiti\",\"description\":\"e-mail: redazione@bellunopress.it\",\"publisher\":{\"@id\":\"https:\\\/\\\/www.bellunopress.it\\\/#organization\"},\"potentialAction\":[{\"@type\":\"SearchAction\",\"target\":{\"@type\":\"EntryPoint\",\"urlTemplate\":\"https:\\\/\\\/www.bellunopress.it\\\/?s={search_term_string}\"},\"query-input\":{\"@type\":\"PropertyValueSpecification\",\"valueRequired\":true,\"valueName\":\"search_term_string\"}}],\"inLanguage\":\"fr-FR\"},{\"@type\":\"Organization\",\"@id\":\"https:\\\/\\\/www.bellunopress.it\\\/#organization\",\"name\":\"Bellunopress\",\"url\":\"https:\\\/\\\/www.bellunopress.it\\\/\",\"logo\":{\"@type\":\"ImageObject\",\"inLanguage\":\"fr-FR\",\"@id\":\"https:\\\/\\\/www.bellunopress.it\\\/#\\\/schema\\\/logo\\\/image\\\/\",\"url\":\"https:\\\/\\\/www.bellunopress.it\\\/wp-content\\\/uploads\\\/2011\\\/05\\\/cropped-logo-bellunopress-.jpg\",\"contentUrl\":\"https:\\\/\\\/www.bellunopress.it\\\/wp-content\\\/uploads\\\/2011\\\/05\\\/cropped-logo-bellunopress-.jpg\",\"width\":512,\"height\":512,\"caption\":\"Bellunopress\"},\"image\":{\"@id\":\"https:\\\/\\\/www.bellunopress.it\\\/#\\\/schema\\\/logo\\\/image\\\/\"},\"sameAs\":[\"https:\\\/\\\/www.facebook.com\\\/profile.php?id=100008943462799\",\"https:\\\/\\\/x.com\\\/bellunopress\",\"https:\\\/\\\/www.linkedin.com\\\/hp\\\/?dnr=JBzUWaJfMUw8vbXJJ2tVW5-I3jZKvC4wsoxE&amp;amp;amp;amp;amp;amp;trk=nav_responsive_tab_home\",\"https:\\\/\\\/www.youtube.com\\\/channel\\\/UCxL0wu1uN0_3_7hGG0306cw\"]},{\"@type\":\"Person\",\"@id\":\"https:\\\/\\\/www.bellunopress.it\\\/#\\\/schema\\\/person\\\/79bb06722b37ece1c03d3e94beb30d73\",\"name\":\"redazione\",\"image\":{\"@type\":\"ImageObject\",\"inLanguage\":\"fr-FR\",\"@id\":\"https:\\\/\\\/secure.gravatar.com\\\/avatar\\\/37d968a2e67a6fd04c169c4bdef102d0bc5d31b2546345219e348575eb80e9a0?s=96&d=mm&r=g\",\"url\":\"https:\\\/\\\/secure.gravatar.com\\\/avatar\\\/37d968a2e67a6fd04c169c4bdef102d0bc5d31b2546345219e348575eb80e9a0?s=96&d=mm&r=g\",\"contentUrl\":\"https:\\\/\\\/secure.gravatar.com\\\/avatar\\\/37d968a2e67a6fd04c169c4bdef102d0bc5d31b2546345219e348575eb80e9a0?s=96&d=mm&r=g\",\"caption\":\"redazione\"},\"sameAs\":[\"http:\\\/\\\/www.bellunopress.it\",\"https:\\\/\\\/x.com\\\/bellunopress\"],\"url\":\"https:\\\/\\\/www.bellunopress.it\\\/fr\\\/author\\\/redazione\\\/\"}]}<\/script>\n<!-- \/ Yoast SEO plugin. -->","yoast_head_json":{"title":"Lago Film Fest \u00e8 anche formazione. Il programma di marted\u00ec - Bellunopress - Dolomiti","robots":{"index":"index","follow":"follow","max-snippet":"max-snippet:-1","max-image-preview":"max-image-preview:large","max-video-preview":"max-video-preview:-1"},"canonical":"https:\/\/www.bellunopress.it\/fr\/2019\/07\/22\/lago-film-fest-e-anche-formazione-il-programma-di-martedi\/","og_locale":"fr_FR","og_type":"article","og_title":"Lago Film Fest \u00e8 anche formazione. Il programma di marted\u00ec - Bellunopress - Dolomiti","og_description":"Quinta giornata e ci si addentra nel cuore del festival. Da ieri il borgo di Lago \u00e8 popolato di sceneggiatori e registi venuti per i BAREFOOT INDUSTRY DAYS, meeting dedicati ai professionisti del mondo del cinema. A partire da oggi saranno organizzate tre giornate di eventi in cui si affronter\u00e0 il processo di sviluppo di [&hellip;]","og_url":"https:\/\/www.bellunopress.it\/fr\/2019\/07\/22\/lago-film-fest-e-anche-formazione-il-programma-di-martedi\/","og_site_name":"Bellunopress - Dolomiti","article_publisher":"https:\/\/www.facebook.com\/profile.php?id=100008943462799","article_published_time":"2019-07-22T15:26:53+00:00","og_image":[{"url":"http:\/\/www.bellunopress.it\/wp-content\/uploads\/2013\/02\/lago-film-fest.jpg","type":"","width":"","height":""}],"author":"redazione","twitter_card":"summary_large_image","twitter_creator":"@bellunopress","twitter_site":"@bellunopress","twitter_misc":{"\u00c9crit par":"redazione","Dur\u00e9e de lecture estim\u00e9e":"8 minutes"},"schema":{"@context":"https:\/\/schema.org","@graph":[{"@type":"Article","@id":"https:\/\/www.bellunopress.it\/2019\/07\/22\/lago-film-fest-e-anche-formazione-il-programma-di-martedi\/#article","isPartOf":{"@id":"https:\/\/www.bellunopress.it\/2019\/07\/22\/lago-film-fest-e-anche-formazione-il-programma-di-martedi\/"},"author":{"name":"redazione","@id":"https:\/\/www.bellunopress.it\/#\/schema\/person\/79bb06722b37ece1c03d3e94beb30d73"},"headline":"Lago Film Fest \u00e8 anche formazione. Il programma di marted\u00ec","datePublished":"2019-07-22T15:26:53+00:00","mainEntityOfPage":{"@id":"https:\/\/www.bellunopress.it\/2019\/07\/22\/lago-film-fest-e-anche-formazione-il-programma-di-martedi\/"},"wordCount":1610,"publisher":{"@id":"https:\/\/www.bellunopress.it\/#organization"},"image":{"@id":"https:\/\/www.bellunopress.it\/2019\/07\/22\/lago-film-fest-e-anche-formazione-il-programma-di-martedi\/#primaryimage"},"thumbnailUrl":"http:\/\/www.bellunopress.it\/wp-content\/uploads\/2013\/02\/lago-film-fest.jpg","articleSection":["Appuntamenti, Eventi","Arte, Cultura, Spettacoli, Scienza","Cultura e spettacoli, tempo libero, benessere, fuori provincia","Pausa Caff\u00e8"],"inLanguage":"fr-FR"},{"@type":"WebPage","@id":"https:\/\/www.bellunopress.it\/2019\/07\/22\/lago-film-fest-e-anche-formazione-il-programma-di-martedi\/","url":"https:\/\/www.bellunopress.it\/2019\/07\/22\/lago-film-fest-e-anche-formazione-il-programma-di-martedi\/","name":"Lago Film Fest \u00e8 anche formazione. Il programma di marted\u00ec - Bellunopress - Dolomiti","isPartOf":{"@id":"https:\/\/www.bellunopress.it\/#website"},"primaryImageOfPage":{"@id":"https:\/\/www.bellunopress.it\/2019\/07\/22\/lago-film-fest-e-anche-formazione-il-programma-di-martedi\/#primaryimage"},"image":{"@id":"https:\/\/www.bellunopress.it\/2019\/07\/22\/lago-film-fest-e-anche-formazione-il-programma-di-martedi\/#primaryimage"},"thumbnailUrl":"http:\/\/www.bellunopress.it\/wp-content\/uploads\/2013\/02\/lago-film-fest.jpg","datePublished":"2019-07-22T15:26:53+00:00","breadcrumb":{"@id":"https:\/\/www.bellunopress.it\/2019\/07\/22\/lago-film-fest-e-anche-formazione-il-programma-di-martedi\/#breadcrumb"},"inLanguage":"fr-FR","potentialAction":[{"@type":"ReadAction","target":["https:\/\/www.bellunopress.it\/2019\/07\/22\/lago-film-fest-e-anche-formazione-il-programma-di-martedi\/"]}]},{"@type":"ImageObject","inLanguage":"fr-FR","@id":"https:\/\/www.bellunopress.it\/2019\/07\/22\/lago-film-fest-e-anche-formazione-il-programma-di-martedi\/#primaryimage","url":"http:\/\/www.bellunopress.it\/wp-content\/uploads\/2013\/02\/lago-film-fest.jpg","contentUrl":"http:\/\/www.bellunopress.it\/wp-content\/uploads\/2013\/02\/lago-film-fest.jpg"},{"@type":"BreadcrumbList","@id":"https:\/\/www.bellunopress.it\/2019\/07\/22\/lago-film-fest-e-anche-formazione-il-programma-di-martedi\/#breadcrumb","itemListElement":[{"@type":"ListItem","position":1,"name":"Home","item":"https:\/\/www.bellunopress.it\/"},{"@type":"ListItem","position":2,"name":"Lago Film Fest \u00e8 anche formazione. Il programma di marted\u00ec"}]},{"@type":"WebSite","@id":"https:\/\/www.bellunopress.it\/#website","url":"https:\/\/www.bellunopress.it\/","name":"Bellunopress - Dolomiti","description":"e-mail: redazione@bellunopress.it","publisher":{"@id":"https:\/\/www.bellunopress.it\/#organization"},"potentialAction":[{"@type":"SearchAction","target":{"@type":"EntryPoint","urlTemplate":"https:\/\/www.bellunopress.it\/?s={search_term_string}"},"query-input":{"@type":"PropertyValueSpecification","valueRequired":true,"valueName":"search_term_string"}}],"inLanguage":"fr-FR"},{"@type":"Organization","@id":"https:\/\/www.bellunopress.it\/#organization","name":"Bellunopress","url":"https:\/\/www.bellunopress.it\/","logo":{"@type":"ImageObject","inLanguage":"fr-FR","@id":"https:\/\/www.bellunopress.it\/#\/schema\/logo\/image\/","url":"https:\/\/www.bellunopress.it\/wp-content\/uploads\/2011\/05\/cropped-logo-bellunopress-.jpg","contentUrl":"https:\/\/www.bellunopress.it\/wp-content\/uploads\/2011\/05\/cropped-logo-bellunopress-.jpg","width":512,"height":512,"caption":"Bellunopress"},"image":{"@id":"https:\/\/www.bellunopress.it\/#\/schema\/logo\/image\/"},"sameAs":["https:\/\/www.facebook.com\/profile.php?id=100008943462799","https:\/\/x.com\/bellunopress","https:\/\/www.linkedin.com\/hp\/?dnr=JBzUWaJfMUw8vbXJJ2tVW5-I3jZKvC4wsoxE&amp;amp;amp;amp;amp;amp;trk=nav_responsive_tab_home","https:\/\/www.youtube.com\/channel\/UCxL0wu1uN0_3_7hGG0306cw"]},{"@type":"Person","@id":"https:\/\/www.bellunopress.it\/#\/schema\/person\/79bb06722b37ece1c03d3e94beb30d73","name":"r\u00e9daction","image":{"@type":"ImageObject","inLanguage":"fr-FR","@id":"https:\/\/secure.gravatar.com\/avatar\/37d968a2e67a6fd04c169c4bdef102d0bc5d31b2546345219e348575eb80e9a0?s=96&d=mm&r=g","url":"https:\/\/secure.gravatar.com\/avatar\/37d968a2e67a6fd04c169c4bdef102d0bc5d31b2546345219e348575eb80e9a0?s=96&d=mm&r=g","contentUrl":"https:\/\/secure.gravatar.com\/avatar\/37d968a2e67a6fd04c169c4bdef102d0bc5d31b2546345219e348575eb80e9a0?s=96&d=mm&r=g","caption":"redazione"},"sameAs":["http:\/\/www.bellunopress.it","https:\/\/x.com\/bellunopress"],"url":"https:\/\/www.bellunopress.it\/fr\/author\/redazione\/"}]}},"_links":{"self":[{"href":"https:\/\/www.bellunopress.it\/fr\/wp-json\/wp\/v2\/posts\/106479","targetHints":{"allow":["GET"]}}],"collection":[{"href":"https:\/\/www.bellunopress.it\/fr\/wp-json\/wp\/v2\/posts"}],"about":[{"href":"https:\/\/www.bellunopress.it\/fr\/wp-json\/wp\/v2\/types\/post"}],"author":[{"embeddable":true,"href":"https:\/\/www.bellunopress.it\/fr\/wp-json\/wp\/v2\/users\/2"}],"replies":[{"embeddable":true,"href":"https:\/\/www.bellunopress.it\/fr\/wp-json\/wp\/v2\/comments?post=106479"}],"version-history":[{"count":1,"href":"https:\/\/www.bellunopress.it\/fr\/wp-json\/wp\/v2\/posts\/106479\/revisions"}],"predecessor-version":[{"id":106480,"href":"https:\/\/www.bellunopress.it\/fr\/wp-json\/wp\/v2\/posts\/106479\/revisions\/106480"}],"wp:attachment":[{"href":"https:\/\/www.bellunopress.it\/fr\/wp-json\/wp\/v2\/media?parent=106479"}],"wp:term":[{"taxonomy":"category","embeddable":true,"href":"https:\/\/www.bellunopress.it\/fr\/wp-json\/wp\/v2\/categories?post=106479"},{"taxonomy":"post_tag","embeddable":true,"href":"https:\/\/www.bellunopress.it\/fr\/wp-json\/wp\/v2\/tags?post=106479"}],"curies":[{"name":"wp","href":"https:\/\/api.w.org\/{rel}","templated":true}]}}