{"id":106404,"date":"2019-07-20T14:19:48","date_gmt":"2019-07-20T12:19:48","guid":{"rendered":"http:\/\/www.bellunopress.it\/?p=106404"},"modified":"2019-07-20T14:19:48","modified_gmt":"2019-07-20T12:19:48","slug":"meteo-oggi-e-domani-stato-di-attenzione-per-temporali-anche-intensi-sulle-dolomiti","status":"publish","type":"post","link":"https:\/\/www.bellunopress.it\/fr\/2019\/07\/20\/meteo-oggi-e-domani-stato-di-attenzione-per-temporali-anche-intensi-sulle-dolomiti\/","title":{"rendered":"Meteo. Oggi e domani stato di attenzione per temporali anche intensi sulle Dolomiti"},"content":{"rendered":"<figure id=\"attachment_104989\" aria-describedby=\"caption-attachment-104989\" style=\"width: 300px\" class=\"wp-caption alignleft\"><a href=\"http:\/\/www.bellunopress.it\/fr\/2019\/05\/29\/nubifragio-a-castelfranco-e-portogruaro-da-giovedi-miglioramento-e-aumento-delle-temperature\/arpav-sala-meteo\/\" rel=\"attachment wp-att-104989\"><img loading=\"lazy\" decoding=\"async\" class=\"size-full wp-image-104989\" src=\"http:\/\/www.bellunopress.it\/wp-content\/uploads\/2019\/05\/Arpav-sala-meteo.jpg\" alt=\"\" width=\"300\" height=\"272\" \/><\/a><figcaption id=\"caption-attachment-104989\" class=\"wp-caption-text\">Arpav, sala meteo<\/figcaption><\/figure>\n<p>Venezia, 20 luglio 2019\u00a0 &#8211;\u00a0\u00a0Temperature in aumento in Veneto, instabilit\u00e0 sui rilievi e qualche rovescio nell\u2019area dolomitica: queste le previsioni del Centro meteo dell\u2019Arpav per la giornata di oggi e di domani. Il Centro funzionale decentrato della Protezione civile regionale ha dichiarato lo \u2018stato di attenzione\u2019 (allerta gialla) per il bacino idrografico dell\u2019Alto Piave, nel Bellunese, fino alla mezzanotte di domenica 21 luglio, per possibili rovesci o temporali sui rilievi, con possibilit\u00e0 di qualche fenomeno intenso sulle Dolomiti e di qualche rovescio locale sulle zone pedemontane e sulla pianura settentrionale.<\/p>\n<p>Domani, al mattino, si prevede tempo generalmente sereno o poco nuvoloso con qualche tratto di nubi alte. Nel pomeriggio sono attese nuvolosit\u00e0 cumuliforme sui rilievi e, pi\u00f9 localmente, sulla pianura e zone pedemontane.<\/p>\n<p>Rimane confermato lo stato di allerta per la frana di Borca di Cadore.<\/p>","protected":false},"excerpt":{"rendered":"<p>Venezia, 20 luglio 2019\u00a0 &#8211;\u00a0\u00a0Temperature in aumento in Veneto, instabilit\u00e0 sui rilievi e qualche rovescio nell\u2019area dolomitica: queste le previsioni del Centro meteo dell\u2019Arpav per la giornata di oggi e di domani. Il Centro funzionale decentrato della Protezione civile regionale ha dichiarato lo \u2018stato di attenzione\u2019 (allerta gialla) per il bacino idrografico dell\u2019Alto Piave, nel [&hellip;]<\/p>\n","protected":false},"author":2,"featured_media":0,"comment_status":"closed","ping_status":"open","sticky":false,"template":"","format":"standard","meta":{"footnotes":""},"categories":[38,26],"tags":[],"class_list":["post-106404","post","type-post","status-publish","format-standard","category-natura-ambiente","category-prima-pagina"],"yoast_head":"<!-- This site is optimized with the Yoast SEO plugin v28.4 - https:\/\/yoast.com\/product\/yoast-seo-wordpress\/ -->\n<title>Meteo. Oggi e domani stato di attenzione per temporali anche intensi sulle Dolomiti - Bellunopress - Dolomiti<\/title>\n<meta name=\"robots\" content=\"index, follow, max-snippet:-1, max-image-preview:large, max-video-preview:-1\" \/>\n<link rel=\"canonical\" href=\"https:\/\/www.bellunopress.it\/fr\/2019\/07\/20\/meteo-oggi-e-domani-stato-di-attenzione-per-temporali-anche-intensi-sulle-dolomiti\/\" \/>\n<meta property=\"og:locale\" content=\"fr_FR\" \/>\n<meta property=\"og:type\" content=\"article\" \/>\n<meta property=\"og:title\" content=\"Meteo. Oggi e domani stato di attenzione per temporali anche intensi sulle Dolomiti - Bellunopress - Dolomiti\" \/>\n<meta property=\"og:description\" content=\"Venezia, 20 luglio 2019\u00a0 &#8211;\u00a0\u00a0Temperature in aumento in Veneto, instabilit\u00e0 sui rilievi e qualche rovescio nell\u2019area dolomitica: queste le previsioni del Centro meteo dell\u2019Arpav per la giornata di oggi e di domani. Il Centro funzionale decentrato della Protezione civile regionale ha dichiarato lo \u2018stato di attenzione\u2019 (allerta gialla) per il bacino idrografico dell\u2019Alto Piave, nel [&hellip;]\" \/>\n<meta property=\"og:url\" content=\"https:\/\/www.bellunopress.it\/fr\/2019\/07\/20\/meteo-oggi-e-domani-stato-di-attenzione-per-temporali-anche-intensi-sulle-dolomiti\/\" \/>\n<meta property=\"og:site_name\" content=\"Bellunopress - Dolomiti\" \/>\n<meta property=\"article:publisher\" content=\"https:\/\/www.facebook.com\/profile.php?id=100008943462799\" \/>\n<meta property=\"article:published_time\" content=\"2019-07-20T12:19:48+00:00\" \/>\n<meta property=\"og:image\" content=\"http:\/\/www.bellunopress.it\/wp-content\/uploads\/2019\/05\/Arpav-sala-meteo.jpg\" \/>\n<meta name=\"author\" content=\"redazione\" \/>\n<meta name=\"twitter:card\" content=\"summary_large_image\" \/>\n<meta name=\"twitter:creator\" content=\"@bellunopress\" \/>\n<meta name=\"twitter:site\" content=\"@bellunopress\" \/>\n<meta name=\"twitter:label1\" content=\"\u00c9crit par\" \/>\n\t<meta name=\"twitter:data1\" content=\"redazione\" \/>\n\t<meta name=\"twitter:label2\" content=\"Dur\u00e9e de lecture estim\u00e9e\" \/>\n\t<meta name=\"twitter:data2\" content=\"1 minute\" \/>\n<script type=\"application\/ld+json\" class=\"yoast-schema-graph\">{\"@context\":\"https:\\\/\\\/schema.org\",\"@graph\":[{\"@type\":\"Article\",\"@id\":\"https:\\\/\\\/www.bellunopress.it\\\/2019\\\/07\\\/20\\\/meteo-oggi-e-domani-stato-di-attenzione-per-temporali-anche-intensi-sulle-dolomiti\\\/#article\",\"isPartOf\":{\"@id\":\"https:\\\/\\\/www.bellunopress.it\\\/2019\\\/07\\\/20\\\/meteo-oggi-e-domani-stato-di-attenzione-per-temporali-anche-intensi-sulle-dolomiti\\\/\"},\"author\":{\"name\":\"redazione\",\"@id\":\"https:\\\/\\\/www.bellunopress.it\\\/#\\\/schema\\\/person\\\/79bb06722b37ece1c03d3e94beb30d73\"},\"headline\":\"Meteo. Oggi e domani stato di attenzione per temporali anche intensi sulle Dolomiti\",\"datePublished\":\"2019-07-20T12:19:48+00:00\",\"mainEntityOfPage\":{\"@id\":\"https:\\\/\\\/www.bellunopress.it\\\/2019\\\/07\\\/20\\\/meteo-oggi-e-domani-stato-di-attenzione-per-temporali-anche-intensi-sulle-dolomiti\\\/\"},\"wordCount\":160,\"publisher\":{\"@id\":\"https:\\\/\\\/www.bellunopress.it\\\/#organization\"},\"image\":{\"@id\":\"https:\\\/\\\/www.bellunopress.it\\\/2019\\\/07\\\/20\\\/meteo-oggi-e-domani-stato-di-attenzione-per-temporali-anche-intensi-sulle-dolomiti\\\/#primaryimage\"},\"thumbnailUrl\":\"http:\\\/\\\/www.bellunopress.it\\\/wp-content\\\/uploads\\\/2019\\\/05\\\/Arpav-sala-meteo.jpg\",\"articleSection\":[\"Meteo, natura, ambiente, animali\",\"Prima Pagina\"],\"inLanguage\":\"fr-FR\"},{\"@type\":\"WebPage\",\"@id\":\"https:\\\/\\\/www.bellunopress.it\\\/2019\\\/07\\\/20\\\/meteo-oggi-e-domani-stato-di-attenzione-per-temporali-anche-intensi-sulle-dolomiti\\\/\",\"url\":\"https:\\\/\\\/www.bellunopress.it\\\/2019\\\/07\\\/20\\\/meteo-oggi-e-domani-stato-di-attenzione-per-temporali-anche-intensi-sulle-dolomiti\\\/\",\"name\":\"Meteo. Oggi e domani stato di attenzione per temporali anche intensi sulle Dolomiti - Bellunopress - Dolomiti\",\"isPartOf\":{\"@id\":\"https:\\\/\\\/www.bellunopress.it\\\/#website\"},\"primaryImageOfPage\":{\"@id\":\"https:\\\/\\\/www.bellunopress.it\\\/2019\\\/07\\\/20\\\/meteo-oggi-e-domani-stato-di-attenzione-per-temporali-anche-intensi-sulle-dolomiti\\\/#primaryimage\"},\"image\":{\"@id\":\"https:\\\/\\\/www.bellunopress.it\\\/2019\\\/07\\\/20\\\/meteo-oggi-e-domani-stato-di-attenzione-per-temporali-anche-intensi-sulle-dolomiti\\\/#primaryimage\"},\"thumbnailUrl\":\"http:\\\/\\\/www.bellunopress.it\\\/wp-content\\\/uploads\\\/2019\\\/05\\\/Arpav-sala-meteo.jpg\",\"datePublished\":\"2019-07-20T12:19:48+00:00\",\"breadcrumb\":{\"@id\":\"https:\\\/\\\/www.bellunopress.it\\\/2019\\\/07\\\/20\\\/meteo-oggi-e-domani-stato-di-attenzione-per-temporali-anche-intensi-sulle-dolomiti\\\/#breadcrumb\"},\"inLanguage\":\"fr-FR\",\"potentialAction\":[{\"@type\":\"ReadAction\",\"target\":[\"https:\\\/\\\/www.bellunopress.it\\\/2019\\\/07\\\/20\\\/meteo-oggi-e-domani-stato-di-attenzione-per-temporali-anche-intensi-sulle-dolomiti\\\/\"]}]},{\"@type\":\"ImageObject\",\"inLanguage\":\"fr-FR\",\"@id\":\"https:\\\/\\\/www.bellunopress.it\\\/2019\\\/07\\\/20\\\/meteo-oggi-e-domani-stato-di-attenzione-per-temporali-anche-intensi-sulle-dolomiti\\\/#primaryimage\",\"url\":\"http:\\\/\\\/www.bellunopress.it\\\/wp-content\\\/uploads\\\/2019\\\/05\\\/Arpav-sala-meteo.jpg\",\"contentUrl\":\"http:\\\/\\\/www.bellunopress.it\\\/wp-content\\\/uploads\\\/2019\\\/05\\\/Arpav-sala-meteo.jpg\"},{\"@type\":\"BreadcrumbList\",\"@id\":\"https:\\\/\\\/www.bellunopress.it\\\/2019\\\/07\\\/20\\\/meteo-oggi-e-domani-stato-di-attenzione-per-temporali-anche-intensi-sulle-dolomiti\\\/#breadcrumb\",\"itemListElement\":[{\"@type\":\"ListItem\",\"position\":1,\"name\":\"Home\",\"item\":\"https:\\\/\\\/www.bellunopress.it\\\/\"},{\"@type\":\"ListItem\",\"position\":2,\"name\":\"Meteo. Oggi e domani stato di attenzione per temporali anche intensi sulle Dolomiti\"}]},{\"@type\":\"WebSite\",\"@id\":\"https:\\\/\\\/www.bellunopress.it\\\/#website\",\"url\":\"https:\\\/\\\/www.bellunopress.it\\\/\",\"name\":\"Bellunopress - Dolomiti\",\"description\":\"e-mail: redazione@bellunopress.it\",\"publisher\":{\"@id\":\"https:\\\/\\\/www.bellunopress.it\\\/#organization\"},\"potentialAction\":[{\"@type\":\"SearchAction\",\"target\":{\"@type\":\"EntryPoint\",\"urlTemplate\":\"https:\\\/\\\/www.bellunopress.it\\\/?s={search_term_string}\"},\"query-input\":{\"@type\":\"PropertyValueSpecification\",\"valueRequired\":true,\"valueName\":\"search_term_string\"}}],\"inLanguage\":\"fr-FR\"},{\"@type\":\"Organization\",\"@id\":\"https:\\\/\\\/www.bellunopress.it\\\/#organization\",\"name\":\"Bellunopress\",\"url\":\"https:\\\/\\\/www.bellunopress.it\\\/\",\"logo\":{\"@type\":\"ImageObject\",\"inLanguage\":\"fr-FR\",\"@id\":\"https:\\\/\\\/www.bellunopress.it\\\/#\\\/schema\\\/logo\\\/image\\\/\",\"url\":\"https:\\\/\\\/www.bellunopress.it\\\/wp-content\\\/uploads\\\/2011\\\/05\\\/cropped-logo-bellunopress-.jpg\",\"contentUrl\":\"https:\\\/\\\/www.bellunopress.it\\\/wp-content\\\/uploads\\\/2011\\\/05\\\/cropped-logo-bellunopress-.jpg\",\"width\":512,\"height\":512,\"caption\":\"Bellunopress\"},\"image\":{\"@id\":\"https:\\\/\\\/www.bellunopress.it\\\/#\\\/schema\\\/logo\\\/image\\\/\"},\"sameAs\":[\"https:\\\/\\\/www.facebook.com\\\/profile.php?id=100008943462799\",\"https:\\\/\\\/x.com\\\/bellunopress\",\"https:\\\/\\\/www.linkedin.com\\\/hp\\\/?dnr=JBzUWaJfMUw8vbXJJ2tVW5-I3jZKvC4wsoxE&amp;amp;amp;amp;amp;amp;trk=nav_responsive_tab_home\",\"https:\\\/\\\/www.youtube.com\\\/channel\\\/UCxL0wu1uN0_3_7hGG0306cw\"]},{\"@type\":\"Person\",\"@id\":\"https:\\\/\\\/www.bellunopress.it\\\/#\\\/schema\\\/person\\\/79bb06722b37ece1c03d3e94beb30d73\",\"name\":\"redazione\",\"image\":{\"@type\":\"ImageObject\",\"inLanguage\":\"fr-FR\",\"@id\":\"https:\\\/\\\/secure.gravatar.com\\\/avatar\\\/37d968a2e67a6fd04c169c4bdef102d0bc5d31b2546345219e348575eb80e9a0?s=96&d=mm&r=g\",\"url\":\"https:\\\/\\\/secure.gravatar.com\\\/avatar\\\/37d968a2e67a6fd04c169c4bdef102d0bc5d31b2546345219e348575eb80e9a0?s=96&d=mm&r=g\",\"contentUrl\":\"https:\\\/\\\/secure.gravatar.com\\\/avatar\\\/37d968a2e67a6fd04c169c4bdef102d0bc5d31b2546345219e348575eb80e9a0?s=96&d=mm&r=g\",\"caption\":\"redazione\"},\"sameAs\":[\"http:\\\/\\\/www.bellunopress.it\",\"https:\\\/\\\/x.com\\\/bellunopress\"],\"url\":\"https:\\\/\\\/www.bellunopress.it\\\/fr\\\/author\\\/redazione\\\/\"}]}<\/script>\n<!-- \/ Yoast SEO plugin. -->","yoast_head_json":{"title":"Meteo. Oggi e domani stato di attenzione per temporali anche intensi sulle Dolomiti - Bellunopress - Dolomiti","robots":{"index":"index","follow":"follow","max-snippet":"max-snippet:-1","max-image-preview":"max-image-preview:large","max-video-preview":"max-video-preview:-1"},"canonical":"https:\/\/www.bellunopress.it\/fr\/2019\/07\/20\/meteo-oggi-e-domani-stato-di-attenzione-per-temporali-anche-intensi-sulle-dolomiti\/","og_locale":"fr_FR","og_type":"article","og_title":"Meteo. Oggi e domani stato di attenzione per temporali anche intensi sulle Dolomiti - Bellunopress - Dolomiti","og_description":"Venezia, 20 luglio 2019\u00a0 &#8211;\u00a0\u00a0Temperature in aumento in Veneto, instabilit\u00e0 sui rilievi e qualche rovescio nell\u2019area dolomitica: queste le previsioni del Centro meteo dell\u2019Arpav per la giornata di oggi e di domani. Il Centro funzionale decentrato della Protezione civile regionale ha dichiarato lo \u2018stato di attenzione\u2019 (allerta gialla) per il bacino idrografico dell\u2019Alto Piave, nel [&hellip;]","og_url":"https:\/\/www.bellunopress.it\/fr\/2019\/07\/20\/meteo-oggi-e-domani-stato-di-attenzione-per-temporali-anche-intensi-sulle-dolomiti\/","og_site_name":"Bellunopress - Dolomiti","article_publisher":"https:\/\/www.facebook.com\/profile.php?id=100008943462799","article_published_time":"2019-07-20T12:19:48+00:00","og_image":[{"url":"http:\/\/www.bellunopress.it\/wp-content\/uploads\/2019\/05\/Arpav-sala-meteo.jpg","type":"","width":"","height":""}],"author":"redazione","twitter_card":"summary_large_image","twitter_creator":"@bellunopress","twitter_site":"@bellunopress","twitter_misc":{"\u00c9crit par":"redazione","Dur\u00e9e de lecture estim\u00e9e":"1 minute"},"schema":{"@context":"https:\/\/schema.org","@graph":[{"@type":"Article","@id":"https:\/\/www.bellunopress.it\/2019\/07\/20\/meteo-oggi-e-domani-stato-di-attenzione-per-temporali-anche-intensi-sulle-dolomiti\/#article","isPartOf":{"@id":"https:\/\/www.bellunopress.it\/2019\/07\/20\/meteo-oggi-e-domani-stato-di-attenzione-per-temporali-anche-intensi-sulle-dolomiti\/"},"author":{"name":"redazione","@id":"https:\/\/www.bellunopress.it\/#\/schema\/person\/79bb06722b37ece1c03d3e94beb30d73"},"headline":"Meteo. Oggi e domani stato di attenzione per temporali anche intensi sulle Dolomiti","datePublished":"2019-07-20T12:19:48+00:00","mainEntityOfPage":{"@id":"https:\/\/www.bellunopress.it\/2019\/07\/20\/meteo-oggi-e-domani-stato-di-attenzione-per-temporali-anche-intensi-sulle-dolomiti\/"},"wordCount":160,"publisher":{"@id":"https:\/\/www.bellunopress.it\/#organization"},"image":{"@id":"https:\/\/www.bellunopress.it\/2019\/07\/20\/meteo-oggi-e-domani-stato-di-attenzione-per-temporali-anche-intensi-sulle-dolomiti\/#primaryimage"},"thumbnailUrl":"http:\/\/www.bellunopress.it\/wp-content\/uploads\/2019\/05\/Arpav-sala-meteo.jpg","articleSection":["Meteo, natura, ambiente, animali","Prima Pagina"],"inLanguage":"fr-FR"},{"@type":"WebPage","@id":"https:\/\/www.bellunopress.it\/2019\/07\/20\/meteo-oggi-e-domani-stato-di-attenzione-per-temporali-anche-intensi-sulle-dolomiti\/","url":"https:\/\/www.bellunopress.it\/2019\/07\/20\/meteo-oggi-e-domani-stato-di-attenzione-per-temporali-anche-intensi-sulle-dolomiti\/","name":"Meteo. Oggi e domani stato di attenzione per temporali anche intensi sulle Dolomiti - Bellunopress - Dolomiti","isPartOf":{"@id":"https:\/\/www.bellunopress.it\/#website"},"primaryImageOfPage":{"@id":"https:\/\/www.bellunopress.it\/2019\/07\/20\/meteo-oggi-e-domani-stato-di-attenzione-per-temporali-anche-intensi-sulle-dolomiti\/#primaryimage"},"image":{"@id":"https:\/\/www.bellunopress.it\/2019\/07\/20\/meteo-oggi-e-domani-stato-di-attenzione-per-temporali-anche-intensi-sulle-dolomiti\/#primaryimage"},"thumbnailUrl":"http:\/\/www.bellunopress.it\/wp-content\/uploads\/2019\/05\/Arpav-sala-meteo.jpg","datePublished":"2019-07-20T12:19:48+00:00","breadcrumb":{"@id":"https:\/\/www.bellunopress.it\/2019\/07\/20\/meteo-oggi-e-domani-stato-di-attenzione-per-temporali-anche-intensi-sulle-dolomiti\/#breadcrumb"},"inLanguage":"fr-FR","potentialAction":[{"@type":"ReadAction","target":["https:\/\/www.bellunopress.it\/2019\/07\/20\/meteo-oggi-e-domani-stato-di-attenzione-per-temporali-anche-intensi-sulle-dolomiti\/"]}]},{"@type":"ImageObject","inLanguage":"fr-FR","@id":"https:\/\/www.bellunopress.it\/2019\/07\/20\/meteo-oggi-e-domani-stato-di-attenzione-per-temporali-anche-intensi-sulle-dolomiti\/#primaryimage","url":"http:\/\/www.bellunopress.it\/wp-content\/uploads\/2019\/05\/Arpav-sala-meteo.jpg","contentUrl":"http:\/\/www.bellunopress.it\/wp-content\/uploads\/2019\/05\/Arpav-sala-meteo.jpg"},{"@type":"BreadcrumbList","@id":"https:\/\/www.bellunopress.it\/2019\/07\/20\/meteo-oggi-e-domani-stato-di-attenzione-per-temporali-anche-intensi-sulle-dolomiti\/#breadcrumb","itemListElement":[{"@type":"ListItem","position":1,"name":"Home","item":"https:\/\/www.bellunopress.it\/"},{"@type":"ListItem","position":2,"name":"Meteo. Oggi e domani stato di attenzione per temporali anche intensi sulle Dolomiti"}]},{"@type":"WebSite","@id":"https:\/\/www.bellunopress.it\/#website","url":"https:\/\/www.bellunopress.it\/","name":"Bellunopress - Dolomiti","description":"e-mail: redazione@bellunopress.it","publisher":{"@id":"https:\/\/www.bellunopress.it\/#organization"},"potentialAction":[{"@type":"SearchAction","target":{"@type":"EntryPoint","urlTemplate":"https:\/\/www.bellunopress.it\/?s={search_term_string}"},"query-input":{"@type":"PropertyValueSpecification","valueRequired":true,"valueName":"search_term_string"}}],"inLanguage":"fr-FR"},{"@type":"Organization","@id":"https:\/\/www.bellunopress.it\/#organization","name":"Bellunopress","url":"https:\/\/www.bellunopress.it\/","logo":{"@type":"ImageObject","inLanguage":"fr-FR","@id":"https:\/\/www.bellunopress.it\/#\/schema\/logo\/image\/","url":"https:\/\/www.bellunopress.it\/wp-content\/uploads\/2011\/05\/cropped-logo-bellunopress-.jpg","contentUrl":"https:\/\/www.bellunopress.it\/wp-content\/uploads\/2011\/05\/cropped-logo-bellunopress-.jpg","width":512,"height":512,"caption":"Bellunopress"},"image":{"@id":"https:\/\/www.bellunopress.it\/#\/schema\/logo\/image\/"},"sameAs":["https:\/\/www.facebook.com\/profile.php?id=100008943462799","https:\/\/x.com\/bellunopress","https:\/\/www.linkedin.com\/hp\/?dnr=JBzUWaJfMUw8vbXJJ2tVW5-I3jZKvC4wsoxE&amp;amp;amp;amp;amp;amp;trk=nav_responsive_tab_home","https:\/\/www.youtube.com\/channel\/UCxL0wu1uN0_3_7hGG0306cw"]},{"@type":"Person","@id":"https:\/\/www.bellunopress.it\/#\/schema\/person\/79bb06722b37ece1c03d3e94beb30d73","name":"r\u00e9daction","image":{"@type":"ImageObject","inLanguage":"fr-FR","@id":"https:\/\/secure.gravatar.com\/avatar\/37d968a2e67a6fd04c169c4bdef102d0bc5d31b2546345219e348575eb80e9a0?s=96&d=mm&r=g","url":"https:\/\/secure.gravatar.com\/avatar\/37d968a2e67a6fd04c169c4bdef102d0bc5d31b2546345219e348575eb80e9a0?s=96&d=mm&r=g","contentUrl":"https:\/\/secure.gravatar.com\/avatar\/37d968a2e67a6fd04c169c4bdef102d0bc5d31b2546345219e348575eb80e9a0?s=96&d=mm&r=g","caption":"redazione"},"sameAs":["http:\/\/www.bellunopress.it","https:\/\/x.com\/bellunopress"],"url":"https:\/\/www.bellunopress.it\/fr\/author\/redazione\/"}]}},"_links":{"self":[{"href":"https:\/\/www.bellunopress.it\/fr\/wp-json\/wp\/v2\/posts\/106404","targetHints":{"allow":["GET"]}}],"collection":[{"href":"https:\/\/www.bellunopress.it\/fr\/wp-json\/wp\/v2\/posts"}],"about":[{"href":"https:\/\/www.bellunopress.it\/fr\/wp-json\/wp\/v2\/types\/post"}],"author":[{"embeddable":true,"href":"https:\/\/www.bellunopress.it\/fr\/wp-json\/wp\/v2\/users\/2"}],"replies":[{"embeddable":true,"href":"https:\/\/www.bellunopress.it\/fr\/wp-json\/wp\/v2\/comments?post=106404"}],"version-history":[{"count":1,"href":"https:\/\/www.bellunopress.it\/fr\/wp-json\/wp\/v2\/posts\/106404\/revisions"}],"predecessor-version":[{"id":106405,"href":"https:\/\/www.bellunopress.it\/fr\/wp-json\/wp\/v2\/posts\/106404\/revisions\/106405"}],"wp:attachment":[{"href":"https:\/\/www.bellunopress.it\/fr\/wp-json\/wp\/v2\/media?parent=106404"}],"wp:term":[{"taxonomy":"category","embeddable":true,"href":"https:\/\/www.bellunopress.it\/fr\/wp-json\/wp\/v2\/categories?post=106404"},{"taxonomy":"post_tag","embeddable":true,"href":"https:\/\/www.bellunopress.it\/fr\/wp-json\/wp\/v2\/tags?post=106404"}],"curies":[{"name":"wp","href":"https:\/\/api.w.org\/{rel}","templated":true}]}}