{"id":106032,"date":"2019-07-07T10:07:05","date_gmt":"2019-07-07T08:07:05","guid":{"rendered":"http:\/\/www.bellunopress.it\/?p=106032"},"modified":"2019-07-07T10:09:49","modified_gmt":"2019-07-07T08:09:49","slug":"106032","status":"publish","type":"post","link":"https:\/\/www.bellunopress.it\/fr\/2019\/07\/07\/106032\/","title":{"rendered":"Il ricavato del Trofeo in memoria di Martina Bonavera finanzier\u00e0 il Centro Aliante per bambini e ragazzi autistici"},"content":{"rendered":"<p><a href=\"http:\/\/www.bellunopress.it\/fr\/2014\/02\/28\/trofeo-martina-bonavera-16-squadre-300-bambini-sabato-8-e-15-marzo-con-finale-domenica-16\/associazione-martina-bonavera\/\" rel=\"attachment wp-att-56705\"><img loading=\"lazy\" decoding=\"async\" class=\"alignleft size-full wp-image-56705\" src=\"http:\/\/www.bellunopress.it\/wp-content\/uploads\/2014\/02\/associazione-martina-bonavera.jpg\" alt=\"\" width=\"133\" height=\"160\" \/><\/a>Ogni primavera la famiglia di Martina Bonavera, tredicenne bellunese scomparsa in un incidente sei anni fa, organizza un torneo in memoria della figlia durante il quale viene attivata una raccolta fondi finalizzata al sostegno di realt\u00e0 di volontariato e di inclusione sociale del bellunese.<\/p>\n<p>&#8220;Quest&#8217;anno, grazie al prezioso suggerimento datoci da Manuela Selvestrel del Comitato Gocce di Sole ONLUS, abbiamo deciso di devolvere la somma ricavata dalla 6\u00b0 edizione del &#8220;Trofeo Martina Bonavera&#8221; al Centro Aliante della Cooperativa Societ\u00e0 Nuova Onlus per il finanziamento di un progetto di musicoterapia per bambini e ragazzi con sindrome dello spettro autistico.&#8221; Spiegano Linda e Francesco Bonavera. &#8220;Quando, successivamente, la gentilissima dott.ssa Sheila Fantauzzi ci ha illustrato altri progetti di inclusione sociale, credendo nell&#8217;immenso pregio degli stessi, abbiamo deciso di aumentare il nostro contributo per poter finanziare anche le altre progettualit\u00e0, certi della loro importanza. Martina era una ragazza meravigliosa, solare, estremamente propositiva, contro ogni ingiustizia e barriera sociale e comportamentale, per cui siamo ben lieti di associare il suo nome ed il suo ricordo a progetti di tale rilevanza: ringraziamo quindi la Cooperativa Societ\u00e0 Nuova per l&#8217;opportunit\u00e0 donataci&#8221;.<\/p>\n<p>Nello specifico il contributo dell&#8217;Associazione Martina Bonavera permetter\u00e0 di attivare quattro diverse attivit\u00e0 per l&#8217;estate e l&#8217;autunno, pensate sulle esigenze dei bambini coinvolti.<\/p>\n<figure id=\"attachment_106033\" aria-describedby=\"caption-attachment-106033\" style=\"width: 300px\" class=\"wp-caption alignleft\"><a href=\"http:\/\/www.bellunopress.it\/fr\/2019\/07\/07\/106032\/fattoria-del-piave-a-rivamaor-di-belluno\/\" rel=\"attachment wp-att-106033\"><img loading=\"lazy\" decoding=\"async\" class=\"size-full wp-image-106033\" src=\"http:\/\/www.bellunopress.it\/wp-content\/uploads\/2019\/07\/fattoria-del-piave-a-Rivamaor-di-Belluno.jpg\" alt=\"\" width=\"300\" height=\"225\" \/><\/a><figcaption id=\"caption-attachment-106033\" class=\"wp-caption-text\">I lama della Fattoria del Piave, a Rivamaor di Belluno<\/figcaption><\/figure>\n<p>Presso La Fattoria del Piave i piccoli svolgeranno mansioni relative alla cura degli animali e dell&#8217;orto, sviluppando autonomie e senso di responsabilit\u00e0.<\/p>\n<p>Altri frequenteranno un corso di nuoto presso la piscina Sportivamente di Belluno, per stimolare abilit\u00e0 sportive e imparare al tempo stesso a conoscere l&#8217;acqua, superando le proprie paure.<\/p>\n<p>Sempre nell&#8217;ambito sportivo un altro gruppo di bambini sar\u00e0 impegnato in attivit\u00e0 di avviamento all&#8217;arrampicata, seguito da un esperto istruttore, presso il Pala Ricolt di Sedico.<\/p>\n<p>Infine da settembre verranno attivati 5 percorsi di musicoterapia, della durata di circa tre mesi, realizzato in collaborazione con la musicoterapeuta Marzia Da Rold. (www.lotoarmonico.it)<\/p>\n<p>Sheila Fantauzzi, coordinatrice dell&#8217;area autismo di Societ\u00e0 Nuova, spiega come le persone con sindrome dello spettro autistico, ancor pi\u00f9 di altri soggetti, sono caratterizzate dalla difficolt\u00e0 nella sfera attentiva e di relazione con l&#8217;ambiente circostante.<\/p>\n<p>La musica, dal punto di vista terapeutico, diviene attiva stimolazione multisensoriale, cognitiva, relazionale. L&#8217;ascolto in alcuni casi viene integrato dalla partecipazione attiva del corpo (ritmare, sonorizzare, muoversi ritmicamente, cantare etc.) creando benessere e comunicazione.<\/p>\n<p>Federico Bristot, presidente di Societ\u00e0 Nuova afferma: &#8220;all&#8217;associazione Martina Bonavera va il nostro vivo ringraziamento per averci scelto come destinatari della raccolta fondi. L&#8217;esempio di Linda e Francesco, genitori di Martina, \u00e8 per noi stimolo nel portare avanti con costanza e impegno diversi progetti di inclusione sociale. Inoltre desidero ringraziare di cuore Manuela Selvestrel e il Comitato Gocce di Sole ONLUS per la collaborazione e il lavoro di rete, che ha permesso di creare questa importante opportunit\u00e0.&#8221;<\/p>","protected":false},"excerpt":{"rendered":"<p>Ogni primavera la famiglia di Martina Bonavera, tredicenne bellunese scomparsa in un incidente sei anni fa, organizza un torneo in memoria della figlia durante il quale viene attivata una raccolta fondi finalizzata al sostegno di realt\u00e0 di volontariato e di inclusione sociale del bellunese. &#8220;Quest&#8217;anno, grazie al prezioso suggerimento datoci da Manuela Selvestrel del Comitato [&hellip;]<\/p>\n","protected":false},"author":2,"featured_media":0,"comment_status":"closed","ping_status":"open","sticky":false,"template":"","format":"standard","meta":{"footnotes":""},"categories":[26,8],"tags":[],"class_list":["post-106032","post","type-post","status-publish","format-standard","category-prima-pagina","category-societa-istituzioni"],"yoast_head":"<!-- This site is optimized with the Yoast SEO plugin v28.4 - https:\/\/yoast.com\/product\/yoast-seo-wordpress\/ -->\n<title>Il ricavato del Trofeo in memoria di Martina Bonavera finanzier\u00e0 il Centro Aliante per bambini e ragazzi autistici - Bellunopress - Dolomiti<\/title>\n<meta name=\"robots\" content=\"index, follow, max-snippet:-1, max-image-preview:large, max-video-preview:-1\" \/>\n<link rel=\"canonical\" href=\"https:\/\/www.bellunopress.it\/fr\/2019\/07\/07\/106032\/\" \/>\n<meta property=\"og:locale\" content=\"fr_FR\" \/>\n<meta property=\"og:type\" content=\"article\" \/>\n<meta property=\"og:title\" content=\"Il ricavato del Trofeo in memoria di Martina Bonavera finanzier\u00e0 il Centro Aliante per bambini e ragazzi autistici - Bellunopress - Dolomiti\" \/>\n<meta property=\"og:description\" content=\"Ogni primavera la famiglia di Martina Bonavera, tredicenne bellunese scomparsa in un incidente sei anni fa, organizza un torneo in memoria della figlia durante il quale viene attivata una raccolta fondi finalizzata al sostegno di realt\u00e0 di volontariato e di inclusione sociale del bellunese. &#8220;Quest&#8217;anno, grazie al prezioso suggerimento datoci da Manuela Selvestrel del Comitato [&hellip;]\" \/>\n<meta property=\"og:url\" content=\"https:\/\/www.bellunopress.it\/fr\/2019\/07\/07\/106032\/\" \/>\n<meta property=\"og:site_name\" content=\"Bellunopress - Dolomiti\" \/>\n<meta property=\"article:publisher\" content=\"https:\/\/www.facebook.com\/profile.php?id=100008943462799\" \/>\n<meta property=\"article:published_time\" content=\"2019-07-07T08:07:05+00:00\" \/>\n<meta property=\"article:modified_time\" content=\"2019-07-07T08:09:49+00:00\" \/>\n<meta property=\"og:image\" content=\"http:\/\/www.bellunopress.it\/wp-content\/uploads\/2014\/02\/associazione-martina-bonavera.jpg\" \/>\n<meta name=\"author\" content=\"redazione\" \/>\n<meta name=\"twitter:card\" content=\"summary_large_image\" \/>\n<meta name=\"twitter:creator\" content=\"@bellunopress\" \/>\n<meta name=\"twitter:site\" content=\"@bellunopress\" \/>\n<meta name=\"twitter:label1\" content=\"\u00c9crit par\" \/>\n\t<meta name=\"twitter:data1\" content=\"redazione\" \/>\n\t<meta name=\"twitter:label2\" content=\"Dur\u00e9e de lecture estim\u00e9e\" \/>\n\t<meta name=\"twitter:data2\" content=\"2 minutes\" \/>\n<script type=\"application\/ld+json\" class=\"yoast-schema-graph\">{\"@context\":\"https:\\\/\\\/schema.org\",\"@graph\":[{\"@type\":\"Article\",\"@id\":\"https:\\\/\\\/www.bellunopress.it\\\/2019\\\/07\\\/07\\\/106032\\\/#article\",\"isPartOf\":{\"@id\":\"https:\\\/\\\/www.bellunopress.it\\\/2019\\\/07\\\/07\\\/106032\\\/\"},\"author\":{\"name\":\"redazione\",\"@id\":\"https:\\\/\\\/www.bellunopress.it\\\/#\\\/schema\\\/person\\\/79bb06722b37ece1c03d3e94beb30d73\"},\"headline\":\"Il ricavato del Trofeo in memoria di Martina Bonavera finanzier\u00e0 il Centro Aliante per bambini e ragazzi autistici\",\"datePublished\":\"2019-07-07T08:07:05+00:00\",\"dateModified\":\"2019-07-07T08:09:49+00:00\",\"mainEntityOfPage\":{\"@id\":\"https:\\\/\\\/www.bellunopress.it\\\/2019\\\/07\\\/07\\\/106032\\\/\"},\"wordCount\":505,\"publisher\":{\"@id\":\"https:\\\/\\\/www.bellunopress.it\\\/#organization\"},\"image\":{\"@id\":\"https:\\\/\\\/www.bellunopress.it\\\/2019\\\/07\\\/07\\\/106032\\\/#primaryimage\"},\"thumbnailUrl\":\"http:\\\/\\\/www.bellunopress.it\\\/wp-content\\\/uploads\\\/2014\\\/02\\\/associazione-martina-bonavera.jpg\",\"articleSection\":[\"Prima Pagina\",\"Societ\u00e0, Associazioni, Istituzioni\"],\"inLanguage\":\"fr-FR\"},{\"@type\":\"WebPage\",\"@id\":\"https:\\\/\\\/www.bellunopress.it\\\/2019\\\/07\\\/07\\\/106032\\\/\",\"url\":\"https:\\\/\\\/www.bellunopress.it\\\/2019\\\/07\\\/07\\\/106032\\\/\",\"name\":\"Il ricavato del Trofeo in memoria di Martina Bonavera finanzier\u00e0 il Centro Aliante per bambini e ragazzi autistici - Bellunopress - Dolomiti\",\"isPartOf\":{\"@id\":\"https:\\\/\\\/www.bellunopress.it\\\/#website\"},\"primaryImageOfPage\":{\"@id\":\"https:\\\/\\\/www.bellunopress.it\\\/2019\\\/07\\\/07\\\/106032\\\/#primaryimage\"},\"image\":{\"@id\":\"https:\\\/\\\/www.bellunopress.it\\\/2019\\\/07\\\/07\\\/106032\\\/#primaryimage\"},\"thumbnailUrl\":\"http:\\\/\\\/www.bellunopress.it\\\/wp-content\\\/uploads\\\/2014\\\/02\\\/associazione-martina-bonavera.jpg\",\"datePublished\":\"2019-07-07T08:07:05+00:00\",\"dateModified\":\"2019-07-07T08:09:49+00:00\",\"breadcrumb\":{\"@id\":\"https:\\\/\\\/www.bellunopress.it\\\/2019\\\/07\\\/07\\\/106032\\\/#breadcrumb\"},\"inLanguage\":\"fr-FR\",\"potentialAction\":[{\"@type\":\"ReadAction\",\"target\":[\"https:\\\/\\\/www.bellunopress.it\\\/2019\\\/07\\\/07\\\/106032\\\/\"]}]},{\"@type\":\"ImageObject\",\"inLanguage\":\"fr-FR\",\"@id\":\"https:\\\/\\\/www.bellunopress.it\\\/2019\\\/07\\\/07\\\/106032\\\/#primaryimage\",\"url\":\"http:\\\/\\\/www.bellunopress.it\\\/wp-content\\\/uploads\\\/2014\\\/02\\\/associazione-martina-bonavera.jpg\",\"contentUrl\":\"http:\\\/\\\/www.bellunopress.it\\\/wp-content\\\/uploads\\\/2014\\\/02\\\/associazione-martina-bonavera.jpg\"},{\"@type\":\"BreadcrumbList\",\"@id\":\"https:\\\/\\\/www.bellunopress.it\\\/2019\\\/07\\\/07\\\/106032\\\/#breadcrumb\",\"itemListElement\":[{\"@type\":\"ListItem\",\"position\":1,\"name\":\"Home\",\"item\":\"https:\\\/\\\/www.bellunopress.it\\\/\"},{\"@type\":\"ListItem\",\"position\":2,\"name\":\"Il ricavato del Trofeo in memoria di Martina Bonavera finanzier\u00e0 il Centro Aliante per bambini e ragazzi autistici\"}]},{\"@type\":\"WebSite\",\"@id\":\"https:\\\/\\\/www.bellunopress.it\\\/#website\",\"url\":\"https:\\\/\\\/www.bellunopress.it\\\/\",\"name\":\"Bellunopress - Dolomiti\",\"description\":\"e-mail: redazione@bellunopress.it\",\"publisher\":{\"@id\":\"https:\\\/\\\/www.bellunopress.it\\\/#organization\"},\"potentialAction\":[{\"@type\":\"SearchAction\",\"target\":{\"@type\":\"EntryPoint\",\"urlTemplate\":\"https:\\\/\\\/www.bellunopress.it\\\/?s={search_term_string}\"},\"query-input\":{\"@type\":\"PropertyValueSpecification\",\"valueRequired\":true,\"valueName\":\"search_term_string\"}}],\"inLanguage\":\"fr-FR\"},{\"@type\":\"Organization\",\"@id\":\"https:\\\/\\\/www.bellunopress.it\\\/#organization\",\"name\":\"Bellunopress\",\"url\":\"https:\\\/\\\/www.bellunopress.it\\\/\",\"logo\":{\"@type\":\"ImageObject\",\"inLanguage\":\"fr-FR\",\"@id\":\"https:\\\/\\\/www.bellunopress.it\\\/#\\\/schema\\\/logo\\\/image\\\/\",\"url\":\"https:\\\/\\\/www.bellunopress.it\\\/wp-content\\\/uploads\\\/2011\\\/05\\\/cropped-logo-bellunopress-.jpg\",\"contentUrl\":\"https:\\\/\\\/www.bellunopress.it\\\/wp-content\\\/uploads\\\/2011\\\/05\\\/cropped-logo-bellunopress-.jpg\",\"width\":512,\"height\":512,\"caption\":\"Bellunopress\"},\"image\":{\"@id\":\"https:\\\/\\\/www.bellunopress.it\\\/#\\\/schema\\\/logo\\\/image\\\/\"},\"sameAs\":[\"https:\\\/\\\/www.facebook.com\\\/profile.php?id=100008943462799\",\"https:\\\/\\\/x.com\\\/bellunopress\",\"https:\\\/\\\/www.linkedin.com\\\/hp\\\/?dnr=JBzUWaJfMUw8vbXJJ2tVW5-I3jZKvC4wsoxE&amp;amp;amp;amp;amp;amp;trk=nav_responsive_tab_home\",\"https:\\\/\\\/www.youtube.com\\\/channel\\\/UCxL0wu1uN0_3_7hGG0306cw\"]},{\"@type\":\"Person\",\"@id\":\"https:\\\/\\\/www.bellunopress.it\\\/#\\\/schema\\\/person\\\/79bb06722b37ece1c03d3e94beb30d73\",\"name\":\"redazione\",\"image\":{\"@type\":\"ImageObject\",\"inLanguage\":\"fr-FR\",\"@id\":\"https:\\\/\\\/secure.gravatar.com\\\/avatar\\\/37d968a2e67a6fd04c169c4bdef102d0bc5d31b2546345219e348575eb80e9a0?s=96&d=mm&r=g\",\"url\":\"https:\\\/\\\/secure.gravatar.com\\\/avatar\\\/37d968a2e67a6fd04c169c4bdef102d0bc5d31b2546345219e348575eb80e9a0?s=96&d=mm&r=g\",\"contentUrl\":\"https:\\\/\\\/secure.gravatar.com\\\/avatar\\\/37d968a2e67a6fd04c169c4bdef102d0bc5d31b2546345219e348575eb80e9a0?s=96&d=mm&r=g\",\"caption\":\"redazione\"},\"sameAs\":[\"http:\\\/\\\/www.bellunopress.it\",\"https:\\\/\\\/x.com\\\/bellunopress\"],\"url\":\"https:\\\/\\\/www.bellunopress.it\\\/fr\\\/author\\\/redazione\\\/\"}]}<\/script>\n<!-- \/ Yoast SEO plugin. -->","yoast_head_json":{"title":"Il ricavato del Trofeo in memoria di Martina Bonavera finanzier\u00e0 il Centro Aliante per bambini e ragazzi autistici - Bellunopress - Dolomiti","robots":{"index":"index","follow":"follow","max-snippet":"max-snippet:-1","max-image-preview":"max-image-preview:large","max-video-preview":"max-video-preview:-1"},"canonical":"https:\/\/www.bellunopress.it\/fr\/2019\/07\/07\/106032\/","og_locale":"fr_FR","og_type":"article","og_title":"Il ricavato del Trofeo in memoria di Martina Bonavera finanzier\u00e0 il Centro Aliante per bambini e ragazzi autistici - Bellunopress - Dolomiti","og_description":"Ogni primavera la famiglia di Martina Bonavera, tredicenne bellunese scomparsa in un incidente sei anni fa, organizza un torneo in memoria della figlia durante il quale viene attivata una raccolta fondi finalizzata al sostegno di realt\u00e0 di volontariato e di inclusione sociale del bellunese. &#8220;Quest&#8217;anno, grazie al prezioso suggerimento datoci da Manuela Selvestrel del Comitato [&hellip;]","og_url":"https:\/\/www.bellunopress.it\/fr\/2019\/07\/07\/106032\/","og_site_name":"Bellunopress - Dolomiti","article_publisher":"https:\/\/www.facebook.com\/profile.php?id=100008943462799","article_published_time":"2019-07-07T08:07:05+00:00","article_modified_time":"2019-07-07T08:09:49+00:00","og_image":[{"url":"http:\/\/www.bellunopress.it\/wp-content\/uploads\/2014\/02\/associazione-martina-bonavera.jpg","type":"","width":"","height":""}],"author":"redazione","twitter_card":"summary_large_image","twitter_creator":"@bellunopress","twitter_site":"@bellunopress","twitter_misc":{"\u00c9crit par":"redazione","Dur\u00e9e de lecture estim\u00e9e":"2 minutes"},"schema":{"@context":"https:\/\/schema.org","@graph":[{"@type":"Article","@id":"https:\/\/www.bellunopress.it\/2019\/07\/07\/106032\/#article","isPartOf":{"@id":"https:\/\/www.bellunopress.it\/2019\/07\/07\/106032\/"},"author":{"name":"redazione","@id":"https:\/\/www.bellunopress.it\/#\/schema\/person\/79bb06722b37ece1c03d3e94beb30d73"},"headline":"Il ricavato del Trofeo in memoria di Martina Bonavera finanzier\u00e0 il Centro Aliante per bambini e ragazzi autistici","datePublished":"2019-07-07T08:07:05+00:00","dateModified":"2019-07-07T08:09:49+00:00","mainEntityOfPage":{"@id":"https:\/\/www.bellunopress.it\/2019\/07\/07\/106032\/"},"wordCount":505,"publisher":{"@id":"https:\/\/www.bellunopress.it\/#organization"},"image":{"@id":"https:\/\/www.bellunopress.it\/2019\/07\/07\/106032\/#primaryimage"},"thumbnailUrl":"http:\/\/www.bellunopress.it\/wp-content\/uploads\/2014\/02\/associazione-martina-bonavera.jpg","articleSection":["Prima Pagina","Societ\u00e0, Associazioni, Istituzioni"],"inLanguage":"fr-FR"},{"@type":"WebPage","@id":"https:\/\/www.bellunopress.it\/2019\/07\/07\/106032\/","url":"https:\/\/www.bellunopress.it\/2019\/07\/07\/106032\/","name":"Il ricavato del Trofeo in memoria di Martina Bonavera finanzier\u00e0 il Centro Aliante per bambini e ragazzi autistici - Bellunopress - Dolomiti","isPartOf":{"@id":"https:\/\/www.bellunopress.it\/#website"},"primaryImageOfPage":{"@id":"https:\/\/www.bellunopress.it\/2019\/07\/07\/106032\/#primaryimage"},"image":{"@id":"https:\/\/www.bellunopress.it\/2019\/07\/07\/106032\/#primaryimage"},"thumbnailUrl":"http:\/\/www.bellunopress.it\/wp-content\/uploads\/2014\/02\/associazione-martina-bonavera.jpg","datePublished":"2019-07-07T08:07:05+00:00","dateModified":"2019-07-07T08:09:49+00:00","breadcrumb":{"@id":"https:\/\/www.bellunopress.it\/2019\/07\/07\/106032\/#breadcrumb"},"inLanguage":"fr-FR","potentialAction":[{"@type":"ReadAction","target":["https:\/\/www.bellunopress.it\/2019\/07\/07\/106032\/"]}]},{"@type":"ImageObject","inLanguage":"fr-FR","@id":"https:\/\/www.bellunopress.it\/2019\/07\/07\/106032\/#primaryimage","url":"http:\/\/www.bellunopress.it\/wp-content\/uploads\/2014\/02\/associazione-martina-bonavera.jpg","contentUrl":"http:\/\/www.bellunopress.it\/wp-content\/uploads\/2014\/02\/associazione-martina-bonavera.jpg"},{"@type":"BreadcrumbList","@id":"https:\/\/www.bellunopress.it\/2019\/07\/07\/106032\/#breadcrumb","itemListElement":[{"@type":"ListItem","position":1,"name":"Home","item":"https:\/\/www.bellunopress.it\/"},{"@type":"ListItem","position":2,"name":"Il ricavato del Trofeo in memoria di Martina Bonavera finanzier\u00e0 il Centro Aliante per bambini e ragazzi autistici"}]},{"@type":"WebSite","@id":"https:\/\/www.bellunopress.it\/#website","url":"https:\/\/www.bellunopress.it\/","name":"Bellunopress - Dolomiti","description":"e-mail: redazione@bellunopress.it","publisher":{"@id":"https:\/\/www.bellunopress.it\/#organization"},"potentialAction":[{"@type":"SearchAction","target":{"@type":"EntryPoint","urlTemplate":"https:\/\/www.bellunopress.it\/?s={search_term_string}"},"query-input":{"@type":"PropertyValueSpecification","valueRequired":true,"valueName":"search_term_string"}}],"inLanguage":"fr-FR"},{"@type":"Organization","@id":"https:\/\/www.bellunopress.it\/#organization","name":"Bellunopress","url":"https:\/\/www.bellunopress.it\/","logo":{"@type":"ImageObject","inLanguage":"fr-FR","@id":"https:\/\/www.bellunopress.it\/#\/schema\/logo\/image\/","url":"https:\/\/www.bellunopress.it\/wp-content\/uploads\/2011\/05\/cropped-logo-bellunopress-.jpg","contentUrl":"https:\/\/www.bellunopress.it\/wp-content\/uploads\/2011\/05\/cropped-logo-bellunopress-.jpg","width":512,"height":512,"caption":"Bellunopress"},"image":{"@id":"https:\/\/www.bellunopress.it\/#\/schema\/logo\/image\/"},"sameAs":["https:\/\/www.facebook.com\/profile.php?id=100008943462799","https:\/\/x.com\/bellunopress","https:\/\/www.linkedin.com\/hp\/?dnr=JBzUWaJfMUw8vbXJJ2tVW5-I3jZKvC4wsoxE&amp;amp;amp;amp;amp;amp;trk=nav_responsive_tab_home","https:\/\/www.youtube.com\/channel\/UCxL0wu1uN0_3_7hGG0306cw"]},{"@type":"Person","@id":"https:\/\/www.bellunopress.it\/#\/schema\/person\/79bb06722b37ece1c03d3e94beb30d73","name":"r\u00e9daction","image":{"@type":"ImageObject","inLanguage":"fr-FR","@id":"https:\/\/secure.gravatar.com\/avatar\/37d968a2e67a6fd04c169c4bdef102d0bc5d31b2546345219e348575eb80e9a0?s=96&d=mm&r=g","url":"https:\/\/secure.gravatar.com\/avatar\/37d968a2e67a6fd04c169c4bdef102d0bc5d31b2546345219e348575eb80e9a0?s=96&d=mm&r=g","contentUrl":"https:\/\/secure.gravatar.com\/avatar\/37d968a2e67a6fd04c169c4bdef102d0bc5d31b2546345219e348575eb80e9a0?s=96&d=mm&r=g","caption":"redazione"},"sameAs":["http:\/\/www.bellunopress.it","https:\/\/x.com\/bellunopress"],"url":"https:\/\/www.bellunopress.it\/fr\/author\/redazione\/"}]}},"_links":{"self":[{"href":"https:\/\/www.bellunopress.it\/fr\/wp-json\/wp\/v2\/posts\/106032","targetHints":{"allow":["GET"]}}],"collection":[{"href":"https:\/\/www.bellunopress.it\/fr\/wp-json\/wp\/v2\/posts"}],"about":[{"href":"https:\/\/www.bellunopress.it\/fr\/wp-json\/wp\/v2\/types\/post"}],"author":[{"embeddable":true,"href":"https:\/\/www.bellunopress.it\/fr\/wp-json\/wp\/v2\/users\/2"}],"replies":[{"embeddable":true,"href":"https:\/\/www.bellunopress.it\/fr\/wp-json\/wp\/v2\/comments?post=106032"}],"version-history":[{"count":4,"href":"https:\/\/www.bellunopress.it\/fr\/wp-json\/wp\/v2\/posts\/106032\/revisions"}],"predecessor-version":[{"id":106037,"href":"https:\/\/www.bellunopress.it\/fr\/wp-json\/wp\/v2\/posts\/106032\/revisions\/106037"}],"wp:attachment":[{"href":"https:\/\/www.bellunopress.it\/fr\/wp-json\/wp\/v2\/media?parent=106032"}],"wp:term":[{"taxonomy":"category","embeddable":true,"href":"https:\/\/www.bellunopress.it\/fr\/wp-json\/wp\/v2\/categories?post=106032"},{"taxonomy":"post_tag","embeddable":true,"href":"https:\/\/www.bellunopress.it\/fr\/wp-json\/wp\/v2\/tags?post=106032"}],"curies":[{"name":"wp","href":"https:\/\/api.w.org\/{rel}","templated":true}]}}