{"id":106012,"date":"2019-07-06T17:23:11","date_gmt":"2019-07-06T15:23:11","guid":{"rendered":"http:\/\/www.bellunopress.it\/?p=106012"},"modified":"2019-07-06T21:16:31","modified_gmt":"2019-07-06T19:16:31","slug":"interventi-di-soccorso-in-montagna-6","status":"publish","type":"post","link":"https:\/\/www.bellunopress.it\/fr\/2019\/07\/06\/interventi-di-soccorso-in-montagna-6\/","title":{"rendered":"Sabato impegnativo per il Soccorso alpino"},"content":{"rendered":"<p><a href=\"http:\/\/www.bellunopress.it\/fr\/2019\/07\/06\/interventi-di-soccorso-in-montagna-6\/aiut-alpin-dolomites\/\" rel=\"attachment wp-att-106013\"><img loading=\"lazy\" decoding=\"async\" class=\"alignleft size-full wp-image-106013\" src=\"http:\/\/www.bellunopress.it\/wp-content\/uploads\/2019\/07\/aiut-alpin-dolomites.jpg\" alt=\"\" width=\"300\" height=\"166\" \/><\/a><\/p>\n<p>Belluno, 06 &#8211; 07 &#8211; 19\u00a0 Attorno a mezzogiorno il Soccorso alpino di Livonallongo \u00e8 intervenuto sui prati della pista da sci che dal Pordoi scende ad Arabba, per un ciclista della Repubblica Ceca di 53 anni, che era caduto in bici riportando probabili traumi alla spalla e alla gamba. Sul posto anche l&#8217;elicottero del Suem di Pieve di Cadore che, prestate le prime cure all&#8217;uomo, lo ha caricato a bordo e trasportato all&#8217;ospedale di Brunico. L&#8217;eliambulanza \u00e8 poi volata in comune di Alpago, sul Monte Moi, dove era precipitato un parapendio. Il pilota, un trentotanovenne polacco, che aveva riportato una probabile frattura alla gamba, \u00e8 stato imbarcato con il verricello, per essere accompagnato all&#8217;ospedale di Belluno.<\/p>\n<p>A seguito di numerose segnalazioni per qualcuno che gridava sulla Ferrata dello Sci Club 18 a Cortina, il Soccorso alpino ha verificato la presenza di una persona in difficolt\u00e0. Stanco e incapace di proseguire, un escursionista di Ceggia (VE), \u00e8 stato recuperato con una verricellata dall&#8217;elicottero dell&#8217;Aiut Alpin Dolomites di Bolzano e portato a valle.<\/p>\n<p>L&#8217;eliambulanza di Pieve di Cadore \u00e8 poi stata inviata, su richiesta della Centrale del Friuli Venezia Giulia, sul Campanile di Montanaia per un alpinista feritosi gravemente mentre si stava calando. L&#8217;uomo, P.M., 52 anni, di Farra di Soligo (TV), che era volato per venti metri, \u00e8 stato imbarellato e portato all&#8217;ospedale di Treviso con un possibile politrauma.<\/p>\n<p>Una squadra del Soccorso alpino di San Vito di Cadore \u00e8 invece salita verso Forcella Val d&#8217;Arcia, per un escursionista rimasto incrodato, poi aiutato a scendere fino al Rifugio Venezia. Il Soccorso alpino dell&#8217;Alpago \u00e8 infine andato incontro a un gruppo di sette persone in difficolt\u00e0 al rientro da Casera Palantina e lo ha riaccompagnato a valle.<\/p>\n<p>Belluno, 06 &#8211; 07 &#8211; 19\u00a0 \u00a0 Alle 7.30 circa due alpinisti bresciani, E.B., 40 anni di Polaveno, e G.A., 27 anni, di Brione, hanno contattato il 118 poich\u00e9 erano bloccati fuori via sullo Spigolo nord dell&#8217;Agner, dopo aver passato la notte in parete. I due stavano scalando da ieri la Via Gilberti &#8211; Soravito, ma avevano sbagliato itinerario e si trovavano fermi sopra uno strapiombo, 100 metri pi\u00f9 alti rispetto alla cengia utilizzata di norma per il bivacco. Imbarcato un tecnico del Soccorso alpino di Agordo per guidare l&#8217;equipaggio sul posto, l&#8217;elicottero dell&#8217;Aiut Alpin Dolomites di Bolzano ha individuato i due e li ha recuperati con un verricello per poi trasportarli ad Agordo.<\/p>\n<p>Contemporaneamente una squadra del Soccorso alpino di Cortina raggiungeva in jeep il Rifugio Biella dove un&#8217;escursionista statunitense di 63 anni non era pi\u00f9 in grado di rientrare autonomamente, dopo che, ieri, si era fatta male a un ginocchio.<\/p>\n<p>I soccorritori hanno inoltre caricato a bordo lungo il tragitto un ragazzo belga di 20 anni, infortunatosi a una gamba.<\/p>\n<p>L&#8217;eliambulanza del Suem di Pieve di Cadore \u00e8 invece volata all&#8217;attacco della Via Orizzonti di gloria sul Lagazuoi, per una rocciatrice che, volata 4 metri, si era procurata un trauma alla caviglia. V.C., 47 anni, di Tarcento (UD), \u00e8 stata recuperata con il verricello dal tecnico di elisoccorso e accompagnata all&#8217;ospedale di Belluno.<\/p>","protected":false},"excerpt":{"rendered":"<p>Belluno, 06 &#8211; 07 &#8211; 19\u00a0 Attorno a mezzogiorno il Soccorso alpino di Livonallongo \u00e8 intervenuto sui prati della pista da sci che dal Pordoi scende ad Arabba, per un ciclista della Repubblica Ceca di 53 anni, che era caduto in bici riportando probabili traumi alla spalla e alla gamba. Sul posto anche l&#8217;elicottero del [&hellip;]<\/p>\n","protected":false},"author":2,"featured_media":0,"comment_status":"closed","ping_status":"open","sticky":false,"template":"","format":"standard","meta":{"footnotes":""},"categories":[5,26],"tags":[],"class_list":["post-106012","post","type-post","status-publish","format-standard","category-cronaca","category-prima-pagina"],"yoast_head":"<!-- This site is optimized with the Yoast SEO plugin v28.4 - https:\/\/yoast.com\/product\/yoast-seo-wordpress\/ -->\n<title>Sabato impegnativo per il Soccorso alpino - Bellunopress - Dolomiti<\/title>\n<meta name=\"robots\" content=\"index, follow, max-snippet:-1, max-image-preview:large, max-video-preview:-1\" \/>\n<link rel=\"canonical\" href=\"https:\/\/www.bellunopress.it\/fr\/2019\/07\/06\/interventi-di-soccorso-in-montagna-6\/\" \/>\n<meta property=\"og:locale\" content=\"fr_FR\" \/>\n<meta property=\"og:type\" content=\"article\" \/>\n<meta property=\"og:title\" content=\"Sabato impegnativo per il Soccorso alpino - Bellunopress - Dolomiti\" \/>\n<meta property=\"og:description\" content=\"Belluno, 06 &#8211; 07 &#8211; 19\u00a0 Attorno a mezzogiorno il Soccorso alpino di Livonallongo \u00e8 intervenuto sui prati della pista da sci che dal Pordoi scende ad Arabba, per un ciclista della Repubblica Ceca di 53 anni, che era caduto in bici riportando probabili traumi alla spalla e alla gamba. Sul posto anche l&#8217;elicottero del [&hellip;]\" \/>\n<meta property=\"og:url\" content=\"https:\/\/www.bellunopress.it\/fr\/2019\/07\/06\/interventi-di-soccorso-in-montagna-6\/\" \/>\n<meta property=\"og:site_name\" content=\"Bellunopress - Dolomiti\" \/>\n<meta property=\"article:publisher\" content=\"https:\/\/www.facebook.com\/profile.php?id=100008943462799\" \/>\n<meta property=\"article:published_time\" content=\"2019-07-06T15:23:11+00:00\" \/>\n<meta property=\"article:modified_time\" content=\"2019-07-06T19:16:31+00:00\" \/>\n<meta property=\"og:image\" content=\"http:\/\/www.bellunopress.it\/wp-content\/uploads\/2019\/07\/aiut-alpin-dolomites.jpg\" \/>\n<meta name=\"author\" content=\"redazione\" \/>\n<meta name=\"twitter:card\" content=\"summary_large_image\" \/>\n<meta name=\"twitter:creator\" content=\"@bellunopress\" \/>\n<meta name=\"twitter:site\" content=\"@bellunopress\" \/>\n<meta name=\"twitter:label1\" content=\"\u00c9crit par\" \/>\n\t<meta name=\"twitter:data1\" content=\"redazione\" \/>\n\t<meta name=\"twitter:label2\" content=\"Dur\u00e9e de lecture estim\u00e9e\" \/>\n\t<meta name=\"twitter:data2\" content=\"2 minutes\" \/>\n<script type=\"application\/ld+json\" class=\"yoast-schema-graph\">{\"@context\":\"https:\\\/\\\/schema.org\",\"@graph\":[{\"@type\":\"Article\",\"@id\":\"https:\\\/\\\/www.bellunopress.it\\\/2019\\\/07\\\/06\\\/interventi-di-soccorso-in-montagna-6\\\/#article\",\"isPartOf\":{\"@id\":\"https:\\\/\\\/www.bellunopress.it\\\/2019\\\/07\\\/06\\\/interventi-di-soccorso-in-montagna-6\\\/\"},\"author\":{\"name\":\"redazione\",\"@id\":\"https:\\\/\\\/www.bellunopress.it\\\/#\\\/schema\\\/person\\\/79bb06722b37ece1c03d3e94beb30d73\"},\"headline\":\"Sabato impegnativo per il Soccorso alpino\",\"datePublished\":\"2019-07-06T15:23:11+00:00\",\"dateModified\":\"2019-07-06T19:16:31+00:00\",\"mainEntityOfPage\":{\"@id\":\"https:\\\/\\\/www.bellunopress.it\\\/2019\\\/07\\\/06\\\/interventi-di-soccorso-in-montagna-6\\\/\"},\"wordCount\":512,\"publisher\":{\"@id\":\"https:\\\/\\\/www.bellunopress.it\\\/#organization\"},\"image\":{\"@id\":\"https:\\\/\\\/www.bellunopress.it\\\/2019\\\/07\\\/06\\\/interventi-di-soccorso-in-montagna-6\\\/#primaryimage\"},\"thumbnailUrl\":\"http:\\\/\\\/www.bellunopress.it\\\/wp-content\\\/uploads\\\/2019\\\/07\\\/aiut-alpin-dolomites.jpg\",\"articleSection\":[\"Cronaca\\\/Politica\",\"Prima Pagina\"],\"inLanguage\":\"fr-FR\"},{\"@type\":\"WebPage\",\"@id\":\"https:\\\/\\\/www.bellunopress.it\\\/2019\\\/07\\\/06\\\/interventi-di-soccorso-in-montagna-6\\\/\",\"url\":\"https:\\\/\\\/www.bellunopress.it\\\/2019\\\/07\\\/06\\\/interventi-di-soccorso-in-montagna-6\\\/\",\"name\":\"Sabato impegnativo per il Soccorso alpino - Bellunopress - Dolomiti\",\"isPartOf\":{\"@id\":\"https:\\\/\\\/www.bellunopress.it\\\/#website\"},\"primaryImageOfPage\":{\"@id\":\"https:\\\/\\\/www.bellunopress.it\\\/2019\\\/07\\\/06\\\/interventi-di-soccorso-in-montagna-6\\\/#primaryimage\"},\"image\":{\"@id\":\"https:\\\/\\\/www.bellunopress.it\\\/2019\\\/07\\\/06\\\/interventi-di-soccorso-in-montagna-6\\\/#primaryimage\"},\"thumbnailUrl\":\"http:\\\/\\\/www.bellunopress.it\\\/wp-content\\\/uploads\\\/2019\\\/07\\\/aiut-alpin-dolomites.jpg\",\"datePublished\":\"2019-07-06T15:23:11+00:00\",\"dateModified\":\"2019-07-06T19:16:31+00:00\",\"breadcrumb\":{\"@id\":\"https:\\\/\\\/www.bellunopress.it\\\/2019\\\/07\\\/06\\\/interventi-di-soccorso-in-montagna-6\\\/#breadcrumb\"},\"inLanguage\":\"fr-FR\",\"potentialAction\":[{\"@type\":\"ReadAction\",\"target\":[\"https:\\\/\\\/www.bellunopress.it\\\/2019\\\/07\\\/06\\\/interventi-di-soccorso-in-montagna-6\\\/\"]}]},{\"@type\":\"ImageObject\",\"inLanguage\":\"fr-FR\",\"@id\":\"https:\\\/\\\/www.bellunopress.it\\\/2019\\\/07\\\/06\\\/interventi-di-soccorso-in-montagna-6\\\/#primaryimage\",\"url\":\"http:\\\/\\\/www.bellunopress.it\\\/wp-content\\\/uploads\\\/2019\\\/07\\\/aiut-alpin-dolomites.jpg\",\"contentUrl\":\"http:\\\/\\\/www.bellunopress.it\\\/wp-content\\\/uploads\\\/2019\\\/07\\\/aiut-alpin-dolomites.jpg\"},{\"@type\":\"BreadcrumbList\",\"@id\":\"https:\\\/\\\/www.bellunopress.it\\\/2019\\\/07\\\/06\\\/interventi-di-soccorso-in-montagna-6\\\/#breadcrumb\",\"itemListElement\":[{\"@type\":\"ListItem\",\"position\":1,\"name\":\"Home\",\"item\":\"https:\\\/\\\/www.bellunopress.it\\\/\"},{\"@type\":\"ListItem\",\"position\":2,\"name\":\"Sabato impegnativo per il Soccorso alpino\"}]},{\"@type\":\"WebSite\",\"@id\":\"https:\\\/\\\/www.bellunopress.it\\\/#website\",\"url\":\"https:\\\/\\\/www.bellunopress.it\\\/\",\"name\":\"Bellunopress - Dolomiti\",\"description\":\"e-mail: redazione@bellunopress.it\",\"publisher\":{\"@id\":\"https:\\\/\\\/www.bellunopress.it\\\/#organization\"},\"potentialAction\":[{\"@type\":\"SearchAction\",\"target\":{\"@type\":\"EntryPoint\",\"urlTemplate\":\"https:\\\/\\\/www.bellunopress.it\\\/?s={search_term_string}\"},\"query-input\":{\"@type\":\"PropertyValueSpecification\",\"valueRequired\":true,\"valueName\":\"search_term_string\"}}],\"inLanguage\":\"fr-FR\"},{\"@type\":\"Organization\",\"@id\":\"https:\\\/\\\/www.bellunopress.it\\\/#organization\",\"name\":\"Bellunopress\",\"url\":\"https:\\\/\\\/www.bellunopress.it\\\/\",\"logo\":{\"@type\":\"ImageObject\",\"inLanguage\":\"fr-FR\",\"@id\":\"https:\\\/\\\/www.bellunopress.it\\\/#\\\/schema\\\/logo\\\/image\\\/\",\"url\":\"https:\\\/\\\/www.bellunopress.it\\\/wp-content\\\/uploads\\\/2011\\\/05\\\/cropped-logo-bellunopress-.jpg\",\"contentUrl\":\"https:\\\/\\\/www.bellunopress.it\\\/wp-content\\\/uploads\\\/2011\\\/05\\\/cropped-logo-bellunopress-.jpg\",\"width\":512,\"height\":512,\"caption\":\"Bellunopress\"},\"image\":{\"@id\":\"https:\\\/\\\/www.bellunopress.it\\\/#\\\/schema\\\/logo\\\/image\\\/\"},\"sameAs\":[\"https:\\\/\\\/www.facebook.com\\\/profile.php?id=100008943462799\",\"https:\\\/\\\/x.com\\\/bellunopress\",\"https:\\\/\\\/www.linkedin.com\\\/hp\\\/?dnr=JBzUWaJfMUw8vbXJJ2tVW5-I3jZKvC4wsoxE&amp;amp;amp;amp;amp;amp;trk=nav_responsive_tab_home\",\"https:\\\/\\\/www.youtube.com\\\/channel\\\/UCxL0wu1uN0_3_7hGG0306cw\"]},{\"@type\":\"Person\",\"@id\":\"https:\\\/\\\/www.bellunopress.it\\\/#\\\/schema\\\/person\\\/79bb06722b37ece1c03d3e94beb30d73\",\"name\":\"redazione\",\"image\":{\"@type\":\"ImageObject\",\"inLanguage\":\"fr-FR\",\"@id\":\"https:\\\/\\\/secure.gravatar.com\\\/avatar\\\/37d968a2e67a6fd04c169c4bdef102d0bc5d31b2546345219e348575eb80e9a0?s=96&d=mm&r=g\",\"url\":\"https:\\\/\\\/secure.gravatar.com\\\/avatar\\\/37d968a2e67a6fd04c169c4bdef102d0bc5d31b2546345219e348575eb80e9a0?s=96&d=mm&r=g\",\"contentUrl\":\"https:\\\/\\\/secure.gravatar.com\\\/avatar\\\/37d968a2e67a6fd04c169c4bdef102d0bc5d31b2546345219e348575eb80e9a0?s=96&d=mm&r=g\",\"caption\":\"redazione\"},\"sameAs\":[\"http:\\\/\\\/www.bellunopress.it\",\"https:\\\/\\\/x.com\\\/bellunopress\"],\"url\":\"https:\\\/\\\/www.bellunopress.it\\\/fr\\\/author\\\/redazione\\\/\"}]}<\/script>\n<!-- \/ Yoast SEO plugin. -->","yoast_head_json":{"title":"Sabato impegnativo per il Soccorso alpino - Bellunopress - Dolomiti","robots":{"index":"index","follow":"follow","max-snippet":"max-snippet:-1","max-image-preview":"max-image-preview:large","max-video-preview":"max-video-preview:-1"},"canonical":"https:\/\/www.bellunopress.it\/fr\/2019\/07\/06\/interventi-di-soccorso-in-montagna-6\/","og_locale":"fr_FR","og_type":"article","og_title":"Sabato impegnativo per il Soccorso alpino - Bellunopress - Dolomiti","og_description":"Belluno, 06 &#8211; 07 &#8211; 19\u00a0 Attorno a mezzogiorno il Soccorso alpino di Livonallongo \u00e8 intervenuto sui prati della pista da sci che dal Pordoi scende ad Arabba, per un ciclista della Repubblica Ceca di 53 anni, che era caduto in bici riportando probabili traumi alla spalla e alla gamba. Sul posto anche l&#8217;elicottero del [&hellip;]","og_url":"https:\/\/www.bellunopress.it\/fr\/2019\/07\/06\/interventi-di-soccorso-in-montagna-6\/","og_site_name":"Bellunopress - Dolomiti","article_publisher":"https:\/\/www.facebook.com\/profile.php?id=100008943462799","article_published_time":"2019-07-06T15:23:11+00:00","article_modified_time":"2019-07-06T19:16:31+00:00","og_image":[{"url":"http:\/\/www.bellunopress.it\/wp-content\/uploads\/2019\/07\/aiut-alpin-dolomites.jpg","type":"","width":"","height":""}],"author":"redazione","twitter_card":"summary_large_image","twitter_creator":"@bellunopress","twitter_site":"@bellunopress","twitter_misc":{"\u00c9crit par":"redazione","Dur\u00e9e de lecture estim\u00e9e":"2 minutes"},"schema":{"@context":"https:\/\/schema.org","@graph":[{"@type":"Article","@id":"https:\/\/www.bellunopress.it\/2019\/07\/06\/interventi-di-soccorso-in-montagna-6\/#article","isPartOf":{"@id":"https:\/\/www.bellunopress.it\/2019\/07\/06\/interventi-di-soccorso-in-montagna-6\/"},"author":{"name":"redazione","@id":"https:\/\/www.bellunopress.it\/#\/schema\/person\/79bb06722b37ece1c03d3e94beb30d73"},"headline":"Sabato impegnativo per il Soccorso alpino","datePublished":"2019-07-06T15:23:11+00:00","dateModified":"2019-07-06T19:16:31+00:00","mainEntityOfPage":{"@id":"https:\/\/www.bellunopress.it\/2019\/07\/06\/interventi-di-soccorso-in-montagna-6\/"},"wordCount":512,"publisher":{"@id":"https:\/\/www.bellunopress.it\/#organization"},"image":{"@id":"https:\/\/www.bellunopress.it\/2019\/07\/06\/interventi-di-soccorso-in-montagna-6\/#primaryimage"},"thumbnailUrl":"http:\/\/www.bellunopress.it\/wp-content\/uploads\/2019\/07\/aiut-alpin-dolomites.jpg","articleSection":["Cronaca\/Politica","Prima Pagina"],"inLanguage":"fr-FR"},{"@type":"WebPage","@id":"https:\/\/www.bellunopress.it\/2019\/07\/06\/interventi-di-soccorso-in-montagna-6\/","url":"https:\/\/www.bellunopress.it\/2019\/07\/06\/interventi-di-soccorso-in-montagna-6\/","name":"Sabato impegnativo per il Soccorso alpino - Bellunopress - Dolomiti","isPartOf":{"@id":"https:\/\/www.bellunopress.it\/#website"},"primaryImageOfPage":{"@id":"https:\/\/www.bellunopress.it\/2019\/07\/06\/interventi-di-soccorso-in-montagna-6\/#primaryimage"},"image":{"@id":"https:\/\/www.bellunopress.it\/2019\/07\/06\/interventi-di-soccorso-in-montagna-6\/#primaryimage"},"thumbnailUrl":"http:\/\/www.bellunopress.it\/wp-content\/uploads\/2019\/07\/aiut-alpin-dolomites.jpg","datePublished":"2019-07-06T15:23:11+00:00","dateModified":"2019-07-06T19:16:31+00:00","breadcrumb":{"@id":"https:\/\/www.bellunopress.it\/2019\/07\/06\/interventi-di-soccorso-in-montagna-6\/#breadcrumb"},"inLanguage":"fr-FR","potentialAction":[{"@type":"ReadAction","target":["https:\/\/www.bellunopress.it\/2019\/07\/06\/interventi-di-soccorso-in-montagna-6\/"]}]},{"@type":"ImageObject","inLanguage":"fr-FR","@id":"https:\/\/www.bellunopress.it\/2019\/07\/06\/interventi-di-soccorso-in-montagna-6\/#primaryimage","url":"http:\/\/www.bellunopress.it\/wp-content\/uploads\/2019\/07\/aiut-alpin-dolomites.jpg","contentUrl":"http:\/\/www.bellunopress.it\/wp-content\/uploads\/2019\/07\/aiut-alpin-dolomites.jpg"},{"@type":"BreadcrumbList","@id":"https:\/\/www.bellunopress.it\/2019\/07\/06\/interventi-di-soccorso-in-montagna-6\/#breadcrumb","itemListElement":[{"@type":"ListItem","position":1,"name":"Home","item":"https:\/\/www.bellunopress.it\/"},{"@type":"ListItem","position":2,"name":"Sabato impegnativo per il Soccorso alpino"}]},{"@type":"WebSite","@id":"https:\/\/www.bellunopress.it\/#website","url":"https:\/\/www.bellunopress.it\/","name":"Bellunopress - Dolomiti","description":"e-mail: redazione@bellunopress.it","publisher":{"@id":"https:\/\/www.bellunopress.it\/#organization"},"potentialAction":[{"@type":"SearchAction","target":{"@type":"EntryPoint","urlTemplate":"https:\/\/www.bellunopress.it\/?s={search_term_string}"},"query-input":{"@type":"PropertyValueSpecification","valueRequired":true,"valueName":"search_term_string"}}],"inLanguage":"fr-FR"},{"@type":"Organization","@id":"https:\/\/www.bellunopress.it\/#organization","name":"Bellunopress","url":"https:\/\/www.bellunopress.it\/","logo":{"@type":"ImageObject","inLanguage":"fr-FR","@id":"https:\/\/www.bellunopress.it\/#\/schema\/logo\/image\/","url":"https:\/\/www.bellunopress.it\/wp-content\/uploads\/2011\/05\/cropped-logo-bellunopress-.jpg","contentUrl":"https:\/\/www.bellunopress.it\/wp-content\/uploads\/2011\/05\/cropped-logo-bellunopress-.jpg","width":512,"height":512,"caption":"Bellunopress"},"image":{"@id":"https:\/\/www.bellunopress.it\/#\/schema\/logo\/image\/"},"sameAs":["https:\/\/www.facebook.com\/profile.php?id=100008943462799","https:\/\/x.com\/bellunopress","https:\/\/www.linkedin.com\/hp\/?dnr=JBzUWaJfMUw8vbXJJ2tVW5-I3jZKvC4wsoxE&amp;amp;amp;amp;amp;amp;trk=nav_responsive_tab_home","https:\/\/www.youtube.com\/channel\/UCxL0wu1uN0_3_7hGG0306cw"]},{"@type":"Person","@id":"https:\/\/www.bellunopress.it\/#\/schema\/person\/79bb06722b37ece1c03d3e94beb30d73","name":"r\u00e9daction","image":{"@type":"ImageObject","inLanguage":"fr-FR","@id":"https:\/\/secure.gravatar.com\/avatar\/37d968a2e67a6fd04c169c4bdef102d0bc5d31b2546345219e348575eb80e9a0?s=96&d=mm&r=g","url":"https:\/\/secure.gravatar.com\/avatar\/37d968a2e67a6fd04c169c4bdef102d0bc5d31b2546345219e348575eb80e9a0?s=96&d=mm&r=g","contentUrl":"https:\/\/secure.gravatar.com\/avatar\/37d968a2e67a6fd04c169c4bdef102d0bc5d31b2546345219e348575eb80e9a0?s=96&d=mm&r=g","caption":"redazione"},"sameAs":["http:\/\/www.bellunopress.it","https:\/\/x.com\/bellunopress"],"url":"https:\/\/www.bellunopress.it\/fr\/author\/redazione\/"}]}},"_links":{"self":[{"href":"https:\/\/www.bellunopress.it\/fr\/wp-json\/wp\/v2\/posts\/106012","targetHints":{"allow":["GET"]}}],"collection":[{"href":"https:\/\/www.bellunopress.it\/fr\/wp-json\/wp\/v2\/posts"}],"about":[{"href":"https:\/\/www.bellunopress.it\/fr\/wp-json\/wp\/v2\/types\/post"}],"author":[{"embeddable":true,"href":"https:\/\/www.bellunopress.it\/fr\/wp-json\/wp\/v2\/users\/2"}],"replies":[{"embeddable":true,"href":"https:\/\/www.bellunopress.it\/fr\/wp-json\/wp\/v2\/comments?post=106012"}],"version-history":[{"count":4,"href":"https:\/\/www.bellunopress.it\/fr\/wp-json\/wp\/v2\/posts\/106012\/revisions"}],"predecessor-version":[{"id":106017,"href":"https:\/\/www.bellunopress.it\/fr\/wp-json\/wp\/v2\/posts\/106012\/revisions\/106017"}],"wp:attachment":[{"href":"https:\/\/www.bellunopress.it\/fr\/wp-json\/wp\/v2\/media?parent=106012"}],"wp:term":[{"taxonomy":"category","embeddable":true,"href":"https:\/\/www.bellunopress.it\/fr\/wp-json\/wp\/v2\/categories?post=106012"},{"taxonomy":"post_tag","embeddable":true,"href":"https:\/\/www.bellunopress.it\/fr\/wp-json\/wp\/v2\/tags?post=106012"}],"curies":[{"name":"wp","href":"https:\/\/api.w.org\/{rel}","templated":true}]}}