{"id":106008,"date":"2019-07-06T15:36:50","date_gmt":"2019-07-06T13:36:50","guid":{"rendered":"http:\/\/www.bellunopress.it\/?p=106008"},"modified":"2019-07-06T15:36:50","modified_gmt":"2019-07-06T13:36:50","slug":"atti-osceni-in-via-caffi-denunciato-extracomunitario-clandestino-pluripregiudicato","status":"publish","type":"post","link":"https:\/\/www.bellunopress.it\/fr\/2019\/07\/06\/atti-osceni-in-via-caffi-denunciato-extracomunitario-clandestino-pluripregiudicato\/","title":{"rendered":"Atti osceni in via Caffi, denunciato extracomunitario clandestino pluripregiudicato"},"content":{"rendered":"<p><a href=\"http:\/\/www.bellunopress.it\/fr\/2018\/09\/10\/operazione-estate-sicura-tre-giorni-di-controlli-a-tappeto-della-polizia\/polizia-8\/\" rel=\"attachment wp-att-97826\"><img loading=\"lazy\" decoding=\"async\" class=\"alignleft size-full wp-image-97826\" src=\"http:\/\/www.bellunopress.it\/wp-content\/uploads\/2018\/09\/polizia.jpg\" alt=\"\" width=\"300\" height=\"207\" \/><\/a>Alle ore 20 circa di marted\u00ec 2 luglio la Volante interveniva nella centrale via Caffi di Belluno dove era stato segnalato un giovane di origine magrebina che compiva atti osceni.<\/p>\n<p>Lo straniero si era fermato di fronte ad un bar della via e dopo essersi slacciato i pantaloni urinava e compiva gesti improntati nella sfera sessuale, indirizzati ad alcune persone di cui aveva in precedenza attirato l\u2019attenzione. Dopo aver ascoltato i racconti dei testimoni e visionato le immagini scattate con lo smartphone da uno di questi, fotografie nelle quali gli agenti riconoscevano un noto giovane di nazionalit\u00e0 marocchina (O.M.) pluripregiudicato residente a Belluno, i poliziotti rintracciavano il soggetto che si era allontanato lungo via Dino Buzzati.<\/p>\n<p>Considerato che gli atti compiuti dal marocchino hanno generato negli spettatori un forte senso di disgusto e potevano essere visti da minori, visto l\u2019orario e la vicinanza di locali frequentati anche da famiglie, l\u2019extracomunitario veniva denunciato per aver compiuto atti osceni in luogo pubblico con una pena che va da 4 mesi a 4 anni e mezzo.<\/p>","protected":false},"excerpt":{"rendered":"<p>Alle ore 20 circa di marted\u00ec 2 luglio la Volante interveniva nella centrale via Caffi di Belluno dove era stato segnalato un giovane di origine magrebina che compiva atti osceni. Lo straniero si era fermato di fronte ad un bar della via e dopo essersi slacciato i pantaloni urinava e compiva gesti improntati nella sfera [&hellip;]<\/p>\n","protected":false},"author":2,"featured_media":0,"comment_status":"closed","ping_status":"open","sticky":false,"template":"","format":"standard","meta":{"footnotes":""},"categories":[5,26],"tags":[],"class_list":["post-106008","post","type-post","status-publish","format-standard","category-cronaca","category-prima-pagina"],"yoast_head":"<!-- This site is optimized with the Yoast SEO plugin v28.4 - https:\/\/yoast.com\/product\/yoast-seo-wordpress\/ -->\n<title>Atti osceni in via Caffi, denunciato extracomunitario clandestino pluripregiudicato - Bellunopress - Dolomiti<\/title>\n<meta name=\"robots\" content=\"index, follow, max-snippet:-1, max-image-preview:large, max-video-preview:-1\" \/>\n<link rel=\"canonical\" href=\"https:\/\/www.bellunopress.it\/fr\/2019\/07\/06\/atti-osceni-in-via-caffi-denunciato-extracomunitario-clandestino-pluripregiudicato\/\" \/>\n<meta property=\"og:locale\" content=\"fr_FR\" \/>\n<meta property=\"og:type\" content=\"article\" \/>\n<meta property=\"og:title\" content=\"Atti osceni in via Caffi, denunciato extracomunitario clandestino pluripregiudicato - Bellunopress - Dolomiti\" \/>\n<meta property=\"og:description\" content=\"Alle ore 20 circa di marted\u00ec 2 luglio la Volante interveniva nella centrale via Caffi di Belluno dove era stato segnalato un giovane di origine magrebina che compiva atti osceni. Lo straniero si era fermato di fronte ad un bar della via e dopo essersi slacciato i pantaloni urinava e compiva gesti improntati nella sfera [&hellip;]\" \/>\n<meta property=\"og:url\" content=\"https:\/\/www.bellunopress.it\/fr\/2019\/07\/06\/atti-osceni-in-via-caffi-denunciato-extracomunitario-clandestino-pluripregiudicato\/\" \/>\n<meta property=\"og:site_name\" content=\"Bellunopress - Dolomiti\" \/>\n<meta property=\"article:publisher\" content=\"https:\/\/www.facebook.com\/profile.php?id=100008943462799\" \/>\n<meta property=\"article:published_time\" content=\"2019-07-06T13:36:50+00:00\" \/>\n<meta property=\"og:image\" content=\"http:\/\/www.bellunopress.it\/wp-content\/uploads\/2018\/09\/polizia.jpg\" \/>\n<meta name=\"author\" content=\"redazione\" \/>\n<meta name=\"twitter:card\" content=\"summary_large_image\" \/>\n<meta name=\"twitter:creator\" content=\"@bellunopress\" \/>\n<meta name=\"twitter:site\" content=\"@bellunopress\" \/>\n<meta name=\"twitter:label1\" content=\"\u00c9crit par\" \/>\n\t<meta name=\"twitter:data1\" content=\"redazione\" \/>\n\t<meta name=\"twitter:label2\" content=\"Dur\u00e9e de lecture estim\u00e9e\" \/>\n\t<meta name=\"twitter:data2\" content=\"1 minute\" \/>\n<script type=\"application\/ld+json\" class=\"yoast-schema-graph\">{\"@context\":\"https:\\\/\\\/schema.org\",\"@graph\":[{\"@type\":\"Article\",\"@id\":\"https:\\\/\\\/www.bellunopress.it\\\/2019\\\/07\\\/06\\\/atti-osceni-in-via-caffi-denunciato-extracomunitario-clandestino-pluripregiudicato\\\/#article\",\"isPartOf\":{\"@id\":\"https:\\\/\\\/www.bellunopress.it\\\/2019\\\/07\\\/06\\\/atti-osceni-in-via-caffi-denunciato-extracomunitario-clandestino-pluripregiudicato\\\/\"},\"author\":{\"name\":\"redazione\",\"@id\":\"https:\\\/\\\/www.bellunopress.it\\\/#\\\/schema\\\/person\\\/79bb06722b37ece1c03d3e94beb30d73\"},\"headline\":\"Atti osceni in via Caffi, denunciato extracomunitario clandestino pluripregiudicato\",\"datePublished\":\"2019-07-06T13:36:50+00:00\",\"mainEntityOfPage\":{\"@id\":\"https:\\\/\\\/www.bellunopress.it\\\/2019\\\/07\\\/06\\\/atti-osceni-in-via-caffi-denunciato-extracomunitario-clandestino-pluripregiudicato\\\/\"},\"wordCount\":182,\"publisher\":{\"@id\":\"https:\\\/\\\/www.bellunopress.it\\\/#organization\"},\"image\":{\"@id\":\"https:\\\/\\\/www.bellunopress.it\\\/2019\\\/07\\\/06\\\/atti-osceni-in-via-caffi-denunciato-extracomunitario-clandestino-pluripregiudicato\\\/#primaryimage\"},\"thumbnailUrl\":\"http:\\\/\\\/www.bellunopress.it\\\/wp-content\\\/uploads\\\/2018\\\/09\\\/polizia.jpg\",\"articleSection\":[\"Cronaca\\\/Politica\",\"Prima Pagina\"],\"inLanguage\":\"fr-FR\"},{\"@type\":\"WebPage\",\"@id\":\"https:\\\/\\\/www.bellunopress.it\\\/2019\\\/07\\\/06\\\/atti-osceni-in-via-caffi-denunciato-extracomunitario-clandestino-pluripregiudicato\\\/\",\"url\":\"https:\\\/\\\/www.bellunopress.it\\\/2019\\\/07\\\/06\\\/atti-osceni-in-via-caffi-denunciato-extracomunitario-clandestino-pluripregiudicato\\\/\",\"name\":\"Atti osceni in via Caffi, denunciato extracomunitario clandestino pluripregiudicato - Bellunopress - Dolomiti\",\"isPartOf\":{\"@id\":\"https:\\\/\\\/www.bellunopress.it\\\/#website\"},\"primaryImageOfPage\":{\"@id\":\"https:\\\/\\\/www.bellunopress.it\\\/2019\\\/07\\\/06\\\/atti-osceni-in-via-caffi-denunciato-extracomunitario-clandestino-pluripregiudicato\\\/#primaryimage\"},\"image\":{\"@id\":\"https:\\\/\\\/www.bellunopress.it\\\/2019\\\/07\\\/06\\\/atti-osceni-in-via-caffi-denunciato-extracomunitario-clandestino-pluripregiudicato\\\/#primaryimage\"},\"thumbnailUrl\":\"http:\\\/\\\/www.bellunopress.it\\\/wp-content\\\/uploads\\\/2018\\\/09\\\/polizia.jpg\",\"datePublished\":\"2019-07-06T13:36:50+00:00\",\"breadcrumb\":{\"@id\":\"https:\\\/\\\/www.bellunopress.it\\\/2019\\\/07\\\/06\\\/atti-osceni-in-via-caffi-denunciato-extracomunitario-clandestino-pluripregiudicato\\\/#breadcrumb\"},\"inLanguage\":\"fr-FR\",\"potentialAction\":[{\"@type\":\"ReadAction\",\"target\":[\"https:\\\/\\\/www.bellunopress.it\\\/2019\\\/07\\\/06\\\/atti-osceni-in-via-caffi-denunciato-extracomunitario-clandestino-pluripregiudicato\\\/\"]}]},{\"@type\":\"ImageObject\",\"inLanguage\":\"fr-FR\",\"@id\":\"https:\\\/\\\/www.bellunopress.it\\\/2019\\\/07\\\/06\\\/atti-osceni-in-via-caffi-denunciato-extracomunitario-clandestino-pluripregiudicato\\\/#primaryimage\",\"url\":\"http:\\\/\\\/www.bellunopress.it\\\/wp-content\\\/uploads\\\/2018\\\/09\\\/polizia.jpg\",\"contentUrl\":\"http:\\\/\\\/www.bellunopress.it\\\/wp-content\\\/uploads\\\/2018\\\/09\\\/polizia.jpg\"},{\"@type\":\"BreadcrumbList\",\"@id\":\"https:\\\/\\\/www.bellunopress.it\\\/2019\\\/07\\\/06\\\/atti-osceni-in-via-caffi-denunciato-extracomunitario-clandestino-pluripregiudicato\\\/#breadcrumb\",\"itemListElement\":[{\"@type\":\"ListItem\",\"position\":1,\"name\":\"Home\",\"item\":\"https:\\\/\\\/www.bellunopress.it\\\/\"},{\"@type\":\"ListItem\",\"position\":2,\"name\":\"Atti osceni in via Caffi, denunciato extracomunitario clandestino pluripregiudicato\"}]},{\"@type\":\"WebSite\",\"@id\":\"https:\\\/\\\/www.bellunopress.it\\\/#website\",\"url\":\"https:\\\/\\\/www.bellunopress.it\\\/\",\"name\":\"Bellunopress - Dolomiti\",\"description\":\"e-mail: redazione@bellunopress.it\",\"publisher\":{\"@id\":\"https:\\\/\\\/www.bellunopress.it\\\/#organization\"},\"potentialAction\":[{\"@type\":\"SearchAction\",\"target\":{\"@type\":\"EntryPoint\",\"urlTemplate\":\"https:\\\/\\\/www.bellunopress.it\\\/?s={search_term_string}\"},\"query-input\":{\"@type\":\"PropertyValueSpecification\",\"valueRequired\":true,\"valueName\":\"search_term_string\"}}],\"inLanguage\":\"fr-FR\"},{\"@type\":\"Organization\",\"@id\":\"https:\\\/\\\/www.bellunopress.it\\\/#organization\",\"name\":\"Bellunopress\",\"url\":\"https:\\\/\\\/www.bellunopress.it\\\/\",\"logo\":{\"@type\":\"ImageObject\",\"inLanguage\":\"fr-FR\",\"@id\":\"https:\\\/\\\/www.bellunopress.it\\\/#\\\/schema\\\/logo\\\/image\\\/\",\"url\":\"https:\\\/\\\/www.bellunopress.it\\\/wp-content\\\/uploads\\\/2011\\\/05\\\/cropped-logo-bellunopress-.jpg\",\"contentUrl\":\"https:\\\/\\\/www.bellunopress.it\\\/wp-content\\\/uploads\\\/2011\\\/05\\\/cropped-logo-bellunopress-.jpg\",\"width\":512,\"height\":512,\"caption\":\"Bellunopress\"},\"image\":{\"@id\":\"https:\\\/\\\/www.bellunopress.it\\\/#\\\/schema\\\/logo\\\/image\\\/\"},\"sameAs\":[\"https:\\\/\\\/www.facebook.com\\\/profile.php?id=100008943462799\",\"https:\\\/\\\/x.com\\\/bellunopress\",\"https:\\\/\\\/www.linkedin.com\\\/hp\\\/?dnr=JBzUWaJfMUw8vbXJJ2tVW5-I3jZKvC4wsoxE&amp;amp;amp;amp;amp;amp;trk=nav_responsive_tab_home\",\"https:\\\/\\\/www.youtube.com\\\/channel\\\/UCxL0wu1uN0_3_7hGG0306cw\"]},{\"@type\":\"Person\",\"@id\":\"https:\\\/\\\/www.bellunopress.it\\\/#\\\/schema\\\/person\\\/79bb06722b37ece1c03d3e94beb30d73\",\"name\":\"redazione\",\"image\":{\"@type\":\"ImageObject\",\"inLanguage\":\"fr-FR\",\"@id\":\"https:\\\/\\\/secure.gravatar.com\\\/avatar\\\/37d968a2e67a6fd04c169c4bdef102d0bc5d31b2546345219e348575eb80e9a0?s=96&d=mm&r=g\",\"url\":\"https:\\\/\\\/secure.gravatar.com\\\/avatar\\\/37d968a2e67a6fd04c169c4bdef102d0bc5d31b2546345219e348575eb80e9a0?s=96&d=mm&r=g\",\"contentUrl\":\"https:\\\/\\\/secure.gravatar.com\\\/avatar\\\/37d968a2e67a6fd04c169c4bdef102d0bc5d31b2546345219e348575eb80e9a0?s=96&d=mm&r=g\",\"caption\":\"redazione\"},\"sameAs\":[\"http:\\\/\\\/www.bellunopress.it\",\"https:\\\/\\\/x.com\\\/bellunopress\"],\"url\":\"https:\\\/\\\/www.bellunopress.it\\\/fr\\\/author\\\/redazione\\\/\"}]}<\/script>\n<!-- \/ Yoast SEO plugin. -->","yoast_head_json":{"title":"Atti osceni in via Caffi, denunciato extracomunitario clandestino pluripregiudicato - Bellunopress - Dolomiti","robots":{"index":"index","follow":"follow","max-snippet":"max-snippet:-1","max-image-preview":"max-image-preview:large","max-video-preview":"max-video-preview:-1"},"canonical":"https:\/\/www.bellunopress.it\/fr\/2019\/07\/06\/atti-osceni-in-via-caffi-denunciato-extracomunitario-clandestino-pluripregiudicato\/","og_locale":"fr_FR","og_type":"article","og_title":"Atti osceni in via Caffi, denunciato extracomunitario clandestino pluripregiudicato - Bellunopress - Dolomiti","og_description":"Alle ore 20 circa di marted\u00ec 2 luglio la Volante interveniva nella centrale via Caffi di Belluno dove era stato segnalato un giovane di origine magrebina che compiva atti osceni. Lo straniero si era fermato di fronte ad un bar della via e dopo essersi slacciato i pantaloni urinava e compiva gesti improntati nella sfera [&hellip;]","og_url":"https:\/\/www.bellunopress.it\/fr\/2019\/07\/06\/atti-osceni-in-via-caffi-denunciato-extracomunitario-clandestino-pluripregiudicato\/","og_site_name":"Bellunopress - Dolomiti","article_publisher":"https:\/\/www.facebook.com\/profile.php?id=100008943462799","article_published_time":"2019-07-06T13:36:50+00:00","og_image":[{"url":"http:\/\/www.bellunopress.it\/wp-content\/uploads\/2018\/09\/polizia.jpg","type":"","width":"","height":""}],"author":"redazione","twitter_card":"summary_large_image","twitter_creator":"@bellunopress","twitter_site":"@bellunopress","twitter_misc":{"\u00c9crit par":"redazione","Dur\u00e9e de lecture estim\u00e9e":"1 minute"},"schema":{"@context":"https:\/\/schema.org","@graph":[{"@type":"Article","@id":"https:\/\/www.bellunopress.it\/2019\/07\/06\/atti-osceni-in-via-caffi-denunciato-extracomunitario-clandestino-pluripregiudicato\/#article","isPartOf":{"@id":"https:\/\/www.bellunopress.it\/2019\/07\/06\/atti-osceni-in-via-caffi-denunciato-extracomunitario-clandestino-pluripregiudicato\/"},"author":{"name":"redazione","@id":"https:\/\/www.bellunopress.it\/#\/schema\/person\/79bb06722b37ece1c03d3e94beb30d73"},"headline":"Atti osceni in via Caffi, denunciato extracomunitario clandestino pluripregiudicato","datePublished":"2019-07-06T13:36:50+00:00","mainEntityOfPage":{"@id":"https:\/\/www.bellunopress.it\/2019\/07\/06\/atti-osceni-in-via-caffi-denunciato-extracomunitario-clandestino-pluripregiudicato\/"},"wordCount":182,"publisher":{"@id":"https:\/\/www.bellunopress.it\/#organization"},"image":{"@id":"https:\/\/www.bellunopress.it\/2019\/07\/06\/atti-osceni-in-via-caffi-denunciato-extracomunitario-clandestino-pluripregiudicato\/#primaryimage"},"thumbnailUrl":"http:\/\/www.bellunopress.it\/wp-content\/uploads\/2018\/09\/polizia.jpg","articleSection":["Cronaca\/Politica","Prima Pagina"],"inLanguage":"fr-FR"},{"@type":"WebPage","@id":"https:\/\/www.bellunopress.it\/2019\/07\/06\/atti-osceni-in-via-caffi-denunciato-extracomunitario-clandestino-pluripregiudicato\/","url":"https:\/\/www.bellunopress.it\/2019\/07\/06\/atti-osceni-in-via-caffi-denunciato-extracomunitario-clandestino-pluripregiudicato\/","name":"Atti osceni in via Caffi, denunciato extracomunitario clandestino pluripregiudicato - Bellunopress - Dolomiti","isPartOf":{"@id":"https:\/\/www.bellunopress.it\/#website"},"primaryImageOfPage":{"@id":"https:\/\/www.bellunopress.it\/2019\/07\/06\/atti-osceni-in-via-caffi-denunciato-extracomunitario-clandestino-pluripregiudicato\/#primaryimage"},"image":{"@id":"https:\/\/www.bellunopress.it\/2019\/07\/06\/atti-osceni-in-via-caffi-denunciato-extracomunitario-clandestino-pluripregiudicato\/#primaryimage"},"thumbnailUrl":"http:\/\/www.bellunopress.it\/wp-content\/uploads\/2018\/09\/polizia.jpg","datePublished":"2019-07-06T13:36:50+00:00","breadcrumb":{"@id":"https:\/\/www.bellunopress.it\/2019\/07\/06\/atti-osceni-in-via-caffi-denunciato-extracomunitario-clandestino-pluripregiudicato\/#breadcrumb"},"inLanguage":"fr-FR","potentialAction":[{"@type":"ReadAction","target":["https:\/\/www.bellunopress.it\/2019\/07\/06\/atti-osceni-in-via-caffi-denunciato-extracomunitario-clandestino-pluripregiudicato\/"]}]},{"@type":"ImageObject","inLanguage":"fr-FR","@id":"https:\/\/www.bellunopress.it\/2019\/07\/06\/atti-osceni-in-via-caffi-denunciato-extracomunitario-clandestino-pluripregiudicato\/#primaryimage","url":"http:\/\/www.bellunopress.it\/wp-content\/uploads\/2018\/09\/polizia.jpg","contentUrl":"http:\/\/www.bellunopress.it\/wp-content\/uploads\/2018\/09\/polizia.jpg"},{"@type":"BreadcrumbList","@id":"https:\/\/www.bellunopress.it\/2019\/07\/06\/atti-osceni-in-via-caffi-denunciato-extracomunitario-clandestino-pluripregiudicato\/#breadcrumb","itemListElement":[{"@type":"ListItem","position":1,"name":"Home","item":"https:\/\/www.bellunopress.it\/"},{"@type":"ListItem","position":2,"name":"Atti osceni in via Caffi, denunciato extracomunitario clandestino pluripregiudicato"}]},{"@type":"WebSite","@id":"https:\/\/www.bellunopress.it\/#website","url":"https:\/\/www.bellunopress.it\/","name":"Bellunopress - Dolomiti","description":"e-mail: redazione@bellunopress.it","publisher":{"@id":"https:\/\/www.bellunopress.it\/#organization"},"potentialAction":[{"@type":"SearchAction","target":{"@type":"EntryPoint","urlTemplate":"https:\/\/www.bellunopress.it\/?s={search_term_string}"},"query-input":{"@type":"PropertyValueSpecification","valueRequired":true,"valueName":"search_term_string"}}],"inLanguage":"fr-FR"},{"@type":"Organization","@id":"https:\/\/www.bellunopress.it\/#organization","name":"Bellunopress","url":"https:\/\/www.bellunopress.it\/","logo":{"@type":"ImageObject","inLanguage":"fr-FR","@id":"https:\/\/www.bellunopress.it\/#\/schema\/logo\/image\/","url":"https:\/\/www.bellunopress.it\/wp-content\/uploads\/2011\/05\/cropped-logo-bellunopress-.jpg","contentUrl":"https:\/\/www.bellunopress.it\/wp-content\/uploads\/2011\/05\/cropped-logo-bellunopress-.jpg","width":512,"height":512,"caption":"Bellunopress"},"image":{"@id":"https:\/\/www.bellunopress.it\/#\/schema\/logo\/image\/"},"sameAs":["https:\/\/www.facebook.com\/profile.php?id=100008943462799","https:\/\/x.com\/bellunopress","https:\/\/www.linkedin.com\/hp\/?dnr=JBzUWaJfMUw8vbXJJ2tVW5-I3jZKvC4wsoxE&amp;amp;amp;amp;amp;amp;trk=nav_responsive_tab_home","https:\/\/www.youtube.com\/channel\/UCxL0wu1uN0_3_7hGG0306cw"]},{"@type":"Person","@id":"https:\/\/www.bellunopress.it\/#\/schema\/person\/79bb06722b37ece1c03d3e94beb30d73","name":"r\u00e9daction","image":{"@type":"ImageObject","inLanguage":"fr-FR","@id":"https:\/\/secure.gravatar.com\/avatar\/37d968a2e67a6fd04c169c4bdef102d0bc5d31b2546345219e348575eb80e9a0?s=96&d=mm&r=g","url":"https:\/\/secure.gravatar.com\/avatar\/37d968a2e67a6fd04c169c4bdef102d0bc5d31b2546345219e348575eb80e9a0?s=96&d=mm&r=g","contentUrl":"https:\/\/secure.gravatar.com\/avatar\/37d968a2e67a6fd04c169c4bdef102d0bc5d31b2546345219e348575eb80e9a0?s=96&d=mm&r=g","caption":"redazione"},"sameAs":["http:\/\/www.bellunopress.it","https:\/\/x.com\/bellunopress"],"url":"https:\/\/www.bellunopress.it\/fr\/author\/redazione\/"}]}},"_links":{"self":[{"href":"https:\/\/www.bellunopress.it\/fr\/wp-json\/wp\/v2\/posts\/106008","targetHints":{"allow":["GET"]}}],"collection":[{"href":"https:\/\/www.bellunopress.it\/fr\/wp-json\/wp\/v2\/posts"}],"about":[{"href":"https:\/\/www.bellunopress.it\/fr\/wp-json\/wp\/v2\/types\/post"}],"author":[{"embeddable":true,"href":"https:\/\/www.bellunopress.it\/fr\/wp-json\/wp\/v2\/users\/2"}],"replies":[{"embeddable":true,"href":"https:\/\/www.bellunopress.it\/fr\/wp-json\/wp\/v2\/comments?post=106008"}],"version-history":[{"count":1,"href":"https:\/\/www.bellunopress.it\/fr\/wp-json\/wp\/v2\/posts\/106008\/revisions"}],"predecessor-version":[{"id":106009,"href":"https:\/\/www.bellunopress.it\/fr\/wp-json\/wp\/v2\/posts\/106008\/revisions\/106009"}],"wp:attachment":[{"href":"https:\/\/www.bellunopress.it\/fr\/wp-json\/wp\/v2\/media?parent=106008"}],"wp:term":[{"taxonomy":"category","embeddable":true,"href":"https:\/\/www.bellunopress.it\/fr\/wp-json\/wp\/v2\/categories?post=106008"},{"taxonomy":"post_tag","embeddable":true,"href":"https:\/\/www.bellunopress.it\/fr\/wp-json\/wp\/v2\/tags?post=106008"}],"curies":[{"name":"wp","href":"https:\/\/api.w.org\/{rel}","templated":true}]}}