{"id":10595,"date":"2009-12-12T22:30:23","date_gmt":"2009-12-12T21:30:23","guid":{"rendered":"http:\/\/www.bellunopress.it\/?p=10595"},"modified":"2009-12-13T10:25:08","modified_gmt":"2009-12-13T09:25:08","slug":"presentazione-candidature-per-tirocini-in-biblioteca-civica-domande-entro-il-31-dicembre-valide-per-il-2010","status":"publish","type":"post","link":"https:\/\/www.bellunopress.it\/fr\/2009\/12\/12\/presentazione-candidature-per-tirocini-in-biblioteca-civica-domande-entro-il-31-dicembre-valide-per-il-2010\/","title":{"rendered":"Presentazione candidature per tirocini in Biblioteca Civica. Domande entro il 31 dicembre, valide per il 2010"},"content":{"rendered":"<p><a href=\"http:\/\/www.bellunopress.it\/wp-content\/uploads\/2009\/12\/crepadona.jpg\"><img loading=\"lazy\" decoding=\"async\" class=\"alignleft size-medium wp-image-10610\" title=\"crepadona\" src=\"http:\/\/www.bellunopress.it\/wp-content\/uploads\/2009\/12\/crepadona.jpg\" alt=\"\" width=\"270\" height=\"202\" \/><\/a>La Biblioteca Civica di Belluno \u00e8 disponibile ad accogliere tirocinanti che vogliano fare esperienza in una biblioteca di pubblica lettura, con un bacino d&#8217;utenza provinciale, che possiede un fondo storico (libro antico e manoscritto) e un archivio fotografico, per un periodo non inferiore a tre mesi. Saranno valutate domande di laureati e laureandi in materie umanistiche ma anche in scienze della comunicazione, sociali, della formazione, dell&#8217;informazione e scienze informatiche. Sar\u00e0 preso in considerazione anche chi ha frequentato corsi per bibliotecari finanziati con il Fondo Sociale Europeo o corsi provinciali e regionali di formazione relativi alla gestione di biblioteche pubbliche, di catalogazione, informatizzazione, digitalizzazione e promozione del patrimonio documentario. Le domande, complete di dati anagrafici e curriculum di formazione (specificare eventuale conoscenza del pacchetto Office ed esperienze di catalogazione nel Servizio Bibliotecario Nazionale), devono essere inviate via e-mail preferibilmente entro gioved\u00ec 31 dicembre ai seguenti indirizzi di posta elettronica: <a href=\"mailto:formazione@comune.belluno.it\">formazione@comune.belluno.it<\/a> e <a href=\"mailto:biblioteca@comune.belluno.it\">biblioteca@comune.belluno.it<\/a>. Sar\u00e0 successivamente redatto un elenco di candidati al tirocinio, utilizzabile nel corso del prossimo anno. Per ulteriori informazioni rivolgersi all\u2019Ufficio Formazione del Comune di Belluno al telefono 0437 913283.<\/p>","protected":false},"excerpt":{"rendered":"<p>La Biblioteca Civica di Belluno \u00e8 disponibile ad accogliere tirocinanti che vogliano fare esperienza in una biblioteca di pubblica lettura, con un bacino d&#8217;utenza provinciale, che possiede un fondo storico (libro antico e manoscritto) e un archivio fotografico, per un periodo non inferiore a tre mesi. Saranno valutate domande di laureati e laureandi in materie [&hellip;]<\/p>\n","protected":false},"author":2,"featured_media":0,"comment_status":"closed","ping_status":"open","sticky":false,"template":"","format":"standard","meta":{"footnotes":""},"categories":[26,15],"tags":[139],"class_list":["post-10595","post","type-post","status-publish","format-standard","category-prima-pagina","category-scuola","tag-belluno"],"yoast_head":"<!-- This site is optimized with the Yoast SEO plugin v28.4 - https:\/\/yoast.com\/product\/yoast-seo-wordpress\/ -->\n<title>Presentazione candidature per tirocini in Biblioteca Civica. Domande entro il 31 dicembre, valide per il 2010 - Bellunopress - Dolomiti<\/title>\n<meta name=\"robots\" content=\"index, follow, max-snippet:-1, max-image-preview:large, max-video-preview:-1\" \/>\n<link rel=\"canonical\" href=\"https:\/\/www.bellunopress.it\/fr\/2009\/12\/12\/presentazione-candidature-per-tirocini-in-biblioteca-civica-domande-entro-il-31-dicembre-valide-per-il-2010\/\" \/>\n<meta property=\"og:locale\" content=\"fr_FR\" \/>\n<meta property=\"og:type\" content=\"article\" \/>\n<meta property=\"og:title\" content=\"Presentazione candidature per tirocini in Biblioteca Civica. Domande entro il 31 dicembre, valide per il 2010 - Bellunopress - Dolomiti\" \/>\n<meta property=\"og:description\" content=\"La Biblioteca Civica di Belluno \u00e8 disponibile ad accogliere tirocinanti che vogliano fare esperienza in una biblioteca di pubblica lettura, con un bacino d&#8217;utenza provinciale, che possiede un fondo storico (libro antico e manoscritto) e un archivio fotografico, per un periodo non inferiore a tre mesi. Saranno valutate domande di laureati e laureandi in materie [&hellip;]\" \/>\n<meta property=\"og:url\" content=\"https:\/\/www.bellunopress.it\/fr\/2009\/12\/12\/presentazione-candidature-per-tirocini-in-biblioteca-civica-domande-entro-il-31-dicembre-valide-per-il-2010\/\" \/>\n<meta property=\"og:site_name\" content=\"Bellunopress - Dolomiti\" \/>\n<meta property=\"article:publisher\" content=\"https:\/\/www.facebook.com\/profile.php?id=100008943462799\" \/>\n<meta property=\"article:published_time\" content=\"2009-12-12T21:30:23+00:00\" \/>\n<meta property=\"article:modified_time\" content=\"2009-12-13T09:25:08+00:00\" \/>\n<meta property=\"og:image\" content=\"http:\/\/www.bellunopress.it\/wp-content\/uploads\/2009\/12\/crepadona.jpg\" \/>\n<meta name=\"author\" content=\"redazione\" \/>\n<meta name=\"twitter:card\" content=\"summary_large_image\" \/>\n<meta name=\"twitter:creator\" content=\"@bellunopress\" \/>\n<meta name=\"twitter:site\" content=\"@bellunopress\" \/>\n<meta name=\"twitter:label1\" content=\"\u00c9crit par\" \/>\n\t<meta name=\"twitter:data1\" content=\"redazione\" \/>\n\t<meta name=\"twitter:label2\" content=\"Dur\u00e9e de lecture estim\u00e9e\" \/>\n\t<meta name=\"twitter:data2\" content=\"1 minute\" \/>\n<script type=\"application\/ld+json\" class=\"yoast-schema-graph\">{\"@context\":\"https:\\\/\\\/schema.org\",\"@graph\":[{\"@type\":\"Article\",\"@id\":\"https:\\\/\\\/www.bellunopress.it\\\/2009\\\/12\\\/12\\\/presentazione-candidature-per-tirocini-in-biblioteca-civica-domande-entro-il-31-dicembre-valide-per-il-2010\\\/#article\",\"isPartOf\":{\"@id\":\"https:\\\/\\\/www.bellunopress.it\\\/2009\\\/12\\\/12\\\/presentazione-candidature-per-tirocini-in-biblioteca-civica-domande-entro-il-31-dicembre-valide-per-il-2010\\\/\"},\"author\":{\"name\":\"redazione\",\"@id\":\"https:\\\/\\\/www.bellunopress.it\\\/#\\\/schema\\\/person\\\/79bb06722b37ece1c03d3e94beb30d73\"},\"headline\":\"Presentazione candidature per tirocini in Biblioteca Civica. Domande entro il 31 dicembre, valide per il 2010\",\"datePublished\":\"2009-12-12T21:30:23+00:00\",\"dateModified\":\"2009-12-13T09:25:08+00:00\",\"mainEntityOfPage\":{\"@id\":\"https:\\\/\\\/www.bellunopress.it\\\/2009\\\/12\\\/12\\\/presentazione-candidature-per-tirocini-in-biblioteca-civica-domande-entro-il-31-dicembre-valide-per-il-2010\\\/\"},\"wordCount\":199,\"publisher\":{\"@id\":\"https:\\\/\\\/www.bellunopress.it\\\/#organization\"},\"image\":{\"@id\":\"https:\\\/\\\/www.bellunopress.it\\\/2009\\\/12\\\/12\\\/presentazione-candidature-per-tirocini-in-biblioteca-civica-domande-entro-il-31-dicembre-valide-per-il-2010\\\/#primaryimage\"},\"thumbnailUrl\":\"http:\\\/\\\/www.bellunopress.it\\\/wp-content\\\/uploads\\\/2009\\\/12\\\/crepadona.jpg\",\"keywords\":[\"Belluno\"],\"articleSection\":[\"Prima Pagina\",\"Scuola\"],\"inLanguage\":\"fr-FR\"},{\"@type\":\"WebPage\",\"@id\":\"https:\\\/\\\/www.bellunopress.it\\\/2009\\\/12\\\/12\\\/presentazione-candidature-per-tirocini-in-biblioteca-civica-domande-entro-il-31-dicembre-valide-per-il-2010\\\/\",\"url\":\"https:\\\/\\\/www.bellunopress.it\\\/2009\\\/12\\\/12\\\/presentazione-candidature-per-tirocini-in-biblioteca-civica-domande-entro-il-31-dicembre-valide-per-il-2010\\\/\",\"name\":\"Presentazione candidature per tirocini in Biblioteca Civica. Domande entro il 31 dicembre, valide per il 2010 - Bellunopress - Dolomiti\",\"isPartOf\":{\"@id\":\"https:\\\/\\\/www.bellunopress.it\\\/#website\"},\"primaryImageOfPage\":{\"@id\":\"https:\\\/\\\/www.bellunopress.it\\\/2009\\\/12\\\/12\\\/presentazione-candidature-per-tirocini-in-biblioteca-civica-domande-entro-il-31-dicembre-valide-per-il-2010\\\/#primaryimage\"},\"image\":{\"@id\":\"https:\\\/\\\/www.bellunopress.it\\\/2009\\\/12\\\/12\\\/presentazione-candidature-per-tirocini-in-biblioteca-civica-domande-entro-il-31-dicembre-valide-per-il-2010\\\/#primaryimage\"},\"thumbnailUrl\":\"http:\\\/\\\/www.bellunopress.it\\\/wp-content\\\/uploads\\\/2009\\\/12\\\/crepadona.jpg\",\"datePublished\":\"2009-12-12T21:30:23+00:00\",\"dateModified\":\"2009-12-13T09:25:08+00:00\",\"breadcrumb\":{\"@id\":\"https:\\\/\\\/www.bellunopress.it\\\/2009\\\/12\\\/12\\\/presentazione-candidature-per-tirocini-in-biblioteca-civica-domande-entro-il-31-dicembre-valide-per-il-2010\\\/#breadcrumb\"},\"inLanguage\":\"fr-FR\",\"potentialAction\":[{\"@type\":\"ReadAction\",\"target\":[\"https:\\\/\\\/www.bellunopress.it\\\/2009\\\/12\\\/12\\\/presentazione-candidature-per-tirocini-in-biblioteca-civica-domande-entro-il-31-dicembre-valide-per-il-2010\\\/\"]}]},{\"@type\":\"ImageObject\",\"inLanguage\":\"fr-FR\",\"@id\":\"https:\\\/\\\/www.bellunopress.it\\\/2009\\\/12\\\/12\\\/presentazione-candidature-per-tirocini-in-biblioteca-civica-domande-entro-il-31-dicembre-valide-per-il-2010\\\/#primaryimage\",\"url\":\"http:\\\/\\\/www.bellunopress.it\\\/wp-content\\\/uploads\\\/2009\\\/12\\\/crepadona.jpg\",\"contentUrl\":\"http:\\\/\\\/www.bellunopress.it\\\/wp-content\\\/uploads\\\/2009\\\/12\\\/crepadona.jpg\"},{\"@type\":\"BreadcrumbList\",\"@id\":\"https:\\\/\\\/www.bellunopress.it\\\/2009\\\/12\\\/12\\\/presentazione-candidature-per-tirocini-in-biblioteca-civica-domande-entro-il-31-dicembre-valide-per-il-2010\\\/#breadcrumb\",\"itemListElement\":[{\"@type\":\"ListItem\",\"position\":1,\"name\":\"Home\",\"item\":\"https:\\\/\\\/www.bellunopress.it\\\/\"},{\"@type\":\"ListItem\",\"position\":2,\"name\":\"Presentazione candidature per tirocini in Biblioteca Civica. Domande entro il 31 dicembre, valide per il 2010\"}]},{\"@type\":\"WebSite\",\"@id\":\"https:\\\/\\\/www.bellunopress.it\\\/#website\",\"url\":\"https:\\\/\\\/www.bellunopress.it\\\/\",\"name\":\"Bellunopress - Dolomiti\",\"description\":\"e-mail: redazione@bellunopress.it\",\"publisher\":{\"@id\":\"https:\\\/\\\/www.bellunopress.it\\\/#organization\"},\"potentialAction\":[{\"@type\":\"SearchAction\",\"target\":{\"@type\":\"EntryPoint\",\"urlTemplate\":\"https:\\\/\\\/www.bellunopress.it\\\/?s={search_term_string}\"},\"query-input\":{\"@type\":\"PropertyValueSpecification\",\"valueRequired\":true,\"valueName\":\"search_term_string\"}}],\"inLanguage\":\"fr-FR\"},{\"@type\":\"Organization\",\"@id\":\"https:\\\/\\\/www.bellunopress.it\\\/#organization\",\"name\":\"Bellunopress\",\"url\":\"https:\\\/\\\/www.bellunopress.it\\\/\",\"logo\":{\"@type\":\"ImageObject\",\"inLanguage\":\"fr-FR\",\"@id\":\"https:\\\/\\\/www.bellunopress.it\\\/#\\\/schema\\\/logo\\\/image\\\/\",\"url\":\"https:\\\/\\\/www.bellunopress.it\\\/wp-content\\\/uploads\\\/2011\\\/05\\\/cropped-logo-bellunopress-.jpg\",\"contentUrl\":\"https:\\\/\\\/www.bellunopress.it\\\/wp-content\\\/uploads\\\/2011\\\/05\\\/cropped-logo-bellunopress-.jpg\",\"width\":512,\"height\":512,\"caption\":\"Bellunopress\"},\"image\":{\"@id\":\"https:\\\/\\\/www.bellunopress.it\\\/#\\\/schema\\\/logo\\\/image\\\/\"},\"sameAs\":[\"https:\\\/\\\/www.facebook.com\\\/profile.php?id=100008943462799\",\"https:\\\/\\\/x.com\\\/bellunopress\",\"https:\\\/\\\/www.linkedin.com\\\/hp\\\/?dnr=JBzUWaJfMUw8vbXJJ2tVW5-I3jZKvC4wsoxE&amp;amp;amp;amp;amp;amp;trk=nav_responsive_tab_home\",\"https:\\\/\\\/www.youtube.com\\\/channel\\\/UCxL0wu1uN0_3_7hGG0306cw\"]},{\"@type\":\"Person\",\"@id\":\"https:\\\/\\\/www.bellunopress.it\\\/#\\\/schema\\\/person\\\/79bb06722b37ece1c03d3e94beb30d73\",\"name\":\"redazione\",\"image\":{\"@type\":\"ImageObject\",\"inLanguage\":\"fr-FR\",\"@id\":\"https:\\\/\\\/secure.gravatar.com\\\/avatar\\\/37d968a2e67a6fd04c169c4bdef102d0bc5d31b2546345219e348575eb80e9a0?s=96&d=mm&r=g\",\"url\":\"https:\\\/\\\/secure.gravatar.com\\\/avatar\\\/37d968a2e67a6fd04c169c4bdef102d0bc5d31b2546345219e348575eb80e9a0?s=96&d=mm&r=g\",\"contentUrl\":\"https:\\\/\\\/secure.gravatar.com\\\/avatar\\\/37d968a2e67a6fd04c169c4bdef102d0bc5d31b2546345219e348575eb80e9a0?s=96&d=mm&r=g\",\"caption\":\"redazione\"},\"sameAs\":[\"http:\\\/\\\/www.bellunopress.it\",\"https:\\\/\\\/x.com\\\/bellunopress\"],\"url\":\"https:\\\/\\\/www.bellunopress.it\\\/fr\\\/author\\\/redazione\\\/\"}]}<\/script>\n<!-- \/ Yoast SEO plugin. -->","yoast_head_json":{"title":"Presentazione candidature per tirocini in Biblioteca Civica. Domande entro il 31 dicembre, valide per il 2010 - Bellunopress - Dolomiti","robots":{"index":"index","follow":"follow","max-snippet":"max-snippet:-1","max-image-preview":"max-image-preview:large","max-video-preview":"max-video-preview:-1"},"canonical":"https:\/\/www.bellunopress.it\/fr\/2009\/12\/12\/presentazione-candidature-per-tirocini-in-biblioteca-civica-domande-entro-il-31-dicembre-valide-per-il-2010\/","og_locale":"fr_FR","og_type":"article","og_title":"Presentazione candidature per tirocini in Biblioteca Civica. Domande entro il 31 dicembre, valide per il 2010 - Bellunopress - Dolomiti","og_description":"La Biblioteca Civica di Belluno \u00e8 disponibile ad accogliere tirocinanti che vogliano fare esperienza in una biblioteca di pubblica lettura, con un bacino d&#8217;utenza provinciale, che possiede un fondo storico (libro antico e manoscritto) e un archivio fotografico, per un periodo non inferiore a tre mesi. Saranno valutate domande di laureati e laureandi in materie [&hellip;]","og_url":"https:\/\/www.bellunopress.it\/fr\/2009\/12\/12\/presentazione-candidature-per-tirocini-in-biblioteca-civica-domande-entro-il-31-dicembre-valide-per-il-2010\/","og_site_name":"Bellunopress - Dolomiti","article_publisher":"https:\/\/www.facebook.com\/profile.php?id=100008943462799","article_published_time":"2009-12-12T21:30:23+00:00","article_modified_time":"2009-12-13T09:25:08+00:00","og_image":[{"url":"http:\/\/www.bellunopress.it\/wp-content\/uploads\/2009\/12\/crepadona.jpg","type":"","width":"","height":""}],"author":"redazione","twitter_card":"summary_large_image","twitter_creator":"@bellunopress","twitter_site":"@bellunopress","twitter_misc":{"\u00c9crit par":"redazione","Dur\u00e9e de lecture estim\u00e9e":"1 minute"},"schema":{"@context":"https:\/\/schema.org","@graph":[{"@type":"Article","@id":"https:\/\/www.bellunopress.it\/2009\/12\/12\/presentazione-candidature-per-tirocini-in-biblioteca-civica-domande-entro-il-31-dicembre-valide-per-il-2010\/#article","isPartOf":{"@id":"https:\/\/www.bellunopress.it\/2009\/12\/12\/presentazione-candidature-per-tirocini-in-biblioteca-civica-domande-entro-il-31-dicembre-valide-per-il-2010\/"},"author":{"name":"redazione","@id":"https:\/\/www.bellunopress.it\/#\/schema\/person\/79bb06722b37ece1c03d3e94beb30d73"},"headline":"Presentazione candidature per tirocini in Biblioteca Civica. Domande entro il 31 dicembre, valide per il 2010","datePublished":"2009-12-12T21:30:23+00:00","dateModified":"2009-12-13T09:25:08+00:00","mainEntityOfPage":{"@id":"https:\/\/www.bellunopress.it\/2009\/12\/12\/presentazione-candidature-per-tirocini-in-biblioteca-civica-domande-entro-il-31-dicembre-valide-per-il-2010\/"},"wordCount":199,"publisher":{"@id":"https:\/\/www.bellunopress.it\/#organization"},"image":{"@id":"https:\/\/www.bellunopress.it\/2009\/12\/12\/presentazione-candidature-per-tirocini-in-biblioteca-civica-domande-entro-il-31-dicembre-valide-per-il-2010\/#primaryimage"},"thumbnailUrl":"http:\/\/www.bellunopress.it\/wp-content\/uploads\/2009\/12\/crepadona.jpg","keywords":["Belluno"],"articleSection":["Prima Pagina","Scuola"],"inLanguage":"fr-FR"},{"@type":"WebPage","@id":"https:\/\/www.bellunopress.it\/2009\/12\/12\/presentazione-candidature-per-tirocini-in-biblioteca-civica-domande-entro-il-31-dicembre-valide-per-il-2010\/","url":"https:\/\/www.bellunopress.it\/2009\/12\/12\/presentazione-candidature-per-tirocini-in-biblioteca-civica-domande-entro-il-31-dicembre-valide-per-il-2010\/","name":"Presentazione candidature per tirocini in Biblioteca Civica. Domande entro il 31 dicembre, valide per il 2010 - Bellunopress - Dolomiti","isPartOf":{"@id":"https:\/\/www.bellunopress.it\/#website"},"primaryImageOfPage":{"@id":"https:\/\/www.bellunopress.it\/2009\/12\/12\/presentazione-candidature-per-tirocini-in-biblioteca-civica-domande-entro-il-31-dicembre-valide-per-il-2010\/#primaryimage"},"image":{"@id":"https:\/\/www.bellunopress.it\/2009\/12\/12\/presentazione-candidature-per-tirocini-in-biblioteca-civica-domande-entro-il-31-dicembre-valide-per-il-2010\/#primaryimage"},"thumbnailUrl":"http:\/\/www.bellunopress.it\/wp-content\/uploads\/2009\/12\/crepadona.jpg","datePublished":"2009-12-12T21:30:23+00:00","dateModified":"2009-12-13T09:25:08+00:00","breadcrumb":{"@id":"https:\/\/www.bellunopress.it\/2009\/12\/12\/presentazione-candidature-per-tirocini-in-biblioteca-civica-domande-entro-il-31-dicembre-valide-per-il-2010\/#breadcrumb"},"inLanguage":"fr-FR","potentialAction":[{"@type":"ReadAction","target":["https:\/\/www.bellunopress.it\/2009\/12\/12\/presentazione-candidature-per-tirocini-in-biblioteca-civica-domande-entro-il-31-dicembre-valide-per-il-2010\/"]}]},{"@type":"ImageObject","inLanguage":"fr-FR","@id":"https:\/\/www.bellunopress.it\/2009\/12\/12\/presentazione-candidature-per-tirocini-in-biblioteca-civica-domande-entro-il-31-dicembre-valide-per-il-2010\/#primaryimage","url":"http:\/\/www.bellunopress.it\/wp-content\/uploads\/2009\/12\/crepadona.jpg","contentUrl":"http:\/\/www.bellunopress.it\/wp-content\/uploads\/2009\/12\/crepadona.jpg"},{"@type":"BreadcrumbList","@id":"https:\/\/www.bellunopress.it\/2009\/12\/12\/presentazione-candidature-per-tirocini-in-biblioteca-civica-domande-entro-il-31-dicembre-valide-per-il-2010\/#breadcrumb","itemListElement":[{"@type":"ListItem","position":1,"name":"Home","item":"https:\/\/www.bellunopress.it\/"},{"@type":"ListItem","position":2,"name":"Presentazione candidature per tirocini in Biblioteca Civica. Domande entro il 31 dicembre, valide per il 2010"}]},{"@type":"WebSite","@id":"https:\/\/www.bellunopress.it\/#website","url":"https:\/\/www.bellunopress.it\/","name":"Bellunopress - Dolomiti","description":"e-mail: redazione@bellunopress.it","publisher":{"@id":"https:\/\/www.bellunopress.it\/#organization"},"potentialAction":[{"@type":"SearchAction","target":{"@type":"EntryPoint","urlTemplate":"https:\/\/www.bellunopress.it\/?s={search_term_string}"},"query-input":{"@type":"PropertyValueSpecification","valueRequired":true,"valueName":"search_term_string"}}],"inLanguage":"fr-FR"},{"@type":"Organization","@id":"https:\/\/www.bellunopress.it\/#organization","name":"Bellunopress","url":"https:\/\/www.bellunopress.it\/","logo":{"@type":"ImageObject","inLanguage":"fr-FR","@id":"https:\/\/www.bellunopress.it\/#\/schema\/logo\/image\/","url":"https:\/\/www.bellunopress.it\/wp-content\/uploads\/2011\/05\/cropped-logo-bellunopress-.jpg","contentUrl":"https:\/\/www.bellunopress.it\/wp-content\/uploads\/2011\/05\/cropped-logo-bellunopress-.jpg","width":512,"height":512,"caption":"Bellunopress"},"image":{"@id":"https:\/\/www.bellunopress.it\/#\/schema\/logo\/image\/"},"sameAs":["https:\/\/www.facebook.com\/profile.php?id=100008943462799","https:\/\/x.com\/bellunopress","https:\/\/www.linkedin.com\/hp\/?dnr=JBzUWaJfMUw8vbXJJ2tVW5-I3jZKvC4wsoxE&amp;amp;amp;amp;amp;amp;trk=nav_responsive_tab_home","https:\/\/www.youtube.com\/channel\/UCxL0wu1uN0_3_7hGG0306cw"]},{"@type":"Person","@id":"https:\/\/www.bellunopress.it\/#\/schema\/person\/79bb06722b37ece1c03d3e94beb30d73","name":"r\u00e9daction","image":{"@type":"ImageObject","inLanguage":"fr-FR","@id":"https:\/\/secure.gravatar.com\/avatar\/37d968a2e67a6fd04c169c4bdef102d0bc5d31b2546345219e348575eb80e9a0?s=96&d=mm&r=g","url":"https:\/\/secure.gravatar.com\/avatar\/37d968a2e67a6fd04c169c4bdef102d0bc5d31b2546345219e348575eb80e9a0?s=96&d=mm&r=g","contentUrl":"https:\/\/secure.gravatar.com\/avatar\/37d968a2e67a6fd04c169c4bdef102d0bc5d31b2546345219e348575eb80e9a0?s=96&d=mm&r=g","caption":"redazione"},"sameAs":["http:\/\/www.bellunopress.it","https:\/\/x.com\/bellunopress"],"url":"https:\/\/www.bellunopress.it\/fr\/author\/redazione\/"}]}},"_links":{"self":[{"href":"https:\/\/www.bellunopress.it\/fr\/wp-json\/wp\/v2\/posts\/10595","targetHints":{"allow":["GET"]}}],"collection":[{"href":"https:\/\/www.bellunopress.it\/fr\/wp-json\/wp\/v2\/posts"}],"about":[{"href":"https:\/\/www.bellunopress.it\/fr\/wp-json\/wp\/v2\/types\/post"}],"author":[{"embeddable":true,"href":"https:\/\/www.bellunopress.it\/fr\/wp-json\/wp\/v2\/users\/2"}],"replies":[{"embeddable":true,"href":"https:\/\/www.bellunopress.it\/fr\/wp-json\/wp\/v2\/comments?post=10595"}],"version-history":[{"count":3,"href":"https:\/\/www.bellunopress.it\/fr\/wp-json\/wp\/v2\/posts\/10595\/revisions"}],"predecessor-version":[{"id":10612,"href":"https:\/\/www.bellunopress.it\/fr\/wp-json\/wp\/v2\/posts\/10595\/revisions\/10612"}],"wp:attachment":[{"href":"https:\/\/www.bellunopress.it\/fr\/wp-json\/wp\/v2\/media?parent=10595"}],"wp:term":[{"taxonomy":"category","embeddable":true,"href":"https:\/\/www.bellunopress.it\/fr\/wp-json\/wp\/v2\/categories?post=10595"},{"taxonomy":"post_tag","embeddable":true,"href":"https:\/\/www.bellunopress.it\/fr\/wp-json\/wp\/v2\/tags?post=10595"}],"curies":[{"name":"wp","href":"https:\/\/api.w.org\/{rel}","templated":true}]}}