{"id":10593,"date":"2009-12-12T22:25:49","date_gmt":"2009-12-12T21:25:49","guid":{"rendered":"http:\/\/www.bellunopress.it\/?p=10593"},"modified":"2009-12-12T22:25:49","modified_gmt":"2009-12-12T21:25:49","slug":"un-libro-un-tema-unidea-percorso-letterario-nel-mondo-della-comunicazione","status":"publish","type":"post","link":"https:\/\/www.bellunopress.it\/fr\/2009\/12\/12\/un-libro-un-tema-unidea-percorso-letterario-nel-mondo-della-comunicazione\/","title":{"rendered":"Un libro, un tema, un&#8217;idea. Percorso letterario nel mondo della comunicazione"},"content":{"rendered":"<p>Quanti cittadini conoscono la complessit\u00e0 del lavoro che i comunicatori fanno dietro le quinte delle organizzazioni, pi\u00f9 o meno grandi, quotidianamente? Quanti sanno quali competenze, conoscenze e caratteristiche personali devono possedere?<br \/>\nSono queste domande che hanno dato vita al percorso letterario nel mondo della comunicazione dal titolo &#8220;Un libro, un tema, un&#8217;idea&#8221; organizzato dalla delegazione Triveneto dell&#8217;Associazione Comunicazione pubblica, con il patrocinio e il sostegno della Provincia di Belluno, del Comune di Belluno, della Ferpi \u0096 Federazione Relazioni pubbliche italiana, dell\u0092Albergo Cappello e Cadore, di Flashfactory e di Maxima srl. Nella consapevolezza che probabilmente sono pochi i cittadini che conoscono veramente questa professione, complessa e variamente articolata, malgrado siano i destinatari principali della attivit\u00e0 del comunicatore, la Delegazione ha pensato che per diffondere la cultura della comunicazione anche tra i non addetti ai lavori, il punto di partenza potesse essere un libro. Un libro che, pur trattando un solo tema specifico dell&#8217;immenso panorama delle scienze della comunicazione, permetter\u00e0, grazie alla testimonianza diretta dell\u0092autore (anch\u0092esso comunicatore), di esplorare e approfondire i vari ambiti della materia. I cinque appuntamento vogliono essere, quindi, da un lato, un modo per avvicinare anche il cittadino comune ai temi della comunicazione in modo semplice, divulgativo, assolutamente non tecnico e, dall&#8217;altro, per gli operatori un&#8217;occasione di riflessione e di approfondimento culturale e professionale.<br \/>\nIl primo appuntamento \u00e8 fissato per venerd\u00ec 18 dicembre 2009 alle ore 17.30 in Sala Affreschi di Palazzo Piloni a Belluno con la presentazione del libro \u0093Il Talento del Comunicatore\u0094 di Enrico Cogno, docente dell\u0092&#8217;Universit\u00e0 di Perugia, Luiss e UniNettuno.<br \/>\nGli altri quattro appuntamenti, tutti organizzati alle ore 17.30, sempre in Sala Affreschi di Palazzo Piloni a Belluno, si susseguiranno con il seguente calendario:<br \/>\nvenerd\u00ec 8 gennaio 2010 \u0096 \u0093Manuale operativo di Relazioni Pubbliche\u0094 di Giampietro Vecchiato, docente all&#8217;\u0092Universit\u00e0 di Padova e di Udine<br \/>\nvenerd\u00ec 15 gennaio 2010 \u0096 \u0093I mestieri della parola\u0094 di Michele Cortelazzo e Flavia Ursini dell\u0092Universit\u00e0 di Padova<br \/>\nvenerd\u00ec 22 gennaio 2010 \u0096 \u0093Come dire qualcosa di sinistra\u0094 di Francesco Pira dell\u0092Universit\u00e0 di Udine<br \/>\nvenerd\u00ec 29 gennaio 2010 \u0096 \u0093Comunicare la responsabilit\u00e0 sociale\u0094 di Nicoletta Cerana \u0096 professionista di relazioni pubbliche.<\/p>","protected":false},"excerpt":{"rendered":"<p>Quanti cittadini conoscono la complessit\u00e0 del lavoro che i comunicatori fanno dietro le quinte delle organizzazioni, pi\u00f9 o meno grandi, quotidianamente? Quanti sanno quali competenze, conoscenze e caratteristiche personali devono possedere? Sono queste domande che hanno dato vita al percorso letterario nel mondo della comunicazione dal titolo &#8220;Un libro, un tema, un&#8217;idea&#8221; organizzato dalla delegazione [&hellip;]<\/p>\n","protected":false},"author":2,"featured_media":0,"comment_status":"closed","ping_status":"open","sticky":false,"template":"","format":"standard","meta":{"footnotes":""},"categories":[3,25],"tags":[139,151],"class_list":["post-10593","post","type-post","status-publish","format-standard","category-arte-cultura-spettacoli-scienza-archivi","category-pausa-caffe","tag-belluno","tag-cadore"],"yoast_head":"<!-- This site is optimized with the Yoast SEO plugin v28.4 - https:\/\/yoast.com\/product\/yoast-seo-wordpress\/ -->\n<title>Un libro, un tema, un&#039;idea. Percorso letterario nel mondo della comunicazione - Bellunopress - Dolomiti<\/title>\n<meta name=\"robots\" content=\"index, follow, max-snippet:-1, max-image-preview:large, max-video-preview:-1\" \/>\n<link rel=\"canonical\" href=\"https:\/\/www.bellunopress.it\/fr\/2009\/12\/12\/un-libro-un-tema-unidea-percorso-letterario-nel-mondo-della-comunicazione\/\" \/>\n<meta property=\"og:locale\" content=\"fr_FR\" \/>\n<meta property=\"og:type\" content=\"article\" \/>\n<meta property=\"og:title\" content=\"Un libro, un tema, un&#039;idea. Percorso letterario nel mondo della comunicazione - Bellunopress - Dolomiti\" \/>\n<meta property=\"og:description\" content=\"Quanti cittadini conoscono la complessit\u00e0 del lavoro che i comunicatori fanno dietro le quinte delle organizzazioni, pi\u00f9 o meno grandi, quotidianamente? Quanti sanno quali competenze, conoscenze e caratteristiche personali devono possedere? Sono queste domande che hanno dato vita al percorso letterario nel mondo della comunicazione dal titolo &#8220;Un libro, un tema, un&#8217;idea&#8221; organizzato dalla delegazione [&hellip;]\" \/>\n<meta property=\"og:url\" content=\"https:\/\/www.bellunopress.it\/fr\/2009\/12\/12\/un-libro-un-tema-unidea-percorso-letterario-nel-mondo-della-comunicazione\/\" \/>\n<meta property=\"og:site_name\" content=\"Bellunopress - Dolomiti\" \/>\n<meta property=\"article:publisher\" content=\"https:\/\/www.facebook.com\/profile.php?id=100008943462799\" \/>\n<meta property=\"article:published_time\" content=\"2009-12-12T21:25:49+00:00\" \/>\n<meta property=\"og:image\" content=\"http:\/\/www.bellunopress.it\/wp-content\/uploads\/2012\/07\/logo-bellunopress-250x250-2012.jpg\" \/>\n<meta name=\"author\" content=\"redazione\" \/>\n<meta name=\"twitter:card\" content=\"summary_large_image\" \/>\n<meta name=\"twitter:creator\" content=\"@bellunopress\" \/>\n<meta name=\"twitter:site\" content=\"@bellunopress\" \/>\n<meta name=\"twitter:label1\" content=\"\u00c9crit par\" \/>\n\t<meta name=\"twitter:data1\" content=\"redazione\" \/>\n\t<meta name=\"twitter:label2\" content=\"Dur\u00e9e de lecture estim\u00e9e\" \/>\n\t<meta name=\"twitter:data2\" content=\"2 minutes\" \/>\n<script type=\"application\/ld+json\" class=\"yoast-schema-graph\">{\"@context\":\"https:\\\/\\\/schema.org\",\"@graph\":[{\"@type\":\"Article\",\"@id\":\"https:\\\/\\\/www.bellunopress.it\\\/2009\\\/12\\\/12\\\/un-libro-un-tema-unidea-percorso-letterario-nel-mondo-della-comunicazione\\\/#article\",\"isPartOf\":{\"@id\":\"https:\\\/\\\/www.bellunopress.it\\\/2009\\\/12\\\/12\\\/un-libro-un-tema-unidea-percorso-letterario-nel-mondo-della-comunicazione\\\/\"},\"author\":{\"name\":\"redazione\",\"@id\":\"https:\\\/\\\/www.bellunopress.it\\\/#\\\/schema\\\/person\\\/79bb06722b37ece1c03d3e94beb30d73\"},\"headline\":\"Un libro, un tema, un&#8217;idea. Percorso letterario nel mondo della comunicazione\",\"datePublished\":\"2009-12-12T21:25:49+00:00\",\"mainEntityOfPage\":{\"@id\":\"https:\\\/\\\/www.bellunopress.it\\\/2009\\\/12\\\/12\\\/un-libro-un-tema-unidea-percorso-letterario-nel-mondo-della-comunicazione\\\/\"},\"wordCount\":356,\"publisher\":{\"@id\":\"https:\\\/\\\/www.bellunopress.it\\\/#organization\"},\"keywords\":[\"Belluno\",\"Cadore\"],\"articleSection\":[\"Arte, Cultura, Spettacoli, Scienza\",\"Pausa Caff\u00e8\"],\"inLanguage\":\"fr-FR\"},{\"@type\":\"WebPage\",\"@id\":\"https:\\\/\\\/www.bellunopress.it\\\/2009\\\/12\\\/12\\\/un-libro-un-tema-unidea-percorso-letterario-nel-mondo-della-comunicazione\\\/\",\"url\":\"https:\\\/\\\/www.bellunopress.it\\\/2009\\\/12\\\/12\\\/un-libro-un-tema-unidea-percorso-letterario-nel-mondo-della-comunicazione\\\/\",\"name\":\"Un libro, un tema, un'idea. Percorso letterario nel mondo della comunicazione - Bellunopress - Dolomiti\",\"isPartOf\":{\"@id\":\"https:\\\/\\\/www.bellunopress.it\\\/#website\"},\"datePublished\":\"2009-12-12T21:25:49+00:00\",\"breadcrumb\":{\"@id\":\"https:\\\/\\\/www.bellunopress.it\\\/2009\\\/12\\\/12\\\/un-libro-un-tema-unidea-percorso-letterario-nel-mondo-della-comunicazione\\\/#breadcrumb\"},\"inLanguage\":\"fr-FR\",\"potentialAction\":[{\"@type\":\"ReadAction\",\"target\":[\"https:\\\/\\\/www.bellunopress.it\\\/2009\\\/12\\\/12\\\/un-libro-un-tema-unidea-percorso-letterario-nel-mondo-della-comunicazione\\\/\"]}]},{\"@type\":\"BreadcrumbList\",\"@id\":\"https:\\\/\\\/www.bellunopress.it\\\/2009\\\/12\\\/12\\\/un-libro-un-tema-unidea-percorso-letterario-nel-mondo-della-comunicazione\\\/#breadcrumb\",\"itemListElement\":[{\"@type\":\"ListItem\",\"position\":1,\"name\":\"Home\",\"item\":\"https:\\\/\\\/www.bellunopress.it\\\/\"},{\"@type\":\"ListItem\",\"position\":2,\"name\":\"Un libro, un tema, un&#8217;idea. Percorso letterario nel mondo della comunicazione\"}]},{\"@type\":\"WebSite\",\"@id\":\"https:\\\/\\\/www.bellunopress.it\\\/#website\",\"url\":\"https:\\\/\\\/www.bellunopress.it\\\/\",\"name\":\"Bellunopress - Dolomiti\",\"description\":\"e-mail: redazione@bellunopress.it\",\"publisher\":{\"@id\":\"https:\\\/\\\/www.bellunopress.it\\\/#organization\"},\"potentialAction\":[{\"@type\":\"SearchAction\",\"target\":{\"@type\":\"EntryPoint\",\"urlTemplate\":\"https:\\\/\\\/www.bellunopress.it\\\/?s={search_term_string}\"},\"query-input\":{\"@type\":\"PropertyValueSpecification\",\"valueRequired\":true,\"valueName\":\"search_term_string\"}}],\"inLanguage\":\"fr-FR\"},{\"@type\":\"Organization\",\"@id\":\"https:\\\/\\\/www.bellunopress.it\\\/#organization\",\"name\":\"Bellunopress\",\"url\":\"https:\\\/\\\/www.bellunopress.it\\\/\",\"logo\":{\"@type\":\"ImageObject\",\"inLanguage\":\"fr-FR\",\"@id\":\"https:\\\/\\\/www.bellunopress.it\\\/#\\\/schema\\\/logo\\\/image\\\/\",\"url\":\"https:\\\/\\\/www.bellunopress.it\\\/wp-content\\\/uploads\\\/2011\\\/05\\\/cropped-logo-bellunopress-.jpg\",\"contentUrl\":\"https:\\\/\\\/www.bellunopress.it\\\/wp-content\\\/uploads\\\/2011\\\/05\\\/cropped-logo-bellunopress-.jpg\",\"width\":512,\"height\":512,\"caption\":\"Bellunopress\"},\"image\":{\"@id\":\"https:\\\/\\\/www.bellunopress.it\\\/#\\\/schema\\\/logo\\\/image\\\/\"},\"sameAs\":[\"https:\\\/\\\/www.facebook.com\\\/profile.php?id=100008943462799\",\"https:\\\/\\\/x.com\\\/bellunopress\",\"https:\\\/\\\/www.linkedin.com\\\/hp\\\/?dnr=JBzUWaJfMUw8vbXJJ2tVW5-I3jZKvC4wsoxE&amp;amp;amp;amp;amp;amp;trk=nav_responsive_tab_home\",\"https:\\\/\\\/www.youtube.com\\\/channel\\\/UCxL0wu1uN0_3_7hGG0306cw\"]},{\"@type\":\"Person\",\"@id\":\"https:\\\/\\\/www.bellunopress.it\\\/#\\\/schema\\\/person\\\/79bb06722b37ece1c03d3e94beb30d73\",\"name\":\"redazione\",\"image\":{\"@type\":\"ImageObject\",\"inLanguage\":\"fr-FR\",\"@id\":\"https:\\\/\\\/secure.gravatar.com\\\/avatar\\\/37d968a2e67a6fd04c169c4bdef102d0bc5d31b2546345219e348575eb80e9a0?s=96&d=mm&r=g\",\"url\":\"https:\\\/\\\/secure.gravatar.com\\\/avatar\\\/37d968a2e67a6fd04c169c4bdef102d0bc5d31b2546345219e348575eb80e9a0?s=96&d=mm&r=g\",\"contentUrl\":\"https:\\\/\\\/secure.gravatar.com\\\/avatar\\\/37d968a2e67a6fd04c169c4bdef102d0bc5d31b2546345219e348575eb80e9a0?s=96&d=mm&r=g\",\"caption\":\"redazione\"},\"sameAs\":[\"http:\\\/\\\/www.bellunopress.it\",\"https:\\\/\\\/x.com\\\/bellunopress\"],\"url\":\"https:\\\/\\\/www.bellunopress.it\\\/fr\\\/author\\\/redazione\\\/\"}]}<\/script>\n<!-- \/ Yoast SEO plugin. -->","yoast_head_json":{"title":"Un libro, un tema, un'idea. Percorso letterario nel mondo della comunicazione - Bellunopress - Dolomiti","robots":{"index":"index","follow":"follow","max-snippet":"max-snippet:-1","max-image-preview":"max-image-preview:large","max-video-preview":"max-video-preview:-1"},"canonical":"https:\/\/www.bellunopress.it\/fr\/2009\/12\/12\/un-libro-un-tema-unidea-percorso-letterario-nel-mondo-della-comunicazione\/","og_locale":"fr_FR","og_type":"article","og_title":"Un libro, un tema, un'idea. Percorso letterario nel mondo della comunicazione - Bellunopress - Dolomiti","og_description":"Quanti cittadini conoscono la complessit\u00e0 del lavoro che i comunicatori fanno dietro le quinte delle organizzazioni, pi\u00f9 o meno grandi, quotidianamente? Quanti sanno quali competenze, conoscenze e caratteristiche personali devono possedere? Sono queste domande che hanno dato vita al percorso letterario nel mondo della comunicazione dal titolo &#8220;Un libro, un tema, un&#8217;idea&#8221; organizzato dalla delegazione [&hellip;]","og_url":"https:\/\/www.bellunopress.it\/fr\/2009\/12\/12\/un-libro-un-tema-unidea-percorso-letterario-nel-mondo-della-comunicazione\/","og_site_name":"Bellunopress - Dolomiti","article_publisher":"https:\/\/www.facebook.com\/profile.php?id=100008943462799","article_published_time":"2009-12-12T21:25:49+00:00","og_image":[{"url":"http:\/\/www.bellunopress.it\/wp-content\/uploads\/2012\/07\/logo-bellunopress-250x250-2012.jpg","type":"","width":"","height":""}],"author":"redazione","twitter_card":"summary_large_image","twitter_creator":"@bellunopress","twitter_site":"@bellunopress","twitter_misc":{"\u00c9crit par":"redazione","Dur\u00e9e de lecture estim\u00e9e":"2 minutes"},"schema":{"@context":"https:\/\/schema.org","@graph":[{"@type":"Article","@id":"https:\/\/www.bellunopress.it\/2009\/12\/12\/un-libro-un-tema-unidea-percorso-letterario-nel-mondo-della-comunicazione\/#article","isPartOf":{"@id":"https:\/\/www.bellunopress.it\/2009\/12\/12\/un-libro-un-tema-unidea-percorso-letterario-nel-mondo-della-comunicazione\/"},"author":{"name":"redazione","@id":"https:\/\/www.bellunopress.it\/#\/schema\/person\/79bb06722b37ece1c03d3e94beb30d73"},"headline":"Un libro, un tema, un&#8217;idea. Percorso letterario nel mondo della comunicazione","datePublished":"2009-12-12T21:25:49+00:00","mainEntityOfPage":{"@id":"https:\/\/www.bellunopress.it\/2009\/12\/12\/un-libro-un-tema-unidea-percorso-letterario-nel-mondo-della-comunicazione\/"},"wordCount":356,"publisher":{"@id":"https:\/\/www.bellunopress.it\/#organization"},"keywords":["Belluno","Cadore"],"articleSection":["Arte, Cultura, Spettacoli, Scienza","Pausa Caff\u00e8"],"inLanguage":"fr-FR"},{"@type":"WebPage","@id":"https:\/\/www.bellunopress.it\/2009\/12\/12\/un-libro-un-tema-unidea-percorso-letterario-nel-mondo-della-comunicazione\/","url":"https:\/\/www.bellunopress.it\/2009\/12\/12\/un-libro-un-tema-unidea-percorso-letterario-nel-mondo-della-comunicazione\/","name":"Un libro, un tema, un'idea. Percorso letterario nel mondo della comunicazione - Bellunopress - Dolomiti","isPartOf":{"@id":"https:\/\/www.bellunopress.it\/#website"},"datePublished":"2009-12-12T21:25:49+00:00","breadcrumb":{"@id":"https:\/\/www.bellunopress.it\/2009\/12\/12\/un-libro-un-tema-unidea-percorso-letterario-nel-mondo-della-comunicazione\/#breadcrumb"},"inLanguage":"fr-FR","potentialAction":[{"@type":"ReadAction","target":["https:\/\/www.bellunopress.it\/2009\/12\/12\/un-libro-un-tema-unidea-percorso-letterario-nel-mondo-della-comunicazione\/"]}]},{"@type":"BreadcrumbList","@id":"https:\/\/www.bellunopress.it\/2009\/12\/12\/un-libro-un-tema-unidea-percorso-letterario-nel-mondo-della-comunicazione\/#breadcrumb","itemListElement":[{"@type":"ListItem","position":1,"name":"Home","item":"https:\/\/www.bellunopress.it\/"},{"@type":"ListItem","position":2,"name":"Un libro, un tema, un&#8217;idea. Percorso letterario nel mondo della comunicazione"}]},{"@type":"WebSite","@id":"https:\/\/www.bellunopress.it\/#website","url":"https:\/\/www.bellunopress.it\/","name":"Bellunopress - Dolomiti","description":"e-mail: redazione@bellunopress.it","publisher":{"@id":"https:\/\/www.bellunopress.it\/#organization"},"potentialAction":[{"@type":"SearchAction","target":{"@type":"EntryPoint","urlTemplate":"https:\/\/www.bellunopress.it\/?s={search_term_string}"},"query-input":{"@type":"PropertyValueSpecification","valueRequired":true,"valueName":"search_term_string"}}],"inLanguage":"fr-FR"},{"@type":"Organization","@id":"https:\/\/www.bellunopress.it\/#organization","name":"Bellunopress","url":"https:\/\/www.bellunopress.it\/","logo":{"@type":"ImageObject","inLanguage":"fr-FR","@id":"https:\/\/www.bellunopress.it\/#\/schema\/logo\/image\/","url":"https:\/\/www.bellunopress.it\/wp-content\/uploads\/2011\/05\/cropped-logo-bellunopress-.jpg","contentUrl":"https:\/\/www.bellunopress.it\/wp-content\/uploads\/2011\/05\/cropped-logo-bellunopress-.jpg","width":512,"height":512,"caption":"Bellunopress"},"image":{"@id":"https:\/\/www.bellunopress.it\/#\/schema\/logo\/image\/"},"sameAs":["https:\/\/www.facebook.com\/profile.php?id=100008943462799","https:\/\/x.com\/bellunopress","https:\/\/www.linkedin.com\/hp\/?dnr=JBzUWaJfMUw8vbXJJ2tVW5-I3jZKvC4wsoxE&amp;amp;amp;amp;amp;amp;trk=nav_responsive_tab_home","https:\/\/www.youtube.com\/channel\/UCxL0wu1uN0_3_7hGG0306cw"]},{"@type":"Person","@id":"https:\/\/www.bellunopress.it\/#\/schema\/person\/79bb06722b37ece1c03d3e94beb30d73","name":"r\u00e9daction","image":{"@type":"ImageObject","inLanguage":"fr-FR","@id":"https:\/\/secure.gravatar.com\/avatar\/37d968a2e67a6fd04c169c4bdef102d0bc5d31b2546345219e348575eb80e9a0?s=96&d=mm&r=g","url":"https:\/\/secure.gravatar.com\/avatar\/37d968a2e67a6fd04c169c4bdef102d0bc5d31b2546345219e348575eb80e9a0?s=96&d=mm&r=g","contentUrl":"https:\/\/secure.gravatar.com\/avatar\/37d968a2e67a6fd04c169c4bdef102d0bc5d31b2546345219e348575eb80e9a0?s=96&d=mm&r=g","caption":"redazione"},"sameAs":["http:\/\/www.bellunopress.it","https:\/\/x.com\/bellunopress"],"url":"https:\/\/www.bellunopress.it\/fr\/author\/redazione\/"}]}},"_links":{"self":[{"href":"https:\/\/www.bellunopress.it\/fr\/wp-json\/wp\/v2\/posts\/10593","targetHints":{"allow":["GET"]}}],"collection":[{"href":"https:\/\/www.bellunopress.it\/fr\/wp-json\/wp\/v2\/posts"}],"about":[{"href":"https:\/\/www.bellunopress.it\/fr\/wp-json\/wp\/v2\/types\/post"}],"author":[{"embeddable":true,"href":"https:\/\/www.bellunopress.it\/fr\/wp-json\/wp\/v2\/users\/2"}],"replies":[{"embeddable":true,"href":"https:\/\/www.bellunopress.it\/fr\/wp-json\/wp\/v2\/comments?post=10593"}],"version-history":[{"count":1,"href":"https:\/\/www.bellunopress.it\/fr\/wp-json\/wp\/v2\/posts\/10593\/revisions"}],"predecessor-version":[{"id":10594,"href":"https:\/\/www.bellunopress.it\/fr\/wp-json\/wp\/v2\/posts\/10593\/revisions\/10594"}],"wp:attachment":[{"href":"https:\/\/www.bellunopress.it\/fr\/wp-json\/wp\/v2\/media?parent=10593"}],"wp:term":[{"taxonomy":"category","embeddable":true,"href":"https:\/\/www.bellunopress.it\/fr\/wp-json\/wp\/v2\/categories?post=10593"},{"taxonomy":"post_tag","embeddable":true,"href":"https:\/\/www.bellunopress.it\/fr\/wp-json\/wp\/v2\/tags?post=10593"}],"curies":[{"name":"wp","href":"https:\/\/api.w.org\/{rel}","templated":true}]}}