{"id":10569,"date":"2009-12-16T14:09:39","date_gmt":"2009-12-16T13:09:39","guid":{"rendered":"http:\/\/www.bellunopress.it\/?p=10569"},"modified":"2009-12-17T19:38:58","modified_gmt":"2009-12-17T18:38:58","slug":"omaggio-a-dino-buzzati-il-18-dicembre-al-museo-diocesano-di-arte-sacra-a-feltre-ore-1500","status":"publish","type":"post","link":"https:\/\/www.bellunopress.it\/fr\/2009\/12\/16\/omaggio-a-dino-buzzati-il-18-dicembre-al-museo-diocesano-di-arte-sacra-a-feltre-ore-1500\/","title":{"rendered":"Omaggio a Dino Buzzati il 18 dicembre al Museo Diocesano di Arte Sacra a Feltre,  ore 15.00"},"content":{"rendered":"<p>Come annunciato lo scorso anno al Convegno che celebrava\u00a0 i 20 anni di vita del sodalizio feltrino, la ricerca scientifica sulla multiforme personalit\u00e0 dello scrittore di origine bellunese \u00e8 ancora lontana\u00a0 dall\u2019essere esaurita. Lo sanno bene i numerosi studiosi che ogni anno approfittano della consulenza del Centro Studi Buzzati e della sua ricchissima collezione libraria e documentaria per approfondire questo o quell\u2019altro aspetto della\u00a0 produzione buzzatiana. In pi\u00f9, l\u2019organo scientifico dell\u2019Associazione presieduta da Annamaria Esposito offre anche premi per incentivare e favorire la conoscenza dell\u2019opera di Dino Buzzati in Italia e nel mondo. In occasione dell\u2019edizione 2008, \u00e8 stato attribuito un riconoscimento nell\u2019ambito del concorso \u201cPer conoscere Dino Buzzati\u201d a una giovane ricercatrice dell\u2019Universit\u00e0 di Besan\u00e7on, Sara Emilia Di Santo, in virt\u00f9 di un particolare argomento da lei scelto: un\u2019inedita amicizia fra il celebre scrittore, inviato del \u201cCorriere della Sera\u201d, e don Zeno di Nomadelfia, al secolo Zeno Saltini. La ricerca si \u00e8 poi tradotta in un articolo, e un\u2019intervista del 1965, mai pubblicata, gi\u00e0 in mano ai tipi della Fabrizio Serra (Pisa-Roma) per il prossimo numero della rivista \u201cStudi buzzatiani\u201d, diretta da Bianca Maria Da Rif, giunta alla 14\u00b0 annata. Cos\u00ec \u00e8 nata l\u2019idea di un pomeriggio di studio &#8211; che sar\u00e0 moderato da Marco Perale &#8211; dal titolo Dino Buzzati e don Zeno di Nomadelfia. Un inedito per nuovi \u201cStudi buzzatiani\u201d, su questo poco conosciuto aspetto della biografia buzzatiana. Il 18 dicembre 2009, al Museo Diocesano di Arte Sacra di Feltre,\u00a0 ore 15, interverranno su questo tema non solo l\u2019autrice del saggio e dello studio, ma eccezionalmente anche tre personalit\u00e0 che, a vario titolo, rappresentano la comunit\u00e0 grossetana di Nomadelfia, fondata appunto da don Zeno:<br \/>\nFrancesco, presidente della comunit\u00e0 che si fonda sulla \u201clegge della fratellanza\u201d, che porter\u00e0 i saluti di Nomadelfia.<br \/>\nVirgilio, nomadelfo che, operando a stretto contatto con il fondatore della Comunit\u00e0, ha conosciuto Dino Buzzati;<br \/>\nZaira, nomadelfa e \u201cmamma di vocazione\u201d, che dal 1955 vive a Milano e gestisce un \u201cufficio\u201d distaccato della \u201cCitt\u00e0 della Fraternit\u00e0\u201d. Anche lei ha conosciuto Dino Buzzati.<br \/>\nMa gli eventi prenatalizi legati a Buzzati non si esauriscono qui. Anche la Comunit\u00e0 di Villa San Francesco di Pedavena,\u00a0 che ha contribuito allo sviluppo dell\u2019iniziativa, si unisce al sodalizio feltrino in questo dialogo fra personalit\u00e0 importanti della cultura del Novecento. Nel corso della giornata una pietra verr\u00e0 prelevata da Villa Buzzati a Belluno e la sera verr\u00e0 deposita al \u201cMuseo dei Sogni della Memoria e Coscienza\u201d diretto da Aldo Bertelle, presso la Cooperativa Arcobaleno \u201986. Bertelle interverr\u00e0 al Diocesano per annunciare come anche Buzzati, dal prossimo\u00a0 18 dicembre, trover\u00e0 nel territorio un ulteriore spazio, non solo simbolico, all\u2019interno del museo della Comunit\u00e0 di Villa San Francesco.<br \/>\nLe iniziative sono realizzate con il contributo della Regione Veneto, del Comune di Feltre, del Comune di Pedavena, della Fondazione per l\u2019Universit\u00e0 e l\u2019Alta Cultura in Provincia di Belluno, della Tipografia DBS di Seren del Grappa. Altri partner sono la Provincia di Belluno, la Comunit\u00e0 Montana Feltrina, che hanno offerto il patrocinio, mentre la Libreria Agor\u00e0 e l\u2019\u201cL\u2019Amico del Popolo\u201d hanno prestato la loro collaborazione.<\/p>","protected":false},"excerpt":{"rendered":"<p>Come annunciato lo scorso anno al Convegno che celebrava\u00a0 i 20 anni di vita del sodalizio feltrino, la ricerca scientifica sulla multiforme personalit\u00e0 dello scrittore di origine bellunese \u00e8 ancora lontana\u00a0 dall\u2019essere esaurita. Lo sanno bene i numerosi studiosi che ogni anno approfittano della consulenza del Centro Studi Buzzati e della sua ricchissima collezione libraria [&hellip;]<\/p>\n","protected":false},"author":2,"featured_media":0,"comment_status":"closed","ping_status":"open","sticky":false,"template":"","format":"standard","meta":{"footnotes":""},"categories":[3,25],"tags":[139,302,2261],"class_list":["post-10569","post","type-post","status-publish","format-standard","category-arte-cultura-spettacoli-scienza-archivi","category-pausa-caffe","tag-belluno","tag-feltre","tag-feltrino"],"yoast_head":"<!-- This site is optimized with the Yoast SEO plugin v28.4 - https:\/\/yoast.com\/product\/yoast-seo-wordpress\/ -->\n<title>Omaggio a Dino Buzzati il 18 dicembre al Museo Diocesano di Arte Sacra a Feltre, ore 15.00 - Bellunopress - Dolomiti<\/title>\n<meta name=\"robots\" content=\"index, follow, max-snippet:-1, max-image-preview:large, max-video-preview:-1\" \/>\n<link rel=\"canonical\" href=\"https:\/\/www.bellunopress.it\/fr\/2009\/12\/16\/omaggio-a-dino-buzzati-il-18-dicembre-al-museo-diocesano-di-arte-sacra-a-feltre-ore-1500\/\" \/>\n<meta property=\"og:locale\" content=\"fr_FR\" \/>\n<meta property=\"og:type\" content=\"article\" \/>\n<meta property=\"og:title\" content=\"Omaggio a Dino Buzzati il 18 dicembre al Museo Diocesano di Arte Sacra a Feltre, ore 15.00 - Bellunopress - Dolomiti\" \/>\n<meta property=\"og:description\" content=\"Come annunciato lo scorso anno al Convegno che celebrava\u00a0 i 20 anni di vita del sodalizio feltrino, la ricerca scientifica sulla multiforme personalit\u00e0 dello scrittore di origine bellunese \u00e8 ancora lontana\u00a0 dall\u2019essere esaurita. Lo sanno bene i numerosi studiosi che ogni anno approfittano della consulenza del Centro Studi Buzzati e della sua ricchissima collezione libraria [&hellip;]\" \/>\n<meta property=\"og:url\" content=\"https:\/\/www.bellunopress.it\/fr\/2009\/12\/16\/omaggio-a-dino-buzzati-il-18-dicembre-al-museo-diocesano-di-arte-sacra-a-feltre-ore-1500\/\" \/>\n<meta property=\"og:site_name\" content=\"Bellunopress - Dolomiti\" \/>\n<meta property=\"article:publisher\" content=\"https:\/\/www.facebook.com\/profile.php?id=100008943462799\" \/>\n<meta property=\"article:published_time\" content=\"2009-12-16T13:09:39+00:00\" \/>\n<meta property=\"article:modified_time\" content=\"2009-12-17T18:38:58+00:00\" \/>\n<meta property=\"og:image\" content=\"http:\/\/www.bellunopress.it\/wp-content\/uploads\/2012\/07\/logo-bellunopress-250x250-2012.jpg\" \/>\n<meta name=\"author\" content=\"redazione\" \/>\n<meta name=\"twitter:card\" content=\"summary_large_image\" \/>\n<meta name=\"twitter:creator\" content=\"@bellunopress\" \/>\n<meta name=\"twitter:site\" content=\"@bellunopress\" \/>\n<meta name=\"twitter:label1\" content=\"\u00c9crit par\" \/>\n\t<meta name=\"twitter:data1\" content=\"redazione\" \/>\n\t<meta name=\"twitter:label2\" content=\"Dur\u00e9e de lecture estim\u00e9e\" \/>\n\t<meta name=\"twitter:data2\" content=\"3 minutes\" \/>\n<script type=\"application\/ld+json\" class=\"yoast-schema-graph\">{\"@context\":\"https:\\\/\\\/schema.org\",\"@graph\":[{\"@type\":\"Article\",\"@id\":\"https:\\\/\\\/www.bellunopress.it\\\/2009\\\/12\\\/16\\\/omaggio-a-dino-buzzati-il-18-dicembre-al-museo-diocesano-di-arte-sacra-a-feltre-ore-1500\\\/#article\",\"isPartOf\":{\"@id\":\"https:\\\/\\\/www.bellunopress.it\\\/2009\\\/12\\\/16\\\/omaggio-a-dino-buzzati-il-18-dicembre-al-museo-diocesano-di-arte-sacra-a-feltre-ore-1500\\\/\"},\"author\":{\"name\":\"redazione\",\"@id\":\"https:\\\/\\\/www.bellunopress.it\\\/#\\\/schema\\\/person\\\/79bb06722b37ece1c03d3e94beb30d73\"},\"headline\":\"Omaggio a Dino Buzzati il 18 dicembre al Museo Diocesano di Arte Sacra a Feltre, ore 15.00\",\"datePublished\":\"2009-12-16T13:09:39+00:00\",\"dateModified\":\"2009-12-17T18:38:58+00:00\",\"mainEntityOfPage\":{\"@id\":\"https:\\\/\\\/www.bellunopress.it\\\/2009\\\/12\\\/16\\\/omaggio-a-dino-buzzati-il-18-dicembre-al-museo-diocesano-di-arte-sacra-a-feltre-ore-1500\\\/\"},\"wordCount\":529,\"publisher\":{\"@id\":\"https:\\\/\\\/www.bellunopress.it\\\/#organization\"},\"keywords\":[\"Belluno\",\"Feltre\",\"feltrino\"],\"articleSection\":[\"Arte, Cultura, Spettacoli, Scienza\",\"Pausa Caff\u00e8\"],\"inLanguage\":\"fr-FR\"},{\"@type\":\"WebPage\",\"@id\":\"https:\\\/\\\/www.bellunopress.it\\\/2009\\\/12\\\/16\\\/omaggio-a-dino-buzzati-il-18-dicembre-al-museo-diocesano-di-arte-sacra-a-feltre-ore-1500\\\/\",\"url\":\"https:\\\/\\\/www.bellunopress.it\\\/2009\\\/12\\\/16\\\/omaggio-a-dino-buzzati-il-18-dicembre-al-museo-diocesano-di-arte-sacra-a-feltre-ore-1500\\\/\",\"name\":\"Omaggio a Dino Buzzati il 18 dicembre al Museo Diocesano di Arte Sacra a Feltre, ore 15.00 - Bellunopress - Dolomiti\",\"isPartOf\":{\"@id\":\"https:\\\/\\\/www.bellunopress.it\\\/#website\"},\"datePublished\":\"2009-12-16T13:09:39+00:00\",\"dateModified\":\"2009-12-17T18:38:58+00:00\",\"breadcrumb\":{\"@id\":\"https:\\\/\\\/www.bellunopress.it\\\/2009\\\/12\\\/16\\\/omaggio-a-dino-buzzati-il-18-dicembre-al-museo-diocesano-di-arte-sacra-a-feltre-ore-1500\\\/#breadcrumb\"},\"inLanguage\":\"fr-FR\",\"potentialAction\":[{\"@type\":\"ReadAction\",\"target\":[\"https:\\\/\\\/www.bellunopress.it\\\/2009\\\/12\\\/16\\\/omaggio-a-dino-buzzati-il-18-dicembre-al-museo-diocesano-di-arte-sacra-a-feltre-ore-1500\\\/\"]}]},{\"@type\":\"BreadcrumbList\",\"@id\":\"https:\\\/\\\/www.bellunopress.it\\\/2009\\\/12\\\/16\\\/omaggio-a-dino-buzzati-il-18-dicembre-al-museo-diocesano-di-arte-sacra-a-feltre-ore-1500\\\/#breadcrumb\",\"itemListElement\":[{\"@type\":\"ListItem\",\"position\":1,\"name\":\"Home\",\"item\":\"https:\\\/\\\/www.bellunopress.it\\\/\"},{\"@type\":\"ListItem\",\"position\":2,\"name\":\"Omaggio a Dino Buzzati il 18 dicembre al Museo Diocesano di Arte Sacra a Feltre, ore 15.00\"}]},{\"@type\":\"WebSite\",\"@id\":\"https:\\\/\\\/www.bellunopress.it\\\/#website\",\"url\":\"https:\\\/\\\/www.bellunopress.it\\\/\",\"name\":\"Bellunopress - Dolomiti\",\"description\":\"e-mail: redazione@bellunopress.it\",\"publisher\":{\"@id\":\"https:\\\/\\\/www.bellunopress.it\\\/#organization\"},\"potentialAction\":[{\"@type\":\"SearchAction\",\"target\":{\"@type\":\"EntryPoint\",\"urlTemplate\":\"https:\\\/\\\/www.bellunopress.it\\\/?s={search_term_string}\"},\"query-input\":{\"@type\":\"PropertyValueSpecification\",\"valueRequired\":true,\"valueName\":\"search_term_string\"}}],\"inLanguage\":\"fr-FR\"},{\"@type\":\"Organization\",\"@id\":\"https:\\\/\\\/www.bellunopress.it\\\/#organization\",\"name\":\"Bellunopress\",\"url\":\"https:\\\/\\\/www.bellunopress.it\\\/\",\"logo\":{\"@type\":\"ImageObject\",\"inLanguage\":\"fr-FR\",\"@id\":\"https:\\\/\\\/www.bellunopress.it\\\/#\\\/schema\\\/logo\\\/image\\\/\",\"url\":\"https:\\\/\\\/www.bellunopress.it\\\/wp-content\\\/uploads\\\/2011\\\/05\\\/cropped-logo-bellunopress-.jpg\",\"contentUrl\":\"https:\\\/\\\/www.bellunopress.it\\\/wp-content\\\/uploads\\\/2011\\\/05\\\/cropped-logo-bellunopress-.jpg\",\"width\":512,\"height\":512,\"caption\":\"Bellunopress\"},\"image\":{\"@id\":\"https:\\\/\\\/www.bellunopress.it\\\/#\\\/schema\\\/logo\\\/image\\\/\"},\"sameAs\":[\"https:\\\/\\\/www.facebook.com\\\/profile.php?id=100008943462799\",\"https:\\\/\\\/x.com\\\/bellunopress\",\"https:\\\/\\\/www.linkedin.com\\\/hp\\\/?dnr=JBzUWaJfMUw8vbXJJ2tVW5-I3jZKvC4wsoxE&amp;amp;amp;amp;amp;amp;trk=nav_responsive_tab_home\",\"https:\\\/\\\/www.youtube.com\\\/channel\\\/UCxL0wu1uN0_3_7hGG0306cw\"]},{\"@type\":\"Person\",\"@id\":\"https:\\\/\\\/www.bellunopress.it\\\/#\\\/schema\\\/person\\\/79bb06722b37ece1c03d3e94beb30d73\",\"name\":\"redazione\",\"image\":{\"@type\":\"ImageObject\",\"inLanguage\":\"fr-FR\",\"@id\":\"https:\\\/\\\/secure.gravatar.com\\\/avatar\\\/37d968a2e67a6fd04c169c4bdef102d0bc5d31b2546345219e348575eb80e9a0?s=96&d=mm&r=g\",\"url\":\"https:\\\/\\\/secure.gravatar.com\\\/avatar\\\/37d968a2e67a6fd04c169c4bdef102d0bc5d31b2546345219e348575eb80e9a0?s=96&d=mm&r=g\",\"contentUrl\":\"https:\\\/\\\/secure.gravatar.com\\\/avatar\\\/37d968a2e67a6fd04c169c4bdef102d0bc5d31b2546345219e348575eb80e9a0?s=96&d=mm&r=g\",\"caption\":\"redazione\"},\"sameAs\":[\"http:\\\/\\\/www.bellunopress.it\",\"https:\\\/\\\/x.com\\\/bellunopress\"],\"url\":\"https:\\\/\\\/www.bellunopress.it\\\/fr\\\/author\\\/redazione\\\/\"}]}<\/script>\n<!-- \/ Yoast SEO plugin. -->","yoast_head_json":{"title":"Omaggio a Dino Buzzati il 18 dicembre al Museo Diocesano di Arte Sacra a Feltre, ore 15.00 - Bellunopress - Dolomiti","robots":{"index":"index","follow":"follow","max-snippet":"max-snippet:-1","max-image-preview":"max-image-preview:large","max-video-preview":"max-video-preview:-1"},"canonical":"https:\/\/www.bellunopress.it\/fr\/2009\/12\/16\/omaggio-a-dino-buzzati-il-18-dicembre-al-museo-diocesano-di-arte-sacra-a-feltre-ore-1500\/","og_locale":"fr_FR","og_type":"article","og_title":"Omaggio a Dino Buzzati il 18 dicembre al Museo Diocesano di Arte Sacra a Feltre, ore 15.00 - Bellunopress - Dolomiti","og_description":"Come annunciato lo scorso anno al Convegno che celebrava\u00a0 i 20 anni di vita del sodalizio feltrino, la ricerca scientifica sulla multiforme personalit\u00e0 dello scrittore di origine bellunese \u00e8 ancora lontana\u00a0 dall\u2019essere esaurita. Lo sanno bene i numerosi studiosi che ogni anno approfittano della consulenza del Centro Studi Buzzati e della sua ricchissima collezione libraria [&hellip;]","og_url":"https:\/\/www.bellunopress.it\/fr\/2009\/12\/16\/omaggio-a-dino-buzzati-il-18-dicembre-al-museo-diocesano-di-arte-sacra-a-feltre-ore-1500\/","og_site_name":"Bellunopress - Dolomiti","article_publisher":"https:\/\/www.facebook.com\/profile.php?id=100008943462799","article_published_time":"2009-12-16T13:09:39+00:00","article_modified_time":"2009-12-17T18:38:58+00:00","og_image":[{"url":"http:\/\/www.bellunopress.it\/wp-content\/uploads\/2012\/07\/logo-bellunopress-250x250-2012.jpg","type":"","width":"","height":""}],"author":"redazione","twitter_card":"summary_large_image","twitter_creator":"@bellunopress","twitter_site":"@bellunopress","twitter_misc":{"\u00c9crit par":"redazione","Dur\u00e9e de lecture estim\u00e9e":"3 minutes"},"schema":{"@context":"https:\/\/schema.org","@graph":[{"@type":"Article","@id":"https:\/\/www.bellunopress.it\/2009\/12\/16\/omaggio-a-dino-buzzati-il-18-dicembre-al-museo-diocesano-di-arte-sacra-a-feltre-ore-1500\/#article","isPartOf":{"@id":"https:\/\/www.bellunopress.it\/2009\/12\/16\/omaggio-a-dino-buzzati-il-18-dicembre-al-museo-diocesano-di-arte-sacra-a-feltre-ore-1500\/"},"author":{"name":"redazione","@id":"https:\/\/www.bellunopress.it\/#\/schema\/person\/79bb06722b37ece1c03d3e94beb30d73"},"headline":"Omaggio a Dino Buzzati il 18 dicembre al Museo Diocesano di Arte Sacra a Feltre, ore 15.00","datePublished":"2009-12-16T13:09:39+00:00","dateModified":"2009-12-17T18:38:58+00:00","mainEntityOfPage":{"@id":"https:\/\/www.bellunopress.it\/2009\/12\/16\/omaggio-a-dino-buzzati-il-18-dicembre-al-museo-diocesano-di-arte-sacra-a-feltre-ore-1500\/"},"wordCount":529,"publisher":{"@id":"https:\/\/www.bellunopress.it\/#organization"},"keywords":["Belluno","Feltre","feltrino"],"articleSection":["Arte, Cultura, Spettacoli, Scienza","Pausa Caff\u00e8"],"inLanguage":"fr-FR"},{"@type":"WebPage","@id":"https:\/\/www.bellunopress.it\/2009\/12\/16\/omaggio-a-dino-buzzati-il-18-dicembre-al-museo-diocesano-di-arte-sacra-a-feltre-ore-1500\/","url":"https:\/\/www.bellunopress.it\/2009\/12\/16\/omaggio-a-dino-buzzati-il-18-dicembre-al-museo-diocesano-di-arte-sacra-a-feltre-ore-1500\/","name":"Omaggio a Dino Buzzati il 18 dicembre al Museo Diocesano di Arte Sacra a Feltre, ore 15.00 - Bellunopress - Dolomiti","isPartOf":{"@id":"https:\/\/www.bellunopress.it\/#website"},"datePublished":"2009-12-16T13:09:39+00:00","dateModified":"2009-12-17T18:38:58+00:00","breadcrumb":{"@id":"https:\/\/www.bellunopress.it\/2009\/12\/16\/omaggio-a-dino-buzzati-il-18-dicembre-al-museo-diocesano-di-arte-sacra-a-feltre-ore-1500\/#breadcrumb"},"inLanguage":"fr-FR","potentialAction":[{"@type":"ReadAction","target":["https:\/\/www.bellunopress.it\/2009\/12\/16\/omaggio-a-dino-buzzati-il-18-dicembre-al-museo-diocesano-di-arte-sacra-a-feltre-ore-1500\/"]}]},{"@type":"BreadcrumbList","@id":"https:\/\/www.bellunopress.it\/2009\/12\/16\/omaggio-a-dino-buzzati-il-18-dicembre-al-museo-diocesano-di-arte-sacra-a-feltre-ore-1500\/#breadcrumb","itemListElement":[{"@type":"ListItem","position":1,"name":"Home","item":"https:\/\/www.bellunopress.it\/"},{"@type":"ListItem","position":2,"name":"Omaggio a Dino Buzzati il 18 dicembre al Museo Diocesano di Arte Sacra a Feltre, ore 15.00"}]},{"@type":"WebSite","@id":"https:\/\/www.bellunopress.it\/#website","url":"https:\/\/www.bellunopress.it\/","name":"Bellunopress - Dolomiti","description":"e-mail: redazione@bellunopress.it","publisher":{"@id":"https:\/\/www.bellunopress.it\/#organization"},"potentialAction":[{"@type":"SearchAction","target":{"@type":"EntryPoint","urlTemplate":"https:\/\/www.bellunopress.it\/?s={search_term_string}"},"query-input":{"@type":"PropertyValueSpecification","valueRequired":true,"valueName":"search_term_string"}}],"inLanguage":"fr-FR"},{"@type":"Organization","@id":"https:\/\/www.bellunopress.it\/#organization","name":"Bellunopress","url":"https:\/\/www.bellunopress.it\/","logo":{"@type":"ImageObject","inLanguage":"fr-FR","@id":"https:\/\/www.bellunopress.it\/#\/schema\/logo\/image\/","url":"https:\/\/www.bellunopress.it\/wp-content\/uploads\/2011\/05\/cropped-logo-bellunopress-.jpg","contentUrl":"https:\/\/www.bellunopress.it\/wp-content\/uploads\/2011\/05\/cropped-logo-bellunopress-.jpg","width":512,"height":512,"caption":"Bellunopress"},"image":{"@id":"https:\/\/www.bellunopress.it\/#\/schema\/logo\/image\/"},"sameAs":["https:\/\/www.facebook.com\/profile.php?id=100008943462799","https:\/\/x.com\/bellunopress","https:\/\/www.linkedin.com\/hp\/?dnr=JBzUWaJfMUw8vbXJJ2tVW5-I3jZKvC4wsoxE&amp;amp;amp;amp;amp;amp;trk=nav_responsive_tab_home","https:\/\/www.youtube.com\/channel\/UCxL0wu1uN0_3_7hGG0306cw"]},{"@type":"Person","@id":"https:\/\/www.bellunopress.it\/#\/schema\/person\/79bb06722b37ece1c03d3e94beb30d73","name":"r\u00e9daction","image":{"@type":"ImageObject","inLanguage":"fr-FR","@id":"https:\/\/secure.gravatar.com\/avatar\/37d968a2e67a6fd04c169c4bdef102d0bc5d31b2546345219e348575eb80e9a0?s=96&d=mm&r=g","url":"https:\/\/secure.gravatar.com\/avatar\/37d968a2e67a6fd04c169c4bdef102d0bc5d31b2546345219e348575eb80e9a0?s=96&d=mm&r=g","contentUrl":"https:\/\/secure.gravatar.com\/avatar\/37d968a2e67a6fd04c169c4bdef102d0bc5d31b2546345219e348575eb80e9a0?s=96&d=mm&r=g","caption":"redazione"},"sameAs":["http:\/\/www.bellunopress.it","https:\/\/x.com\/bellunopress"],"url":"https:\/\/www.bellunopress.it\/fr\/author\/redazione\/"}]}},"_links":{"self":[{"href":"https:\/\/www.bellunopress.it\/fr\/wp-json\/wp\/v2\/posts\/10569","targetHints":{"allow":["GET"]}}],"collection":[{"href":"https:\/\/www.bellunopress.it\/fr\/wp-json\/wp\/v2\/posts"}],"about":[{"href":"https:\/\/www.bellunopress.it\/fr\/wp-json\/wp\/v2\/types\/post"}],"author":[{"embeddable":true,"href":"https:\/\/www.bellunopress.it\/fr\/wp-json\/wp\/v2\/users\/2"}],"replies":[{"embeddable":true,"href":"https:\/\/www.bellunopress.it\/fr\/wp-json\/wp\/v2\/comments?post=10569"}],"version-history":[{"count":2,"href":"https:\/\/www.bellunopress.it\/fr\/wp-json\/wp\/v2\/posts\/10569\/revisions"}],"predecessor-version":[{"id":10756,"href":"https:\/\/www.bellunopress.it\/fr\/wp-json\/wp\/v2\/posts\/10569\/revisions\/10756"}],"wp:attachment":[{"href":"https:\/\/www.bellunopress.it\/fr\/wp-json\/wp\/v2\/media?parent=10569"}],"wp:term":[{"taxonomy":"category","embeddable":true,"href":"https:\/\/www.bellunopress.it\/fr\/wp-json\/wp\/v2\/categories?post=10569"},{"taxonomy":"post_tag","embeddable":true,"href":"https:\/\/www.bellunopress.it\/fr\/wp-json\/wp\/v2\/tags?post=10569"}],"curies":[{"name":"wp","href":"https:\/\/api.w.org\/{rel}","templated":true}]}}