{"id":105598,"date":"2019-06-22T11:46:56","date_gmt":"2019-06-22T09:46:56","guid":{"rendered":"http:\/\/www.bellunopress.it\/?p=105598"},"modified":"2019-06-18T09:51:57","modified_gmt":"2019-06-18T07:51:57","slug":"cena-di-gala-solidale-con-miss-italia-al-centro-atlantis-di-castelfranco-veneto","status":"publish","type":"post","link":"https:\/\/www.bellunopress.it\/fr\/2019\/06\/22\/cena-di-gala-solidale-con-miss-italia-al-centro-atlantis-di-castelfranco-veneto\/","title":{"rendered":"Cena di gala solidale con Miss Italia al Centro Atlantis di Castelfranco Veneto"},"content":{"rendered":"<p>Dopo la bellissima esperienza dello scorso anno si replica la cena di Gala pi\u00f9 solidale di Castelfranco Veneto: marted\u00ec 25 giugno 2019 gli chef dei Ristoranti del Radicchio si riuniranno al Centro Atlantis per deliziarci con le loro preparazioni e devolvere il ricavato al progetto Buoni Amici Social Street<\/p>\n<p><a href=\"http:\/\/www.bellunopress.it\/fr\/?attachment_id=105599\" rel=\"attachment wp-att-105599\"><img loading=\"lazy\" decoding=\"async\" class=\"alignleft size-full wp-image-105599\" src=\"http:\/\/www.bellunopress.it\/wp-content\/uploads\/2019\/06\/Cena-gala-Centro-Atlantis-Castelfranco.jpg\" alt=\"\" width=\"300\" height=\"200\" \/><\/a>Con questa seconda edizione &#8220;A tavola col cuore c&#8217;\u00e8 pi\u00f9 gusto&#8221; si avvia a diventare un appuntamento fisso per il Centro Atlantis! L&#8217;evento, ideato e promosso lo scorso anno da Egidio Fior, presidente dei Ristoranti del Radicchio, viene riproposto quest&#8217;anno per continuare a sostenere il progetto di co-housing per persone con disabilit\u00e0 Buoni Amici Social Street. Una cena di gala in cui gli ospiti potranno gustare i prodotti del nostro territorio preparati da chef di alto livello e che si svolger\u00e0 <strong>marted\u00ec 25 giugno 2019 alle ore 20.00 presso il Centro Atlantis, in via Postioma di Salvarosa 23\/A a Castelfranco Veneto<\/strong>. Madrina della serata Miss Italia 2018 Carlotta Maggiorana delle Marche.<\/p>\n<p>&#8220;Siamo molto riconoscenti a Egidio Fior e a tutti i Ristoranti del Radicchio &#8211; dice la coordinatrice degli educatori del Centro Stefania Volpato \u2013 solo la loro generosit\u00e0 e disponibilit\u00e0 rende possibile questo meraviglioso evento che non \u00e8 solo un modo per raccogliere fondi ma anche un&#8217;occasione preziosa per raccontare che cosa \u00e8 diventato Buoni Amici Social Street&#8221;.<\/p>\n<p>Proprio un anno fa con &#8220;A tavola col cuore c&#8217;\u00e8 pi\u00f9 gusto&#8221; si \u00e8 dato il via alla raccolta fondi che oggi ha superato i 40.000\u20ac.<\/p>\n<p>&#8220;Qualche giorno fa, in occasione delle riprese del video che verr\u00e0 proiettato alla cena di gala \u2013 racconta Egidio Fior \u2013 ho visitato l&#8217;appartamento ed \u00e8 stata un&#8217;emozione grande pensare che grazie al nostro aiuto fra qualche mese in quell&#8217;appartamento persone con disabilit\u00e0 potranno vivere situazioni in autonomia&#8221;.<\/p>\n<p>Buoni Amici Social Street, infatti, prevede la ristrutturazione di un appartamento di Castelfranco Veneto con l&#8217;obiettivo di renderlo accessibile e adatto per persone con disabilit\u00e0 motoria. Una casa che diventer\u00e0 per alcuni ragazzi, che ora frequentano il Centro Atlantis, un&#8217;occasione di autonomia, di realizzazione personale, di inclusione sociale, di creazione di relazioni fuori e dentro l&#8217;appartamento, con il sostegno di esercizi commerciali del territorio, associazioni culturali e di volontariato e molti altri ancora. Inoltre, Buoni amici social street&#8221; si integra con il progetto &#8220;Sistema domotico IoT integrato ad elevata sicurezza informatica per smart building&#8221;, cofinanziato dalla Regione Veneto nell&#8217;ambito del bando POR-FESR per la ricerca a sostegno dei Distretti e Reti Innovative Regionali (DGR 1139\/2017). Si tratta di un progetto di ricerca e sperimentazione promosso dalla Rete Innovativa Regionale (RIR) &#8220;Venetian Smart Lighting&#8221; e dalla RIR &#8220;ICT for Smart and Sustainable Living&#8221; che conta nella sua partnership 22 aziende e tre Universit\u00e0 del Veneto coordinate dal Prof. Luciano Gamberini di Univeneto.<\/p>\n<p><strong>Centro Polivalente Atlantis<\/strong><\/p>\n<p>Atlantis \u00e8 un Centro Polivalente gestito dall&#8217;A.T.I. &#8220;Con..tatto&#8221; formata dalle Cooperative sociali L&#8217;Incontro, C\u00e0 Speranza e Il Girasole ed eroga servizi diurni e residenziali alle persone con disabilit\u00e0 del territorio dell&#8217;ex ULSS 8. Al suo interno vengono attivati servizi strutturati, secondo modalit\u00e0 organizzative e proposte educative che rispondono a bisogni e a livelli di autonomia diversi delle persone con disabilit\u00e0. Nello specifico vi sono quattro Centri Diurni per Disabili (CDD) che accolgono complessivamente 96 persone e un servizio residenziale (RSA) per 24 ospiti.<\/p>\n<p><strong>Ristoranti del Radicchio<\/strong><\/p>\n<p>I Ristoranti del Radicchio \u00e8 un gruppo composto da 9 ristoratori delle provincie di Treviso, Venezia e Belluno e vantano tra i loro associati ben due stelle Michelin. L&#8217;obiettivo di questo gruppo \u00e8 diffondere la conoscenza della cucina veneta e in particolare del radicchio nel territorio nazionale. I Ristoratori del Radicchio sono protagonisti di numerose manifestazioni. Ne citiamo una: dal 2000 si occupano dell&#8217;organizzazione della cena di gala della finale di Miss Italia.<\/p>","protected":false},"excerpt":{"rendered":"<p>Dopo la bellissima esperienza dello scorso anno si replica la cena di Gala pi\u00f9 solidale di Castelfranco Veneto: marted\u00ec 25 giugno 2019 gli chef dei Ristoranti del Radicchio si riuniranno al Centro Atlantis per deliziarci con le loro preparazioni e devolvere il ricavato al progetto Buoni Amici Social Street Con questa seconda edizione &#8220;A tavola [&hellip;]<\/p>\n","protected":false},"author":2,"featured_media":0,"comment_status":"closed","ping_status":"open","sticky":false,"template":"","format":"standard","meta":{"footnotes":""},"categories":[27,3394],"tags":[],"class_list":["post-105598","post","type-post","status-publish","format-standard","category-appuntamenti","category-cultura-e-spettacoli-fuori-provincia"],"yoast_head":"<!-- This site is optimized with the Yoast SEO plugin v28.4 - https:\/\/yoast.com\/product\/yoast-seo-wordpress\/ -->\n<title>Cena di gala solidale con Miss Italia al Centro Atlantis di Castelfranco Veneto - Bellunopress - Dolomiti<\/title>\n<meta name=\"robots\" content=\"index, follow, max-snippet:-1, max-image-preview:large, max-video-preview:-1\" \/>\n<link rel=\"canonical\" href=\"https:\/\/www.bellunopress.it\/fr\/2019\/06\/22\/cena-di-gala-solidale-con-miss-italia-al-centro-atlantis-di-castelfranco-veneto\/\" \/>\n<meta property=\"og:locale\" content=\"fr_FR\" \/>\n<meta property=\"og:type\" content=\"article\" \/>\n<meta property=\"og:title\" content=\"Cena di gala solidale con Miss Italia al Centro Atlantis di Castelfranco Veneto - Bellunopress - Dolomiti\" \/>\n<meta property=\"og:description\" content=\"Dopo la bellissima esperienza dello scorso anno si replica la cena di Gala pi\u00f9 solidale di Castelfranco Veneto: marted\u00ec 25 giugno 2019 gli chef dei Ristoranti del Radicchio si riuniranno al Centro Atlantis per deliziarci con le loro preparazioni e devolvere il ricavato al progetto Buoni Amici Social Street Con questa seconda edizione &#8220;A tavola [&hellip;]\" \/>\n<meta property=\"og:url\" content=\"https:\/\/www.bellunopress.it\/fr\/2019\/06\/22\/cena-di-gala-solidale-con-miss-italia-al-centro-atlantis-di-castelfranco-veneto\/\" \/>\n<meta property=\"og:site_name\" content=\"Bellunopress - Dolomiti\" \/>\n<meta property=\"article:publisher\" content=\"https:\/\/www.facebook.com\/profile.php?id=100008943462799\" \/>\n<meta property=\"article:published_time\" content=\"2019-06-22T09:46:56+00:00\" \/>\n<meta property=\"og:image\" content=\"http:\/\/www.bellunopress.it\/wp-content\/uploads\/2019\/06\/Cena-gala-Centro-Atlantis-Castelfranco.jpg\" \/>\n<meta name=\"author\" content=\"redazione\" \/>\n<meta name=\"twitter:card\" content=\"summary_large_image\" \/>\n<meta name=\"twitter:creator\" content=\"@bellunopress\" \/>\n<meta name=\"twitter:site\" content=\"@bellunopress\" \/>\n<meta name=\"twitter:label1\" content=\"\u00c9crit par\" \/>\n\t<meta name=\"twitter:data1\" content=\"redazione\" \/>\n\t<meta name=\"twitter:label2\" content=\"Dur\u00e9e de lecture estim\u00e9e\" \/>\n\t<meta name=\"twitter:data2\" content=\"3 minutes\" \/>\n<script type=\"application\/ld+json\" class=\"yoast-schema-graph\">{\"@context\":\"https:\\\/\\\/schema.org\",\"@graph\":[{\"@type\":\"Article\",\"@id\":\"https:\\\/\\\/www.bellunopress.it\\\/2019\\\/06\\\/22\\\/cena-di-gala-solidale-con-miss-italia-al-centro-atlantis-di-castelfranco-veneto\\\/#article\",\"isPartOf\":{\"@id\":\"https:\\\/\\\/www.bellunopress.it\\\/2019\\\/06\\\/22\\\/cena-di-gala-solidale-con-miss-italia-al-centro-atlantis-di-castelfranco-veneto\\\/\"},\"author\":{\"name\":\"redazione\",\"@id\":\"https:\\\/\\\/www.bellunopress.it\\\/#\\\/schema\\\/person\\\/79bb06722b37ece1c03d3e94beb30d73\"},\"headline\":\"Cena di gala solidale con Miss Italia al Centro Atlantis di Castelfranco Veneto\",\"datePublished\":\"2019-06-22T09:46:56+00:00\",\"mainEntityOfPage\":{\"@id\":\"https:\\\/\\\/www.bellunopress.it\\\/2019\\\/06\\\/22\\\/cena-di-gala-solidale-con-miss-italia-al-centro-atlantis-di-castelfranco-veneto\\\/\"},\"wordCount\":622,\"publisher\":{\"@id\":\"https:\\\/\\\/www.bellunopress.it\\\/#organization\"},\"image\":{\"@id\":\"https:\\\/\\\/www.bellunopress.it\\\/2019\\\/06\\\/22\\\/cena-di-gala-solidale-con-miss-italia-al-centro-atlantis-di-castelfranco-veneto\\\/#primaryimage\"},\"thumbnailUrl\":\"http:\\\/\\\/www.bellunopress.it\\\/wp-content\\\/uploads\\\/2019\\\/06\\\/Cena-gala-Centro-Atlantis-Castelfranco.jpg\",\"articleSection\":[\"Appuntamenti, Eventi\",\"Cultura e spettacoli, tempo libero, benessere, fuori provincia\"],\"inLanguage\":\"fr-FR\"},{\"@type\":\"WebPage\",\"@id\":\"https:\\\/\\\/www.bellunopress.it\\\/2019\\\/06\\\/22\\\/cena-di-gala-solidale-con-miss-italia-al-centro-atlantis-di-castelfranco-veneto\\\/\",\"url\":\"https:\\\/\\\/www.bellunopress.it\\\/2019\\\/06\\\/22\\\/cena-di-gala-solidale-con-miss-italia-al-centro-atlantis-di-castelfranco-veneto\\\/\",\"name\":\"Cena di gala solidale con Miss Italia al Centro Atlantis di Castelfranco Veneto - Bellunopress - Dolomiti\",\"isPartOf\":{\"@id\":\"https:\\\/\\\/www.bellunopress.it\\\/#website\"},\"primaryImageOfPage\":{\"@id\":\"https:\\\/\\\/www.bellunopress.it\\\/2019\\\/06\\\/22\\\/cena-di-gala-solidale-con-miss-italia-al-centro-atlantis-di-castelfranco-veneto\\\/#primaryimage\"},\"image\":{\"@id\":\"https:\\\/\\\/www.bellunopress.it\\\/2019\\\/06\\\/22\\\/cena-di-gala-solidale-con-miss-italia-al-centro-atlantis-di-castelfranco-veneto\\\/#primaryimage\"},\"thumbnailUrl\":\"http:\\\/\\\/www.bellunopress.it\\\/wp-content\\\/uploads\\\/2019\\\/06\\\/Cena-gala-Centro-Atlantis-Castelfranco.jpg\",\"datePublished\":\"2019-06-22T09:46:56+00:00\",\"breadcrumb\":{\"@id\":\"https:\\\/\\\/www.bellunopress.it\\\/2019\\\/06\\\/22\\\/cena-di-gala-solidale-con-miss-italia-al-centro-atlantis-di-castelfranco-veneto\\\/#breadcrumb\"},\"inLanguage\":\"fr-FR\",\"potentialAction\":[{\"@type\":\"ReadAction\",\"target\":[\"https:\\\/\\\/www.bellunopress.it\\\/2019\\\/06\\\/22\\\/cena-di-gala-solidale-con-miss-italia-al-centro-atlantis-di-castelfranco-veneto\\\/\"]}]},{\"@type\":\"ImageObject\",\"inLanguage\":\"fr-FR\",\"@id\":\"https:\\\/\\\/www.bellunopress.it\\\/2019\\\/06\\\/22\\\/cena-di-gala-solidale-con-miss-italia-al-centro-atlantis-di-castelfranco-veneto\\\/#primaryimage\",\"url\":\"http:\\\/\\\/www.bellunopress.it\\\/wp-content\\\/uploads\\\/2019\\\/06\\\/Cena-gala-Centro-Atlantis-Castelfranco.jpg\",\"contentUrl\":\"http:\\\/\\\/www.bellunopress.it\\\/wp-content\\\/uploads\\\/2019\\\/06\\\/Cena-gala-Centro-Atlantis-Castelfranco.jpg\"},{\"@type\":\"BreadcrumbList\",\"@id\":\"https:\\\/\\\/www.bellunopress.it\\\/2019\\\/06\\\/22\\\/cena-di-gala-solidale-con-miss-italia-al-centro-atlantis-di-castelfranco-veneto\\\/#breadcrumb\",\"itemListElement\":[{\"@type\":\"ListItem\",\"position\":1,\"name\":\"Home\",\"item\":\"https:\\\/\\\/www.bellunopress.it\\\/\"},{\"@type\":\"ListItem\",\"position\":2,\"name\":\"Cena di gala solidale con Miss Italia al Centro Atlantis di Castelfranco Veneto\"}]},{\"@type\":\"WebSite\",\"@id\":\"https:\\\/\\\/www.bellunopress.it\\\/#website\",\"url\":\"https:\\\/\\\/www.bellunopress.it\\\/\",\"name\":\"Bellunopress - Dolomiti\",\"description\":\"e-mail: redazione@bellunopress.it\",\"publisher\":{\"@id\":\"https:\\\/\\\/www.bellunopress.it\\\/#organization\"},\"potentialAction\":[{\"@type\":\"SearchAction\",\"target\":{\"@type\":\"EntryPoint\",\"urlTemplate\":\"https:\\\/\\\/www.bellunopress.it\\\/?s={search_term_string}\"},\"query-input\":{\"@type\":\"PropertyValueSpecification\",\"valueRequired\":true,\"valueName\":\"search_term_string\"}}],\"inLanguage\":\"fr-FR\"},{\"@type\":\"Organization\",\"@id\":\"https:\\\/\\\/www.bellunopress.it\\\/#organization\",\"name\":\"Bellunopress\",\"url\":\"https:\\\/\\\/www.bellunopress.it\\\/\",\"logo\":{\"@type\":\"ImageObject\",\"inLanguage\":\"fr-FR\",\"@id\":\"https:\\\/\\\/www.bellunopress.it\\\/#\\\/schema\\\/logo\\\/image\\\/\",\"url\":\"https:\\\/\\\/www.bellunopress.it\\\/wp-content\\\/uploads\\\/2011\\\/05\\\/cropped-logo-bellunopress-.jpg\",\"contentUrl\":\"https:\\\/\\\/www.bellunopress.it\\\/wp-content\\\/uploads\\\/2011\\\/05\\\/cropped-logo-bellunopress-.jpg\",\"width\":512,\"height\":512,\"caption\":\"Bellunopress\"},\"image\":{\"@id\":\"https:\\\/\\\/www.bellunopress.it\\\/#\\\/schema\\\/logo\\\/image\\\/\"},\"sameAs\":[\"https:\\\/\\\/www.facebook.com\\\/profile.php?id=100008943462799\",\"https:\\\/\\\/x.com\\\/bellunopress\",\"https:\\\/\\\/www.linkedin.com\\\/hp\\\/?dnr=JBzUWaJfMUw8vbXJJ2tVW5-I3jZKvC4wsoxE&amp;amp;amp;amp;amp;amp;trk=nav_responsive_tab_home\",\"https:\\\/\\\/www.youtube.com\\\/channel\\\/UCxL0wu1uN0_3_7hGG0306cw\"]},{\"@type\":\"Person\",\"@id\":\"https:\\\/\\\/www.bellunopress.it\\\/#\\\/schema\\\/person\\\/79bb06722b37ece1c03d3e94beb30d73\",\"name\":\"redazione\",\"image\":{\"@type\":\"ImageObject\",\"inLanguage\":\"fr-FR\",\"@id\":\"https:\\\/\\\/secure.gravatar.com\\\/avatar\\\/37d968a2e67a6fd04c169c4bdef102d0bc5d31b2546345219e348575eb80e9a0?s=96&d=mm&r=g\",\"url\":\"https:\\\/\\\/secure.gravatar.com\\\/avatar\\\/37d968a2e67a6fd04c169c4bdef102d0bc5d31b2546345219e348575eb80e9a0?s=96&d=mm&r=g\",\"contentUrl\":\"https:\\\/\\\/secure.gravatar.com\\\/avatar\\\/37d968a2e67a6fd04c169c4bdef102d0bc5d31b2546345219e348575eb80e9a0?s=96&d=mm&r=g\",\"caption\":\"redazione\"},\"sameAs\":[\"http:\\\/\\\/www.bellunopress.it\",\"https:\\\/\\\/x.com\\\/bellunopress\"],\"url\":\"https:\\\/\\\/www.bellunopress.it\\\/fr\\\/author\\\/redazione\\\/\"}]}<\/script>\n<!-- \/ Yoast SEO plugin. -->","yoast_head_json":{"title":"Cena di gala solidale con Miss Italia al Centro Atlantis di Castelfranco Veneto - Bellunopress - Dolomiti","robots":{"index":"index","follow":"follow","max-snippet":"max-snippet:-1","max-image-preview":"max-image-preview:large","max-video-preview":"max-video-preview:-1"},"canonical":"https:\/\/www.bellunopress.it\/fr\/2019\/06\/22\/cena-di-gala-solidale-con-miss-italia-al-centro-atlantis-di-castelfranco-veneto\/","og_locale":"fr_FR","og_type":"article","og_title":"Cena di gala solidale con Miss Italia al Centro Atlantis di Castelfranco Veneto - Bellunopress - Dolomiti","og_description":"Dopo la bellissima esperienza dello scorso anno si replica la cena di Gala pi\u00f9 solidale di Castelfranco Veneto: marted\u00ec 25 giugno 2019 gli chef dei Ristoranti del Radicchio si riuniranno al Centro Atlantis per deliziarci con le loro preparazioni e devolvere il ricavato al progetto Buoni Amici Social Street Con questa seconda edizione &#8220;A tavola [&hellip;]","og_url":"https:\/\/www.bellunopress.it\/fr\/2019\/06\/22\/cena-di-gala-solidale-con-miss-italia-al-centro-atlantis-di-castelfranco-veneto\/","og_site_name":"Bellunopress - Dolomiti","article_publisher":"https:\/\/www.facebook.com\/profile.php?id=100008943462799","article_published_time":"2019-06-22T09:46:56+00:00","og_image":[{"url":"http:\/\/www.bellunopress.it\/wp-content\/uploads\/2019\/06\/Cena-gala-Centro-Atlantis-Castelfranco.jpg","type":"","width":"","height":""}],"author":"redazione","twitter_card":"summary_large_image","twitter_creator":"@bellunopress","twitter_site":"@bellunopress","twitter_misc":{"\u00c9crit par":"redazione","Dur\u00e9e de lecture estim\u00e9e":"3 minutes"},"schema":{"@context":"https:\/\/schema.org","@graph":[{"@type":"Article","@id":"https:\/\/www.bellunopress.it\/2019\/06\/22\/cena-di-gala-solidale-con-miss-italia-al-centro-atlantis-di-castelfranco-veneto\/#article","isPartOf":{"@id":"https:\/\/www.bellunopress.it\/2019\/06\/22\/cena-di-gala-solidale-con-miss-italia-al-centro-atlantis-di-castelfranco-veneto\/"},"author":{"name":"redazione","@id":"https:\/\/www.bellunopress.it\/#\/schema\/person\/79bb06722b37ece1c03d3e94beb30d73"},"headline":"Cena di gala solidale con Miss Italia al Centro Atlantis di Castelfranco Veneto","datePublished":"2019-06-22T09:46:56+00:00","mainEntityOfPage":{"@id":"https:\/\/www.bellunopress.it\/2019\/06\/22\/cena-di-gala-solidale-con-miss-italia-al-centro-atlantis-di-castelfranco-veneto\/"},"wordCount":622,"publisher":{"@id":"https:\/\/www.bellunopress.it\/#organization"},"image":{"@id":"https:\/\/www.bellunopress.it\/2019\/06\/22\/cena-di-gala-solidale-con-miss-italia-al-centro-atlantis-di-castelfranco-veneto\/#primaryimage"},"thumbnailUrl":"http:\/\/www.bellunopress.it\/wp-content\/uploads\/2019\/06\/Cena-gala-Centro-Atlantis-Castelfranco.jpg","articleSection":["Appuntamenti, Eventi","Cultura e spettacoli, tempo libero, benessere, fuori provincia"],"inLanguage":"fr-FR"},{"@type":"WebPage","@id":"https:\/\/www.bellunopress.it\/2019\/06\/22\/cena-di-gala-solidale-con-miss-italia-al-centro-atlantis-di-castelfranco-veneto\/","url":"https:\/\/www.bellunopress.it\/2019\/06\/22\/cena-di-gala-solidale-con-miss-italia-al-centro-atlantis-di-castelfranco-veneto\/","name":"Cena di gala solidale con Miss Italia al Centro Atlantis di Castelfranco Veneto - Bellunopress - Dolomiti","isPartOf":{"@id":"https:\/\/www.bellunopress.it\/#website"},"primaryImageOfPage":{"@id":"https:\/\/www.bellunopress.it\/2019\/06\/22\/cena-di-gala-solidale-con-miss-italia-al-centro-atlantis-di-castelfranco-veneto\/#primaryimage"},"image":{"@id":"https:\/\/www.bellunopress.it\/2019\/06\/22\/cena-di-gala-solidale-con-miss-italia-al-centro-atlantis-di-castelfranco-veneto\/#primaryimage"},"thumbnailUrl":"http:\/\/www.bellunopress.it\/wp-content\/uploads\/2019\/06\/Cena-gala-Centro-Atlantis-Castelfranco.jpg","datePublished":"2019-06-22T09:46:56+00:00","breadcrumb":{"@id":"https:\/\/www.bellunopress.it\/2019\/06\/22\/cena-di-gala-solidale-con-miss-italia-al-centro-atlantis-di-castelfranco-veneto\/#breadcrumb"},"inLanguage":"fr-FR","potentialAction":[{"@type":"ReadAction","target":["https:\/\/www.bellunopress.it\/2019\/06\/22\/cena-di-gala-solidale-con-miss-italia-al-centro-atlantis-di-castelfranco-veneto\/"]}]},{"@type":"ImageObject","inLanguage":"fr-FR","@id":"https:\/\/www.bellunopress.it\/2019\/06\/22\/cena-di-gala-solidale-con-miss-italia-al-centro-atlantis-di-castelfranco-veneto\/#primaryimage","url":"http:\/\/www.bellunopress.it\/wp-content\/uploads\/2019\/06\/Cena-gala-Centro-Atlantis-Castelfranco.jpg","contentUrl":"http:\/\/www.bellunopress.it\/wp-content\/uploads\/2019\/06\/Cena-gala-Centro-Atlantis-Castelfranco.jpg"},{"@type":"BreadcrumbList","@id":"https:\/\/www.bellunopress.it\/2019\/06\/22\/cena-di-gala-solidale-con-miss-italia-al-centro-atlantis-di-castelfranco-veneto\/#breadcrumb","itemListElement":[{"@type":"ListItem","position":1,"name":"Home","item":"https:\/\/www.bellunopress.it\/"},{"@type":"ListItem","position":2,"name":"Cena di gala solidale con Miss Italia al Centro Atlantis di Castelfranco Veneto"}]},{"@type":"WebSite","@id":"https:\/\/www.bellunopress.it\/#website","url":"https:\/\/www.bellunopress.it\/","name":"Bellunopress - Dolomiti","description":"e-mail: redazione@bellunopress.it","publisher":{"@id":"https:\/\/www.bellunopress.it\/#organization"},"potentialAction":[{"@type":"SearchAction","target":{"@type":"EntryPoint","urlTemplate":"https:\/\/www.bellunopress.it\/?s={search_term_string}"},"query-input":{"@type":"PropertyValueSpecification","valueRequired":true,"valueName":"search_term_string"}}],"inLanguage":"fr-FR"},{"@type":"Organization","@id":"https:\/\/www.bellunopress.it\/#organization","name":"Bellunopress","url":"https:\/\/www.bellunopress.it\/","logo":{"@type":"ImageObject","inLanguage":"fr-FR","@id":"https:\/\/www.bellunopress.it\/#\/schema\/logo\/image\/","url":"https:\/\/www.bellunopress.it\/wp-content\/uploads\/2011\/05\/cropped-logo-bellunopress-.jpg","contentUrl":"https:\/\/www.bellunopress.it\/wp-content\/uploads\/2011\/05\/cropped-logo-bellunopress-.jpg","width":512,"height":512,"caption":"Bellunopress"},"image":{"@id":"https:\/\/www.bellunopress.it\/#\/schema\/logo\/image\/"},"sameAs":["https:\/\/www.facebook.com\/profile.php?id=100008943462799","https:\/\/x.com\/bellunopress","https:\/\/www.linkedin.com\/hp\/?dnr=JBzUWaJfMUw8vbXJJ2tVW5-I3jZKvC4wsoxE&amp;amp;amp;amp;amp;amp;trk=nav_responsive_tab_home","https:\/\/www.youtube.com\/channel\/UCxL0wu1uN0_3_7hGG0306cw"]},{"@type":"Person","@id":"https:\/\/www.bellunopress.it\/#\/schema\/person\/79bb06722b37ece1c03d3e94beb30d73","name":"r\u00e9daction","image":{"@type":"ImageObject","inLanguage":"fr-FR","@id":"https:\/\/secure.gravatar.com\/avatar\/37d968a2e67a6fd04c169c4bdef102d0bc5d31b2546345219e348575eb80e9a0?s=96&d=mm&r=g","url":"https:\/\/secure.gravatar.com\/avatar\/37d968a2e67a6fd04c169c4bdef102d0bc5d31b2546345219e348575eb80e9a0?s=96&d=mm&r=g","contentUrl":"https:\/\/secure.gravatar.com\/avatar\/37d968a2e67a6fd04c169c4bdef102d0bc5d31b2546345219e348575eb80e9a0?s=96&d=mm&r=g","caption":"redazione"},"sameAs":["http:\/\/www.bellunopress.it","https:\/\/x.com\/bellunopress"],"url":"https:\/\/www.bellunopress.it\/fr\/author\/redazione\/"}]}},"_links":{"self":[{"href":"https:\/\/www.bellunopress.it\/fr\/wp-json\/wp\/v2\/posts\/105598","targetHints":{"allow":["GET"]}}],"collection":[{"href":"https:\/\/www.bellunopress.it\/fr\/wp-json\/wp\/v2\/posts"}],"about":[{"href":"https:\/\/www.bellunopress.it\/fr\/wp-json\/wp\/v2\/types\/post"}],"author":[{"embeddable":true,"href":"https:\/\/www.bellunopress.it\/fr\/wp-json\/wp\/v2\/users\/2"}],"replies":[{"embeddable":true,"href":"https:\/\/www.bellunopress.it\/fr\/wp-json\/wp\/v2\/comments?post=105598"}],"version-history":[{"count":1,"href":"https:\/\/www.bellunopress.it\/fr\/wp-json\/wp\/v2\/posts\/105598\/revisions"}],"predecessor-version":[{"id":105600,"href":"https:\/\/www.bellunopress.it\/fr\/wp-json\/wp\/v2\/posts\/105598\/revisions\/105600"}],"wp:attachment":[{"href":"https:\/\/www.bellunopress.it\/fr\/wp-json\/wp\/v2\/media?parent=105598"}],"wp:term":[{"taxonomy":"category","embeddable":true,"href":"https:\/\/www.bellunopress.it\/fr\/wp-json\/wp\/v2\/categories?post=105598"},{"taxonomy":"post_tag","embeddable":true,"href":"https:\/\/www.bellunopress.it\/fr\/wp-json\/wp\/v2\/tags?post=105598"}],"curies":[{"name":"wp","href":"https:\/\/api.w.org\/{rel}","templated":true}]}}