{"id":105183,"date":"2019-06-03T18:22:37","date_gmt":"2019-06-03T16:22:37","guid":{"rendered":"http:\/\/www.bellunopress.it\/?p=105183"},"modified":"2019-06-03T18:22:37","modified_gmt":"2019-06-03T16:22:37","slug":"elia-cecino-lenfant-prodige-della-tastiera-in-concerto-mercoledi-allunisono-di-feltre","status":"publish","type":"post","link":"https:\/\/www.bellunopress.it\/fr\/2019\/06\/03\/elia-cecino-lenfant-prodige-della-tastiera-in-concerto-mercoledi-allunisono-di-feltre\/","title":{"rendered":"Elia Cecino, l&#8217;enfant prodige della tastiera in concerto mercoled\u00ec all&#8217;Unisono di Feltre"},"content":{"rendered":"<p><a href=\"http:\/\/www.bellunopress.it\/fr\/2019\/06\/03\/elia-cecino-lenfant-prodige-della-tastiera-in-concerto-mercoledi-allunisono-di-feltre\/elia-cecino\/\" rel=\"attachment wp-att-105184\"><img loading=\"lazy\" decoding=\"async\" class=\"alignleft size-full wp-image-105184\" src=\"http:\/\/www.bellunopress.it\/wp-content\/uploads\/2019\/06\/elia-cecino.jpg\" alt=\"\" width=\"300\" height=\"253\" \/><\/a>Il Centro di musica Unisono di Feltre apre le porte di Palazzo Guarnieri all&#8217;enfant prodige Elia Cecino. Mercoled\u00ec 5 giugno alle 20.30 concerto ad ingresso gratuito con il giovanissimo talento del piano, appena maggiorenne. Il virtuoso della tastiera si esibir\u00e0 nella Class Hall del palazzo di piazza Maggiore nell&#8217;ambito della settima edizione della Maratona pianistica organizzata dal maestro Luigi Ferro.<\/p>\n<p>&#8220;Siamo contenti e orgogliosi di far parte anche quest&#8217;anno di questo evento \u2013 dichiara il direttore artistico di Unisono, Nicol\u00f2 Ferrari Bravo -. Promuovere artisti giovani e talentuosi \u00e8 parte della nostra mission. Sar\u00e0 un&#8217;altra occasione per ascoltare un altro giovane promettente, dopo Gabriele Strata. Mi piacerebbe vedere tanti giovani in sala, perch\u00e9 il concerto sia da stimolo per gli studenti di piano e per tutti i musicisti&#8221;.<br \/>\nLe Eccellenze Venete \u00e8 un&#8217;iniziativa parallela e concomitante alla maratona, pensata per far suonare in diverse location ma nella stessa giornata i migliori pianisti veneti. E Cecina \u00e8 proprio uno dei fiori all&#8217;occhiello della musica in regione.<\/p>\n<p>Nato nel 2001 in provincia di Treviso, Cecino suona il pianoforte dall&#8217;et\u00e0 di 9 anni. Studia otto ore al giorno e nel bagaglio dei suoi successi ha gi\u00e0 la vittoria assoluta a oltre cinquanta concorsi. Laureato con il massimo dei voti al conservatorio &#8220;B.Maderna&#8221; di Cesena, dal 2014 si \u00e8 esibito con continuit\u00e0 spaziando nel repertorio in circa 80 recital in Italia e all&#8217;estero presso prestigiose sale da concerto come il teatro degli Industri di Grosseto, la Sala degli Affreschi della Societ\u00e0 Umanitaria, il Museo di Sant&#8217;Agostino di Genova per gli Amici di Paganini, Palazzo De Nobili per gli Amici della Musica di Catanzaro, Casa della Musica di Cosenza, Palazzo Litta e Fondazione Pini a Milano, casa Mozart a Rovereto per l&#8217;associazione Mozart Italia, l&#8217;istituto di cultura italiano di Amburgo e l&#8217;agenzia consolare italiana di Wolfsburg (Germania), la sala barocca del Grand Hotel Europa di Innsbruck (Austria), il Palazzo della Cultura di Iasi (Romania), il teatro Thuillier di Caravaca de la Cruz (Spagna).<\/p>\n<p><strong>Elia Cecino\u00a0<\/strong><br \/>\nE&#8217; nato nel 2001, ha cominciato lo studio del pianoforte a 9 anni con Maddalena De Facci sotto la cui guida si \u00e8 diplomato da privatista con la votazione 10\/10 e Lode presso il conservatorio &#8220;B. Maderna&#8221; di Cesena nell&#8217;anno accademico 2017\/2018. Attualmente \u00e8 iscritto alla Scuola di Musica di Fiesole dove frequenta il corso di perfezionamento con la professoressa Elisso Virsaladze e all&#8217;Accademia del Ridotto di Stradella nella classe del Maestro Andrzej Jasinski. Nel corso degli studi \u00e8 stato selezionato come allievo effettivo di masterclass nell&#8217;ambito di prestigiosi festival e istituzioni: nel 2014 dal M\u00ba A. Ciccolini per il 31\u00b0 Musica Riva Festival, nel 2017 dalla prof.ssa L. Zilberstein all&#8217;Accademia Chigiana di Siena e dal M\u00ba A. Delle Vigne al Mozarteum di Salisburgo, nel 2018 dal M\u00ba C. Elton per il Ferrara Piano Festival e dalla prof.ssa N. Fisher per il London Master Class. A partire dal 2013 ha inoltre frequentato alcune masterclass con i pianisti Risaliti, Nuti, Lupo, Lucchesini, Dalibaltayan, Mika, Balzani, Iannone, Nos\u00e8, Plano, Baglini. Vincitore assoluto dei concorsi &#8220;Luciano Luciani&#8221; di Cosenza 2019, &#8220;Citt\u00e0 di Albenga &#8211; Memorial Maria Silvia Folco&#8221; 2018, &#8220;Citt\u00e0 di Giussano&#8221; 2018, &#8220;International Piano Competition-Premio Paolo Spincich&#8221; di Trieste 2016, &#8220;Premio Crescendo&#8221; di Firenze 2016, &#8220;Marco Bramanti&#8221; di Forte dei Marmi 2016, Premio Pianistico &#8220;Filippo Trevisan&#8221; di Palmanova 2015, &#8220;Vietri sul Mare-Costa Amalfitana&#8221; 2014, &#8220;Citt\u00e0 di Venezia&#8221; 2013, Elia ha ottenuto il primo premio assoluto in oltre 50 concorsi nazionali e internazionali a categorie in Italia tra i quali &#8220;Il Pozzolino&#8221; di Seregno, &#8220;G. Rospigliosi&#8221; di Lamporecchio, &#8220;Citt\u00e0 di Bucchianico&#8221;, &#8220;Citt\u00e0 di Gorizia&#8221;, &#8220;Citt\u00e0 di San Don\u00e0 di Piave&#8221;, &#8220;Nuova Coppa Pianisti d&#8217;Italia&#8221; di Osimo, &#8220;Citt\u00e0 di Caraglio&#8221;. Numerosi sono anche i primi premi conquistati all&#8217;estero: nel 2018 in Serbia al &#8220;IX International Isidor Bajic Piano Memorial&#8221; di Novi Sad, in Spagna al &#8220;IV Marbella International Piano Competition&#8221; e in Ungheria all'&#8221;VIII Chopin International Piano Competition&#8221; di Budapest; nel 2017 a Vienna al&#8221;IX Rosario Marciano International Piano Competition&#8221; di Vienna; nel 2016 al &#8220;Clavicologne International Piano Competition&#8221; di Aachen (Germania); nel 2015 al &#8220;IX Young Piano Competition&#8221; di Osjiek (Croazia); nel 2013 al &#8221; Tartini Competition&#8221; di Pirano (Slovenia). Nel 2016 Elia \u00e8 risultato Top Prize del XXV Ibla Grand Prize Competition di Ragusa aggiudicandosi un tour di concerti negli Stati Uniti che gli ha consentito di esibirsi in numerose localit\u00e0 della Virginia e dell&#8217;Arkansas.<br \/>\nNell&#8217;estate 2016 ha superato i provini e partecipato alla trasmissione TV Prodigi-La musica \u00e8 vita&#8221; a favore dell&#8217;Unicef andata in onda in prima serata su Rai 1.<br \/>\nA partire dal 2014 Elia si \u00e8 esibito con continuit\u00e0 spaziando nel repertorio in circa 80 recital in Italia e all&#8217;estero presso prestigiose sale da concerto come il teatro degli Industri di Grosseto, la Sala degli Affreschi della Societ\u00e0 Umanitaria, il Museo di Sant&#8217;Agostino di Genova per gli Amici di Paganini, Palazzo De Nobili per gli Amici della Musica di Catanzaro, Casa della Musica di Cosenza, Palazzo Litta e Fondazione Pini a Milano, casa Mozart a Rovereto per l&#8217;associazione Mozart Italia, l&#8217;istituto di cultura italiano di Amburgo e l&#8217;agenzia consolare italiana di Wolfsburg (Germania), la sala barocca del Grand Hotel Europa di Innsbruck (Austria), il Palazzo della Cultura di Iasi (Romania), il teatro Thuillier di Caravaca de la Cruz (Spagna), l&#8217;aula di cultura di Murcia (Spagna), la sala Eutherpe di Leon (Spagna), la Dvorana glasbene \u0161ole di Radovljica (Slovenia), nell&#8217;ambito dell&#8217;8\u00ba World Piano Conference a Novi Sad (Serbia) per la World Piano Teachers Association, il Foyer del teatro &#8220;V. Basso&#8221; di Ascoli Piceno, il teatro Gustavo Modena di Palmanova, il ridotto del teatro comunale Manzoni e villa Scornio a Pistoia, la chiesa di Sant&#8217;Antonio a Cellamonte Monferrato per il Monferrato Classic Festival, l&#8217;auditorium dell&#8217;ospedale Careggi e l&#8217;oratorio della chiesa di Santa Maria Novoli a Firenze per l&#8217;A.Gi.Mus di Firenze, il Gabinetto di Lettura di Padova per il Bartolomeo Cristofori Piano Festival, l&#8217;oratorio Santa Cecilia di Bologna per il San Giacomo Festival, l&#8217;auditorium di Vimodrone per il Piano Talent Festival, Palazzo Cavagnis e Palazzo Albrizzi a Venezia, la sala Marizza di Fogliano Redipuglia, Villa De Brandis a San Giovanni al Natisone, Villa Bertelli a Forte dei Marmi, Palazzo Loschi a Vicenza, il Palazzo delle Generali a Trieste. Nel 2016 \u00e8 stato invitato a suonare presso le Sale Apollinee del Gran Teatro La Fenice di Venezia dall&#8217;associazione Mozart Italia. Si \u00e8 inoltre esibito in recital nelle stagioni 2015, 2016, 2017 e 2018 nell&#8217;ambito del Festival delle Nazioni \u2013 Concerti del Tempietto presso il teatro di Marcello e presso il chiostro di Campitelli a Roma. Si \u00e8 proposto da solista con la Filarmonica &#8220;Mihail Jora&#8221; di Bacau (Romania), con la Filarmonica di Sichuan (Cina), con l&#8217;orchestra Concentus Musicus Patavinus di Padova e con l&#8217;orchestra San Marco di Pordenone. Allo studio del repertorio solistico Elia ha sempre affiancato un&#8217;intensa attivit\u00e0 cameristica prima in duo a 4 mani e poi in duo e in trio con archi con i quali si \u00e8 esibito in alcune rassegne concertistiche: &#8220;Estate Concertistica di Lamole&#8221; di Greve in Chianti, &#8220;Gioie Musicali 2018&#8221; ad Asolo, &#8220;Campus delle Arti&#8221; di Bassano, &#8220;La grotta della cometa&#8221; a Roncade (TV), nella stagione &#8220;I concerti del gioved\u00ec&#8221; del Circolo Generali a Trieste, per l&#8217;Ensemble Serenissima nella stagione &#8220;I concerti a Palazzo&#8221;.<\/p>","protected":false},"excerpt":{"rendered":"<p>Il Centro di musica Unisono di Feltre apre le porte di Palazzo Guarnieri all&#8217;enfant prodige Elia Cecino. Mercoled\u00ec 5 giugno alle 20.30 concerto ad ingresso gratuito con il giovanissimo talento del piano, appena maggiorenne. Il virtuoso della tastiera si esibir\u00e0 nella Class Hall del palazzo di piazza Maggiore nell&#8217;ambito della settima edizione della Maratona pianistica [&hellip;]<\/p>\n","protected":false},"author":2,"featured_media":0,"comment_status":"closed","ping_status":"open","sticky":false,"template":"","format":"standard","meta":{"footnotes":""},"categories":[27,3,26],"tags":[],"class_list":["post-105183","post","type-post","status-publish","format-standard","category-appuntamenti","category-arte-cultura-spettacoli-scienza-archivi","category-prima-pagina"],"yoast_head":"<!-- This site is optimized with the Yoast SEO plugin v28.4 - https:\/\/yoast.com\/product\/yoast-seo-wordpress\/ -->\n<title>Elia Cecino, l&#039;enfant prodige della tastiera in concerto mercoled\u00ec all&#039;Unisono di Feltre - Bellunopress - Dolomiti<\/title>\n<meta name=\"robots\" content=\"index, follow, max-snippet:-1, max-image-preview:large, max-video-preview:-1\" \/>\n<link rel=\"canonical\" href=\"https:\/\/www.bellunopress.it\/fr\/2019\/06\/03\/elia-cecino-lenfant-prodige-della-tastiera-in-concerto-mercoledi-allunisono-di-feltre\/\" \/>\n<meta property=\"og:locale\" content=\"fr_FR\" \/>\n<meta property=\"og:type\" content=\"article\" \/>\n<meta property=\"og:title\" content=\"Elia Cecino, l&#039;enfant prodige della tastiera in concerto mercoled\u00ec all&#039;Unisono di Feltre - Bellunopress - Dolomiti\" \/>\n<meta property=\"og:description\" content=\"Il Centro di musica Unisono di Feltre apre le porte di Palazzo Guarnieri all&#8217;enfant prodige Elia Cecino. Mercoled\u00ec 5 giugno alle 20.30 concerto ad ingresso gratuito con il giovanissimo talento del piano, appena maggiorenne. Il virtuoso della tastiera si esibir\u00e0 nella Class Hall del palazzo di piazza Maggiore nell&#8217;ambito della settima edizione della Maratona pianistica [&hellip;]\" \/>\n<meta property=\"og:url\" content=\"https:\/\/www.bellunopress.it\/fr\/2019\/06\/03\/elia-cecino-lenfant-prodige-della-tastiera-in-concerto-mercoledi-allunisono-di-feltre\/\" \/>\n<meta property=\"og:site_name\" content=\"Bellunopress - Dolomiti\" \/>\n<meta property=\"article:publisher\" content=\"https:\/\/www.facebook.com\/profile.php?id=100008943462799\" \/>\n<meta property=\"article:published_time\" content=\"2019-06-03T16:22:37+00:00\" \/>\n<meta property=\"og:image\" content=\"http:\/\/www.bellunopress.it\/wp-content\/uploads\/2019\/06\/elia-cecino.jpg\" \/>\n<meta name=\"author\" content=\"redazione\" \/>\n<meta name=\"twitter:card\" content=\"summary_large_image\" \/>\n<meta name=\"twitter:creator\" content=\"@bellunopress\" \/>\n<meta name=\"twitter:site\" content=\"@bellunopress\" \/>\n<meta name=\"twitter:label1\" content=\"\u00c9crit par\" \/>\n\t<meta name=\"twitter:data1\" content=\"redazione\" \/>\n\t<meta name=\"twitter:label2\" content=\"Dur\u00e9e de lecture estim\u00e9e\" \/>\n\t<meta name=\"twitter:data2\" content=\"6 minutes\" \/>\n<script type=\"application\/ld+json\" class=\"yoast-schema-graph\">{\"@context\":\"https:\\\/\\\/schema.org\",\"@graph\":[{\"@type\":\"Article\",\"@id\":\"https:\\\/\\\/www.bellunopress.it\\\/2019\\\/06\\\/03\\\/elia-cecino-lenfant-prodige-della-tastiera-in-concerto-mercoledi-allunisono-di-feltre\\\/#article\",\"isPartOf\":{\"@id\":\"https:\\\/\\\/www.bellunopress.it\\\/2019\\\/06\\\/03\\\/elia-cecino-lenfant-prodige-della-tastiera-in-concerto-mercoledi-allunisono-di-feltre\\\/\"},\"author\":{\"name\":\"redazione\",\"@id\":\"https:\\\/\\\/www.bellunopress.it\\\/#\\\/schema\\\/person\\\/79bb06722b37ece1c03d3e94beb30d73\"},\"headline\":\"Elia Cecino, l&#8217;enfant prodige della tastiera in concerto mercoled\u00ec all&#8217;Unisono di Feltre\",\"datePublished\":\"2019-06-03T16:22:37+00:00\",\"mainEntityOfPage\":{\"@id\":\"https:\\\/\\\/www.bellunopress.it\\\/2019\\\/06\\\/03\\\/elia-cecino-lenfant-prodige-della-tastiera-in-concerto-mercoledi-allunisono-di-feltre\\\/\"},\"wordCount\":1200,\"publisher\":{\"@id\":\"https:\\\/\\\/www.bellunopress.it\\\/#organization\"},\"image\":{\"@id\":\"https:\\\/\\\/www.bellunopress.it\\\/2019\\\/06\\\/03\\\/elia-cecino-lenfant-prodige-della-tastiera-in-concerto-mercoledi-allunisono-di-feltre\\\/#primaryimage\"},\"thumbnailUrl\":\"http:\\\/\\\/www.bellunopress.it\\\/wp-content\\\/uploads\\\/2019\\\/06\\\/elia-cecino.jpg\",\"articleSection\":[\"Appuntamenti, Eventi\",\"Arte, Cultura, Spettacoli, Scienza\",\"Prima Pagina\"],\"inLanguage\":\"fr-FR\"},{\"@type\":\"WebPage\",\"@id\":\"https:\\\/\\\/www.bellunopress.it\\\/2019\\\/06\\\/03\\\/elia-cecino-lenfant-prodige-della-tastiera-in-concerto-mercoledi-allunisono-di-feltre\\\/\",\"url\":\"https:\\\/\\\/www.bellunopress.it\\\/2019\\\/06\\\/03\\\/elia-cecino-lenfant-prodige-della-tastiera-in-concerto-mercoledi-allunisono-di-feltre\\\/\",\"name\":\"Elia Cecino, l'enfant prodige della tastiera in concerto mercoled\u00ec all'Unisono di Feltre - Bellunopress - Dolomiti\",\"isPartOf\":{\"@id\":\"https:\\\/\\\/www.bellunopress.it\\\/#website\"},\"primaryImageOfPage\":{\"@id\":\"https:\\\/\\\/www.bellunopress.it\\\/2019\\\/06\\\/03\\\/elia-cecino-lenfant-prodige-della-tastiera-in-concerto-mercoledi-allunisono-di-feltre\\\/#primaryimage\"},\"image\":{\"@id\":\"https:\\\/\\\/www.bellunopress.it\\\/2019\\\/06\\\/03\\\/elia-cecino-lenfant-prodige-della-tastiera-in-concerto-mercoledi-allunisono-di-feltre\\\/#primaryimage\"},\"thumbnailUrl\":\"http:\\\/\\\/www.bellunopress.it\\\/wp-content\\\/uploads\\\/2019\\\/06\\\/elia-cecino.jpg\",\"datePublished\":\"2019-06-03T16:22:37+00:00\",\"breadcrumb\":{\"@id\":\"https:\\\/\\\/www.bellunopress.it\\\/2019\\\/06\\\/03\\\/elia-cecino-lenfant-prodige-della-tastiera-in-concerto-mercoledi-allunisono-di-feltre\\\/#breadcrumb\"},\"inLanguage\":\"fr-FR\",\"potentialAction\":[{\"@type\":\"ReadAction\",\"target\":[\"https:\\\/\\\/www.bellunopress.it\\\/2019\\\/06\\\/03\\\/elia-cecino-lenfant-prodige-della-tastiera-in-concerto-mercoledi-allunisono-di-feltre\\\/\"]}]},{\"@type\":\"ImageObject\",\"inLanguage\":\"fr-FR\",\"@id\":\"https:\\\/\\\/www.bellunopress.it\\\/2019\\\/06\\\/03\\\/elia-cecino-lenfant-prodige-della-tastiera-in-concerto-mercoledi-allunisono-di-feltre\\\/#primaryimage\",\"url\":\"http:\\\/\\\/www.bellunopress.it\\\/wp-content\\\/uploads\\\/2019\\\/06\\\/elia-cecino.jpg\",\"contentUrl\":\"http:\\\/\\\/www.bellunopress.it\\\/wp-content\\\/uploads\\\/2019\\\/06\\\/elia-cecino.jpg\"},{\"@type\":\"BreadcrumbList\",\"@id\":\"https:\\\/\\\/www.bellunopress.it\\\/2019\\\/06\\\/03\\\/elia-cecino-lenfant-prodige-della-tastiera-in-concerto-mercoledi-allunisono-di-feltre\\\/#breadcrumb\",\"itemListElement\":[{\"@type\":\"ListItem\",\"position\":1,\"name\":\"Home\",\"item\":\"https:\\\/\\\/www.bellunopress.it\\\/\"},{\"@type\":\"ListItem\",\"position\":2,\"name\":\"Elia Cecino, l&#8217;enfant prodige della tastiera in concerto mercoled\u00ec all&#8217;Unisono di Feltre\"}]},{\"@type\":\"WebSite\",\"@id\":\"https:\\\/\\\/www.bellunopress.it\\\/#website\",\"url\":\"https:\\\/\\\/www.bellunopress.it\\\/\",\"name\":\"Bellunopress - Dolomiti\",\"description\":\"e-mail: redazione@bellunopress.it\",\"publisher\":{\"@id\":\"https:\\\/\\\/www.bellunopress.it\\\/#organization\"},\"potentialAction\":[{\"@type\":\"SearchAction\",\"target\":{\"@type\":\"EntryPoint\",\"urlTemplate\":\"https:\\\/\\\/www.bellunopress.it\\\/?s={search_term_string}\"},\"query-input\":{\"@type\":\"PropertyValueSpecification\",\"valueRequired\":true,\"valueName\":\"search_term_string\"}}],\"inLanguage\":\"fr-FR\"},{\"@type\":\"Organization\",\"@id\":\"https:\\\/\\\/www.bellunopress.it\\\/#organization\",\"name\":\"Bellunopress\",\"url\":\"https:\\\/\\\/www.bellunopress.it\\\/\",\"logo\":{\"@type\":\"ImageObject\",\"inLanguage\":\"fr-FR\",\"@id\":\"https:\\\/\\\/www.bellunopress.it\\\/#\\\/schema\\\/logo\\\/image\\\/\",\"url\":\"https:\\\/\\\/www.bellunopress.it\\\/wp-content\\\/uploads\\\/2011\\\/05\\\/cropped-logo-bellunopress-.jpg\",\"contentUrl\":\"https:\\\/\\\/www.bellunopress.it\\\/wp-content\\\/uploads\\\/2011\\\/05\\\/cropped-logo-bellunopress-.jpg\",\"width\":512,\"height\":512,\"caption\":\"Bellunopress\"},\"image\":{\"@id\":\"https:\\\/\\\/www.bellunopress.it\\\/#\\\/schema\\\/logo\\\/image\\\/\"},\"sameAs\":[\"https:\\\/\\\/www.facebook.com\\\/profile.php?id=100008943462799\",\"https:\\\/\\\/x.com\\\/bellunopress\",\"https:\\\/\\\/www.linkedin.com\\\/hp\\\/?dnr=JBzUWaJfMUw8vbXJJ2tVW5-I3jZKvC4wsoxE&amp;amp;amp;amp;amp;amp;trk=nav_responsive_tab_home\",\"https:\\\/\\\/www.youtube.com\\\/channel\\\/UCxL0wu1uN0_3_7hGG0306cw\"]},{\"@type\":\"Person\",\"@id\":\"https:\\\/\\\/www.bellunopress.it\\\/#\\\/schema\\\/person\\\/79bb06722b37ece1c03d3e94beb30d73\",\"name\":\"redazione\",\"image\":{\"@type\":\"ImageObject\",\"inLanguage\":\"fr-FR\",\"@id\":\"https:\\\/\\\/secure.gravatar.com\\\/avatar\\\/37d968a2e67a6fd04c169c4bdef102d0bc5d31b2546345219e348575eb80e9a0?s=96&d=mm&r=g\",\"url\":\"https:\\\/\\\/secure.gravatar.com\\\/avatar\\\/37d968a2e67a6fd04c169c4bdef102d0bc5d31b2546345219e348575eb80e9a0?s=96&d=mm&r=g\",\"contentUrl\":\"https:\\\/\\\/secure.gravatar.com\\\/avatar\\\/37d968a2e67a6fd04c169c4bdef102d0bc5d31b2546345219e348575eb80e9a0?s=96&d=mm&r=g\",\"caption\":\"redazione\"},\"sameAs\":[\"http:\\\/\\\/www.bellunopress.it\",\"https:\\\/\\\/x.com\\\/bellunopress\"],\"url\":\"https:\\\/\\\/www.bellunopress.it\\\/fr\\\/author\\\/redazione\\\/\"}]}<\/script>\n<!-- \/ Yoast SEO plugin. -->","yoast_head_json":{"title":"Elia Cecino, l'enfant prodige della tastiera in concerto mercoled\u00ec all'Unisono di Feltre - Bellunopress - Dolomiti","robots":{"index":"index","follow":"follow","max-snippet":"max-snippet:-1","max-image-preview":"max-image-preview:large","max-video-preview":"max-video-preview:-1"},"canonical":"https:\/\/www.bellunopress.it\/fr\/2019\/06\/03\/elia-cecino-lenfant-prodige-della-tastiera-in-concerto-mercoledi-allunisono-di-feltre\/","og_locale":"fr_FR","og_type":"article","og_title":"Elia Cecino, l'enfant prodige della tastiera in concerto mercoled\u00ec all'Unisono di Feltre - Bellunopress - Dolomiti","og_description":"Il Centro di musica Unisono di Feltre apre le porte di Palazzo Guarnieri all&#8217;enfant prodige Elia Cecino. Mercoled\u00ec 5 giugno alle 20.30 concerto ad ingresso gratuito con il giovanissimo talento del piano, appena maggiorenne. Il virtuoso della tastiera si esibir\u00e0 nella Class Hall del palazzo di piazza Maggiore nell&#8217;ambito della settima edizione della Maratona pianistica [&hellip;]","og_url":"https:\/\/www.bellunopress.it\/fr\/2019\/06\/03\/elia-cecino-lenfant-prodige-della-tastiera-in-concerto-mercoledi-allunisono-di-feltre\/","og_site_name":"Bellunopress - Dolomiti","article_publisher":"https:\/\/www.facebook.com\/profile.php?id=100008943462799","article_published_time":"2019-06-03T16:22:37+00:00","og_image":[{"url":"http:\/\/www.bellunopress.it\/wp-content\/uploads\/2019\/06\/elia-cecino.jpg","type":"","width":"","height":""}],"author":"redazione","twitter_card":"summary_large_image","twitter_creator":"@bellunopress","twitter_site":"@bellunopress","twitter_misc":{"\u00c9crit par":"redazione","Dur\u00e9e de lecture estim\u00e9e":"6 minutes"},"schema":{"@context":"https:\/\/schema.org","@graph":[{"@type":"Article","@id":"https:\/\/www.bellunopress.it\/2019\/06\/03\/elia-cecino-lenfant-prodige-della-tastiera-in-concerto-mercoledi-allunisono-di-feltre\/#article","isPartOf":{"@id":"https:\/\/www.bellunopress.it\/2019\/06\/03\/elia-cecino-lenfant-prodige-della-tastiera-in-concerto-mercoledi-allunisono-di-feltre\/"},"author":{"name":"redazione","@id":"https:\/\/www.bellunopress.it\/#\/schema\/person\/79bb06722b37ece1c03d3e94beb30d73"},"headline":"Elia Cecino, l&#8217;enfant prodige della tastiera in concerto mercoled\u00ec all&#8217;Unisono di Feltre","datePublished":"2019-06-03T16:22:37+00:00","mainEntityOfPage":{"@id":"https:\/\/www.bellunopress.it\/2019\/06\/03\/elia-cecino-lenfant-prodige-della-tastiera-in-concerto-mercoledi-allunisono-di-feltre\/"},"wordCount":1200,"publisher":{"@id":"https:\/\/www.bellunopress.it\/#organization"},"image":{"@id":"https:\/\/www.bellunopress.it\/2019\/06\/03\/elia-cecino-lenfant-prodige-della-tastiera-in-concerto-mercoledi-allunisono-di-feltre\/#primaryimage"},"thumbnailUrl":"http:\/\/www.bellunopress.it\/wp-content\/uploads\/2019\/06\/elia-cecino.jpg","articleSection":["Appuntamenti, Eventi","Arte, Cultura, Spettacoli, Scienza","Prima Pagina"],"inLanguage":"fr-FR"},{"@type":"WebPage","@id":"https:\/\/www.bellunopress.it\/2019\/06\/03\/elia-cecino-lenfant-prodige-della-tastiera-in-concerto-mercoledi-allunisono-di-feltre\/","url":"https:\/\/www.bellunopress.it\/2019\/06\/03\/elia-cecino-lenfant-prodige-della-tastiera-in-concerto-mercoledi-allunisono-di-feltre\/","name":"Elia Cecino, l'enfant prodige della tastiera in concerto mercoled\u00ec all'Unisono di Feltre - Bellunopress - Dolomiti","isPartOf":{"@id":"https:\/\/www.bellunopress.it\/#website"},"primaryImageOfPage":{"@id":"https:\/\/www.bellunopress.it\/2019\/06\/03\/elia-cecino-lenfant-prodige-della-tastiera-in-concerto-mercoledi-allunisono-di-feltre\/#primaryimage"},"image":{"@id":"https:\/\/www.bellunopress.it\/2019\/06\/03\/elia-cecino-lenfant-prodige-della-tastiera-in-concerto-mercoledi-allunisono-di-feltre\/#primaryimage"},"thumbnailUrl":"http:\/\/www.bellunopress.it\/wp-content\/uploads\/2019\/06\/elia-cecino.jpg","datePublished":"2019-06-03T16:22:37+00:00","breadcrumb":{"@id":"https:\/\/www.bellunopress.it\/2019\/06\/03\/elia-cecino-lenfant-prodige-della-tastiera-in-concerto-mercoledi-allunisono-di-feltre\/#breadcrumb"},"inLanguage":"fr-FR","potentialAction":[{"@type":"ReadAction","target":["https:\/\/www.bellunopress.it\/2019\/06\/03\/elia-cecino-lenfant-prodige-della-tastiera-in-concerto-mercoledi-allunisono-di-feltre\/"]}]},{"@type":"ImageObject","inLanguage":"fr-FR","@id":"https:\/\/www.bellunopress.it\/2019\/06\/03\/elia-cecino-lenfant-prodige-della-tastiera-in-concerto-mercoledi-allunisono-di-feltre\/#primaryimage","url":"http:\/\/www.bellunopress.it\/wp-content\/uploads\/2019\/06\/elia-cecino.jpg","contentUrl":"http:\/\/www.bellunopress.it\/wp-content\/uploads\/2019\/06\/elia-cecino.jpg"},{"@type":"BreadcrumbList","@id":"https:\/\/www.bellunopress.it\/2019\/06\/03\/elia-cecino-lenfant-prodige-della-tastiera-in-concerto-mercoledi-allunisono-di-feltre\/#breadcrumb","itemListElement":[{"@type":"ListItem","position":1,"name":"Home","item":"https:\/\/www.bellunopress.it\/"},{"@type":"ListItem","position":2,"name":"Elia Cecino, l&#8217;enfant prodige della tastiera in concerto mercoled\u00ec all&#8217;Unisono di Feltre"}]},{"@type":"WebSite","@id":"https:\/\/www.bellunopress.it\/#website","url":"https:\/\/www.bellunopress.it\/","name":"Bellunopress - Dolomiti","description":"e-mail: redazione@bellunopress.it","publisher":{"@id":"https:\/\/www.bellunopress.it\/#organization"},"potentialAction":[{"@type":"SearchAction","target":{"@type":"EntryPoint","urlTemplate":"https:\/\/www.bellunopress.it\/?s={search_term_string}"},"query-input":{"@type":"PropertyValueSpecification","valueRequired":true,"valueName":"search_term_string"}}],"inLanguage":"fr-FR"},{"@type":"Organization","@id":"https:\/\/www.bellunopress.it\/#organization","name":"Bellunopress","url":"https:\/\/www.bellunopress.it\/","logo":{"@type":"ImageObject","inLanguage":"fr-FR","@id":"https:\/\/www.bellunopress.it\/#\/schema\/logo\/image\/","url":"https:\/\/www.bellunopress.it\/wp-content\/uploads\/2011\/05\/cropped-logo-bellunopress-.jpg","contentUrl":"https:\/\/www.bellunopress.it\/wp-content\/uploads\/2011\/05\/cropped-logo-bellunopress-.jpg","width":512,"height":512,"caption":"Bellunopress"},"image":{"@id":"https:\/\/www.bellunopress.it\/#\/schema\/logo\/image\/"},"sameAs":["https:\/\/www.facebook.com\/profile.php?id=100008943462799","https:\/\/x.com\/bellunopress","https:\/\/www.linkedin.com\/hp\/?dnr=JBzUWaJfMUw8vbXJJ2tVW5-I3jZKvC4wsoxE&amp;amp;amp;amp;amp;amp;trk=nav_responsive_tab_home","https:\/\/www.youtube.com\/channel\/UCxL0wu1uN0_3_7hGG0306cw"]},{"@type":"Person","@id":"https:\/\/www.bellunopress.it\/#\/schema\/person\/79bb06722b37ece1c03d3e94beb30d73","name":"r\u00e9daction","image":{"@type":"ImageObject","inLanguage":"fr-FR","@id":"https:\/\/secure.gravatar.com\/avatar\/37d968a2e67a6fd04c169c4bdef102d0bc5d31b2546345219e348575eb80e9a0?s=96&d=mm&r=g","url":"https:\/\/secure.gravatar.com\/avatar\/37d968a2e67a6fd04c169c4bdef102d0bc5d31b2546345219e348575eb80e9a0?s=96&d=mm&r=g","contentUrl":"https:\/\/secure.gravatar.com\/avatar\/37d968a2e67a6fd04c169c4bdef102d0bc5d31b2546345219e348575eb80e9a0?s=96&d=mm&r=g","caption":"redazione"},"sameAs":["http:\/\/www.bellunopress.it","https:\/\/x.com\/bellunopress"],"url":"https:\/\/www.bellunopress.it\/fr\/author\/redazione\/"}]}},"_links":{"self":[{"href":"https:\/\/www.bellunopress.it\/fr\/wp-json\/wp\/v2\/posts\/105183","targetHints":{"allow":["GET"]}}],"collection":[{"href":"https:\/\/www.bellunopress.it\/fr\/wp-json\/wp\/v2\/posts"}],"about":[{"href":"https:\/\/www.bellunopress.it\/fr\/wp-json\/wp\/v2\/types\/post"}],"author":[{"embeddable":true,"href":"https:\/\/www.bellunopress.it\/fr\/wp-json\/wp\/v2\/users\/2"}],"replies":[{"embeddable":true,"href":"https:\/\/www.bellunopress.it\/fr\/wp-json\/wp\/v2\/comments?post=105183"}],"version-history":[{"count":2,"href":"https:\/\/www.bellunopress.it\/fr\/wp-json\/wp\/v2\/posts\/105183\/revisions"}],"predecessor-version":[{"id":105186,"href":"https:\/\/www.bellunopress.it\/fr\/wp-json\/wp\/v2\/posts\/105183\/revisions\/105186"}],"wp:attachment":[{"href":"https:\/\/www.bellunopress.it\/fr\/wp-json\/wp\/v2\/media?parent=105183"}],"wp:term":[{"taxonomy":"category","embeddable":true,"href":"https:\/\/www.bellunopress.it\/fr\/wp-json\/wp\/v2\/categories?post=105183"},{"taxonomy":"post_tag","embeddable":true,"href":"https:\/\/www.bellunopress.it\/fr\/wp-json\/wp\/v2\/tags?post=105183"}],"curies":[{"name":"wp","href":"https:\/\/api.w.org\/{rel}","templated":true}]}}