{"id":105179,"date":"2019-06-03T18:15:50","date_gmt":"2019-06-03T16:15:50","guid":{"rendered":"http:\/\/www.bellunopress.it\/?p=105179"},"modified":"2019-06-04T15:52:09","modified_gmt":"2019-06-04T13:52:09","slug":"rievocazione-storica-della-stella-alpina-gara-di-regolarita-con-partenza-e-arrivo-a-trento","status":"publish","type":"post","link":"https:\/\/www.bellunopress.it\/fr\/2019\/06\/03\/rievocazione-storica-della-stella-alpina-gara-di-regolarita-con-partenza-e-arrivo-a-trento\/","title":{"rendered":"Rievocazione storica della Stella alpina, gara di regolarit\u00e0 con partenza e arrivo a Trento"},"content":{"rendered":"<p><a href=\"http:\/\/www.bellunopress.it\/fr\/2019\/06\/03\/rievocazione-storica-della-stella-alpina-gara-di-regolarita-con-partenza-e-arrivo-a-trento\/stella-alpina-gara-regolarita-trento\/\" rel=\"attachment wp-att-105180\"><img loading=\"lazy\" decoding=\"async\" class=\"alignleft size-full wp-image-105180\" src=\"http:\/\/www.bellunopress.it\/wp-content\/uploads\/2019\/06\/Stella-Alpina-gara-regolarit\u00e0-Trento.jpg\" alt=\"\" width=\"300\" height=\"220\" \/><\/a>Rimangono ancora pochi giorni per iscriversi alla 34esima edizione della Stella Alpina che si svolger\u00e0 nel cuore delle Dolomiti dal 28 al 30 Giugno.<\/p>\n<p>La gara di regolarit\u00e0 \u00e8 aperta alle auto storiche costruite fino al 1971.<br \/>\nIl &#8220;Tributo al Cavallino&#8221; \u00e8 aperto a vetture Ferrari classiche o moderne, costruite dopo il 1971.<br \/>\nLa &#8220;Formula Turistica&#8221; seguir\u00e0 esattamente lo stesso percorso ma senza cronometraggio ed \u00e8 aperta a qualsiasi vettura d&#8217;epoca o sportiva.<\/p>\n<p>Il programma prevede la partenza e l&#8217;arrivo finale a Trento, un percorso che si sviluppa interamente su strade di montagna e due notti nei migliori alberghi di Moena, la fata delle Dolomiti.<br \/>\nUn viaggio che vi porter\u00e0 pi\u00f9 vicini al cielo, guidando su alcuni dei pi\u00f9 entusiasmanti passi alpini.<br \/>\nEmozioni sicure con tante prove a cronometro e da qualche migliaio di curve e tornanti, in una cornice di verdi pascoli e cime dolomitiche.<\/p>\n<p>La Stella Alpina \u00e8 organizzata in partnership da Canossa Events, Scuderia Trentina, e Scuderia Tricolore.<\/p>\n<p><strong>La manifestazione<\/strong><br \/>\nLa \u201crievocazione storica della Stella alpina\u201d, organizzata dalla Scuderia Trentina in collaborazione da quest\u2019anno con Canossa Events, \u00e8 una manifestazione di regolarit\u00e0 classica con prove a strumentazione libera. Non \u00e8, quindi, una gara di velocit\u00e0 e nemmeno una passeggiata turistica, ma \u00e8 un insieme, sapientemente studiato, delle due specialit\u00e0, in cui si fondono paesaggi e bravura tecnica alla guida. La rievocazione storica della Stella alpina \u00e8 una manifestazione in cui sono concentrati tutti gli sforzi della Scuderia Trentina per creare un evento memorabile e di grande pregio, capace di soddisfare le aspettative di chi si sente un pilota di regolarit\u00e0 ma anche di chi vuole godersi paesaggi unici ed indimenticabili.<\/p>\n<p>La rievocazione storica della Stella alpina \u00e8 un evento riconosciuto dall\u2019ACISPORT nel calendario nazionale. \u00c8 una \u201cgara di regolarit\u00e0 classica\u201d con 99 prove di precisione a cronometro, divertenti ed impegnative, disposte quasi esclusivamente su strada aperta al traffico in un contesto unico come le Dolomiti. Prove di precisione cronometrica impegnative al centesimo di secondo ma senza percorsi di abilit\u00e0 e con tempi sempre rispettosi dell\u2019anzianit\u00e0 delle vetture, pur senza sminuirne le caratteristiche per cui erano state costruite, ossia il trasporto su strada o, in molti casi, il divertimento e la competizione sportiva, anche su strada. Percorrendo strade aperte al traffico, per iscriversi \u00e8 necessario che la vettura sia dotata di Fiche ACI-CSAI, Certificato di Identit\u00e0 (omologazione) ASI FIVA e che sia in regola con le norme del Codice della Strada. Sono ammesse alla manifestazione tutte le vetture fino al 1971. In omaggio alla storia della manifestazione originale, verr\u00e0 costituito il TROFEO STELLA ALPINA con una classifica che premia le vetture fino al 1957 (anno in cui furono \u201cfermate\u201d le manifestazioni su strada in conseguenza del grave incidente di De Portago alla Mille Miglia del 1957). In merito alle auto che saranno considerate valide per il Trofeo, vi \u00e8 da notare che sono ammesse tutte le vetture di serie che erano presenti nel 1957 ma sono state costruite anche in anni successivi, se dello stesso modello e tipo.<\/p>\n<p>Il percorso, studiato dall\u2019organizzazione con grande impegno e cura, alla ricerca di strade divertenti e dal maggior impatto scenografico e paesaggistico, comprende scorci culturali di ogni genere, partendo sempre dalla Citt\u00e0 del Concilio, Trento, in una delle piazze di maggiore storia della citt\u00e0; attraverso vallate e paesi ricchi di storia e di cultura, sia del fondovalle che delle vallate alpine, partendo dalla famosa cronoscalata Trento-Bondone, che viene affrontata il primo giorno e prevede una degustazione in quota, attraversando le vallate del trentino occidentale, il venerd\u00ec, con la val di Non, Fondo, il passo Palade, il passo Mendola, la val di Sole per arrivare a Madonna di Campiglio, scendendo verso Pinzolo e Tione e rientrando a Trento. Il giorno successivo, invece, si affronteranno le vallate ed i passi del trentino orientale, sempre partendo da Trento ed attraverso la Valsugana passare da Primolano e Fonzaso per arrivare a Fiera di Primiero. Passo Rolle e Predazzo, e poi Moena, detta la fata delle Dolomiti, Canazei ed il passo Sella sono il clou dei passaggi in quota. Si scende attraverso la Val Gardena fino ad Ortisei, deviando verso Castelrotto e Fi\u00e8 per arrivare a Bolzano con il mitico fine tappa in piazza Walther. Il ritorno a Trento e la cena di gala al MUSE completano la giornata. La domenica ci aspetta il trentino meridionale, con la salita al Moietto, tappa del rally del Trentino, la salita a Serrada ed al passo Coe, dov\u2019\u00e8 la Base Tuono, la discesa verso Arsiero con la deviazione verso Folgaria e la discesa in Vallagarina. Il passaggio attraverso i meleti della Val d\u2019Adige e l\u2019arrivo a Ravina alle Cantine Ferrari per finire in maniera frizzante la manifestazione.<\/p>\n<p>I servizi che la manifestazione prevede servono a far si che l\u2019ospite si debba concentrare solo sulla manifestazione, sulle prove disposte sul tracciato e sul percorso tra le incantevoli montagne del Trentino Alto Adige. Al resto ci pensa l\u2019organizzazione, con l\u2019assistenza tecnica alla partenza ed arrivo delle varie tappe e lungo tutto il percorso, con un carro attrezzi per le emergenze non risolvibili, con un monitoraggio delle prestazioni via internet in tempo quasi reale, con tante altre piccole attenzioni che renderanno il vostro soggiorno rilassante e piacevole.<\/p>","protected":false},"excerpt":{"rendered":"<p>Rimangono ancora pochi giorni per iscriversi alla 34esima edizione della Stella Alpina che si svolger\u00e0 nel cuore delle Dolomiti dal 28 al 30 Giugno. La gara di regolarit\u00e0 \u00e8 aperta alle auto storiche costruite fino al 1971. Il &#8220;Tributo al Cavallino&#8221; \u00e8 aperto a vetture Ferrari classiche o moderne, costruite dopo il 1971. La &#8220;Formula [&hellip;]<\/p>\n","protected":false},"author":2,"featured_media":0,"comment_status":"closed","ping_status":"open","sticky":false,"template":"","format":"standard","meta":{"footnotes":""},"categories":[3394,4],"tags":[],"class_list":["post-105179","post","type-post","status-publish","format-standard","category-cultura-e-spettacoli-fuori-provincia","category-sport"],"yoast_head":"<!-- This site is optimized with the Yoast SEO plugin v28.4 - https:\/\/yoast.com\/product\/yoast-seo-wordpress\/ -->\n<title>Rievocazione storica della Stella alpina, gara di regolarit\u00e0 con partenza e arrivo a Trento - Bellunopress - Dolomiti<\/title>\n<meta name=\"robots\" content=\"index, follow, max-snippet:-1, max-image-preview:large, max-video-preview:-1\" \/>\n<link rel=\"canonical\" href=\"https:\/\/www.bellunopress.it\/fr\/2019\/06\/03\/rievocazione-storica-della-stella-alpina-gara-di-regolarita-con-partenza-e-arrivo-a-trento\/\" \/>\n<meta property=\"og:locale\" content=\"fr_FR\" \/>\n<meta property=\"og:type\" content=\"article\" \/>\n<meta property=\"og:title\" content=\"Rievocazione storica della Stella alpina, gara di regolarit\u00e0 con partenza e arrivo a Trento - Bellunopress - Dolomiti\" \/>\n<meta property=\"og:description\" content=\"Rimangono ancora pochi giorni per iscriversi alla 34esima edizione della Stella Alpina che si svolger\u00e0 nel cuore delle Dolomiti dal 28 al 30 Giugno. La gara di regolarit\u00e0 \u00e8 aperta alle auto storiche costruite fino al 1971. Il &#8220;Tributo al Cavallino&#8221; \u00e8 aperto a vetture Ferrari classiche o moderne, costruite dopo il 1971. La &#8220;Formula [&hellip;]\" \/>\n<meta property=\"og:url\" content=\"https:\/\/www.bellunopress.it\/fr\/2019\/06\/03\/rievocazione-storica-della-stella-alpina-gara-di-regolarita-con-partenza-e-arrivo-a-trento\/\" \/>\n<meta property=\"og:site_name\" content=\"Bellunopress - Dolomiti\" \/>\n<meta property=\"article:publisher\" content=\"https:\/\/www.facebook.com\/profile.php?id=100008943462799\" \/>\n<meta property=\"article:published_time\" content=\"2019-06-03T16:15:50+00:00\" \/>\n<meta property=\"article:modified_time\" content=\"2019-06-04T13:52:09+00:00\" \/>\n<meta property=\"og:image\" content=\"http:\/\/www.bellunopress.it\/wp-content\/uploads\/2019\/06\/Stella-Alpina-gara-regolarit\u00e0-Trento.jpg\" \/>\n<meta name=\"author\" content=\"redazione\" \/>\n<meta name=\"twitter:card\" content=\"summary_large_image\" \/>\n<meta name=\"twitter:creator\" content=\"@bellunopress\" \/>\n<meta name=\"twitter:site\" content=\"@bellunopress\" \/>\n<meta name=\"twitter:label1\" content=\"\u00c9crit par\" \/>\n\t<meta name=\"twitter:data1\" content=\"redazione\" \/>\n\t<meta name=\"twitter:label2\" content=\"Dur\u00e9e de lecture estim\u00e9e\" \/>\n\t<meta name=\"twitter:data2\" content=\"4 minutes\" \/>\n<script type=\"application\/ld+json\" class=\"yoast-schema-graph\">{\"@context\":\"https:\\\/\\\/schema.org\",\"@graph\":[{\"@type\":\"Article\",\"@id\":\"https:\\\/\\\/www.bellunopress.it\\\/2019\\\/06\\\/03\\\/rievocazione-storica-della-stella-alpina-gara-di-regolarita-con-partenza-e-arrivo-a-trento\\\/#article\",\"isPartOf\":{\"@id\":\"https:\\\/\\\/www.bellunopress.it\\\/2019\\\/06\\\/03\\\/rievocazione-storica-della-stella-alpina-gara-di-regolarita-con-partenza-e-arrivo-a-trento\\\/\"},\"author\":{\"name\":\"redazione\",\"@id\":\"https:\\\/\\\/www.bellunopress.it\\\/#\\\/schema\\\/person\\\/79bb06722b37ece1c03d3e94beb30d73\"},\"headline\":\"Rievocazione storica della Stella alpina, gara di regolarit\u00e0 con partenza e arrivo a Trento\",\"datePublished\":\"2019-06-03T16:15:50+00:00\",\"dateModified\":\"2019-06-04T13:52:09+00:00\",\"mainEntityOfPage\":{\"@id\":\"https:\\\/\\\/www.bellunopress.it\\\/2019\\\/06\\\/03\\\/rievocazione-storica-della-stella-alpina-gara-di-regolarita-con-partenza-e-arrivo-a-trento\\\/\"},\"wordCount\":869,\"publisher\":{\"@id\":\"https:\\\/\\\/www.bellunopress.it\\\/#organization\"},\"articleSection\":[\"Cultura e spettacoli, tempo libero, benessere, fuori provincia\",\"Sport, tempo libero\"],\"inLanguage\":\"fr-FR\"},{\"@type\":\"WebPage\",\"@id\":\"https:\\\/\\\/www.bellunopress.it\\\/2019\\\/06\\\/03\\\/rievocazione-storica-della-stella-alpina-gara-di-regolarita-con-partenza-e-arrivo-a-trento\\\/\",\"url\":\"https:\\\/\\\/www.bellunopress.it\\\/2019\\\/06\\\/03\\\/rievocazione-storica-della-stella-alpina-gara-di-regolarita-con-partenza-e-arrivo-a-trento\\\/\",\"name\":\"Rievocazione storica della Stella alpina, gara di regolarit\u00e0 con partenza e arrivo a Trento - Bellunopress - Dolomiti\",\"isPartOf\":{\"@id\":\"https:\\\/\\\/www.bellunopress.it\\\/#website\"},\"datePublished\":\"2019-06-03T16:15:50+00:00\",\"dateModified\":\"2019-06-04T13:52:09+00:00\",\"breadcrumb\":{\"@id\":\"https:\\\/\\\/www.bellunopress.it\\\/2019\\\/06\\\/03\\\/rievocazione-storica-della-stella-alpina-gara-di-regolarita-con-partenza-e-arrivo-a-trento\\\/#breadcrumb\"},\"inLanguage\":\"fr-FR\",\"potentialAction\":[{\"@type\":\"ReadAction\",\"target\":[\"https:\\\/\\\/www.bellunopress.it\\\/2019\\\/06\\\/03\\\/rievocazione-storica-della-stella-alpina-gara-di-regolarita-con-partenza-e-arrivo-a-trento\\\/\"]}]},{\"@type\":\"BreadcrumbList\",\"@id\":\"https:\\\/\\\/www.bellunopress.it\\\/2019\\\/06\\\/03\\\/rievocazione-storica-della-stella-alpina-gara-di-regolarita-con-partenza-e-arrivo-a-trento\\\/#breadcrumb\",\"itemListElement\":[{\"@type\":\"ListItem\",\"position\":1,\"name\":\"Home\",\"item\":\"https:\\\/\\\/www.bellunopress.it\\\/\"},{\"@type\":\"ListItem\",\"position\":2,\"name\":\"Rievocazione storica della Stella alpina, gara di regolarit\u00e0 con partenza e arrivo a Trento\"}]},{\"@type\":\"WebSite\",\"@id\":\"https:\\\/\\\/www.bellunopress.it\\\/#website\",\"url\":\"https:\\\/\\\/www.bellunopress.it\\\/\",\"name\":\"Bellunopress - Dolomiti\",\"description\":\"e-mail: redazione@bellunopress.it\",\"publisher\":{\"@id\":\"https:\\\/\\\/www.bellunopress.it\\\/#organization\"},\"potentialAction\":[{\"@type\":\"SearchAction\",\"target\":{\"@type\":\"EntryPoint\",\"urlTemplate\":\"https:\\\/\\\/www.bellunopress.it\\\/?s={search_term_string}\"},\"query-input\":{\"@type\":\"PropertyValueSpecification\",\"valueRequired\":true,\"valueName\":\"search_term_string\"}}],\"inLanguage\":\"fr-FR\"},{\"@type\":\"Organization\",\"@id\":\"https:\\\/\\\/www.bellunopress.it\\\/#organization\",\"name\":\"Bellunopress\",\"url\":\"https:\\\/\\\/www.bellunopress.it\\\/\",\"logo\":{\"@type\":\"ImageObject\",\"inLanguage\":\"fr-FR\",\"@id\":\"https:\\\/\\\/www.bellunopress.it\\\/#\\\/schema\\\/logo\\\/image\\\/\",\"url\":\"https:\\\/\\\/www.bellunopress.it\\\/wp-content\\\/uploads\\\/2011\\\/05\\\/cropped-logo-bellunopress-.jpg\",\"contentUrl\":\"https:\\\/\\\/www.bellunopress.it\\\/wp-content\\\/uploads\\\/2011\\\/05\\\/cropped-logo-bellunopress-.jpg\",\"width\":512,\"height\":512,\"caption\":\"Bellunopress\"},\"image\":{\"@id\":\"https:\\\/\\\/www.bellunopress.it\\\/#\\\/schema\\\/logo\\\/image\\\/\"},\"sameAs\":[\"https:\\\/\\\/www.facebook.com\\\/profile.php?id=100008943462799\",\"https:\\\/\\\/x.com\\\/bellunopress\",\"https:\\\/\\\/www.linkedin.com\\\/hp\\\/?dnr=JBzUWaJfMUw8vbXJJ2tVW5-I3jZKvC4wsoxE&amp;amp;amp;amp;amp;amp;trk=nav_responsive_tab_home\",\"https:\\\/\\\/www.youtube.com\\\/channel\\\/UCxL0wu1uN0_3_7hGG0306cw\"]},{\"@type\":\"Person\",\"@id\":\"https:\\\/\\\/www.bellunopress.it\\\/#\\\/schema\\\/person\\\/79bb06722b37ece1c03d3e94beb30d73\",\"name\":\"redazione\",\"image\":{\"@type\":\"ImageObject\",\"inLanguage\":\"fr-FR\",\"@id\":\"https:\\\/\\\/secure.gravatar.com\\\/avatar\\\/37d968a2e67a6fd04c169c4bdef102d0bc5d31b2546345219e348575eb80e9a0?s=96&d=mm&r=g\",\"url\":\"https:\\\/\\\/secure.gravatar.com\\\/avatar\\\/37d968a2e67a6fd04c169c4bdef102d0bc5d31b2546345219e348575eb80e9a0?s=96&d=mm&r=g\",\"contentUrl\":\"https:\\\/\\\/secure.gravatar.com\\\/avatar\\\/37d968a2e67a6fd04c169c4bdef102d0bc5d31b2546345219e348575eb80e9a0?s=96&d=mm&r=g\",\"caption\":\"redazione\"},\"sameAs\":[\"http:\\\/\\\/www.bellunopress.it\",\"https:\\\/\\\/x.com\\\/bellunopress\"],\"url\":\"https:\\\/\\\/www.bellunopress.it\\\/fr\\\/author\\\/redazione\\\/\"}]}<\/script>\n<!-- \/ Yoast SEO plugin. -->","yoast_head_json":{"title":"Rievocazione storica della Stella alpina, gara di regolarit\u00e0 con partenza e arrivo a Trento - Bellunopress - Dolomiti","robots":{"index":"index","follow":"follow","max-snippet":"max-snippet:-1","max-image-preview":"max-image-preview:large","max-video-preview":"max-video-preview:-1"},"canonical":"https:\/\/www.bellunopress.it\/fr\/2019\/06\/03\/rievocazione-storica-della-stella-alpina-gara-di-regolarita-con-partenza-e-arrivo-a-trento\/","og_locale":"fr_FR","og_type":"article","og_title":"Rievocazione storica della Stella alpina, gara di regolarit\u00e0 con partenza e arrivo a Trento - Bellunopress - Dolomiti","og_description":"Rimangono ancora pochi giorni per iscriversi alla 34esima edizione della Stella Alpina che si svolger\u00e0 nel cuore delle Dolomiti dal 28 al 30 Giugno. La gara di regolarit\u00e0 \u00e8 aperta alle auto storiche costruite fino al 1971. Il &#8220;Tributo al Cavallino&#8221; \u00e8 aperto a vetture Ferrari classiche o moderne, costruite dopo il 1971. La &#8220;Formula [&hellip;]","og_url":"https:\/\/www.bellunopress.it\/fr\/2019\/06\/03\/rievocazione-storica-della-stella-alpina-gara-di-regolarita-con-partenza-e-arrivo-a-trento\/","og_site_name":"Bellunopress - Dolomiti","article_publisher":"https:\/\/www.facebook.com\/profile.php?id=100008943462799","article_published_time":"2019-06-03T16:15:50+00:00","article_modified_time":"2019-06-04T13:52:09+00:00","og_image":[{"url":"http:\/\/www.bellunopress.it\/wp-content\/uploads\/2019\/06\/Stella-Alpina-gara-regolarit\u00e0-Trento.jpg","type":"","width":"","height":""}],"author":"redazione","twitter_card":"summary_large_image","twitter_creator":"@bellunopress","twitter_site":"@bellunopress","twitter_misc":{"\u00c9crit par":"redazione","Dur\u00e9e de lecture estim\u00e9e":"4 minutes"},"schema":{"@context":"https:\/\/schema.org","@graph":[{"@type":"Article","@id":"https:\/\/www.bellunopress.it\/2019\/06\/03\/rievocazione-storica-della-stella-alpina-gara-di-regolarita-con-partenza-e-arrivo-a-trento\/#article","isPartOf":{"@id":"https:\/\/www.bellunopress.it\/2019\/06\/03\/rievocazione-storica-della-stella-alpina-gara-di-regolarita-con-partenza-e-arrivo-a-trento\/"},"author":{"name":"redazione","@id":"https:\/\/www.bellunopress.it\/#\/schema\/person\/79bb06722b37ece1c03d3e94beb30d73"},"headline":"Rievocazione storica della Stella alpina, gara di regolarit\u00e0 con partenza e arrivo a Trento","datePublished":"2019-06-03T16:15:50+00:00","dateModified":"2019-06-04T13:52:09+00:00","mainEntityOfPage":{"@id":"https:\/\/www.bellunopress.it\/2019\/06\/03\/rievocazione-storica-della-stella-alpina-gara-di-regolarita-con-partenza-e-arrivo-a-trento\/"},"wordCount":869,"publisher":{"@id":"https:\/\/www.bellunopress.it\/#organization"},"articleSection":["Cultura e spettacoli, tempo libero, benessere, fuori provincia","Sport, tempo libero"],"inLanguage":"fr-FR"},{"@type":"WebPage","@id":"https:\/\/www.bellunopress.it\/2019\/06\/03\/rievocazione-storica-della-stella-alpina-gara-di-regolarita-con-partenza-e-arrivo-a-trento\/","url":"https:\/\/www.bellunopress.it\/2019\/06\/03\/rievocazione-storica-della-stella-alpina-gara-di-regolarita-con-partenza-e-arrivo-a-trento\/","name":"Rievocazione storica della Stella alpina, gara di regolarit\u00e0 con partenza e arrivo a Trento - Bellunopress - Dolomiti","isPartOf":{"@id":"https:\/\/www.bellunopress.it\/#website"},"datePublished":"2019-06-03T16:15:50+00:00","dateModified":"2019-06-04T13:52:09+00:00","breadcrumb":{"@id":"https:\/\/www.bellunopress.it\/2019\/06\/03\/rievocazione-storica-della-stella-alpina-gara-di-regolarita-con-partenza-e-arrivo-a-trento\/#breadcrumb"},"inLanguage":"fr-FR","potentialAction":[{"@type":"ReadAction","target":["https:\/\/www.bellunopress.it\/2019\/06\/03\/rievocazione-storica-della-stella-alpina-gara-di-regolarita-con-partenza-e-arrivo-a-trento\/"]}]},{"@type":"BreadcrumbList","@id":"https:\/\/www.bellunopress.it\/2019\/06\/03\/rievocazione-storica-della-stella-alpina-gara-di-regolarita-con-partenza-e-arrivo-a-trento\/#breadcrumb","itemListElement":[{"@type":"ListItem","position":1,"name":"Home","item":"https:\/\/www.bellunopress.it\/"},{"@type":"ListItem","position":2,"name":"Rievocazione storica della Stella alpina, gara di regolarit\u00e0 con partenza e arrivo a Trento"}]},{"@type":"WebSite","@id":"https:\/\/www.bellunopress.it\/#website","url":"https:\/\/www.bellunopress.it\/","name":"Bellunopress - Dolomiti","description":"e-mail: redazione@bellunopress.it","publisher":{"@id":"https:\/\/www.bellunopress.it\/#organization"},"potentialAction":[{"@type":"SearchAction","target":{"@type":"EntryPoint","urlTemplate":"https:\/\/www.bellunopress.it\/?s={search_term_string}"},"query-input":{"@type":"PropertyValueSpecification","valueRequired":true,"valueName":"search_term_string"}}],"inLanguage":"fr-FR"},{"@type":"Organization","@id":"https:\/\/www.bellunopress.it\/#organization","name":"Bellunopress","url":"https:\/\/www.bellunopress.it\/","logo":{"@type":"ImageObject","inLanguage":"fr-FR","@id":"https:\/\/www.bellunopress.it\/#\/schema\/logo\/image\/","url":"https:\/\/www.bellunopress.it\/wp-content\/uploads\/2011\/05\/cropped-logo-bellunopress-.jpg","contentUrl":"https:\/\/www.bellunopress.it\/wp-content\/uploads\/2011\/05\/cropped-logo-bellunopress-.jpg","width":512,"height":512,"caption":"Bellunopress"},"image":{"@id":"https:\/\/www.bellunopress.it\/#\/schema\/logo\/image\/"},"sameAs":["https:\/\/www.facebook.com\/profile.php?id=100008943462799","https:\/\/x.com\/bellunopress","https:\/\/www.linkedin.com\/hp\/?dnr=JBzUWaJfMUw8vbXJJ2tVW5-I3jZKvC4wsoxE&amp;amp;amp;amp;amp;amp;trk=nav_responsive_tab_home","https:\/\/www.youtube.com\/channel\/UCxL0wu1uN0_3_7hGG0306cw"]},{"@type":"Person","@id":"https:\/\/www.bellunopress.it\/#\/schema\/person\/79bb06722b37ece1c03d3e94beb30d73","name":"r\u00e9daction","image":{"@type":"ImageObject","inLanguage":"fr-FR","@id":"https:\/\/secure.gravatar.com\/avatar\/37d968a2e67a6fd04c169c4bdef102d0bc5d31b2546345219e348575eb80e9a0?s=96&d=mm&r=g","url":"https:\/\/secure.gravatar.com\/avatar\/37d968a2e67a6fd04c169c4bdef102d0bc5d31b2546345219e348575eb80e9a0?s=96&d=mm&r=g","contentUrl":"https:\/\/secure.gravatar.com\/avatar\/37d968a2e67a6fd04c169c4bdef102d0bc5d31b2546345219e348575eb80e9a0?s=96&d=mm&r=g","caption":"redazione"},"sameAs":["http:\/\/www.bellunopress.it","https:\/\/x.com\/bellunopress"],"url":"https:\/\/www.bellunopress.it\/fr\/author\/redazione\/"}]}},"_links":{"self":[{"href":"https:\/\/www.bellunopress.it\/fr\/wp-json\/wp\/v2\/posts\/105179","targetHints":{"allow":["GET"]}}],"collection":[{"href":"https:\/\/www.bellunopress.it\/fr\/wp-json\/wp\/v2\/posts"}],"about":[{"href":"https:\/\/www.bellunopress.it\/fr\/wp-json\/wp\/v2\/types\/post"}],"author":[{"embeddable":true,"href":"https:\/\/www.bellunopress.it\/fr\/wp-json\/wp\/v2\/users\/2"}],"replies":[{"embeddable":true,"href":"https:\/\/www.bellunopress.it\/fr\/wp-json\/wp\/v2\/comments?post=105179"}],"version-history":[{"count":2,"href":"https:\/\/www.bellunopress.it\/fr\/wp-json\/wp\/v2\/posts\/105179\/revisions"}],"predecessor-version":[{"id":105182,"href":"https:\/\/www.bellunopress.it\/fr\/wp-json\/wp\/v2\/posts\/105179\/revisions\/105182"}],"wp:attachment":[{"href":"https:\/\/www.bellunopress.it\/fr\/wp-json\/wp\/v2\/media?parent=105179"}],"wp:term":[{"taxonomy":"category","embeddable":true,"href":"https:\/\/www.bellunopress.it\/fr\/wp-json\/wp\/v2\/categories?post=105179"},{"taxonomy":"post_tag","embeddable":true,"href":"https:\/\/www.bellunopress.it\/fr\/wp-json\/wp\/v2\/tags?post=105179"}],"curies":[{"name":"wp","href":"https:\/\/api.w.org\/{rel}","templated":true}]}}