{"id":10516,"date":"2009-12-10T15:46:32","date_gmt":"2009-12-10T14:46:32","guid":{"rendered":"http:\/\/www.bellunopress.it\/?p=10516"},"modified":"2009-12-10T15:50:31","modified_gmt":"2009-12-10T14:50:31","slug":"il-cai-riforma-convegno-ad-auronzo-sullunesco-ed-emocion-il-nuovo-calendario-2010","status":"publish","type":"post","link":"https:\/\/www.bellunopress.it\/fr\/2009\/12\/10\/il-cai-riforma-convegno-ad-auronzo-sullunesco-ed-emocion-il-nuovo-calendario-2010\/","title":{"rendered":"Il Cai riforma: importanti novit\u00e0 tesseramento, convegno ad Auronzo sull&#8217;Unesco ed &#8220;Emoci\u00f2n&#8221;, il nuovo calendario 2010"},"content":{"rendered":"<p>In virt\u00f9 dell\u2019accordo stipulato dalla Sezione Agordina del C.A.I. con Dolomiti Turismo, si informano tutti i Soci e tutti gli interessati che, diversamente dal passato, il rinnovo, le nuove iscrizioni ed anche le eventuali coperture assicurative di Dolomiti Emergency si effettueranno unicamente presso l\u2019Ufficio Turistico di Agordo. Il nuovo tesseramento si aprir\u00e0 a partire dal 20 dicembre 2009.<\/p>\n<p>Ufficio IAT<br \/>\nVia 27 Aprile n.5\/A<br \/>\n32021 AGORDO (BL)<\/p>\n<p>Tel. 0437-62105\u00a0 Fax 0437-65205\u00a0 e-mail: agordo@infodolomiti.it<\/p>\n<p>QUOTE TESSERAMENTO ANNO 2010<\/p>\n<p>SOCIO<br \/>\nRINNOVO<br \/>\nNUOVO<br \/>\nORDINARIO<br \/>\nEuro 40,00<br \/>\nEuro 46,00<br \/>\nFAMILIARE<br \/>\nEuro 20,00<br \/>\nEuro 27,00<br \/>\nGIOVANE<br \/>\nEuro 14,00<\/p>\n<p>Euro 17,00 . Il tesseramento \u00e8 valido per un anno dal 01-01-2010 al 31-12-2010<br \/>\n<strong>Si terr\u00e0 sabato 19 dicembre 2009 &#8211; con inizio alle ore 09.00 &#8211; presso la Sala Cinema Teatro Kursaal di Auronzo di Cadore, il Convegno: \u201cDolomiti patrimonio dell\u2019umanit\u00e0: quale occasione per il futuro? <\/strong>All\u2019apertura, con la proiezione del filmato realizzato in occasione della candidatura delle Dolomiti, seguiranno i saluti delle Autorit\u00e0 e successivamente la testimonianza fornita dai rappresentanti di altre due realt\u00e0 gi\u00e0 tutelate dall\u2019Unesco: le Isole Eolie e le Jungfrau-Aletsh nelle Alpi Svizzere. Alla presenza di Annibale Salsa (Presidente Generale CAI) e Georg Simeoni (Presidente Alpenverein Sudtirol) unitamente ai delegati di altre numerose associazioni del territorio, il dibattito sulle prospettive e sulle opportunit\u00e0 fornite dall\u2019importante riconoscimento.<br \/>\n<a href=\"http:\/\/www.bellunopress.it\/wp-content\/uploads\/2009\/12\/calendario-emocion-2010-leggera.jpg\"><img loading=\"lazy\" decoding=\"async\" class=\"alignleft size-medium wp-image-10517\" title=\"calendario-emocion-2010-leggera\" src=\"http:\/\/www.bellunopress.it\/wp-content\/uploads\/2009\/12\/calendario-emocion-2010-leggera.jpg\" alt=\"\" width=\"200\" height=\"283\" \/><\/a><strong>Emoci\u00f2n: l\u2019emozione narrata nei piccoli e silenziosi respiri della natura<\/strong>. Le orme nella neve, l\u2019armonia del cigno, il colorato tramonto tra i fili d\u2019erba, un battito d\u2019ali tra le nebbie d\u2019autunno\u2026 Dodici \u201cdelicate\u201d immagini ed ampio spazio riservato alla possibilit\u00e0 di memo ed impegni. Il nuovo calendario Emoci\u00f2n 2010, realizzato da Roberto Sorama\u00e8 e Michele Filaferro, soci della nostra Sezione.<br \/>\nDisponibile nelle principali edicole e librerie al prezzo di 10 Euro. Buon 2010!<\/p>","protected":false},"excerpt":{"rendered":"<p>In virt\u00f9 dell\u2019accordo stipulato dalla Sezione Agordina del C.A.I. con Dolomiti Turismo, si informano tutti i Soci e tutti gli interessati che, diversamente dal passato, il rinnovo, le nuove iscrizioni ed anche le eventuali coperture assicurative di Dolomiti Emergency si effettueranno unicamente presso l\u2019Ufficio Turistico di Agordo. Il nuovo tesseramento si aprir\u00e0 a partire dal [&hellip;]<\/p>\n","protected":false},"author":2,"featured_media":0,"comment_status":"closed","ping_status":"open","sticky":false,"template":"","format":"standard","meta":{"footnotes":""},"categories":[27,38,25],"tags":[139,151,63],"class_list":["post-10516","post","type-post","status-publish","format-standard","category-appuntamenti","category-natura-ambiente","category-pausa-caffe","tag-belluno","tag-cadore","tag-dolomiti"],"yoast_head":"<!-- This site is optimized with the Yoast SEO plugin v28.4 - https:\/\/yoast.com\/product\/yoast-seo-wordpress\/ -->\n<title>Il Cai riforma: importanti novit\u00e0 tesseramento, convegno ad Auronzo sull&#039;Unesco ed &quot;Emoci\u00f2n&quot;, il nuovo calendario 2010 - Bellunopress - Dolomiti<\/title>\n<meta name=\"robots\" content=\"index, follow, max-snippet:-1, max-image-preview:large, max-video-preview:-1\" \/>\n<link rel=\"canonical\" href=\"https:\/\/www.bellunopress.it\/fr\/2009\/12\/10\/il-cai-riforma-convegno-ad-auronzo-sullunesco-ed-emocion-il-nuovo-calendario-2010\/\" \/>\n<meta property=\"og:locale\" content=\"fr_FR\" \/>\n<meta property=\"og:type\" content=\"article\" \/>\n<meta property=\"og:title\" content=\"Il Cai riforma: importanti novit\u00e0 tesseramento, convegno ad Auronzo sull&#039;Unesco ed &quot;Emoci\u00f2n&quot;, il nuovo calendario 2010 - Bellunopress - Dolomiti\" \/>\n<meta property=\"og:description\" content=\"In virt\u00f9 dell\u2019accordo stipulato dalla Sezione Agordina del C.A.I. con Dolomiti Turismo, si informano tutti i Soci e tutti gli interessati che, diversamente dal passato, il rinnovo, le nuove iscrizioni ed anche le eventuali coperture assicurative di Dolomiti Emergency si effettueranno unicamente presso l\u2019Ufficio Turistico di Agordo. Il nuovo tesseramento si aprir\u00e0 a partire dal [&hellip;]\" \/>\n<meta property=\"og:url\" content=\"https:\/\/www.bellunopress.it\/fr\/2009\/12\/10\/il-cai-riforma-convegno-ad-auronzo-sullunesco-ed-emocion-il-nuovo-calendario-2010\/\" \/>\n<meta property=\"og:site_name\" content=\"Bellunopress - Dolomiti\" \/>\n<meta property=\"article:publisher\" content=\"https:\/\/www.facebook.com\/profile.php?id=100008943462799\" \/>\n<meta property=\"article:published_time\" content=\"2009-12-10T14:46:32+00:00\" \/>\n<meta property=\"article:modified_time\" content=\"2009-12-10T14:50:31+00:00\" \/>\n<meta property=\"og:image\" content=\"http:\/\/www.bellunopress.it\/wp-content\/uploads\/2009\/12\/calendario-emocion-2010-leggera.jpg\" \/>\n<meta name=\"author\" content=\"redazione\" \/>\n<meta name=\"twitter:card\" content=\"summary_large_image\" \/>\n<meta name=\"twitter:creator\" content=\"@bellunopress\" \/>\n<meta name=\"twitter:site\" content=\"@bellunopress\" \/>\n<meta name=\"twitter:label1\" content=\"\u00c9crit par\" \/>\n\t<meta name=\"twitter:data1\" content=\"redazione\" \/>\n\t<meta name=\"twitter:label2\" content=\"Dur\u00e9e de lecture estim\u00e9e\" \/>\n\t<meta name=\"twitter:data2\" content=\"1 minute\" \/>\n<script type=\"application\/ld+json\" class=\"yoast-schema-graph\">{\"@context\":\"https:\\\/\\\/schema.org\",\"@graph\":[{\"@type\":\"Article\",\"@id\":\"https:\\\/\\\/www.bellunopress.it\\\/2009\\\/12\\\/10\\\/il-cai-riforma-convegno-ad-auronzo-sullunesco-ed-emocion-il-nuovo-calendario-2010\\\/#article\",\"isPartOf\":{\"@id\":\"https:\\\/\\\/www.bellunopress.it\\\/2009\\\/12\\\/10\\\/il-cai-riforma-convegno-ad-auronzo-sullunesco-ed-emocion-il-nuovo-calendario-2010\\\/\"},\"author\":{\"name\":\"redazione\",\"@id\":\"https:\\\/\\\/www.bellunopress.it\\\/#\\\/schema\\\/person\\\/79bb06722b37ece1c03d3e94beb30d73\"},\"headline\":\"Il Cai riforma: importanti novit\u00e0 tesseramento, convegno ad Auronzo sull&#8217;Unesco ed &#8220;Emoci\u00f2n&#8221;, il nuovo calendario 2010\",\"datePublished\":\"2009-12-10T14:46:32+00:00\",\"dateModified\":\"2009-12-10T14:50:31+00:00\",\"mainEntityOfPage\":{\"@id\":\"https:\\\/\\\/www.bellunopress.it\\\/2009\\\/12\\\/10\\\/il-cai-riforma-convegno-ad-auronzo-sullunesco-ed-emocion-il-nuovo-calendario-2010\\\/\"},\"wordCount\":305,\"publisher\":{\"@id\":\"https:\\\/\\\/www.bellunopress.it\\\/#organization\"},\"image\":{\"@id\":\"https:\\\/\\\/www.bellunopress.it\\\/2009\\\/12\\\/10\\\/il-cai-riforma-convegno-ad-auronzo-sullunesco-ed-emocion-il-nuovo-calendario-2010\\\/#primaryimage\"},\"thumbnailUrl\":\"http:\\\/\\\/www.bellunopress.it\\\/wp-content\\\/uploads\\\/2009\\\/12\\\/calendario-emocion-2010-leggera.jpg\",\"keywords\":[\"Belluno\",\"Cadore\",\"Dolomiti\"],\"articleSection\":[\"Appuntamenti, Eventi\",\"Meteo, natura, ambiente, animali\",\"Pausa Caff\u00e8\"],\"inLanguage\":\"fr-FR\"},{\"@type\":\"WebPage\",\"@id\":\"https:\\\/\\\/www.bellunopress.it\\\/2009\\\/12\\\/10\\\/il-cai-riforma-convegno-ad-auronzo-sullunesco-ed-emocion-il-nuovo-calendario-2010\\\/\",\"url\":\"https:\\\/\\\/www.bellunopress.it\\\/2009\\\/12\\\/10\\\/il-cai-riforma-convegno-ad-auronzo-sullunesco-ed-emocion-il-nuovo-calendario-2010\\\/\",\"name\":\"Il Cai riforma: importanti novit\u00e0 tesseramento, convegno ad Auronzo sull'Unesco ed \\\"Emoci\u00f2n\\\", il nuovo calendario 2010 - Bellunopress - Dolomiti\",\"isPartOf\":{\"@id\":\"https:\\\/\\\/www.bellunopress.it\\\/#website\"},\"primaryImageOfPage\":{\"@id\":\"https:\\\/\\\/www.bellunopress.it\\\/2009\\\/12\\\/10\\\/il-cai-riforma-convegno-ad-auronzo-sullunesco-ed-emocion-il-nuovo-calendario-2010\\\/#primaryimage\"},\"image\":{\"@id\":\"https:\\\/\\\/www.bellunopress.it\\\/2009\\\/12\\\/10\\\/il-cai-riforma-convegno-ad-auronzo-sullunesco-ed-emocion-il-nuovo-calendario-2010\\\/#primaryimage\"},\"thumbnailUrl\":\"http:\\\/\\\/www.bellunopress.it\\\/wp-content\\\/uploads\\\/2009\\\/12\\\/calendario-emocion-2010-leggera.jpg\",\"datePublished\":\"2009-12-10T14:46:32+00:00\",\"dateModified\":\"2009-12-10T14:50:31+00:00\",\"breadcrumb\":{\"@id\":\"https:\\\/\\\/www.bellunopress.it\\\/2009\\\/12\\\/10\\\/il-cai-riforma-convegno-ad-auronzo-sullunesco-ed-emocion-il-nuovo-calendario-2010\\\/#breadcrumb\"},\"inLanguage\":\"fr-FR\",\"potentialAction\":[{\"@type\":\"ReadAction\",\"target\":[\"https:\\\/\\\/www.bellunopress.it\\\/2009\\\/12\\\/10\\\/il-cai-riforma-convegno-ad-auronzo-sullunesco-ed-emocion-il-nuovo-calendario-2010\\\/\"]}]},{\"@type\":\"ImageObject\",\"inLanguage\":\"fr-FR\",\"@id\":\"https:\\\/\\\/www.bellunopress.it\\\/2009\\\/12\\\/10\\\/il-cai-riforma-convegno-ad-auronzo-sullunesco-ed-emocion-il-nuovo-calendario-2010\\\/#primaryimage\",\"url\":\"http:\\\/\\\/www.bellunopress.it\\\/wp-content\\\/uploads\\\/2009\\\/12\\\/calendario-emocion-2010-leggera.jpg\",\"contentUrl\":\"http:\\\/\\\/www.bellunopress.it\\\/wp-content\\\/uploads\\\/2009\\\/12\\\/calendario-emocion-2010-leggera.jpg\"},{\"@type\":\"BreadcrumbList\",\"@id\":\"https:\\\/\\\/www.bellunopress.it\\\/2009\\\/12\\\/10\\\/il-cai-riforma-convegno-ad-auronzo-sullunesco-ed-emocion-il-nuovo-calendario-2010\\\/#breadcrumb\",\"itemListElement\":[{\"@type\":\"ListItem\",\"position\":1,\"name\":\"Home\",\"item\":\"https:\\\/\\\/www.bellunopress.it\\\/\"},{\"@type\":\"ListItem\",\"position\":2,\"name\":\"Il Cai riforma: importanti novit\u00e0 tesseramento, convegno ad Auronzo sull&#8217;Unesco ed &#8220;Emoci\u00f2n&#8221;, il nuovo calendario 2010\"}]},{\"@type\":\"WebSite\",\"@id\":\"https:\\\/\\\/www.bellunopress.it\\\/#website\",\"url\":\"https:\\\/\\\/www.bellunopress.it\\\/\",\"name\":\"Bellunopress - Dolomiti\",\"description\":\"e-mail: redazione@bellunopress.it\",\"publisher\":{\"@id\":\"https:\\\/\\\/www.bellunopress.it\\\/#organization\"},\"potentialAction\":[{\"@type\":\"SearchAction\",\"target\":{\"@type\":\"EntryPoint\",\"urlTemplate\":\"https:\\\/\\\/www.bellunopress.it\\\/?s={search_term_string}\"},\"query-input\":{\"@type\":\"PropertyValueSpecification\",\"valueRequired\":true,\"valueName\":\"search_term_string\"}}],\"inLanguage\":\"fr-FR\"},{\"@type\":\"Organization\",\"@id\":\"https:\\\/\\\/www.bellunopress.it\\\/#organization\",\"name\":\"Bellunopress\",\"url\":\"https:\\\/\\\/www.bellunopress.it\\\/\",\"logo\":{\"@type\":\"ImageObject\",\"inLanguage\":\"fr-FR\",\"@id\":\"https:\\\/\\\/www.bellunopress.it\\\/#\\\/schema\\\/logo\\\/image\\\/\",\"url\":\"https:\\\/\\\/www.bellunopress.it\\\/wp-content\\\/uploads\\\/2011\\\/05\\\/cropped-logo-bellunopress-.jpg\",\"contentUrl\":\"https:\\\/\\\/www.bellunopress.it\\\/wp-content\\\/uploads\\\/2011\\\/05\\\/cropped-logo-bellunopress-.jpg\",\"width\":512,\"height\":512,\"caption\":\"Bellunopress\"},\"image\":{\"@id\":\"https:\\\/\\\/www.bellunopress.it\\\/#\\\/schema\\\/logo\\\/image\\\/\"},\"sameAs\":[\"https:\\\/\\\/www.facebook.com\\\/profile.php?id=100008943462799\",\"https:\\\/\\\/x.com\\\/bellunopress\",\"https:\\\/\\\/www.linkedin.com\\\/hp\\\/?dnr=JBzUWaJfMUw8vbXJJ2tVW5-I3jZKvC4wsoxE&amp;amp;amp;amp;amp;amp;trk=nav_responsive_tab_home\",\"https:\\\/\\\/www.youtube.com\\\/channel\\\/UCxL0wu1uN0_3_7hGG0306cw\"]},{\"@type\":\"Person\",\"@id\":\"https:\\\/\\\/www.bellunopress.it\\\/#\\\/schema\\\/person\\\/79bb06722b37ece1c03d3e94beb30d73\",\"name\":\"redazione\",\"image\":{\"@type\":\"ImageObject\",\"inLanguage\":\"fr-FR\",\"@id\":\"https:\\\/\\\/secure.gravatar.com\\\/avatar\\\/37d968a2e67a6fd04c169c4bdef102d0bc5d31b2546345219e348575eb80e9a0?s=96&d=mm&r=g\",\"url\":\"https:\\\/\\\/secure.gravatar.com\\\/avatar\\\/37d968a2e67a6fd04c169c4bdef102d0bc5d31b2546345219e348575eb80e9a0?s=96&d=mm&r=g\",\"contentUrl\":\"https:\\\/\\\/secure.gravatar.com\\\/avatar\\\/37d968a2e67a6fd04c169c4bdef102d0bc5d31b2546345219e348575eb80e9a0?s=96&d=mm&r=g\",\"caption\":\"redazione\"},\"sameAs\":[\"http:\\\/\\\/www.bellunopress.it\",\"https:\\\/\\\/x.com\\\/bellunopress\"],\"url\":\"https:\\\/\\\/www.bellunopress.it\\\/fr\\\/author\\\/redazione\\\/\"}]}<\/script>\n<!-- \/ Yoast SEO plugin. -->","yoast_head_json":{"title":"Il Cai riforma: importanti novit\u00e0 tesseramento, convegno ad Auronzo sull'Unesco ed \"Emoci\u00f2n\", il nuovo calendario 2010 - Bellunopress - Dolomiti","robots":{"index":"index","follow":"follow","max-snippet":"max-snippet:-1","max-image-preview":"max-image-preview:large","max-video-preview":"max-video-preview:-1"},"canonical":"https:\/\/www.bellunopress.it\/fr\/2009\/12\/10\/il-cai-riforma-convegno-ad-auronzo-sullunesco-ed-emocion-il-nuovo-calendario-2010\/","og_locale":"fr_FR","og_type":"article","og_title":"Il Cai riforma: importanti novit\u00e0 tesseramento, convegno ad Auronzo sull'Unesco ed \"Emoci\u00f2n\", il nuovo calendario 2010 - Bellunopress - Dolomiti","og_description":"In virt\u00f9 dell\u2019accordo stipulato dalla Sezione Agordina del C.A.I. con Dolomiti Turismo, si informano tutti i Soci e tutti gli interessati che, diversamente dal passato, il rinnovo, le nuove iscrizioni ed anche le eventuali coperture assicurative di Dolomiti Emergency si effettueranno unicamente presso l\u2019Ufficio Turistico di Agordo. Il nuovo tesseramento si aprir\u00e0 a partire dal [&hellip;]","og_url":"https:\/\/www.bellunopress.it\/fr\/2009\/12\/10\/il-cai-riforma-convegno-ad-auronzo-sullunesco-ed-emocion-il-nuovo-calendario-2010\/","og_site_name":"Bellunopress - Dolomiti","article_publisher":"https:\/\/www.facebook.com\/profile.php?id=100008943462799","article_published_time":"2009-12-10T14:46:32+00:00","article_modified_time":"2009-12-10T14:50:31+00:00","og_image":[{"url":"http:\/\/www.bellunopress.it\/wp-content\/uploads\/2009\/12\/calendario-emocion-2010-leggera.jpg","type":"","width":"","height":""}],"author":"redazione","twitter_card":"summary_large_image","twitter_creator":"@bellunopress","twitter_site":"@bellunopress","twitter_misc":{"\u00c9crit par":"redazione","Dur\u00e9e de lecture estim\u00e9e":"1 minute"},"schema":{"@context":"https:\/\/schema.org","@graph":[{"@type":"Article","@id":"https:\/\/www.bellunopress.it\/2009\/12\/10\/il-cai-riforma-convegno-ad-auronzo-sullunesco-ed-emocion-il-nuovo-calendario-2010\/#article","isPartOf":{"@id":"https:\/\/www.bellunopress.it\/2009\/12\/10\/il-cai-riforma-convegno-ad-auronzo-sullunesco-ed-emocion-il-nuovo-calendario-2010\/"},"author":{"name":"redazione","@id":"https:\/\/www.bellunopress.it\/#\/schema\/person\/79bb06722b37ece1c03d3e94beb30d73"},"headline":"Il Cai riforma: importanti novit\u00e0 tesseramento, convegno ad Auronzo sull&#8217;Unesco ed &#8220;Emoci\u00f2n&#8221;, il nuovo calendario 2010","datePublished":"2009-12-10T14:46:32+00:00","dateModified":"2009-12-10T14:50:31+00:00","mainEntityOfPage":{"@id":"https:\/\/www.bellunopress.it\/2009\/12\/10\/il-cai-riforma-convegno-ad-auronzo-sullunesco-ed-emocion-il-nuovo-calendario-2010\/"},"wordCount":305,"publisher":{"@id":"https:\/\/www.bellunopress.it\/#organization"},"image":{"@id":"https:\/\/www.bellunopress.it\/2009\/12\/10\/il-cai-riforma-convegno-ad-auronzo-sullunesco-ed-emocion-il-nuovo-calendario-2010\/#primaryimage"},"thumbnailUrl":"http:\/\/www.bellunopress.it\/wp-content\/uploads\/2009\/12\/calendario-emocion-2010-leggera.jpg","keywords":["Belluno","Cadore","Dolomiti"],"articleSection":["Appuntamenti, Eventi","Meteo, natura, ambiente, animali","Pausa Caff\u00e8"],"inLanguage":"fr-FR"},{"@type":"WebPage","@id":"https:\/\/www.bellunopress.it\/2009\/12\/10\/il-cai-riforma-convegno-ad-auronzo-sullunesco-ed-emocion-il-nuovo-calendario-2010\/","url":"https:\/\/www.bellunopress.it\/2009\/12\/10\/il-cai-riforma-convegno-ad-auronzo-sullunesco-ed-emocion-il-nuovo-calendario-2010\/","name":"Il Cai riforma: importanti novit\u00e0 tesseramento, convegno ad Auronzo sull'Unesco ed \"Emoci\u00f2n\", il nuovo calendario 2010 - Bellunopress - Dolomiti","isPartOf":{"@id":"https:\/\/www.bellunopress.it\/#website"},"primaryImageOfPage":{"@id":"https:\/\/www.bellunopress.it\/2009\/12\/10\/il-cai-riforma-convegno-ad-auronzo-sullunesco-ed-emocion-il-nuovo-calendario-2010\/#primaryimage"},"image":{"@id":"https:\/\/www.bellunopress.it\/2009\/12\/10\/il-cai-riforma-convegno-ad-auronzo-sullunesco-ed-emocion-il-nuovo-calendario-2010\/#primaryimage"},"thumbnailUrl":"http:\/\/www.bellunopress.it\/wp-content\/uploads\/2009\/12\/calendario-emocion-2010-leggera.jpg","datePublished":"2009-12-10T14:46:32+00:00","dateModified":"2009-12-10T14:50:31+00:00","breadcrumb":{"@id":"https:\/\/www.bellunopress.it\/2009\/12\/10\/il-cai-riforma-convegno-ad-auronzo-sullunesco-ed-emocion-il-nuovo-calendario-2010\/#breadcrumb"},"inLanguage":"fr-FR","potentialAction":[{"@type":"ReadAction","target":["https:\/\/www.bellunopress.it\/2009\/12\/10\/il-cai-riforma-convegno-ad-auronzo-sullunesco-ed-emocion-il-nuovo-calendario-2010\/"]}]},{"@type":"ImageObject","inLanguage":"fr-FR","@id":"https:\/\/www.bellunopress.it\/2009\/12\/10\/il-cai-riforma-convegno-ad-auronzo-sullunesco-ed-emocion-il-nuovo-calendario-2010\/#primaryimage","url":"http:\/\/www.bellunopress.it\/wp-content\/uploads\/2009\/12\/calendario-emocion-2010-leggera.jpg","contentUrl":"http:\/\/www.bellunopress.it\/wp-content\/uploads\/2009\/12\/calendario-emocion-2010-leggera.jpg"},{"@type":"BreadcrumbList","@id":"https:\/\/www.bellunopress.it\/2009\/12\/10\/il-cai-riforma-convegno-ad-auronzo-sullunesco-ed-emocion-il-nuovo-calendario-2010\/#breadcrumb","itemListElement":[{"@type":"ListItem","position":1,"name":"Home","item":"https:\/\/www.bellunopress.it\/"},{"@type":"ListItem","position":2,"name":"Il Cai riforma: importanti novit\u00e0 tesseramento, convegno ad Auronzo sull&#8217;Unesco ed &#8220;Emoci\u00f2n&#8221;, il nuovo calendario 2010"}]},{"@type":"WebSite","@id":"https:\/\/www.bellunopress.it\/#website","url":"https:\/\/www.bellunopress.it\/","name":"Bellunopress - Dolomiti","description":"e-mail: redazione@bellunopress.it","publisher":{"@id":"https:\/\/www.bellunopress.it\/#organization"},"potentialAction":[{"@type":"SearchAction","target":{"@type":"EntryPoint","urlTemplate":"https:\/\/www.bellunopress.it\/?s={search_term_string}"},"query-input":{"@type":"PropertyValueSpecification","valueRequired":true,"valueName":"search_term_string"}}],"inLanguage":"fr-FR"},{"@type":"Organization","@id":"https:\/\/www.bellunopress.it\/#organization","name":"Bellunopress","url":"https:\/\/www.bellunopress.it\/","logo":{"@type":"ImageObject","inLanguage":"fr-FR","@id":"https:\/\/www.bellunopress.it\/#\/schema\/logo\/image\/","url":"https:\/\/www.bellunopress.it\/wp-content\/uploads\/2011\/05\/cropped-logo-bellunopress-.jpg","contentUrl":"https:\/\/www.bellunopress.it\/wp-content\/uploads\/2011\/05\/cropped-logo-bellunopress-.jpg","width":512,"height":512,"caption":"Bellunopress"},"image":{"@id":"https:\/\/www.bellunopress.it\/#\/schema\/logo\/image\/"},"sameAs":["https:\/\/www.facebook.com\/profile.php?id=100008943462799","https:\/\/x.com\/bellunopress","https:\/\/www.linkedin.com\/hp\/?dnr=JBzUWaJfMUw8vbXJJ2tVW5-I3jZKvC4wsoxE&amp;amp;amp;amp;amp;amp;trk=nav_responsive_tab_home","https:\/\/www.youtube.com\/channel\/UCxL0wu1uN0_3_7hGG0306cw"]},{"@type":"Person","@id":"https:\/\/www.bellunopress.it\/#\/schema\/person\/79bb06722b37ece1c03d3e94beb30d73","name":"r\u00e9daction","image":{"@type":"ImageObject","inLanguage":"fr-FR","@id":"https:\/\/secure.gravatar.com\/avatar\/37d968a2e67a6fd04c169c4bdef102d0bc5d31b2546345219e348575eb80e9a0?s=96&d=mm&r=g","url":"https:\/\/secure.gravatar.com\/avatar\/37d968a2e67a6fd04c169c4bdef102d0bc5d31b2546345219e348575eb80e9a0?s=96&d=mm&r=g","contentUrl":"https:\/\/secure.gravatar.com\/avatar\/37d968a2e67a6fd04c169c4bdef102d0bc5d31b2546345219e348575eb80e9a0?s=96&d=mm&r=g","caption":"redazione"},"sameAs":["http:\/\/www.bellunopress.it","https:\/\/x.com\/bellunopress"],"url":"https:\/\/www.bellunopress.it\/fr\/author\/redazione\/"}]}},"_links":{"self":[{"href":"https:\/\/www.bellunopress.it\/fr\/wp-json\/wp\/v2\/posts\/10516","targetHints":{"allow":["GET"]}}],"collection":[{"href":"https:\/\/www.bellunopress.it\/fr\/wp-json\/wp\/v2\/posts"}],"about":[{"href":"https:\/\/www.bellunopress.it\/fr\/wp-json\/wp\/v2\/types\/post"}],"author":[{"embeddable":true,"href":"https:\/\/www.bellunopress.it\/fr\/wp-json\/wp\/v2\/users\/2"}],"replies":[{"embeddable":true,"href":"https:\/\/www.bellunopress.it\/fr\/wp-json\/wp\/v2\/comments?post=10516"}],"version-history":[{"count":3,"href":"https:\/\/www.bellunopress.it\/fr\/wp-json\/wp\/v2\/posts\/10516\/revisions"}],"predecessor-version":[{"id":10519,"href":"https:\/\/www.bellunopress.it\/fr\/wp-json\/wp\/v2\/posts\/10516\/revisions\/10519"}],"wp:attachment":[{"href":"https:\/\/www.bellunopress.it\/fr\/wp-json\/wp\/v2\/media?parent=10516"}],"wp:term":[{"taxonomy":"category","embeddable":true,"href":"https:\/\/www.bellunopress.it\/fr\/wp-json\/wp\/v2\/categories?post=10516"},{"taxonomy":"post_tag","embeddable":true,"href":"https:\/\/www.bellunopress.it\/fr\/wp-json\/wp\/v2\/tags?post=10516"}],"curies":[{"name":"wp","href":"https:\/\/api.w.org\/{rel}","templated":true}]}}