{"id":105057,"date":"2019-05-31T08:41:43","date_gmt":"2019-05-31T06:41:43","guid":{"rendered":"http:\/\/www.bellunopress.it\/?p=105057"},"modified":"2019-05-31T08:41:43","modified_gmt":"2019-05-31T06:41:43","slug":"meet-the-meeting-sabato-i-giugno-a-belluno-la-presentazione-del-meeting-per-lamicizia-tra-i-popoli","status":"publish","type":"post","link":"https:\/\/www.bellunopress.it\/fr\/2019\/05\/31\/meet-the-meeting-sabato-i-giugno-a-belluno-la-presentazione-del-meeting-per-lamicizia-tra-i-popoli\/","title":{"rendered":"Meet the Meeting. Sabato I\u00b0 giugno a Belluno la presentazione del Meeting per l&#8217;amicizia tra i popoli"},"content":{"rendered":"<p>Sabato, 1 giugno, anche Belluno ospiter\u00e0 &#8220;Meet the Meeting&#8221;, un evento per presentare, far conoscere e sostenere il Meeting per l&#8217;amicizia fra i popoli (www.meeetingrimini.org), che da quarant&#8217;anni rappresenta un&#8217;opportunit\u00e0 di dialogo e di incontro tra persone e popoli, e che quest&#8217;anno si terr\u00e0 da domenica 18 a sabato 24 agosto nella Fiera di Rimini, con il titolo &#8220;Nacque il tuo nome da ci\u00f2 che fissavi&#8221;.<br \/>\nL&#8217;appuntamento bellunese \u00e8 fissato dalle 10 alle 18 in Piazza dei martiri, in corrispondenza della chiesetta di San Rocco: qui sar\u00e0 allestito un gazebo per raccogliere fondi a sostegno del Meeting, presentare l&#8217;evento e invitare tutti alla prossima edizione.<\/p>\n<p>Come omaggio per gli amici che vorranno fare una donazione per il Meeting, i volontari offriranno un&#8217;ottima bottiglia di Sangiovese: un vino selezionato da produttori romagnoli di qualit\u00e0, che accompagna Meet the Meeting fin dall&#8217;anno scorso per il suo valore simbolico di gusto, storia, qualit\u00e0, incontro, amicizia, italianit\u00e0, allegria. \u00c8 il prodotto, insomma, che descrive la convivialit\u00e0 e la passione di Meet the Meeting, iniziativa proposta lo scorso anno in sei piazze italiane e che quest&#8217;anno \u00e8 cresciuta parecchio. Sono infatti ben quaranta le citt\u00e0 che la ospitano: oltre a Belluno, ci sono Ancona, Arezzo, Ascoli Piceno, Barengo, Bassano del Grappa, Belluno, Bologna, Brescia, Cagliari, Casale Monferrato, Chiavari, Civitanova Marche, Cremona, Firenze, Forl\u00ec, Gallarate, Genova, Guglionesi, La Spezia, Magenta, Milano, Monza, Napoli, Padova, Pavia, Pesaro, Piacenza, Potenza, Ravenna, Rimini, Roma, Salerno, San Don\u00e0 di Piave, Torino, Udine, Varese, Viareggio. Il Meeting per l&#8217;amicizia fra i popoli nasce nel 1980 da un gruppo di amici di Rimini, che condividendo l&#8217;esperienza cristiana, desideravano incontrare, conoscere e portare nel capoluogo romagnolo tutto quello che di bello e buono c&#8217;era nella cultura del tempo. Da allora la manifestazione, che si svolge nella Fiera di Rimini, rappresenta una straordinaria occasione di incontro tra persone di fedi e culture diverse in un contesto che propone convegni, mostre, spettacoli, aree e spazi tematici, sport, un&#8217;area per i ragazzi, ristorazione. Sono centinaia i relatori che parlano di economia, arte, letteratura, scienza, politica, problemi sociali, musica. La manifestazione, che conta in media 800 mila presenze agli eventi, \u00e8 realizzata grazie all&#8217;apporto di oltre tremila volontari che organizzano, allestiscono, gestiscono e poi smontano il Meeting: una testimonianza impressionante di creativit\u00e0 e gratuit\u00e0.<\/p>\n<p>&nbsp;<\/p>","protected":false},"excerpt":{"rendered":"<p>Sabato, 1 giugno, anche Belluno ospiter\u00e0 &#8220;Meet the Meeting&#8221;, un evento per presentare, far conoscere e sostenere il Meeting per l&#8217;amicizia fra i popoli (www.meeetingrimini.org), che da quarant&#8217;anni rappresenta un&#8217;opportunit\u00e0 di dialogo e di incontro tra persone e popoli, e che quest&#8217;anno si terr\u00e0 da domenica 18 a sabato 24 agosto nella Fiera di Rimini, [&hellip;]<\/p>\n","protected":false},"author":2,"featured_media":0,"comment_status":"closed","ping_status":"open","sticky":false,"template":"","format":"standard","meta":{"footnotes":""},"categories":[27,25,8],"tags":[],"class_list":["post-105057","post","type-post","status-publish","format-standard","category-appuntamenti","category-pausa-caffe","category-societa-istituzioni"],"yoast_head":"<!-- This site is optimized with the Yoast SEO plugin v28.4 - https:\/\/yoast.com\/product\/yoast-seo-wordpress\/ -->\n<title>Meet the Meeting. Sabato I\u00b0 giugno a Belluno la presentazione del Meeting per l&#039;amicizia tra i popoli - Bellunopress - Dolomiti<\/title>\n<meta name=\"robots\" content=\"index, follow, max-snippet:-1, max-image-preview:large, max-video-preview:-1\" \/>\n<link rel=\"canonical\" href=\"https:\/\/www.bellunopress.it\/fr\/2019\/05\/31\/meet-the-meeting-sabato-i-giugno-a-belluno-la-presentazione-del-meeting-per-lamicizia-tra-i-popoli\/\" \/>\n<meta property=\"og:locale\" content=\"fr_FR\" \/>\n<meta property=\"og:type\" content=\"article\" \/>\n<meta property=\"og:title\" content=\"Meet the Meeting. Sabato I\u00b0 giugno a Belluno la presentazione del Meeting per l&#039;amicizia tra i popoli - Bellunopress - Dolomiti\" \/>\n<meta property=\"og:description\" content=\"Sabato, 1 giugno, anche Belluno ospiter\u00e0 &#8220;Meet the Meeting&#8221;, un evento per presentare, far conoscere e sostenere il Meeting per l&#8217;amicizia fra i popoli (www.meeetingrimini.org), che da quarant&#8217;anni rappresenta un&#8217;opportunit\u00e0 di dialogo e di incontro tra persone e popoli, e che quest&#8217;anno si terr\u00e0 da domenica 18 a sabato 24 agosto nella Fiera di Rimini, [&hellip;]\" \/>\n<meta property=\"og:url\" content=\"https:\/\/www.bellunopress.it\/fr\/2019\/05\/31\/meet-the-meeting-sabato-i-giugno-a-belluno-la-presentazione-del-meeting-per-lamicizia-tra-i-popoli\/\" \/>\n<meta property=\"og:site_name\" content=\"Bellunopress - Dolomiti\" \/>\n<meta property=\"article:publisher\" content=\"https:\/\/www.facebook.com\/profile.php?id=100008943462799\" \/>\n<meta property=\"article:published_time\" content=\"2019-05-31T06:41:43+00:00\" \/>\n<meta property=\"og:image\" content=\"http:\/\/www.bellunopress.it\/wp-content\/uploads\/2012\/07\/logo-bellunopress-250x250-2012.jpg\" \/>\n<meta name=\"author\" content=\"redazione\" \/>\n<meta name=\"twitter:card\" content=\"summary_large_image\" \/>\n<meta name=\"twitter:creator\" content=\"@bellunopress\" \/>\n<meta name=\"twitter:site\" content=\"@bellunopress\" \/>\n<meta name=\"twitter:label1\" content=\"\u00c9crit par\" \/>\n\t<meta name=\"twitter:data1\" content=\"redazione\" \/>\n\t<meta name=\"twitter:label2\" content=\"Dur\u00e9e de lecture estim\u00e9e\" \/>\n\t<meta name=\"twitter:data2\" content=\"2 minutes\" \/>\n<script type=\"application\/ld+json\" class=\"yoast-schema-graph\">{\"@context\":\"https:\\\/\\\/schema.org\",\"@graph\":[{\"@type\":\"Article\",\"@id\":\"https:\\\/\\\/www.bellunopress.it\\\/2019\\\/05\\\/31\\\/meet-the-meeting-sabato-i-giugno-a-belluno-la-presentazione-del-meeting-per-lamicizia-tra-i-popoli\\\/#article\",\"isPartOf\":{\"@id\":\"https:\\\/\\\/www.bellunopress.it\\\/2019\\\/05\\\/31\\\/meet-the-meeting-sabato-i-giugno-a-belluno-la-presentazione-del-meeting-per-lamicizia-tra-i-popoli\\\/\"},\"author\":{\"name\":\"redazione\",\"@id\":\"https:\\\/\\\/www.bellunopress.it\\\/#\\\/schema\\\/person\\\/79bb06722b37ece1c03d3e94beb30d73\"},\"headline\":\"Meet the Meeting. Sabato I\u00b0 giugno a Belluno la presentazione del Meeting per l&#8217;amicizia tra i popoli\",\"datePublished\":\"2019-05-31T06:41:43+00:00\",\"mainEntityOfPage\":{\"@id\":\"https:\\\/\\\/www.bellunopress.it\\\/2019\\\/05\\\/31\\\/meet-the-meeting-sabato-i-giugno-a-belluno-la-presentazione-del-meeting-per-lamicizia-tra-i-popoli\\\/\"},\"wordCount\":401,\"publisher\":{\"@id\":\"https:\\\/\\\/www.bellunopress.it\\\/#organization\"},\"articleSection\":[\"Appuntamenti, Eventi\",\"Pausa Caff\u00e8\",\"Societ\u00e0, Associazioni, Istituzioni\"],\"inLanguage\":\"fr-FR\"},{\"@type\":\"WebPage\",\"@id\":\"https:\\\/\\\/www.bellunopress.it\\\/2019\\\/05\\\/31\\\/meet-the-meeting-sabato-i-giugno-a-belluno-la-presentazione-del-meeting-per-lamicizia-tra-i-popoli\\\/\",\"url\":\"https:\\\/\\\/www.bellunopress.it\\\/2019\\\/05\\\/31\\\/meet-the-meeting-sabato-i-giugno-a-belluno-la-presentazione-del-meeting-per-lamicizia-tra-i-popoli\\\/\",\"name\":\"Meet the Meeting. Sabato I\u00b0 giugno a Belluno la presentazione del Meeting per l'amicizia tra i popoli - Bellunopress - Dolomiti\",\"isPartOf\":{\"@id\":\"https:\\\/\\\/www.bellunopress.it\\\/#website\"},\"datePublished\":\"2019-05-31T06:41:43+00:00\",\"breadcrumb\":{\"@id\":\"https:\\\/\\\/www.bellunopress.it\\\/2019\\\/05\\\/31\\\/meet-the-meeting-sabato-i-giugno-a-belluno-la-presentazione-del-meeting-per-lamicizia-tra-i-popoli\\\/#breadcrumb\"},\"inLanguage\":\"fr-FR\",\"potentialAction\":[{\"@type\":\"ReadAction\",\"target\":[\"https:\\\/\\\/www.bellunopress.it\\\/2019\\\/05\\\/31\\\/meet-the-meeting-sabato-i-giugno-a-belluno-la-presentazione-del-meeting-per-lamicizia-tra-i-popoli\\\/\"]}]},{\"@type\":\"BreadcrumbList\",\"@id\":\"https:\\\/\\\/www.bellunopress.it\\\/2019\\\/05\\\/31\\\/meet-the-meeting-sabato-i-giugno-a-belluno-la-presentazione-del-meeting-per-lamicizia-tra-i-popoli\\\/#breadcrumb\",\"itemListElement\":[{\"@type\":\"ListItem\",\"position\":1,\"name\":\"Home\",\"item\":\"https:\\\/\\\/www.bellunopress.it\\\/\"},{\"@type\":\"ListItem\",\"position\":2,\"name\":\"Meet the Meeting. Sabato I\u00b0 giugno a Belluno la presentazione del Meeting per l&#8217;amicizia tra i popoli\"}]},{\"@type\":\"WebSite\",\"@id\":\"https:\\\/\\\/www.bellunopress.it\\\/#website\",\"url\":\"https:\\\/\\\/www.bellunopress.it\\\/\",\"name\":\"Bellunopress - Dolomiti\",\"description\":\"e-mail: redazione@bellunopress.it\",\"publisher\":{\"@id\":\"https:\\\/\\\/www.bellunopress.it\\\/#organization\"},\"potentialAction\":[{\"@type\":\"SearchAction\",\"target\":{\"@type\":\"EntryPoint\",\"urlTemplate\":\"https:\\\/\\\/www.bellunopress.it\\\/?s={search_term_string}\"},\"query-input\":{\"@type\":\"PropertyValueSpecification\",\"valueRequired\":true,\"valueName\":\"search_term_string\"}}],\"inLanguage\":\"fr-FR\"},{\"@type\":\"Organization\",\"@id\":\"https:\\\/\\\/www.bellunopress.it\\\/#organization\",\"name\":\"Bellunopress\",\"url\":\"https:\\\/\\\/www.bellunopress.it\\\/\",\"logo\":{\"@type\":\"ImageObject\",\"inLanguage\":\"fr-FR\",\"@id\":\"https:\\\/\\\/www.bellunopress.it\\\/#\\\/schema\\\/logo\\\/image\\\/\",\"url\":\"https:\\\/\\\/www.bellunopress.it\\\/wp-content\\\/uploads\\\/2011\\\/05\\\/cropped-logo-bellunopress-.jpg\",\"contentUrl\":\"https:\\\/\\\/www.bellunopress.it\\\/wp-content\\\/uploads\\\/2011\\\/05\\\/cropped-logo-bellunopress-.jpg\",\"width\":512,\"height\":512,\"caption\":\"Bellunopress\"},\"image\":{\"@id\":\"https:\\\/\\\/www.bellunopress.it\\\/#\\\/schema\\\/logo\\\/image\\\/\"},\"sameAs\":[\"https:\\\/\\\/www.facebook.com\\\/profile.php?id=100008943462799\",\"https:\\\/\\\/x.com\\\/bellunopress\",\"https:\\\/\\\/www.linkedin.com\\\/hp\\\/?dnr=JBzUWaJfMUw8vbXJJ2tVW5-I3jZKvC4wsoxE&amp;amp;amp;amp;amp;amp;trk=nav_responsive_tab_home\",\"https:\\\/\\\/www.youtube.com\\\/channel\\\/UCxL0wu1uN0_3_7hGG0306cw\"]},{\"@type\":\"Person\",\"@id\":\"https:\\\/\\\/www.bellunopress.it\\\/#\\\/schema\\\/person\\\/79bb06722b37ece1c03d3e94beb30d73\",\"name\":\"redazione\",\"image\":{\"@type\":\"ImageObject\",\"inLanguage\":\"fr-FR\",\"@id\":\"https:\\\/\\\/secure.gravatar.com\\\/avatar\\\/37d968a2e67a6fd04c169c4bdef102d0bc5d31b2546345219e348575eb80e9a0?s=96&d=mm&r=g\",\"url\":\"https:\\\/\\\/secure.gravatar.com\\\/avatar\\\/37d968a2e67a6fd04c169c4bdef102d0bc5d31b2546345219e348575eb80e9a0?s=96&d=mm&r=g\",\"contentUrl\":\"https:\\\/\\\/secure.gravatar.com\\\/avatar\\\/37d968a2e67a6fd04c169c4bdef102d0bc5d31b2546345219e348575eb80e9a0?s=96&d=mm&r=g\",\"caption\":\"redazione\"},\"sameAs\":[\"http:\\\/\\\/www.bellunopress.it\",\"https:\\\/\\\/x.com\\\/bellunopress\"],\"url\":\"https:\\\/\\\/www.bellunopress.it\\\/fr\\\/author\\\/redazione\\\/\"}]}<\/script>\n<!-- \/ Yoast SEO plugin. -->","yoast_head_json":{"title":"Meet the Meeting. Sabato I\u00b0 giugno a Belluno la presentazione del Meeting per l'amicizia tra i popoli - Bellunopress - Dolomiti","robots":{"index":"index","follow":"follow","max-snippet":"max-snippet:-1","max-image-preview":"max-image-preview:large","max-video-preview":"max-video-preview:-1"},"canonical":"https:\/\/www.bellunopress.it\/fr\/2019\/05\/31\/meet-the-meeting-sabato-i-giugno-a-belluno-la-presentazione-del-meeting-per-lamicizia-tra-i-popoli\/","og_locale":"fr_FR","og_type":"article","og_title":"Meet the Meeting. Sabato I\u00b0 giugno a Belluno la presentazione del Meeting per l'amicizia tra i popoli - Bellunopress - Dolomiti","og_description":"Sabato, 1 giugno, anche Belluno ospiter\u00e0 &#8220;Meet the Meeting&#8221;, un evento per presentare, far conoscere e sostenere il Meeting per l&#8217;amicizia fra i popoli (www.meeetingrimini.org), che da quarant&#8217;anni rappresenta un&#8217;opportunit\u00e0 di dialogo e di incontro tra persone e popoli, e che quest&#8217;anno si terr\u00e0 da domenica 18 a sabato 24 agosto nella Fiera di Rimini, [&hellip;]","og_url":"https:\/\/www.bellunopress.it\/fr\/2019\/05\/31\/meet-the-meeting-sabato-i-giugno-a-belluno-la-presentazione-del-meeting-per-lamicizia-tra-i-popoli\/","og_site_name":"Bellunopress - Dolomiti","article_publisher":"https:\/\/www.facebook.com\/profile.php?id=100008943462799","article_published_time":"2019-05-31T06:41:43+00:00","og_image":[{"url":"http:\/\/www.bellunopress.it\/wp-content\/uploads\/2012\/07\/logo-bellunopress-250x250-2012.jpg","type":"","width":"","height":""}],"author":"redazione","twitter_card":"summary_large_image","twitter_creator":"@bellunopress","twitter_site":"@bellunopress","twitter_misc":{"\u00c9crit par":"redazione","Dur\u00e9e de lecture estim\u00e9e":"2 minutes"},"schema":{"@context":"https:\/\/schema.org","@graph":[{"@type":"Article","@id":"https:\/\/www.bellunopress.it\/2019\/05\/31\/meet-the-meeting-sabato-i-giugno-a-belluno-la-presentazione-del-meeting-per-lamicizia-tra-i-popoli\/#article","isPartOf":{"@id":"https:\/\/www.bellunopress.it\/2019\/05\/31\/meet-the-meeting-sabato-i-giugno-a-belluno-la-presentazione-del-meeting-per-lamicizia-tra-i-popoli\/"},"author":{"name":"redazione","@id":"https:\/\/www.bellunopress.it\/#\/schema\/person\/79bb06722b37ece1c03d3e94beb30d73"},"headline":"Meet the Meeting. Sabato I\u00b0 giugno a Belluno la presentazione del Meeting per l&#8217;amicizia tra i popoli","datePublished":"2019-05-31T06:41:43+00:00","mainEntityOfPage":{"@id":"https:\/\/www.bellunopress.it\/2019\/05\/31\/meet-the-meeting-sabato-i-giugno-a-belluno-la-presentazione-del-meeting-per-lamicizia-tra-i-popoli\/"},"wordCount":401,"publisher":{"@id":"https:\/\/www.bellunopress.it\/#organization"},"articleSection":["Appuntamenti, Eventi","Pausa Caff\u00e8","Societ\u00e0, Associazioni, Istituzioni"],"inLanguage":"fr-FR"},{"@type":"WebPage","@id":"https:\/\/www.bellunopress.it\/2019\/05\/31\/meet-the-meeting-sabato-i-giugno-a-belluno-la-presentazione-del-meeting-per-lamicizia-tra-i-popoli\/","url":"https:\/\/www.bellunopress.it\/2019\/05\/31\/meet-the-meeting-sabato-i-giugno-a-belluno-la-presentazione-del-meeting-per-lamicizia-tra-i-popoli\/","name":"Meet the Meeting. Sabato I\u00b0 giugno a Belluno la presentazione del Meeting per l'amicizia tra i popoli - Bellunopress - Dolomiti","isPartOf":{"@id":"https:\/\/www.bellunopress.it\/#website"},"datePublished":"2019-05-31T06:41:43+00:00","breadcrumb":{"@id":"https:\/\/www.bellunopress.it\/2019\/05\/31\/meet-the-meeting-sabato-i-giugno-a-belluno-la-presentazione-del-meeting-per-lamicizia-tra-i-popoli\/#breadcrumb"},"inLanguage":"fr-FR","potentialAction":[{"@type":"ReadAction","target":["https:\/\/www.bellunopress.it\/2019\/05\/31\/meet-the-meeting-sabato-i-giugno-a-belluno-la-presentazione-del-meeting-per-lamicizia-tra-i-popoli\/"]}]},{"@type":"BreadcrumbList","@id":"https:\/\/www.bellunopress.it\/2019\/05\/31\/meet-the-meeting-sabato-i-giugno-a-belluno-la-presentazione-del-meeting-per-lamicizia-tra-i-popoli\/#breadcrumb","itemListElement":[{"@type":"ListItem","position":1,"name":"Home","item":"https:\/\/www.bellunopress.it\/"},{"@type":"ListItem","position":2,"name":"Meet the Meeting. Sabato I\u00b0 giugno a Belluno la presentazione del Meeting per l&#8217;amicizia tra i popoli"}]},{"@type":"WebSite","@id":"https:\/\/www.bellunopress.it\/#website","url":"https:\/\/www.bellunopress.it\/","name":"Bellunopress - Dolomiti","description":"e-mail: redazione@bellunopress.it","publisher":{"@id":"https:\/\/www.bellunopress.it\/#organization"},"potentialAction":[{"@type":"SearchAction","target":{"@type":"EntryPoint","urlTemplate":"https:\/\/www.bellunopress.it\/?s={search_term_string}"},"query-input":{"@type":"PropertyValueSpecification","valueRequired":true,"valueName":"search_term_string"}}],"inLanguage":"fr-FR"},{"@type":"Organization","@id":"https:\/\/www.bellunopress.it\/#organization","name":"Bellunopress","url":"https:\/\/www.bellunopress.it\/","logo":{"@type":"ImageObject","inLanguage":"fr-FR","@id":"https:\/\/www.bellunopress.it\/#\/schema\/logo\/image\/","url":"https:\/\/www.bellunopress.it\/wp-content\/uploads\/2011\/05\/cropped-logo-bellunopress-.jpg","contentUrl":"https:\/\/www.bellunopress.it\/wp-content\/uploads\/2011\/05\/cropped-logo-bellunopress-.jpg","width":512,"height":512,"caption":"Bellunopress"},"image":{"@id":"https:\/\/www.bellunopress.it\/#\/schema\/logo\/image\/"},"sameAs":["https:\/\/www.facebook.com\/profile.php?id=100008943462799","https:\/\/x.com\/bellunopress","https:\/\/www.linkedin.com\/hp\/?dnr=JBzUWaJfMUw8vbXJJ2tVW5-I3jZKvC4wsoxE&amp;amp;amp;amp;amp;amp;trk=nav_responsive_tab_home","https:\/\/www.youtube.com\/channel\/UCxL0wu1uN0_3_7hGG0306cw"]},{"@type":"Person","@id":"https:\/\/www.bellunopress.it\/#\/schema\/person\/79bb06722b37ece1c03d3e94beb30d73","name":"r\u00e9daction","image":{"@type":"ImageObject","inLanguage":"fr-FR","@id":"https:\/\/secure.gravatar.com\/avatar\/37d968a2e67a6fd04c169c4bdef102d0bc5d31b2546345219e348575eb80e9a0?s=96&d=mm&r=g","url":"https:\/\/secure.gravatar.com\/avatar\/37d968a2e67a6fd04c169c4bdef102d0bc5d31b2546345219e348575eb80e9a0?s=96&d=mm&r=g","contentUrl":"https:\/\/secure.gravatar.com\/avatar\/37d968a2e67a6fd04c169c4bdef102d0bc5d31b2546345219e348575eb80e9a0?s=96&d=mm&r=g","caption":"redazione"},"sameAs":["http:\/\/www.bellunopress.it","https:\/\/x.com\/bellunopress"],"url":"https:\/\/www.bellunopress.it\/fr\/author\/redazione\/"}]}},"_links":{"self":[{"href":"https:\/\/www.bellunopress.it\/fr\/wp-json\/wp\/v2\/posts\/105057","targetHints":{"allow":["GET"]}}],"collection":[{"href":"https:\/\/www.bellunopress.it\/fr\/wp-json\/wp\/v2\/posts"}],"about":[{"href":"https:\/\/www.bellunopress.it\/fr\/wp-json\/wp\/v2\/types\/post"}],"author":[{"embeddable":true,"href":"https:\/\/www.bellunopress.it\/fr\/wp-json\/wp\/v2\/users\/2"}],"replies":[{"embeddable":true,"href":"https:\/\/www.bellunopress.it\/fr\/wp-json\/wp\/v2\/comments?post=105057"}],"version-history":[{"count":1,"href":"https:\/\/www.bellunopress.it\/fr\/wp-json\/wp\/v2\/posts\/105057\/revisions"}],"predecessor-version":[{"id":105058,"href":"https:\/\/www.bellunopress.it\/fr\/wp-json\/wp\/v2\/posts\/105057\/revisions\/105058"}],"wp:attachment":[{"href":"https:\/\/www.bellunopress.it\/fr\/wp-json\/wp\/v2\/media?parent=105057"}],"wp:term":[{"taxonomy":"category","embeddable":true,"href":"https:\/\/www.bellunopress.it\/fr\/wp-json\/wp\/v2\/categories?post=105057"},{"taxonomy":"post_tag","embeddable":true,"href":"https:\/\/www.bellunopress.it\/fr\/wp-json\/wp\/v2\/tags?post=105057"}],"curies":[{"name":"wp","href":"https:\/\/api.w.org\/{rel}","templated":true}]}}