{"id":105027,"date":"2019-05-30T09:28:01","date_gmt":"2019-05-30T07:28:01","guid":{"rendered":"http:\/\/www.bellunopress.it\/?p=105027"},"modified":"2019-05-30T09:28:01","modified_gmt":"2019-05-30T07:28:01","slug":"feltre-progetto-family-pubblicato-il-bando-per-il-2019","status":"publish","type":"post","link":"https:\/\/www.bellunopress.it\/fr\/2019\/05\/30\/feltre-progetto-family-pubblicato-il-bando-per-il-2019\/","title":{"rendered":"Feltre, Progetto Family: pubblicato il bando per il 2019"},"content":{"rendered":"<p>Il Progetto Family raddoppia. A un anno dal lancio dell\u2019iniziativa volta a mettere in atto, sia in spazi comunali, sia in luoghi privati aperti al pubblico, una serie di interventi dedicati alle famiglie con figli al fine di sostenere lo sviluppo di un ecosistema \u201cfamily friendly\u201d, la giunta comunale ha approvato nella seduta di luned\u00ec il bando per il 2019. Contestualmente, data la richiesta degli aderenti al sistema non beneficiati nel 2018 di poter godere del sistema premiante, e a fronte dell&#8217;impegno ad essi richiesto di promuovere attivamente politiche di apertura alle famiglie, si \u00e8 stabilito di riproporre anche per il 2019 il sistema di benefici con la finalit\u00e0 di incentivare l\u2019adesione e la diffusione del Progetto Family in citt\u00e0.<\/p>\n<p><a href=\"http:\/\/www.bellunopress.it\/fr\/2019\/03\/19\/feltre-taglio-piante-in-largo-de-mezzan-giovedi-modifiche-alla-viabilita-in-centro-storico\/feltre-3\/\" rel=\"attachment wp-att-103011\"><img loading=\"lazy\" decoding=\"async\" class=\"alignleft size-full wp-image-103011\" src=\"http:\/\/www.bellunopress.it\/wp-content\/uploads\/2019\/03\/Feltre.jpg\" alt=\"\" width=\"300\" height=\"91\" \/><\/a>Destinatari di tali benefici saranno tutti gli aderenti al Progetto Family, non solo i pubblici esercenti che, a far data dal 27 maggio 2019 e fino al 01 luglio, segnaleranno il proprio interesse con mail all&#8217;indirizzo progettofamily@comune.feltre.bl.it.<br \/>\nAl fine di promuovere un maggior coinvolgimento del tessuto sociale, culturale e commerciale cittadino nel progetto, \u00e8 stato anche pubblicato sul sito istituzionale del Comune un avviso di manifestazione di interesse ad essere partner del sistema premiante e di azioni di coprogettazione Family 2017, rivolto a pubblici esercenti, operatori economici, associazioni e liberi professionisti. Tra i partner che hanno gi\u00e0 dato, in questo senso, la loro adesione nel corso del 2018 figurano l\u2019Azienda Feltrina per i Servizi alla Persona, il Consorzio Dolomiti Prealpi, l\u2019azienda Cicli Dalla Rosa e la tipografia DBS.<\/p>\n<p>\u201cCome tutte le proposte che comportano cambiamenti di stili e abitudini \u2013 dichiara l\u2019assessora alle Politiche sociali e della famiglia \u2013 il Progetto Family si sta radicando un poco alla volta. E&#8217; come una foresta che cresce piano: senza fare rumore si sta inserendo nel tessuto sociale e culturale cittadino. Un esempio? In citt\u00e0 mancavano fasciatoi a disposizione delle mamme che avevano necessit\u00e0 di cambiare il loro bambino. Con il primo bando Family abbiamo perci\u00f2 offerto ai pubblici esercenti la possibilit\u00e0 di averne in comodato d&#8217;uso: ne abbiamo distribuiti 13.<br \/>\nUn altro esempio? Le iniziative legate al progetto che sono state attivate o che saranno realizzate nei prossimi mesi. Mi riferisco a corsi, incontri, laboratori: alcuni sono promossi dal Comune ma altri sono stati voluti da privati e l&#8217;Amministrazione si \u00e8 limitata solo a sostenerli senza onere economico. Tutto questo \u00e8 solo l&#8217;inizio, Family Feltre sta crescendo piano, ma cresce. A vantaggio di tutta la citt\u00e0 e dei suoi cittadini pi\u00f9 piccoli\u201d, conclude l\u2019assessora.<\/p>\n<p>Alcuni dati relativi al Progetto Family<br \/>\nSinora ha aderito una cinquantina di organizzazioni (tra pubblico e privato); 29 sono stati i beneficiari sul bando 2018 del sistema premiante.<br \/>\nTra i beni durevoli consegnati sinora figurano, oltre ai 13 fasciatoi gi\u00e0 citati, 14 tavolini e 29 sedie per bambini, 7 scaffali in legno, 3 seggiolini da tavolo, 14 kit di giocattoli per bambini di et\u00e0 tra 0 e 54 anni.<br \/>\nTra i beni di consumo, invece: 16 confezioni di pastelli, 17 confezioni di pannolini e di salviette detergenti; 30 tovagliette; 35 libretti. Tutto, naturalmente, a misura\u2026di bambino e di famiglia!<\/p>","protected":false},"excerpt":{"rendered":"<p>Il Progetto Family raddoppia. A un anno dal lancio dell\u2019iniziativa volta a mettere in atto, sia in spazi comunali, sia in luoghi privati aperti al pubblico, una serie di interventi dedicati alle famiglie con figli al fine di sostenere lo sviluppo di un ecosistema \u201cfamily friendly\u201d, la giunta comunale ha approvato nella seduta di luned\u00ec [&hellip;]<\/p>\n","protected":false},"author":2,"featured_media":0,"comment_status":"closed","ping_status":"open","sticky":false,"template":"","format":"standard","meta":{"footnotes":""},"categories":[5,26,8],"tags":[],"class_list":["post-105027","post","type-post","status-publish","format-standard","category-cronaca","category-prima-pagina","category-societa-istituzioni"],"yoast_head":"<!-- This site is optimized with the Yoast SEO plugin v28.4 - https:\/\/yoast.com\/product\/yoast-seo-wordpress\/ -->\n<title>Feltre, Progetto Family: pubblicato il bando per il 2019 - Bellunopress - Dolomiti<\/title>\n<meta name=\"robots\" content=\"index, follow, max-snippet:-1, max-image-preview:large, max-video-preview:-1\" \/>\n<link rel=\"canonical\" href=\"https:\/\/www.bellunopress.it\/fr\/2019\/05\/30\/feltre-progetto-family-pubblicato-il-bando-per-il-2019\/\" \/>\n<meta property=\"og:locale\" content=\"fr_FR\" \/>\n<meta property=\"og:type\" content=\"article\" \/>\n<meta property=\"og:title\" content=\"Feltre, Progetto Family: pubblicato il bando per il 2019 - Bellunopress - Dolomiti\" \/>\n<meta property=\"og:description\" content=\"Il Progetto Family raddoppia. A un anno dal lancio dell\u2019iniziativa volta a mettere in atto, sia in spazi comunali, sia in luoghi privati aperti al pubblico, una serie di interventi dedicati alle famiglie con figli al fine di sostenere lo sviluppo di un ecosistema \u201cfamily friendly\u201d, la giunta comunale ha approvato nella seduta di luned\u00ec [&hellip;]\" \/>\n<meta property=\"og:url\" content=\"https:\/\/www.bellunopress.it\/fr\/2019\/05\/30\/feltre-progetto-family-pubblicato-il-bando-per-il-2019\/\" \/>\n<meta property=\"og:site_name\" content=\"Bellunopress - Dolomiti\" \/>\n<meta property=\"article:publisher\" content=\"https:\/\/www.facebook.com\/profile.php?id=100008943462799\" \/>\n<meta property=\"article:published_time\" content=\"2019-05-30T07:28:01+00:00\" \/>\n<meta property=\"og:image\" content=\"http:\/\/www.bellunopress.it\/wp-content\/uploads\/2019\/03\/Feltre.jpg\" \/>\n<meta name=\"author\" content=\"redazione\" \/>\n<meta name=\"twitter:card\" content=\"summary_large_image\" \/>\n<meta name=\"twitter:creator\" content=\"@bellunopress\" \/>\n<meta name=\"twitter:site\" content=\"@bellunopress\" \/>\n<meta name=\"twitter:label1\" content=\"\u00c9crit par\" \/>\n\t<meta name=\"twitter:data1\" content=\"redazione\" \/>\n\t<meta name=\"twitter:label2\" content=\"Dur\u00e9e de lecture estim\u00e9e\" \/>\n\t<meta name=\"twitter:data2\" content=\"2 minutes\" \/>\n<script type=\"application\/ld+json\" class=\"yoast-schema-graph\">{\"@context\":\"https:\\\/\\\/schema.org\",\"@graph\":[{\"@type\":\"Article\",\"@id\":\"https:\\\/\\\/www.bellunopress.it\\\/2019\\\/05\\\/30\\\/feltre-progetto-family-pubblicato-il-bando-per-il-2019\\\/#article\",\"isPartOf\":{\"@id\":\"https:\\\/\\\/www.bellunopress.it\\\/2019\\\/05\\\/30\\\/feltre-progetto-family-pubblicato-il-bando-per-il-2019\\\/\"},\"author\":{\"name\":\"redazione\",\"@id\":\"https:\\\/\\\/www.bellunopress.it\\\/#\\\/schema\\\/person\\\/79bb06722b37ece1c03d3e94beb30d73\"},\"headline\":\"Feltre, Progetto Family: pubblicato il bando per il 2019\",\"datePublished\":\"2019-05-30T07:28:01+00:00\",\"mainEntityOfPage\":{\"@id\":\"https:\\\/\\\/www.bellunopress.it\\\/2019\\\/05\\\/30\\\/feltre-progetto-family-pubblicato-il-bando-per-il-2019\\\/\"},\"wordCount\":506,\"publisher\":{\"@id\":\"https:\\\/\\\/www.bellunopress.it\\\/#organization\"},\"image\":{\"@id\":\"https:\\\/\\\/www.bellunopress.it\\\/2019\\\/05\\\/30\\\/feltre-progetto-family-pubblicato-il-bando-per-il-2019\\\/#primaryimage\"},\"thumbnailUrl\":\"http:\\\/\\\/www.bellunopress.it\\\/wp-content\\\/uploads\\\/2019\\\/03\\\/Feltre.jpg\",\"articleSection\":[\"Cronaca\\\/Politica\",\"Prima Pagina\",\"Societ\u00e0, Associazioni, Istituzioni\"],\"inLanguage\":\"fr-FR\"},{\"@type\":\"WebPage\",\"@id\":\"https:\\\/\\\/www.bellunopress.it\\\/2019\\\/05\\\/30\\\/feltre-progetto-family-pubblicato-il-bando-per-il-2019\\\/\",\"url\":\"https:\\\/\\\/www.bellunopress.it\\\/2019\\\/05\\\/30\\\/feltre-progetto-family-pubblicato-il-bando-per-il-2019\\\/\",\"name\":\"Feltre, Progetto Family: pubblicato il bando per il 2019 - Bellunopress - Dolomiti\",\"isPartOf\":{\"@id\":\"https:\\\/\\\/www.bellunopress.it\\\/#website\"},\"primaryImageOfPage\":{\"@id\":\"https:\\\/\\\/www.bellunopress.it\\\/2019\\\/05\\\/30\\\/feltre-progetto-family-pubblicato-il-bando-per-il-2019\\\/#primaryimage\"},\"image\":{\"@id\":\"https:\\\/\\\/www.bellunopress.it\\\/2019\\\/05\\\/30\\\/feltre-progetto-family-pubblicato-il-bando-per-il-2019\\\/#primaryimage\"},\"thumbnailUrl\":\"http:\\\/\\\/www.bellunopress.it\\\/wp-content\\\/uploads\\\/2019\\\/03\\\/Feltre.jpg\",\"datePublished\":\"2019-05-30T07:28:01+00:00\",\"breadcrumb\":{\"@id\":\"https:\\\/\\\/www.bellunopress.it\\\/2019\\\/05\\\/30\\\/feltre-progetto-family-pubblicato-il-bando-per-il-2019\\\/#breadcrumb\"},\"inLanguage\":\"fr-FR\",\"potentialAction\":[{\"@type\":\"ReadAction\",\"target\":[\"https:\\\/\\\/www.bellunopress.it\\\/2019\\\/05\\\/30\\\/feltre-progetto-family-pubblicato-il-bando-per-il-2019\\\/\"]}]},{\"@type\":\"ImageObject\",\"inLanguage\":\"fr-FR\",\"@id\":\"https:\\\/\\\/www.bellunopress.it\\\/2019\\\/05\\\/30\\\/feltre-progetto-family-pubblicato-il-bando-per-il-2019\\\/#primaryimage\",\"url\":\"http:\\\/\\\/www.bellunopress.it\\\/wp-content\\\/uploads\\\/2019\\\/03\\\/Feltre.jpg\",\"contentUrl\":\"http:\\\/\\\/www.bellunopress.it\\\/wp-content\\\/uploads\\\/2019\\\/03\\\/Feltre.jpg\"},{\"@type\":\"BreadcrumbList\",\"@id\":\"https:\\\/\\\/www.bellunopress.it\\\/2019\\\/05\\\/30\\\/feltre-progetto-family-pubblicato-il-bando-per-il-2019\\\/#breadcrumb\",\"itemListElement\":[{\"@type\":\"ListItem\",\"position\":1,\"name\":\"Home\",\"item\":\"https:\\\/\\\/www.bellunopress.it\\\/\"},{\"@type\":\"ListItem\",\"position\":2,\"name\":\"Feltre, Progetto Family: pubblicato il bando per il 2019\"}]},{\"@type\":\"WebSite\",\"@id\":\"https:\\\/\\\/www.bellunopress.it\\\/#website\",\"url\":\"https:\\\/\\\/www.bellunopress.it\\\/\",\"name\":\"Bellunopress - Dolomiti\",\"description\":\"e-mail: redazione@bellunopress.it\",\"publisher\":{\"@id\":\"https:\\\/\\\/www.bellunopress.it\\\/#organization\"},\"potentialAction\":[{\"@type\":\"SearchAction\",\"target\":{\"@type\":\"EntryPoint\",\"urlTemplate\":\"https:\\\/\\\/www.bellunopress.it\\\/?s={search_term_string}\"},\"query-input\":{\"@type\":\"PropertyValueSpecification\",\"valueRequired\":true,\"valueName\":\"search_term_string\"}}],\"inLanguage\":\"fr-FR\"},{\"@type\":\"Organization\",\"@id\":\"https:\\\/\\\/www.bellunopress.it\\\/#organization\",\"name\":\"Bellunopress\",\"url\":\"https:\\\/\\\/www.bellunopress.it\\\/\",\"logo\":{\"@type\":\"ImageObject\",\"inLanguage\":\"fr-FR\",\"@id\":\"https:\\\/\\\/www.bellunopress.it\\\/#\\\/schema\\\/logo\\\/image\\\/\",\"url\":\"https:\\\/\\\/www.bellunopress.it\\\/wp-content\\\/uploads\\\/2011\\\/05\\\/cropped-logo-bellunopress-.jpg\",\"contentUrl\":\"https:\\\/\\\/www.bellunopress.it\\\/wp-content\\\/uploads\\\/2011\\\/05\\\/cropped-logo-bellunopress-.jpg\",\"width\":512,\"height\":512,\"caption\":\"Bellunopress\"},\"image\":{\"@id\":\"https:\\\/\\\/www.bellunopress.it\\\/#\\\/schema\\\/logo\\\/image\\\/\"},\"sameAs\":[\"https:\\\/\\\/www.facebook.com\\\/profile.php?id=100008943462799\",\"https:\\\/\\\/x.com\\\/bellunopress\",\"https:\\\/\\\/www.linkedin.com\\\/hp\\\/?dnr=JBzUWaJfMUw8vbXJJ2tVW5-I3jZKvC4wsoxE&amp;amp;amp;amp;amp;amp;trk=nav_responsive_tab_home\",\"https:\\\/\\\/www.youtube.com\\\/channel\\\/UCxL0wu1uN0_3_7hGG0306cw\"]},{\"@type\":\"Person\",\"@id\":\"https:\\\/\\\/www.bellunopress.it\\\/#\\\/schema\\\/person\\\/79bb06722b37ece1c03d3e94beb30d73\",\"name\":\"redazione\",\"image\":{\"@type\":\"ImageObject\",\"inLanguage\":\"fr-FR\",\"@id\":\"https:\\\/\\\/secure.gravatar.com\\\/avatar\\\/37d968a2e67a6fd04c169c4bdef102d0bc5d31b2546345219e348575eb80e9a0?s=96&d=mm&r=g\",\"url\":\"https:\\\/\\\/secure.gravatar.com\\\/avatar\\\/37d968a2e67a6fd04c169c4bdef102d0bc5d31b2546345219e348575eb80e9a0?s=96&d=mm&r=g\",\"contentUrl\":\"https:\\\/\\\/secure.gravatar.com\\\/avatar\\\/37d968a2e67a6fd04c169c4bdef102d0bc5d31b2546345219e348575eb80e9a0?s=96&d=mm&r=g\",\"caption\":\"redazione\"},\"sameAs\":[\"http:\\\/\\\/www.bellunopress.it\",\"https:\\\/\\\/x.com\\\/bellunopress\"],\"url\":\"https:\\\/\\\/www.bellunopress.it\\\/fr\\\/author\\\/redazione\\\/\"}]}<\/script>\n<!-- \/ Yoast SEO plugin. -->","yoast_head_json":{"title":"Feltre, Progetto Family: pubblicato il bando per il 2019 - Bellunopress - Dolomiti","robots":{"index":"index","follow":"follow","max-snippet":"max-snippet:-1","max-image-preview":"max-image-preview:large","max-video-preview":"max-video-preview:-1"},"canonical":"https:\/\/www.bellunopress.it\/fr\/2019\/05\/30\/feltre-progetto-family-pubblicato-il-bando-per-il-2019\/","og_locale":"fr_FR","og_type":"article","og_title":"Feltre, Progetto Family: pubblicato il bando per il 2019 - Bellunopress - Dolomiti","og_description":"Il Progetto Family raddoppia. A un anno dal lancio dell\u2019iniziativa volta a mettere in atto, sia in spazi comunali, sia in luoghi privati aperti al pubblico, una serie di interventi dedicati alle famiglie con figli al fine di sostenere lo sviluppo di un ecosistema \u201cfamily friendly\u201d, la giunta comunale ha approvato nella seduta di luned\u00ec [&hellip;]","og_url":"https:\/\/www.bellunopress.it\/fr\/2019\/05\/30\/feltre-progetto-family-pubblicato-il-bando-per-il-2019\/","og_site_name":"Bellunopress - Dolomiti","article_publisher":"https:\/\/www.facebook.com\/profile.php?id=100008943462799","article_published_time":"2019-05-30T07:28:01+00:00","og_image":[{"url":"http:\/\/www.bellunopress.it\/wp-content\/uploads\/2019\/03\/Feltre.jpg","type":"","width":"","height":""}],"author":"redazione","twitter_card":"summary_large_image","twitter_creator":"@bellunopress","twitter_site":"@bellunopress","twitter_misc":{"\u00c9crit par":"redazione","Dur\u00e9e de lecture estim\u00e9e":"2 minutes"},"schema":{"@context":"https:\/\/schema.org","@graph":[{"@type":"Article","@id":"https:\/\/www.bellunopress.it\/2019\/05\/30\/feltre-progetto-family-pubblicato-il-bando-per-il-2019\/#article","isPartOf":{"@id":"https:\/\/www.bellunopress.it\/2019\/05\/30\/feltre-progetto-family-pubblicato-il-bando-per-il-2019\/"},"author":{"name":"redazione","@id":"https:\/\/www.bellunopress.it\/#\/schema\/person\/79bb06722b37ece1c03d3e94beb30d73"},"headline":"Feltre, Progetto Family: pubblicato il bando per il 2019","datePublished":"2019-05-30T07:28:01+00:00","mainEntityOfPage":{"@id":"https:\/\/www.bellunopress.it\/2019\/05\/30\/feltre-progetto-family-pubblicato-il-bando-per-il-2019\/"},"wordCount":506,"publisher":{"@id":"https:\/\/www.bellunopress.it\/#organization"},"image":{"@id":"https:\/\/www.bellunopress.it\/2019\/05\/30\/feltre-progetto-family-pubblicato-il-bando-per-il-2019\/#primaryimage"},"thumbnailUrl":"http:\/\/www.bellunopress.it\/wp-content\/uploads\/2019\/03\/Feltre.jpg","articleSection":["Cronaca\/Politica","Prima Pagina","Societ\u00e0, Associazioni, Istituzioni"],"inLanguage":"fr-FR"},{"@type":"WebPage","@id":"https:\/\/www.bellunopress.it\/2019\/05\/30\/feltre-progetto-family-pubblicato-il-bando-per-il-2019\/","url":"https:\/\/www.bellunopress.it\/2019\/05\/30\/feltre-progetto-family-pubblicato-il-bando-per-il-2019\/","name":"Feltre, Progetto Family: pubblicato il bando per il 2019 - Bellunopress - Dolomiti","isPartOf":{"@id":"https:\/\/www.bellunopress.it\/#website"},"primaryImageOfPage":{"@id":"https:\/\/www.bellunopress.it\/2019\/05\/30\/feltre-progetto-family-pubblicato-il-bando-per-il-2019\/#primaryimage"},"image":{"@id":"https:\/\/www.bellunopress.it\/2019\/05\/30\/feltre-progetto-family-pubblicato-il-bando-per-il-2019\/#primaryimage"},"thumbnailUrl":"http:\/\/www.bellunopress.it\/wp-content\/uploads\/2019\/03\/Feltre.jpg","datePublished":"2019-05-30T07:28:01+00:00","breadcrumb":{"@id":"https:\/\/www.bellunopress.it\/2019\/05\/30\/feltre-progetto-family-pubblicato-il-bando-per-il-2019\/#breadcrumb"},"inLanguage":"fr-FR","potentialAction":[{"@type":"ReadAction","target":["https:\/\/www.bellunopress.it\/2019\/05\/30\/feltre-progetto-family-pubblicato-il-bando-per-il-2019\/"]}]},{"@type":"ImageObject","inLanguage":"fr-FR","@id":"https:\/\/www.bellunopress.it\/2019\/05\/30\/feltre-progetto-family-pubblicato-il-bando-per-il-2019\/#primaryimage","url":"http:\/\/www.bellunopress.it\/wp-content\/uploads\/2019\/03\/Feltre.jpg","contentUrl":"http:\/\/www.bellunopress.it\/wp-content\/uploads\/2019\/03\/Feltre.jpg"},{"@type":"BreadcrumbList","@id":"https:\/\/www.bellunopress.it\/2019\/05\/30\/feltre-progetto-family-pubblicato-il-bando-per-il-2019\/#breadcrumb","itemListElement":[{"@type":"ListItem","position":1,"name":"Home","item":"https:\/\/www.bellunopress.it\/"},{"@type":"ListItem","position":2,"name":"Feltre, Progetto Family: pubblicato il bando per il 2019"}]},{"@type":"WebSite","@id":"https:\/\/www.bellunopress.it\/#website","url":"https:\/\/www.bellunopress.it\/","name":"Bellunopress - Dolomiti","description":"e-mail: redazione@bellunopress.it","publisher":{"@id":"https:\/\/www.bellunopress.it\/#organization"},"potentialAction":[{"@type":"SearchAction","target":{"@type":"EntryPoint","urlTemplate":"https:\/\/www.bellunopress.it\/?s={search_term_string}"},"query-input":{"@type":"PropertyValueSpecification","valueRequired":true,"valueName":"search_term_string"}}],"inLanguage":"fr-FR"},{"@type":"Organization","@id":"https:\/\/www.bellunopress.it\/#organization","name":"Bellunopress","url":"https:\/\/www.bellunopress.it\/","logo":{"@type":"ImageObject","inLanguage":"fr-FR","@id":"https:\/\/www.bellunopress.it\/#\/schema\/logo\/image\/","url":"https:\/\/www.bellunopress.it\/wp-content\/uploads\/2011\/05\/cropped-logo-bellunopress-.jpg","contentUrl":"https:\/\/www.bellunopress.it\/wp-content\/uploads\/2011\/05\/cropped-logo-bellunopress-.jpg","width":512,"height":512,"caption":"Bellunopress"},"image":{"@id":"https:\/\/www.bellunopress.it\/#\/schema\/logo\/image\/"},"sameAs":["https:\/\/www.facebook.com\/profile.php?id=100008943462799","https:\/\/x.com\/bellunopress","https:\/\/www.linkedin.com\/hp\/?dnr=JBzUWaJfMUw8vbXJJ2tVW5-I3jZKvC4wsoxE&amp;amp;amp;amp;amp;amp;trk=nav_responsive_tab_home","https:\/\/www.youtube.com\/channel\/UCxL0wu1uN0_3_7hGG0306cw"]},{"@type":"Person","@id":"https:\/\/www.bellunopress.it\/#\/schema\/person\/79bb06722b37ece1c03d3e94beb30d73","name":"r\u00e9daction","image":{"@type":"ImageObject","inLanguage":"fr-FR","@id":"https:\/\/secure.gravatar.com\/avatar\/37d968a2e67a6fd04c169c4bdef102d0bc5d31b2546345219e348575eb80e9a0?s=96&d=mm&r=g","url":"https:\/\/secure.gravatar.com\/avatar\/37d968a2e67a6fd04c169c4bdef102d0bc5d31b2546345219e348575eb80e9a0?s=96&d=mm&r=g","contentUrl":"https:\/\/secure.gravatar.com\/avatar\/37d968a2e67a6fd04c169c4bdef102d0bc5d31b2546345219e348575eb80e9a0?s=96&d=mm&r=g","caption":"redazione"},"sameAs":["http:\/\/www.bellunopress.it","https:\/\/x.com\/bellunopress"],"url":"https:\/\/www.bellunopress.it\/fr\/author\/redazione\/"}]}},"_links":{"self":[{"href":"https:\/\/www.bellunopress.it\/fr\/wp-json\/wp\/v2\/posts\/105027","targetHints":{"allow":["GET"]}}],"collection":[{"href":"https:\/\/www.bellunopress.it\/fr\/wp-json\/wp\/v2\/posts"}],"about":[{"href":"https:\/\/www.bellunopress.it\/fr\/wp-json\/wp\/v2\/types\/post"}],"author":[{"embeddable":true,"href":"https:\/\/www.bellunopress.it\/fr\/wp-json\/wp\/v2\/users\/2"}],"replies":[{"embeddable":true,"href":"https:\/\/www.bellunopress.it\/fr\/wp-json\/wp\/v2\/comments?post=105027"}],"version-history":[{"count":1,"href":"https:\/\/www.bellunopress.it\/fr\/wp-json\/wp\/v2\/posts\/105027\/revisions"}],"predecessor-version":[{"id":105028,"href":"https:\/\/www.bellunopress.it\/fr\/wp-json\/wp\/v2\/posts\/105027\/revisions\/105028"}],"wp:attachment":[{"href":"https:\/\/www.bellunopress.it\/fr\/wp-json\/wp\/v2\/media?parent=105027"}],"wp:term":[{"taxonomy":"category","embeddable":true,"href":"https:\/\/www.bellunopress.it\/fr\/wp-json\/wp\/v2\/categories?post=105027"},{"taxonomy":"post_tag","embeddable":true,"href":"https:\/\/www.bellunopress.it\/fr\/wp-json\/wp\/v2\/tags?post=105027"}],"curies":[{"name":"wp","href":"https:\/\/api.w.org\/{rel}","templated":true}]}}