{"id":105019,"date":"2019-05-30T08:35:56","date_gmt":"2019-05-30T06:35:56","guid":{"rendered":"http:\/\/www.bellunopress.it\/?p=105019"},"modified":"2019-05-30T08:35:57","modified_gmt":"2019-05-30T06:35:57","slug":"cittadellartevino-fuori-le-mura-di-cittadella-larte-e-il-vino-sincontrano-il-29-e-30-settembre","status":"publish","type":"post","link":"https:\/\/www.bellunopress.it\/fr\/2019\/05\/30\/cittadellartevino-fuori-le-mura-di-cittadella-larte-e-il-vino-sincontrano-il-29-e-30-settembre\/","title":{"rendered":"CittadellArteVino: fuori le mura di Cittadella l&#8217;arte e il vino s&#8217;incontrano il 29 e 30 settembre"},"content":{"rendered":"<p>L\u2019estro artistico si intreccia con la cultura enologica nell\u2019elegante Villa Colombara, appena due chilometri fuori le mura di Cittadella (Padova). La seconda edizione di CittadellArteVino si terr\u00e0 domenica 29 e luned\u00ec 30 settembre 2019, grazie all\u2019organizzazione di Roberto Cecchele e Cristian Conte.<\/p>\n<figure id=\"attachment_105020\" aria-describedby=\"caption-attachment-105020\" style=\"width: 300px\" class=\"wp-caption alignleft\"><a href=\"http:\/\/www.bellunopress.it\/fr\/2019\/05\/30\/cittadellartevino-fuori-le-mura-di-cittadella-larte-e-il-vino-sincontrano-il-29-e-30-settembre\/villa-colombara-cittadella-padova\/\" rel=\"attachment wp-att-105020\"><img loading=\"lazy\" decoding=\"async\" class=\"size-full wp-image-105020\" src=\"http:\/\/www.bellunopress.it\/wp-content\/uploads\/2019\/05\/Villa-Colombara-Cittadella-Padova.jpg\" alt=\"\" width=\"300\" height=\"250\" \/><\/a><figcaption id=\"caption-attachment-105020\" class=\"wp-caption-text\">Villa Colombara &#8211; Cittadella (Padova)<\/figcaption><\/figure>\n<p>Se i protagonisti principali saranno i 50 produttori di vino, i visitatori potranno conoscere e assaporare anche proposte di birra artigianale e gastronomia di qualit\u00e0. Il tutto passeggiando tra le opere e le installazioni degli studenti dell\u2019Istituto d\u2019Arte Fanoli di Cittadella, che parteciperanno al primo contest per la realizzazione dell\u2019etichetta della manifestazione. Gli espositori avranno a disposizione gli spazi interni della barchessa e del piano nobile dell\u2019antica dimora, oltre al portico affacciato sull\u2019ampio giardino che circonda la tenuta.<\/p>\n<p>Anche quest\u2019anno testimonial di eccezione sar\u00e0 Alessandro Scorsone, Sommelier Master Class, Maestro cerimoniere di Palazzo Chigi, giornalista e responsabile della Guida Vini Buoni d&#8217;Italia. Sar\u00e0 proprio Scorsone a guidare le degustazioni, in particolare quella prevista per l\u2019anteprima di sabato 28 settembre, una serata su prenotazione e a posti limitati durante la quale si assaporeranno sei tra le migliori variet\u00e0 di ostriche abbinate a sei tipologie di Metodo Classico Biodinamico dell\u2019Azienda Agricola Nicola Gatta di Gussago (Brescia).<\/p>\n<p>La conferenza stampa di presentazione dell\u2019evento si terr\u00e0 gioved\u00ec 5 settembre alle ore 12.00 nel Municipio di Cittadella.<br \/>\nCittadellArteVino \u00e8 realizzata grazie al patrocinio del Comune di Cittadella e della Regione Veneto, al sostegno del main sponsor Banca Mediolanum, al supporto tecnico di Ais Veneto e alla collaborazione con l&#8217;Istituto d&#8217;Arte Fanoli di Cittadella.<\/p>\n<p>Tutte le informazioni su www.cittadellartevino.it<\/p>","protected":false},"excerpt":{"rendered":"<p>L\u2019estro artistico si intreccia con la cultura enologica nell\u2019elegante Villa Colombara, appena due chilometri fuori le mura di Cittadella (Padova). La seconda edizione di CittadellArteVino si terr\u00e0 domenica 29 e luned\u00ec 30 settembre 2019, grazie all\u2019organizzazione di Roberto Cecchele e Cristian Conte. Se i protagonisti principali saranno i 50 produttori di vino, i visitatori potranno [&hellip;]<\/p>\n","protected":false},"author":2,"featured_media":0,"comment_status":"closed","ping_status":"open","sticky":false,"template":"","format":"standard","meta":{"footnotes":""},"categories":[3394,3393],"tags":[],"class_list":["post-105019","post","type-post","status-publish","format-standard","category-cultura-e-spettacoli-fuori-provincia","category-eventi-enogastronomici"],"yoast_head":"<!-- This site is optimized with the Yoast SEO plugin v28.4 - https:\/\/yoast.com\/product\/yoast-seo-wordpress\/ -->\n<title>CittadellArteVino: fuori le mura di Cittadella l&#039;arte e il vino s&#039;incontrano il 29 e 30 settembre - Bellunopress - Dolomiti<\/title>\n<meta name=\"robots\" content=\"index, follow, max-snippet:-1, max-image-preview:large, max-video-preview:-1\" \/>\n<link rel=\"canonical\" href=\"https:\/\/www.bellunopress.it\/fr\/2019\/05\/30\/cittadellartevino-fuori-le-mura-di-cittadella-larte-e-il-vino-sincontrano-il-29-e-30-settembre\/\" \/>\n<meta property=\"og:locale\" content=\"fr_FR\" \/>\n<meta property=\"og:type\" content=\"article\" \/>\n<meta property=\"og:title\" content=\"CittadellArteVino: fuori le mura di Cittadella l&#039;arte e il vino s&#039;incontrano il 29 e 30 settembre - Bellunopress - Dolomiti\" \/>\n<meta property=\"og:description\" content=\"L\u2019estro artistico si intreccia con la cultura enologica nell\u2019elegante Villa Colombara, appena due chilometri fuori le mura di Cittadella (Padova). La seconda edizione di CittadellArteVino si terr\u00e0 domenica 29 e luned\u00ec 30 settembre 2019, grazie all\u2019organizzazione di Roberto Cecchele e Cristian Conte. Se i protagonisti principali saranno i 50 produttori di vino, i visitatori potranno [&hellip;]\" \/>\n<meta property=\"og:url\" content=\"https:\/\/www.bellunopress.it\/fr\/2019\/05\/30\/cittadellartevino-fuori-le-mura-di-cittadella-larte-e-il-vino-sincontrano-il-29-e-30-settembre\/\" \/>\n<meta property=\"og:site_name\" content=\"Bellunopress - Dolomiti\" \/>\n<meta property=\"article:publisher\" content=\"https:\/\/www.facebook.com\/profile.php?id=100008943462799\" \/>\n<meta property=\"article:published_time\" content=\"2019-05-30T06:35:56+00:00\" \/>\n<meta property=\"article:modified_time\" content=\"2019-05-30T06:35:57+00:00\" \/>\n<meta property=\"og:image\" content=\"http:\/\/www.bellunopress.it\/wp-content\/uploads\/2019\/05\/Villa-Colombara-Cittadella-Padova.jpg\" \/>\n<meta name=\"author\" content=\"redazione\" \/>\n<meta name=\"twitter:card\" content=\"summary_large_image\" \/>\n<meta name=\"twitter:creator\" content=\"@bellunopress\" \/>\n<meta name=\"twitter:site\" content=\"@bellunopress\" \/>\n<meta name=\"twitter:label1\" content=\"\u00c9crit par\" \/>\n\t<meta name=\"twitter:data1\" content=\"redazione\" \/>\n\t<meta name=\"twitter:label2\" content=\"Dur\u00e9e de lecture estim\u00e9e\" \/>\n\t<meta name=\"twitter:data2\" content=\"1 minute\" \/>\n<script type=\"application\/ld+json\" class=\"yoast-schema-graph\">{\"@context\":\"https:\\\/\\\/schema.org\",\"@graph\":[{\"@type\":\"Article\",\"@id\":\"https:\\\/\\\/www.bellunopress.it\\\/2019\\\/05\\\/30\\\/cittadellartevino-fuori-le-mura-di-cittadella-larte-e-il-vino-sincontrano-il-29-e-30-settembre\\\/#article\",\"isPartOf\":{\"@id\":\"https:\\\/\\\/www.bellunopress.it\\\/2019\\\/05\\\/30\\\/cittadellartevino-fuori-le-mura-di-cittadella-larte-e-il-vino-sincontrano-il-29-e-30-settembre\\\/\"},\"author\":{\"name\":\"redazione\",\"@id\":\"https:\\\/\\\/www.bellunopress.it\\\/#\\\/schema\\\/person\\\/79bb06722b37ece1c03d3e94beb30d73\"},\"headline\":\"CittadellArteVino: fuori le mura di Cittadella l&#8217;arte e il vino s&#8217;incontrano il 29 e 30 settembre\",\"datePublished\":\"2019-05-30T06:35:56+00:00\",\"dateModified\":\"2019-05-30T06:35:57+00:00\",\"mainEntityOfPage\":{\"@id\":\"https:\\\/\\\/www.bellunopress.it\\\/2019\\\/05\\\/30\\\/cittadellartevino-fuori-le-mura-di-cittadella-larte-e-il-vino-sincontrano-il-29-e-30-settembre\\\/\"},\"wordCount\":292,\"publisher\":{\"@id\":\"https:\\\/\\\/www.bellunopress.it\\\/#organization\"},\"image\":{\"@id\":\"https:\\\/\\\/www.bellunopress.it\\\/2019\\\/05\\\/30\\\/cittadellartevino-fuori-le-mura-di-cittadella-larte-e-il-vino-sincontrano-il-29-e-30-settembre\\\/#primaryimage\"},\"thumbnailUrl\":\"http:\\\/\\\/www.bellunopress.it\\\/wp-content\\\/uploads\\\/2019\\\/05\\\/Villa-Colombara-Cittadella-Padova.jpg\",\"articleSection\":[\"Cultura e spettacoli, tempo libero, benessere, fuori provincia\",\"Eventi enogastronomici\"],\"inLanguage\":\"fr-FR\"},{\"@type\":\"WebPage\",\"@id\":\"https:\\\/\\\/www.bellunopress.it\\\/2019\\\/05\\\/30\\\/cittadellartevino-fuori-le-mura-di-cittadella-larte-e-il-vino-sincontrano-il-29-e-30-settembre\\\/\",\"url\":\"https:\\\/\\\/www.bellunopress.it\\\/2019\\\/05\\\/30\\\/cittadellartevino-fuori-le-mura-di-cittadella-larte-e-il-vino-sincontrano-il-29-e-30-settembre\\\/\",\"name\":\"CittadellArteVino: fuori le mura di Cittadella l'arte e il vino s'incontrano il 29 e 30 settembre - Bellunopress - Dolomiti\",\"isPartOf\":{\"@id\":\"https:\\\/\\\/www.bellunopress.it\\\/#website\"},\"primaryImageOfPage\":{\"@id\":\"https:\\\/\\\/www.bellunopress.it\\\/2019\\\/05\\\/30\\\/cittadellartevino-fuori-le-mura-di-cittadella-larte-e-il-vino-sincontrano-il-29-e-30-settembre\\\/#primaryimage\"},\"image\":{\"@id\":\"https:\\\/\\\/www.bellunopress.it\\\/2019\\\/05\\\/30\\\/cittadellartevino-fuori-le-mura-di-cittadella-larte-e-il-vino-sincontrano-il-29-e-30-settembre\\\/#primaryimage\"},\"thumbnailUrl\":\"http:\\\/\\\/www.bellunopress.it\\\/wp-content\\\/uploads\\\/2019\\\/05\\\/Villa-Colombara-Cittadella-Padova.jpg\",\"datePublished\":\"2019-05-30T06:35:56+00:00\",\"dateModified\":\"2019-05-30T06:35:57+00:00\",\"breadcrumb\":{\"@id\":\"https:\\\/\\\/www.bellunopress.it\\\/2019\\\/05\\\/30\\\/cittadellartevino-fuori-le-mura-di-cittadella-larte-e-il-vino-sincontrano-il-29-e-30-settembre\\\/#breadcrumb\"},\"inLanguage\":\"fr-FR\",\"potentialAction\":[{\"@type\":\"ReadAction\",\"target\":[\"https:\\\/\\\/www.bellunopress.it\\\/2019\\\/05\\\/30\\\/cittadellartevino-fuori-le-mura-di-cittadella-larte-e-il-vino-sincontrano-il-29-e-30-settembre\\\/\"]}]},{\"@type\":\"ImageObject\",\"inLanguage\":\"fr-FR\",\"@id\":\"https:\\\/\\\/www.bellunopress.it\\\/2019\\\/05\\\/30\\\/cittadellartevino-fuori-le-mura-di-cittadella-larte-e-il-vino-sincontrano-il-29-e-30-settembre\\\/#primaryimage\",\"url\":\"http:\\\/\\\/www.bellunopress.it\\\/wp-content\\\/uploads\\\/2019\\\/05\\\/Villa-Colombara-Cittadella-Padova.jpg\",\"contentUrl\":\"http:\\\/\\\/www.bellunopress.it\\\/wp-content\\\/uploads\\\/2019\\\/05\\\/Villa-Colombara-Cittadella-Padova.jpg\"},{\"@type\":\"BreadcrumbList\",\"@id\":\"https:\\\/\\\/www.bellunopress.it\\\/2019\\\/05\\\/30\\\/cittadellartevino-fuori-le-mura-di-cittadella-larte-e-il-vino-sincontrano-il-29-e-30-settembre\\\/#breadcrumb\",\"itemListElement\":[{\"@type\":\"ListItem\",\"position\":1,\"name\":\"Home\",\"item\":\"https:\\\/\\\/www.bellunopress.it\\\/\"},{\"@type\":\"ListItem\",\"position\":2,\"name\":\"CittadellArteVino: fuori le mura di Cittadella l&#8217;arte e il vino s&#8217;incontrano il 29 e 30 settembre\"}]},{\"@type\":\"WebSite\",\"@id\":\"https:\\\/\\\/www.bellunopress.it\\\/#website\",\"url\":\"https:\\\/\\\/www.bellunopress.it\\\/\",\"name\":\"Bellunopress - Dolomiti\",\"description\":\"e-mail: redazione@bellunopress.it\",\"publisher\":{\"@id\":\"https:\\\/\\\/www.bellunopress.it\\\/#organization\"},\"potentialAction\":[{\"@type\":\"SearchAction\",\"target\":{\"@type\":\"EntryPoint\",\"urlTemplate\":\"https:\\\/\\\/www.bellunopress.it\\\/?s={search_term_string}\"},\"query-input\":{\"@type\":\"PropertyValueSpecification\",\"valueRequired\":true,\"valueName\":\"search_term_string\"}}],\"inLanguage\":\"fr-FR\"},{\"@type\":\"Organization\",\"@id\":\"https:\\\/\\\/www.bellunopress.it\\\/#organization\",\"name\":\"Bellunopress\",\"url\":\"https:\\\/\\\/www.bellunopress.it\\\/\",\"logo\":{\"@type\":\"ImageObject\",\"inLanguage\":\"fr-FR\",\"@id\":\"https:\\\/\\\/www.bellunopress.it\\\/#\\\/schema\\\/logo\\\/image\\\/\",\"url\":\"https:\\\/\\\/www.bellunopress.it\\\/wp-content\\\/uploads\\\/2011\\\/05\\\/cropped-logo-bellunopress-.jpg\",\"contentUrl\":\"https:\\\/\\\/www.bellunopress.it\\\/wp-content\\\/uploads\\\/2011\\\/05\\\/cropped-logo-bellunopress-.jpg\",\"width\":512,\"height\":512,\"caption\":\"Bellunopress\"},\"image\":{\"@id\":\"https:\\\/\\\/www.bellunopress.it\\\/#\\\/schema\\\/logo\\\/image\\\/\"},\"sameAs\":[\"https:\\\/\\\/www.facebook.com\\\/profile.php?id=100008943462799\",\"https:\\\/\\\/x.com\\\/bellunopress\",\"https:\\\/\\\/www.linkedin.com\\\/hp\\\/?dnr=JBzUWaJfMUw8vbXJJ2tVW5-I3jZKvC4wsoxE&amp;amp;amp;amp;amp;amp;trk=nav_responsive_tab_home\",\"https:\\\/\\\/www.youtube.com\\\/channel\\\/UCxL0wu1uN0_3_7hGG0306cw\"]},{\"@type\":\"Person\",\"@id\":\"https:\\\/\\\/www.bellunopress.it\\\/#\\\/schema\\\/person\\\/79bb06722b37ece1c03d3e94beb30d73\",\"name\":\"redazione\",\"image\":{\"@type\":\"ImageObject\",\"inLanguage\":\"fr-FR\",\"@id\":\"https:\\\/\\\/secure.gravatar.com\\\/avatar\\\/37d968a2e67a6fd04c169c4bdef102d0bc5d31b2546345219e348575eb80e9a0?s=96&d=mm&r=g\",\"url\":\"https:\\\/\\\/secure.gravatar.com\\\/avatar\\\/37d968a2e67a6fd04c169c4bdef102d0bc5d31b2546345219e348575eb80e9a0?s=96&d=mm&r=g\",\"contentUrl\":\"https:\\\/\\\/secure.gravatar.com\\\/avatar\\\/37d968a2e67a6fd04c169c4bdef102d0bc5d31b2546345219e348575eb80e9a0?s=96&d=mm&r=g\",\"caption\":\"redazione\"},\"sameAs\":[\"http:\\\/\\\/www.bellunopress.it\",\"https:\\\/\\\/x.com\\\/bellunopress\"],\"url\":\"https:\\\/\\\/www.bellunopress.it\\\/fr\\\/author\\\/redazione\\\/\"}]}<\/script>\n<!-- \/ Yoast SEO plugin. -->","yoast_head_json":{"title":"CittadellArteVino: fuori le mura di Cittadella l'arte e il vino s'incontrano il 29 e 30 settembre - Bellunopress - Dolomiti","robots":{"index":"index","follow":"follow","max-snippet":"max-snippet:-1","max-image-preview":"max-image-preview:large","max-video-preview":"max-video-preview:-1"},"canonical":"https:\/\/www.bellunopress.it\/fr\/2019\/05\/30\/cittadellartevino-fuori-le-mura-di-cittadella-larte-e-il-vino-sincontrano-il-29-e-30-settembre\/","og_locale":"fr_FR","og_type":"article","og_title":"CittadellArteVino: fuori le mura di Cittadella l'arte e il vino s'incontrano il 29 e 30 settembre - Bellunopress - Dolomiti","og_description":"L\u2019estro artistico si intreccia con la cultura enologica nell\u2019elegante Villa Colombara, appena due chilometri fuori le mura di Cittadella (Padova). La seconda edizione di CittadellArteVino si terr\u00e0 domenica 29 e luned\u00ec 30 settembre 2019, grazie all\u2019organizzazione di Roberto Cecchele e Cristian Conte. Se i protagonisti principali saranno i 50 produttori di vino, i visitatori potranno [&hellip;]","og_url":"https:\/\/www.bellunopress.it\/fr\/2019\/05\/30\/cittadellartevino-fuori-le-mura-di-cittadella-larte-e-il-vino-sincontrano-il-29-e-30-settembre\/","og_site_name":"Bellunopress - Dolomiti","article_publisher":"https:\/\/www.facebook.com\/profile.php?id=100008943462799","article_published_time":"2019-05-30T06:35:56+00:00","article_modified_time":"2019-05-30T06:35:57+00:00","og_image":[{"url":"http:\/\/www.bellunopress.it\/wp-content\/uploads\/2019\/05\/Villa-Colombara-Cittadella-Padova.jpg","type":"","width":"","height":""}],"author":"redazione","twitter_card":"summary_large_image","twitter_creator":"@bellunopress","twitter_site":"@bellunopress","twitter_misc":{"\u00c9crit par":"redazione","Dur\u00e9e de lecture estim\u00e9e":"1 minute"},"schema":{"@context":"https:\/\/schema.org","@graph":[{"@type":"Article","@id":"https:\/\/www.bellunopress.it\/2019\/05\/30\/cittadellartevino-fuori-le-mura-di-cittadella-larte-e-il-vino-sincontrano-il-29-e-30-settembre\/#article","isPartOf":{"@id":"https:\/\/www.bellunopress.it\/2019\/05\/30\/cittadellartevino-fuori-le-mura-di-cittadella-larte-e-il-vino-sincontrano-il-29-e-30-settembre\/"},"author":{"name":"redazione","@id":"https:\/\/www.bellunopress.it\/#\/schema\/person\/79bb06722b37ece1c03d3e94beb30d73"},"headline":"CittadellArteVino: fuori le mura di Cittadella l&#8217;arte e il vino s&#8217;incontrano il 29 e 30 settembre","datePublished":"2019-05-30T06:35:56+00:00","dateModified":"2019-05-30T06:35:57+00:00","mainEntityOfPage":{"@id":"https:\/\/www.bellunopress.it\/2019\/05\/30\/cittadellartevino-fuori-le-mura-di-cittadella-larte-e-il-vino-sincontrano-il-29-e-30-settembre\/"},"wordCount":292,"publisher":{"@id":"https:\/\/www.bellunopress.it\/#organization"},"image":{"@id":"https:\/\/www.bellunopress.it\/2019\/05\/30\/cittadellartevino-fuori-le-mura-di-cittadella-larte-e-il-vino-sincontrano-il-29-e-30-settembre\/#primaryimage"},"thumbnailUrl":"http:\/\/www.bellunopress.it\/wp-content\/uploads\/2019\/05\/Villa-Colombara-Cittadella-Padova.jpg","articleSection":["Cultura e spettacoli, tempo libero, benessere, fuori provincia","Eventi enogastronomici"],"inLanguage":"fr-FR"},{"@type":"WebPage","@id":"https:\/\/www.bellunopress.it\/2019\/05\/30\/cittadellartevino-fuori-le-mura-di-cittadella-larte-e-il-vino-sincontrano-il-29-e-30-settembre\/","url":"https:\/\/www.bellunopress.it\/2019\/05\/30\/cittadellartevino-fuori-le-mura-di-cittadella-larte-e-il-vino-sincontrano-il-29-e-30-settembre\/","name":"CittadellArteVino: fuori le mura di Cittadella l'arte e il vino s'incontrano il 29 e 30 settembre - Bellunopress - Dolomiti","isPartOf":{"@id":"https:\/\/www.bellunopress.it\/#website"},"primaryImageOfPage":{"@id":"https:\/\/www.bellunopress.it\/2019\/05\/30\/cittadellartevino-fuori-le-mura-di-cittadella-larte-e-il-vino-sincontrano-il-29-e-30-settembre\/#primaryimage"},"image":{"@id":"https:\/\/www.bellunopress.it\/2019\/05\/30\/cittadellartevino-fuori-le-mura-di-cittadella-larte-e-il-vino-sincontrano-il-29-e-30-settembre\/#primaryimage"},"thumbnailUrl":"http:\/\/www.bellunopress.it\/wp-content\/uploads\/2019\/05\/Villa-Colombara-Cittadella-Padova.jpg","datePublished":"2019-05-30T06:35:56+00:00","dateModified":"2019-05-30T06:35:57+00:00","breadcrumb":{"@id":"https:\/\/www.bellunopress.it\/2019\/05\/30\/cittadellartevino-fuori-le-mura-di-cittadella-larte-e-il-vino-sincontrano-il-29-e-30-settembre\/#breadcrumb"},"inLanguage":"fr-FR","potentialAction":[{"@type":"ReadAction","target":["https:\/\/www.bellunopress.it\/2019\/05\/30\/cittadellartevino-fuori-le-mura-di-cittadella-larte-e-il-vino-sincontrano-il-29-e-30-settembre\/"]}]},{"@type":"ImageObject","inLanguage":"fr-FR","@id":"https:\/\/www.bellunopress.it\/2019\/05\/30\/cittadellartevino-fuori-le-mura-di-cittadella-larte-e-il-vino-sincontrano-il-29-e-30-settembre\/#primaryimage","url":"http:\/\/www.bellunopress.it\/wp-content\/uploads\/2019\/05\/Villa-Colombara-Cittadella-Padova.jpg","contentUrl":"http:\/\/www.bellunopress.it\/wp-content\/uploads\/2019\/05\/Villa-Colombara-Cittadella-Padova.jpg"},{"@type":"BreadcrumbList","@id":"https:\/\/www.bellunopress.it\/2019\/05\/30\/cittadellartevino-fuori-le-mura-di-cittadella-larte-e-il-vino-sincontrano-il-29-e-30-settembre\/#breadcrumb","itemListElement":[{"@type":"ListItem","position":1,"name":"Home","item":"https:\/\/www.bellunopress.it\/"},{"@type":"ListItem","position":2,"name":"CittadellArteVino: fuori le mura di Cittadella l&#8217;arte e il vino s&#8217;incontrano il 29 e 30 settembre"}]},{"@type":"WebSite","@id":"https:\/\/www.bellunopress.it\/#website","url":"https:\/\/www.bellunopress.it\/","name":"Bellunopress - Dolomiti","description":"e-mail: redazione@bellunopress.it","publisher":{"@id":"https:\/\/www.bellunopress.it\/#organization"},"potentialAction":[{"@type":"SearchAction","target":{"@type":"EntryPoint","urlTemplate":"https:\/\/www.bellunopress.it\/?s={search_term_string}"},"query-input":{"@type":"PropertyValueSpecification","valueRequired":true,"valueName":"search_term_string"}}],"inLanguage":"fr-FR"},{"@type":"Organization","@id":"https:\/\/www.bellunopress.it\/#organization","name":"Bellunopress","url":"https:\/\/www.bellunopress.it\/","logo":{"@type":"ImageObject","inLanguage":"fr-FR","@id":"https:\/\/www.bellunopress.it\/#\/schema\/logo\/image\/","url":"https:\/\/www.bellunopress.it\/wp-content\/uploads\/2011\/05\/cropped-logo-bellunopress-.jpg","contentUrl":"https:\/\/www.bellunopress.it\/wp-content\/uploads\/2011\/05\/cropped-logo-bellunopress-.jpg","width":512,"height":512,"caption":"Bellunopress"},"image":{"@id":"https:\/\/www.bellunopress.it\/#\/schema\/logo\/image\/"},"sameAs":["https:\/\/www.facebook.com\/profile.php?id=100008943462799","https:\/\/x.com\/bellunopress","https:\/\/www.linkedin.com\/hp\/?dnr=JBzUWaJfMUw8vbXJJ2tVW5-I3jZKvC4wsoxE&amp;amp;amp;amp;amp;amp;trk=nav_responsive_tab_home","https:\/\/www.youtube.com\/channel\/UCxL0wu1uN0_3_7hGG0306cw"]},{"@type":"Person","@id":"https:\/\/www.bellunopress.it\/#\/schema\/person\/79bb06722b37ece1c03d3e94beb30d73","name":"r\u00e9daction","image":{"@type":"ImageObject","inLanguage":"fr-FR","@id":"https:\/\/secure.gravatar.com\/avatar\/37d968a2e67a6fd04c169c4bdef102d0bc5d31b2546345219e348575eb80e9a0?s=96&d=mm&r=g","url":"https:\/\/secure.gravatar.com\/avatar\/37d968a2e67a6fd04c169c4bdef102d0bc5d31b2546345219e348575eb80e9a0?s=96&d=mm&r=g","contentUrl":"https:\/\/secure.gravatar.com\/avatar\/37d968a2e67a6fd04c169c4bdef102d0bc5d31b2546345219e348575eb80e9a0?s=96&d=mm&r=g","caption":"redazione"},"sameAs":["http:\/\/www.bellunopress.it","https:\/\/x.com\/bellunopress"],"url":"https:\/\/www.bellunopress.it\/fr\/author\/redazione\/"}]}},"_links":{"self":[{"href":"https:\/\/www.bellunopress.it\/fr\/wp-json\/wp\/v2\/posts\/105019","targetHints":{"allow":["GET"]}}],"collection":[{"href":"https:\/\/www.bellunopress.it\/fr\/wp-json\/wp\/v2\/posts"}],"about":[{"href":"https:\/\/www.bellunopress.it\/fr\/wp-json\/wp\/v2\/types\/post"}],"author":[{"embeddable":true,"href":"https:\/\/www.bellunopress.it\/fr\/wp-json\/wp\/v2\/users\/2"}],"replies":[{"embeddable":true,"href":"https:\/\/www.bellunopress.it\/fr\/wp-json\/wp\/v2\/comments?post=105019"}],"version-history":[{"count":2,"href":"https:\/\/www.bellunopress.it\/fr\/wp-json\/wp\/v2\/posts\/105019\/revisions"}],"predecessor-version":[{"id":105022,"href":"https:\/\/www.bellunopress.it\/fr\/wp-json\/wp\/v2\/posts\/105019\/revisions\/105022"}],"wp:attachment":[{"href":"https:\/\/www.bellunopress.it\/fr\/wp-json\/wp\/v2\/media?parent=105019"}],"wp:term":[{"taxonomy":"category","embeddable":true,"href":"https:\/\/www.bellunopress.it\/fr\/wp-json\/wp\/v2\/categories?post=105019"},{"taxonomy":"post_tag","embeddable":true,"href":"https:\/\/www.bellunopress.it\/fr\/wp-json\/wp\/v2\/tags?post=105019"}],"curies":[{"name":"wp","href":"https:\/\/api.w.org\/{rel}","templated":true}]}}