{"id":105016,"date":"2019-05-30T12:06:27","date_gmt":"2019-05-30T10:06:27","guid":{"rendered":"http:\/\/www.bellunopress.it\/?p=105016"},"modified":"2019-05-30T08:11:29","modified_gmt":"2019-05-30T06:11:29","slug":"domenica-la-giornata-nazionale-dello-sport-le-iniziative-a-belluno","status":"publish","type":"post","link":"https:\/\/www.bellunopress.it\/fr\/2019\/05\/30\/domenica-la-giornata-nazionale-dello-sport-le-iniziative-a-belluno\/","title":{"rendered":"Domenica la Giornata nazionale dello sport. Le iniziative a Belluno"},"content":{"rendered":"<p><a href=\"http:\/\/www.bellunopress.it\/fr\/?attachment_id=105017\" rel=\"attachment wp-att-105017\"><img loading=\"lazy\" decoding=\"async\" class=\"alignleft size-full wp-image-105017\" src=\"http:\/\/www.bellunopress.it\/wp-content\/uploads\/2019\/05\/Coni.jpg\" alt=\"\" width=\"211\" height=\"179\" \/><\/a>Domenica 2 giugno, si celebrer\u00e0 in tutta Italia la \u2018Giornata Nazionale dello Sport\u2019, manifestazione istituita nel 2003 dalla Presidenza del Consiglio dei Ministri. Si tratta di un appuntamento aperto a tutti, previsto contemporaneamente sul territorio nazionale, rivolto specificatamente a chi ama e pratica lo sport e alla promozione di numerose discipline sportive.<\/p>\n<p>Quest\u2019anno la \u2018Giornata Nazionale dello Sport\u2019 sar\u00e0 incentrata sulla \u201cSensibilizzazione alle tematiche ambientali legate allo sviluppo sostenibile&#8221;, un modo per raccogliere le proposte declinate dal CIO attraverso l\u2019Agenda 2020, nella quale la sostenibilit\u00e0 ambientale \u00e8 identificata come una delle finalit\u00e0 da perseguire, partendo dalla responsabilit\u00e0 che lo sport ha dal punto di vista educativo e sociale anche nel preservare, tutelare e valorizzare la natura.<br \/>\nDi fatto, si tratter\u00e0 del primo grande evento con cui iniziare ad applicare le buone pratiche ecologiste e comportamenti virtuosi legati al \u2018plastic free\u2019 (progressiva rinuncia all&#8217;uso di materiali di plastica).<\/p>\n<p>Il Coni di Belluno organizzer\u00e0, in collaborazione con il Comune di Belluno e con le Associazioni e gli organismi sportivi operanti nel territorio, la \u2018Giornata\u2019 al Parco \u2018Citt\u00e0 di Bologna\u2019, dove saranno proposti alcuni percorsi di promozione dell\u2019attivit\u00e0 motoria e sportiva, curati da tecnici del CONI e destinati &#8211; gratuitamente &#8211; a tutti i bambini presenti a Belluno.<br \/>\nLo scopo dichiarato \u00e8 quello di promuovere e valorizzare la funzione educativa e sociale dello sport quale fondamentale fattore di crescita e di arricchimento dell&#8217;individuo, di preservazione della salute, di miglioramento delle qualit\u00e0 della vita e di responsabilizzazione e rafforzamento della societ\u00e0 civile.<\/p>\n<p>Altre info sono presenti sul sito: https:\/\/www.coni.it\/it\/giornata-nazionale-dello-sport.html.<\/p>","protected":false},"excerpt":{"rendered":"<p>Domenica 2 giugno, si celebrer\u00e0 in tutta Italia la \u2018Giornata Nazionale dello Sport\u2019, manifestazione istituita nel 2003 dalla Presidenza del Consiglio dei Ministri. Si tratta di un appuntamento aperto a tutti, previsto contemporaneamente sul territorio nazionale, rivolto specificatamente a chi ama e pratica lo sport e alla promozione di numerose discipline sportive. Quest\u2019anno la \u2018Giornata [&hellip;]<\/p>\n","protected":false},"author":2,"featured_media":0,"comment_status":"closed","ping_status":"open","sticky":false,"template":"","format":"standard","meta":{"footnotes":""},"categories":[27,26,8,4],"tags":[],"class_list":["post-105016","post","type-post","status-publish","format-standard","category-appuntamenti","category-prima-pagina","category-societa-istituzioni","category-sport"],"yoast_head":"<!-- This site is optimized with the Yoast SEO plugin v28.4 - https:\/\/yoast.com\/product\/yoast-seo-wordpress\/ -->\n<title>Domenica la Giornata nazionale dello sport. Le iniziative a Belluno - Bellunopress - Dolomiti<\/title>\n<meta name=\"robots\" content=\"index, follow, max-snippet:-1, max-image-preview:large, max-video-preview:-1\" \/>\n<link rel=\"canonical\" href=\"https:\/\/www.bellunopress.it\/fr\/2019\/05\/30\/domenica-la-giornata-nazionale-dello-sport-le-iniziative-a-belluno\/\" \/>\n<meta property=\"og:locale\" content=\"fr_FR\" \/>\n<meta property=\"og:type\" content=\"article\" \/>\n<meta property=\"og:title\" content=\"Domenica la Giornata nazionale dello sport. Le iniziative a Belluno - Bellunopress - Dolomiti\" \/>\n<meta property=\"og:description\" content=\"Domenica 2 giugno, si celebrer\u00e0 in tutta Italia la \u2018Giornata Nazionale dello Sport\u2019, manifestazione istituita nel 2003 dalla Presidenza del Consiglio dei Ministri. Si tratta di un appuntamento aperto a tutti, previsto contemporaneamente sul territorio nazionale, rivolto specificatamente a chi ama e pratica lo sport e alla promozione di numerose discipline sportive. Quest\u2019anno la \u2018Giornata [&hellip;]\" \/>\n<meta property=\"og:url\" content=\"https:\/\/www.bellunopress.it\/fr\/2019\/05\/30\/domenica-la-giornata-nazionale-dello-sport-le-iniziative-a-belluno\/\" \/>\n<meta property=\"og:site_name\" content=\"Bellunopress - Dolomiti\" \/>\n<meta property=\"article:publisher\" content=\"https:\/\/www.facebook.com\/profile.php?id=100008943462799\" \/>\n<meta property=\"article:published_time\" content=\"2019-05-30T10:06:27+00:00\" \/>\n<meta property=\"og:image\" content=\"http:\/\/www.bellunopress.it\/wp-content\/uploads\/2019\/05\/Coni.jpg\" \/>\n<meta name=\"author\" content=\"redazione\" \/>\n<meta name=\"twitter:card\" content=\"summary_large_image\" \/>\n<meta name=\"twitter:creator\" content=\"@bellunopress\" \/>\n<meta name=\"twitter:site\" content=\"@bellunopress\" \/>\n<meta name=\"twitter:label1\" content=\"\u00c9crit par\" \/>\n\t<meta name=\"twitter:data1\" content=\"redazione\" \/>\n\t<meta name=\"twitter:label2\" content=\"Dur\u00e9e de lecture estim\u00e9e\" \/>\n\t<meta name=\"twitter:data2\" content=\"1 minute\" \/>\n<script type=\"application\/ld+json\" class=\"yoast-schema-graph\">{\"@context\":\"https:\\\/\\\/schema.org\",\"@graph\":[{\"@type\":\"Article\",\"@id\":\"https:\\\/\\\/www.bellunopress.it\\\/2019\\\/05\\\/30\\\/domenica-la-giornata-nazionale-dello-sport-le-iniziative-a-belluno\\\/#article\",\"isPartOf\":{\"@id\":\"https:\\\/\\\/www.bellunopress.it\\\/2019\\\/05\\\/30\\\/domenica-la-giornata-nazionale-dello-sport-le-iniziative-a-belluno\\\/\"},\"author\":{\"name\":\"redazione\",\"@id\":\"https:\\\/\\\/www.bellunopress.it\\\/#\\\/schema\\\/person\\\/79bb06722b37ece1c03d3e94beb30d73\"},\"headline\":\"Domenica la Giornata nazionale dello sport. Le iniziative a Belluno\",\"datePublished\":\"2019-05-30T10:06:27+00:00\",\"mainEntityOfPage\":{\"@id\":\"https:\\\/\\\/www.bellunopress.it\\\/2019\\\/05\\\/30\\\/domenica-la-giornata-nazionale-dello-sport-le-iniziative-a-belluno\\\/\"},\"wordCount\":271,\"publisher\":{\"@id\":\"https:\\\/\\\/www.bellunopress.it\\\/#organization\"},\"image\":{\"@id\":\"https:\\\/\\\/www.bellunopress.it\\\/2019\\\/05\\\/30\\\/domenica-la-giornata-nazionale-dello-sport-le-iniziative-a-belluno\\\/#primaryimage\"},\"thumbnailUrl\":\"http:\\\/\\\/www.bellunopress.it\\\/wp-content\\\/uploads\\\/2019\\\/05\\\/Coni.jpg\",\"articleSection\":[\"Appuntamenti, Eventi\",\"Prima Pagina\",\"Societ\u00e0, Associazioni, Istituzioni\",\"Sport, tempo libero\"],\"inLanguage\":\"fr-FR\"},{\"@type\":\"WebPage\",\"@id\":\"https:\\\/\\\/www.bellunopress.it\\\/2019\\\/05\\\/30\\\/domenica-la-giornata-nazionale-dello-sport-le-iniziative-a-belluno\\\/\",\"url\":\"https:\\\/\\\/www.bellunopress.it\\\/2019\\\/05\\\/30\\\/domenica-la-giornata-nazionale-dello-sport-le-iniziative-a-belluno\\\/\",\"name\":\"Domenica la Giornata nazionale dello sport. Le iniziative a Belluno - Bellunopress - Dolomiti\",\"isPartOf\":{\"@id\":\"https:\\\/\\\/www.bellunopress.it\\\/#website\"},\"primaryImageOfPage\":{\"@id\":\"https:\\\/\\\/www.bellunopress.it\\\/2019\\\/05\\\/30\\\/domenica-la-giornata-nazionale-dello-sport-le-iniziative-a-belluno\\\/#primaryimage\"},\"image\":{\"@id\":\"https:\\\/\\\/www.bellunopress.it\\\/2019\\\/05\\\/30\\\/domenica-la-giornata-nazionale-dello-sport-le-iniziative-a-belluno\\\/#primaryimage\"},\"thumbnailUrl\":\"http:\\\/\\\/www.bellunopress.it\\\/wp-content\\\/uploads\\\/2019\\\/05\\\/Coni.jpg\",\"datePublished\":\"2019-05-30T10:06:27+00:00\",\"breadcrumb\":{\"@id\":\"https:\\\/\\\/www.bellunopress.it\\\/2019\\\/05\\\/30\\\/domenica-la-giornata-nazionale-dello-sport-le-iniziative-a-belluno\\\/#breadcrumb\"},\"inLanguage\":\"fr-FR\",\"potentialAction\":[{\"@type\":\"ReadAction\",\"target\":[\"https:\\\/\\\/www.bellunopress.it\\\/2019\\\/05\\\/30\\\/domenica-la-giornata-nazionale-dello-sport-le-iniziative-a-belluno\\\/\"]}]},{\"@type\":\"ImageObject\",\"inLanguage\":\"fr-FR\",\"@id\":\"https:\\\/\\\/www.bellunopress.it\\\/2019\\\/05\\\/30\\\/domenica-la-giornata-nazionale-dello-sport-le-iniziative-a-belluno\\\/#primaryimage\",\"url\":\"http:\\\/\\\/www.bellunopress.it\\\/wp-content\\\/uploads\\\/2019\\\/05\\\/Coni.jpg\",\"contentUrl\":\"http:\\\/\\\/www.bellunopress.it\\\/wp-content\\\/uploads\\\/2019\\\/05\\\/Coni.jpg\"},{\"@type\":\"BreadcrumbList\",\"@id\":\"https:\\\/\\\/www.bellunopress.it\\\/2019\\\/05\\\/30\\\/domenica-la-giornata-nazionale-dello-sport-le-iniziative-a-belluno\\\/#breadcrumb\",\"itemListElement\":[{\"@type\":\"ListItem\",\"position\":1,\"name\":\"Home\",\"item\":\"https:\\\/\\\/www.bellunopress.it\\\/\"},{\"@type\":\"ListItem\",\"position\":2,\"name\":\"Domenica la Giornata nazionale dello sport. Le iniziative a Belluno\"}]},{\"@type\":\"WebSite\",\"@id\":\"https:\\\/\\\/www.bellunopress.it\\\/#website\",\"url\":\"https:\\\/\\\/www.bellunopress.it\\\/\",\"name\":\"Bellunopress - Dolomiti\",\"description\":\"e-mail: redazione@bellunopress.it\",\"publisher\":{\"@id\":\"https:\\\/\\\/www.bellunopress.it\\\/#organization\"},\"potentialAction\":[{\"@type\":\"SearchAction\",\"target\":{\"@type\":\"EntryPoint\",\"urlTemplate\":\"https:\\\/\\\/www.bellunopress.it\\\/?s={search_term_string}\"},\"query-input\":{\"@type\":\"PropertyValueSpecification\",\"valueRequired\":true,\"valueName\":\"search_term_string\"}}],\"inLanguage\":\"fr-FR\"},{\"@type\":\"Organization\",\"@id\":\"https:\\\/\\\/www.bellunopress.it\\\/#organization\",\"name\":\"Bellunopress\",\"url\":\"https:\\\/\\\/www.bellunopress.it\\\/\",\"logo\":{\"@type\":\"ImageObject\",\"inLanguage\":\"fr-FR\",\"@id\":\"https:\\\/\\\/www.bellunopress.it\\\/#\\\/schema\\\/logo\\\/image\\\/\",\"url\":\"https:\\\/\\\/www.bellunopress.it\\\/wp-content\\\/uploads\\\/2011\\\/05\\\/cropped-logo-bellunopress-.jpg\",\"contentUrl\":\"https:\\\/\\\/www.bellunopress.it\\\/wp-content\\\/uploads\\\/2011\\\/05\\\/cropped-logo-bellunopress-.jpg\",\"width\":512,\"height\":512,\"caption\":\"Bellunopress\"},\"image\":{\"@id\":\"https:\\\/\\\/www.bellunopress.it\\\/#\\\/schema\\\/logo\\\/image\\\/\"},\"sameAs\":[\"https:\\\/\\\/www.facebook.com\\\/profile.php?id=100008943462799\",\"https:\\\/\\\/x.com\\\/bellunopress\",\"https:\\\/\\\/www.linkedin.com\\\/hp\\\/?dnr=JBzUWaJfMUw8vbXJJ2tVW5-I3jZKvC4wsoxE&amp;amp;amp;amp;amp;amp;trk=nav_responsive_tab_home\",\"https:\\\/\\\/www.youtube.com\\\/channel\\\/UCxL0wu1uN0_3_7hGG0306cw\"]},{\"@type\":\"Person\",\"@id\":\"https:\\\/\\\/www.bellunopress.it\\\/#\\\/schema\\\/person\\\/79bb06722b37ece1c03d3e94beb30d73\",\"name\":\"redazione\",\"image\":{\"@type\":\"ImageObject\",\"inLanguage\":\"fr-FR\",\"@id\":\"https:\\\/\\\/secure.gravatar.com\\\/avatar\\\/37d968a2e67a6fd04c169c4bdef102d0bc5d31b2546345219e348575eb80e9a0?s=96&d=mm&r=g\",\"url\":\"https:\\\/\\\/secure.gravatar.com\\\/avatar\\\/37d968a2e67a6fd04c169c4bdef102d0bc5d31b2546345219e348575eb80e9a0?s=96&d=mm&r=g\",\"contentUrl\":\"https:\\\/\\\/secure.gravatar.com\\\/avatar\\\/37d968a2e67a6fd04c169c4bdef102d0bc5d31b2546345219e348575eb80e9a0?s=96&d=mm&r=g\",\"caption\":\"redazione\"},\"sameAs\":[\"http:\\\/\\\/www.bellunopress.it\",\"https:\\\/\\\/x.com\\\/bellunopress\"],\"url\":\"https:\\\/\\\/www.bellunopress.it\\\/fr\\\/author\\\/redazione\\\/\"}]}<\/script>\n<!-- \/ Yoast SEO plugin. -->","yoast_head_json":{"title":"Domenica la Giornata nazionale dello sport. Le iniziative a Belluno - Bellunopress - Dolomiti","robots":{"index":"index","follow":"follow","max-snippet":"max-snippet:-1","max-image-preview":"max-image-preview:large","max-video-preview":"max-video-preview:-1"},"canonical":"https:\/\/www.bellunopress.it\/fr\/2019\/05\/30\/domenica-la-giornata-nazionale-dello-sport-le-iniziative-a-belluno\/","og_locale":"fr_FR","og_type":"article","og_title":"Domenica la Giornata nazionale dello sport. Le iniziative a Belluno - Bellunopress - Dolomiti","og_description":"Domenica 2 giugno, si celebrer\u00e0 in tutta Italia la \u2018Giornata Nazionale dello Sport\u2019, manifestazione istituita nel 2003 dalla Presidenza del Consiglio dei Ministri. Si tratta di un appuntamento aperto a tutti, previsto contemporaneamente sul territorio nazionale, rivolto specificatamente a chi ama e pratica lo sport e alla promozione di numerose discipline sportive. Quest\u2019anno la \u2018Giornata [&hellip;]","og_url":"https:\/\/www.bellunopress.it\/fr\/2019\/05\/30\/domenica-la-giornata-nazionale-dello-sport-le-iniziative-a-belluno\/","og_site_name":"Bellunopress - Dolomiti","article_publisher":"https:\/\/www.facebook.com\/profile.php?id=100008943462799","article_published_time":"2019-05-30T10:06:27+00:00","og_image":[{"url":"http:\/\/www.bellunopress.it\/wp-content\/uploads\/2019\/05\/Coni.jpg","type":"","width":"","height":""}],"author":"redazione","twitter_card":"summary_large_image","twitter_creator":"@bellunopress","twitter_site":"@bellunopress","twitter_misc":{"\u00c9crit par":"redazione","Dur\u00e9e de lecture estim\u00e9e":"1 minute"},"schema":{"@context":"https:\/\/schema.org","@graph":[{"@type":"Article","@id":"https:\/\/www.bellunopress.it\/2019\/05\/30\/domenica-la-giornata-nazionale-dello-sport-le-iniziative-a-belluno\/#article","isPartOf":{"@id":"https:\/\/www.bellunopress.it\/2019\/05\/30\/domenica-la-giornata-nazionale-dello-sport-le-iniziative-a-belluno\/"},"author":{"name":"redazione","@id":"https:\/\/www.bellunopress.it\/#\/schema\/person\/79bb06722b37ece1c03d3e94beb30d73"},"headline":"Domenica la Giornata nazionale dello sport. Le iniziative a Belluno","datePublished":"2019-05-30T10:06:27+00:00","mainEntityOfPage":{"@id":"https:\/\/www.bellunopress.it\/2019\/05\/30\/domenica-la-giornata-nazionale-dello-sport-le-iniziative-a-belluno\/"},"wordCount":271,"publisher":{"@id":"https:\/\/www.bellunopress.it\/#organization"},"image":{"@id":"https:\/\/www.bellunopress.it\/2019\/05\/30\/domenica-la-giornata-nazionale-dello-sport-le-iniziative-a-belluno\/#primaryimage"},"thumbnailUrl":"http:\/\/www.bellunopress.it\/wp-content\/uploads\/2019\/05\/Coni.jpg","articleSection":["Appuntamenti, Eventi","Prima Pagina","Societ\u00e0, Associazioni, Istituzioni","Sport, tempo libero"],"inLanguage":"fr-FR"},{"@type":"WebPage","@id":"https:\/\/www.bellunopress.it\/2019\/05\/30\/domenica-la-giornata-nazionale-dello-sport-le-iniziative-a-belluno\/","url":"https:\/\/www.bellunopress.it\/2019\/05\/30\/domenica-la-giornata-nazionale-dello-sport-le-iniziative-a-belluno\/","name":"Domenica la Giornata nazionale dello sport. Le iniziative a Belluno - Bellunopress - Dolomiti","isPartOf":{"@id":"https:\/\/www.bellunopress.it\/#website"},"primaryImageOfPage":{"@id":"https:\/\/www.bellunopress.it\/2019\/05\/30\/domenica-la-giornata-nazionale-dello-sport-le-iniziative-a-belluno\/#primaryimage"},"image":{"@id":"https:\/\/www.bellunopress.it\/2019\/05\/30\/domenica-la-giornata-nazionale-dello-sport-le-iniziative-a-belluno\/#primaryimage"},"thumbnailUrl":"http:\/\/www.bellunopress.it\/wp-content\/uploads\/2019\/05\/Coni.jpg","datePublished":"2019-05-30T10:06:27+00:00","breadcrumb":{"@id":"https:\/\/www.bellunopress.it\/2019\/05\/30\/domenica-la-giornata-nazionale-dello-sport-le-iniziative-a-belluno\/#breadcrumb"},"inLanguage":"fr-FR","potentialAction":[{"@type":"ReadAction","target":["https:\/\/www.bellunopress.it\/2019\/05\/30\/domenica-la-giornata-nazionale-dello-sport-le-iniziative-a-belluno\/"]}]},{"@type":"ImageObject","inLanguage":"fr-FR","@id":"https:\/\/www.bellunopress.it\/2019\/05\/30\/domenica-la-giornata-nazionale-dello-sport-le-iniziative-a-belluno\/#primaryimage","url":"http:\/\/www.bellunopress.it\/wp-content\/uploads\/2019\/05\/Coni.jpg","contentUrl":"http:\/\/www.bellunopress.it\/wp-content\/uploads\/2019\/05\/Coni.jpg"},{"@type":"BreadcrumbList","@id":"https:\/\/www.bellunopress.it\/2019\/05\/30\/domenica-la-giornata-nazionale-dello-sport-le-iniziative-a-belluno\/#breadcrumb","itemListElement":[{"@type":"ListItem","position":1,"name":"Home","item":"https:\/\/www.bellunopress.it\/"},{"@type":"ListItem","position":2,"name":"Domenica la Giornata nazionale dello sport. Le iniziative a Belluno"}]},{"@type":"WebSite","@id":"https:\/\/www.bellunopress.it\/#website","url":"https:\/\/www.bellunopress.it\/","name":"Bellunopress - Dolomiti","description":"e-mail: redazione@bellunopress.it","publisher":{"@id":"https:\/\/www.bellunopress.it\/#organization"},"potentialAction":[{"@type":"SearchAction","target":{"@type":"EntryPoint","urlTemplate":"https:\/\/www.bellunopress.it\/?s={search_term_string}"},"query-input":{"@type":"PropertyValueSpecification","valueRequired":true,"valueName":"search_term_string"}}],"inLanguage":"fr-FR"},{"@type":"Organization","@id":"https:\/\/www.bellunopress.it\/#organization","name":"Bellunopress","url":"https:\/\/www.bellunopress.it\/","logo":{"@type":"ImageObject","inLanguage":"fr-FR","@id":"https:\/\/www.bellunopress.it\/#\/schema\/logo\/image\/","url":"https:\/\/www.bellunopress.it\/wp-content\/uploads\/2011\/05\/cropped-logo-bellunopress-.jpg","contentUrl":"https:\/\/www.bellunopress.it\/wp-content\/uploads\/2011\/05\/cropped-logo-bellunopress-.jpg","width":512,"height":512,"caption":"Bellunopress"},"image":{"@id":"https:\/\/www.bellunopress.it\/#\/schema\/logo\/image\/"},"sameAs":["https:\/\/www.facebook.com\/profile.php?id=100008943462799","https:\/\/x.com\/bellunopress","https:\/\/www.linkedin.com\/hp\/?dnr=JBzUWaJfMUw8vbXJJ2tVW5-I3jZKvC4wsoxE&amp;amp;amp;amp;amp;amp;trk=nav_responsive_tab_home","https:\/\/www.youtube.com\/channel\/UCxL0wu1uN0_3_7hGG0306cw"]},{"@type":"Person","@id":"https:\/\/www.bellunopress.it\/#\/schema\/person\/79bb06722b37ece1c03d3e94beb30d73","name":"r\u00e9daction","image":{"@type":"ImageObject","inLanguage":"fr-FR","@id":"https:\/\/secure.gravatar.com\/avatar\/37d968a2e67a6fd04c169c4bdef102d0bc5d31b2546345219e348575eb80e9a0?s=96&d=mm&r=g","url":"https:\/\/secure.gravatar.com\/avatar\/37d968a2e67a6fd04c169c4bdef102d0bc5d31b2546345219e348575eb80e9a0?s=96&d=mm&r=g","contentUrl":"https:\/\/secure.gravatar.com\/avatar\/37d968a2e67a6fd04c169c4bdef102d0bc5d31b2546345219e348575eb80e9a0?s=96&d=mm&r=g","caption":"redazione"},"sameAs":["http:\/\/www.bellunopress.it","https:\/\/x.com\/bellunopress"],"url":"https:\/\/www.bellunopress.it\/fr\/author\/redazione\/"}]}},"_links":{"self":[{"href":"https:\/\/www.bellunopress.it\/fr\/wp-json\/wp\/v2\/posts\/105016","targetHints":{"allow":["GET"]}}],"collection":[{"href":"https:\/\/www.bellunopress.it\/fr\/wp-json\/wp\/v2\/posts"}],"about":[{"href":"https:\/\/www.bellunopress.it\/fr\/wp-json\/wp\/v2\/types\/post"}],"author":[{"embeddable":true,"href":"https:\/\/www.bellunopress.it\/fr\/wp-json\/wp\/v2\/users\/2"}],"replies":[{"embeddable":true,"href":"https:\/\/www.bellunopress.it\/fr\/wp-json\/wp\/v2\/comments?post=105016"}],"version-history":[{"count":1,"href":"https:\/\/www.bellunopress.it\/fr\/wp-json\/wp\/v2\/posts\/105016\/revisions"}],"predecessor-version":[{"id":105018,"href":"https:\/\/www.bellunopress.it\/fr\/wp-json\/wp\/v2\/posts\/105016\/revisions\/105018"}],"wp:attachment":[{"href":"https:\/\/www.bellunopress.it\/fr\/wp-json\/wp\/v2\/media?parent=105016"}],"wp:term":[{"taxonomy":"category","embeddable":true,"href":"https:\/\/www.bellunopress.it\/fr\/wp-json\/wp\/v2\/categories?post=105016"},{"taxonomy":"post_tag","embeddable":true,"href":"https:\/\/www.bellunopress.it\/fr\/wp-json\/wp\/v2\/tags?post=105016"}],"curies":[{"name":"wp","href":"https:\/\/api.w.org\/{rel}","templated":true}]}}