{"id":104898,"date":"2019-05-25T22:55:54","date_gmt":"2019-05-25T20:55:54","guid":{"rendered":"http:\/\/www.bellunopress.it\/?p=104898"},"modified":"2019-05-25T22:55:54","modified_gmt":"2019-05-25T20:55:54","slug":"bellezza-oltre-il-gusto-aperto-oggi-a-priocca-cuneo-lavveniristico-percorso-interattivo-ed-esperienziale-sulla-cultura-del-vino","status":"publish","type":"post","link":"https:\/\/www.bellunopress.it\/fr\/2019\/05\/25\/bellezza-oltre-il-gusto-aperto-oggi-a-priocca-cuneo-lavveniristico-percorso-interattivo-ed-esperienziale-sulla-cultura-del-vino\/","title":{"rendered":"Bellezza oltre il gusto. Aperto oggi a Priocca (Cuneo), l\u2019avveniristico percorso interattivo ed esperienziale sulla cultura del vino"},"content":{"rendered":"<p><strong><a href=\"http:\/\/www.bellunopress.it\/fr\/2009\/09\/16\/nuovo-negozio-di-bevande-con-vetro-a-rendere-a-ponte-nelle-alpi\/vino\/\" rel=\"attachment wp-att-8159\"><img loading=\"lazy\" decoding=\"async\" class=\"alignleft size-full wp-image-8159\" src=\"http:\/\/www.bellunopress.it\/wp-content\/uploads\/2009\/09\/vino.jpg\" alt=\"\" width=\"280\" height=\"138\" \/><\/a>Oltre 1000 visitatori, tra wine-lovers, operatori del settore, giornalisti e molti curiosi, hanno \u201cbattezzato\u201d Wine Experience by Mondodelvino l\u2019avveniristico percorso interattivo ed esperienziale di cultura del vino inaugurato oggi nelle cantine del gruppo vinicolo a Priocca. Al mattino, esperti, produttori, giornalisti e operatori di fama internazionale hanno animato un intenso dibattito nel Wine Talk intitolato Il valore della bellezza oltre il gusto<\/strong><\/p>\n<p>Priocca, 25 maggio 2019 \u2013 Grande successo di pubblico all\u2019apertura di Wine Experience by Mondodelvino l\u2019avveniristico percorso interattivo ed esperienziale di cultura del vino inaugurato oggi nelle cantine del gruppo vinicolo a Priocca, dal fondatore dell\u2019azienda Alfeo Martini e dal Sindaco di Priocca, Marco Perosino.<br \/>\nNel cuore di una delle aree vinicole piemontesi pi\u00f9 famose al mondo, il Roero, riconosciuto dall\u2019Unesco \u201cPatrimonio dell\u2019Umanit\u00e0\u201d, oltre un migliaio di visitatori tra wine-lovers, operatori del settore, giornalisti e molti curiosi, hanno \u201cbattezzato\u201d una originale installazione multimediale, studiata per guidare il consumatore alla scoperta del complesso e affascinante universo del vino attraverso i cinque sensi con una full immersion tra storia, territori, vitigni, tecniche produttive, profumi, sapori e abbinamenti.<br \/>\n\u201cNel week-end di Cantine Aperte abbiamo voluto offrire all\u2019enoturista ed al semplice curioso un\u2019occasione particolare per scoprire l\u2019universo del vino andando oltre la bellezza dei territori viticoli \u2013 ha spiegato Marco Martini, CEO di Mondodelvino SpA \u2013 esplorando, attraverso l\u2019ausilio delle moderne tecnologie digitali e multimediali, la storia millenaria, la ricchezza di biodiversit\u00e0 offerta dai vitigni, le curiosit\u00e0 nascoste nel suo lungo e articolato processo produttivo e nei segreti della degustazione e dell\u2019abbinamento a tavola, in un percorso esperienziale unico nel nostro Paese. Il nostro investimento \u2013 ha proseguito Martini \u2013 si vuole proporre come meta privilegiata nei circuiti turistici del Roero, Langhe, Asti e Monferrato per accompagnare tutti, turisti e appassionati, italiani e stranieri, in un lungo e affascinante viaggio attraverso la cultura vitivinicola nel contesto di uno tra i paesaggi vitati pi\u00f9 belli del mondo\u201d.<br \/>\nBellezza che, nella sue varie declinazioni dall\u2019arte al turismo, dalla cucina al paesaggio, dalla letteratura alla comunicazione, dal vino ai territori \u00e8 stato il tema del wine talk intitolato \u201cIl valore della bellezza oltre il gusto\u201d dedicato ad una riflessione sul \u201cbello oltre il buono\u201d, coordinato da Federico Quaranta, conduttore radiofonico e televisivo. I relatori, Mario Fregoni (Presidente onorario dell\u2019Organizzazione Internazionale della vite e del vino) e Maria Elena Rossi (Direttore Marketing e Promozione presso Ente Nazionale Italiano del Turismo), hanno approfondito sotto diverse angolazioni la bellezza dei paesaggi viticoli anche come elementto di attrazione turistica; Paolo Massobrio (giornalista e autore de \u201cIl Golosario\u201d) e Umberto Gambino (Caposervizio TG2 e ideatore di wining.it) hanno trattato gli aspetti di comunicazione del tema tra letteratura e nuovi social; Luciano Tona (Promotion Manager Team Italia, Direttore Accademia Bocuse D\u2019Or Italia) e Michele Coppola (Executive Director Arte, Cultura e Beni Storici, Direttore Gallerie d\u2019Italia, Intesa Sanpaolo) hanno approfondito una riflessione del bello tra cucina e promozione culturale, mentre Riccardo Cotarella (Presidente di Assoenologi) ha condiviso con Ernesto Abbona (presidente di Unione Italiana Vini) e il produttore Angelo Gaja l\u2019importanza della bellezza nella valorizzaione della cultura e dei territori del vino.<br \/>\nDomani, la Wine Experience by Mondodelvino continua il suo primo week end di apertura (dalle ore 10:00 alle 20:00) e, dalle prenotazioni, si annuncia un nuovo successo.<\/p>\n<p>Per info e prenotazioni +39 0173 248307 we@mondodelvino.com<\/p>\n<p>Mondodelvino Spa \u00e8 la holding di un gruppo di cantine che si posiziona tra le prime 20 aziende vinicole d\u2019Italia per vendite. Le cantine del gruppo si contraddistinguono per i vini di elevata qualit\u00e0 e pregio, per l\u2019attenzione che dedicano ai territori e per gli stabilimenti all\u2019avanguardia in termini di innovazione e sostenibiit\u00e0. Fanno parte del Gruppo Mondodelvino SpA diverse cantine presenti sul territorio italiano: Piemonte, MGM Srl a Priocca con l\u2019affinamento e la produzione di vini classici Piemontesi, Cuvage Srl ad Acqui Terme con la produzione di Bollicine Piemontesi, Sicilia Barone Montalto SpA, uno dei principali marchi di vini fini Siciliani e Romagna Poderi dal Nespoli Srl: Sangiovese di qualit\u00e0 e vini bianchi innovativi.<\/p>","protected":false},"excerpt":{"rendered":"<p>Oltre 1000 visitatori, tra wine-lovers, operatori del settore, giornalisti e molti curiosi, hanno \u201cbattezzato\u201d Wine Experience by Mondodelvino l\u2019avveniristico percorso interattivo ed esperienziale di cultura del vino inaugurato oggi nelle cantine del gruppo vinicolo a Priocca. Al mattino, esperti, produttori, giornalisti e operatori di fama internazionale hanno animato un intenso dibattito nel Wine Talk intitolato [&hellip;]<\/p>\n","protected":false},"author":2,"featured_media":0,"comment_status":"closed","ping_status":"open","sticky":false,"template":"","format":"standard","meta":{"footnotes":""},"categories":[3393],"tags":[],"class_list":["post-104898","post","type-post","status-publish","format-standard","category-eventi-enogastronomici"],"yoast_head":"<!-- This site is optimized with the Yoast SEO plugin v28.4 - https:\/\/yoast.com\/product\/yoast-seo-wordpress\/ -->\n<title>Bellezza oltre il gusto. Aperto oggi a Priocca (Cuneo), l\u2019avveniristico percorso interattivo ed esperienziale sulla cultura del vino - Bellunopress - Dolomiti<\/title>\n<meta name=\"robots\" content=\"index, follow, max-snippet:-1, max-image-preview:large, max-video-preview:-1\" \/>\n<link rel=\"canonical\" href=\"https:\/\/www.bellunopress.it\/fr\/2019\/05\/25\/bellezza-oltre-il-gusto-aperto-oggi-a-priocca-cuneo-lavveniristico-percorso-interattivo-ed-esperienziale-sulla-cultura-del-vino\/\" \/>\n<meta property=\"og:locale\" content=\"fr_FR\" \/>\n<meta property=\"og:type\" content=\"article\" \/>\n<meta property=\"og:title\" content=\"Bellezza oltre il gusto. Aperto oggi a Priocca (Cuneo), l\u2019avveniristico percorso interattivo ed esperienziale sulla cultura del vino - Bellunopress - Dolomiti\" \/>\n<meta property=\"og:description\" content=\"Oltre 1000 visitatori, tra wine-lovers, operatori del settore, giornalisti e molti curiosi, hanno \u201cbattezzato\u201d Wine Experience by Mondodelvino l\u2019avveniristico percorso interattivo ed esperienziale di cultura del vino inaugurato oggi nelle cantine del gruppo vinicolo a Priocca. Al mattino, esperti, produttori, giornalisti e operatori di fama internazionale hanno animato un intenso dibattito nel Wine Talk intitolato [&hellip;]\" \/>\n<meta property=\"og:url\" content=\"https:\/\/www.bellunopress.it\/fr\/2019\/05\/25\/bellezza-oltre-il-gusto-aperto-oggi-a-priocca-cuneo-lavveniristico-percorso-interattivo-ed-esperienziale-sulla-cultura-del-vino\/\" \/>\n<meta property=\"og:site_name\" content=\"Bellunopress - Dolomiti\" \/>\n<meta property=\"article:publisher\" content=\"https:\/\/www.facebook.com\/profile.php?id=100008943462799\" \/>\n<meta property=\"article:published_time\" content=\"2019-05-25T20:55:54+00:00\" \/>\n<meta property=\"og:image\" content=\"http:\/\/www.bellunopress.it\/wp-content\/uploads\/2009\/09\/vino.jpg\" \/>\n<meta name=\"author\" content=\"redazione\" \/>\n<meta name=\"twitter:card\" content=\"summary_large_image\" \/>\n<meta name=\"twitter:creator\" content=\"@bellunopress\" \/>\n<meta name=\"twitter:site\" content=\"@bellunopress\" \/>\n<meta name=\"twitter:label1\" content=\"\u00c9crit par\" \/>\n\t<meta name=\"twitter:data1\" content=\"redazione\" \/>\n\t<meta name=\"twitter:label2\" content=\"Dur\u00e9e de lecture estim\u00e9e\" \/>\n\t<meta name=\"twitter:data2\" content=\"3 minutes\" \/>\n<script type=\"application\/ld+json\" class=\"yoast-schema-graph\">{\"@context\":\"https:\\\/\\\/schema.org\",\"@graph\":[{\"@type\":\"Article\",\"@id\":\"https:\\\/\\\/www.bellunopress.it\\\/2019\\\/05\\\/25\\\/bellezza-oltre-il-gusto-aperto-oggi-a-priocca-cuneo-lavveniristico-percorso-interattivo-ed-esperienziale-sulla-cultura-del-vino\\\/#article\",\"isPartOf\":{\"@id\":\"https:\\\/\\\/www.bellunopress.it\\\/2019\\\/05\\\/25\\\/bellezza-oltre-il-gusto-aperto-oggi-a-priocca-cuneo-lavveniristico-percorso-interattivo-ed-esperienziale-sulla-cultura-del-vino\\\/\"},\"author\":{\"name\":\"redazione\",\"@id\":\"https:\\\/\\\/www.bellunopress.it\\\/#\\\/schema\\\/person\\\/79bb06722b37ece1c03d3e94beb30d73\"},\"headline\":\"Bellezza oltre il gusto. Aperto oggi a Priocca (Cuneo), l\u2019avveniristico percorso interattivo ed esperienziale sulla cultura del vino\",\"datePublished\":\"2019-05-25T20:55:54+00:00\",\"mainEntityOfPage\":{\"@id\":\"https:\\\/\\\/www.bellunopress.it\\\/2019\\\/05\\\/25\\\/bellezza-oltre-il-gusto-aperto-oggi-a-priocca-cuneo-lavveniristico-percorso-interattivo-ed-esperienziale-sulla-cultura-del-vino\\\/\"},\"wordCount\":686,\"publisher\":{\"@id\":\"https:\\\/\\\/www.bellunopress.it\\\/#organization\"},\"image\":{\"@id\":\"https:\\\/\\\/www.bellunopress.it\\\/2019\\\/05\\\/25\\\/bellezza-oltre-il-gusto-aperto-oggi-a-priocca-cuneo-lavveniristico-percorso-interattivo-ed-esperienziale-sulla-cultura-del-vino\\\/#primaryimage\"},\"thumbnailUrl\":\"http:\\\/\\\/www.bellunopress.it\\\/wp-content\\\/uploads\\\/2009\\\/09\\\/vino.jpg\",\"articleSection\":[\"Eventi enogastronomici\"],\"inLanguage\":\"fr-FR\"},{\"@type\":\"WebPage\",\"@id\":\"https:\\\/\\\/www.bellunopress.it\\\/2019\\\/05\\\/25\\\/bellezza-oltre-il-gusto-aperto-oggi-a-priocca-cuneo-lavveniristico-percorso-interattivo-ed-esperienziale-sulla-cultura-del-vino\\\/\",\"url\":\"https:\\\/\\\/www.bellunopress.it\\\/2019\\\/05\\\/25\\\/bellezza-oltre-il-gusto-aperto-oggi-a-priocca-cuneo-lavveniristico-percorso-interattivo-ed-esperienziale-sulla-cultura-del-vino\\\/\",\"name\":\"Bellezza oltre il gusto. Aperto oggi a Priocca (Cuneo), l\u2019avveniristico percorso interattivo ed esperienziale sulla cultura del vino - Bellunopress - Dolomiti\",\"isPartOf\":{\"@id\":\"https:\\\/\\\/www.bellunopress.it\\\/#website\"},\"primaryImageOfPage\":{\"@id\":\"https:\\\/\\\/www.bellunopress.it\\\/2019\\\/05\\\/25\\\/bellezza-oltre-il-gusto-aperto-oggi-a-priocca-cuneo-lavveniristico-percorso-interattivo-ed-esperienziale-sulla-cultura-del-vino\\\/#primaryimage\"},\"image\":{\"@id\":\"https:\\\/\\\/www.bellunopress.it\\\/2019\\\/05\\\/25\\\/bellezza-oltre-il-gusto-aperto-oggi-a-priocca-cuneo-lavveniristico-percorso-interattivo-ed-esperienziale-sulla-cultura-del-vino\\\/#primaryimage\"},\"thumbnailUrl\":\"http:\\\/\\\/www.bellunopress.it\\\/wp-content\\\/uploads\\\/2009\\\/09\\\/vino.jpg\",\"datePublished\":\"2019-05-25T20:55:54+00:00\",\"breadcrumb\":{\"@id\":\"https:\\\/\\\/www.bellunopress.it\\\/2019\\\/05\\\/25\\\/bellezza-oltre-il-gusto-aperto-oggi-a-priocca-cuneo-lavveniristico-percorso-interattivo-ed-esperienziale-sulla-cultura-del-vino\\\/#breadcrumb\"},\"inLanguage\":\"fr-FR\",\"potentialAction\":[{\"@type\":\"ReadAction\",\"target\":[\"https:\\\/\\\/www.bellunopress.it\\\/2019\\\/05\\\/25\\\/bellezza-oltre-il-gusto-aperto-oggi-a-priocca-cuneo-lavveniristico-percorso-interattivo-ed-esperienziale-sulla-cultura-del-vino\\\/\"]}]},{\"@type\":\"ImageObject\",\"inLanguage\":\"fr-FR\",\"@id\":\"https:\\\/\\\/www.bellunopress.it\\\/2019\\\/05\\\/25\\\/bellezza-oltre-il-gusto-aperto-oggi-a-priocca-cuneo-lavveniristico-percorso-interattivo-ed-esperienziale-sulla-cultura-del-vino\\\/#primaryimage\",\"url\":\"http:\\\/\\\/www.bellunopress.it\\\/wp-content\\\/uploads\\\/2009\\\/09\\\/vino.jpg\",\"contentUrl\":\"http:\\\/\\\/www.bellunopress.it\\\/wp-content\\\/uploads\\\/2009\\\/09\\\/vino.jpg\"},{\"@type\":\"BreadcrumbList\",\"@id\":\"https:\\\/\\\/www.bellunopress.it\\\/2019\\\/05\\\/25\\\/bellezza-oltre-il-gusto-aperto-oggi-a-priocca-cuneo-lavveniristico-percorso-interattivo-ed-esperienziale-sulla-cultura-del-vino\\\/#breadcrumb\",\"itemListElement\":[{\"@type\":\"ListItem\",\"position\":1,\"name\":\"Home\",\"item\":\"https:\\\/\\\/www.bellunopress.it\\\/\"},{\"@type\":\"ListItem\",\"position\":2,\"name\":\"Bellezza oltre il gusto. Aperto oggi a Priocca (Cuneo), l\u2019avveniristico percorso interattivo ed esperienziale sulla cultura del vino\"}]},{\"@type\":\"WebSite\",\"@id\":\"https:\\\/\\\/www.bellunopress.it\\\/#website\",\"url\":\"https:\\\/\\\/www.bellunopress.it\\\/\",\"name\":\"Bellunopress - Dolomiti\",\"description\":\"e-mail: redazione@bellunopress.it\",\"publisher\":{\"@id\":\"https:\\\/\\\/www.bellunopress.it\\\/#organization\"},\"potentialAction\":[{\"@type\":\"SearchAction\",\"target\":{\"@type\":\"EntryPoint\",\"urlTemplate\":\"https:\\\/\\\/www.bellunopress.it\\\/?s={search_term_string}\"},\"query-input\":{\"@type\":\"PropertyValueSpecification\",\"valueRequired\":true,\"valueName\":\"search_term_string\"}}],\"inLanguage\":\"fr-FR\"},{\"@type\":\"Organization\",\"@id\":\"https:\\\/\\\/www.bellunopress.it\\\/#organization\",\"name\":\"Bellunopress\",\"url\":\"https:\\\/\\\/www.bellunopress.it\\\/\",\"logo\":{\"@type\":\"ImageObject\",\"inLanguage\":\"fr-FR\",\"@id\":\"https:\\\/\\\/www.bellunopress.it\\\/#\\\/schema\\\/logo\\\/image\\\/\",\"url\":\"https:\\\/\\\/www.bellunopress.it\\\/wp-content\\\/uploads\\\/2011\\\/05\\\/cropped-logo-bellunopress-.jpg\",\"contentUrl\":\"https:\\\/\\\/www.bellunopress.it\\\/wp-content\\\/uploads\\\/2011\\\/05\\\/cropped-logo-bellunopress-.jpg\",\"width\":512,\"height\":512,\"caption\":\"Bellunopress\"},\"image\":{\"@id\":\"https:\\\/\\\/www.bellunopress.it\\\/#\\\/schema\\\/logo\\\/image\\\/\"},\"sameAs\":[\"https:\\\/\\\/www.facebook.com\\\/profile.php?id=100008943462799\",\"https:\\\/\\\/x.com\\\/bellunopress\",\"https:\\\/\\\/www.linkedin.com\\\/hp\\\/?dnr=JBzUWaJfMUw8vbXJJ2tVW5-I3jZKvC4wsoxE&amp;amp;amp;amp;amp;amp;trk=nav_responsive_tab_home\",\"https:\\\/\\\/www.youtube.com\\\/channel\\\/UCxL0wu1uN0_3_7hGG0306cw\"]},{\"@type\":\"Person\",\"@id\":\"https:\\\/\\\/www.bellunopress.it\\\/#\\\/schema\\\/person\\\/79bb06722b37ece1c03d3e94beb30d73\",\"name\":\"redazione\",\"image\":{\"@type\":\"ImageObject\",\"inLanguage\":\"fr-FR\",\"@id\":\"https:\\\/\\\/secure.gravatar.com\\\/avatar\\\/37d968a2e67a6fd04c169c4bdef102d0bc5d31b2546345219e348575eb80e9a0?s=96&d=mm&r=g\",\"url\":\"https:\\\/\\\/secure.gravatar.com\\\/avatar\\\/37d968a2e67a6fd04c169c4bdef102d0bc5d31b2546345219e348575eb80e9a0?s=96&d=mm&r=g\",\"contentUrl\":\"https:\\\/\\\/secure.gravatar.com\\\/avatar\\\/37d968a2e67a6fd04c169c4bdef102d0bc5d31b2546345219e348575eb80e9a0?s=96&d=mm&r=g\",\"caption\":\"redazione\"},\"sameAs\":[\"http:\\\/\\\/www.bellunopress.it\",\"https:\\\/\\\/x.com\\\/bellunopress\"],\"url\":\"https:\\\/\\\/www.bellunopress.it\\\/fr\\\/author\\\/redazione\\\/\"}]}<\/script>\n<!-- \/ Yoast SEO plugin. -->","yoast_head_json":{"title":"Bellezza oltre il gusto. Aperto oggi a Priocca (Cuneo), l\u2019avveniristico percorso interattivo ed esperienziale sulla cultura del vino - Bellunopress - Dolomiti","robots":{"index":"index","follow":"follow","max-snippet":"max-snippet:-1","max-image-preview":"max-image-preview:large","max-video-preview":"max-video-preview:-1"},"canonical":"https:\/\/www.bellunopress.it\/fr\/2019\/05\/25\/bellezza-oltre-il-gusto-aperto-oggi-a-priocca-cuneo-lavveniristico-percorso-interattivo-ed-esperienziale-sulla-cultura-del-vino\/","og_locale":"fr_FR","og_type":"article","og_title":"Bellezza oltre il gusto. Aperto oggi a Priocca (Cuneo), l\u2019avveniristico percorso interattivo ed esperienziale sulla cultura del vino - Bellunopress - Dolomiti","og_description":"Oltre 1000 visitatori, tra wine-lovers, operatori del settore, giornalisti e molti curiosi, hanno \u201cbattezzato\u201d Wine Experience by Mondodelvino l\u2019avveniristico percorso interattivo ed esperienziale di cultura del vino inaugurato oggi nelle cantine del gruppo vinicolo a Priocca. Al mattino, esperti, produttori, giornalisti e operatori di fama internazionale hanno animato un intenso dibattito nel Wine Talk intitolato [&hellip;]","og_url":"https:\/\/www.bellunopress.it\/fr\/2019\/05\/25\/bellezza-oltre-il-gusto-aperto-oggi-a-priocca-cuneo-lavveniristico-percorso-interattivo-ed-esperienziale-sulla-cultura-del-vino\/","og_site_name":"Bellunopress - Dolomiti","article_publisher":"https:\/\/www.facebook.com\/profile.php?id=100008943462799","article_published_time":"2019-05-25T20:55:54+00:00","og_image":[{"url":"http:\/\/www.bellunopress.it\/wp-content\/uploads\/2009\/09\/vino.jpg","type":"","width":"","height":""}],"author":"redazione","twitter_card":"summary_large_image","twitter_creator":"@bellunopress","twitter_site":"@bellunopress","twitter_misc":{"\u00c9crit par":"redazione","Dur\u00e9e de lecture estim\u00e9e":"3 minutes"},"schema":{"@context":"https:\/\/schema.org","@graph":[{"@type":"Article","@id":"https:\/\/www.bellunopress.it\/2019\/05\/25\/bellezza-oltre-il-gusto-aperto-oggi-a-priocca-cuneo-lavveniristico-percorso-interattivo-ed-esperienziale-sulla-cultura-del-vino\/#article","isPartOf":{"@id":"https:\/\/www.bellunopress.it\/2019\/05\/25\/bellezza-oltre-il-gusto-aperto-oggi-a-priocca-cuneo-lavveniristico-percorso-interattivo-ed-esperienziale-sulla-cultura-del-vino\/"},"author":{"name":"redazione","@id":"https:\/\/www.bellunopress.it\/#\/schema\/person\/79bb06722b37ece1c03d3e94beb30d73"},"headline":"Bellezza oltre il gusto. Aperto oggi a Priocca (Cuneo), l\u2019avveniristico percorso interattivo ed esperienziale sulla cultura del vino","datePublished":"2019-05-25T20:55:54+00:00","mainEntityOfPage":{"@id":"https:\/\/www.bellunopress.it\/2019\/05\/25\/bellezza-oltre-il-gusto-aperto-oggi-a-priocca-cuneo-lavveniristico-percorso-interattivo-ed-esperienziale-sulla-cultura-del-vino\/"},"wordCount":686,"publisher":{"@id":"https:\/\/www.bellunopress.it\/#organization"},"image":{"@id":"https:\/\/www.bellunopress.it\/2019\/05\/25\/bellezza-oltre-il-gusto-aperto-oggi-a-priocca-cuneo-lavveniristico-percorso-interattivo-ed-esperienziale-sulla-cultura-del-vino\/#primaryimage"},"thumbnailUrl":"http:\/\/www.bellunopress.it\/wp-content\/uploads\/2009\/09\/vino.jpg","articleSection":["Eventi enogastronomici"],"inLanguage":"fr-FR"},{"@type":"WebPage","@id":"https:\/\/www.bellunopress.it\/2019\/05\/25\/bellezza-oltre-il-gusto-aperto-oggi-a-priocca-cuneo-lavveniristico-percorso-interattivo-ed-esperienziale-sulla-cultura-del-vino\/","url":"https:\/\/www.bellunopress.it\/2019\/05\/25\/bellezza-oltre-il-gusto-aperto-oggi-a-priocca-cuneo-lavveniristico-percorso-interattivo-ed-esperienziale-sulla-cultura-del-vino\/","name":"Bellezza oltre il gusto. Aperto oggi a Priocca (Cuneo), l\u2019avveniristico percorso interattivo ed esperienziale sulla cultura del vino - Bellunopress - Dolomiti","isPartOf":{"@id":"https:\/\/www.bellunopress.it\/#website"},"primaryImageOfPage":{"@id":"https:\/\/www.bellunopress.it\/2019\/05\/25\/bellezza-oltre-il-gusto-aperto-oggi-a-priocca-cuneo-lavveniristico-percorso-interattivo-ed-esperienziale-sulla-cultura-del-vino\/#primaryimage"},"image":{"@id":"https:\/\/www.bellunopress.it\/2019\/05\/25\/bellezza-oltre-il-gusto-aperto-oggi-a-priocca-cuneo-lavveniristico-percorso-interattivo-ed-esperienziale-sulla-cultura-del-vino\/#primaryimage"},"thumbnailUrl":"http:\/\/www.bellunopress.it\/wp-content\/uploads\/2009\/09\/vino.jpg","datePublished":"2019-05-25T20:55:54+00:00","breadcrumb":{"@id":"https:\/\/www.bellunopress.it\/2019\/05\/25\/bellezza-oltre-il-gusto-aperto-oggi-a-priocca-cuneo-lavveniristico-percorso-interattivo-ed-esperienziale-sulla-cultura-del-vino\/#breadcrumb"},"inLanguage":"fr-FR","potentialAction":[{"@type":"ReadAction","target":["https:\/\/www.bellunopress.it\/2019\/05\/25\/bellezza-oltre-il-gusto-aperto-oggi-a-priocca-cuneo-lavveniristico-percorso-interattivo-ed-esperienziale-sulla-cultura-del-vino\/"]}]},{"@type":"ImageObject","inLanguage":"fr-FR","@id":"https:\/\/www.bellunopress.it\/2019\/05\/25\/bellezza-oltre-il-gusto-aperto-oggi-a-priocca-cuneo-lavveniristico-percorso-interattivo-ed-esperienziale-sulla-cultura-del-vino\/#primaryimage","url":"http:\/\/www.bellunopress.it\/wp-content\/uploads\/2009\/09\/vino.jpg","contentUrl":"http:\/\/www.bellunopress.it\/wp-content\/uploads\/2009\/09\/vino.jpg"},{"@type":"BreadcrumbList","@id":"https:\/\/www.bellunopress.it\/2019\/05\/25\/bellezza-oltre-il-gusto-aperto-oggi-a-priocca-cuneo-lavveniristico-percorso-interattivo-ed-esperienziale-sulla-cultura-del-vino\/#breadcrumb","itemListElement":[{"@type":"ListItem","position":1,"name":"Home","item":"https:\/\/www.bellunopress.it\/"},{"@type":"ListItem","position":2,"name":"Bellezza oltre il gusto. Aperto oggi a Priocca (Cuneo), l\u2019avveniristico percorso interattivo ed esperienziale sulla cultura del vino"}]},{"@type":"WebSite","@id":"https:\/\/www.bellunopress.it\/#website","url":"https:\/\/www.bellunopress.it\/","name":"Bellunopress - Dolomiti","description":"e-mail: redazione@bellunopress.it","publisher":{"@id":"https:\/\/www.bellunopress.it\/#organization"},"potentialAction":[{"@type":"SearchAction","target":{"@type":"EntryPoint","urlTemplate":"https:\/\/www.bellunopress.it\/?s={search_term_string}"},"query-input":{"@type":"PropertyValueSpecification","valueRequired":true,"valueName":"search_term_string"}}],"inLanguage":"fr-FR"},{"@type":"Organization","@id":"https:\/\/www.bellunopress.it\/#organization","name":"Bellunopress","url":"https:\/\/www.bellunopress.it\/","logo":{"@type":"ImageObject","inLanguage":"fr-FR","@id":"https:\/\/www.bellunopress.it\/#\/schema\/logo\/image\/","url":"https:\/\/www.bellunopress.it\/wp-content\/uploads\/2011\/05\/cropped-logo-bellunopress-.jpg","contentUrl":"https:\/\/www.bellunopress.it\/wp-content\/uploads\/2011\/05\/cropped-logo-bellunopress-.jpg","width":512,"height":512,"caption":"Bellunopress"},"image":{"@id":"https:\/\/www.bellunopress.it\/#\/schema\/logo\/image\/"},"sameAs":["https:\/\/www.facebook.com\/profile.php?id=100008943462799","https:\/\/x.com\/bellunopress","https:\/\/www.linkedin.com\/hp\/?dnr=JBzUWaJfMUw8vbXJJ2tVW5-I3jZKvC4wsoxE&amp;amp;amp;amp;amp;amp;trk=nav_responsive_tab_home","https:\/\/www.youtube.com\/channel\/UCxL0wu1uN0_3_7hGG0306cw"]},{"@type":"Person","@id":"https:\/\/www.bellunopress.it\/#\/schema\/person\/79bb06722b37ece1c03d3e94beb30d73","name":"r\u00e9daction","image":{"@type":"ImageObject","inLanguage":"fr-FR","@id":"https:\/\/secure.gravatar.com\/avatar\/37d968a2e67a6fd04c169c4bdef102d0bc5d31b2546345219e348575eb80e9a0?s=96&d=mm&r=g","url":"https:\/\/secure.gravatar.com\/avatar\/37d968a2e67a6fd04c169c4bdef102d0bc5d31b2546345219e348575eb80e9a0?s=96&d=mm&r=g","contentUrl":"https:\/\/secure.gravatar.com\/avatar\/37d968a2e67a6fd04c169c4bdef102d0bc5d31b2546345219e348575eb80e9a0?s=96&d=mm&r=g","caption":"redazione"},"sameAs":["http:\/\/www.bellunopress.it","https:\/\/x.com\/bellunopress"],"url":"https:\/\/www.bellunopress.it\/fr\/author\/redazione\/"}]}},"_links":{"self":[{"href":"https:\/\/www.bellunopress.it\/fr\/wp-json\/wp\/v2\/posts\/104898","targetHints":{"allow":["GET"]}}],"collection":[{"href":"https:\/\/www.bellunopress.it\/fr\/wp-json\/wp\/v2\/posts"}],"about":[{"href":"https:\/\/www.bellunopress.it\/fr\/wp-json\/wp\/v2\/types\/post"}],"author":[{"embeddable":true,"href":"https:\/\/www.bellunopress.it\/fr\/wp-json\/wp\/v2\/users\/2"}],"replies":[{"embeddable":true,"href":"https:\/\/www.bellunopress.it\/fr\/wp-json\/wp\/v2\/comments?post=104898"}],"version-history":[{"count":1,"href":"https:\/\/www.bellunopress.it\/fr\/wp-json\/wp\/v2\/posts\/104898\/revisions"}],"predecessor-version":[{"id":104899,"href":"https:\/\/www.bellunopress.it\/fr\/wp-json\/wp\/v2\/posts\/104898\/revisions\/104899"}],"wp:attachment":[{"href":"https:\/\/www.bellunopress.it\/fr\/wp-json\/wp\/v2\/media?parent=104898"}],"wp:term":[{"taxonomy":"category","embeddable":true,"href":"https:\/\/www.bellunopress.it\/fr\/wp-json\/wp\/v2\/categories?post=104898"},{"taxonomy":"post_tag","embeddable":true,"href":"https:\/\/www.bellunopress.it\/fr\/wp-json\/wp\/v2\/tags?post=104898"}],"curies":[{"name":"wp","href":"https:\/\/api.w.org\/{rel}","templated":true}]}}