{"id":104860,"date":"2019-05-25T22:22:26","date_gmt":"2019-05-25T20:22:26","guid":{"rendered":"http:\/\/www.bellunopress.it\/?p=104860"},"modified":"2019-05-25T22:22:27","modified_gmt":"2019-05-25T20:22:27","slug":"nove-prove-speciali-su-asfalto-per-il-iv-dolomiti-rally-del-9-giugno-ad-agordo","status":"publish","type":"post","link":"https:\/\/www.bellunopress.it\/fr\/2019\/05\/25\/nove-prove-speciali-su-asfalto-per-il-iv-dolomiti-rally-del-9-giugno-ad-agordo\/","title":{"rendered":"Nove prove speciali su asfalto per il IV Dolomiti Rally del 9 giugno ad Agordo"},"content":{"rendered":"<p><a href=\"http:\/\/www.bellunopress.it\/fr\/2019\/05\/25\/nove-prove-speciali-su-asfalto-per-il-iv-dolomiti-rally-del-9-giugno-ad-agordo\/dolomiti-rally-agordo\/\" rel=\"attachment wp-att-104861\"><img loading=\"lazy\" decoding=\"async\" class=\"alignleft size-full wp-image-104861\" src=\"http:\/\/www.bellunopress.it\/wp-content\/uploads\/2019\/05\/Dolomiti-rally-Agordo.jpg\" alt=\"\" width=\"300\" height=\"224\" \/><\/a>La quarta edizione del Dolomiti Rally, secondo appuntamento stagionale della Coppa Rally 4^ zona, \u00e8 ormai alle porte.<\/p>\n<p>Da diverse settimane l\u2019Associazione sportiva Dolomiti Racing Motorsport sta lavorando duramente per permettere alla corsa, capace in soli tre anni di ritagliarsi uno spazio di rilievo fra le competizioni nazionali di pari validit\u00e0, di confermare quanto di buono proposto dal 2016, anno del debutto come rally day, ad oggi. Quest\u2019anno, dopo i disastri causati sul territorio dall\u2019uragano Vaia dell\u2019ottobre scorso, il lavoro del presidente Mauro Riva e dei suoi collaboratori, in testa il vice Marco Fenti, \u00e8 stato ancora pi\u00f9 pressante ed impegnativo. Quasi frenetico.<\/p>\n<p>Dolomiti Racing Motorsport, sodalizio composto da uomini fieri e mai domi, ha stretto i denti, ha fatto quadrato attorno alla grande passione per lo sport e per i rally che anima i suoi componenti ed \u00e8 andata avanti. Con coraggio. Il 4\u00b0 Dolomiti Rally sar\u00e0 il rally della rinascita: per il motorsport in Agordino e per l\u2019Agordino, territorio sportivo dove rinascono le Dolomiti. Non a caso i loghi della corsa e quello ideato per simboleggiare la rinascita del territorio Agordino sono abbinati: sul sito internet del sodalizio organizzatore e su tutta documentazione dell\u2019evento sportivo.<\/p>\n<p>Mercoled\u00ec il tracciato di gara sar\u00e0 collaudato, mentre venerd\u00ec 31 maggio, alle 20.00 si chiuderanno le iscrizioni che stanno procedendo spedite, tanto che molti alberghi della zona registrano l\u2019esaurito. Il programma del 4\u00b0 Dolomiti Rally prevede la distribuzione dei road book, al Centro parrocchiale di via Garibaldi ad Agordo, domenica 2 giugno, dalle 8.00 alle 12.00 e sabato 8 giugno, dalle 8.30 alle 10.00. Le ricognizioni sul tracciato di gara, con vetture di serie, si terranno dalle 8.30 alle 17.00 di domenica 2 giugno e dalle 8.00 alle 12.00 di sabato 8 giugno. Le verifiche ante gara si svolgeranno sabato 8: dalle 13.00 alle 16.30, al Centro parrocchiale, le sportive; dalle 13.30 alle 17.00, da Botol Group, le tecniche.<\/p>\n<p>Il 4\u00b0 Dolomiti Rally si articoler\u00e0 in nove prove speciali su asfalto. La partenza da piazza Libert\u00e0 \u00e8 prevista dalle 8.30 di domenica 9 giugno. Gli equipaggi saranno impegnati, in successione, sulle ps di \u201cOltach, di 6,630 km; \u201cSan Tomas\u201d, di 6,850 km; e \u201cValada\u201d, di 7,480 km. Ciascuna speciale dovr\u00e0 essere affrontata tre volte, al termine del primo e del secondo giro, dopo la terza e la sesta speciale, i concorrenti entreranno ai riordini di piazza Libert\u00e0 alle 10.37 e alle 13.59; le assistenze saranno effettuate in localit\u00e0 Valcozzena, a partire dalle 11.27 e dalle 14.49. Come antipasto alla competizione, novit\u00e0 introdotta<br \/>\nquest\u2019anno dagli organizzatori di Voltago Agordino, tutti gli equipaggi avranno la possibilit\u00e0 di effettuare lo<br \/>\nshakedown, dalle 15.00 alle 18.00 di sabato 8 giugno, lungo un tratto di strada di 2,650 km, ricavato nel<br \/>\nsenso opposto di marcia della ps \u201cOltach\u201d. Si tratta di un utile test pre gara che consentir\u00e0 ad equipaggi ed<br \/>\nassistenze di verificare affidabilit\u00e0 e set up del mezzo.<br \/>\nA confermare lo stretto legame fra la corsa organizzata dal Dolomiti Racing Motorsport e il territorio, l\u2019Agordino in particolare, sono i patrocini concessi all\u2019evento dalle Amministrazioni comunali di Agordo, Voltago, San Tomaso, Vallada, Rivamonte, Taibon, Cencenighe, Canale d\u2019Agordo e Falcade. A questi vanno aggiunti anche quelli di Regione del Veneto, Provincia di Belluno, Unione Montana Agordina e BIM.<\/p>","protected":false},"excerpt":{"rendered":"<p>La quarta edizione del Dolomiti Rally, secondo appuntamento stagionale della Coppa Rally 4^ zona, \u00e8 ormai alle porte. Da diverse settimane l\u2019Associazione sportiva Dolomiti Racing Motorsport sta lavorando duramente per permettere alla corsa, capace in soli tre anni di ritagliarsi uno spazio di rilievo fra le competizioni nazionali di pari validit\u00e0, di confermare quanto di [&hellip;]<\/p>\n","protected":false},"author":2,"featured_media":0,"comment_status":"closed","ping_status":"open","sticky":false,"template":"","format":"standard","meta":{"footnotes":""},"categories":[27,26,4],"tags":[],"class_list":["post-104860","post","type-post","status-publish","format-standard","category-appuntamenti","category-prima-pagina","category-sport"],"yoast_head":"<!-- This site is optimized with the Yoast SEO plugin v28.4 - https:\/\/yoast.com\/product\/yoast-seo-wordpress\/ -->\n<title>Nove prove speciali su asfalto per il IV Dolomiti Rally del 9 giugno ad Agordo - Bellunopress - Dolomiti<\/title>\n<meta name=\"robots\" content=\"index, follow, max-snippet:-1, max-image-preview:large, max-video-preview:-1\" \/>\n<link rel=\"canonical\" href=\"https:\/\/www.bellunopress.it\/fr\/2019\/05\/25\/nove-prove-speciali-su-asfalto-per-il-iv-dolomiti-rally-del-9-giugno-ad-agordo\/\" \/>\n<meta property=\"og:locale\" content=\"fr_FR\" \/>\n<meta property=\"og:type\" content=\"article\" \/>\n<meta property=\"og:title\" content=\"Nove prove speciali su asfalto per il IV Dolomiti Rally del 9 giugno ad Agordo - Bellunopress - Dolomiti\" \/>\n<meta property=\"og:description\" content=\"La quarta edizione del Dolomiti Rally, secondo appuntamento stagionale della Coppa Rally 4^ zona, \u00e8 ormai alle porte. Da diverse settimane l\u2019Associazione sportiva Dolomiti Racing Motorsport sta lavorando duramente per permettere alla corsa, capace in soli tre anni di ritagliarsi uno spazio di rilievo fra le competizioni nazionali di pari validit\u00e0, di confermare quanto di [&hellip;]\" \/>\n<meta property=\"og:url\" content=\"https:\/\/www.bellunopress.it\/fr\/2019\/05\/25\/nove-prove-speciali-su-asfalto-per-il-iv-dolomiti-rally-del-9-giugno-ad-agordo\/\" \/>\n<meta property=\"og:site_name\" content=\"Bellunopress - Dolomiti\" \/>\n<meta property=\"article:publisher\" content=\"https:\/\/www.facebook.com\/profile.php?id=100008943462799\" \/>\n<meta property=\"article:published_time\" content=\"2019-05-25T20:22:26+00:00\" \/>\n<meta property=\"article:modified_time\" content=\"2019-05-25T20:22:27+00:00\" \/>\n<meta property=\"og:image\" content=\"http:\/\/www.bellunopress.it\/wp-content\/uploads\/2019\/05\/Dolomiti-rally-Agordo.jpg\" \/>\n<meta name=\"author\" content=\"redazione\" \/>\n<meta name=\"twitter:card\" content=\"summary_large_image\" \/>\n<meta name=\"twitter:creator\" content=\"@bellunopress\" \/>\n<meta name=\"twitter:site\" content=\"@bellunopress\" \/>\n<meta name=\"twitter:label1\" content=\"\u00c9crit par\" \/>\n\t<meta name=\"twitter:data1\" content=\"redazione\" \/>\n\t<meta name=\"twitter:label2\" content=\"Dur\u00e9e de lecture estim\u00e9e\" \/>\n\t<meta name=\"twitter:data2\" content=\"3 minutes\" \/>\n<script type=\"application\/ld+json\" class=\"yoast-schema-graph\">{\"@context\":\"https:\\\/\\\/schema.org\",\"@graph\":[{\"@type\":\"Article\",\"@id\":\"https:\\\/\\\/www.bellunopress.it\\\/2019\\\/05\\\/25\\\/nove-prove-speciali-su-asfalto-per-il-iv-dolomiti-rally-del-9-giugno-ad-agordo\\\/#article\",\"isPartOf\":{\"@id\":\"https:\\\/\\\/www.bellunopress.it\\\/2019\\\/05\\\/25\\\/nove-prove-speciali-su-asfalto-per-il-iv-dolomiti-rally-del-9-giugno-ad-agordo\\\/\"},\"author\":{\"name\":\"redazione\",\"@id\":\"https:\\\/\\\/www.bellunopress.it\\\/#\\\/schema\\\/person\\\/79bb06722b37ece1c03d3e94beb30d73\"},\"headline\":\"Nove prove speciali su asfalto per il IV Dolomiti Rally del 9 giugno ad Agordo\",\"datePublished\":\"2019-05-25T20:22:26+00:00\",\"dateModified\":\"2019-05-25T20:22:27+00:00\",\"mainEntityOfPage\":{\"@id\":\"https:\\\/\\\/www.bellunopress.it\\\/2019\\\/05\\\/25\\\/nove-prove-speciali-su-asfalto-per-il-iv-dolomiti-rally-del-9-giugno-ad-agordo\\\/\"},\"wordCount\":524,\"publisher\":{\"@id\":\"https:\\\/\\\/www.bellunopress.it\\\/#organization\"},\"image\":{\"@id\":\"https:\\\/\\\/www.bellunopress.it\\\/2019\\\/05\\\/25\\\/nove-prove-speciali-su-asfalto-per-il-iv-dolomiti-rally-del-9-giugno-ad-agordo\\\/#primaryimage\"},\"thumbnailUrl\":\"http:\\\/\\\/www.bellunopress.it\\\/wp-content\\\/uploads\\\/2019\\\/05\\\/Dolomiti-rally-Agordo.jpg\",\"articleSection\":[\"Appuntamenti, Eventi\",\"Prima Pagina\",\"Sport, tempo libero\"],\"inLanguage\":\"fr-FR\"},{\"@type\":\"WebPage\",\"@id\":\"https:\\\/\\\/www.bellunopress.it\\\/2019\\\/05\\\/25\\\/nove-prove-speciali-su-asfalto-per-il-iv-dolomiti-rally-del-9-giugno-ad-agordo\\\/\",\"url\":\"https:\\\/\\\/www.bellunopress.it\\\/2019\\\/05\\\/25\\\/nove-prove-speciali-su-asfalto-per-il-iv-dolomiti-rally-del-9-giugno-ad-agordo\\\/\",\"name\":\"Nove prove speciali su asfalto per il IV Dolomiti Rally del 9 giugno ad Agordo - Bellunopress - Dolomiti\",\"isPartOf\":{\"@id\":\"https:\\\/\\\/www.bellunopress.it\\\/#website\"},\"primaryImageOfPage\":{\"@id\":\"https:\\\/\\\/www.bellunopress.it\\\/2019\\\/05\\\/25\\\/nove-prove-speciali-su-asfalto-per-il-iv-dolomiti-rally-del-9-giugno-ad-agordo\\\/#primaryimage\"},\"image\":{\"@id\":\"https:\\\/\\\/www.bellunopress.it\\\/2019\\\/05\\\/25\\\/nove-prove-speciali-su-asfalto-per-il-iv-dolomiti-rally-del-9-giugno-ad-agordo\\\/#primaryimage\"},\"thumbnailUrl\":\"http:\\\/\\\/www.bellunopress.it\\\/wp-content\\\/uploads\\\/2019\\\/05\\\/Dolomiti-rally-Agordo.jpg\",\"datePublished\":\"2019-05-25T20:22:26+00:00\",\"dateModified\":\"2019-05-25T20:22:27+00:00\",\"breadcrumb\":{\"@id\":\"https:\\\/\\\/www.bellunopress.it\\\/2019\\\/05\\\/25\\\/nove-prove-speciali-su-asfalto-per-il-iv-dolomiti-rally-del-9-giugno-ad-agordo\\\/#breadcrumb\"},\"inLanguage\":\"fr-FR\",\"potentialAction\":[{\"@type\":\"ReadAction\",\"target\":[\"https:\\\/\\\/www.bellunopress.it\\\/2019\\\/05\\\/25\\\/nove-prove-speciali-su-asfalto-per-il-iv-dolomiti-rally-del-9-giugno-ad-agordo\\\/\"]}]},{\"@type\":\"ImageObject\",\"inLanguage\":\"fr-FR\",\"@id\":\"https:\\\/\\\/www.bellunopress.it\\\/2019\\\/05\\\/25\\\/nove-prove-speciali-su-asfalto-per-il-iv-dolomiti-rally-del-9-giugno-ad-agordo\\\/#primaryimage\",\"url\":\"http:\\\/\\\/www.bellunopress.it\\\/wp-content\\\/uploads\\\/2019\\\/05\\\/Dolomiti-rally-Agordo.jpg\",\"contentUrl\":\"http:\\\/\\\/www.bellunopress.it\\\/wp-content\\\/uploads\\\/2019\\\/05\\\/Dolomiti-rally-Agordo.jpg\"},{\"@type\":\"BreadcrumbList\",\"@id\":\"https:\\\/\\\/www.bellunopress.it\\\/2019\\\/05\\\/25\\\/nove-prove-speciali-su-asfalto-per-il-iv-dolomiti-rally-del-9-giugno-ad-agordo\\\/#breadcrumb\",\"itemListElement\":[{\"@type\":\"ListItem\",\"position\":1,\"name\":\"Home\",\"item\":\"https:\\\/\\\/www.bellunopress.it\\\/\"},{\"@type\":\"ListItem\",\"position\":2,\"name\":\"Nove prove speciali su asfalto per il IV Dolomiti Rally del 9 giugno ad Agordo\"}]},{\"@type\":\"WebSite\",\"@id\":\"https:\\\/\\\/www.bellunopress.it\\\/#website\",\"url\":\"https:\\\/\\\/www.bellunopress.it\\\/\",\"name\":\"Bellunopress - Dolomiti\",\"description\":\"e-mail: redazione@bellunopress.it\",\"publisher\":{\"@id\":\"https:\\\/\\\/www.bellunopress.it\\\/#organization\"},\"potentialAction\":[{\"@type\":\"SearchAction\",\"target\":{\"@type\":\"EntryPoint\",\"urlTemplate\":\"https:\\\/\\\/www.bellunopress.it\\\/?s={search_term_string}\"},\"query-input\":{\"@type\":\"PropertyValueSpecification\",\"valueRequired\":true,\"valueName\":\"search_term_string\"}}],\"inLanguage\":\"fr-FR\"},{\"@type\":\"Organization\",\"@id\":\"https:\\\/\\\/www.bellunopress.it\\\/#organization\",\"name\":\"Bellunopress\",\"url\":\"https:\\\/\\\/www.bellunopress.it\\\/\",\"logo\":{\"@type\":\"ImageObject\",\"inLanguage\":\"fr-FR\",\"@id\":\"https:\\\/\\\/www.bellunopress.it\\\/#\\\/schema\\\/logo\\\/image\\\/\",\"url\":\"https:\\\/\\\/www.bellunopress.it\\\/wp-content\\\/uploads\\\/2011\\\/05\\\/cropped-logo-bellunopress-.jpg\",\"contentUrl\":\"https:\\\/\\\/www.bellunopress.it\\\/wp-content\\\/uploads\\\/2011\\\/05\\\/cropped-logo-bellunopress-.jpg\",\"width\":512,\"height\":512,\"caption\":\"Bellunopress\"},\"image\":{\"@id\":\"https:\\\/\\\/www.bellunopress.it\\\/#\\\/schema\\\/logo\\\/image\\\/\"},\"sameAs\":[\"https:\\\/\\\/www.facebook.com\\\/profile.php?id=100008943462799\",\"https:\\\/\\\/x.com\\\/bellunopress\",\"https:\\\/\\\/www.linkedin.com\\\/hp\\\/?dnr=JBzUWaJfMUw8vbXJJ2tVW5-I3jZKvC4wsoxE&amp;amp;amp;amp;amp;amp;trk=nav_responsive_tab_home\",\"https:\\\/\\\/www.youtube.com\\\/channel\\\/UCxL0wu1uN0_3_7hGG0306cw\"]},{\"@type\":\"Person\",\"@id\":\"https:\\\/\\\/www.bellunopress.it\\\/#\\\/schema\\\/person\\\/79bb06722b37ece1c03d3e94beb30d73\",\"name\":\"redazione\",\"image\":{\"@type\":\"ImageObject\",\"inLanguage\":\"fr-FR\",\"@id\":\"https:\\\/\\\/secure.gravatar.com\\\/avatar\\\/37d968a2e67a6fd04c169c4bdef102d0bc5d31b2546345219e348575eb80e9a0?s=96&d=mm&r=g\",\"url\":\"https:\\\/\\\/secure.gravatar.com\\\/avatar\\\/37d968a2e67a6fd04c169c4bdef102d0bc5d31b2546345219e348575eb80e9a0?s=96&d=mm&r=g\",\"contentUrl\":\"https:\\\/\\\/secure.gravatar.com\\\/avatar\\\/37d968a2e67a6fd04c169c4bdef102d0bc5d31b2546345219e348575eb80e9a0?s=96&d=mm&r=g\",\"caption\":\"redazione\"},\"sameAs\":[\"http:\\\/\\\/www.bellunopress.it\",\"https:\\\/\\\/x.com\\\/bellunopress\"],\"url\":\"https:\\\/\\\/www.bellunopress.it\\\/fr\\\/author\\\/redazione\\\/\"}]}<\/script>\n<!-- \/ Yoast SEO plugin. -->","yoast_head_json":{"title":"Nove prove speciali su asfalto per il IV Dolomiti Rally del 9 giugno ad Agordo - Bellunopress - Dolomiti","robots":{"index":"index","follow":"follow","max-snippet":"max-snippet:-1","max-image-preview":"max-image-preview:large","max-video-preview":"max-video-preview:-1"},"canonical":"https:\/\/www.bellunopress.it\/fr\/2019\/05\/25\/nove-prove-speciali-su-asfalto-per-il-iv-dolomiti-rally-del-9-giugno-ad-agordo\/","og_locale":"fr_FR","og_type":"article","og_title":"Nove prove speciali su asfalto per il IV Dolomiti Rally del 9 giugno ad Agordo - Bellunopress - Dolomiti","og_description":"La quarta edizione del Dolomiti Rally, secondo appuntamento stagionale della Coppa Rally 4^ zona, \u00e8 ormai alle porte. Da diverse settimane l\u2019Associazione sportiva Dolomiti Racing Motorsport sta lavorando duramente per permettere alla corsa, capace in soli tre anni di ritagliarsi uno spazio di rilievo fra le competizioni nazionali di pari validit\u00e0, di confermare quanto di [&hellip;]","og_url":"https:\/\/www.bellunopress.it\/fr\/2019\/05\/25\/nove-prove-speciali-su-asfalto-per-il-iv-dolomiti-rally-del-9-giugno-ad-agordo\/","og_site_name":"Bellunopress - Dolomiti","article_publisher":"https:\/\/www.facebook.com\/profile.php?id=100008943462799","article_published_time":"2019-05-25T20:22:26+00:00","article_modified_time":"2019-05-25T20:22:27+00:00","og_image":[{"url":"http:\/\/www.bellunopress.it\/wp-content\/uploads\/2019\/05\/Dolomiti-rally-Agordo.jpg","type":"","width":"","height":""}],"author":"redazione","twitter_card":"summary_large_image","twitter_creator":"@bellunopress","twitter_site":"@bellunopress","twitter_misc":{"\u00c9crit par":"redazione","Dur\u00e9e de lecture estim\u00e9e":"3 minutes"},"schema":{"@context":"https:\/\/schema.org","@graph":[{"@type":"Article","@id":"https:\/\/www.bellunopress.it\/2019\/05\/25\/nove-prove-speciali-su-asfalto-per-il-iv-dolomiti-rally-del-9-giugno-ad-agordo\/#article","isPartOf":{"@id":"https:\/\/www.bellunopress.it\/2019\/05\/25\/nove-prove-speciali-su-asfalto-per-il-iv-dolomiti-rally-del-9-giugno-ad-agordo\/"},"author":{"name":"redazione","@id":"https:\/\/www.bellunopress.it\/#\/schema\/person\/79bb06722b37ece1c03d3e94beb30d73"},"headline":"Nove prove speciali su asfalto per il IV Dolomiti Rally del 9 giugno ad Agordo","datePublished":"2019-05-25T20:22:26+00:00","dateModified":"2019-05-25T20:22:27+00:00","mainEntityOfPage":{"@id":"https:\/\/www.bellunopress.it\/2019\/05\/25\/nove-prove-speciali-su-asfalto-per-il-iv-dolomiti-rally-del-9-giugno-ad-agordo\/"},"wordCount":524,"publisher":{"@id":"https:\/\/www.bellunopress.it\/#organization"},"image":{"@id":"https:\/\/www.bellunopress.it\/2019\/05\/25\/nove-prove-speciali-su-asfalto-per-il-iv-dolomiti-rally-del-9-giugno-ad-agordo\/#primaryimage"},"thumbnailUrl":"http:\/\/www.bellunopress.it\/wp-content\/uploads\/2019\/05\/Dolomiti-rally-Agordo.jpg","articleSection":["Appuntamenti, Eventi","Prima Pagina","Sport, tempo libero"],"inLanguage":"fr-FR"},{"@type":"WebPage","@id":"https:\/\/www.bellunopress.it\/2019\/05\/25\/nove-prove-speciali-su-asfalto-per-il-iv-dolomiti-rally-del-9-giugno-ad-agordo\/","url":"https:\/\/www.bellunopress.it\/2019\/05\/25\/nove-prove-speciali-su-asfalto-per-il-iv-dolomiti-rally-del-9-giugno-ad-agordo\/","name":"Nove prove speciali su asfalto per il IV Dolomiti Rally del 9 giugno ad Agordo - Bellunopress - Dolomiti","isPartOf":{"@id":"https:\/\/www.bellunopress.it\/#website"},"primaryImageOfPage":{"@id":"https:\/\/www.bellunopress.it\/2019\/05\/25\/nove-prove-speciali-su-asfalto-per-il-iv-dolomiti-rally-del-9-giugno-ad-agordo\/#primaryimage"},"image":{"@id":"https:\/\/www.bellunopress.it\/2019\/05\/25\/nove-prove-speciali-su-asfalto-per-il-iv-dolomiti-rally-del-9-giugno-ad-agordo\/#primaryimage"},"thumbnailUrl":"http:\/\/www.bellunopress.it\/wp-content\/uploads\/2019\/05\/Dolomiti-rally-Agordo.jpg","datePublished":"2019-05-25T20:22:26+00:00","dateModified":"2019-05-25T20:22:27+00:00","breadcrumb":{"@id":"https:\/\/www.bellunopress.it\/2019\/05\/25\/nove-prove-speciali-su-asfalto-per-il-iv-dolomiti-rally-del-9-giugno-ad-agordo\/#breadcrumb"},"inLanguage":"fr-FR","potentialAction":[{"@type":"ReadAction","target":["https:\/\/www.bellunopress.it\/2019\/05\/25\/nove-prove-speciali-su-asfalto-per-il-iv-dolomiti-rally-del-9-giugno-ad-agordo\/"]}]},{"@type":"ImageObject","inLanguage":"fr-FR","@id":"https:\/\/www.bellunopress.it\/2019\/05\/25\/nove-prove-speciali-su-asfalto-per-il-iv-dolomiti-rally-del-9-giugno-ad-agordo\/#primaryimage","url":"http:\/\/www.bellunopress.it\/wp-content\/uploads\/2019\/05\/Dolomiti-rally-Agordo.jpg","contentUrl":"http:\/\/www.bellunopress.it\/wp-content\/uploads\/2019\/05\/Dolomiti-rally-Agordo.jpg"},{"@type":"BreadcrumbList","@id":"https:\/\/www.bellunopress.it\/2019\/05\/25\/nove-prove-speciali-su-asfalto-per-il-iv-dolomiti-rally-del-9-giugno-ad-agordo\/#breadcrumb","itemListElement":[{"@type":"ListItem","position":1,"name":"Home","item":"https:\/\/www.bellunopress.it\/"},{"@type":"ListItem","position":2,"name":"Nove prove speciali su asfalto per il IV Dolomiti Rally del 9 giugno ad Agordo"}]},{"@type":"WebSite","@id":"https:\/\/www.bellunopress.it\/#website","url":"https:\/\/www.bellunopress.it\/","name":"Bellunopress - Dolomiti","description":"e-mail: redazione@bellunopress.it","publisher":{"@id":"https:\/\/www.bellunopress.it\/#organization"},"potentialAction":[{"@type":"SearchAction","target":{"@type":"EntryPoint","urlTemplate":"https:\/\/www.bellunopress.it\/?s={search_term_string}"},"query-input":{"@type":"PropertyValueSpecification","valueRequired":true,"valueName":"search_term_string"}}],"inLanguage":"fr-FR"},{"@type":"Organization","@id":"https:\/\/www.bellunopress.it\/#organization","name":"Bellunopress","url":"https:\/\/www.bellunopress.it\/","logo":{"@type":"ImageObject","inLanguage":"fr-FR","@id":"https:\/\/www.bellunopress.it\/#\/schema\/logo\/image\/","url":"https:\/\/www.bellunopress.it\/wp-content\/uploads\/2011\/05\/cropped-logo-bellunopress-.jpg","contentUrl":"https:\/\/www.bellunopress.it\/wp-content\/uploads\/2011\/05\/cropped-logo-bellunopress-.jpg","width":512,"height":512,"caption":"Bellunopress"},"image":{"@id":"https:\/\/www.bellunopress.it\/#\/schema\/logo\/image\/"},"sameAs":["https:\/\/www.facebook.com\/profile.php?id=100008943462799","https:\/\/x.com\/bellunopress","https:\/\/www.linkedin.com\/hp\/?dnr=JBzUWaJfMUw8vbXJJ2tVW5-I3jZKvC4wsoxE&amp;amp;amp;amp;amp;amp;trk=nav_responsive_tab_home","https:\/\/www.youtube.com\/channel\/UCxL0wu1uN0_3_7hGG0306cw"]},{"@type":"Person","@id":"https:\/\/www.bellunopress.it\/#\/schema\/person\/79bb06722b37ece1c03d3e94beb30d73","name":"r\u00e9daction","image":{"@type":"ImageObject","inLanguage":"fr-FR","@id":"https:\/\/secure.gravatar.com\/avatar\/37d968a2e67a6fd04c169c4bdef102d0bc5d31b2546345219e348575eb80e9a0?s=96&d=mm&r=g","url":"https:\/\/secure.gravatar.com\/avatar\/37d968a2e67a6fd04c169c4bdef102d0bc5d31b2546345219e348575eb80e9a0?s=96&d=mm&r=g","contentUrl":"https:\/\/secure.gravatar.com\/avatar\/37d968a2e67a6fd04c169c4bdef102d0bc5d31b2546345219e348575eb80e9a0?s=96&d=mm&r=g","caption":"redazione"},"sameAs":["http:\/\/www.bellunopress.it","https:\/\/x.com\/bellunopress"],"url":"https:\/\/www.bellunopress.it\/fr\/author\/redazione\/"}]}},"_links":{"self":[{"href":"https:\/\/www.bellunopress.it\/fr\/wp-json\/wp\/v2\/posts\/104860","targetHints":{"allow":["GET"]}}],"collection":[{"href":"https:\/\/www.bellunopress.it\/fr\/wp-json\/wp\/v2\/posts"}],"about":[{"href":"https:\/\/www.bellunopress.it\/fr\/wp-json\/wp\/v2\/types\/post"}],"author":[{"embeddable":true,"href":"https:\/\/www.bellunopress.it\/fr\/wp-json\/wp\/v2\/users\/2"}],"replies":[{"embeddable":true,"href":"https:\/\/www.bellunopress.it\/fr\/wp-json\/wp\/v2\/comments?post=104860"}],"version-history":[{"count":2,"href":"https:\/\/www.bellunopress.it\/fr\/wp-json\/wp\/v2\/posts\/104860\/revisions"}],"predecessor-version":[{"id":104863,"href":"https:\/\/www.bellunopress.it\/fr\/wp-json\/wp\/v2\/posts\/104860\/revisions\/104863"}],"wp:attachment":[{"href":"https:\/\/www.bellunopress.it\/fr\/wp-json\/wp\/v2\/media?parent=104860"}],"wp:term":[{"taxonomy":"category","embeddable":true,"href":"https:\/\/www.bellunopress.it\/fr\/wp-json\/wp\/v2\/categories?post=104860"},{"taxonomy":"post_tag","embeddable":true,"href":"https:\/\/www.bellunopress.it\/fr\/wp-json\/wp\/v2\/tags?post=104860"}],"curies":[{"name":"wp","href":"https:\/\/api.w.org\/{rel}","templated":true}]}}