{"id":104858,"date":"2019-05-25T22:12:23","date_gmt":"2019-05-25T20:12:23","guid":{"rendered":"http:\/\/www.bellunopress.it\/?p=104858"},"modified":"2019-05-29T07:42:10","modified_gmt":"2019-05-29T05:42:10","slug":"martedi-in-sala-bianchi-benedetta-fanciulli-parla-di-jacopo-tintoretto","status":"publish","type":"post","link":"https:\/\/www.bellunopress.it\/fr\/2019\/05\/25\/martedi-in-sala-bianchi-benedetta-fanciulli-parla-di-jacopo-tintoretto\/","title":{"rendered":"Marted\u00ec in sala Bianchi Benedetta Fanciulli parla di Jacopo Tintoretto"},"content":{"rendered":"<p>Jacopo Tintoretto oltre le mostre di Venezia. Conferenza di Benedetta Fanciulli marted\u00ec 28 maggio 2019 alle ore 17:30 in Sala Bianchi \u2013 Viale Fantuzzi, 11 Belluno.<\/p>\n<figure id=\"attachment_76765\" aria-describedby=\"caption-attachment-76765\" style=\"width: 300px\" class=\"wp-caption alignleft\"><a href=\"http:\/\/www.bellunopress.it\/fr\/2016\/04\/10\/giovedi-sala-bianchi-belluno-film-denuncia-sugli-allevamenti-intensivi-animali\/sala-bianchi-belluno\/\" rel=\"attachment wp-att-76765\"><img loading=\"lazy\" decoding=\"async\" class=\"size-full wp-image-76765\" src=\"http:\/\/www.bellunopress.it\/wp-content\/uploads\/2016\/04\/sala-bianchi-belluno.jpg\" alt=\"\" width=\"300\" height=\"200\" \/><\/a><figcaption id=\"caption-attachment-76765\" class=\"wp-caption-text\">Sala Bianchi &#8211; Belluno<\/figcaption><\/figure>\n<p>Attraverso la visione di alcune delle sue opere pi\u00f9 significative, la conferenza offrir\u00e0 uno spaccato di storia veneziana della quale Jacopo Tintoretto, veneziano per nascita, fu testimone attento e partecipe. Affidando i suoi pensieri, la sua fede e la sua arte a tele smisurate in palazzi pubblici e privati, in chiese e confraternite, egli contribu\u00ec a esaltare il prestigio di Venezia, che non lasci\u00f2 mai fino alla morte, avvenuta nel 1594, anno in cui per l\u2019ultima volta affront\u00f2 il tema dell\u2019ultima cena.<br \/>\nCi parler\u00e0 di lui Benedetta Fanciulli, laureata in Lettere Classiche e diplomata al Conservatorio Martini a Bologna, e laureanda in Storia dell\u2019Arte e Conservazione dei Beni Culturali presso l\u2019Universit\u00e0 Ca\u2019 Foscari di Venezia proprio con una tesi su Tintoretto. Benedetta, che accompagna i visitatori alla scoperta di Tintoretto in qualit\u00e0 di guida dell\u2019Associazione Chorus, si \u00e8 resa disponibile a ripetere l\u2019esperienza per gli Amici del Museo in data da destinarsi.<\/p>","protected":false},"excerpt":{"rendered":"<p>Jacopo Tintoretto oltre le mostre di Venezia. Conferenza di Benedetta Fanciulli marted\u00ec 28 maggio 2019 alle ore 17:30 in Sala Bianchi \u2013 Viale Fantuzzi, 11 Belluno. Attraverso la visione di alcune delle sue opere pi\u00f9 significative, la conferenza offrir\u00e0 uno spaccato di storia veneziana della quale Jacopo Tintoretto, veneziano per nascita, fu testimone attento e [&hellip;]<\/p>\n","protected":false},"author":2,"featured_media":0,"comment_status":"closed","ping_status":"open","sticky":false,"template":"","format":"standard","meta":{"footnotes":""},"categories":[27,3],"tags":[],"class_list":["post-104858","post","type-post","status-publish","format-standard","category-appuntamenti","category-arte-cultura-spettacoli-scienza-archivi"],"yoast_head":"<!-- This site is optimized with the Yoast SEO plugin v28.4 - https:\/\/yoast.com\/product\/yoast-seo-wordpress\/ -->\n<title>Marted\u00ec in sala Bianchi Benedetta Fanciulli parla di Jacopo Tintoretto - Bellunopress - Dolomiti<\/title>\n<meta name=\"robots\" content=\"index, follow, max-snippet:-1, max-image-preview:large, max-video-preview:-1\" \/>\n<link rel=\"canonical\" href=\"https:\/\/www.bellunopress.it\/fr\/2019\/05\/25\/martedi-in-sala-bianchi-benedetta-fanciulli-parla-di-jacopo-tintoretto\/\" \/>\n<meta property=\"og:locale\" content=\"fr_FR\" \/>\n<meta property=\"og:type\" content=\"article\" \/>\n<meta property=\"og:title\" content=\"Marted\u00ec in sala Bianchi Benedetta Fanciulli parla di Jacopo Tintoretto - Bellunopress - Dolomiti\" \/>\n<meta property=\"og:description\" content=\"Jacopo Tintoretto oltre le mostre di Venezia. Conferenza di Benedetta Fanciulli marted\u00ec 28 maggio 2019 alle ore 17:30 in Sala Bianchi \u2013 Viale Fantuzzi, 11 Belluno. Attraverso la visione di alcune delle sue opere pi\u00f9 significative, la conferenza offrir\u00e0 uno spaccato di storia veneziana della quale Jacopo Tintoretto, veneziano per nascita, fu testimone attento e [&hellip;]\" \/>\n<meta property=\"og:url\" content=\"https:\/\/www.bellunopress.it\/fr\/2019\/05\/25\/martedi-in-sala-bianchi-benedetta-fanciulli-parla-di-jacopo-tintoretto\/\" \/>\n<meta property=\"og:site_name\" content=\"Bellunopress - Dolomiti\" \/>\n<meta property=\"article:publisher\" content=\"https:\/\/www.facebook.com\/profile.php?id=100008943462799\" \/>\n<meta property=\"article:published_time\" content=\"2019-05-25T20:12:23+00:00\" \/>\n<meta property=\"article:modified_time\" content=\"2019-05-29T05:42:10+00:00\" \/>\n<meta property=\"og:image\" content=\"http:\/\/www.bellunopress.it\/wp-content\/uploads\/2016\/04\/sala-bianchi-belluno.jpg\" \/>\n<meta name=\"author\" content=\"redazione\" \/>\n<meta name=\"twitter:card\" content=\"summary_large_image\" \/>\n<meta name=\"twitter:creator\" content=\"@bellunopress\" \/>\n<meta name=\"twitter:site\" content=\"@bellunopress\" \/>\n<meta name=\"twitter:label1\" content=\"\u00c9crit par\" \/>\n\t<meta name=\"twitter:data1\" content=\"redazione\" \/>\n\t<meta name=\"twitter:label2\" content=\"Dur\u00e9e de lecture estim\u00e9e\" \/>\n\t<meta name=\"twitter:data2\" content=\"1 minute\" \/>\n<script type=\"application\/ld+json\" class=\"yoast-schema-graph\">{\"@context\":\"https:\\\/\\\/schema.org\",\"@graph\":[{\"@type\":\"Article\",\"@id\":\"https:\\\/\\\/www.bellunopress.it\\\/2019\\\/05\\\/25\\\/martedi-in-sala-bianchi-benedetta-fanciulli-parla-di-jacopo-tintoretto\\\/#article\",\"isPartOf\":{\"@id\":\"https:\\\/\\\/www.bellunopress.it\\\/2019\\\/05\\\/25\\\/martedi-in-sala-bianchi-benedetta-fanciulli-parla-di-jacopo-tintoretto\\\/\"},\"author\":{\"name\":\"redazione\",\"@id\":\"https:\\\/\\\/www.bellunopress.it\\\/#\\\/schema\\\/person\\\/79bb06722b37ece1c03d3e94beb30d73\"},\"headline\":\"Marted\u00ec in sala Bianchi Benedetta Fanciulli parla di Jacopo Tintoretto\",\"datePublished\":\"2019-05-25T20:12:23+00:00\",\"dateModified\":\"2019-05-29T05:42:10+00:00\",\"mainEntityOfPage\":{\"@id\":\"https:\\\/\\\/www.bellunopress.it\\\/2019\\\/05\\\/25\\\/martedi-in-sala-bianchi-benedetta-fanciulli-parla-di-jacopo-tintoretto\\\/\"},\"wordCount\":198,\"publisher\":{\"@id\":\"https:\\\/\\\/www.bellunopress.it\\\/#organization\"},\"image\":{\"@id\":\"https:\\\/\\\/www.bellunopress.it\\\/2019\\\/05\\\/25\\\/martedi-in-sala-bianchi-benedetta-fanciulli-parla-di-jacopo-tintoretto\\\/#primaryimage\"},\"thumbnailUrl\":\"http:\\\/\\\/www.bellunopress.it\\\/wp-content\\\/uploads\\\/2016\\\/04\\\/sala-bianchi-belluno.jpg\",\"articleSection\":[\"Appuntamenti, Eventi\",\"Arte, Cultura, Spettacoli, Scienza\"],\"inLanguage\":\"fr-FR\"},{\"@type\":\"WebPage\",\"@id\":\"https:\\\/\\\/www.bellunopress.it\\\/2019\\\/05\\\/25\\\/martedi-in-sala-bianchi-benedetta-fanciulli-parla-di-jacopo-tintoretto\\\/\",\"url\":\"https:\\\/\\\/www.bellunopress.it\\\/2019\\\/05\\\/25\\\/martedi-in-sala-bianchi-benedetta-fanciulli-parla-di-jacopo-tintoretto\\\/\",\"name\":\"Marted\u00ec in sala Bianchi Benedetta Fanciulli parla di Jacopo Tintoretto - Bellunopress - Dolomiti\",\"isPartOf\":{\"@id\":\"https:\\\/\\\/www.bellunopress.it\\\/#website\"},\"primaryImageOfPage\":{\"@id\":\"https:\\\/\\\/www.bellunopress.it\\\/2019\\\/05\\\/25\\\/martedi-in-sala-bianchi-benedetta-fanciulli-parla-di-jacopo-tintoretto\\\/#primaryimage\"},\"image\":{\"@id\":\"https:\\\/\\\/www.bellunopress.it\\\/2019\\\/05\\\/25\\\/martedi-in-sala-bianchi-benedetta-fanciulli-parla-di-jacopo-tintoretto\\\/#primaryimage\"},\"thumbnailUrl\":\"http:\\\/\\\/www.bellunopress.it\\\/wp-content\\\/uploads\\\/2016\\\/04\\\/sala-bianchi-belluno.jpg\",\"datePublished\":\"2019-05-25T20:12:23+00:00\",\"dateModified\":\"2019-05-29T05:42:10+00:00\",\"breadcrumb\":{\"@id\":\"https:\\\/\\\/www.bellunopress.it\\\/2019\\\/05\\\/25\\\/martedi-in-sala-bianchi-benedetta-fanciulli-parla-di-jacopo-tintoretto\\\/#breadcrumb\"},\"inLanguage\":\"fr-FR\",\"potentialAction\":[{\"@type\":\"ReadAction\",\"target\":[\"https:\\\/\\\/www.bellunopress.it\\\/2019\\\/05\\\/25\\\/martedi-in-sala-bianchi-benedetta-fanciulli-parla-di-jacopo-tintoretto\\\/\"]}]},{\"@type\":\"ImageObject\",\"inLanguage\":\"fr-FR\",\"@id\":\"https:\\\/\\\/www.bellunopress.it\\\/2019\\\/05\\\/25\\\/martedi-in-sala-bianchi-benedetta-fanciulli-parla-di-jacopo-tintoretto\\\/#primaryimage\",\"url\":\"http:\\\/\\\/www.bellunopress.it\\\/wp-content\\\/uploads\\\/2016\\\/04\\\/sala-bianchi-belluno.jpg\",\"contentUrl\":\"http:\\\/\\\/www.bellunopress.it\\\/wp-content\\\/uploads\\\/2016\\\/04\\\/sala-bianchi-belluno.jpg\"},{\"@type\":\"BreadcrumbList\",\"@id\":\"https:\\\/\\\/www.bellunopress.it\\\/2019\\\/05\\\/25\\\/martedi-in-sala-bianchi-benedetta-fanciulli-parla-di-jacopo-tintoretto\\\/#breadcrumb\",\"itemListElement\":[{\"@type\":\"ListItem\",\"position\":1,\"name\":\"Home\",\"item\":\"https:\\\/\\\/www.bellunopress.it\\\/\"},{\"@type\":\"ListItem\",\"position\":2,\"name\":\"Marted\u00ec in sala Bianchi Benedetta Fanciulli parla di Jacopo Tintoretto\"}]},{\"@type\":\"WebSite\",\"@id\":\"https:\\\/\\\/www.bellunopress.it\\\/#website\",\"url\":\"https:\\\/\\\/www.bellunopress.it\\\/\",\"name\":\"Bellunopress - Dolomiti\",\"description\":\"e-mail: redazione@bellunopress.it\",\"publisher\":{\"@id\":\"https:\\\/\\\/www.bellunopress.it\\\/#organization\"},\"potentialAction\":[{\"@type\":\"SearchAction\",\"target\":{\"@type\":\"EntryPoint\",\"urlTemplate\":\"https:\\\/\\\/www.bellunopress.it\\\/?s={search_term_string}\"},\"query-input\":{\"@type\":\"PropertyValueSpecification\",\"valueRequired\":true,\"valueName\":\"search_term_string\"}}],\"inLanguage\":\"fr-FR\"},{\"@type\":\"Organization\",\"@id\":\"https:\\\/\\\/www.bellunopress.it\\\/#organization\",\"name\":\"Bellunopress\",\"url\":\"https:\\\/\\\/www.bellunopress.it\\\/\",\"logo\":{\"@type\":\"ImageObject\",\"inLanguage\":\"fr-FR\",\"@id\":\"https:\\\/\\\/www.bellunopress.it\\\/#\\\/schema\\\/logo\\\/image\\\/\",\"url\":\"https:\\\/\\\/www.bellunopress.it\\\/wp-content\\\/uploads\\\/2011\\\/05\\\/cropped-logo-bellunopress-.jpg\",\"contentUrl\":\"https:\\\/\\\/www.bellunopress.it\\\/wp-content\\\/uploads\\\/2011\\\/05\\\/cropped-logo-bellunopress-.jpg\",\"width\":512,\"height\":512,\"caption\":\"Bellunopress\"},\"image\":{\"@id\":\"https:\\\/\\\/www.bellunopress.it\\\/#\\\/schema\\\/logo\\\/image\\\/\"},\"sameAs\":[\"https:\\\/\\\/www.facebook.com\\\/profile.php?id=100008943462799\",\"https:\\\/\\\/x.com\\\/bellunopress\",\"https:\\\/\\\/www.linkedin.com\\\/hp\\\/?dnr=JBzUWaJfMUw8vbXJJ2tVW5-I3jZKvC4wsoxE&amp;amp;amp;amp;amp;amp;trk=nav_responsive_tab_home\",\"https:\\\/\\\/www.youtube.com\\\/channel\\\/UCxL0wu1uN0_3_7hGG0306cw\"]},{\"@type\":\"Person\",\"@id\":\"https:\\\/\\\/www.bellunopress.it\\\/#\\\/schema\\\/person\\\/79bb06722b37ece1c03d3e94beb30d73\",\"name\":\"redazione\",\"image\":{\"@type\":\"ImageObject\",\"inLanguage\":\"fr-FR\",\"@id\":\"https:\\\/\\\/secure.gravatar.com\\\/avatar\\\/37d968a2e67a6fd04c169c4bdef102d0bc5d31b2546345219e348575eb80e9a0?s=96&d=mm&r=g\",\"url\":\"https:\\\/\\\/secure.gravatar.com\\\/avatar\\\/37d968a2e67a6fd04c169c4bdef102d0bc5d31b2546345219e348575eb80e9a0?s=96&d=mm&r=g\",\"contentUrl\":\"https:\\\/\\\/secure.gravatar.com\\\/avatar\\\/37d968a2e67a6fd04c169c4bdef102d0bc5d31b2546345219e348575eb80e9a0?s=96&d=mm&r=g\",\"caption\":\"redazione\"},\"sameAs\":[\"http:\\\/\\\/www.bellunopress.it\",\"https:\\\/\\\/x.com\\\/bellunopress\"],\"url\":\"https:\\\/\\\/www.bellunopress.it\\\/fr\\\/author\\\/redazione\\\/\"}]}<\/script>\n<!-- \/ Yoast SEO plugin. -->","yoast_head_json":{"title":"Marted\u00ec in sala Bianchi Benedetta Fanciulli parla di Jacopo Tintoretto - Bellunopress - Dolomiti","robots":{"index":"index","follow":"follow","max-snippet":"max-snippet:-1","max-image-preview":"max-image-preview:large","max-video-preview":"max-video-preview:-1"},"canonical":"https:\/\/www.bellunopress.it\/fr\/2019\/05\/25\/martedi-in-sala-bianchi-benedetta-fanciulli-parla-di-jacopo-tintoretto\/","og_locale":"fr_FR","og_type":"article","og_title":"Marted\u00ec in sala Bianchi Benedetta Fanciulli parla di Jacopo Tintoretto - Bellunopress - Dolomiti","og_description":"Jacopo Tintoretto oltre le mostre di Venezia. Conferenza di Benedetta Fanciulli marted\u00ec 28 maggio 2019 alle ore 17:30 in Sala Bianchi \u2013 Viale Fantuzzi, 11 Belluno. Attraverso la visione di alcune delle sue opere pi\u00f9 significative, la conferenza offrir\u00e0 uno spaccato di storia veneziana della quale Jacopo Tintoretto, veneziano per nascita, fu testimone attento e [&hellip;]","og_url":"https:\/\/www.bellunopress.it\/fr\/2019\/05\/25\/martedi-in-sala-bianchi-benedetta-fanciulli-parla-di-jacopo-tintoretto\/","og_site_name":"Bellunopress - Dolomiti","article_publisher":"https:\/\/www.facebook.com\/profile.php?id=100008943462799","article_published_time":"2019-05-25T20:12:23+00:00","article_modified_time":"2019-05-29T05:42:10+00:00","og_image":[{"url":"http:\/\/www.bellunopress.it\/wp-content\/uploads\/2016\/04\/sala-bianchi-belluno.jpg","type":"","width":"","height":""}],"author":"redazione","twitter_card":"summary_large_image","twitter_creator":"@bellunopress","twitter_site":"@bellunopress","twitter_misc":{"\u00c9crit par":"redazione","Dur\u00e9e de lecture estim\u00e9e":"1 minute"},"schema":{"@context":"https:\/\/schema.org","@graph":[{"@type":"Article","@id":"https:\/\/www.bellunopress.it\/2019\/05\/25\/martedi-in-sala-bianchi-benedetta-fanciulli-parla-di-jacopo-tintoretto\/#article","isPartOf":{"@id":"https:\/\/www.bellunopress.it\/2019\/05\/25\/martedi-in-sala-bianchi-benedetta-fanciulli-parla-di-jacopo-tintoretto\/"},"author":{"name":"redazione","@id":"https:\/\/www.bellunopress.it\/#\/schema\/person\/79bb06722b37ece1c03d3e94beb30d73"},"headline":"Marted\u00ec in sala Bianchi Benedetta Fanciulli parla di Jacopo Tintoretto","datePublished":"2019-05-25T20:12:23+00:00","dateModified":"2019-05-29T05:42:10+00:00","mainEntityOfPage":{"@id":"https:\/\/www.bellunopress.it\/2019\/05\/25\/martedi-in-sala-bianchi-benedetta-fanciulli-parla-di-jacopo-tintoretto\/"},"wordCount":198,"publisher":{"@id":"https:\/\/www.bellunopress.it\/#organization"},"image":{"@id":"https:\/\/www.bellunopress.it\/2019\/05\/25\/martedi-in-sala-bianchi-benedetta-fanciulli-parla-di-jacopo-tintoretto\/#primaryimage"},"thumbnailUrl":"http:\/\/www.bellunopress.it\/wp-content\/uploads\/2016\/04\/sala-bianchi-belluno.jpg","articleSection":["Appuntamenti, Eventi","Arte, Cultura, Spettacoli, Scienza"],"inLanguage":"fr-FR"},{"@type":"WebPage","@id":"https:\/\/www.bellunopress.it\/2019\/05\/25\/martedi-in-sala-bianchi-benedetta-fanciulli-parla-di-jacopo-tintoretto\/","url":"https:\/\/www.bellunopress.it\/2019\/05\/25\/martedi-in-sala-bianchi-benedetta-fanciulli-parla-di-jacopo-tintoretto\/","name":"Marted\u00ec in sala Bianchi Benedetta Fanciulli parla di Jacopo Tintoretto - Bellunopress - Dolomiti","isPartOf":{"@id":"https:\/\/www.bellunopress.it\/#website"},"primaryImageOfPage":{"@id":"https:\/\/www.bellunopress.it\/2019\/05\/25\/martedi-in-sala-bianchi-benedetta-fanciulli-parla-di-jacopo-tintoretto\/#primaryimage"},"image":{"@id":"https:\/\/www.bellunopress.it\/2019\/05\/25\/martedi-in-sala-bianchi-benedetta-fanciulli-parla-di-jacopo-tintoretto\/#primaryimage"},"thumbnailUrl":"http:\/\/www.bellunopress.it\/wp-content\/uploads\/2016\/04\/sala-bianchi-belluno.jpg","datePublished":"2019-05-25T20:12:23+00:00","dateModified":"2019-05-29T05:42:10+00:00","breadcrumb":{"@id":"https:\/\/www.bellunopress.it\/2019\/05\/25\/martedi-in-sala-bianchi-benedetta-fanciulli-parla-di-jacopo-tintoretto\/#breadcrumb"},"inLanguage":"fr-FR","potentialAction":[{"@type":"ReadAction","target":["https:\/\/www.bellunopress.it\/2019\/05\/25\/martedi-in-sala-bianchi-benedetta-fanciulli-parla-di-jacopo-tintoretto\/"]}]},{"@type":"ImageObject","inLanguage":"fr-FR","@id":"https:\/\/www.bellunopress.it\/2019\/05\/25\/martedi-in-sala-bianchi-benedetta-fanciulli-parla-di-jacopo-tintoretto\/#primaryimage","url":"http:\/\/www.bellunopress.it\/wp-content\/uploads\/2016\/04\/sala-bianchi-belluno.jpg","contentUrl":"http:\/\/www.bellunopress.it\/wp-content\/uploads\/2016\/04\/sala-bianchi-belluno.jpg"},{"@type":"BreadcrumbList","@id":"https:\/\/www.bellunopress.it\/2019\/05\/25\/martedi-in-sala-bianchi-benedetta-fanciulli-parla-di-jacopo-tintoretto\/#breadcrumb","itemListElement":[{"@type":"ListItem","position":1,"name":"Home","item":"https:\/\/www.bellunopress.it\/"},{"@type":"ListItem","position":2,"name":"Marted\u00ec in sala Bianchi Benedetta Fanciulli parla di Jacopo Tintoretto"}]},{"@type":"WebSite","@id":"https:\/\/www.bellunopress.it\/#website","url":"https:\/\/www.bellunopress.it\/","name":"Bellunopress - Dolomiti","description":"e-mail: redazione@bellunopress.it","publisher":{"@id":"https:\/\/www.bellunopress.it\/#organization"},"potentialAction":[{"@type":"SearchAction","target":{"@type":"EntryPoint","urlTemplate":"https:\/\/www.bellunopress.it\/?s={search_term_string}"},"query-input":{"@type":"PropertyValueSpecification","valueRequired":true,"valueName":"search_term_string"}}],"inLanguage":"fr-FR"},{"@type":"Organization","@id":"https:\/\/www.bellunopress.it\/#organization","name":"Bellunopress","url":"https:\/\/www.bellunopress.it\/","logo":{"@type":"ImageObject","inLanguage":"fr-FR","@id":"https:\/\/www.bellunopress.it\/#\/schema\/logo\/image\/","url":"https:\/\/www.bellunopress.it\/wp-content\/uploads\/2011\/05\/cropped-logo-bellunopress-.jpg","contentUrl":"https:\/\/www.bellunopress.it\/wp-content\/uploads\/2011\/05\/cropped-logo-bellunopress-.jpg","width":512,"height":512,"caption":"Bellunopress"},"image":{"@id":"https:\/\/www.bellunopress.it\/#\/schema\/logo\/image\/"},"sameAs":["https:\/\/www.facebook.com\/profile.php?id=100008943462799","https:\/\/x.com\/bellunopress","https:\/\/www.linkedin.com\/hp\/?dnr=JBzUWaJfMUw8vbXJJ2tVW5-I3jZKvC4wsoxE&amp;amp;amp;amp;amp;amp;trk=nav_responsive_tab_home","https:\/\/www.youtube.com\/channel\/UCxL0wu1uN0_3_7hGG0306cw"]},{"@type":"Person","@id":"https:\/\/www.bellunopress.it\/#\/schema\/person\/79bb06722b37ece1c03d3e94beb30d73","name":"r\u00e9daction","image":{"@type":"ImageObject","inLanguage":"fr-FR","@id":"https:\/\/secure.gravatar.com\/avatar\/37d968a2e67a6fd04c169c4bdef102d0bc5d31b2546345219e348575eb80e9a0?s=96&d=mm&r=g","url":"https:\/\/secure.gravatar.com\/avatar\/37d968a2e67a6fd04c169c4bdef102d0bc5d31b2546345219e348575eb80e9a0?s=96&d=mm&r=g","contentUrl":"https:\/\/secure.gravatar.com\/avatar\/37d968a2e67a6fd04c169c4bdef102d0bc5d31b2546345219e348575eb80e9a0?s=96&d=mm&r=g","caption":"redazione"},"sameAs":["http:\/\/www.bellunopress.it","https:\/\/x.com\/bellunopress"],"url":"https:\/\/www.bellunopress.it\/fr\/author\/redazione\/"}]}},"_links":{"self":[{"href":"https:\/\/www.bellunopress.it\/fr\/wp-json\/wp\/v2\/posts\/104858","targetHints":{"allow":["GET"]}}],"collection":[{"href":"https:\/\/www.bellunopress.it\/fr\/wp-json\/wp\/v2\/posts"}],"about":[{"href":"https:\/\/www.bellunopress.it\/fr\/wp-json\/wp\/v2\/types\/post"}],"author":[{"embeddable":true,"href":"https:\/\/www.bellunopress.it\/fr\/wp-json\/wp\/v2\/users\/2"}],"replies":[{"embeddable":true,"href":"https:\/\/www.bellunopress.it\/fr\/wp-json\/wp\/v2\/comments?post=104858"}],"version-history":[{"count":1,"href":"https:\/\/www.bellunopress.it\/fr\/wp-json\/wp\/v2\/posts\/104858\/revisions"}],"predecessor-version":[{"id":104859,"href":"https:\/\/www.bellunopress.it\/fr\/wp-json\/wp\/v2\/posts\/104858\/revisions\/104859"}],"wp:attachment":[{"href":"https:\/\/www.bellunopress.it\/fr\/wp-json\/wp\/v2\/media?parent=104858"}],"wp:term":[{"taxonomy":"category","embeddable":true,"href":"https:\/\/www.bellunopress.it\/fr\/wp-json\/wp\/v2\/categories?post=104858"},{"taxonomy":"post_tag","embeddable":true,"href":"https:\/\/www.bellunopress.it\/fr\/wp-json\/wp\/v2\/tags?post=104858"}],"curies":[{"name":"wp","href":"https:\/\/api.w.org\/{rel}","templated":true}]}}