{"id":104808,"date":"2019-05-24T09:25:37","date_gmt":"2019-05-24T07:25:37","guid":{"rendered":"http:\/\/www.bellunopress.it\/?p=104808"},"modified":"2019-05-24T09:25:37","modified_gmt":"2019-05-24T07:25:37","slug":"paola-t-un-nome-una-sicurezza-nel-mondo-della-moda","status":"publish","type":"post","link":"https:\/\/www.bellunopress.it\/fr\/2019\/05\/24\/paola-t-un-nome-una-sicurezza-nel-mondo-della-moda\/","title":{"rendered":"Paola T: un nome, una sicurezza nel mondo della moda"},"content":{"rendered":"<figure id=\"attachment_104809\" aria-describedby=\"caption-attachment-104809\" style=\"width: 225px\" class=\"wp-caption alignleft\"><a href=\"http:\/\/www.bellunopress.it\/fr\/2019\/05\/24\/paola-t-un-nome-una-sicurezza-nel-mondo-della-moda\/paola-t\/\" rel=\"attachment wp-att-104809\"><img loading=\"lazy\" decoding=\"async\" class=\"size-full wp-image-104809\" src=\"http:\/\/www.bellunopress.it\/wp-content\/uploads\/2019\/05\/paola-t.jpg\" alt=\"\" width=\"225\" height=\"300\" \/><\/a><figcaption id=\"caption-attachment-104809\" class=\"wp-caption-text\">Paola Tienforti<\/figcaption><\/figure>\n<p>\u201cPaola T.\u201d \u00e8 Paola Tienforti, donna impegnata ed affermata nel campo dell\u2019abbigliamento e accessori fashion.<\/p>\n<p>Negli anni \u201980 diventa hostess di volo della compagnia di Bandiera ed ha l\u2019opportunit\u00e0 di girare il mondo in lungo e in largo acquisendo esperienza e conoscenza nel mondo della moda femminile anche in altri paesi: dagli USA all\u2019India, Cina, Sudafrica, Giappone, etc.<\/p>\n<p>Ma nel suo cuore rimane il mondo della moda e per questo motivo lascia la divisa da hostess per dedicarsi appieno alla creazione e alla produzione di capi di abbigliamento e accessori che portano il Suo nome.<\/p>\n<p>E\u2019 infatti da pi\u00f9 di 30 anni che Paola Tienforti si affaccia al settore fashion come indossatrice.<\/p>\n<p>L\u2019incontro con colui che poi diventer\u00e0 suo marito, Stefano Diperte, d\u00e0 loro la possibilit\u00e0 di creare un\u2019azienda di produzione di borse e abbigliamento in Puglia, che, essenzialmente, produce per Brand famosi ma successivamente si dedica in modo esclusivo al Brand \u201cPaola T.\u201d.<\/p>\n<p>Il Brand nasce circa sette anni fa e viene prodotto interamente dalla loro azienda.<\/p>\n<p>Con grande orgoglio la linea pu\u00f2 definirsi interamente \u201cMade in Italy\u201d.<\/p>\n<p>Paola Tienforti vanta anche una notevole esperienza di gestione delle boutiques importanti sia in Italia che all\u2019estero. Questo Le consente di creare capi adatti a vari tipi di donne, con varie esigenze e stili di vita quotidiana, varie fisicit\u00e0, varie professioni. Quindi possiamo dire che certamente la Linea \u201cPaola T.\u201d \u00e8 molto \u201cduttile\u201d e \u201cversatile\u201d abbracciando una vasta fascia di et\u00e0 : dalla ragazza giovane alla signora glamour.<\/p>\n<p>Proprio per questa caratteristica, la creazione e la realizzazione di una collezione richiede mesi di lavoro avvalendosi di uno staff dedito allo stile, grafica, ricerca dei modelli, scelta dei materiali, creazioni di stampe, colori ed esclusivit\u00e0 nei tessuti.<\/p>\n<p>La particolarit\u00e0 di Paola Tienforti \u00e8 quella di trasferire nella propria collezione il Suo modo di essere\u2026.. dando vita cos\u00ec ad una linea \u201cnon comune\u201d con un proprio \u201cmood\u201d che si distingue per originalit\u00e0 cos\u00ec come la donna che veste \u201cPaola T.\u201d<\/p>\n<p>Paola T. veste:<\/p>\n<p>&#8211; Carolyn Smith<br \/>\n&#8211; Demetra Hampton<br \/>\n&#8211; Milena Miconi<br \/>\n&#8211; Veronica Gatto<br \/>\n&#8211; Stefania Orlando<br \/>\n&#8211; Monica Nazzaro<\/p>","protected":false},"excerpt":{"rendered":"<p>\u201cPaola T.\u201d \u00e8 Paola Tienforti, donna impegnata ed affermata nel campo dell\u2019abbigliamento e accessori fashion. Negli anni \u201980 diventa hostess di volo della compagnia di Bandiera ed ha l\u2019opportunit\u00e0 di girare il mondo in lungo e in largo acquisendo esperienza e conoscenza nel mondo della moda femminile anche in altri paesi: dagli USA all\u2019India, Cina, [&hellip;]<\/p>\n","protected":false},"author":2,"featured_media":0,"comment_status":"closed","ping_status":"open","sticky":false,"template":"","format":"standard","meta":{"footnotes":""},"categories":[3394],"tags":[3414,3415],"class_list":["post-104808","post","type-post","status-publish","format-standard","category-cultura-e-spettacoli-fuori-provincia","tag-paola-t","tag-paola-tienforti"],"yoast_head":"<!-- This site is optimized with the Yoast SEO plugin v28.4 - https:\/\/yoast.com\/product\/yoast-seo-wordpress\/ -->\n<title>Paola T: un nome, una sicurezza nel mondo della moda - Bellunopress - Dolomiti<\/title>\n<meta name=\"robots\" content=\"index, follow, max-snippet:-1, max-image-preview:large, max-video-preview:-1\" \/>\n<link rel=\"canonical\" href=\"https:\/\/www.bellunopress.it\/fr\/2019\/05\/24\/paola-t-un-nome-una-sicurezza-nel-mondo-della-moda\/\" \/>\n<meta property=\"og:locale\" content=\"fr_FR\" \/>\n<meta property=\"og:type\" content=\"article\" \/>\n<meta property=\"og:title\" content=\"Paola T: un nome, una sicurezza nel mondo della moda - Bellunopress - Dolomiti\" \/>\n<meta property=\"og:description\" content=\"\u201cPaola T.\u201d \u00e8 Paola Tienforti, donna impegnata ed affermata nel campo dell\u2019abbigliamento e accessori fashion. Negli anni \u201980 diventa hostess di volo della compagnia di Bandiera ed ha l\u2019opportunit\u00e0 di girare il mondo in lungo e in largo acquisendo esperienza e conoscenza nel mondo della moda femminile anche in altri paesi: dagli USA all\u2019India, Cina, [&hellip;]\" \/>\n<meta property=\"og:url\" content=\"https:\/\/www.bellunopress.it\/fr\/2019\/05\/24\/paola-t-un-nome-una-sicurezza-nel-mondo-della-moda\/\" \/>\n<meta property=\"og:site_name\" content=\"Bellunopress - Dolomiti\" \/>\n<meta property=\"article:publisher\" content=\"https:\/\/www.facebook.com\/profile.php?id=100008943462799\" \/>\n<meta property=\"article:published_time\" content=\"2019-05-24T07:25:37+00:00\" \/>\n<meta property=\"og:image\" content=\"http:\/\/www.bellunopress.it\/wp-content\/uploads\/2019\/05\/paola-t.jpg\" \/>\n<meta name=\"author\" content=\"redazione\" \/>\n<meta name=\"twitter:card\" content=\"summary_large_image\" \/>\n<meta name=\"twitter:creator\" content=\"@bellunopress\" \/>\n<meta name=\"twitter:site\" content=\"@bellunopress\" \/>\n<meta name=\"twitter:label1\" content=\"\u00c9crit par\" \/>\n\t<meta name=\"twitter:data1\" content=\"redazione\" \/>\n\t<meta name=\"twitter:label2\" content=\"Dur\u00e9e de lecture estim\u00e9e\" \/>\n\t<meta name=\"twitter:data2\" content=\"2 minutes\" \/>\n<script type=\"application\/ld+json\" class=\"yoast-schema-graph\">{\"@context\":\"https:\\\/\\\/schema.org\",\"@graph\":[{\"@type\":\"Article\",\"@id\":\"https:\\\/\\\/www.bellunopress.it\\\/2019\\\/05\\\/24\\\/paola-t-un-nome-una-sicurezza-nel-mondo-della-moda\\\/#article\",\"isPartOf\":{\"@id\":\"https:\\\/\\\/www.bellunopress.it\\\/2019\\\/05\\\/24\\\/paola-t-un-nome-una-sicurezza-nel-mondo-della-moda\\\/\"},\"author\":{\"name\":\"redazione\",\"@id\":\"https:\\\/\\\/www.bellunopress.it\\\/#\\\/schema\\\/person\\\/79bb06722b37ece1c03d3e94beb30d73\"},\"headline\":\"Paola T: un nome, una sicurezza nel mondo della moda\",\"datePublished\":\"2019-05-24T07:25:37+00:00\",\"mainEntityOfPage\":{\"@id\":\"https:\\\/\\\/www.bellunopress.it\\\/2019\\\/05\\\/24\\\/paola-t-un-nome-una-sicurezza-nel-mondo-della-moda\\\/\"},\"wordCount\":367,\"publisher\":{\"@id\":\"https:\\\/\\\/www.bellunopress.it\\\/#organization\"},\"image\":{\"@id\":\"https:\\\/\\\/www.bellunopress.it\\\/2019\\\/05\\\/24\\\/paola-t-un-nome-una-sicurezza-nel-mondo-della-moda\\\/#primaryimage\"},\"thumbnailUrl\":\"http:\\\/\\\/www.bellunopress.it\\\/wp-content\\\/uploads\\\/2019\\\/05\\\/paola-t.jpg\",\"keywords\":[\"Paola T\",\"Paola Tienforti\"],\"articleSection\":[\"Cultura e spettacoli, tempo libero, benessere, fuori provincia\"],\"inLanguage\":\"fr-FR\"},{\"@type\":\"WebPage\",\"@id\":\"https:\\\/\\\/www.bellunopress.it\\\/2019\\\/05\\\/24\\\/paola-t-un-nome-una-sicurezza-nel-mondo-della-moda\\\/\",\"url\":\"https:\\\/\\\/www.bellunopress.it\\\/2019\\\/05\\\/24\\\/paola-t-un-nome-una-sicurezza-nel-mondo-della-moda\\\/\",\"name\":\"Paola T: un nome, una sicurezza nel mondo della moda - Bellunopress - Dolomiti\",\"isPartOf\":{\"@id\":\"https:\\\/\\\/www.bellunopress.it\\\/#website\"},\"primaryImageOfPage\":{\"@id\":\"https:\\\/\\\/www.bellunopress.it\\\/2019\\\/05\\\/24\\\/paola-t-un-nome-una-sicurezza-nel-mondo-della-moda\\\/#primaryimage\"},\"image\":{\"@id\":\"https:\\\/\\\/www.bellunopress.it\\\/2019\\\/05\\\/24\\\/paola-t-un-nome-una-sicurezza-nel-mondo-della-moda\\\/#primaryimage\"},\"thumbnailUrl\":\"http:\\\/\\\/www.bellunopress.it\\\/wp-content\\\/uploads\\\/2019\\\/05\\\/paola-t.jpg\",\"datePublished\":\"2019-05-24T07:25:37+00:00\",\"breadcrumb\":{\"@id\":\"https:\\\/\\\/www.bellunopress.it\\\/2019\\\/05\\\/24\\\/paola-t-un-nome-una-sicurezza-nel-mondo-della-moda\\\/#breadcrumb\"},\"inLanguage\":\"fr-FR\",\"potentialAction\":[{\"@type\":\"ReadAction\",\"target\":[\"https:\\\/\\\/www.bellunopress.it\\\/2019\\\/05\\\/24\\\/paola-t-un-nome-una-sicurezza-nel-mondo-della-moda\\\/\"]}]},{\"@type\":\"ImageObject\",\"inLanguage\":\"fr-FR\",\"@id\":\"https:\\\/\\\/www.bellunopress.it\\\/2019\\\/05\\\/24\\\/paola-t-un-nome-una-sicurezza-nel-mondo-della-moda\\\/#primaryimage\",\"url\":\"http:\\\/\\\/www.bellunopress.it\\\/wp-content\\\/uploads\\\/2019\\\/05\\\/paola-t.jpg\",\"contentUrl\":\"http:\\\/\\\/www.bellunopress.it\\\/wp-content\\\/uploads\\\/2019\\\/05\\\/paola-t.jpg\"},{\"@type\":\"BreadcrumbList\",\"@id\":\"https:\\\/\\\/www.bellunopress.it\\\/2019\\\/05\\\/24\\\/paola-t-un-nome-una-sicurezza-nel-mondo-della-moda\\\/#breadcrumb\",\"itemListElement\":[{\"@type\":\"ListItem\",\"position\":1,\"name\":\"Home\",\"item\":\"https:\\\/\\\/www.bellunopress.it\\\/\"},{\"@type\":\"ListItem\",\"position\":2,\"name\":\"Paola T: un nome, una sicurezza nel mondo della moda\"}]},{\"@type\":\"WebSite\",\"@id\":\"https:\\\/\\\/www.bellunopress.it\\\/#website\",\"url\":\"https:\\\/\\\/www.bellunopress.it\\\/\",\"name\":\"Bellunopress - Dolomiti\",\"description\":\"e-mail: redazione@bellunopress.it\",\"publisher\":{\"@id\":\"https:\\\/\\\/www.bellunopress.it\\\/#organization\"},\"potentialAction\":[{\"@type\":\"SearchAction\",\"target\":{\"@type\":\"EntryPoint\",\"urlTemplate\":\"https:\\\/\\\/www.bellunopress.it\\\/?s={search_term_string}\"},\"query-input\":{\"@type\":\"PropertyValueSpecification\",\"valueRequired\":true,\"valueName\":\"search_term_string\"}}],\"inLanguage\":\"fr-FR\"},{\"@type\":\"Organization\",\"@id\":\"https:\\\/\\\/www.bellunopress.it\\\/#organization\",\"name\":\"Bellunopress\",\"url\":\"https:\\\/\\\/www.bellunopress.it\\\/\",\"logo\":{\"@type\":\"ImageObject\",\"inLanguage\":\"fr-FR\",\"@id\":\"https:\\\/\\\/www.bellunopress.it\\\/#\\\/schema\\\/logo\\\/image\\\/\",\"url\":\"https:\\\/\\\/www.bellunopress.it\\\/wp-content\\\/uploads\\\/2011\\\/05\\\/cropped-logo-bellunopress-.jpg\",\"contentUrl\":\"https:\\\/\\\/www.bellunopress.it\\\/wp-content\\\/uploads\\\/2011\\\/05\\\/cropped-logo-bellunopress-.jpg\",\"width\":512,\"height\":512,\"caption\":\"Bellunopress\"},\"image\":{\"@id\":\"https:\\\/\\\/www.bellunopress.it\\\/#\\\/schema\\\/logo\\\/image\\\/\"},\"sameAs\":[\"https:\\\/\\\/www.facebook.com\\\/profile.php?id=100008943462799\",\"https:\\\/\\\/x.com\\\/bellunopress\",\"https:\\\/\\\/www.linkedin.com\\\/hp\\\/?dnr=JBzUWaJfMUw8vbXJJ2tVW5-I3jZKvC4wsoxE&amp;amp;amp;amp;amp;amp;trk=nav_responsive_tab_home\",\"https:\\\/\\\/www.youtube.com\\\/channel\\\/UCxL0wu1uN0_3_7hGG0306cw\"]},{\"@type\":\"Person\",\"@id\":\"https:\\\/\\\/www.bellunopress.it\\\/#\\\/schema\\\/person\\\/79bb06722b37ece1c03d3e94beb30d73\",\"name\":\"redazione\",\"image\":{\"@type\":\"ImageObject\",\"inLanguage\":\"fr-FR\",\"@id\":\"https:\\\/\\\/secure.gravatar.com\\\/avatar\\\/37d968a2e67a6fd04c169c4bdef102d0bc5d31b2546345219e348575eb80e9a0?s=96&d=mm&r=g\",\"url\":\"https:\\\/\\\/secure.gravatar.com\\\/avatar\\\/37d968a2e67a6fd04c169c4bdef102d0bc5d31b2546345219e348575eb80e9a0?s=96&d=mm&r=g\",\"contentUrl\":\"https:\\\/\\\/secure.gravatar.com\\\/avatar\\\/37d968a2e67a6fd04c169c4bdef102d0bc5d31b2546345219e348575eb80e9a0?s=96&d=mm&r=g\",\"caption\":\"redazione\"},\"sameAs\":[\"http:\\\/\\\/www.bellunopress.it\",\"https:\\\/\\\/x.com\\\/bellunopress\"],\"url\":\"https:\\\/\\\/www.bellunopress.it\\\/fr\\\/author\\\/redazione\\\/\"}]}<\/script>\n<!-- \/ Yoast SEO plugin. -->","yoast_head_json":{"title":"Paola T: un nome, una sicurezza nel mondo della moda - Bellunopress - Dolomiti","robots":{"index":"index","follow":"follow","max-snippet":"max-snippet:-1","max-image-preview":"max-image-preview:large","max-video-preview":"max-video-preview:-1"},"canonical":"https:\/\/www.bellunopress.it\/fr\/2019\/05\/24\/paola-t-un-nome-una-sicurezza-nel-mondo-della-moda\/","og_locale":"fr_FR","og_type":"article","og_title":"Paola T: un nome, una sicurezza nel mondo della moda - Bellunopress - Dolomiti","og_description":"\u201cPaola T.\u201d \u00e8 Paola Tienforti, donna impegnata ed affermata nel campo dell\u2019abbigliamento e accessori fashion. Negli anni \u201980 diventa hostess di volo della compagnia di Bandiera ed ha l\u2019opportunit\u00e0 di girare il mondo in lungo e in largo acquisendo esperienza e conoscenza nel mondo della moda femminile anche in altri paesi: dagli USA all\u2019India, Cina, [&hellip;]","og_url":"https:\/\/www.bellunopress.it\/fr\/2019\/05\/24\/paola-t-un-nome-una-sicurezza-nel-mondo-della-moda\/","og_site_name":"Bellunopress - Dolomiti","article_publisher":"https:\/\/www.facebook.com\/profile.php?id=100008943462799","article_published_time":"2019-05-24T07:25:37+00:00","og_image":[{"url":"http:\/\/www.bellunopress.it\/wp-content\/uploads\/2019\/05\/paola-t.jpg","type":"","width":"","height":""}],"author":"redazione","twitter_card":"summary_large_image","twitter_creator":"@bellunopress","twitter_site":"@bellunopress","twitter_misc":{"\u00c9crit par":"redazione","Dur\u00e9e de lecture estim\u00e9e":"2 minutes"},"schema":{"@context":"https:\/\/schema.org","@graph":[{"@type":"Article","@id":"https:\/\/www.bellunopress.it\/2019\/05\/24\/paola-t-un-nome-una-sicurezza-nel-mondo-della-moda\/#article","isPartOf":{"@id":"https:\/\/www.bellunopress.it\/2019\/05\/24\/paola-t-un-nome-una-sicurezza-nel-mondo-della-moda\/"},"author":{"name":"redazione","@id":"https:\/\/www.bellunopress.it\/#\/schema\/person\/79bb06722b37ece1c03d3e94beb30d73"},"headline":"Paola T: un nome, una sicurezza nel mondo della moda","datePublished":"2019-05-24T07:25:37+00:00","mainEntityOfPage":{"@id":"https:\/\/www.bellunopress.it\/2019\/05\/24\/paola-t-un-nome-una-sicurezza-nel-mondo-della-moda\/"},"wordCount":367,"publisher":{"@id":"https:\/\/www.bellunopress.it\/#organization"},"image":{"@id":"https:\/\/www.bellunopress.it\/2019\/05\/24\/paola-t-un-nome-una-sicurezza-nel-mondo-della-moda\/#primaryimage"},"thumbnailUrl":"http:\/\/www.bellunopress.it\/wp-content\/uploads\/2019\/05\/paola-t.jpg","keywords":["Paola T","Paola Tienforti"],"articleSection":["Cultura e spettacoli, tempo libero, benessere, fuori provincia"],"inLanguage":"fr-FR"},{"@type":"WebPage","@id":"https:\/\/www.bellunopress.it\/2019\/05\/24\/paola-t-un-nome-una-sicurezza-nel-mondo-della-moda\/","url":"https:\/\/www.bellunopress.it\/2019\/05\/24\/paola-t-un-nome-una-sicurezza-nel-mondo-della-moda\/","name":"Paola T: un nome, una sicurezza nel mondo della moda - Bellunopress - Dolomiti","isPartOf":{"@id":"https:\/\/www.bellunopress.it\/#website"},"primaryImageOfPage":{"@id":"https:\/\/www.bellunopress.it\/2019\/05\/24\/paola-t-un-nome-una-sicurezza-nel-mondo-della-moda\/#primaryimage"},"image":{"@id":"https:\/\/www.bellunopress.it\/2019\/05\/24\/paola-t-un-nome-una-sicurezza-nel-mondo-della-moda\/#primaryimage"},"thumbnailUrl":"http:\/\/www.bellunopress.it\/wp-content\/uploads\/2019\/05\/paola-t.jpg","datePublished":"2019-05-24T07:25:37+00:00","breadcrumb":{"@id":"https:\/\/www.bellunopress.it\/2019\/05\/24\/paola-t-un-nome-una-sicurezza-nel-mondo-della-moda\/#breadcrumb"},"inLanguage":"fr-FR","potentialAction":[{"@type":"ReadAction","target":["https:\/\/www.bellunopress.it\/2019\/05\/24\/paola-t-un-nome-una-sicurezza-nel-mondo-della-moda\/"]}]},{"@type":"ImageObject","inLanguage":"fr-FR","@id":"https:\/\/www.bellunopress.it\/2019\/05\/24\/paola-t-un-nome-una-sicurezza-nel-mondo-della-moda\/#primaryimage","url":"http:\/\/www.bellunopress.it\/wp-content\/uploads\/2019\/05\/paola-t.jpg","contentUrl":"http:\/\/www.bellunopress.it\/wp-content\/uploads\/2019\/05\/paola-t.jpg"},{"@type":"BreadcrumbList","@id":"https:\/\/www.bellunopress.it\/2019\/05\/24\/paola-t-un-nome-una-sicurezza-nel-mondo-della-moda\/#breadcrumb","itemListElement":[{"@type":"ListItem","position":1,"name":"Home","item":"https:\/\/www.bellunopress.it\/"},{"@type":"ListItem","position":2,"name":"Paola T: un nome, una sicurezza nel mondo della moda"}]},{"@type":"WebSite","@id":"https:\/\/www.bellunopress.it\/#website","url":"https:\/\/www.bellunopress.it\/","name":"Bellunopress - Dolomiti","description":"e-mail: redazione@bellunopress.it","publisher":{"@id":"https:\/\/www.bellunopress.it\/#organization"},"potentialAction":[{"@type":"SearchAction","target":{"@type":"EntryPoint","urlTemplate":"https:\/\/www.bellunopress.it\/?s={search_term_string}"},"query-input":{"@type":"PropertyValueSpecification","valueRequired":true,"valueName":"search_term_string"}}],"inLanguage":"fr-FR"},{"@type":"Organization","@id":"https:\/\/www.bellunopress.it\/#organization","name":"Bellunopress","url":"https:\/\/www.bellunopress.it\/","logo":{"@type":"ImageObject","inLanguage":"fr-FR","@id":"https:\/\/www.bellunopress.it\/#\/schema\/logo\/image\/","url":"https:\/\/www.bellunopress.it\/wp-content\/uploads\/2011\/05\/cropped-logo-bellunopress-.jpg","contentUrl":"https:\/\/www.bellunopress.it\/wp-content\/uploads\/2011\/05\/cropped-logo-bellunopress-.jpg","width":512,"height":512,"caption":"Bellunopress"},"image":{"@id":"https:\/\/www.bellunopress.it\/#\/schema\/logo\/image\/"},"sameAs":["https:\/\/www.facebook.com\/profile.php?id=100008943462799","https:\/\/x.com\/bellunopress","https:\/\/www.linkedin.com\/hp\/?dnr=JBzUWaJfMUw8vbXJJ2tVW5-I3jZKvC4wsoxE&amp;amp;amp;amp;amp;amp;trk=nav_responsive_tab_home","https:\/\/www.youtube.com\/channel\/UCxL0wu1uN0_3_7hGG0306cw"]},{"@type":"Person","@id":"https:\/\/www.bellunopress.it\/#\/schema\/person\/79bb06722b37ece1c03d3e94beb30d73","name":"r\u00e9daction","image":{"@type":"ImageObject","inLanguage":"fr-FR","@id":"https:\/\/secure.gravatar.com\/avatar\/37d968a2e67a6fd04c169c4bdef102d0bc5d31b2546345219e348575eb80e9a0?s=96&d=mm&r=g","url":"https:\/\/secure.gravatar.com\/avatar\/37d968a2e67a6fd04c169c4bdef102d0bc5d31b2546345219e348575eb80e9a0?s=96&d=mm&r=g","contentUrl":"https:\/\/secure.gravatar.com\/avatar\/37d968a2e67a6fd04c169c4bdef102d0bc5d31b2546345219e348575eb80e9a0?s=96&d=mm&r=g","caption":"redazione"},"sameAs":["http:\/\/www.bellunopress.it","https:\/\/x.com\/bellunopress"],"url":"https:\/\/www.bellunopress.it\/fr\/author\/redazione\/"}]}},"_links":{"self":[{"href":"https:\/\/www.bellunopress.it\/fr\/wp-json\/wp\/v2\/posts\/104808","targetHints":{"allow":["GET"]}}],"collection":[{"href":"https:\/\/www.bellunopress.it\/fr\/wp-json\/wp\/v2\/posts"}],"about":[{"href":"https:\/\/www.bellunopress.it\/fr\/wp-json\/wp\/v2\/types\/post"}],"author":[{"embeddable":true,"href":"https:\/\/www.bellunopress.it\/fr\/wp-json\/wp\/v2\/users\/2"}],"replies":[{"embeddable":true,"href":"https:\/\/www.bellunopress.it\/fr\/wp-json\/wp\/v2\/comments?post=104808"}],"version-history":[{"count":2,"href":"https:\/\/www.bellunopress.it\/fr\/wp-json\/wp\/v2\/posts\/104808\/revisions"}],"predecessor-version":[{"id":104811,"href":"https:\/\/www.bellunopress.it\/fr\/wp-json\/wp\/v2\/posts\/104808\/revisions\/104811"}],"wp:attachment":[{"href":"https:\/\/www.bellunopress.it\/fr\/wp-json\/wp\/v2\/media?parent=104808"}],"wp:term":[{"taxonomy":"category","embeddable":true,"href":"https:\/\/www.bellunopress.it\/fr\/wp-json\/wp\/v2\/categories?post=104808"},{"taxonomy":"post_tag","embeddable":true,"href":"https:\/\/www.bellunopress.it\/fr\/wp-json\/wp\/v2\/tags?post=104808"}],"curies":[{"name":"wp","href":"https:\/\/api.w.org\/{rel}","templated":true}]}}