{"id":104701,"date":"2019-05-21T10:04:13","date_gmt":"2019-05-21T08:04:13","guid":{"rendered":"http:\/\/www.bellunopress.it\/?p=104701"},"modified":"2019-05-21T10:04:13","modified_gmt":"2019-05-21T08:04:13","slug":"cantine-aperte-2019-torna-in-oltre-800-cantine-ditalia-lultimo-weekend-di-maggio","status":"publish","type":"post","link":"https:\/\/www.bellunopress.it\/fr\/2019\/05\/21\/cantine-aperte-2019-torna-in-oltre-800-cantine-ditalia-lultimo-weekend-di-maggio\/","title":{"rendered":"Cantine Aperte 2019 torna in oltre 800 cantine d\u2019Italia l\u2019ultimo weekend di Maggio"},"content":{"rendered":"<p>Cantine Aperte, la pi\u00f9 grande Festa del Vino e del Turismo del vino in Europa, torna anche quest\u2019anno l\u2019ultimo weekend di maggio, sabato 25 e domenica 26 maggio, in oltre 800 cantine associate al Movimento Turismo del Vino in tutta Italia.<\/p>\n<p>&nbsp;<\/p>\n<p><a href=\"http:\/\/www.bellunopress.it\/fr\/2018\/01\/15\/bere-vino-prima-di-dormire-aiuta-a-perdere-peso-sara-vero\/vino-donna\/\" rel=\"attachment wp-att-92183\"><img loading=\"lazy\" decoding=\"async\" class=\"alignleft size-full wp-image-92183\" src=\"http:\/\/www.bellunopress.it\/wp-content\/uploads\/2018\/01\/vino-donna.jpg\" alt=\"\" width=\"187\" height=\"235\" \/><\/a>Un evento che da 27 anni accoglie gli enoturisti nei luoghi di produzione del vino, raccontando storie di bottiglie, territori, famiglie e aziende. Un viaggio tra i filari e le\u00a0botti, tra le proposte enoturistiche delle Cantine di MTV che invitano a vivere le diversit\u00e0 uniche della realt\u00e0 vitivinicola in Italia; fotogrammi di una missione fatta di qualit\u00e0 nell\u2019accoglienza, valorizzazione del patrimonio agricolo, di innovazione nella tradizione. Tutto questo degustando vini eccellenti.<\/p>\n<p>Cantine Aperte 2019 come ogni anno abbraccer\u00e0 tutto lo stivale, con attivit\u00e0 dalle vette dalla Valle d\u2019Aosta, fino alle spiagge della Sicilia e della Sardegna. Ogni regione e ogni singola azienda porter\u00e0 in scena iniziative e attivit\u00e0 tese a valorizzare e raccontare al meglio il proprio territorio.<\/p>\n<p>Cantine Aperte \u00e8 un marchio di propriet\u00e0 del Movimento Turismo del Vino, registrato e protetto giuridicamente per contrastarne qualunque abuso\/imitazione e garantire ai consumatori qualit\u00e0 e professionalit\u00e0 nell\u2019accoglienza, tratti distintivi delle cantine MTV.<\/p>\n<p>Partner istituzionali: Vinitaly, AEE Asosiacion, Enit<\/p>\n<p>Sponsor: RCR, Goldplast, Wineplan, Offerspans<\/p>\n<p>Media partner: PleinAir, L\u2019Eco della Stampa, Intravino, Italia a Tavola, Cucina&amp;Vini, Food&amp;Wine<\/p>\n<p><strong>IL MOVIMENTO TURISMO DEL VINO<\/strong>.\u00a0L&#8217;Associazione Movimento Turismo del Vino \u00e8 un ente non profit ed annovera circa 900 fra le pi\u00f9 prestigiose cantine d&#8217;Italia, selezionate sulla base di specifici requisiti, primo fra tutti quello della qualit\u00e0 dell&#8217;accoglienza enoturistica. Obiettivo dell\u2019associazione \u00e8 promuovere la cultura del vino attraverso le visite nei luoghi di produzione. Ai turisti del vino il Movimento vuole, da una parte, far conoscere pi\u00f9 da vicino l\u2019attivit\u00e0 e i prodotti delle cantine aderenti, dall\u2019altra, offrire un esemp io di come si pu\u00f2 fare impresa nel rispetto delle tradizioni, della salvaguardia dell&#8217;ambiente e dell&#8217;agricoltura di qualit\u00e0.<\/p>\n<p><strong>IL PROGRAMMA CANTINE APERTE REGIONE VENETO &#8211;\u00a0CANTINE APERTE 2019 \/25-26 maggio<\/strong><\/p>\n<p>Il Veneto lancia\u00a0 \u201cCantine Aperte Moments\u201d con 73 scenari d\u2019ispirazione<\/p>\n<p>Con il 2019 il Veneto segna il lancio dei\u00a0CantineAperteMoments\u00a0che vede come primi protagonisti soci e winelovers. Ogni azienda abbraccia un tema che, in vario modo, desidera vivere insieme ai propri ospiti. Varie sfaccettature, punti di scoperta tematici, itinerari e proposte mirate ideate con fantasia dalle singole aziende partecipanti.<\/p>\n<p>Le aziende si stanno ancora organizzando per uno splendido tam tam con il desiderio di accogliere al meglio gli enoturisti. Palcoscenici dalle mille emozioni degni di far vivere experience da favola. Sui social e\u00a0 sul sito\u00a0<a href=\"http:\/\/news.doc-com.it\/Newsletters\/Redirect.aspx?idnewsletter=109&amp;email=redazione@bellunopress.it&amp;dest=http%3a%2f%2fwww.mtvveneto.it%2f%23!!%26amp%3bapp%3dio.ox%2fmail%26amp%3bfolder%3ddefault0%2f_blank\" target=\"_blank\" rel=\"noopener noreferrer\">www.mtvveneto.it<\/a>\u00a0sar\u00e0 possibile esplorare passo passo l\u2019evoluzione dei programmi.\u00a0Il capire come partecipare in prima persona alla condivisione dei propri moments in chiave veneto style sar\u00e0 illustrato nei social della associazione, in quelli del le cantine partecipanti e nelle aziende.<\/p>\n<p>Gli orari di apertura sono mediamente dalle 10.00 alle 18.00 ma ogni cantina ha le sue proposte per una o entrambe le giornate.<\/p>\n<p>Adesioni e programmi in continuo aggiornamento scaricabili a questo link\u00a0<a href=\"https:\/\/bit.ly\/2aZ5gz8#!!&amp;app=io.ox\/mail&amp;folder=default0\/_blank\" target=\"_blank\" rel=\"noopener noreferrer\">https:\/\/bit.ly\/2aZ5gz8<\/a><\/p>\n<p>&nbsp;<\/p>\n<p><strong>PADOVA<\/strong><\/p>\n<p>C\u00c0 DEL COLLE Alla scoperta del Fior d\u2019arancio\u2026. 26 Maggio dalle 10.00 alle 19.00<\/p>\n<p>CA\u2019 LUSTRA Ca&#8217; Lustra incontra la Calabria: una festa di sapori e colori 26 Maggio 2019 dalle 10.00 alle 19.00<\/p>\n<p>DOMINIO DI BAGNOLI s.s. di Lorenzo Borletti Cantine in Fiore 2019 26 maggio dalle 11.00 alle 21.00<\/p>\n<p>IL PIANZIO Fam. Selmin Sorrisodivino 25 Maggio dalle 11.00 alle 18.00 solo su prenotazione &#8211; 26 Maggio dalle10.00 alle 18.00<\/p>\n<p>LA ROCCOLA \u2013 Emozioni Vulcaniche- Domenica 26 Maggio 2019<\/p>\n<p>MAELI Giallo Rosa Rosso Dal Moscato Giallo al Taglio Bordolese attraverso le Vecchie Variet\u00e0 Autoctone 26 maggio, dalle 11.00 alle 19.00<\/p>\n<p>QUOTA 101 Un vino per l&#8217;ambiente|Cantine Aperte Moments a Quota 101 26 Maggio dalle 12.00 alle 19.00<\/p>\n<p>VERONESE Soc. Agr. Semp. L\u2019idea che non c\u2019era 25 Maggio dalle17.00 alle 23.00 26 Maggio dalle 11.30 alle 19.00<\/p>\n<p>&nbsp;<\/p>\n<p><strong>TREVISO<\/strong><\/p>\n<p>ASTORIA VINI Natura &amp; Cultura 26 Maggio 2019 dalle 10.00 alle 18.00<\/p>\n<p>BONOTTO DELLE TEZZE&#8230; la meravigliosa incognita della Serendipit\u00e0 domenica 26 maggio 2019 &#8211; Dalle ore 10:00 alle 18:00<\/p>\n<p>CANTINA PIZZOLATO Vivi&amp;Vini cantina aperta e benessere con degustazioni guidate, show coking e yoga! 25 maggio dalle 16.00 \u2013 alle 22.00 \u2013 26 maggio dalle 10.00 alle 19.00<\/p>\n<p>CASTELLO DI RONCADE Il vino nella Villa Veneta 26 maggio dalle 10.00 alle 18.00 visite con cadenza oraria, ultima partenza ore 17:00<\/p>\n<p>COL SANDAGO Col Sandago Spring Special Opening 25 maggio 2019 dalle 9.30alle 13.30 \/ dalle15.00 alle 19.00<\/p>\n<p>FIORAVANTI ONESTI Francesco e Alvise Az. Agr. Sinfonia tra clima e suolo, il Terroir 26 maggio dalle 10.00 Alle 18.00<\/p>\n<p>RECHSTEINER di Florian Von Stepski-Doliwa Vino, Arte, Storia E Natura In Movimento 26 maggio dalle 10.00 alle 19.00<\/p>\n<p>TERRE DI SAN VENANZIO FORTUNATO\u00a0\u00a0\u00a0\u00a0\u00a0\u00a0\u00a0\u00a0\u00a0\u00a0\u00a0\u00a0\u00a0 Il Colore Viola 25 e d 26 maggio 2019<\/p>\n<p>SESSANTACAMPI -LUIGINO ZAGO Soc. Agr.s.s. Cantine Aperte Back To Basics 26 maggio dalle 10.00 alle 18.00<\/p>\n<p>VALDO SPUMANTI Valdo: Innovazione Coltivando la Tradizione 26 Maggio dalle 10.00 alle 18.00<\/p>\n<p>&nbsp;<\/p>\n<p><strong>VENEZIA<\/strong><\/p>\n<p>LA FRASSINA Vini del Mare 25 maggio dalle 10.00 alle 18.00, 26 maggio dalle 10.00alle 19.00<\/p>\n<p>LE CARLINE Le Carline: momenti\u2026diVINI! 26 maggio 2019 dalle 10.00 alle 18.00<\/p>\n<p>SANTA MARGHERITA SPA WINE VILLAGE by Santa Margherita 26 maggio dalle 10.00 alle 21.00<\/p>\n<p>TESS\u00c8RE Colori a Tess\u00e8re 2019 25 maggio dalle 10 alle 14 e 26 maggio dalle 10 alle 18<\/p>\n<p>&nbsp;<\/p>\n<p><strong>VERONA<\/strong><\/p>\n<p>FLATIO Az.Agr. di Fraccaroli Flavio Primavera da FlaTio 25 maggio dalle 10 alle 18 \u2013 domenica 26 maggio dalle 10 alle 18<\/p>\n<p>FALEZZE DI LUCA ANSELMI Il Terroir Falezze tra Natura, Vino ed Arte. 26 maggio 2019 dalle 9.00 alle 12.00 dalle 13.00 alle 18.00<\/p>\n<p>FRANCHINI AGRICOLA A come Amarone by Franchini Vini 26 maggio dalle 10.00 alle 18.00<\/p>\n<p>FRATELLI VOGADORI Decantiamo l\u2019Amarone tra le vigne della Valpolicella 25 maggio h 16.00 26 maggio 10.30 e 15.00<\/p>\n<p>GIOVANNI EDERLE &#8211; VITICOLTORE IN SAN MATTIA Wine &amp; Food Experience 25 maggio dalle ore 17:00 alle 20:00 &#8211; 26 maggio dalle 11.00 alle 19.00<\/p>\n<p>LAVARINI Soc. Agr. di Lavarini Massimo e Luigi s.s. Primavera in Cantina 25 e 26 maggio 2019 dalle 10.00 alle 18.00<\/p>\n<p>MONTECI Societ\u00e0 Agricola S.s. Imparare dal passato. 25 Maggio dalle 10.00 alle 18.00<\/p>\n<p>MONTE ZOVO \u2013 FAMIGLIA COTTINIIl Calinverno e la sua terra 26 maggio dalle 9.30 alle 18.30<\/p>\n<p>NOVAIA Az.Agr. Un Week End biologico in azienda agricola Novaia 25 e 26 maggio 2019 dalle 10.00 alle 19.00<\/p>\n<p>PIETRO ZARDINI Elogio alla territorialit\u00e0 26 e 27\/05\/2019 dalle 9.00 alle 18.00<\/p>\n<p>SPARICI LANDINI Az. Agr. s.r.l. Vino e Ciaccole 26 maggio 2019 dalle 11.00 alle 18.00<\/p>\n<p>TENUTA LA C\u00c0 The Wine Accent 26 Maggio<\/p>\n<p>TENUTE UGOLINI s.s. L\u2019accademia Ugolini: la Valpolicella Classica e l\u2019olio di Fumane 26 maggio dalle 10.00 alle 18.00<\/p>\n<p>ZENATO Un viaggio tra gusto, arte e cultura e BIKE &amp; WINE In bicicletta alla scoperta del territorio (25 maggio) 25\/26 maggio dalle 10.00 alle 18.00<\/p>\n<p>ZENI Le sfumature del rosa Zeni 1870 Domenica 26 maggio<\/p>\n<p>&nbsp;<\/p>\n<p><strong>VICENZA<\/strong><\/p>\n<p>CA&#8217; ROVERE Az. Agr. Pesce &amp; Bollicine a C\u00e0 Rovere 26 maggio dalle 10.30 alle 18.00<\/p>\n<p>CAVAZZA Az. Agr. Colli Berici Red Passion 26 maggio dalle 10.30 alle 18.00<\/p>\n<p>DAL MASO S.n.c. di Dal Maso Nicola, Silvia e Anna Soc Agr. 100 anni 100 Moments 26 maggio dalle 11:00 alle 18:00<\/p>\n<p>MACULAN Dalla vigna al bicchiere 26 maggio dalle 10.00 alle 12.30 e dalle 15.00 alle 18.30<\/p>\n<p>PEGORARO Soc. Agr. In vigneto, in cantina, nel calice. Tutta la nostra passione.Domenica 26 maggio dalle ore 10.30 alle ore 19.00<\/p>\n<p>PIOVENE PORTO GODI ALESSANDRO s.s. Az. Agr. Momenti divini con noi \u2013 cantine aperte 2019 26 maggio 2019 dalle 10.00 alle 18.00<\/p>\n<p>ROSSO RIGONI Fra il vigneto e la cantina domenica 26 maggio dalle 11.00 alle 19:00<\/p>\n<p>&nbsp;<\/p>\n<hr \/>\n<p><a href=\"http:\/\/news.doc-com.it\/Newsletters\/Redirect.aspx?idnewsletter=109&amp;email=redazione@bellunopress.it&amp;dest=http%3a%2f%2fnews.doc-com.it%2fpublic%2fFiles%2fVeneto-programmi-cantine-aperte-2019(1).pdf\" target=\"_blank\" rel=\"noopener noreferrer\">Elenco cantine aderenti<\/a><\/p>","protected":false},"excerpt":{"rendered":"<p>Cantine Aperte, la pi\u00f9 grande Festa del Vino e del Turismo del vino in Europa, torna anche quest\u2019anno l\u2019ultimo weekend di maggio, sabato 25 e domenica 26 maggio, in oltre 800 cantine associate al Movimento Turismo del Vino in tutta Italia. &nbsp; Un evento che da 27 anni accoglie gli enoturisti nei luoghi di produzione [&hellip;]<\/p>\n","protected":false},"author":2,"featured_media":0,"comment_status":"closed","ping_status":"open","sticky":false,"template":"","format":"standard","meta":{"footnotes":""},"categories":[3393,26],"tags":[],"class_list":["post-104701","post","type-post","status-publish","format-standard","category-eventi-enogastronomici","category-prima-pagina"],"yoast_head":"<!-- This site is optimized with the Yoast SEO plugin v28.4 - https:\/\/yoast.com\/product\/yoast-seo-wordpress\/ -->\n<title>Cantine Aperte 2019 torna in oltre 800 cantine d\u2019Italia l\u2019ultimo weekend di Maggio - Bellunopress - Dolomiti<\/title>\n<meta name=\"robots\" content=\"index, follow, max-snippet:-1, max-image-preview:large, max-video-preview:-1\" \/>\n<link rel=\"canonical\" href=\"https:\/\/www.bellunopress.it\/fr\/2019\/05\/21\/cantine-aperte-2019-torna-in-oltre-800-cantine-ditalia-lultimo-weekend-di-maggio\/\" \/>\n<meta property=\"og:locale\" content=\"fr_FR\" \/>\n<meta property=\"og:type\" content=\"article\" \/>\n<meta property=\"og:title\" content=\"Cantine Aperte 2019 torna in oltre 800 cantine d\u2019Italia l\u2019ultimo weekend di Maggio - Bellunopress - Dolomiti\" \/>\n<meta property=\"og:description\" content=\"Cantine Aperte, la pi\u00f9 grande Festa del Vino e del Turismo del vino in Europa, torna anche quest\u2019anno l\u2019ultimo weekend di maggio, sabato 25 e domenica 26 maggio, in oltre 800 cantine associate al Movimento Turismo del Vino in tutta Italia. &nbsp; Un evento che da 27 anni accoglie gli enoturisti nei luoghi di produzione [&hellip;]\" \/>\n<meta property=\"og:url\" content=\"https:\/\/www.bellunopress.it\/fr\/2019\/05\/21\/cantine-aperte-2019-torna-in-oltre-800-cantine-ditalia-lultimo-weekend-di-maggio\/\" \/>\n<meta property=\"og:site_name\" content=\"Bellunopress - Dolomiti\" \/>\n<meta property=\"article:publisher\" content=\"https:\/\/www.facebook.com\/profile.php?id=100008943462799\" \/>\n<meta property=\"article:published_time\" content=\"2019-05-21T08:04:13+00:00\" \/>\n<meta property=\"og:image\" content=\"http:\/\/www.bellunopress.it\/wp-content\/uploads\/2018\/01\/vino-donna.jpg\" \/>\n<meta name=\"author\" content=\"redazione\" \/>\n<meta name=\"twitter:card\" content=\"summary_large_image\" \/>\n<meta name=\"twitter:creator\" content=\"@bellunopress\" \/>\n<meta name=\"twitter:site\" content=\"@bellunopress\" \/>\n<meta name=\"twitter:label1\" content=\"\u00c9crit par\" \/>\n\t<meta name=\"twitter:data1\" content=\"redazione\" \/>\n\t<meta name=\"twitter:label2\" content=\"Dur\u00e9e de lecture estim\u00e9e\" \/>\n\t<meta name=\"twitter:data2\" content=\"6 minutes\" \/>\n<script type=\"application\/ld+json\" class=\"yoast-schema-graph\">{\"@context\":\"https:\\\/\\\/schema.org\",\"@graph\":[{\"@type\":\"Article\",\"@id\":\"https:\\\/\\\/www.bellunopress.it\\\/2019\\\/05\\\/21\\\/cantine-aperte-2019-torna-in-oltre-800-cantine-ditalia-lultimo-weekend-di-maggio\\\/#article\",\"isPartOf\":{\"@id\":\"https:\\\/\\\/www.bellunopress.it\\\/2019\\\/05\\\/21\\\/cantine-aperte-2019-torna-in-oltre-800-cantine-ditalia-lultimo-weekend-di-maggio\\\/\"},\"author\":{\"name\":\"redazione\",\"@id\":\"https:\\\/\\\/www.bellunopress.it\\\/#\\\/schema\\\/person\\\/79bb06722b37ece1c03d3e94beb30d73\"},\"headline\":\"Cantine Aperte 2019 torna in oltre 800 cantine d\u2019Italia l\u2019ultimo weekend di Maggio\",\"datePublished\":\"2019-05-21T08:04:13+00:00\",\"mainEntityOfPage\":{\"@id\":\"https:\\\/\\\/www.bellunopress.it\\\/2019\\\/05\\\/21\\\/cantine-aperte-2019-torna-in-oltre-800-cantine-ditalia-lultimo-weekend-di-maggio\\\/\"},\"wordCount\":1143,\"publisher\":{\"@id\":\"https:\\\/\\\/www.bellunopress.it\\\/#organization\"},\"image\":{\"@id\":\"https:\\\/\\\/www.bellunopress.it\\\/2019\\\/05\\\/21\\\/cantine-aperte-2019-torna-in-oltre-800-cantine-ditalia-lultimo-weekend-di-maggio\\\/#primaryimage\"},\"thumbnailUrl\":\"http:\\\/\\\/www.bellunopress.it\\\/wp-content\\\/uploads\\\/2018\\\/01\\\/vino-donna.jpg\",\"articleSection\":[\"Eventi enogastronomici\",\"Prima Pagina\"],\"inLanguage\":\"fr-FR\"},{\"@type\":\"WebPage\",\"@id\":\"https:\\\/\\\/www.bellunopress.it\\\/2019\\\/05\\\/21\\\/cantine-aperte-2019-torna-in-oltre-800-cantine-ditalia-lultimo-weekend-di-maggio\\\/\",\"url\":\"https:\\\/\\\/www.bellunopress.it\\\/2019\\\/05\\\/21\\\/cantine-aperte-2019-torna-in-oltre-800-cantine-ditalia-lultimo-weekend-di-maggio\\\/\",\"name\":\"Cantine Aperte 2019 torna in oltre 800 cantine d\u2019Italia l\u2019ultimo weekend di Maggio - Bellunopress - Dolomiti\",\"isPartOf\":{\"@id\":\"https:\\\/\\\/www.bellunopress.it\\\/#website\"},\"primaryImageOfPage\":{\"@id\":\"https:\\\/\\\/www.bellunopress.it\\\/2019\\\/05\\\/21\\\/cantine-aperte-2019-torna-in-oltre-800-cantine-ditalia-lultimo-weekend-di-maggio\\\/#primaryimage\"},\"image\":{\"@id\":\"https:\\\/\\\/www.bellunopress.it\\\/2019\\\/05\\\/21\\\/cantine-aperte-2019-torna-in-oltre-800-cantine-ditalia-lultimo-weekend-di-maggio\\\/#primaryimage\"},\"thumbnailUrl\":\"http:\\\/\\\/www.bellunopress.it\\\/wp-content\\\/uploads\\\/2018\\\/01\\\/vino-donna.jpg\",\"datePublished\":\"2019-05-21T08:04:13+00:00\",\"breadcrumb\":{\"@id\":\"https:\\\/\\\/www.bellunopress.it\\\/2019\\\/05\\\/21\\\/cantine-aperte-2019-torna-in-oltre-800-cantine-ditalia-lultimo-weekend-di-maggio\\\/#breadcrumb\"},\"inLanguage\":\"fr-FR\",\"potentialAction\":[{\"@type\":\"ReadAction\",\"target\":[\"https:\\\/\\\/www.bellunopress.it\\\/2019\\\/05\\\/21\\\/cantine-aperte-2019-torna-in-oltre-800-cantine-ditalia-lultimo-weekend-di-maggio\\\/\"]}]},{\"@type\":\"ImageObject\",\"inLanguage\":\"fr-FR\",\"@id\":\"https:\\\/\\\/www.bellunopress.it\\\/2019\\\/05\\\/21\\\/cantine-aperte-2019-torna-in-oltre-800-cantine-ditalia-lultimo-weekend-di-maggio\\\/#primaryimage\",\"url\":\"http:\\\/\\\/www.bellunopress.it\\\/wp-content\\\/uploads\\\/2018\\\/01\\\/vino-donna.jpg\",\"contentUrl\":\"http:\\\/\\\/www.bellunopress.it\\\/wp-content\\\/uploads\\\/2018\\\/01\\\/vino-donna.jpg\"},{\"@type\":\"BreadcrumbList\",\"@id\":\"https:\\\/\\\/www.bellunopress.it\\\/2019\\\/05\\\/21\\\/cantine-aperte-2019-torna-in-oltre-800-cantine-ditalia-lultimo-weekend-di-maggio\\\/#breadcrumb\",\"itemListElement\":[{\"@type\":\"ListItem\",\"position\":1,\"name\":\"Home\",\"item\":\"https:\\\/\\\/www.bellunopress.it\\\/\"},{\"@type\":\"ListItem\",\"position\":2,\"name\":\"Cantine Aperte 2019 torna in oltre 800 cantine d\u2019Italia l\u2019ultimo weekend di Maggio\"}]},{\"@type\":\"WebSite\",\"@id\":\"https:\\\/\\\/www.bellunopress.it\\\/#website\",\"url\":\"https:\\\/\\\/www.bellunopress.it\\\/\",\"name\":\"Bellunopress - Dolomiti\",\"description\":\"e-mail: redazione@bellunopress.it\",\"publisher\":{\"@id\":\"https:\\\/\\\/www.bellunopress.it\\\/#organization\"},\"potentialAction\":[{\"@type\":\"SearchAction\",\"target\":{\"@type\":\"EntryPoint\",\"urlTemplate\":\"https:\\\/\\\/www.bellunopress.it\\\/?s={search_term_string}\"},\"query-input\":{\"@type\":\"PropertyValueSpecification\",\"valueRequired\":true,\"valueName\":\"search_term_string\"}}],\"inLanguage\":\"fr-FR\"},{\"@type\":\"Organization\",\"@id\":\"https:\\\/\\\/www.bellunopress.it\\\/#organization\",\"name\":\"Bellunopress\",\"url\":\"https:\\\/\\\/www.bellunopress.it\\\/\",\"logo\":{\"@type\":\"ImageObject\",\"inLanguage\":\"fr-FR\",\"@id\":\"https:\\\/\\\/www.bellunopress.it\\\/#\\\/schema\\\/logo\\\/image\\\/\",\"url\":\"https:\\\/\\\/www.bellunopress.it\\\/wp-content\\\/uploads\\\/2011\\\/05\\\/cropped-logo-bellunopress-.jpg\",\"contentUrl\":\"https:\\\/\\\/www.bellunopress.it\\\/wp-content\\\/uploads\\\/2011\\\/05\\\/cropped-logo-bellunopress-.jpg\",\"width\":512,\"height\":512,\"caption\":\"Bellunopress\"},\"image\":{\"@id\":\"https:\\\/\\\/www.bellunopress.it\\\/#\\\/schema\\\/logo\\\/image\\\/\"},\"sameAs\":[\"https:\\\/\\\/www.facebook.com\\\/profile.php?id=100008943462799\",\"https:\\\/\\\/x.com\\\/bellunopress\",\"https:\\\/\\\/www.linkedin.com\\\/hp\\\/?dnr=JBzUWaJfMUw8vbXJJ2tVW5-I3jZKvC4wsoxE&amp;amp;amp;amp;amp;amp;trk=nav_responsive_tab_home\",\"https:\\\/\\\/www.youtube.com\\\/channel\\\/UCxL0wu1uN0_3_7hGG0306cw\"]},{\"@type\":\"Person\",\"@id\":\"https:\\\/\\\/www.bellunopress.it\\\/#\\\/schema\\\/person\\\/79bb06722b37ece1c03d3e94beb30d73\",\"name\":\"redazione\",\"image\":{\"@type\":\"ImageObject\",\"inLanguage\":\"fr-FR\",\"@id\":\"https:\\\/\\\/secure.gravatar.com\\\/avatar\\\/37d968a2e67a6fd04c169c4bdef102d0bc5d31b2546345219e348575eb80e9a0?s=96&d=mm&r=g\",\"url\":\"https:\\\/\\\/secure.gravatar.com\\\/avatar\\\/37d968a2e67a6fd04c169c4bdef102d0bc5d31b2546345219e348575eb80e9a0?s=96&d=mm&r=g\",\"contentUrl\":\"https:\\\/\\\/secure.gravatar.com\\\/avatar\\\/37d968a2e67a6fd04c169c4bdef102d0bc5d31b2546345219e348575eb80e9a0?s=96&d=mm&r=g\",\"caption\":\"redazione\"},\"sameAs\":[\"http:\\\/\\\/www.bellunopress.it\",\"https:\\\/\\\/x.com\\\/bellunopress\"],\"url\":\"https:\\\/\\\/www.bellunopress.it\\\/fr\\\/author\\\/redazione\\\/\"}]}<\/script>\n<!-- \/ Yoast SEO plugin. -->","yoast_head_json":{"title":"Cantine Aperte 2019 torna in oltre 800 cantine d\u2019Italia l\u2019ultimo weekend di Maggio - Bellunopress - Dolomiti","robots":{"index":"index","follow":"follow","max-snippet":"max-snippet:-1","max-image-preview":"max-image-preview:large","max-video-preview":"max-video-preview:-1"},"canonical":"https:\/\/www.bellunopress.it\/fr\/2019\/05\/21\/cantine-aperte-2019-torna-in-oltre-800-cantine-ditalia-lultimo-weekend-di-maggio\/","og_locale":"fr_FR","og_type":"article","og_title":"Cantine Aperte 2019 torna in oltre 800 cantine d\u2019Italia l\u2019ultimo weekend di Maggio - Bellunopress - Dolomiti","og_description":"Cantine Aperte, la pi\u00f9 grande Festa del Vino e del Turismo del vino in Europa, torna anche quest\u2019anno l\u2019ultimo weekend di maggio, sabato 25 e domenica 26 maggio, in oltre 800 cantine associate al Movimento Turismo del Vino in tutta Italia. &nbsp; Un evento che da 27 anni accoglie gli enoturisti nei luoghi di produzione [&hellip;]","og_url":"https:\/\/www.bellunopress.it\/fr\/2019\/05\/21\/cantine-aperte-2019-torna-in-oltre-800-cantine-ditalia-lultimo-weekend-di-maggio\/","og_site_name":"Bellunopress - Dolomiti","article_publisher":"https:\/\/www.facebook.com\/profile.php?id=100008943462799","article_published_time":"2019-05-21T08:04:13+00:00","og_image":[{"url":"http:\/\/www.bellunopress.it\/wp-content\/uploads\/2018\/01\/vino-donna.jpg","type":"","width":"","height":""}],"author":"redazione","twitter_card":"summary_large_image","twitter_creator":"@bellunopress","twitter_site":"@bellunopress","twitter_misc":{"\u00c9crit par":"redazione","Dur\u00e9e de lecture estim\u00e9e":"6 minutes"},"schema":{"@context":"https:\/\/schema.org","@graph":[{"@type":"Article","@id":"https:\/\/www.bellunopress.it\/2019\/05\/21\/cantine-aperte-2019-torna-in-oltre-800-cantine-ditalia-lultimo-weekend-di-maggio\/#article","isPartOf":{"@id":"https:\/\/www.bellunopress.it\/2019\/05\/21\/cantine-aperte-2019-torna-in-oltre-800-cantine-ditalia-lultimo-weekend-di-maggio\/"},"author":{"name":"redazione","@id":"https:\/\/www.bellunopress.it\/#\/schema\/person\/79bb06722b37ece1c03d3e94beb30d73"},"headline":"Cantine Aperte 2019 torna in oltre 800 cantine d\u2019Italia l\u2019ultimo weekend di Maggio","datePublished":"2019-05-21T08:04:13+00:00","mainEntityOfPage":{"@id":"https:\/\/www.bellunopress.it\/2019\/05\/21\/cantine-aperte-2019-torna-in-oltre-800-cantine-ditalia-lultimo-weekend-di-maggio\/"},"wordCount":1143,"publisher":{"@id":"https:\/\/www.bellunopress.it\/#organization"},"image":{"@id":"https:\/\/www.bellunopress.it\/2019\/05\/21\/cantine-aperte-2019-torna-in-oltre-800-cantine-ditalia-lultimo-weekend-di-maggio\/#primaryimage"},"thumbnailUrl":"http:\/\/www.bellunopress.it\/wp-content\/uploads\/2018\/01\/vino-donna.jpg","articleSection":["Eventi enogastronomici","Prima Pagina"],"inLanguage":"fr-FR"},{"@type":"WebPage","@id":"https:\/\/www.bellunopress.it\/2019\/05\/21\/cantine-aperte-2019-torna-in-oltre-800-cantine-ditalia-lultimo-weekend-di-maggio\/","url":"https:\/\/www.bellunopress.it\/2019\/05\/21\/cantine-aperte-2019-torna-in-oltre-800-cantine-ditalia-lultimo-weekend-di-maggio\/","name":"Cantine Aperte 2019 torna in oltre 800 cantine d\u2019Italia l\u2019ultimo weekend di Maggio - Bellunopress - Dolomiti","isPartOf":{"@id":"https:\/\/www.bellunopress.it\/#website"},"primaryImageOfPage":{"@id":"https:\/\/www.bellunopress.it\/2019\/05\/21\/cantine-aperte-2019-torna-in-oltre-800-cantine-ditalia-lultimo-weekend-di-maggio\/#primaryimage"},"image":{"@id":"https:\/\/www.bellunopress.it\/2019\/05\/21\/cantine-aperte-2019-torna-in-oltre-800-cantine-ditalia-lultimo-weekend-di-maggio\/#primaryimage"},"thumbnailUrl":"http:\/\/www.bellunopress.it\/wp-content\/uploads\/2018\/01\/vino-donna.jpg","datePublished":"2019-05-21T08:04:13+00:00","breadcrumb":{"@id":"https:\/\/www.bellunopress.it\/2019\/05\/21\/cantine-aperte-2019-torna-in-oltre-800-cantine-ditalia-lultimo-weekend-di-maggio\/#breadcrumb"},"inLanguage":"fr-FR","potentialAction":[{"@type":"ReadAction","target":["https:\/\/www.bellunopress.it\/2019\/05\/21\/cantine-aperte-2019-torna-in-oltre-800-cantine-ditalia-lultimo-weekend-di-maggio\/"]}]},{"@type":"ImageObject","inLanguage":"fr-FR","@id":"https:\/\/www.bellunopress.it\/2019\/05\/21\/cantine-aperte-2019-torna-in-oltre-800-cantine-ditalia-lultimo-weekend-di-maggio\/#primaryimage","url":"http:\/\/www.bellunopress.it\/wp-content\/uploads\/2018\/01\/vino-donna.jpg","contentUrl":"http:\/\/www.bellunopress.it\/wp-content\/uploads\/2018\/01\/vino-donna.jpg"},{"@type":"BreadcrumbList","@id":"https:\/\/www.bellunopress.it\/2019\/05\/21\/cantine-aperte-2019-torna-in-oltre-800-cantine-ditalia-lultimo-weekend-di-maggio\/#breadcrumb","itemListElement":[{"@type":"ListItem","position":1,"name":"Home","item":"https:\/\/www.bellunopress.it\/"},{"@type":"ListItem","position":2,"name":"Cantine Aperte 2019 torna in oltre 800 cantine d\u2019Italia l\u2019ultimo weekend di Maggio"}]},{"@type":"WebSite","@id":"https:\/\/www.bellunopress.it\/#website","url":"https:\/\/www.bellunopress.it\/","name":"Bellunopress - Dolomiti","description":"e-mail: redazione@bellunopress.it","publisher":{"@id":"https:\/\/www.bellunopress.it\/#organization"},"potentialAction":[{"@type":"SearchAction","target":{"@type":"EntryPoint","urlTemplate":"https:\/\/www.bellunopress.it\/?s={search_term_string}"},"query-input":{"@type":"PropertyValueSpecification","valueRequired":true,"valueName":"search_term_string"}}],"inLanguage":"fr-FR"},{"@type":"Organization","@id":"https:\/\/www.bellunopress.it\/#organization","name":"Bellunopress","url":"https:\/\/www.bellunopress.it\/","logo":{"@type":"ImageObject","inLanguage":"fr-FR","@id":"https:\/\/www.bellunopress.it\/#\/schema\/logo\/image\/","url":"https:\/\/www.bellunopress.it\/wp-content\/uploads\/2011\/05\/cropped-logo-bellunopress-.jpg","contentUrl":"https:\/\/www.bellunopress.it\/wp-content\/uploads\/2011\/05\/cropped-logo-bellunopress-.jpg","width":512,"height":512,"caption":"Bellunopress"},"image":{"@id":"https:\/\/www.bellunopress.it\/#\/schema\/logo\/image\/"},"sameAs":["https:\/\/www.facebook.com\/profile.php?id=100008943462799","https:\/\/x.com\/bellunopress","https:\/\/www.linkedin.com\/hp\/?dnr=JBzUWaJfMUw8vbXJJ2tVW5-I3jZKvC4wsoxE&amp;amp;amp;amp;amp;amp;trk=nav_responsive_tab_home","https:\/\/www.youtube.com\/channel\/UCxL0wu1uN0_3_7hGG0306cw"]},{"@type":"Person","@id":"https:\/\/www.bellunopress.it\/#\/schema\/person\/79bb06722b37ece1c03d3e94beb30d73","name":"r\u00e9daction","image":{"@type":"ImageObject","inLanguage":"fr-FR","@id":"https:\/\/secure.gravatar.com\/avatar\/37d968a2e67a6fd04c169c4bdef102d0bc5d31b2546345219e348575eb80e9a0?s=96&d=mm&r=g","url":"https:\/\/secure.gravatar.com\/avatar\/37d968a2e67a6fd04c169c4bdef102d0bc5d31b2546345219e348575eb80e9a0?s=96&d=mm&r=g","contentUrl":"https:\/\/secure.gravatar.com\/avatar\/37d968a2e67a6fd04c169c4bdef102d0bc5d31b2546345219e348575eb80e9a0?s=96&d=mm&r=g","caption":"redazione"},"sameAs":["http:\/\/www.bellunopress.it","https:\/\/x.com\/bellunopress"],"url":"https:\/\/www.bellunopress.it\/fr\/author\/redazione\/"}]}},"_links":{"self":[{"href":"https:\/\/www.bellunopress.it\/fr\/wp-json\/wp\/v2\/posts\/104701","targetHints":{"allow":["GET"]}}],"collection":[{"href":"https:\/\/www.bellunopress.it\/fr\/wp-json\/wp\/v2\/posts"}],"about":[{"href":"https:\/\/www.bellunopress.it\/fr\/wp-json\/wp\/v2\/types\/post"}],"author":[{"embeddable":true,"href":"https:\/\/www.bellunopress.it\/fr\/wp-json\/wp\/v2\/users\/2"}],"replies":[{"embeddable":true,"href":"https:\/\/www.bellunopress.it\/fr\/wp-json\/wp\/v2\/comments?post=104701"}],"version-history":[{"count":1,"href":"https:\/\/www.bellunopress.it\/fr\/wp-json\/wp\/v2\/posts\/104701\/revisions"}],"predecessor-version":[{"id":104702,"href":"https:\/\/www.bellunopress.it\/fr\/wp-json\/wp\/v2\/posts\/104701\/revisions\/104702"}],"wp:attachment":[{"href":"https:\/\/www.bellunopress.it\/fr\/wp-json\/wp\/v2\/media?parent=104701"}],"wp:term":[{"taxonomy":"category","embeddable":true,"href":"https:\/\/www.bellunopress.it\/fr\/wp-json\/wp\/v2\/categories?post=104701"},{"taxonomy":"post_tag","embeddable":true,"href":"https:\/\/www.bellunopress.it\/fr\/wp-json\/wp\/v2\/tags?post=104701"}],"curies":[{"name":"wp","href":"https:\/\/api.w.org\/{rel}","templated":true}]}}