{"id":104665,"date":"2019-05-20T09:06:10","date_gmt":"2019-05-20T07:06:10","guid":{"rendered":"http:\/\/www.bellunopress.it\/?p=104665"},"modified":"2019-05-20T09:06:39","modified_gmt":"2019-05-20T07:06:39","slug":"buyer-stranieri-e-appassionati-domenica-al-castello-di-san-salvatore-a-susegana","status":"publish","type":"post","link":"https:\/\/www.bellunopress.it\/fr\/2019\/05\/20\/buyer-stranieri-e-appassionati-domenica-al-castello-di-san-salvatore-a-susegana\/","title":{"rendered":"Buyer stranieri e appassionati domenica al Castello di San Salvatore a Susegana"},"content":{"rendered":"<figure id=\"attachment_104666\" aria-describedby=\"caption-attachment-104666\" style=\"width: 236px\" class=\"wp-caption alignleft\"><a href=\"http:\/\/www.bellunopress.it\/fr\/2019\/05\/20\/buyer-stranieri-e-appassionati-domenica-al-castello-di-san-salvatore-a-susegana\/rhdr\/\" rel=\"attachment wp-att-104666\"><img loading=\"lazy\" decoding=\"async\" class=\"size-full wp-image-104666\" src=\"http:\/\/www.bellunopress.it\/wp-content\/uploads\/2019\/05\/Castello-San-salvatore-Susegana.jpg\" alt=\"\" width=\"236\" height=\"300\" \/><\/a><figcaption id=\"caption-attachment-104666\" class=\"wp-caption-text\">rhdr<\/figcaption><\/figure>\n<p>Susegana, 19 maggio 2019 \u00a0&#8211; \u00a0La pioggia non ha fermato buyer, compratori internazionali ed appassionati, alla suggestiva tappa di domenica al Castello di San Salvatore a Susegana (Treviso), all&#8217;interno della rassegna del prosecco superiore del Conegliano Valdobbiadene Festival.<\/p>\n<p>E&#8217; stata un\u2019occasione formidabile promossa dal Consorzio di Tutela del Conegliano Valdobbiadene Prosecco, nell\u2019ambito delle iniziative che celebrano i cinquant\u2019anni della Denominazione, per conoscere e approfondire l\u2019ultima annata del Conegliano Valdobbiadene Prosecco Superiore DOCG, con una selezione di oltre 200 etichette di Conegliano Valdobbiadene Prosecco Superiore. Le degustazioni guidate con l\u2019esclusivo abbinamento con la \u201cBomba\u201d dello chef stellato Niko Romito nelle due versioni dolce e salato e le visite guidate nelle stanze del castello.<\/p>\n<p>L&#8217;iniziativa prosegue per tutto il mese di maggio, con la carica delle 800 Cantine aperte per celebrare il vino italiano.<br \/>\nCalendario appuntamenti al sito: <a href=\"https:\/\/www.coneglianovaldobbiadene.it\/\">https:\/\/www.coneglianovaldobbiadene.it\/<\/a><\/p>","protected":false},"excerpt":{"rendered":"<p>Susegana, 19 maggio 2019 \u00a0&#8211; \u00a0La pioggia non ha fermato buyer, compratori internazionali ed appassionati, alla suggestiva tappa di domenica al Castello di San Salvatore a Susegana (Treviso), all&#8217;interno della rassegna del prosecco superiore del Conegliano Valdobbiadene Festival. E&#8217; stata un\u2019occasione formidabile promossa dal Consorzio di Tutela del Conegliano Valdobbiadene Prosecco, nell\u2019ambito delle iniziative che [&hellip;]<\/p>\n","protected":false},"author":2,"featured_media":0,"comment_status":"closed","ping_status":"open","sticky":false,"template":"","format":"standard","meta":{"footnotes":""},"categories":[3,3393,26],"tags":[3413,3412],"class_list":["post-104665","post","type-post","status-publish","format-standard","category-arte-cultura-spettacoli-scienza-archivi","category-eventi-enogastronomici","category-prima-pagina","tag-castello-san-salvatore-susegana","tag-consorzio-di-tutela-del-conegliano-valdobbiadene-prosecco"],"yoast_head":"<!-- This site is optimized with the Yoast SEO plugin v28.4 - https:\/\/yoast.com\/product\/yoast-seo-wordpress\/ -->\n<title>Buyer stranieri e appassionati domenica al Castello di San Salvatore a Susegana - Bellunopress - Dolomiti<\/title>\n<meta name=\"robots\" content=\"index, follow, max-snippet:-1, max-image-preview:large, max-video-preview:-1\" \/>\n<link rel=\"canonical\" href=\"https:\/\/www.bellunopress.it\/fr\/2019\/05\/20\/buyer-stranieri-e-appassionati-domenica-al-castello-di-san-salvatore-a-susegana\/\" \/>\n<meta property=\"og:locale\" content=\"fr_FR\" \/>\n<meta property=\"og:type\" content=\"article\" \/>\n<meta property=\"og:title\" content=\"Buyer stranieri e appassionati domenica al Castello di San Salvatore a Susegana - Bellunopress - Dolomiti\" \/>\n<meta property=\"og:description\" content=\"Susegana, 19 maggio 2019 \u00a0&#8211; \u00a0La pioggia non ha fermato buyer, compratori internazionali ed appassionati, alla suggestiva tappa di domenica al Castello di San Salvatore a Susegana (Treviso), all&#8217;interno della rassegna del prosecco superiore del Conegliano Valdobbiadene Festival. E&#8217; stata un\u2019occasione formidabile promossa dal Consorzio di Tutela del Conegliano Valdobbiadene Prosecco, nell\u2019ambito delle iniziative che [&hellip;]\" \/>\n<meta property=\"og:url\" content=\"https:\/\/www.bellunopress.it\/fr\/2019\/05\/20\/buyer-stranieri-e-appassionati-domenica-al-castello-di-san-salvatore-a-susegana\/\" \/>\n<meta property=\"og:site_name\" content=\"Bellunopress - Dolomiti\" \/>\n<meta property=\"article:publisher\" content=\"https:\/\/www.facebook.com\/profile.php?id=100008943462799\" \/>\n<meta property=\"article:published_time\" content=\"2019-05-20T07:06:10+00:00\" \/>\n<meta property=\"article:modified_time\" content=\"2019-05-20T07:06:39+00:00\" \/>\n<meta property=\"og:image\" content=\"http:\/\/www.bellunopress.it\/wp-content\/uploads\/2019\/05\/Castello-San-salvatore-Susegana.jpg\" \/>\n<meta name=\"author\" content=\"redazione\" \/>\n<meta name=\"twitter:card\" content=\"summary_large_image\" \/>\n<meta name=\"twitter:creator\" content=\"@bellunopress\" \/>\n<meta name=\"twitter:site\" content=\"@bellunopress\" \/>\n<meta name=\"twitter:label1\" content=\"\u00c9crit par\" \/>\n\t<meta name=\"twitter:data1\" content=\"redazione\" \/>\n\t<meta name=\"twitter:label2\" content=\"Dur\u00e9e de lecture estim\u00e9e\" \/>\n\t<meta name=\"twitter:data2\" content=\"1 minute\" \/>\n<script type=\"application\/ld+json\" class=\"yoast-schema-graph\">{\"@context\":\"https:\\\/\\\/schema.org\",\"@graph\":[{\"@type\":\"Article\",\"@id\":\"https:\\\/\\\/www.bellunopress.it\\\/2019\\\/05\\\/20\\\/buyer-stranieri-e-appassionati-domenica-al-castello-di-san-salvatore-a-susegana\\\/#article\",\"isPartOf\":{\"@id\":\"https:\\\/\\\/www.bellunopress.it\\\/2019\\\/05\\\/20\\\/buyer-stranieri-e-appassionati-domenica-al-castello-di-san-salvatore-a-susegana\\\/\"},\"author\":{\"name\":\"redazione\",\"@id\":\"https:\\\/\\\/www.bellunopress.it\\\/#\\\/schema\\\/person\\\/79bb06722b37ece1c03d3e94beb30d73\"},\"headline\":\"Buyer stranieri e appassionati domenica al Castello di San Salvatore a Susegana\",\"datePublished\":\"2019-05-20T07:06:10+00:00\",\"dateModified\":\"2019-05-20T07:06:39+00:00\",\"mainEntityOfPage\":{\"@id\":\"https:\\\/\\\/www.bellunopress.it\\\/2019\\\/05\\\/20\\\/buyer-stranieri-e-appassionati-domenica-al-castello-di-san-salvatore-a-susegana\\\/\"},\"wordCount\":163,\"publisher\":{\"@id\":\"https:\\\/\\\/www.bellunopress.it\\\/#organization\"},\"image\":{\"@id\":\"https:\\\/\\\/www.bellunopress.it\\\/2019\\\/05\\\/20\\\/buyer-stranieri-e-appassionati-domenica-al-castello-di-san-salvatore-a-susegana\\\/#primaryimage\"},\"thumbnailUrl\":\"http:\\\/\\\/www.bellunopress.it\\\/wp-content\\\/uploads\\\/2019\\\/05\\\/Castello-San-salvatore-Susegana.jpg\",\"keywords\":[\"Castello san salvatore Susegana\",\"Consorzio di Tutela del Conegliano Valdobbiadene Prosecco\"],\"articleSection\":[\"Arte, Cultura, Spettacoli, Scienza\",\"Eventi enogastronomici\",\"Prima Pagina\"],\"inLanguage\":\"fr-FR\"},{\"@type\":\"WebPage\",\"@id\":\"https:\\\/\\\/www.bellunopress.it\\\/2019\\\/05\\\/20\\\/buyer-stranieri-e-appassionati-domenica-al-castello-di-san-salvatore-a-susegana\\\/\",\"url\":\"https:\\\/\\\/www.bellunopress.it\\\/2019\\\/05\\\/20\\\/buyer-stranieri-e-appassionati-domenica-al-castello-di-san-salvatore-a-susegana\\\/\",\"name\":\"Buyer stranieri e appassionati domenica al Castello di San Salvatore a Susegana - Bellunopress - Dolomiti\",\"isPartOf\":{\"@id\":\"https:\\\/\\\/www.bellunopress.it\\\/#website\"},\"primaryImageOfPage\":{\"@id\":\"https:\\\/\\\/www.bellunopress.it\\\/2019\\\/05\\\/20\\\/buyer-stranieri-e-appassionati-domenica-al-castello-di-san-salvatore-a-susegana\\\/#primaryimage\"},\"image\":{\"@id\":\"https:\\\/\\\/www.bellunopress.it\\\/2019\\\/05\\\/20\\\/buyer-stranieri-e-appassionati-domenica-al-castello-di-san-salvatore-a-susegana\\\/#primaryimage\"},\"thumbnailUrl\":\"http:\\\/\\\/www.bellunopress.it\\\/wp-content\\\/uploads\\\/2019\\\/05\\\/Castello-San-salvatore-Susegana.jpg\",\"datePublished\":\"2019-05-20T07:06:10+00:00\",\"dateModified\":\"2019-05-20T07:06:39+00:00\",\"breadcrumb\":{\"@id\":\"https:\\\/\\\/www.bellunopress.it\\\/2019\\\/05\\\/20\\\/buyer-stranieri-e-appassionati-domenica-al-castello-di-san-salvatore-a-susegana\\\/#breadcrumb\"},\"inLanguage\":\"fr-FR\",\"potentialAction\":[{\"@type\":\"ReadAction\",\"target\":[\"https:\\\/\\\/www.bellunopress.it\\\/2019\\\/05\\\/20\\\/buyer-stranieri-e-appassionati-domenica-al-castello-di-san-salvatore-a-susegana\\\/\"]}]},{\"@type\":\"ImageObject\",\"inLanguage\":\"fr-FR\",\"@id\":\"https:\\\/\\\/www.bellunopress.it\\\/2019\\\/05\\\/20\\\/buyer-stranieri-e-appassionati-domenica-al-castello-di-san-salvatore-a-susegana\\\/#primaryimage\",\"url\":\"http:\\\/\\\/www.bellunopress.it\\\/wp-content\\\/uploads\\\/2019\\\/05\\\/Castello-San-salvatore-Susegana.jpg\",\"contentUrl\":\"http:\\\/\\\/www.bellunopress.it\\\/wp-content\\\/uploads\\\/2019\\\/05\\\/Castello-San-salvatore-Susegana.jpg\"},{\"@type\":\"BreadcrumbList\",\"@id\":\"https:\\\/\\\/www.bellunopress.it\\\/2019\\\/05\\\/20\\\/buyer-stranieri-e-appassionati-domenica-al-castello-di-san-salvatore-a-susegana\\\/#breadcrumb\",\"itemListElement\":[{\"@type\":\"ListItem\",\"position\":1,\"name\":\"Home\",\"item\":\"https:\\\/\\\/www.bellunopress.it\\\/\"},{\"@type\":\"ListItem\",\"position\":2,\"name\":\"Buyer stranieri e appassionati domenica al Castello di San Salvatore a Susegana\"}]},{\"@type\":\"WebSite\",\"@id\":\"https:\\\/\\\/www.bellunopress.it\\\/#website\",\"url\":\"https:\\\/\\\/www.bellunopress.it\\\/\",\"name\":\"Bellunopress - Dolomiti\",\"description\":\"e-mail: redazione@bellunopress.it\",\"publisher\":{\"@id\":\"https:\\\/\\\/www.bellunopress.it\\\/#organization\"},\"potentialAction\":[{\"@type\":\"SearchAction\",\"target\":{\"@type\":\"EntryPoint\",\"urlTemplate\":\"https:\\\/\\\/www.bellunopress.it\\\/?s={search_term_string}\"},\"query-input\":{\"@type\":\"PropertyValueSpecification\",\"valueRequired\":true,\"valueName\":\"search_term_string\"}}],\"inLanguage\":\"fr-FR\"},{\"@type\":\"Organization\",\"@id\":\"https:\\\/\\\/www.bellunopress.it\\\/#organization\",\"name\":\"Bellunopress\",\"url\":\"https:\\\/\\\/www.bellunopress.it\\\/\",\"logo\":{\"@type\":\"ImageObject\",\"inLanguage\":\"fr-FR\",\"@id\":\"https:\\\/\\\/www.bellunopress.it\\\/#\\\/schema\\\/logo\\\/image\\\/\",\"url\":\"https:\\\/\\\/www.bellunopress.it\\\/wp-content\\\/uploads\\\/2011\\\/05\\\/cropped-logo-bellunopress-.jpg\",\"contentUrl\":\"https:\\\/\\\/www.bellunopress.it\\\/wp-content\\\/uploads\\\/2011\\\/05\\\/cropped-logo-bellunopress-.jpg\",\"width\":512,\"height\":512,\"caption\":\"Bellunopress\"},\"image\":{\"@id\":\"https:\\\/\\\/www.bellunopress.it\\\/#\\\/schema\\\/logo\\\/image\\\/\"},\"sameAs\":[\"https:\\\/\\\/www.facebook.com\\\/profile.php?id=100008943462799\",\"https:\\\/\\\/x.com\\\/bellunopress\",\"https:\\\/\\\/www.linkedin.com\\\/hp\\\/?dnr=JBzUWaJfMUw8vbXJJ2tVW5-I3jZKvC4wsoxE&amp;amp;amp;amp;amp;amp;trk=nav_responsive_tab_home\",\"https:\\\/\\\/www.youtube.com\\\/channel\\\/UCxL0wu1uN0_3_7hGG0306cw\"]},{\"@type\":\"Person\",\"@id\":\"https:\\\/\\\/www.bellunopress.it\\\/#\\\/schema\\\/person\\\/79bb06722b37ece1c03d3e94beb30d73\",\"name\":\"redazione\",\"image\":{\"@type\":\"ImageObject\",\"inLanguage\":\"fr-FR\",\"@id\":\"https:\\\/\\\/secure.gravatar.com\\\/avatar\\\/37d968a2e67a6fd04c169c4bdef102d0bc5d31b2546345219e348575eb80e9a0?s=96&d=mm&r=g\",\"url\":\"https:\\\/\\\/secure.gravatar.com\\\/avatar\\\/37d968a2e67a6fd04c169c4bdef102d0bc5d31b2546345219e348575eb80e9a0?s=96&d=mm&r=g\",\"contentUrl\":\"https:\\\/\\\/secure.gravatar.com\\\/avatar\\\/37d968a2e67a6fd04c169c4bdef102d0bc5d31b2546345219e348575eb80e9a0?s=96&d=mm&r=g\",\"caption\":\"redazione\"},\"sameAs\":[\"http:\\\/\\\/www.bellunopress.it\",\"https:\\\/\\\/x.com\\\/bellunopress\"],\"url\":\"https:\\\/\\\/www.bellunopress.it\\\/fr\\\/author\\\/redazione\\\/\"}]}<\/script>\n<!-- \/ Yoast SEO plugin. -->","yoast_head_json":{"title":"Buyer stranieri e appassionati domenica al Castello di San Salvatore a Susegana - Bellunopress - Dolomiti","robots":{"index":"index","follow":"follow","max-snippet":"max-snippet:-1","max-image-preview":"max-image-preview:large","max-video-preview":"max-video-preview:-1"},"canonical":"https:\/\/www.bellunopress.it\/fr\/2019\/05\/20\/buyer-stranieri-e-appassionati-domenica-al-castello-di-san-salvatore-a-susegana\/","og_locale":"fr_FR","og_type":"article","og_title":"Buyer stranieri e appassionati domenica al Castello di San Salvatore a Susegana - Bellunopress - Dolomiti","og_description":"Susegana, 19 maggio 2019 \u00a0&#8211; \u00a0La pioggia non ha fermato buyer, compratori internazionali ed appassionati, alla suggestiva tappa di domenica al Castello di San Salvatore a Susegana (Treviso), all&#8217;interno della rassegna del prosecco superiore del Conegliano Valdobbiadene Festival. E&#8217; stata un\u2019occasione formidabile promossa dal Consorzio di Tutela del Conegliano Valdobbiadene Prosecco, nell\u2019ambito delle iniziative che [&hellip;]","og_url":"https:\/\/www.bellunopress.it\/fr\/2019\/05\/20\/buyer-stranieri-e-appassionati-domenica-al-castello-di-san-salvatore-a-susegana\/","og_site_name":"Bellunopress - Dolomiti","article_publisher":"https:\/\/www.facebook.com\/profile.php?id=100008943462799","article_published_time":"2019-05-20T07:06:10+00:00","article_modified_time":"2019-05-20T07:06:39+00:00","og_image":[{"url":"http:\/\/www.bellunopress.it\/wp-content\/uploads\/2019\/05\/Castello-San-salvatore-Susegana.jpg","type":"","width":"","height":""}],"author":"redazione","twitter_card":"summary_large_image","twitter_creator":"@bellunopress","twitter_site":"@bellunopress","twitter_misc":{"\u00c9crit par":"redazione","Dur\u00e9e de lecture estim\u00e9e":"1 minute"},"schema":{"@context":"https:\/\/schema.org","@graph":[{"@type":"Article","@id":"https:\/\/www.bellunopress.it\/2019\/05\/20\/buyer-stranieri-e-appassionati-domenica-al-castello-di-san-salvatore-a-susegana\/#article","isPartOf":{"@id":"https:\/\/www.bellunopress.it\/2019\/05\/20\/buyer-stranieri-e-appassionati-domenica-al-castello-di-san-salvatore-a-susegana\/"},"author":{"name":"redazione","@id":"https:\/\/www.bellunopress.it\/#\/schema\/person\/79bb06722b37ece1c03d3e94beb30d73"},"headline":"Buyer stranieri e appassionati domenica al Castello di San Salvatore a Susegana","datePublished":"2019-05-20T07:06:10+00:00","dateModified":"2019-05-20T07:06:39+00:00","mainEntityOfPage":{"@id":"https:\/\/www.bellunopress.it\/2019\/05\/20\/buyer-stranieri-e-appassionati-domenica-al-castello-di-san-salvatore-a-susegana\/"},"wordCount":163,"publisher":{"@id":"https:\/\/www.bellunopress.it\/#organization"},"image":{"@id":"https:\/\/www.bellunopress.it\/2019\/05\/20\/buyer-stranieri-e-appassionati-domenica-al-castello-di-san-salvatore-a-susegana\/#primaryimage"},"thumbnailUrl":"http:\/\/www.bellunopress.it\/wp-content\/uploads\/2019\/05\/Castello-San-salvatore-Susegana.jpg","keywords":["Castello san salvatore Susegana","Consorzio di Tutela del Conegliano Valdobbiadene Prosecco"],"articleSection":["Arte, Cultura, Spettacoli, Scienza","Eventi enogastronomici","Prima Pagina"],"inLanguage":"fr-FR"},{"@type":"WebPage","@id":"https:\/\/www.bellunopress.it\/2019\/05\/20\/buyer-stranieri-e-appassionati-domenica-al-castello-di-san-salvatore-a-susegana\/","url":"https:\/\/www.bellunopress.it\/2019\/05\/20\/buyer-stranieri-e-appassionati-domenica-al-castello-di-san-salvatore-a-susegana\/","name":"Buyer stranieri e appassionati domenica al Castello di San Salvatore a Susegana - Bellunopress - Dolomiti","isPartOf":{"@id":"https:\/\/www.bellunopress.it\/#website"},"primaryImageOfPage":{"@id":"https:\/\/www.bellunopress.it\/2019\/05\/20\/buyer-stranieri-e-appassionati-domenica-al-castello-di-san-salvatore-a-susegana\/#primaryimage"},"image":{"@id":"https:\/\/www.bellunopress.it\/2019\/05\/20\/buyer-stranieri-e-appassionati-domenica-al-castello-di-san-salvatore-a-susegana\/#primaryimage"},"thumbnailUrl":"http:\/\/www.bellunopress.it\/wp-content\/uploads\/2019\/05\/Castello-San-salvatore-Susegana.jpg","datePublished":"2019-05-20T07:06:10+00:00","dateModified":"2019-05-20T07:06:39+00:00","breadcrumb":{"@id":"https:\/\/www.bellunopress.it\/2019\/05\/20\/buyer-stranieri-e-appassionati-domenica-al-castello-di-san-salvatore-a-susegana\/#breadcrumb"},"inLanguage":"fr-FR","potentialAction":[{"@type":"ReadAction","target":["https:\/\/www.bellunopress.it\/2019\/05\/20\/buyer-stranieri-e-appassionati-domenica-al-castello-di-san-salvatore-a-susegana\/"]}]},{"@type":"ImageObject","inLanguage":"fr-FR","@id":"https:\/\/www.bellunopress.it\/2019\/05\/20\/buyer-stranieri-e-appassionati-domenica-al-castello-di-san-salvatore-a-susegana\/#primaryimage","url":"http:\/\/www.bellunopress.it\/wp-content\/uploads\/2019\/05\/Castello-San-salvatore-Susegana.jpg","contentUrl":"http:\/\/www.bellunopress.it\/wp-content\/uploads\/2019\/05\/Castello-San-salvatore-Susegana.jpg"},{"@type":"BreadcrumbList","@id":"https:\/\/www.bellunopress.it\/2019\/05\/20\/buyer-stranieri-e-appassionati-domenica-al-castello-di-san-salvatore-a-susegana\/#breadcrumb","itemListElement":[{"@type":"ListItem","position":1,"name":"Home","item":"https:\/\/www.bellunopress.it\/"},{"@type":"ListItem","position":2,"name":"Buyer stranieri e appassionati domenica al Castello di San Salvatore a Susegana"}]},{"@type":"WebSite","@id":"https:\/\/www.bellunopress.it\/#website","url":"https:\/\/www.bellunopress.it\/","name":"Bellunopress - Dolomiti","description":"e-mail: redazione@bellunopress.it","publisher":{"@id":"https:\/\/www.bellunopress.it\/#organization"},"potentialAction":[{"@type":"SearchAction","target":{"@type":"EntryPoint","urlTemplate":"https:\/\/www.bellunopress.it\/?s={search_term_string}"},"query-input":{"@type":"PropertyValueSpecification","valueRequired":true,"valueName":"search_term_string"}}],"inLanguage":"fr-FR"},{"@type":"Organization","@id":"https:\/\/www.bellunopress.it\/#organization","name":"Bellunopress","url":"https:\/\/www.bellunopress.it\/","logo":{"@type":"ImageObject","inLanguage":"fr-FR","@id":"https:\/\/www.bellunopress.it\/#\/schema\/logo\/image\/","url":"https:\/\/www.bellunopress.it\/wp-content\/uploads\/2011\/05\/cropped-logo-bellunopress-.jpg","contentUrl":"https:\/\/www.bellunopress.it\/wp-content\/uploads\/2011\/05\/cropped-logo-bellunopress-.jpg","width":512,"height":512,"caption":"Bellunopress"},"image":{"@id":"https:\/\/www.bellunopress.it\/#\/schema\/logo\/image\/"},"sameAs":["https:\/\/www.facebook.com\/profile.php?id=100008943462799","https:\/\/x.com\/bellunopress","https:\/\/www.linkedin.com\/hp\/?dnr=JBzUWaJfMUw8vbXJJ2tVW5-I3jZKvC4wsoxE&amp;amp;amp;amp;amp;amp;trk=nav_responsive_tab_home","https:\/\/www.youtube.com\/channel\/UCxL0wu1uN0_3_7hGG0306cw"]},{"@type":"Person","@id":"https:\/\/www.bellunopress.it\/#\/schema\/person\/79bb06722b37ece1c03d3e94beb30d73","name":"r\u00e9daction","image":{"@type":"ImageObject","inLanguage":"fr-FR","@id":"https:\/\/secure.gravatar.com\/avatar\/37d968a2e67a6fd04c169c4bdef102d0bc5d31b2546345219e348575eb80e9a0?s=96&d=mm&r=g","url":"https:\/\/secure.gravatar.com\/avatar\/37d968a2e67a6fd04c169c4bdef102d0bc5d31b2546345219e348575eb80e9a0?s=96&d=mm&r=g","contentUrl":"https:\/\/secure.gravatar.com\/avatar\/37d968a2e67a6fd04c169c4bdef102d0bc5d31b2546345219e348575eb80e9a0?s=96&d=mm&r=g","caption":"redazione"},"sameAs":["http:\/\/www.bellunopress.it","https:\/\/x.com\/bellunopress"],"url":"https:\/\/www.bellunopress.it\/fr\/author\/redazione\/"}]}},"_links":{"self":[{"href":"https:\/\/www.bellunopress.it\/fr\/wp-json\/wp\/v2\/posts\/104665","targetHints":{"allow":["GET"]}}],"collection":[{"href":"https:\/\/www.bellunopress.it\/fr\/wp-json\/wp\/v2\/posts"}],"about":[{"href":"https:\/\/www.bellunopress.it\/fr\/wp-json\/wp\/v2\/types\/post"}],"author":[{"embeddable":true,"href":"https:\/\/www.bellunopress.it\/fr\/wp-json\/wp\/v2\/users\/2"}],"replies":[{"embeddable":true,"href":"https:\/\/www.bellunopress.it\/fr\/wp-json\/wp\/v2\/comments?post=104665"}],"version-history":[{"count":3,"href":"https:\/\/www.bellunopress.it\/fr\/wp-json\/wp\/v2\/posts\/104665\/revisions"}],"predecessor-version":[{"id":104669,"href":"https:\/\/www.bellunopress.it\/fr\/wp-json\/wp\/v2\/posts\/104665\/revisions\/104669"}],"wp:attachment":[{"href":"https:\/\/www.bellunopress.it\/fr\/wp-json\/wp\/v2\/media?parent=104665"}],"wp:term":[{"taxonomy":"category","embeddable":true,"href":"https:\/\/www.bellunopress.it\/fr\/wp-json\/wp\/v2\/categories?post=104665"},{"taxonomy":"post_tag","embeddable":true,"href":"https:\/\/www.bellunopress.it\/fr\/wp-json\/wp\/v2\/tags?post=104665"}],"curies":[{"name":"wp","href":"https:\/\/api.w.org\/{rel}","templated":true}]}}