{"id":104596,"date":"2019-05-17T21:18:16","date_gmt":"2019-05-17T19:18:16","guid":{"rendered":"http:\/\/www.bellunopress.it\/?p=104596"},"modified":"2019-05-17T21:18:16","modified_gmt":"2019-05-17T19:18:16","slug":"confartigianato-in-assemblea-lunedi-i-fondi-raccolti-per-vaia-alle-scuole-colpite-solidarieta-ai-panificatori-sostegno-a-tutti-gli-artigiani-candidati-alle-comunali","status":"publish","type":"post","link":"https:\/\/www.bellunopress.it\/fr\/2019\/05\/17\/confartigianato-in-assemblea-lunedi-i-fondi-raccolti-per-vaia-alle-scuole-colpite-solidarieta-ai-panificatori-sostegno-a-tutti-gli-artigiani-candidati-alle-comunali\/","title":{"rendered":"Confartigianato in assemblea luned\u00ec. I fondi raccolti per Vaia alle scuole colpite. Solidariet\u00e0 ai panificatori. Sostegno a tutti gli artigiani candidati alle comunali\u00a0\u00a0"},"content":{"rendered":"<figure id=\"attachment_98625\" aria-describedby=\"caption-attachment-98625\" style=\"width: 283px\" class=\"wp-caption alignleft\"><a href=\"http:\/\/www.bellunopress.it\/fr\/2018\/10\/12\/la-presidente-di-confartigianato-scarzanella-a-roma-agli-stati-generali-della-montagna-italiana\/claudia-scarzanella_confartigianato\/\" rel=\"attachment wp-att-98625\"><img loading=\"lazy\" decoding=\"async\" class=\"size-full wp-image-98625\" src=\"http:\/\/www.bellunopress.it\/wp-content\/uploads\/2018\/10\/Claudia-Scarzanella_Confartigianato.jpg\" alt=\"\" width=\"283\" height=\"300\" \/><\/a><figcaption id=\"caption-attachment-98625\" class=\"wp-caption-text\">Claudia Scarzanella, presidente Confartigianato Belluno<\/figcaption><\/figure>\n<p>Confartigianato Belluno ha convocato l\u2019assemblea, parte pubblica, luned\u00ec 20 maggio p.v. alle ore 18.15 a Belluno presso la sede di Feinar in localit\u00e0 Mier.<br \/>\nL\u2019appuntamento, tra l\u2019altro, vede la consegna dei fondi raccolti a seguito della tempesta Vaia attraverso la vendita di pacchi natalizi contenenti prodotti di ditte bellunesi e altre donazioni giunte dalle Associazioni consorelle del Veneto.<br \/>\nConfartigianato Belluno ha scelto, infatti, di assegnare tali fondi nelle mani dei Dirigenti scolastici degli Istituti di istruzione superiore con sede nelle zone colpite da Vaia e precisamente: l\u2019Istituto \u201cFermi\u201d di Pieve di Cadore, l\u2019Istituto \u201cFollador-De Rossi\u201d di Agordo e quello di Feltre.<\/p>\n<p>\u201cAbbiamo selezionato tali scuole &#8211; precisa la presidente Claudia Scarzanella &#8211; perch\u00e9 la nostra Associazione Belluno \u00e8 convinta che, cos\u00ec facendo, riesce a raggiungere in una sola volta tanti ragazzi di diversa provenienza, offrendo un modo costruttivo e lungimirante per aiutarli e, nello stesso tempo, per prendere coscienza della loro grande responsabilit\u00e0 rispetto al futuro socio-economico della nostra provincia cos\u00ec fragile\u201d.<\/p>\n<p>All\u2019assemblea interverranno anche i Panificatori di Confartigianato di S. Don\u00e0 di Piave per consegnare ai colleghi bellunesi colpiti dalla calamit\u00e0 di fine ottobre un contributo in materia prima.<br \/>\nIn occasione dell\u2019incontro, verranno presentati anche gli imprenditori associati candidati alle prossime elezioni comunali: una quindicina in lista nei 32 comuni che vanno al voto.<\/p>\n<p>\u201cRiteniamo doveroso valorizzare e sostenere, indipendentemente dalle liste di appartenenza &#8211; sottolinea il direttore di Confartigianato Belluno, Michele Basso &#8211; gli artigiani che nonostante gli impegni lavorativi e familiari, si impegnano nei loro paesi per il loro territorio e per le loro comunit\u00e0, candidandosi alle elezioni comunali dimostrando senso civico e legame con il proprio territorio e facendosi cos\u00ec portatori delle istanze delle imprese artigiane\u201d.<\/p>\n<p>L\u2019appuntamento si concluder\u00e0 con la presentazione del progetto \u201cRitorno al lavoro\u201d di Sani.in.Veneto per il sostegno psicologico alle persone colpite dalle recenti calamit\u00e0 naturali e favorire la loro ripresa delle attivit\u00e0 e il ritorno alla normalit\u00e0.<\/p>","protected":false},"excerpt":{"rendered":"<p>Confartigianato Belluno ha convocato l\u2019assemblea, parte pubblica, luned\u00ec 20 maggio p.v. alle ore 18.15 a Belluno presso la sede di Feinar in localit\u00e0 Mier. L\u2019appuntamento, tra l\u2019altro, vede la consegna dei fondi raccolti a seguito della tempesta Vaia attraverso la vendita di pacchi natalizi contenenti prodotti di ditte bellunesi e altre donazioni giunte dalle Associazioni [&hellip;]<\/p>\n","protected":false},"author":2,"featured_media":0,"comment_status":"closed","ping_status":"open","sticky":false,"template":"","format":"standard","meta":{"footnotes":""},"categories":[36,26],"tags":[],"class_list":["post-104596","post","type-post","status-publish","format-standard","category-lavoro-economia","category-prima-pagina"],"yoast_head":"<!-- This site is optimized with the Yoast SEO plugin v28.4 - https:\/\/yoast.com\/product\/yoast-seo-wordpress\/ -->\n<title>Confartigianato in assemblea luned\u00ec. I fondi raccolti per Vaia alle scuole colpite. Solidariet\u00e0 ai panificatori. Sostegno a tutti gli artigiani candidati alle comunali\u00a0\u00a0 - Bellunopress - Dolomiti<\/title>\n<meta name=\"robots\" content=\"index, follow, max-snippet:-1, max-image-preview:large, max-video-preview:-1\" \/>\n<link rel=\"canonical\" href=\"https:\/\/www.bellunopress.it\/fr\/2019\/05\/17\/confartigianato-in-assemblea-lunedi-i-fondi-raccolti-per-vaia-alle-scuole-colpite-solidarieta-ai-panificatori-sostegno-a-tutti-gli-artigiani-candidati-alle-comunali\/\" \/>\n<meta property=\"og:locale\" content=\"fr_FR\" \/>\n<meta property=\"og:type\" content=\"article\" \/>\n<meta property=\"og:title\" content=\"Confartigianato in assemblea luned\u00ec. I fondi raccolti per Vaia alle scuole colpite. Solidariet\u00e0 ai panificatori. Sostegno a tutti gli artigiani candidati alle comunali\u00a0\u00a0 - Bellunopress - Dolomiti\" \/>\n<meta property=\"og:description\" content=\"Confartigianato Belluno ha convocato l\u2019assemblea, parte pubblica, luned\u00ec 20 maggio p.v. alle ore 18.15 a Belluno presso la sede di Feinar in localit\u00e0 Mier. L\u2019appuntamento, tra l\u2019altro, vede la consegna dei fondi raccolti a seguito della tempesta Vaia attraverso la vendita di pacchi natalizi contenenti prodotti di ditte bellunesi e altre donazioni giunte dalle Associazioni [&hellip;]\" \/>\n<meta property=\"og:url\" content=\"https:\/\/www.bellunopress.it\/fr\/2019\/05\/17\/confartigianato-in-assemblea-lunedi-i-fondi-raccolti-per-vaia-alle-scuole-colpite-solidarieta-ai-panificatori-sostegno-a-tutti-gli-artigiani-candidati-alle-comunali\/\" \/>\n<meta property=\"og:site_name\" content=\"Bellunopress - Dolomiti\" \/>\n<meta property=\"article:publisher\" content=\"https:\/\/www.facebook.com\/profile.php?id=100008943462799\" \/>\n<meta property=\"article:published_time\" content=\"2019-05-17T19:18:16+00:00\" \/>\n<meta property=\"og:image\" content=\"http:\/\/www.bellunopress.it\/wp-content\/uploads\/2018\/10\/Claudia-Scarzanella_Confartigianato.jpg\" \/>\n<meta name=\"author\" content=\"redazione\" \/>\n<meta name=\"twitter:card\" content=\"summary_large_image\" \/>\n<meta name=\"twitter:creator\" content=\"@bellunopress\" \/>\n<meta name=\"twitter:site\" content=\"@bellunopress\" \/>\n<meta name=\"twitter:label1\" content=\"\u00c9crit par\" \/>\n\t<meta name=\"twitter:data1\" content=\"redazione\" \/>\n\t<meta name=\"twitter:label2\" content=\"Dur\u00e9e de lecture estim\u00e9e\" \/>\n\t<meta name=\"twitter:data2\" content=\"2 minutes\" \/>\n<script type=\"application\/ld+json\" class=\"yoast-schema-graph\">{\"@context\":\"https:\\\/\\\/schema.org\",\"@graph\":[{\"@type\":\"Article\",\"@id\":\"https:\\\/\\\/www.bellunopress.it\\\/2019\\\/05\\\/17\\\/confartigianato-in-assemblea-lunedi-i-fondi-raccolti-per-vaia-alle-scuole-colpite-solidarieta-ai-panificatori-sostegno-a-tutti-gli-artigiani-candidati-alle-comunali\\\/#article\",\"isPartOf\":{\"@id\":\"https:\\\/\\\/www.bellunopress.it\\\/2019\\\/05\\\/17\\\/confartigianato-in-assemblea-lunedi-i-fondi-raccolti-per-vaia-alle-scuole-colpite-solidarieta-ai-panificatori-sostegno-a-tutti-gli-artigiani-candidati-alle-comunali\\\/\"},\"author\":{\"name\":\"redazione\",\"@id\":\"https:\\\/\\\/www.bellunopress.it\\\/#\\\/schema\\\/person\\\/79bb06722b37ece1c03d3e94beb30d73\"},\"headline\":\"Confartigianato in assemblea luned\u00ec. I fondi raccolti per Vaia alle scuole colpite. Solidariet\u00e0 ai panificatori. Sostegno a tutti gli artigiani candidati alle comunali\u00a0\u00a0\",\"datePublished\":\"2019-05-17T19:18:16+00:00\",\"mainEntityOfPage\":{\"@id\":\"https:\\\/\\\/www.bellunopress.it\\\/2019\\\/05\\\/17\\\/confartigianato-in-assemblea-lunedi-i-fondi-raccolti-per-vaia-alle-scuole-colpite-solidarieta-ai-panificatori-sostegno-a-tutti-gli-artigiani-candidati-alle-comunali\\\/\"},\"wordCount\":358,\"publisher\":{\"@id\":\"https:\\\/\\\/www.bellunopress.it\\\/#organization\"},\"image\":{\"@id\":\"https:\\\/\\\/www.bellunopress.it\\\/2019\\\/05\\\/17\\\/confartigianato-in-assemblea-lunedi-i-fondi-raccolti-per-vaia-alle-scuole-colpite-solidarieta-ai-panificatori-sostegno-a-tutti-gli-artigiani-candidati-alle-comunali\\\/#primaryimage\"},\"thumbnailUrl\":\"http:\\\/\\\/www.bellunopress.it\\\/wp-content\\\/uploads\\\/2018\\\/10\\\/Claudia-Scarzanella_Confartigianato.jpg\",\"articleSection\":[\"Lavoro, Economia, Turismo\",\"Prima Pagina\"],\"inLanguage\":\"fr-FR\"},{\"@type\":\"WebPage\",\"@id\":\"https:\\\/\\\/www.bellunopress.it\\\/2019\\\/05\\\/17\\\/confartigianato-in-assemblea-lunedi-i-fondi-raccolti-per-vaia-alle-scuole-colpite-solidarieta-ai-panificatori-sostegno-a-tutti-gli-artigiani-candidati-alle-comunali\\\/\",\"url\":\"https:\\\/\\\/www.bellunopress.it\\\/2019\\\/05\\\/17\\\/confartigianato-in-assemblea-lunedi-i-fondi-raccolti-per-vaia-alle-scuole-colpite-solidarieta-ai-panificatori-sostegno-a-tutti-gli-artigiani-candidati-alle-comunali\\\/\",\"name\":\"Confartigianato in assemblea luned\u00ec. I fondi raccolti per Vaia alle scuole colpite. Solidariet\u00e0 ai panificatori. Sostegno a tutti gli artigiani candidati alle comunali\u00a0\u00a0 - Bellunopress - Dolomiti\",\"isPartOf\":{\"@id\":\"https:\\\/\\\/www.bellunopress.it\\\/#website\"},\"primaryImageOfPage\":{\"@id\":\"https:\\\/\\\/www.bellunopress.it\\\/2019\\\/05\\\/17\\\/confartigianato-in-assemblea-lunedi-i-fondi-raccolti-per-vaia-alle-scuole-colpite-solidarieta-ai-panificatori-sostegno-a-tutti-gli-artigiani-candidati-alle-comunali\\\/#primaryimage\"},\"image\":{\"@id\":\"https:\\\/\\\/www.bellunopress.it\\\/2019\\\/05\\\/17\\\/confartigianato-in-assemblea-lunedi-i-fondi-raccolti-per-vaia-alle-scuole-colpite-solidarieta-ai-panificatori-sostegno-a-tutti-gli-artigiani-candidati-alle-comunali\\\/#primaryimage\"},\"thumbnailUrl\":\"http:\\\/\\\/www.bellunopress.it\\\/wp-content\\\/uploads\\\/2018\\\/10\\\/Claudia-Scarzanella_Confartigianato.jpg\",\"datePublished\":\"2019-05-17T19:18:16+00:00\",\"breadcrumb\":{\"@id\":\"https:\\\/\\\/www.bellunopress.it\\\/2019\\\/05\\\/17\\\/confartigianato-in-assemblea-lunedi-i-fondi-raccolti-per-vaia-alle-scuole-colpite-solidarieta-ai-panificatori-sostegno-a-tutti-gli-artigiani-candidati-alle-comunali\\\/#breadcrumb\"},\"inLanguage\":\"fr-FR\",\"potentialAction\":[{\"@type\":\"ReadAction\",\"target\":[\"https:\\\/\\\/www.bellunopress.it\\\/2019\\\/05\\\/17\\\/confartigianato-in-assemblea-lunedi-i-fondi-raccolti-per-vaia-alle-scuole-colpite-solidarieta-ai-panificatori-sostegno-a-tutti-gli-artigiani-candidati-alle-comunali\\\/\"]}]},{\"@type\":\"ImageObject\",\"inLanguage\":\"fr-FR\",\"@id\":\"https:\\\/\\\/www.bellunopress.it\\\/2019\\\/05\\\/17\\\/confartigianato-in-assemblea-lunedi-i-fondi-raccolti-per-vaia-alle-scuole-colpite-solidarieta-ai-panificatori-sostegno-a-tutti-gli-artigiani-candidati-alle-comunali\\\/#primaryimage\",\"url\":\"http:\\\/\\\/www.bellunopress.it\\\/wp-content\\\/uploads\\\/2018\\\/10\\\/Claudia-Scarzanella_Confartigianato.jpg\",\"contentUrl\":\"http:\\\/\\\/www.bellunopress.it\\\/wp-content\\\/uploads\\\/2018\\\/10\\\/Claudia-Scarzanella_Confartigianato.jpg\"},{\"@type\":\"BreadcrumbList\",\"@id\":\"https:\\\/\\\/www.bellunopress.it\\\/2019\\\/05\\\/17\\\/confartigianato-in-assemblea-lunedi-i-fondi-raccolti-per-vaia-alle-scuole-colpite-solidarieta-ai-panificatori-sostegno-a-tutti-gli-artigiani-candidati-alle-comunali\\\/#breadcrumb\",\"itemListElement\":[{\"@type\":\"ListItem\",\"position\":1,\"name\":\"Home\",\"item\":\"https:\\\/\\\/www.bellunopress.it\\\/\"},{\"@type\":\"ListItem\",\"position\":2,\"name\":\"Confartigianato in assemblea luned\u00ec. I fondi raccolti per Vaia alle scuole colpite. Solidariet\u00e0 ai panificatori. Sostegno a tutti gli artigiani candidati alle comunali\u00a0\u00a0\"}]},{\"@type\":\"WebSite\",\"@id\":\"https:\\\/\\\/www.bellunopress.it\\\/#website\",\"url\":\"https:\\\/\\\/www.bellunopress.it\\\/\",\"name\":\"Bellunopress - Dolomiti\",\"description\":\"e-mail: redazione@bellunopress.it\",\"publisher\":{\"@id\":\"https:\\\/\\\/www.bellunopress.it\\\/#organization\"},\"potentialAction\":[{\"@type\":\"SearchAction\",\"target\":{\"@type\":\"EntryPoint\",\"urlTemplate\":\"https:\\\/\\\/www.bellunopress.it\\\/?s={search_term_string}\"},\"query-input\":{\"@type\":\"PropertyValueSpecification\",\"valueRequired\":true,\"valueName\":\"search_term_string\"}}],\"inLanguage\":\"fr-FR\"},{\"@type\":\"Organization\",\"@id\":\"https:\\\/\\\/www.bellunopress.it\\\/#organization\",\"name\":\"Bellunopress\",\"url\":\"https:\\\/\\\/www.bellunopress.it\\\/\",\"logo\":{\"@type\":\"ImageObject\",\"inLanguage\":\"fr-FR\",\"@id\":\"https:\\\/\\\/www.bellunopress.it\\\/#\\\/schema\\\/logo\\\/image\\\/\",\"url\":\"https:\\\/\\\/www.bellunopress.it\\\/wp-content\\\/uploads\\\/2011\\\/05\\\/cropped-logo-bellunopress-.jpg\",\"contentUrl\":\"https:\\\/\\\/www.bellunopress.it\\\/wp-content\\\/uploads\\\/2011\\\/05\\\/cropped-logo-bellunopress-.jpg\",\"width\":512,\"height\":512,\"caption\":\"Bellunopress\"},\"image\":{\"@id\":\"https:\\\/\\\/www.bellunopress.it\\\/#\\\/schema\\\/logo\\\/image\\\/\"},\"sameAs\":[\"https:\\\/\\\/www.facebook.com\\\/profile.php?id=100008943462799\",\"https:\\\/\\\/x.com\\\/bellunopress\",\"https:\\\/\\\/www.linkedin.com\\\/hp\\\/?dnr=JBzUWaJfMUw8vbXJJ2tVW5-I3jZKvC4wsoxE&amp;amp;amp;amp;amp;amp;trk=nav_responsive_tab_home\",\"https:\\\/\\\/www.youtube.com\\\/channel\\\/UCxL0wu1uN0_3_7hGG0306cw\"]},{\"@type\":\"Person\",\"@id\":\"https:\\\/\\\/www.bellunopress.it\\\/#\\\/schema\\\/person\\\/79bb06722b37ece1c03d3e94beb30d73\",\"name\":\"redazione\",\"image\":{\"@type\":\"ImageObject\",\"inLanguage\":\"fr-FR\",\"@id\":\"https:\\\/\\\/secure.gravatar.com\\\/avatar\\\/37d968a2e67a6fd04c169c4bdef102d0bc5d31b2546345219e348575eb80e9a0?s=96&d=mm&r=g\",\"url\":\"https:\\\/\\\/secure.gravatar.com\\\/avatar\\\/37d968a2e67a6fd04c169c4bdef102d0bc5d31b2546345219e348575eb80e9a0?s=96&d=mm&r=g\",\"contentUrl\":\"https:\\\/\\\/secure.gravatar.com\\\/avatar\\\/37d968a2e67a6fd04c169c4bdef102d0bc5d31b2546345219e348575eb80e9a0?s=96&d=mm&r=g\",\"caption\":\"redazione\"},\"sameAs\":[\"http:\\\/\\\/www.bellunopress.it\",\"https:\\\/\\\/x.com\\\/bellunopress\"],\"url\":\"https:\\\/\\\/www.bellunopress.it\\\/fr\\\/author\\\/redazione\\\/\"}]}<\/script>\n<!-- \/ Yoast SEO plugin. -->","yoast_head_json":{"title":"Confartigianato in assemblea luned\u00ec. I fondi raccolti per Vaia alle scuole colpite. Solidariet\u00e0 ai panificatori. Sostegno a tutti gli artigiani candidati alle comunali\u00a0\u00a0 - Bellunopress - Dolomiti","robots":{"index":"index","follow":"follow","max-snippet":"max-snippet:-1","max-image-preview":"max-image-preview:large","max-video-preview":"max-video-preview:-1"},"canonical":"https:\/\/www.bellunopress.it\/fr\/2019\/05\/17\/confartigianato-in-assemblea-lunedi-i-fondi-raccolti-per-vaia-alle-scuole-colpite-solidarieta-ai-panificatori-sostegno-a-tutti-gli-artigiani-candidati-alle-comunali\/","og_locale":"fr_FR","og_type":"article","og_title":"Confartigianato in assemblea luned\u00ec. I fondi raccolti per Vaia alle scuole colpite. Solidariet\u00e0 ai panificatori. Sostegno a tutti gli artigiani candidati alle comunali\u00a0\u00a0 - Bellunopress - Dolomiti","og_description":"Confartigianato Belluno ha convocato l\u2019assemblea, parte pubblica, luned\u00ec 20 maggio p.v. alle ore 18.15 a Belluno presso la sede di Feinar in localit\u00e0 Mier. L\u2019appuntamento, tra l\u2019altro, vede la consegna dei fondi raccolti a seguito della tempesta Vaia attraverso la vendita di pacchi natalizi contenenti prodotti di ditte bellunesi e altre donazioni giunte dalle Associazioni [&hellip;]","og_url":"https:\/\/www.bellunopress.it\/fr\/2019\/05\/17\/confartigianato-in-assemblea-lunedi-i-fondi-raccolti-per-vaia-alle-scuole-colpite-solidarieta-ai-panificatori-sostegno-a-tutti-gli-artigiani-candidati-alle-comunali\/","og_site_name":"Bellunopress - Dolomiti","article_publisher":"https:\/\/www.facebook.com\/profile.php?id=100008943462799","article_published_time":"2019-05-17T19:18:16+00:00","og_image":[{"url":"http:\/\/www.bellunopress.it\/wp-content\/uploads\/2018\/10\/Claudia-Scarzanella_Confartigianato.jpg","type":"","width":"","height":""}],"author":"redazione","twitter_card":"summary_large_image","twitter_creator":"@bellunopress","twitter_site":"@bellunopress","twitter_misc":{"\u00c9crit par":"redazione","Dur\u00e9e de lecture estim\u00e9e":"2 minutes"},"schema":{"@context":"https:\/\/schema.org","@graph":[{"@type":"Article","@id":"https:\/\/www.bellunopress.it\/2019\/05\/17\/confartigianato-in-assemblea-lunedi-i-fondi-raccolti-per-vaia-alle-scuole-colpite-solidarieta-ai-panificatori-sostegno-a-tutti-gli-artigiani-candidati-alle-comunali\/#article","isPartOf":{"@id":"https:\/\/www.bellunopress.it\/2019\/05\/17\/confartigianato-in-assemblea-lunedi-i-fondi-raccolti-per-vaia-alle-scuole-colpite-solidarieta-ai-panificatori-sostegno-a-tutti-gli-artigiani-candidati-alle-comunali\/"},"author":{"name":"redazione","@id":"https:\/\/www.bellunopress.it\/#\/schema\/person\/79bb06722b37ece1c03d3e94beb30d73"},"headline":"Confartigianato in assemblea luned\u00ec. I fondi raccolti per Vaia alle scuole colpite. Solidariet\u00e0 ai panificatori. Sostegno a tutti gli artigiani candidati alle comunali\u00a0\u00a0","datePublished":"2019-05-17T19:18:16+00:00","mainEntityOfPage":{"@id":"https:\/\/www.bellunopress.it\/2019\/05\/17\/confartigianato-in-assemblea-lunedi-i-fondi-raccolti-per-vaia-alle-scuole-colpite-solidarieta-ai-panificatori-sostegno-a-tutti-gli-artigiani-candidati-alle-comunali\/"},"wordCount":358,"publisher":{"@id":"https:\/\/www.bellunopress.it\/#organization"},"image":{"@id":"https:\/\/www.bellunopress.it\/2019\/05\/17\/confartigianato-in-assemblea-lunedi-i-fondi-raccolti-per-vaia-alle-scuole-colpite-solidarieta-ai-panificatori-sostegno-a-tutti-gli-artigiani-candidati-alle-comunali\/#primaryimage"},"thumbnailUrl":"http:\/\/www.bellunopress.it\/wp-content\/uploads\/2018\/10\/Claudia-Scarzanella_Confartigianato.jpg","articleSection":["Lavoro, Economia, Turismo","Prima Pagina"],"inLanguage":"fr-FR"},{"@type":"WebPage","@id":"https:\/\/www.bellunopress.it\/2019\/05\/17\/confartigianato-in-assemblea-lunedi-i-fondi-raccolti-per-vaia-alle-scuole-colpite-solidarieta-ai-panificatori-sostegno-a-tutti-gli-artigiani-candidati-alle-comunali\/","url":"https:\/\/www.bellunopress.it\/2019\/05\/17\/confartigianato-in-assemblea-lunedi-i-fondi-raccolti-per-vaia-alle-scuole-colpite-solidarieta-ai-panificatori-sostegno-a-tutti-gli-artigiani-candidati-alle-comunali\/","name":"Confartigianato in assemblea luned\u00ec. I fondi raccolti per Vaia alle scuole colpite. Solidariet\u00e0 ai panificatori. Sostegno a tutti gli artigiani candidati alle comunali\u00a0\u00a0 - Bellunopress - Dolomiti","isPartOf":{"@id":"https:\/\/www.bellunopress.it\/#website"},"primaryImageOfPage":{"@id":"https:\/\/www.bellunopress.it\/2019\/05\/17\/confartigianato-in-assemblea-lunedi-i-fondi-raccolti-per-vaia-alle-scuole-colpite-solidarieta-ai-panificatori-sostegno-a-tutti-gli-artigiani-candidati-alle-comunali\/#primaryimage"},"image":{"@id":"https:\/\/www.bellunopress.it\/2019\/05\/17\/confartigianato-in-assemblea-lunedi-i-fondi-raccolti-per-vaia-alle-scuole-colpite-solidarieta-ai-panificatori-sostegno-a-tutti-gli-artigiani-candidati-alle-comunali\/#primaryimage"},"thumbnailUrl":"http:\/\/www.bellunopress.it\/wp-content\/uploads\/2018\/10\/Claudia-Scarzanella_Confartigianato.jpg","datePublished":"2019-05-17T19:18:16+00:00","breadcrumb":{"@id":"https:\/\/www.bellunopress.it\/2019\/05\/17\/confartigianato-in-assemblea-lunedi-i-fondi-raccolti-per-vaia-alle-scuole-colpite-solidarieta-ai-panificatori-sostegno-a-tutti-gli-artigiani-candidati-alle-comunali\/#breadcrumb"},"inLanguage":"fr-FR","potentialAction":[{"@type":"ReadAction","target":["https:\/\/www.bellunopress.it\/2019\/05\/17\/confartigianato-in-assemblea-lunedi-i-fondi-raccolti-per-vaia-alle-scuole-colpite-solidarieta-ai-panificatori-sostegno-a-tutti-gli-artigiani-candidati-alle-comunali\/"]}]},{"@type":"ImageObject","inLanguage":"fr-FR","@id":"https:\/\/www.bellunopress.it\/2019\/05\/17\/confartigianato-in-assemblea-lunedi-i-fondi-raccolti-per-vaia-alle-scuole-colpite-solidarieta-ai-panificatori-sostegno-a-tutti-gli-artigiani-candidati-alle-comunali\/#primaryimage","url":"http:\/\/www.bellunopress.it\/wp-content\/uploads\/2018\/10\/Claudia-Scarzanella_Confartigianato.jpg","contentUrl":"http:\/\/www.bellunopress.it\/wp-content\/uploads\/2018\/10\/Claudia-Scarzanella_Confartigianato.jpg"},{"@type":"BreadcrumbList","@id":"https:\/\/www.bellunopress.it\/2019\/05\/17\/confartigianato-in-assemblea-lunedi-i-fondi-raccolti-per-vaia-alle-scuole-colpite-solidarieta-ai-panificatori-sostegno-a-tutti-gli-artigiani-candidati-alle-comunali\/#breadcrumb","itemListElement":[{"@type":"ListItem","position":1,"name":"Home","item":"https:\/\/www.bellunopress.it\/"},{"@type":"ListItem","position":2,"name":"Confartigianato in assemblea luned\u00ec. I fondi raccolti per Vaia alle scuole colpite. Solidariet\u00e0 ai panificatori. Sostegno a tutti gli artigiani candidati alle comunali\u00a0\u00a0"}]},{"@type":"WebSite","@id":"https:\/\/www.bellunopress.it\/#website","url":"https:\/\/www.bellunopress.it\/","name":"Bellunopress - Dolomiti","description":"e-mail: redazione@bellunopress.it","publisher":{"@id":"https:\/\/www.bellunopress.it\/#organization"},"potentialAction":[{"@type":"SearchAction","target":{"@type":"EntryPoint","urlTemplate":"https:\/\/www.bellunopress.it\/?s={search_term_string}"},"query-input":{"@type":"PropertyValueSpecification","valueRequired":true,"valueName":"search_term_string"}}],"inLanguage":"fr-FR"},{"@type":"Organization","@id":"https:\/\/www.bellunopress.it\/#organization","name":"Bellunopress","url":"https:\/\/www.bellunopress.it\/","logo":{"@type":"ImageObject","inLanguage":"fr-FR","@id":"https:\/\/www.bellunopress.it\/#\/schema\/logo\/image\/","url":"https:\/\/www.bellunopress.it\/wp-content\/uploads\/2011\/05\/cropped-logo-bellunopress-.jpg","contentUrl":"https:\/\/www.bellunopress.it\/wp-content\/uploads\/2011\/05\/cropped-logo-bellunopress-.jpg","width":512,"height":512,"caption":"Bellunopress"},"image":{"@id":"https:\/\/www.bellunopress.it\/#\/schema\/logo\/image\/"},"sameAs":["https:\/\/www.facebook.com\/profile.php?id=100008943462799","https:\/\/x.com\/bellunopress","https:\/\/www.linkedin.com\/hp\/?dnr=JBzUWaJfMUw8vbXJJ2tVW5-I3jZKvC4wsoxE&amp;amp;amp;amp;amp;amp;trk=nav_responsive_tab_home","https:\/\/www.youtube.com\/channel\/UCxL0wu1uN0_3_7hGG0306cw"]},{"@type":"Person","@id":"https:\/\/www.bellunopress.it\/#\/schema\/person\/79bb06722b37ece1c03d3e94beb30d73","name":"r\u00e9daction","image":{"@type":"ImageObject","inLanguage":"fr-FR","@id":"https:\/\/secure.gravatar.com\/avatar\/37d968a2e67a6fd04c169c4bdef102d0bc5d31b2546345219e348575eb80e9a0?s=96&d=mm&r=g","url":"https:\/\/secure.gravatar.com\/avatar\/37d968a2e67a6fd04c169c4bdef102d0bc5d31b2546345219e348575eb80e9a0?s=96&d=mm&r=g","contentUrl":"https:\/\/secure.gravatar.com\/avatar\/37d968a2e67a6fd04c169c4bdef102d0bc5d31b2546345219e348575eb80e9a0?s=96&d=mm&r=g","caption":"redazione"},"sameAs":["http:\/\/www.bellunopress.it","https:\/\/x.com\/bellunopress"],"url":"https:\/\/www.bellunopress.it\/fr\/author\/redazione\/"}]}},"_links":{"self":[{"href":"https:\/\/www.bellunopress.it\/fr\/wp-json\/wp\/v2\/posts\/104596","targetHints":{"allow":["GET"]}}],"collection":[{"href":"https:\/\/www.bellunopress.it\/fr\/wp-json\/wp\/v2\/posts"}],"about":[{"href":"https:\/\/www.bellunopress.it\/fr\/wp-json\/wp\/v2\/types\/post"}],"author":[{"embeddable":true,"href":"https:\/\/www.bellunopress.it\/fr\/wp-json\/wp\/v2\/users\/2"}],"replies":[{"embeddable":true,"href":"https:\/\/www.bellunopress.it\/fr\/wp-json\/wp\/v2\/comments?post=104596"}],"version-history":[{"count":1,"href":"https:\/\/www.bellunopress.it\/fr\/wp-json\/wp\/v2\/posts\/104596\/revisions"}],"predecessor-version":[{"id":104597,"href":"https:\/\/www.bellunopress.it\/fr\/wp-json\/wp\/v2\/posts\/104596\/revisions\/104597"}],"wp:attachment":[{"href":"https:\/\/www.bellunopress.it\/fr\/wp-json\/wp\/v2\/media?parent=104596"}],"wp:term":[{"taxonomy":"category","embeddable":true,"href":"https:\/\/www.bellunopress.it\/fr\/wp-json\/wp\/v2\/categories?post=104596"},{"taxonomy":"post_tag","embeddable":true,"href":"https:\/\/www.bellunopress.it\/fr\/wp-json\/wp\/v2\/tags?post=104596"}],"curies":[{"name":"wp","href":"https:\/\/api.w.org\/{rel}","templated":true}]}}