{"id":1045,"date":"2009-02-26T16:38:53","date_gmt":"2009-02-26T15:38:53","guid":{"rendered":"http:\/\/www.bellunopress.it\/?p=1045"},"modified":"2009-02-26T16:38:53","modified_gmt":"2009-02-26T15:38:53","slug":"cadidatura-dolomiti-patrimonio-dellumanita-sabato-a-cortina-la-presentazione","status":"publish","type":"post","link":"https:\/\/www.bellunopress.it\/fr\/2009\/02\/26\/cadidatura-dolomiti-patrimonio-dellumanita-sabato-a-cortina-la-presentazione\/","title":{"rendered":"Cadidatura Dolomiti patrimonio dell&#8217;umanit\u00e0 sabato a Cortina la presentazione"},"content":{"rendered":"<p><a href=\"http:\/\/www.bellunopress.it\/wp-content\/uploads\/2009\/02\/cortina-dampezzo-008.jpg\"><img loading=\"lazy\" decoding=\"async\" class=\"alignleft size-medium wp-image-1046\" title=\"cortina-dampezzo-008\" src=\"http:\/\/www.bellunopress.it\/wp-content\/uploads\/2009\/02\/cortina-dampezzo-008.jpg\" alt=\"\" width=\"254\" height=\"181\" \/><\/a>\u00a0<span style=\"font-size: x-small;\"><span style=\"font-family: Verdana;\">Il 28 febbraio a Cortina d\u2019Ampezzo (Belluno) le Province di Belluno, Bolzano, Pordenone, Trento e Udine, presentano congiuntamente il percorso fatto fin qui per la candidatura delle Dolomiti a Patrimonio dell\u2019Umanit\u00e0. L\u2019evento segna l\u2019avvio delle iniziative congiunte delle cinque Province per discutere sui temi pi\u00f9 importanti relativi al governo e allo sviluppo del territorio attinenti al bene Dolomiti: la conoscenza, la relazione tra conservazione e sviluppo, la valorizzazione del territorio, la gestione del bene. <\/span><\/span><span style=\"font-family: Verdana;\"><span style=\"font-size: x-small;\">\u00abQuesto \u00e8 il primo progetto unitario per le Dolomiti\u00bb, rivela il presidente della Provincia di Belluno, Sergio Reolon. \u00abPer la prima volta guardiamo al sistema dei territori per le sue valenze intrinseche, ambientali, sociali e umane e non rispetto ai confini amministrativi che li dividono. Le Dolomiti costituiscono una parte importante dell\u2019arco Alpino e allora il metodo adottato dalle nostre cinque Province \u00e8 corretto anche in vista della costruzione della piattaforma alpina\u00bb. <\/span><\/span><span style=\"font-family: Verdana;\"><span style=\"font-size: x-small;\">La candidatura delle Dolomiti a patrimonio dell\u2019Umanit\u00e0 ha una lunga storia che parte dagli anni Novanta, ma ha trovato una concretizzazione solo a partire dal 2005 quando il governo italiano ha deciso di presentarla all\u2019Unesco. Le Dolomiti sono candidate per i valori geologico, geomorfologico e paesaggistico. <\/span><\/span><span style=\"font-family: Verdana;\"><span style=\"font-size: x-small;\">A Cortina i presidenti delle cinque Province coinvolte si concentreranno sul valore di una candidatura definita dagli stessi valutatori dell\u2019Unesco come un possibile modello per le future candidature che coinvolgono territori e amministrazioni differenti. I quattro anni trascorsi, hanno visto infatti le 5 Province impegnate in un lavoro complesso, il cui spirito \u00e8 quello di vedere le Dolomiti no pi\u00f9 come confine ma come importante cerniera nel sistema pi\u00f9 ampio delle Alpi. <\/span><\/span><span style=\"font-family: Verdana;\"><span style=\"font-size: x-small;\">L\u2019Unesco ha di fronte non un monumento ma una serie di luoghi eccellenti e abitati in cui, la tutela della natura passa indispensabilmente attraverso l\u2019azione dell\u2019uomo, come per generazioni hanno dimostrato gli abitanti delle Alpi. <\/span><\/span><span style=\"font-family: Verdana;\"><span style=\"font-size: x-small;\">Per la prima volta cinque Province differenti hanno lavorato insieme mettendo al centro il territorio dolomitico senza discutere di confini di competenze o differenze statutarie, ma di un obiettivo comune: il futuro delle Dolomiti. I cinque territori hanno sia problemi comuni che forti differenze. <\/span><\/span><span style=\"font-family: Verdana;\"><span style=\"font-size: x-small;\">In caso di esito positivo della candidatura, la gestione del sito Unesco sar\u00e0 affidata a una fondazione costituita dalle cinque Province, aperta anche ai parchi, agli enti locali ad altre associazioni e fondazioni. La fondazione non avr\u00e0 alcun potere normativo n\u00e9 di si potr\u00e0 sovrapporre agli enti locali. Costituir\u00e0 invece il luogo delle relazioni tra territori per la valorizzazione delle Dolomiti.<\/span><\/span><\/p>\n<p style=\"margin-bottom: 0cm;\" align=\"left\"><span style=\"font-family: Arial, sans-serif;\"><span style=\"font-size: large;\"><strong>Cinque province, un territorio: le Dolomiti<\/strong><\/span><\/span><\/p>\n<p style=\"margin-bottom: 0cm;\" align=\"left\"><span style=\"font-family: Arial, sans-serif;\">Presentazione della candidatura delle Dolomiti a Patrimonio Mondiale Unesco<\/span><\/p>\n<p style=\"margin-bottom: 0cm;\" align=\"left\"><span style=\"font-family: Arial, sans-serif;\"><span style=\"font-size: x-small;\">Cortina d&#8217;Ampezzo \u2013 Alexander Girardi Hall <\/span><\/span><\/p>\n<p style=\"margin-bottom: 0cm;\" align=\"left\"><span style=\"font-family: Arial, sans-serif;\"><span style=\"font-size: x-small;\">sabato 28 febbraio 2009, ore 9.30<\/span><\/span><\/p>\n<p style=\"margin-bottom: 0cm;\" align=\"left\">\u00a0<\/p>\n<p style=\"margin-bottom: 0cm;\" align=\"left\"><span style=\"font-family: Arial, sans-serif;\"><span style=\"font-size: x-small;\">Saluto della Autorit\u00e0<\/span><\/span><\/p>\n<p style=\"margin-bottom: 0cm;\" align=\"left\">\u00a0<\/p>\n<p style=\"margin-bottom: 0cm;\" align=\"left\"><span style=\"font-family: Arial, sans-serif;\"><span style=\"font-size: x-small;\">Introduzione <\/span><\/span><\/p>\n<p style=\"margin-bottom: 0cm;\" align=\"left\">\u00a0<\/p>\n<ol>\n<li>\n<p style=\"margin-bottom: 0cm; widows: 2; orphans: 2;\" align=\"left\"><span style=\"font-family: Arial, sans-serif;\"><span style=\"font-size: x-small;\"><strong>Irma Visalli<\/strong><\/span><\/span><\/p>\n<\/li>\n<\/ol>\n<p style=\"margin-bottom: 0cm;\" align=\"left\"><span style=\"font-family: Arial, sans-serif;\"><span style=\"font-size: x-small;\"><em>Assessore alla Candidatura della Dolomiti a patrimonio Unesco \u2013 Provincia di Belluno<\/em><\/span><\/span><\/p>\n<p style=\"margin-bottom: 0cm;\" align=\"left\">\u00a0<\/p>\n<p style=\"margin-bottom: 0cm;\" align=\"left\"><span style=\"font-family: Arial, sans-serif;\"><span style=\"font-size: x-small;\">Visone del filmato \u201cThe Dolomites\u201d<\/span><\/span><\/p>\n<p style=\"margin-bottom: 0cm;\" align=\"left\">\u00a0<\/p>\n<ul>\n<li>\n<p style=\"margin-bottom: 0cm; widows: 2; orphans: 2;\" align=\"left\"><span style=\"font-family: Arial, sans-serif;\"><span style=\"font-size: x-small;\"><strong>Cesare Micheletti<\/strong><\/span><\/span><\/p>\n<\/li>\n<\/ul>\n<p style=\"margin-bottom: 0cm; margin-left: 1.27cm;\" align=\"left\"><span style=\"font-size: x-small;\"><span style=\"font-family: Arial, sans-serif;\"><em>Consulente scientifico<\/em> <\/span><\/span><\/p>\n<p style=\"margin-bottom: 0cm;\" align=\"left\"><span style=\"font-size: x-small;\"><span style=\"font-family: Arial, sans-serif;\"><em><\/em>Il processo di candidatura. Metodologia e contenuti<\/span><\/span><\/p>\n<p style=\"margin-bottom: 0cm;\" align=\"left\">\u00a0<\/p>\n<ul>\n<li>\n<p style=\"margin-bottom: 0cm; widows: 2; orphans: 2;\" align=\"left\"><span style=\"font-family: Arial, sans-serif;\"><span style=\"font-size: x-small;\"><strong>Annibale Salsa<\/strong><\/span><\/span><\/p>\n<\/li>\n<\/ul>\n<p style=\"margin-bottom: 0cm;\" align=\"left\"><span style=\"font-size: x-small;\"><span style=\"font-family: Arial, sans-serif;\"><em>Presidente Nazionale Cai<\/em><\/span><\/span><\/p>\n<p style=\"margin-bottom: 0cm;\" align=\"left\">\u00a0<\/p>\n<p style=\"margin-bottom: 0cm;\" align=\"left\"><span style=\"font-family: Arial, sans-serif;\"><span style=\"font-size: x-small;\">Tavola rotonda \u201cLa candidatura come modello di governo del territorio\u201d<\/span><\/span><\/p>\n<p style=\"margin-bottom: 0cm;\" align=\"left\">\u00a0<\/p>\n<ul>\n<li>\n<p style=\"margin-bottom: 0cm; widows: 2; orphans: 2;\" align=\"left\"><span style=\"font-family: Arial, sans-serif;\"><span style=\"font-size: x-small;\"><strong>Sergio Reolon<\/strong><\/span><\/span><\/p>\n<\/li>\n<\/ul>\n<p style=\"margin-bottom: 0cm; margin-left: 1.27cm;\" align=\"left\"><span style=\"font-family: Arial, sans-serif;\"><span style=\"font-size: x-small;\"><em>Presidente della Provincia di Belluno<\/em><\/span><\/span><\/p>\n<ul>\n<li>\n<p style=\"margin-bottom: 0cm; widows: 2; orphans: 2;\" align=\"left\"><span style=\"font-family: Arial, sans-serif;\"><span style=\"font-size: x-small;\"><strong>Luis Durnwalder<\/strong><\/span><\/span><\/p>\n<\/li>\n<\/ul>\n<p style=\"margin-bottom: 0cm; margin-left: 1.27cm;\" align=\"left\"><span style=\"font-family: Arial, sans-serif;\"><span style=\"font-size: x-small;\"><em>Presidente della Provincia Autonoma di Bolzano<\/em><\/span><\/span><\/p>\n<ul>\n<li>\n<p style=\"margin-bottom: 0cm; widows: 2; orphans: 2;\" align=\"left\"><span style=\"font-family: Arial, sans-serif;\"><span style=\"font-size: x-small;\"><strong>Alessandro Ciriani<\/strong><\/span><\/span><\/p>\n<\/li>\n<\/ul>\n<p style=\"margin-bottom: 0cm; margin-left: 1.27cm;\" align=\"left\"><span style=\"font-family: Arial, sans-serif;\"><span style=\"font-size: x-small;\"><em>Presidente della Provincia di Pordenone<\/em><\/span><\/span><\/p>\n<ul>\n<li>\n<p style=\"margin-bottom: 0cm; widows: 2; orphans: 2;\" align=\"left\"><span style=\"font-family: Arial, sans-serif;\"><span style=\"font-size: x-small;\"><strong>Lorenzo Dellai<\/strong><\/span><\/span><\/p>\n<\/li>\n<\/ul>\n<p style=\"margin-bottom: 0cm; margin-left: 1.27cm;\" align=\"left\"><span style=\"font-family: Arial, sans-serif;\"><span style=\"font-size: x-small;\"><em>Presidente della Provincia Autonoma di Trento<\/em><\/span><\/span><\/p>\n<ul>\n<li>\n<p style=\"margin-bottom: 0cm; widows: 2; orphans: 2;\" align=\"left\"><span style=\"font-family: Arial, sans-serif;\"><span style=\"font-size: x-small;\"><strong>Pietro Fontanini<\/strong><\/span><\/span><\/p>\n<\/li>\n<\/ul>\n<p style=\"margin-bottom: 0cm; margin-left: 1.27cm;\" align=\"left\"><span style=\"font-family: Arial, sans-serif;\"><span style=\"font-size: x-small;\"><em>Presidente della Provincia di Udine<\/em><\/span><\/span><\/p>\n<p style=\"margin-bottom: 0cm;\" align=\"left\">\u00a0<\/p>\n<p style=\"margin-bottom: 0cm;\" align=\"left\"><span style=\"font-size: x-small;\"><span style=\"font-family: Arial, sans-serif;\">Coordina <strong>Maurizio Mannoni<\/strong> \u2013 <em>Giornalista Rai Tre<\/em><\/span><\/span><\/p>\n<p style=\"margin-bottom: 0cm;\" align=\"left\">\u00a0<\/p>\n<p style=\"margin-bottom: 0cm;\" align=\"left\"><span style=\"font-family: Arial, sans-serif;\"><span style=\"font-size: x-small;\">Conclusioni<\/span><\/span><\/p>\n<p style=\"margin-bottom: 0cm;\" align=\"left\">\u00a0<\/p>\n<ul>\n<li>\n<p style=\"margin-bottom: 0cm; widows: 2; orphans: 2;\" align=\"left\"><span style=\"font-family: Arial, sans-serif;\"><span style=\"font-size: x-small;\"><strong>Aldo Cosentino<\/strong><\/span><\/span><\/p>\n<\/li>\n<\/ul>\n<p style=\"margin-bottom: 0cm; margin-left: 1.27cm;\" align=\"left\"><span style=\"font-family: Arial, sans-serif;\"><span style=\"font-size: x-small;\"><em>Direttore Generale Dipartimento Protezione Natura &#8211; Ministero dell\u2019Ambiente e della Tutela del Territorio e del Mare<\/em><\/span><\/span><\/p>\n<p style=\"margin-bottom: 0cm;\" align=\"left\">\u00a0<\/p>\n<p style=\"margin-bottom: 0cm;\" align=\"left\"><span style=\"font-size: x-small;\"><span style=\"font-family: Arial, sans-serif;\">Modera la giornata : <strong>Tiziana Bolognani<\/strong><\/span><\/span><\/p>","protected":false},"excerpt":{"rendered":"<p>\u00a0Il 28 febbraio a Cortina d\u2019Ampezzo (Belluno) le Province di Belluno, Bolzano, Pordenone, Trento e Udine, presentano congiuntamente il percorso fatto fin qui per la candidatura delle Dolomiti a Patrimonio dell\u2019Umanit\u00e0. L\u2019evento segna l\u2019avvio delle iniziative congiunte delle cinque Province per discutere sui temi pi\u00f9 importanti relativi al governo e allo sviluppo del territorio attinenti [&hellip;]<\/p>\n","protected":false},"author":2,"featured_media":0,"comment_status":"closed","ping_status":"open","sticky":false,"template":"","format":"standard","meta":{"footnotes":""},"categories":[26],"tags":[139,63],"class_list":["post-1045","post","type-post","status-publish","format-standard","category-prima-pagina","tag-belluno","tag-dolomiti"],"yoast_head":"<!-- This site is optimized with the Yoast SEO plugin v28.4 - https:\/\/yoast.com\/product\/yoast-seo-wordpress\/ -->\n<title>Cadidatura Dolomiti patrimonio dell&#039;umanit\u00e0 sabato a Cortina la presentazione - Bellunopress - Dolomiti<\/title>\n<meta name=\"robots\" content=\"index, follow, max-snippet:-1, max-image-preview:large, max-video-preview:-1\" \/>\n<link rel=\"canonical\" href=\"https:\/\/www.bellunopress.it\/fr\/2009\/02\/26\/cadidatura-dolomiti-patrimonio-dellumanita-sabato-a-cortina-la-presentazione\/\" \/>\n<meta property=\"og:locale\" content=\"fr_FR\" \/>\n<meta property=\"og:type\" content=\"article\" \/>\n<meta property=\"og:title\" content=\"Cadidatura Dolomiti patrimonio dell&#039;umanit\u00e0 sabato a Cortina la presentazione - Bellunopress - Dolomiti\" \/>\n<meta property=\"og:description\" content=\"\u00a0Il 28 febbraio a Cortina d\u2019Ampezzo (Belluno) le Province di Belluno, Bolzano, Pordenone, Trento e Udine, presentano congiuntamente il percorso fatto fin qui per la candidatura delle Dolomiti a Patrimonio dell\u2019Umanit\u00e0. L\u2019evento segna l\u2019avvio delle iniziative congiunte delle cinque Province per discutere sui temi pi\u00f9 importanti relativi al governo e allo sviluppo del territorio attinenti [&hellip;]\" \/>\n<meta property=\"og:url\" content=\"https:\/\/www.bellunopress.it\/fr\/2009\/02\/26\/cadidatura-dolomiti-patrimonio-dellumanita-sabato-a-cortina-la-presentazione\/\" \/>\n<meta property=\"og:site_name\" content=\"Bellunopress - Dolomiti\" \/>\n<meta property=\"article:publisher\" content=\"https:\/\/www.facebook.com\/profile.php?id=100008943462799\" \/>\n<meta property=\"article:published_time\" content=\"2009-02-26T15:38:53+00:00\" \/>\n<meta property=\"og:image\" content=\"http:\/\/www.bellunopress.it\/wp-content\/uploads\/2009\/02\/cortina-dampezzo-008.jpg\" \/>\n<meta name=\"author\" content=\"redazione\" \/>\n<meta name=\"twitter:card\" content=\"summary_large_image\" \/>\n<meta name=\"twitter:creator\" content=\"@bellunopress\" \/>\n<meta name=\"twitter:site\" content=\"@bellunopress\" \/>\n<meta name=\"twitter:label1\" content=\"\u00c9crit par\" \/>\n\t<meta name=\"twitter:data1\" content=\"redazione\" \/>\n\t<meta name=\"twitter:label2\" content=\"Dur\u00e9e de lecture estim\u00e9e\" \/>\n\t<meta name=\"twitter:data2\" content=\"3 minutes\" \/>\n<script type=\"application\/ld+json\" class=\"yoast-schema-graph\">{\"@context\":\"https:\\\/\\\/schema.org\",\"@graph\":[{\"@type\":\"Article\",\"@id\":\"https:\\\/\\\/www.bellunopress.it\\\/2009\\\/02\\\/26\\\/cadidatura-dolomiti-patrimonio-dellumanita-sabato-a-cortina-la-presentazione\\\/#article\",\"isPartOf\":{\"@id\":\"https:\\\/\\\/www.bellunopress.it\\\/2009\\\/02\\\/26\\\/cadidatura-dolomiti-patrimonio-dellumanita-sabato-a-cortina-la-presentazione\\\/\"},\"author\":{\"name\":\"redazione\",\"@id\":\"https:\\\/\\\/www.bellunopress.it\\\/#\\\/schema\\\/person\\\/79bb06722b37ece1c03d3e94beb30d73\"},\"headline\":\"Cadidatura Dolomiti patrimonio dell&#8217;umanit\u00e0 sabato a Cortina la presentazione\",\"datePublished\":\"2009-02-26T15:38:53+00:00\",\"mainEntityOfPage\":{\"@id\":\"https:\\\/\\\/www.bellunopress.it\\\/2009\\\/02\\\/26\\\/cadidatura-dolomiti-patrimonio-dellumanita-sabato-a-cortina-la-presentazione\\\/\"},\"wordCount\":559,\"publisher\":{\"@id\":\"https:\\\/\\\/www.bellunopress.it\\\/#organization\"},\"image\":{\"@id\":\"https:\\\/\\\/www.bellunopress.it\\\/2009\\\/02\\\/26\\\/cadidatura-dolomiti-patrimonio-dellumanita-sabato-a-cortina-la-presentazione\\\/#primaryimage\"},\"thumbnailUrl\":\"http:\\\/\\\/www.bellunopress.it\\\/wp-content\\\/uploads\\\/2009\\\/02\\\/cortina-dampezzo-008.jpg\",\"keywords\":[\"Belluno\",\"Dolomiti\"],\"articleSection\":[\"Prima Pagina\"],\"inLanguage\":\"fr-FR\"},{\"@type\":\"WebPage\",\"@id\":\"https:\\\/\\\/www.bellunopress.it\\\/2009\\\/02\\\/26\\\/cadidatura-dolomiti-patrimonio-dellumanita-sabato-a-cortina-la-presentazione\\\/\",\"url\":\"https:\\\/\\\/www.bellunopress.it\\\/2009\\\/02\\\/26\\\/cadidatura-dolomiti-patrimonio-dellumanita-sabato-a-cortina-la-presentazione\\\/\",\"name\":\"Cadidatura Dolomiti patrimonio dell'umanit\u00e0 sabato a Cortina la presentazione - Bellunopress - Dolomiti\",\"isPartOf\":{\"@id\":\"https:\\\/\\\/www.bellunopress.it\\\/#website\"},\"primaryImageOfPage\":{\"@id\":\"https:\\\/\\\/www.bellunopress.it\\\/2009\\\/02\\\/26\\\/cadidatura-dolomiti-patrimonio-dellumanita-sabato-a-cortina-la-presentazione\\\/#primaryimage\"},\"image\":{\"@id\":\"https:\\\/\\\/www.bellunopress.it\\\/2009\\\/02\\\/26\\\/cadidatura-dolomiti-patrimonio-dellumanita-sabato-a-cortina-la-presentazione\\\/#primaryimage\"},\"thumbnailUrl\":\"http:\\\/\\\/www.bellunopress.it\\\/wp-content\\\/uploads\\\/2009\\\/02\\\/cortina-dampezzo-008.jpg\",\"datePublished\":\"2009-02-26T15:38:53+00:00\",\"breadcrumb\":{\"@id\":\"https:\\\/\\\/www.bellunopress.it\\\/2009\\\/02\\\/26\\\/cadidatura-dolomiti-patrimonio-dellumanita-sabato-a-cortina-la-presentazione\\\/#breadcrumb\"},\"inLanguage\":\"fr-FR\",\"potentialAction\":[{\"@type\":\"ReadAction\",\"target\":[\"https:\\\/\\\/www.bellunopress.it\\\/2009\\\/02\\\/26\\\/cadidatura-dolomiti-patrimonio-dellumanita-sabato-a-cortina-la-presentazione\\\/\"]}]},{\"@type\":\"ImageObject\",\"inLanguage\":\"fr-FR\",\"@id\":\"https:\\\/\\\/www.bellunopress.it\\\/2009\\\/02\\\/26\\\/cadidatura-dolomiti-patrimonio-dellumanita-sabato-a-cortina-la-presentazione\\\/#primaryimage\",\"url\":\"http:\\\/\\\/www.bellunopress.it\\\/wp-content\\\/uploads\\\/2009\\\/02\\\/cortina-dampezzo-008.jpg\",\"contentUrl\":\"http:\\\/\\\/www.bellunopress.it\\\/wp-content\\\/uploads\\\/2009\\\/02\\\/cortina-dampezzo-008.jpg\"},{\"@type\":\"BreadcrumbList\",\"@id\":\"https:\\\/\\\/www.bellunopress.it\\\/2009\\\/02\\\/26\\\/cadidatura-dolomiti-patrimonio-dellumanita-sabato-a-cortina-la-presentazione\\\/#breadcrumb\",\"itemListElement\":[{\"@type\":\"ListItem\",\"position\":1,\"name\":\"Home\",\"item\":\"https:\\\/\\\/www.bellunopress.it\\\/\"},{\"@type\":\"ListItem\",\"position\":2,\"name\":\"Cadidatura Dolomiti patrimonio dell&#8217;umanit\u00e0 sabato a Cortina la presentazione\"}]},{\"@type\":\"WebSite\",\"@id\":\"https:\\\/\\\/www.bellunopress.it\\\/#website\",\"url\":\"https:\\\/\\\/www.bellunopress.it\\\/\",\"name\":\"Bellunopress - Dolomiti\",\"description\":\"e-mail: redazione@bellunopress.it\",\"publisher\":{\"@id\":\"https:\\\/\\\/www.bellunopress.it\\\/#organization\"},\"potentialAction\":[{\"@type\":\"SearchAction\",\"target\":{\"@type\":\"EntryPoint\",\"urlTemplate\":\"https:\\\/\\\/www.bellunopress.it\\\/?s={search_term_string}\"},\"query-input\":{\"@type\":\"PropertyValueSpecification\",\"valueRequired\":true,\"valueName\":\"search_term_string\"}}],\"inLanguage\":\"fr-FR\"},{\"@type\":\"Organization\",\"@id\":\"https:\\\/\\\/www.bellunopress.it\\\/#organization\",\"name\":\"Bellunopress\",\"url\":\"https:\\\/\\\/www.bellunopress.it\\\/\",\"logo\":{\"@type\":\"ImageObject\",\"inLanguage\":\"fr-FR\",\"@id\":\"https:\\\/\\\/www.bellunopress.it\\\/#\\\/schema\\\/logo\\\/image\\\/\",\"url\":\"https:\\\/\\\/www.bellunopress.it\\\/wp-content\\\/uploads\\\/2011\\\/05\\\/cropped-logo-bellunopress-.jpg\",\"contentUrl\":\"https:\\\/\\\/www.bellunopress.it\\\/wp-content\\\/uploads\\\/2011\\\/05\\\/cropped-logo-bellunopress-.jpg\",\"width\":512,\"height\":512,\"caption\":\"Bellunopress\"},\"image\":{\"@id\":\"https:\\\/\\\/www.bellunopress.it\\\/#\\\/schema\\\/logo\\\/image\\\/\"},\"sameAs\":[\"https:\\\/\\\/www.facebook.com\\\/profile.php?id=100008943462799\",\"https:\\\/\\\/x.com\\\/bellunopress\",\"https:\\\/\\\/www.linkedin.com\\\/hp\\\/?dnr=JBzUWaJfMUw8vbXJJ2tVW5-I3jZKvC4wsoxE&amp;amp;amp;amp;amp;amp;trk=nav_responsive_tab_home\",\"https:\\\/\\\/www.youtube.com\\\/channel\\\/UCxL0wu1uN0_3_7hGG0306cw\"]},{\"@type\":\"Person\",\"@id\":\"https:\\\/\\\/www.bellunopress.it\\\/#\\\/schema\\\/person\\\/79bb06722b37ece1c03d3e94beb30d73\",\"name\":\"redazione\",\"image\":{\"@type\":\"ImageObject\",\"inLanguage\":\"fr-FR\",\"@id\":\"https:\\\/\\\/secure.gravatar.com\\\/avatar\\\/37d968a2e67a6fd04c169c4bdef102d0bc5d31b2546345219e348575eb80e9a0?s=96&d=mm&r=g\",\"url\":\"https:\\\/\\\/secure.gravatar.com\\\/avatar\\\/37d968a2e67a6fd04c169c4bdef102d0bc5d31b2546345219e348575eb80e9a0?s=96&d=mm&r=g\",\"contentUrl\":\"https:\\\/\\\/secure.gravatar.com\\\/avatar\\\/37d968a2e67a6fd04c169c4bdef102d0bc5d31b2546345219e348575eb80e9a0?s=96&d=mm&r=g\",\"caption\":\"redazione\"},\"sameAs\":[\"http:\\\/\\\/www.bellunopress.it\",\"https:\\\/\\\/x.com\\\/bellunopress\"],\"url\":\"https:\\\/\\\/www.bellunopress.it\\\/fr\\\/author\\\/redazione\\\/\"}]}<\/script>\n<!-- \/ Yoast SEO plugin. -->","yoast_head_json":{"title":"Cadidatura Dolomiti patrimonio dell'umanit\u00e0 sabato a Cortina la presentazione - Bellunopress - Dolomiti","robots":{"index":"index","follow":"follow","max-snippet":"max-snippet:-1","max-image-preview":"max-image-preview:large","max-video-preview":"max-video-preview:-1"},"canonical":"https:\/\/www.bellunopress.it\/fr\/2009\/02\/26\/cadidatura-dolomiti-patrimonio-dellumanita-sabato-a-cortina-la-presentazione\/","og_locale":"fr_FR","og_type":"article","og_title":"Cadidatura Dolomiti patrimonio dell'umanit\u00e0 sabato a Cortina la presentazione - Bellunopress - Dolomiti","og_description":"\u00a0Il 28 febbraio a Cortina d\u2019Ampezzo (Belluno) le Province di Belluno, Bolzano, Pordenone, Trento e Udine, presentano congiuntamente il percorso fatto fin qui per la candidatura delle Dolomiti a Patrimonio dell\u2019Umanit\u00e0. L\u2019evento segna l\u2019avvio delle iniziative congiunte delle cinque Province per discutere sui temi pi\u00f9 importanti relativi al governo e allo sviluppo del territorio attinenti [&hellip;]","og_url":"https:\/\/www.bellunopress.it\/fr\/2009\/02\/26\/cadidatura-dolomiti-patrimonio-dellumanita-sabato-a-cortina-la-presentazione\/","og_site_name":"Bellunopress - Dolomiti","article_publisher":"https:\/\/www.facebook.com\/profile.php?id=100008943462799","article_published_time":"2009-02-26T15:38:53+00:00","og_image":[{"url":"http:\/\/www.bellunopress.it\/wp-content\/uploads\/2009\/02\/cortina-dampezzo-008.jpg","type":"","width":"","height":""}],"author":"redazione","twitter_card":"summary_large_image","twitter_creator":"@bellunopress","twitter_site":"@bellunopress","twitter_misc":{"\u00c9crit par":"redazione","Dur\u00e9e de lecture estim\u00e9e":"3 minutes"},"schema":{"@context":"https:\/\/schema.org","@graph":[{"@type":"Article","@id":"https:\/\/www.bellunopress.it\/2009\/02\/26\/cadidatura-dolomiti-patrimonio-dellumanita-sabato-a-cortina-la-presentazione\/#article","isPartOf":{"@id":"https:\/\/www.bellunopress.it\/2009\/02\/26\/cadidatura-dolomiti-patrimonio-dellumanita-sabato-a-cortina-la-presentazione\/"},"author":{"name":"redazione","@id":"https:\/\/www.bellunopress.it\/#\/schema\/person\/79bb06722b37ece1c03d3e94beb30d73"},"headline":"Cadidatura Dolomiti patrimonio dell&#8217;umanit\u00e0 sabato a Cortina la presentazione","datePublished":"2009-02-26T15:38:53+00:00","mainEntityOfPage":{"@id":"https:\/\/www.bellunopress.it\/2009\/02\/26\/cadidatura-dolomiti-patrimonio-dellumanita-sabato-a-cortina-la-presentazione\/"},"wordCount":559,"publisher":{"@id":"https:\/\/www.bellunopress.it\/#organization"},"image":{"@id":"https:\/\/www.bellunopress.it\/2009\/02\/26\/cadidatura-dolomiti-patrimonio-dellumanita-sabato-a-cortina-la-presentazione\/#primaryimage"},"thumbnailUrl":"http:\/\/www.bellunopress.it\/wp-content\/uploads\/2009\/02\/cortina-dampezzo-008.jpg","keywords":["Belluno","Dolomiti"],"articleSection":["Prima Pagina"],"inLanguage":"fr-FR"},{"@type":"WebPage","@id":"https:\/\/www.bellunopress.it\/2009\/02\/26\/cadidatura-dolomiti-patrimonio-dellumanita-sabato-a-cortina-la-presentazione\/","url":"https:\/\/www.bellunopress.it\/2009\/02\/26\/cadidatura-dolomiti-patrimonio-dellumanita-sabato-a-cortina-la-presentazione\/","name":"Cadidatura Dolomiti patrimonio dell'umanit\u00e0 sabato a Cortina la presentazione - Bellunopress - Dolomiti","isPartOf":{"@id":"https:\/\/www.bellunopress.it\/#website"},"primaryImageOfPage":{"@id":"https:\/\/www.bellunopress.it\/2009\/02\/26\/cadidatura-dolomiti-patrimonio-dellumanita-sabato-a-cortina-la-presentazione\/#primaryimage"},"image":{"@id":"https:\/\/www.bellunopress.it\/2009\/02\/26\/cadidatura-dolomiti-patrimonio-dellumanita-sabato-a-cortina-la-presentazione\/#primaryimage"},"thumbnailUrl":"http:\/\/www.bellunopress.it\/wp-content\/uploads\/2009\/02\/cortina-dampezzo-008.jpg","datePublished":"2009-02-26T15:38:53+00:00","breadcrumb":{"@id":"https:\/\/www.bellunopress.it\/2009\/02\/26\/cadidatura-dolomiti-patrimonio-dellumanita-sabato-a-cortina-la-presentazione\/#breadcrumb"},"inLanguage":"fr-FR","potentialAction":[{"@type":"ReadAction","target":["https:\/\/www.bellunopress.it\/2009\/02\/26\/cadidatura-dolomiti-patrimonio-dellumanita-sabato-a-cortina-la-presentazione\/"]}]},{"@type":"ImageObject","inLanguage":"fr-FR","@id":"https:\/\/www.bellunopress.it\/2009\/02\/26\/cadidatura-dolomiti-patrimonio-dellumanita-sabato-a-cortina-la-presentazione\/#primaryimage","url":"http:\/\/www.bellunopress.it\/wp-content\/uploads\/2009\/02\/cortina-dampezzo-008.jpg","contentUrl":"http:\/\/www.bellunopress.it\/wp-content\/uploads\/2009\/02\/cortina-dampezzo-008.jpg"},{"@type":"BreadcrumbList","@id":"https:\/\/www.bellunopress.it\/2009\/02\/26\/cadidatura-dolomiti-patrimonio-dellumanita-sabato-a-cortina-la-presentazione\/#breadcrumb","itemListElement":[{"@type":"ListItem","position":1,"name":"Home","item":"https:\/\/www.bellunopress.it\/"},{"@type":"ListItem","position":2,"name":"Cadidatura Dolomiti patrimonio dell&#8217;umanit\u00e0 sabato a Cortina la presentazione"}]},{"@type":"WebSite","@id":"https:\/\/www.bellunopress.it\/#website","url":"https:\/\/www.bellunopress.it\/","name":"Bellunopress - Dolomiti","description":"e-mail: redazione@bellunopress.it","publisher":{"@id":"https:\/\/www.bellunopress.it\/#organization"},"potentialAction":[{"@type":"SearchAction","target":{"@type":"EntryPoint","urlTemplate":"https:\/\/www.bellunopress.it\/?s={search_term_string}"},"query-input":{"@type":"PropertyValueSpecification","valueRequired":true,"valueName":"search_term_string"}}],"inLanguage":"fr-FR"},{"@type":"Organization","@id":"https:\/\/www.bellunopress.it\/#organization","name":"Bellunopress","url":"https:\/\/www.bellunopress.it\/","logo":{"@type":"ImageObject","inLanguage":"fr-FR","@id":"https:\/\/www.bellunopress.it\/#\/schema\/logo\/image\/","url":"https:\/\/www.bellunopress.it\/wp-content\/uploads\/2011\/05\/cropped-logo-bellunopress-.jpg","contentUrl":"https:\/\/www.bellunopress.it\/wp-content\/uploads\/2011\/05\/cropped-logo-bellunopress-.jpg","width":512,"height":512,"caption":"Bellunopress"},"image":{"@id":"https:\/\/www.bellunopress.it\/#\/schema\/logo\/image\/"},"sameAs":["https:\/\/www.facebook.com\/profile.php?id=100008943462799","https:\/\/x.com\/bellunopress","https:\/\/www.linkedin.com\/hp\/?dnr=JBzUWaJfMUw8vbXJJ2tVW5-I3jZKvC4wsoxE&amp;amp;amp;amp;amp;amp;trk=nav_responsive_tab_home","https:\/\/www.youtube.com\/channel\/UCxL0wu1uN0_3_7hGG0306cw"]},{"@type":"Person","@id":"https:\/\/www.bellunopress.it\/#\/schema\/person\/79bb06722b37ece1c03d3e94beb30d73","name":"r\u00e9daction","image":{"@type":"ImageObject","inLanguage":"fr-FR","@id":"https:\/\/secure.gravatar.com\/avatar\/37d968a2e67a6fd04c169c4bdef102d0bc5d31b2546345219e348575eb80e9a0?s=96&d=mm&r=g","url":"https:\/\/secure.gravatar.com\/avatar\/37d968a2e67a6fd04c169c4bdef102d0bc5d31b2546345219e348575eb80e9a0?s=96&d=mm&r=g","contentUrl":"https:\/\/secure.gravatar.com\/avatar\/37d968a2e67a6fd04c169c4bdef102d0bc5d31b2546345219e348575eb80e9a0?s=96&d=mm&r=g","caption":"redazione"},"sameAs":["http:\/\/www.bellunopress.it","https:\/\/x.com\/bellunopress"],"url":"https:\/\/www.bellunopress.it\/fr\/author\/redazione\/"}]}},"_links":{"self":[{"href":"https:\/\/www.bellunopress.it\/fr\/wp-json\/wp\/v2\/posts\/1045","targetHints":{"allow":["GET"]}}],"collection":[{"href":"https:\/\/www.bellunopress.it\/fr\/wp-json\/wp\/v2\/posts"}],"about":[{"href":"https:\/\/www.bellunopress.it\/fr\/wp-json\/wp\/v2\/types\/post"}],"author":[{"embeddable":true,"href":"https:\/\/www.bellunopress.it\/fr\/wp-json\/wp\/v2\/users\/2"}],"replies":[{"embeddable":true,"href":"https:\/\/www.bellunopress.it\/fr\/wp-json\/wp\/v2\/comments?post=1045"}],"version-history":[{"count":1,"href":"https:\/\/www.bellunopress.it\/fr\/wp-json\/wp\/v2\/posts\/1045\/revisions"}],"predecessor-version":[{"id":1047,"href":"https:\/\/www.bellunopress.it\/fr\/wp-json\/wp\/v2\/posts\/1045\/revisions\/1047"}],"wp:attachment":[{"href":"https:\/\/www.bellunopress.it\/fr\/wp-json\/wp\/v2\/media?parent=1045"}],"wp:term":[{"taxonomy":"category","embeddable":true,"href":"https:\/\/www.bellunopress.it\/fr\/wp-json\/wp\/v2\/categories?post=1045"},{"taxonomy":"post_tag","embeddable":true,"href":"https:\/\/www.bellunopress.it\/fr\/wp-json\/wp\/v2\/tags?post=1045"}],"curies":[{"name":"wp","href":"https:\/\/api.w.org\/{rel}","templated":true}]}}