{"id":104492,"date":"2019-05-14T10:26:44","date_gmt":"2019-05-14T08:26:44","guid":{"rendered":"http:\/\/www.bellunopress.it\/?p=104492"},"modified":"2019-05-14T14:21:09","modified_gmt":"2019-05-14T12:21:09","slug":"sanita-massaro-ricovero-impossibile-per-un-tso-per-effetto-del-taglio-ai-posti-letto","status":"publish","type":"post","link":"https:\/\/www.bellunopress.it\/fr\/2019\/05\/14\/sanita-massaro-ricovero-impossibile-per-un-tso-per-effetto-del-taglio-ai-posti-letto\/","title":{"rendered":"Sanit\u00e0. Massaro: \u00abRicovero impossibile per un Tso per effetto del taglio ai posti letto\u00bb"},"content":{"rendered":"<p><a href=\"http:\/\/www.bellunopress.it\/fr\/2017\/05\/28\/agricoltura-economia-turismo-i-progetti-di-massaro-per-una-belluno-verde\/jacopo-massaro-7\/\" rel=\"attachment wp-att-86735\"><img loading=\"lazy\" decoding=\"async\" class=\"alignleft size-full wp-image-86735\" src=\"http:\/\/www.bellunopress.it\/wp-content\/uploads\/2017\/05\/jacopo-massaro.jpg\" alt=\"\" width=\"207\" height=\"300\" \/><\/a>\u00c8 quasi la mezzanotte di luned\u00ec quando il sindaco di Belluno viene chiamato per effettuare un Trattamento Sanitario Obbligatorio: un&#8217;operazione quasi di routine, che per\u00f2 alle 4 del mattino \u00e8 ancora in corso. Tant&#8217;\u00e8 che\u00a0il sindaco \u00e8 stato presente alle operazioni fino alle 4.30 di questa mattina, quando ancora era in corso la ricerca di un posto in una psichiatria di altro ospedale. In seguito, essendo stati somministrati alla paziente dei farmaci, \u00e8 stato possibile ospitarla temporaneamente in una stanza di emergenza, dove \u00e8 rimasta in attesa dell\u2019uscita dal reparto di un paziente, prevista per oggi.<\/p>\n<p>\u00abNon \u00e8 stato possibile trovare subito un solo posto nelle psichiatrie degli ospedali di Belluno e Feltre per ricoverare la paziente. &#8211; denuncia il sindaco \u2013 Si stanno gi\u00e0 verificando i primi problemi legati al taglio dei posti letto voluto dalla Regione, cos\u00ec come avevamo denunciato: con la riduzione della Psichiatria a Pieve di Cadore e il mancato aumento della disponibilit\u00e0 di letti per lo stesso reparto negli altri ospedali, siamo arrivati al tutto esaurito\u00bb.<\/p>\n<p>Per oltre un&#8217;ora, nel cuore della notte, il primo cittadino, gli operatori sanitari, l&#8217;equipe di Psichiatria e la Polizia di Stato hanno contattato le strutture ospedaliere della regione, da Bassano a Treviso, per individuare una sistemazione in un reparto psichiatrico. Alla fine, intorno alle 4.30, la ricerca si \u00e8 conclusa, con il trasferimento della paziente in uno degli ospedali della pianura veneta.<\/p>\n<p>\u00abNon \u00e8 accettabile che si verifichino situazioni simili. Lo abbiamo gi\u00e0 denunciato come Conferenza dei Sindaci: il taglio dei posti letto negli ospedali bellunesi porta inevitabilmente a disagi e pericoli. Quanto \u00e8 accaduto \u2013 aggiunge il primo cittadino \u2013 \u00e8 la fotografia di quello che sta gi\u00e0 avvenendo per altri reparti che stanno subendo il progressivo smantellamento negli ospedali periferici, con la riduzione dei servizi al territorio e problemi di gestione e \u201csovraffollamento\u201d agli ospedali centrali. Una razionalizzazione pu\u00f2 essere accettabile solo se i posti letto vengono commisurati ai bisogni della popolazione, ma cos\u00ec non \u00e8, e con il taglio previsto si verificheranno molti casi come questo. Si concretizza quello che la Regione ha sempre negato: oggi i cittadini bellunesi sono costretti ad andare fuori dalla propria provincia per ottenere anche cure di routine\u00bb.<\/p>\n<p>\u00abAlcuni effetti delle nuove schede ospedaliere, come la mancata attivazione della chirurgia H24 o della radiologia interventistica, li vedremo in situazioni molto pi\u00f9 gravi, ma i problemi si vedono gi\u00e0 ora con casi quasi ordinari. &#8211; conclude il Sindaco &#8211; Non si pu\u00f2 lasciare una paziente che ha evidentemente bisogno di assistenza psichiatrica senza un ricovero: la Regione riveda al pi\u00f9 presto quanto previsto dalle schede ospedaliere, o il fatto di questa notte da eccezione diventer\u00e0 la regola\u00bb.<\/p>","protected":false},"excerpt":{"rendered":"<p>\u00c8 quasi la mezzanotte di luned\u00ec quando il sindaco di Belluno viene chiamato per effettuare un Trattamento Sanitario Obbligatorio: un&#8217;operazione quasi di routine, che per\u00f2 alle 4 del mattino \u00e8 ancora in corso. Tant&#8217;\u00e8 che\u00a0il sindaco \u00e8 stato presente alle operazioni fino alle 4.30 di questa mattina, quando ancora era in corso la ricerca di [&hellip;]<\/p>\n","protected":false},"author":2,"featured_media":0,"comment_status":"closed","ping_status":"open","sticky":false,"template":"","format":"standard","meta":{"footnotes":""},"categories":[5,26,17],"tags":[],"class_list":["post-104492","post","type-post","status-publish","format-standard","category-cronaca","category-prima-pagina","category-sanita"],"yoast_head":"<!-- This site is optimized with the Yoast SEO plugin v28.4 - https:\/\/yoast.com\/product\/yoast-seo-wordpress\/ -->\n<title>Sanit\u00e0. Massaro: \u00abRicovero impossibile per un Tso per effetto del taglio ai posti letto\u00bb - Bellunopress - Dolomiti<\/title>\n<meta name=\"robots\" content=\"index, follow, max-snippet:-1, max-image-preview:large, max-video-preview:-1\" \/>\n<link rel=\"canonical\" href=\"https:\/\/www.bellunopress.it\/fr\/2019\/05\/14\/sanita-massaro-ricovero-impossibile-per-un-tso-per-effetto-del-taglio-ai-posti-letto\/\" \/>\n<meta property=\"og:locale\" content=\"fr_FR\" \/>\n<meta property=\"og:type\" content=\"article\" \/>\n<meta property=\"og:title\" content=\"Sanit\u00e0. Massaro: \u00abRicovero impossibile per un Tso per effetto del taglio ai posti letto\u00bb - Bellunopress - Dolomiti\" \/>\n<meta property=\"og:description\" content=\"\u00c8 quasi la mezzanotte di luned\u00ec quando il sindaco di Belluno viene chiamato per effettuare un Trattamento Sanitario Obbligatorio: un&#8217;operazione quasi di routine, che per\u00f2 alle 4 del mattino \u00e8 ancora in corso. Tant&#8217;\u00e8 che\u00a0il sindaco \u00e8 stato presente alle operazioni fino alle 4.30 di questa mattina, quando ancora era in corso la ricerca di [&hellip;]\" \/>\n<meta property=\"og:url\" content=\"https:\/\/www.bellunopress.it\/fr\/2019\/05\/14\/sanita-massaro-ricovero-impossibile-per-un-tso-per-effetto-del-taglio-ai-posti-letto\/\" \/>\n<meta property=\"og:site_name\" content=\"Bellunopress - Dolomiti\" \/>\n<meta property=\"article:publisher\" content=\"https:\/\/www.facebook.com\/profile.php?id=100008943462799\" \/>\n<meta property=\"article:published_time\" content=\"2019-05-14T08:26:44+00:00\" \/>\n<meta property=\"article:modified_time\" content=\"2019-05-14T12:21:09+00:00\" \/>\n<meta property=\"og:image\" content=\"http:\/\/www.bellunopress.it\/wp-content\/uploads\/2017\/05\/jacopo-massaro.jpg\" \/>\n<meta name=\"author\" content=\"redazione\" \/>\n<meta name=\"twitter:card\" content=\"summary_large_image\" \/>\n<meta name=\"twitter:creator\" content=\"@bellunopress\" \/>\n<meta name=\"twitter:site\" content=\"@bellunopress\" \/>\n<meta name=\"twitter:label1\" content=\"\u00c9crit par\" \/>\n\t<meta name=\"twitter:data1\" content=\"redazione\" \/>\n\t<meta name=\"twitter:label2\" content=\"Dur\u00e9e de lecture estim\u00e9e\" \/>\n\t<meta name=\"twitter:data2\" content=\"2 minutes\" \/>\n<script type=\"application\/ld+json\" class=\"yoast-schema-graph\">{\"@context\":\"https:\\\/\\\/schema.org\",\"@graph\":[{\"@type\":\"Article\",\"@id\":\"https:\\\/\\\/www.bellunopress.it\\\/2019\\\/05\\\/14\\\/sanita-massaro-ricovero-impossibile-per-un-tso-per-effetto-del-taglio-ai-posti-letto\\\/#article\",\"isPartOf\":{\"@id\":\"https:\\\/\\\/www.bellunopress.it\\\/2019\\\/05\\\/14\\\/sanita-massaro-ricovero-impossibile-per-un-tso-per-effetto-del-taglio-ai-posti-letto\\\/\"},\"author\":{\"name\":\"redazione\",\"@id\":\"https:\\\/\\\/www.bellunopress.it\\\/#\\\/schema\\\/person\\\/79bb06722b37ece1c03d3e94beb30d73\"},\"headline\":\"Sanit\u00e0. Massaro: \u00abRicovero impossibile per un Tso per effetto del taglio ai posti letto\u00bb\",\"datePublished\":\"2019-05-14T08:26:44+00:00\",\"dateModified\":\"2019-05-14T12:21:09+00:00\",\"mainEntityOfPage\":{\"@id\":\"https:\\\/\\\/www.bellunopress.it\\\/2019\\\/05\\\/14\\\/sanita-massaro-ricovero-impossibile-per-un-tso-per-effetto-del-taglio-ai-posti-letto\\\/\"},\"wordCount\":447,\"publisher\":{\"@id\":\"https:\\\/\\\/www.bellunopress.it\\\/#organization\"},\"image\":{\"@id\":\"https:\\\/\\\/www.bellunopress.it\\\/2019\\\/05\\\/14\\\/sanita-massaro-ricovero-impossibile-per-un-tso-per-effetto-del-taglio-ai-posti-letto\\\/#primaryimage\"},\"thumbnailUrl\":\"http:\\\/\\\/www.bellunopress.it\\\/wp-content\\\/uploads\\\/2017\\\/05\\\/jacopo-massaro.jpg\",\"articleSection\":[\"Cronaca\\\/Politica\",\"Prima Pagina\",\"Sanit\u00e0 Medicina\"],\"inLanguage\":\"fr-FR\"},{\"@type\":\"WebPage\",\"@id\":\"https:\\\/\\\/www.bellunopress.it\\\/2019\\\/05\\\/14\\\/sanita-massaro-ricovero-impossibile-per-un-tso-per-effetto-del-taglio-ai-posti-letto\\\/\",\"url\":\"https:\\\/\\\/www.bellunopress.it\\\/2019\\\/05\\\/14\\\/sanita-massaro-ricovero-impossibile-per-un-tso-per-effetto-del-taglio-ai-posti-letto\\\/\",\"name\":\"Sanit\u00e0. Massaro: \u00abRicovero impossibile per un Tso per effetto del taglio ai posti letto\u00bb - Bellunopress - Dolomiti\",\"isPartOf\":{\"@id\":\"https:\\\/\\\/www.bellunopress.it\\\/#website\"},\"primaryImageOfPage\":{\"@id\":\"https:\\\/\\\/www.bellunopress.it\\\/2019\\\/05\\\/14\\\/sanita-massaro-ricovero-impossibile-per-un-tso-per-effetto-del-taglio-ai-posti-letto\\\/#primaryimage\"},\"image\":{\"@id\":\"https:\\\/\\\/www.bellunopress.it\\\/2019\\\/05\\\/14\\\/sanita-massaro-ricovero-impossibile-per-un-tso-per-effetto-del-taglio-ai-posti-letto\\\/#primaryimage\"},\"thumbnailUrl\":\"http:\\\/\\\/www.bellunopress.it\\\/wp-content\\\/uploads\\\/2017\\\/05\\\/jacopo-massaro.jpg\",\"datePublished\":\"2019-05-14T08:26:44+00:00\",\"dateModified\":\"2019-05-14T12:21:09+00:00\",\"breadcrumb\":{\"@id\":\"https:\\\/\\\/www.bellunopress.it\\\/2019\\\/05\\\/14\\\/sanita-massaro-ricovero-impossibile-per-un-tso-per-effetto-del-taglio-ai-posti-letto\\\/#breadcrumb\"},\"inLanguage\":\"fr-FR\",\"potentialAction\":[{\"@type\":\"ReadAction\",\"target\":[\"https:\\\/\\\/www.bellunopress.it\\\/2019\\\/05\\\/14\\\/sanita-massaro-ricovero-impossibile-per-un-tso-per-effetto-del-taglio-ai-posti-letto\\\/\"]}]},{\"@type\":\"ImageObject\",\"inLanguage\":\"fr-FR\",\"@id\":\"https:\\\/\\\/www.bellunopress.it\\\/2019\\\/05\\\/14\\\/sanita-massaro-ricovero-impossibile-per-un-tso-per-effetto-del-taglio-ai-posti-letto\\\/#primaryimage\",\"url\":\"http:\\\/\\\/www.bellunopress.it\\\/wp-content\\\/uploads\\\/2017\\\/05\\\/jacopo-massaro.jpg\",\"contentUrl\":\"http:\\\/\\\/www.bellunopress.it\\\/wp-content\\\/uploads\\\/2017\\\/05\\\/jacopo-massaro.jpg\"},{\"@type\":\"BreadcrumbList\",\"@id\":\"https:\\\/\\\/www.bellunopress.it\\\/2019\\\/05\\\/14\\\/sanita-massaro-ricovero-impossibile-per-un-tso-per-effetto-del-taglio-ai-posti-letto\\\/#breadcrumb\",\"itemListElement\":[{\"@type\":\"ListItem\",\"position\":1,\"name\":\"Home\",\"item\":\"https:\\\/\\\/www.bellunopress.it\\\/\"},{\"@type\":\"ListItem\",\"position\":2,\"name\":\"Sanit\u00e0. Massaro: \u00abRicovero impossibile per un Tso per effetto del taglio ai posti letto\u00bb\"}]},{\"@type\":\"WebSite\",\"@id\":\"https:\\\/\\\/www.bellunopress.it\\\/#website\",\"url\":\"https:\\\/\\\/www.bellunopress.it\\\/\",\"name\":\"Bellunopress - Dolomiti\",\"description\":\"e-mail: redazione@bellunopress.it\",\"publisher\":{\"@id\":\"https:\\\/\\\/www.bellunopress.it\\\/#organization\"},\"potentialAction\":[{\"@type\":\"SearchAction\",\"target\":{\"@type\":\"EntryPoint\",\"urlTemplate\":\"https:\\\/\\\/www.bellunopress.it\\\/?s={search_term_string}\"},\"query-input\":{\"@type\":\"PropertyValueSpecification\",\"valueRequired\":true,\"valueName\":\"search_term_string\"}}],\"inLanguage\":\"fr-FR\"},{\"@type\":\"Organization\",\"@id\":\"https:\\\/\\\/www.bellunopress.it\\\/#organization\",\"name\":\"Bellunopress\",\"url\":\"https:\\\/\\\/www.bellunopress.it\\\/\",\"logo\":{\"@type\":\"ImageObject\",\"inLanguage\":\"fr-FR\",\"@id\":\"https:\\\/\\\/www.bellunopress.it\\\/#\\\/schema\\\/logo\\\/image\\\/\",\"url\":\"https:\\\/\\\/www.bellunopress.it\\\/wp-content\\\/uploads\\\/2011\\\/05\\\/cropped-logo-bellunopress-.jpg\",\"contentUrl\":\"https:\\\/\\\/www.bellunopress.it\\\/wp-content\\\/uploads\\\/2011\\\/05\\\/cropped-logo-bellunopress-.jpg\",\"width\":512,\"height\":512,\"caption\":\"Bellunopress\"},\"image\":{\"@id\":\"https:\\\/\\\/www.bellunopress.it\\\/#\\\/schema\\\/logo\\\/image\\\/\"},\"sameAs\":[\"https:\\\/\\\/www.facebook.com\\\/profile.php?id=100008943462799\",\"https:\\\/\\\/x.com\\\/bellunopress\",\"https:\\\/\\\/www.linkedin.com\\\/hp\\\/?dnr=JBzUWaJfMUw8vbXJJ2tVW5-I3jZKvC4wsoxE&amp;amp;amp;amp;amp;amp;trk=nav_responsive_tab_home\",\"https:\\\/\\\/www.youtube.com\\\/channel\\\/UCxL0wu1uN0_3_7hGG0306cw\"]},{\"@type\":\"Person\",\"@id\":\"https:\\\/\\\/www.bellunopress.it\\\/#\\\/schema\\\/person\\\/79bb06722b37ece1c03d3e94beb30d73\",\"name\":\"redazione\",\"image\":{\"@type\":\"ImageObject\",\"inLanguage\":\"fr-FR\",\"@id\":\"https:\\\/\\\/secure.gravatar.com\\\/avatar\\\/37d968a2e67a6fd04c169c4bdef102d0bc5d31b2546345219e348575eb80e9a0?s=96&d=mm&r=g\",\"url\":\"https:\\\/\\\/secure.gravatar.com\\\/avatar\\\/37d968a2e67a6fd04c169c4bdef102d0bc5d31b2546345219e348575eb80e9a0?s=96&d=mm&r=g\",\"contentUrl\":\"https:\\\/\\\/secure.gravatar.com\\\/avatar\\\/37d968a2e67a6fd04c169c4bdef102d0bc5d31b2546345219e348575eb80e9a0?s=96&d=mm&r=g\",\"caption\":\"redazione\"},\"sameAs\":[\"http:\\\/\\\/www.bellunopress.it\",\"https:\\\/\\\/x.com\\\/bellunopress\"],\"url\":\"https:\\\/\\\/www.bellunopress.it\\\/fr\\\/author\\\/redazione\\\/\"}]}<\/script>\n<!-- \/ Yoast SEO plugin. -->","yoast_head_json":{"title":"Sanit\u00e0. Massaro: \u00abRicovero impossibile per un Tso per effetto del taglio ai posti letto\u00bb - Bellunopress - Dolomiti","robots":{"index":"index","follow":"follow","max-snippet":"max-snippet:-1","max-image-preview":"max-image-preview:large","max-video-preview":"max-video-preview:-1"},"canonical":"https:\/\/www.bellunopress.it\/fr\/2019\/05\/14\/sanita-massaro-ricovero-impossibile-per-un-tso-per-effetto-del-taglio-ai-posti-letto\/","og_locale":"fr_FR","og_type":"article","og_title":"Sanit\u00e0. Massaro: \u00abRicovero impossibile per un Tso per effetto del taglio ai posti letto\u00bb - Bellunopress - Dolomiti","og_description":"\u00c8 quasi la mezzanotte di luned\u00ec quando il sindaco di Belluno viene chiamato per effettuare un Trattamento Sanitario Obbligatorio: un&#8217;operazione quasi di routine, che per\u00f2 alle 4 del mattino \u00e8 ancora in corso. Tant&#8217;\u00e8 che\u00a0il sindaco \u00e8 stato presente alle operazioni fino alle 4.30 di questa mattina, quando ancora era in corso la ricerca di [&hellip;]","og_url":"https:\/\/www.bellunopress.it\/fr\/2019\/05\/14\/sanita-massaro-ricovero-impossibile-per-un-tso-per-effetto-del-taglio-ai-posti-letto\/","og_site_name":"Bellunopress - Dolomiti","article_publisher":"https:\/\/www.facebook.com\/profile.php?id=100008943462799","article_published_time":"2019-05-14T08:26:44+00:00","article_modified_time":"2019-05-14T12:21:09+00:00","og_image":[{"url":"http:\/\/www.bellunopress.it\/wp-content\/uploads\/2017\/05\/jacopo-massaro.jpg","type":"","width":"","height":""}],"author":"redazione","twitter_card":"summary_large_image","twitter_creator":"@bellunopress","twitter_site":"@bellunopress","twitter_misc":{"\u00c9crit par":"redazione","Dur\u00e9e de lecture estim\u00e9e":"2 minutes"},"schema":{"@context":"https:\/\/schema.org","@graph":[{"@type":"Article","@id":"https:\/\/www.bellunopress.it\/2019\/05\/14\/sanita-massaro-ricovero-impossibile-per-un-tso-per-effetto-del-taglio-ai-posti-letto\/#article","isPartOf":{"@id":"https:\/\/www.bellunopress.it\/2019\/05\/14\/sanita-massaro-ricovero-impossibile-per-un-tso-per-effetto-del-taglio-ai-posti-letto\/"},"author":{"name":"redazione","@id":"https:\/\/www.bellunopress.it\/#\/schema\/person\/79bb06722b37ece1c03d3e94beb30d73"},"headline":"Sanit\u00e0. Massaro: \u00abRicovero impossibile per un Tso per effetto del taglio ai posti letto\u00bb","datePublished":"2019-05-14T08:26:44+00:00","dateModified":"2019-05-14T12:21:09+00:00","mainEntityOfPage":{"@id":"https:\/\/www.bellunopress.it\/2019\/05\/14\/sanita-massaro-ricovero-impossibile-per-un-tso-per-effetto-del-taglio-ai-posti-letto\/"},"wordCount":447,"publisher":{"@id":"https:\/\/www.bellunopress.it\/#organization"},"image":{"@id":"https:\/\/www.bellunopress.it\/2019\/05\/14\/sanita-massaro-ricovero-impossibile-per-un-tso-per-effetto-del-taglio-ai-posti-letto\/#primaryimage"},"thumbnailUrl":"http:\/\/www.bellunopress.it\/wp-content\/uploads\/2017\/05\/jacopo-massaro.jpg","articleSection":["Cronaca\/Politica","Prima Pagina","Sanit\u00e0 Medicina"],"inLanguage":"fr-FR"},{"@type":"WebPage","@id":"https:\/\/www.bellunopress.it\/2019\/05\/14\/sanita-massaro-ricovero-impossibile-per-un-tso-per-effetto-del-taglio-ai-posti-letto\/","url":"https:\/\/www.bellunopress.it\/2019\/05\/14\/sanita-massaro-ricovero-impossibile-per-un-tso-per-effetto-del-taglio-ai-posti-letto\/","name":"Sanit\u00e0. Massaro: \u00abRicovero impossibile per un Tso per effetto del taglio ai posti letto\u00bb - Bellunopress - Dolomiti","isPartOf":{"@id":"https:\/\/www.bellunopress.it\/#website"},"primaryImageOfPage":{"@id":"https:\/\/www.bellunopress.it\/2019\/05\/14\/sanita-massaro-ricovero-impossibile-per-un-tso-per-effetto-del-taglio-ai-posti-letto\/#primaryimage"},"image":{"@id":"https:\/\/www.bellunopress.it\/2019\/05\/14\/sanita-massaro-ricovero-impossibile-per-un-tso-per-effetto-del-taglio-ai-posti-letto\/#primaryimage"},"thumbnailUrl":"http:\/\/www.bellunopress.it\/wp-content\/uploads\/2017\/05\/jacopo-massaro.jpg","datePublished":"2019-05-14T08:26:44+00:00","dateModified":"2019-05-14T12:21:09+00:00","breadcrumb":{"@id":"https:\/\/www.bellunopress.it\/2019\/05\/14\/sanita-massaro-ricovero-impossibile-per-un-tso-per-effetto-del-taglio-ai-posti-letto\/#breadcrumb"},"inLanguage":"fr-FR","potentialAction":[{"@type":"ReadAction","target":["https:\/\/www.bellunopress.it\/2019\/05\/14\/sanita-massaro-ricovero-impossibile-per-un-tso-per-effetto-del-taglio-ai-posti-letto\/"]}]},{"@type":"ImageObject","inLanguage":"fr-FR","@id":"https:\/\/www.bellunopress.it\/2019\/05\/14\/sanita-massaro-ricovero-impossibile-per-un-tso-per-effetto-del-taglio-ai-posti-letto\/#primaryimage","url":"http:\/\/www.bellunopress.it\/wp-content\/uploads\/2017\/05\/jacopo-massaro.jpg","contentUrl":"http:\/\/www.bellunopress.it\/wp-content\/uploads\/2017\/05\/jacopo-massaro.jpg"},{"@type":"BreadcrumbList","@id":"https:\/\/www.bellunopress.it\/2019\/05\/14\/sanita-massaro-ricovero-impossibile-per-un-tso-per-effetto-del-taglio-ai-posti-letto\/#breadcrumb","itemListElement":[{"@type":"ListItem","position":1,"name":"Home","item":"https:\/\/www.bellunopress.it\/"},{"@type":"ListItem","position":2,"name":"Sanit\u00e0. Massaro: \u00abRicovero impossibile per un Tso per effetto del taglio ai posti letto\u00bb"}]},{"@type":"WebSite","@id":"https:\/\/www.bellunopress.it\/#website","url":"https:\/\/www.bellunopress.it\/","name":"Bellunopress - Dolomiti","description":"e-mail: redazione@bellunopress.it","publisher":{"@id":"https:\/\/www.bellunopress.it\/#organization"},"potentialAction":[{"@type":"SearchAction","target":{"@type":"EntryPoint","urlTemplate":"https:\/\/www.bellunopress.it\/?s={search_term_string}"},"query-input":{"@type":"PropertyValueSpecification","valueRequired":true,"valueName":"search_term_string"}}],"inLanguage":"fr-FR"},{"@type":"Organization","@id":"https:\/\/www.bellunopress.it\/#organization","name":"Bellunopress","url":"https:\/\/www.bellunopress.it\/","logo":{"@type":"ImageObject","inLanguage":"fr-FR","@id":"https:\/\/www.bellunopress.it\/#\/schema\/logo\/image\/","url":"https:\/\/www.bellunopress.it\/wp-content\/uploads\/2011\/05\/cropped-logo-bellunopress-.jpg","contentUrl":"https:\/\/www.bellunopress.it\/wp-content\/uploads\/2011\/05\/cropped-logo-bellunopress-.jpg","width":512,"height":512,"caption":"Bellunopress"},"image":{"@id":"https:\/\/www.bellunopress.it\/#\/schema\/logo\/image\/"},"sameAs":["https:\/\/www.facebook.com\/profile.php?id=100008943462799","https:\/\/x.com\/bellunopress","https:\/\/www.linkedin.com\/hp\/?dnr=JBzUWaJfMUw8vbXJJ2tVW5-I3jZKvC4wsoxE&amp;amp;amp;amp;amp;amp;trk=nav_responsive_tab_home","https:\/\/www.youtube.com\/channel\/UCxL0wu1uN0_3_7hGG0306cw"]},{"@type":"Person","@id":"https:\/\/www.bellunopress.it\/#\/schema\/person\/79bb06722b37ece1c03d3e94beb30d73","name":"r\u00e9daction","image":{"@type":"ImageObject","inLanguage":"fr-FR","@id":"https:\/\/secure.gravatar.com\/avatar\/37d968a2e67a6fd04c169c4bdef102d0bc5d31b2546345219e348575eb80e9a0?s=96&d=mm&r=g","url":"https:\/\/secure.gravatar.com\/avatar\/37d968a2e67a6fd04c169c4bdef102d0bc5d31b2546345219e348575eb80e9a0?s=96&d=mm&r=g","contentUrl":"https:\/\/secure.gravatar.com\/avatar\/37d968a2e67a6fd04c169c4bdef102d0bc5d31b2546345219e348575eb80e9a0?s=96&d=mm&r=g","caption":"redazione"},"sameAs":["http:\/\/www.bellunopress.it","https:\/\/x.com\/bellunopress"],"url":"https:\/\/www.bellunopress.it\/fr\/author\/redazione\/"}]}},"_links":{"self":[{"href":"https:\/\/www.bellunopress.it\/fr\/wp-json\/wp\/v2\/posts\/104492","targetHints":{"allow":["GET"]}}],"collection":[{"href":"https:\/\/www.bellunopress.it\/fr\/wp-json\/wp\/v2\/posts"}],"about":[{"href":"https:\/\/www.bellunopress.it\/fr\/wp-json\/wp\/v2\/types\/post"}],"author":[{"embeddable":true,"href":"https:\/\/www.bellunopress.it\/fr\/wp-json\/wp\/v2\/users\/2"}],"replies":[{"embeddable":true,"href":"https:\/\/www.bellunopress.it\/fr\/wp-json\/wp\/v2\/comments?post=104492"}],"version-history":[{"count":3,"href":"https:\/\/www.bellunopress.it\/fr\/wp-json\/wp\/v2\/posts\/104492\/revisions"}],"predecessor-version":[{"id":104499,"href":"https:\/\/www.bellunopress.it\/fr\/wp-json\/wp\/v2\/posts\/104492\/revisions\/104499"}],"wp:attachment":[{"href":"https:\/\/www.bellunopress.it\/fr\/wp-json\/wp\/v2\/media?parent=104492"}],"wp:term":[{"taxonomy":"category","embeddable":true,"href":"https:\/\/www.bellunopress.it\/fr\/wp-json\/wp\/v2\/categories?post=104492"},{"taxonomy":"post_tag","embeddable":true,"href":"https:\/\/www.bellunopress.it\/fr\/wp-json\/wp\/v2\/tags?post=104492"}],"curies":[{"name":"wp","href":"https:\/\/api.w.org\/{rel}","templated":true}]}}