{"id":104484,"date":"2019-05-14T09:19:11","date_gmt":"2019-05-14T07:19:11","guid":{"rendered":"http:\/\/www.bellunopress.it\/?p=104484"},"modified":"2019-05-14T09:19:11","modified_gmt":"2019-05-14T07:19:11","slug":"torna-il-far-west-delle-centraline-80-nuovi-progetti-pronti-a-partire-nel-solo-bellunese-e-centinaia-su-tutte-le-alpi-e-gli-appennini","status":"publish","type":"post","link":"https:\/\/www.bellunopress.it\/fr\/2019\/05\/14\/torna-il-far-west-delle-centraline-80-nuovi-progetti-pronti-a-partire-nel-solo-bellunese-e-centinaia-su-tutte-le-alpi-e-gli-appennini\/","title":{"rendered":"Torna il Far West delle centraline: 80 nuovi progetti pronti a partire nel solo Bellunese. E\u00a0centinaia su tutte le Alpi e gli Appennini"},"content":{"rendered":"<p><strong><a href=\"http:\/\/www.bellunopress.it\/fr\/2019\/03\/30\/impianto-idroelettrico-sul-torrente-liera-a-canale-dagordo-nove-associazioni-dicono-no\/italia-nostra\/\" rel=\"attachment wp-att-103319\"><img loading=\"lazy\" decoding=\"async\" class=\"alignleft size-full wp-image-103319\" src=\"http:\/\/www.bellunopress.it\/wp-content\/uploads\/2019\/03\/italia-nostra.jpg\" alt=\"\" width=\"215\" height=\"135\" \/><\/a>I ministri Di Maio e Costa cedono alle pressioni delle lobbie e della Lega e sono sul\u00a0punto di reintrodurre l\u2019incentivo all\u2019idroelettrico.\u00a0Il governo intende ripristinare gli incentivi al mini-idroelettrico: per il Coordinamento nazionale tutela\u00a0fiumi si mettono cos\u00ec in pericolo gli ultimi torrenti naturali in nome di interessi privati e di una\u00a0produzione energetica trascurabile.<\/strong><\/p>\n<p>Pare proprio che anche sul fronte della tutela dei corsi d&#8217;acqua naturali non ci sar\u00e0 il cambiamento promesso e\u00a0che il &#8220;Far West&#8221; delle centraline &#8211; cos\u00ec lo aveva definito il deputato bellunese 5 Stelle Federico D&#8217;Inc\u00e0 &#8211; non\u00a0finir\u00e0. Apprendiamo dai media nonch\u00e9 dai contatti intercorsi con i competenti uffici ministeriali che i ministri\u00a0M5Stelle Di Maio e Costa, cedendo alle pressioni delle lobbie e della Lega, stanno per ripristinare proprio\u00a0quegli incentivi al mini-idroelettrico che loro stessi avevano abolito. Incentivi che hanno causato, negli ultimi\u00a0dieci anni, la devastazione di moltissimi corsi d&#8217;acqua naturali e di interi ecosistemi sulle Alpi e sugli Appennini.<br \/>\nSi parla, solo nel Bellunese, di circa 80 nuovi progetti per fare energia che di &#8220;verde&#8221; ha ben poco.<br \/>\nEsultano i produttori, per lo pi\u00f9 societ\u00e0 private a cui vengono dati soldi pubblici, pagati in bolletta dai cittadini.<br \/>\nNegli stessi giorni, per\u00f2, le stesse associazioni di produttori chiedono &#8220;lo stato di calamit\u00e0 naturale&#8221; per\u00a0gli impianti esistenti, in quanto la siccit\u00e0 ha diminuito le produzioni. Afferma Assoidroelettrica in una lettera\u00a0indirizzata ai Ministri Di Maio e Costa: \u00abSono passati quei tempi in cui idroelettrico era sinonimo di guadagni\u00a0anche significativi. In pochi anni i numeri in gioco si sono letteralmente stravolti\u00bb.<br \/>\n<a href=\"http:\/\/www.bellunopress.it\/fr\/2019\/05\/14\/torna-il-far-west-delle-centraline-80-nuovi-progetti-pronti-a-partire-nel-solo-bellunese-e-centinaia-su-tutte-le-alpi-e-gli-appennini\/free-rivers\/\" rel=\"attachment wp-att-104485\"><img loading=\"lazy\" decoding=\"async\" class=\"alignleft size-full wp-image-104485\" src=\"http:\/\/www.bellunopress.it\/wp-content\/uploads\/2019\/05\/Free-Rivers.jpg\" alt=\"\" width=\"272\" height=\"185\" \/><\/a>Il Coordinamento Nazionale Tutela Fiumi &#8211; Free Rivers Italia, che riunisce oltre cinquanta tra comitati e\u00a0associazioni sulle Alpi e gli Appennini, fa notare che il mini-idroelettrico, oltre ad avere un impatto devastante\u00a0sugli ultimi torrenti ancora liberi, d\u00e0 pure un contributo trascurabile al fabbisogno energetico nazionale. E\u00a0riceve oltre un miliardo di Euro di incentivi all&#8217;anno. Secondo il Gestore Servizi Energetici (la societ\u00e0 che per\u00a0conto del Ministero dello Sviluppo Economico distribuisce gli incentivi), dal 2014 la produzione di energia\u00a0idroelettrica \u00e8 in calo. Nel 2017, in particolare, \u00e8 diminuita nonostante nel 2016 siano entrati in funzione 538\u00a0nuovi impianti. Ci\u00f2 \u00e8 dovuto a fattori meteorologici: sono gli effetti del cambiamento climatico e le previsioni<br \/>\nfuture suggeriscono che questa sar\u00e0 la tendenza.<br \/>\nMa va evidenziato che, anche in presenza di precipitazioni pi\u00f9 abbondanti e costanti, la produzione delle\u00a0piccole centraline, le uniche per cui c&#8217;\u00e8 ancora spazio, resta trascurabile. E n on solo la fonte idroelettrica in\u00a0Italia \u00e8 oramai ipersfruttata, ma gli impianti di piccola dimensione risultano anche assai pi\u00f9 costosi di altre fonti\u00a0rinnovabili, come riportato nella Strategia Energetica Nazionale.<br \/>\nAlla luce dei danni ambientali, l&#8217;Europa ha aperto una procedura di infrazione per il mancato rispetto della\u00a0Direttiva Quadro Acque nei processi autorizzativi degli impianti. Questo \u00e8 stato dimostrato anche da alcune\u00a0sentenze della Corte di Cassazione a Sezioni Unite: solo per fare due esempi, a dicembre 2018 per due\u00a0torrenti del Bellunese, il Grisol e il Talagona, il giudice supremo ha dato ragione a chi si opponeva alla\u00a0costruzione di impianti in questi corsi d&#8217;acqua naturali, autorizzati in violazione della normativa.<br \/>\nLa realizzazione di nuove opere potrebbe dunque portare a una sanzione europea. Incentivando nuove\u00a0centraline anche sui torrenti naturali, si rischierebbe quindi di dover far pagare due volte i cittadini, prima per\u00a0gli incentivi, poi per un&#8217;eventuale infrazione comunitaria. Oltre il danno, la beffa. Vallate alpine e appenniniche integre potrebbero invece rappresentare il fulcro di nuove attivit\u00e0 economiche,\u00a0per lo sviluppo di un turismo lento e sostenibile, legato agli sport di acqua viva, sempre pi\u00f9 apprezzati e\u00a0ricercati. Vanno inoltre considerati i servizi ecosistemici, ovvero i vantaggi che la natura, in quanto tale,\u00a0fornisce gratuitamente all&#8217;uomo e che bisognerebbe quantificare in termini monetari.<br \/>\nMa oggi, con l&#8217;annunciata reintroduzione dell&#8217;incentivo all\u2019idroelettrico, la tutela degli ultimi corsi d\u2019acqua integri\u00a0nel nostro Paese rischia di essere compromessa, con l&#8217;aggravante che rispetto alla bozza Calenda del\u00a0precedente governo, le tariffe in decreto sono state addirittura aumentate.<\/p>\n<p>Il report GSE si pu\u00f2 scaricare al seguente link: si veda in particolare il grafico a p. 73<br \/>\n<a href=\"https:\/\/www.gse.it\/documenti_site\/Documenti%20GSE\/Rapporti%20statistici\/Rapporto%20Statistico%20FER%202017.pdf\">https:\/\/www.gse.it\/documenti_site\/Documenti%20GSE\/Rapporti%20statistici\/Rapporto%20Statistico%20FER%202017.pdf<\/a><\/p>","protected":false},"excerpt":{"rendered":"<p>I ministri Di Maio e Costa cedono alle pressioni delle lobbie e della Lega e sono sul\u00a0punto di reintrodurre l\u2019incentivo all\u2019idroelettrico.\u00a0Il governo intende ripristinare gli incentivi al mini-idroelettrico: per il Coordinamento nazionale tutela\u00a0fiumi si mettono cos\u00ec in pericolo gli ultimi torrenti naturali in nome di interessi privati e di una\u00a0produzione energetica trascurabile. Pare proprio che [&hellip;]<\/p>\n","protected":false},"author":2,"featured_media":0,"comment_status":"closed","ping_status":"open","sticky":false,"template":"","format":"standard","meta":{"footnotes":""},"categories":[3368,38,8],"tags":[],"class_list":["post-104484","post","type-post","status-publish","format-standard","category-cahiers-de-doleances","category-natura-ambiente","category-societa-istituzioni"],"yoast_head":"<!-- This site is optimized with the Yoast SEO plugin v28.4 - https:\/\/yoast.com\/product\/yoast-seo-wordpress\/ -->\n<title>Torna il Far West delle centraline: 80 nuovi progetti pronti a partire nel solo Bellunese. E\u00a0centinaia su tutte le Alpi e gli Appennini - Bellunopress - Dolomiti<\/title>\n<meta name=\"robots\" content=\"index, follow, max-snippet:-1, max-image-preview:large, max-video-preview:-1\" \/>\n<link rel=\"canonical\" href=\"https:\/\/www.bellunopress.it\/fr\/2019\/05\/14\/torna-il-far-west-delle-centraline-80-nuovi-progetti-pronti-a-partire-nel-solo-bellunese-e-centinaia-su-tutte-le-alpi-e-gli-appennini\/\" \/>\n<meta property=\"og:locale\" content=\"fr_FR\" \/>\n<meta property=\"og:type\" content=\"article\" \/>\n<meta property=\"og:title\" content=\"Torna il Far West delle centraline: 80 nuovi progetti pronti a partire nel solo Bellunese. E\u00a0centinaia su tutte le Alpi e gli Appennini - Bellunopress - Dolomiti\" \/>\n<meta property=\"og:description\" content=\"I ministri Di Maio e Costa cedono alle pressioni delle lobbie e della Lega e sono sul\u00a0punto di reintrodurre l\u2019incentivo all\u2019idroelettrico.\u00a0Il governo intende ripristinare gli incentivi al mini-idroelettrico: per il Coordinamento nazionale tutela\u00a0fiumi si mettono cos\u00ec in pericolo gli ultimi torrenti naturali in nome di interessi privati e di una\u00a0produzione energetica trascurabile. Pare proprio che [&hellip;]\" \/>\n<meta property=\"og:url\" content=\"https:\/\/www.bellunopress.it\/fr\/2019\/05\/14\/torna-il-far-west-delle-centraline-80-nuovi-progetti-pronti-a-partire-nel-solo-bellunese-e-centinaia-su-tutte-le-alpi-e-gli-appennini\/\" \/>\n<meta property=\"og:site_name\" content=\"Bellunopress - Dolomiti\" \/>\n<meta property=\"article:publisher\" content=\"https:\/\/www.facebook.com\/profile.php?id=100008943462799\" \/>\n<meta property=\"article:published_time\" content=\"2019-05-14T07:19:11+00:00\" \/>\n<meta property=\"og:image\" content=\"http:\/\/www.bellunopress.it\/wp-content\/uploads\/2019\/03\/italia-nostra.jpg\" \/>\n<meta name=\"author\" content=\"redazione\" \/>\n<meta name=\"twitter:card\" content=\"summary_large_image\" \/>\n<meta name=\"twitter:creator\" content=\"@bellunopress\" \/>\n<meta name=\"twitter:site\" content=\"@bellunopress\" \/>\n<meta name=\"twitter:label1\" content=\"\u00c9crit par\" \/>\n\t<meta name=\"twitter:data1\" content=\"redazione\" \/>\n\t<meta name=\"twitter:label2\" content=\"Dur\u00e9e de lecture estim\u00e9e\" \/>\n\t<meta name=\"twitter:data2\" content=\"3 minutes\" \/>\n<script type=\"application\/ld+json\" class=\"yoast-schema-graph\">{\"@context\":\"https:\\\/\\\/schema.org\",\"@graph\":[{\"@type\":\"Article\",\"@id\":\"https:\\\/\\\/www.bellunopress.it\\\/2019\\\/05\\\/14\\\/torna-il-far-west-delle-centraline-80-nuovi-progetti-pronti-a-partire-nel-solo-bellunese-e-centinaia-su-tutte-le-alpi-e-gli-appennini\\\/#article\",\"isPartOf\":{\"@id\":\"https:\\\/\\\/www.bellunopress.it\\\/2019\\\/05\\\/14\\\/torna-il-far-west-delle-centraline-80-nuovi-progetti-pronti-a-partire-nel-solo-bellunese-e-centinaia-su-tutte-le-alpi-e-gli-appennini\\\/\"},\"author\":{\"name\":\"redazione\",\"@id\":\"https:\\\/\\\/www.bellunopress.it\\\/#\\\/schema\\\/person\\\/79bb06722b37ece1c03d3e94beb30d73\"},\"headline\":\"Torna il Far West delle centraline: 80 nuovi progetti pronti a partire nel solo Bellunese. E\u00a0centinaia su tutte le Alpi e gli Appennini\",\"datePublished\":\"2019-05-14T07:19:11+00:00\",\"mainEntityOfPage\":{\"@id\":\"https:\\\/\\\/www.bellunopress.it\\\/2019\\\/05\\\/14\\\/torna-il-far-west-delle-centraline-80-nuovi-progetti-pronti-a-partire-nel-solo-bellunese-e-centinaia-su-tutte-le-alpi-e-gli-appennini\\\/\"},\"wordCount\":727,\"publisher\":{\"@id\":\"https:\\\/\\\/www.bellunopress.it\\\/#organization\"},\"image\":{\"@id\":\"https:\\\/\\\/www.bellunopress.it\\\/2019\\\/05\\\/14\\\/torna-il-far-west-delle-centraline-80-nuovi-progetti-pronti-a-partire-nel-solo-bellunese-e-centinaia-su-tutte-le-alpi-e-gli-appennini\\\/#primaryimage\"},\"thumbnailUrl\":\"http:\\\/\\\/www.bellunopress.it\\\/wp-content\\\/uploads\\\/2019\\\/03\\\/italia-nostra.jpg\",\"articleSection\":[\"Cahiers de dol\u00e9ances\",\"Meteo, natura, ambiente, animali\",\"Societ\u00e0, Associazioni, Istituzioni\"],\"inLanguage\":\"fr-FR\"},{\"@type\":\"WebPage\",\"@id\":\"https:\\\/\\\/www.bellunopress.it\\\/2019\\\/05\\\/14\\\/torna-il-far-west-delle-centraline-80-nuovi-progetti-pronti-a-partire-nel-solo-bellunese-e-centinaia-su-tutte-le-alpi-e-gli-appennini\\\/\",\"url\":\"https:\\\/\\\/www.bellunopress.it\\\/2019\\\/05\\\/14\\\/torna-il-far-west-delle-centraline-80-nuovi-progetti-pronti-a-partire-nel-solo-bellunese-e-centinaia-su-tutte-le-alpi-e-gli-appennini\\\/\",\"name\":\"Torna il Far West delle centraline: 80 nuovi progetti pronti a partire nel solo Bellunese. E\u00a0centinaia su tutte le Alpi e gli Appennini - Bellunopress - Dolomiti\",\"isPartOf\":{\"@id\":\"https:\\\/\\\/www.bellunopress.it\\\/#website\"},\"primaryImageOfPage\":{\"@id\":\"https:\\\/\\\/www.bellunopress.it\\\/2019\\\/05\\\/14\\\/torna-il-far-west-delle-centraline-80-nuovi-progetti-pronti-a-partire-nel-solo-bellunese-e-centinaia-su-tutte-le-alpi-e-gli-appennini\\\/#primaryimage\"},\"image\":{\"@id\":\"https:\\\/\\\/www.bellunopress.it\\\/2019\\\/05\\\/14\\\/torna-il-far-west-delle-centraline-80-nuovi-progetti-pronti-a-partire-nel-solo-bellunese-e-centinaia-su-tutte-le-alpi-e-gli-appennini\\\/#primaryimage\"},\"thumbnailUrl\":\"http:\\\/\\\/www.bellunopress.it\\\/wp-content\\\/uploads\\\/2019\\\/03\\\/italia-nostra.jpg\",\"datePublished\":\"2019-05-14T07:19:11+00:00\",\"breadcrumb\":{\"@id\":\"https:\\\/\\\/www.bellunopress.it\\\/2019\\\/05\\\/14\\\/torna-il-far-west-delle-centraline-80-nuovi-progetti-pronti-a-partire-nel-solo-bellunese-e-centinaia-su-tutte-le-alpi-e-gli-appennini\\\/#breadcrumb\"},\"inLanguage\":\"fr-FR\",\"potentialAction\":[{\"@type\":\"ReadAction\",\"target\":[\"https:\\\/\\\/www.bellunopress.it\\\/2019\\\/05\\\/14\\\/torna-il-far-west-delle-centraline-80-nuovi-progetti-pronti-a-partire-nel-solo-bellunese-e-centinaia-su-tutte-le-alpi-e-gli-appennini\\\/\"]}]},{\"@type\":\"ImageObject\",\"inLanguage\":\"fr-FR\",\"@id\":\"https:\\\/\\\/www.bellunopress.it\\\/2019\\\/05\\\/14\\\/torna-il-far-west-delle-centraline-80-nuovi-progetti-pronti-a-partire-nel-solo-bellunese-e-centinaia-su-tutte-le-alpi-e-gli-appennini\\\/#primaryimage\",\"url\":\"http:\\\/\\\/www.bellunopress.it\\\/wp-content\\\/uploads\\\/2019\\\/03\\\/italia-nostra.jpg\",\"contentUrl\":\"http:\\\/\\\/www.bellunopress.it\\\/wp-content\\\/uploads\\\/2019\\\/03\\\/italia-nostra.jpg\"},{\"@type\":\"BreadcrumbList\",\"@id\":\"https:\\\/\\\/www.bellunopress.it\\\/2019\\\/05\\\/14\\\/torna-il-far-west-delle-centraline-80-nuovi-progetti-pronti-a-partire-nel-solo-bellunese-e-centinaia-su-tutte-le-alpi-e-gli-appennini\\\/#breadcrumb\",\"itemListElement\":[{\"@type\":\"ListItem\",\"position\":1,\"name\":\"Home\",\"item\":\"https:\\\/\\\/www.bellunopress.it\\\/\"},{\"@type\":\"ListItem\",\"position\":2,\"name\":\"Torna il Far West delle centraline: 80 nuovi progetti pronti a partire nel solo Bellunese. E\u00a0centinaia su tutte le Alpi e gli Appennini\"}]},{\"@type\":\"WebSite\",\"@id\":\"https:\\\/\\\/www.bellunopress.it\\\/#website\",\"url\":\"https:\\\/\\\/www.bellunopress.it\\\/\",\"name\":\"Bellunopress - Dolomiti\",\"description\":\"e-mail: redazione@bellunopress.it\",\"publisher\":{\"@id\":\"https:\\\/\\\/www.bellunopress.it\\\/#organization\"},\"potentialAction\":[{\"@type\":\"SearchAction\",\"target\":{\"@type\":\"EntryPoint\",\"urlTemplate\":\"https:\\\/\\\/www.bellunopress.it\\\/?s={search_term_string}\"},\"query-input\":{\"@type\":\"PropertyValueSpecification\",\"valueRequired\":true,\"valueName\":\"search_term_string\"}}],\"inLanguage\":\"fr-FR\"},{\"@type\":\"Organization\",\"@id\":\"https:\\\/\\\/www.bellunopress.it\\\/#organization\",\"name\":\"Bellunopress\",\"url\":\"https:\\\/\\\/www.bellunopress.it\\\/\",\"logo\":{\"@type\":\"ImageObject\",\"inLanguage\":\"fr-FR\",\"@id\":\"https:\\\/\\\/www.bellunopress.it\\\/#\\\/schema\\\/logo\\\/image\\\/\",\"url\":\"https:\\\/\\\/www.bellunopress.it\\\/wp-content\\\/uploads\\\/2011\\\/05\\\/cropped-logo-bellunopress-.jpg\",\"contentUrl\":\"https:\\\/\\\/www.bellunopress.it\\\/wp-content\\\/uploads\\\/2011\\\/05\\\/cropped-logo-bellunopress-.jpg\",\"width\":512,\"height\":512,\"caption\":\"Bellunopress\"},\"image\":{\"@id\":\"https:\\\/\\\/www.bellunopress.it\\\/#\\\/schema\\\/logo\\\/image\\\/\"},\"sameAs\":[\"https:\\\/\\\/www.facebook.com\\\/profile.php?id=100008943462799\",\"https:\\\/\\\/x.com\\\/bellunopress\",\"https:\\\/\\\/www.linkedin.com\\\/hp\\\/?dnr=JBzUWaJfMUw8vbXJJ2tVW5-I3jZKvC4wsoxE&amp;amp;amp;amp;amp;amp;trk=nav_responsive_tab_home\",\"https:\\\/\\\/www.youtube.com\\\/channel\\\/UCxL0wu1uN0_3_7hGG0306cw\"]},{\"@type\":\"Person\",\"@id\":\"https:\\\/\\\/www.bellunopress.it\\\/#\\\/schema\\\/person\\\/79bb06722b37ece1c03d3e94beb30d73\",\"name\":\"redazione\",\"image\":{\"@type\":\"ImageObject\",\"inLanguage\":\"fr-FR\",\"@id\":\"https:\\\/\\\/secure.gravatar.com\\\/avatar\\\/37d968a2e67a6fd04c169c4bdef102d0bc5d31b2546345219e348575eb80e9a0?s=96&d=mm&r=g\",\"url\":\"https:\\\/\\\/secure.gravatar.com\\\/avatar\\\/37d968a2e67a6fd04c169c4bdef102d0bc5d31b2546345219e348575eb80e9a0?s=96&d=mm&r=g\",\"contentUrl\":\"https:\\\/\\\/secure.gravatar.com\\\/avatar\\\/37d968a2e67a6fd04c169c4bdef102d0bc5d31b2546345219e348575eb80e9a0?s=96&d=mm&r=g\",\"caption\":\"redazione\"},\"sameAs\":[\"http:\\\/\\\/www.bellunopress.it\",\"https:\\\/\\\/x.com\\\/bellunopress\"],\"url\":\"https:\\\/\\\/www.bellunopress.it\\\/fr\\\/author\\\/redazione\\\/\"}]}<\/script>\n<!-- \/ Yoast SEO plugin. -->","yoast_head_json":{"title":"Torna il Far West delle centraline: 80 nuovi progetti pronti a partire nel solo Bellunese. E\u00a0centinaia su tutte le Alpi e gli Appennini - Bellunopress - Dolomiti","robots":{"index":"index","follow":"follow","max-snippet":"max-snippet:-1","max-image-preview":"max-image-preview:large","max-video-preview":"max-video-preview:-1"},"canonical":"https:\/\/www.bellunopress.it\/fr\/2019\/05\/14\/torna-il-far-west-delle-centraline-80-nuovi-progetti-pronti-a-partire-nel-solo-bellunese-e-centinaia-su-tutte-le-alpi-e-gli-appennini\/","og_locale":"fr_FR","og_type":"article","og_title":"Torna il Far West delle centraline: 80 nuovi progetti pronti a partire nel solo Bellunese. E\u00a0centinaia su tutte le Alpi e gli Appennini - Bellunopress - Dolomiti","og_description":"I ministri Di Maio e Costa cedono alle pressioni delle lobbie e della Lega e sono sul\u00a0punto di reintrodurre l\u2019incentivo all\u2019idroelettrico.\u00a0Il governo intende ripristinare gli incentivi al mini-idroelettrico: per il Coordinamento nazionale tutela\u00a0fiumi si mettono cos\u00ec in pericolo gli ultimi torrenti naturali in nome di interessi privati e di una\u00a0produzione energetica trascurabile. Pare proprio che [&hellip;]","og_url":"https:\/\/www.bellunopress.it\/fr\/2019\/05\/14\/torna-il-far-west-delle-centraline-80-nuovi-progetti-pronti-a-partire-nel-solo-bellunese-e-centinaia-su-tutte-le-alpi-e-gli-appennini\/","og_site_name":"Bellunopress - Dolomiti","article_publisher":"https:\/\/www.facebook.com\/profile.php?id=100008943462799","article_published_time":"2019-05-14T07:19:11+00:00","og_image":[{"url":"http:\/\/www.bellunopress.it\/wp-content\/uploads\/2019\/03\/italia-nostra.jpg","type":"","width":"","height":""}],"author":"redazione","twitter_card":"summary_large_image","twitter_creator":"@bellunopress","twitter_site":"@bellunopress","twitter_misc":{"\u00c9crit par":"redazione","Dur\u00e9e de lecture estim\u00e9e":"3 minutes"},"schema":{"@context":"https:\/\/schema.org","@graph":[{"@type":"Article","@id":"https:\/\/www.bellunopress.it\/2019\/05\/14\/torna-il-far-west-delle-centraline-80-nuovi-progetti-pronti-a-partire-nel-solo-bellunese-e-centinaia-su-tutte-le-alpi-e-gli-appennini\/#article","isPartOf":{"@id":"https:\/\/www.bellunopress.it\/2019\/05\/14\/torna-il-far-west-delle-centraline-80-nuovi-progetti-pronti-a-partire-nel-solo-bellunese-e-centinaia-su-tutte-le-alpi-e-gli-appennini\/"},"author":{"name":"redazione","@id":"https:\/\/www.bellunopress.it\/#\/schema\/person\/79bb06722b37ece1c03d3e94beb30d73"},"headline":"Torna il Far West delle centraline: 80 nuovi progetti pronti a partire nel solo Bellunese. E\u00a0centinaia su tutte le Alpi e gli Appennini","datePublished":"2019-05-14T07:19:11+00:00","mainEntityOfPage":{"@id":"https:\/\/www.bellunopress.it\/2019\/05\/14\/torna-il-far-west-delle-centraline-80-nuovi-progetti-pronti-a-partire-nel-solo-bellunese-e-centinaia-su-tutte-le-alpi-e-gli-appennini\/"},"wordCount":727,"publisher":{"@id":"https:\/\/www.bellunopress.it\/#organization"},"image":{"@id":"https:\/\/www.bellunopress.it\/2019\/05\/14\/torna-il-far-west-delle-centraline-80-nuovi-progetti-pronti-a-partire-nel-solo-bellunese-e-centinaia-su-tutte-le-alpi-e-gli-appennini\/#primaryimage"},"thumbnailUrl":"http:\/\/www.bellunopress.it\/wp-content\/uploads\/2019\/03\/italia-nostra.jpg","articleSection":["Cahiers de dol\u00e9ances","Meteo, natura, ambiente, animali","Societ\u00e0, Associazioni, Istituzioni"],"inLanguage":"fr-FR"},{"@type":"WebPage","@id":"https:\/\/www.bellunopress.it\/2019\/05\/14\/torna-il-far-west-delle-centraline-80-nuovi-progetti-pronti-a-partire-nel-solo-bellunese-e-centinaia-su-tutte-le-alpi-e-gli-appennini\/","url":"https:\/\/www.bellunopress.it\/2019\/05\/14\/torna-il-far-west-delle-centraline-80-nuovi-progetti-pronti-a-partire-nel-solo-bellunese-e-centinaia-su-tutte-le-alpi-e-gli-appennini\/","name":"Torna il Far West delle centraline: 80 nuovi progetti pronti a partire nel solo Bellunese. E\u00a0centinaia su tutte le Alpi e gli Appennini - Bellunopress - Dolomiti","isPartOf":{"@id":"https:\/\/www.bellunopress.it\/#website"},"primaryImageOfPage":{"@id":"https:\/\/www.bellunopress.it\/2019\/05\/14\/torna-il-far-west-delle-centraline-80-nuovi-progetti-pronti-a-partire-nel-solo-bellunese-e-centinaia-su-tutte-le-alpi-e-gli-appennini\/#primaryimage"},"image":{"@id":"https:\/\/www.bellunopress.it\/2019\/05\/14\/torna-il-far-west-delle-centraline-80-nuovi-progetti-pronti-a-partire-nel-solo-bellunese-e-centinaia-su-tutte-le-alpi-e-gli-appennini\/#primaryimage"},"thumbnailUrl":"http:\/\/www.bellunopress.it\/wp-content\/uploads\/2019\/03\/italia-nostra.jpg","datePublished":"2019-05-14T07:19:11+00:00","breadcrumb":{"@id":"https:\/\/www.bellunopress.it\/2019\/05\/14\/torna-il-far-west-delle-centraline-80-nuovi-progetti-pronti-a-partire-nel-solo-bellunese-e-centinaia-su-tutte-le-alpi-e-gli-appennini\/#breadcrumb"},"inLanguage":"fr-FR","potentialAction":[{"@type":"ReadAction","target":["https:\/\/www.bellunopress.it\/2019\/05\/14\/torna-il-far-west-delle-centraline-80-nuovi-progetti-pronti-a-partire-nel-solo-bellunese-e-centinaia-su-tutte-le-alpi-e-gli-appennini\/"]}]},{"@type":"ImageObject","inLanguage":"fr-FR","@id":"https:\/\/www.bellunopress.it\/2019\/05\/14\/torna-il-far-west-delle-centraline-80-nuovi-progetti-pronti-a-partire-nel-solo-bellunese-e-centinaia-su-tutte-le-alpi-e-gli-appennini\/#primaryimage","url":"http:\/\/www.bellunopress.it\/wp-content\/uploads\/2019\/03\/italia-nostra.jpg","contentUrl":"http:\/\/www.bellunopress.it\/wp-content\/uploads\/2019\/03\/italia-nostra.jpg"},{"@type":"BreadcrumbList","@id":"https:\/\/www.bellunopress.it\/2019\/05\/14\/torna-il-far-west-delle-centraline-80-nuovi-progetti-pronti-a-partire-nel-solo-bellunese-e-centinaia-su-tutte-le-alpi-e-gli-appennini\/#breadcrumb","itemListElement":[{"@type":"ListItem","position":1,"name":"Home","item":"https:\/\/www.bellunopress.it\/"},{"@type":"ListItem","position":2,"name":"Torna il Far West delle centraline: 80 nuovi progetti pronti a partire nel solo Bellunese. E\u00a0centinaia su tutte le Alpi e gli Appennini"}]},{"@type":"WebSite","@id":"https:\/\/www.bellunopress.it\/#website","url":"https:\/\/www.bellunopress.it\/","name":"Bellunopress - Dolomiti","description":"e-mail: redazione@bellunopress.it","publisher":{"@id":"https:\/\/www.bellunopress.it\/#organization"},"potentialAction":[{"@type":"SearchAction","target":{"@type":"EntryPoint","urlTemplate":"https:\/\/www.bellunopress.it\/?s={search_term_string}"},"query-input":{"@type":"PropertyValueSpecification","valueRequired":true,"valueName":"search_term_string"}}],"inLanguage":"fr-FR"},{"@type":"Organization","@id":"https:\/\/www.bellunopress.it\/#organization","name":"Bellunopress","url":"https:\/\/www.bellunopress.it\/","logo":{"@type":"ImageObject","inLanguage":"fr-FR","@id":"https:\/\/www.bellunopress.it\/#\/schema\/logo\/image\/","url":"https:\/\/www.bellunopress.it\/wp-content\/uploads\/2011\/05\/cropped-logo-bellunopress-.jpg","contentUrl":"https:\/\/www.bellunopress.it\/wp-content\/uploads\/2011\/05\/cropped-logo-bellunopress-.jpg","width":512,"height":512,"caption":"Bellunopress"},"image":{"@id":"https:\/\/www.bellunopress.it\/#\/schema\/logo\/image\/"},"sameAs":["https:\/\/www.facebook.com\/profile.php?id=100008943462799","https:\/\/x.com\/bellunopress","https:\/\/www.linkedin.com\/hp\/?dnr=JBzUWaJfMUw8vbXJJ2tVW5-I3jZKvC4wsoxE&amp;amp;amp;amp;amp;amp;trk=nav_responsive_tab_home","https:\/\/www.youtube.com\/channel\/UCxL0wu1uN0_3_7hGG0306cw"]},{"@type":"Person","@id":"https:\/\/www.bellunopress.it\/#\/schema\/person\/79bb06722b37ece1c03d3e94beb30d73","name":"r\u00e9daction","image":{"@type":"ImageObject","inLanguage":"fr-FR","@id":"https:\/\/secure.gravatar.com\/avatar\/37d968a2e67a6fd04c169c4bdef102d0bc5d31b2546345219e348575eb80e9a0?s=96&d=mm&r=g","url":"https:\/\/secure.gravatar.com\/avatar\/37d968a2e67a6fd04c169c4bdef102d0bc5d31b2546345219e348575eb80e9a0?s=96&d=mm&r=g","contentUrl":"https:\/\/secure.gravatar.com\/avatar\/37d968a2e67a6fd04c169c4bdef102d0bc5d31b2546345219e348575eb80e9a0?s=96&d=mm&r=g","caption":"redazione"},"sameAs":["http:\/\/www.bellunopress.it","https:\/\/x.com\/bellunopress"],"url":"https:\/\/www.bellunopress.it\/fr\/author\/redazione\/"}]}},"_links":{"self":[{"href":"https:\/\/www.bellunopress.it\/fr\/wp-json\/wp\/v2\/posts\/104484","targetHints":{"allow":["GET"]}}],"collection":[{"href":"https:\/\/www.bellunopress.it\/fr\/wp-json\/wp\/v2\/posts"}],"about":[{"href":"https:\/\/www.bellunopress.it\/fr\/wp-json\/wp\/v2\/types\/post"}],"author":[{"embeddable":true,"href":"https:\/\/www.bellunopress.it\/fr\/wp-json\/wp\/v2\/users\/2"}],"replies":[{"embeddable":true,"href":"https:\/\/www.bellunopress.it\/fr\/wp-json\/wp\/v2\/comments?post=104484"}],"version-history":[{"count":2,"href":"https:\/\/www.bellunopress.it\/fr\/wp-json\/wp\/v2\/posts\/104484\/revisions"}],"predecessor-version":[{"id":104487,"href":"https:\/\/www.bellunopress.it\/fr\/wp-json\/wp\/v2\/posts\/104484\/revisions\/104487"}],"wp:attachment":[{"href":"https:\/\/www.bellunopress.it\/fr\/wp-json\/wp\/v2\/media?parent=104484"}],"wp:term":[{"taxonomy":"category","embeddable":true,"href":"https:\/\/www.bellunopress.it\/fr\/wp-json\/wp\/v2\/categories?post=104484"},{"taxonomy":"post_tag","embeddable":true,"href":"https:\/\/www.bellunopress.it\/fr\/wp-json\/wp\/v2\/tags?post=104484"}],"curies":[{"name":"wp","href":"https:\/\/api.w.org\/{rel}","templated":true}]}}