{"id":104478,"date":"2019-05-13T21:36:09","date_gmt":"2019-05-13T19:36:09","guid":{"rendered":"http:\/\/www.bellunopress.it\/?p=104478"},"modified":"2019-05-13T21:37:15","modified_gmt":"2019-05-13T19:37:15","slug":"corri-feltre-presentata-la-20-edizione-della-corsa-di-solidarieta-e-salute-un-unico-evento-domenica-19-maggio","status":"publish","type":"post","link":"https:\/\/www.bellunopress.it\/fr\/2019\/05\/13\/corri-feltre-presentata-la-20-edizione-della-corsa-di-solidarieta-e-salute-un-unico-evento-domenica-19-maggio\/","title":{"rendered":"Corri Feltre. Presentata la 20^ edizione della corsa di solidariet\u00e0 e salute. Un unico evento domenica 19 maggio"},"content":{"rendered":"<p><a href=\"http:\/\/www.bellunopress.it\/fr\/2014\/05\/18\/in-mille-alla-corri-feltre-vincono-a-pari-merito-said-boudalia-e-marco-spada-tra-le-donne-francesca-iachemet-vincono-la-prova-sui-10-chilometri-della-corri-feltre-ma-la-vittoria-piu-bella-e-per-la\/corri-feltre\/\" rel=\"attachment wp-att-58761\"><img loading=\"lazy\" decoding=\"async\" class=\"alignleft size-full wp-image-58761\" src=\"http:\/\/www.bellunopress.it\/wp-content\/uploads\/2014\/05\/corri-feltre.jpg\" alt=\"\" width=\"270\" height=\"127\" \/><\/a>Luned\u00ec sera nella Sala degli Stemmi del Comune di Feltre \u00e8 stata presentata la 20^ edizione della Corri Feltre, corsa competitiva e passeggiata\/camminata ludico motoria organizzate dal Comune di Feltre con la collaborazione dell&#8217;Associazione Giro delle Mura &#8220;Citta\u0300 di Feltre&#8221;, l&#8217;ULSS 1 Dolomiti e C.S.I. La corsa competitiva e passeggiata\/camminata ludico motoria si articoleranno su due distinti percorsi di 5 km e 10,5 km, parzialmente chiusi al traffico, con partenza da Campo Giorgio e arrivo al Palaghiaccio.<\/p>\n<p>Alla presentazione hanno portato i loro saluti il sindaco di Feltre Paolo Perenzin, il direttore sanitario dell&#8217;ULSS Giovanni Pittoni, la responsabile dell&#8217;attivit\u00e0 motoria Nicoletta De Marzo, Claudio Dalla Palma per il Provveditorato agli studi e per il Coni, Gigi De Col per il Csi, Fabio Reveane per il Rotary Club, e Franco Magrin per i Vigili del Fuoco.<\/p>\n<p>Quest&#8217;anno la Corri Feltre si tinge di rosa per il passaggio del Giro D&#8217;Italia, 5 o 10,5 chilometri, correndo o camminando insieme, piccoli e grandi, per una giornata di benessere e allegria. La Corri Feltre, arrivata alla sua 20\u00b0 edizione, \u00e8 abbinata per il 7\u00b0 anno alla &#8220;Festa della salute&#8221; promossa dall&#8217;Ulss 1 Dolomiti, al fine di stimolare la cittadinanza a prendersi cura in modo attivo ad informato della propria salute, di incentivare la pratica dell&#8217;attivit\u00e0 fisica, di consolidare il rapporto con le associazioni di volontariato e di aumentare la consapevolezza dell&#8217;importanza di uno stile di vita salutare ed etico.<\/p>\n<p>Al Palaghiaccio di Feltre, sar\u00e0 allestita l&#8217;esposizione dei lavori realizzati nelle scuole delle provincia durante l&#8217;anno scolastico sul tema dell&#8217;educazione e promozione alla salute con la guida del Dipartimento di Prevenzione dell&#8217;Ulss Dolomiti.<br \/>\nAnche il mondo del volontariato di ambito socio sanitario, risorsa insostituibile, parteciper\u00e0 con entusiasmo e generosit\u00e0 alla Festa della Salute attraverso una presenza attiva al Palaghiaccio. Saranno presenti con i loro volontari per incontrare e informare i bambini, le famiglie e gli atleti che parteciperanno alla corsa, al fine di testimoniare e sensibilizzare a prendersi cura collettivamente della salute. Primari, medici e infermieri dell&#8217;ospedale di Feltre accoglieranno i partecipanti insieme alle associazioni di riferimento per le varie unit\u00e0 operative e sono a disposizione per soddisfare le curiosi.<\/p>\n<p>Al termine della presentazione Piero Slongo, presidente dell&#8217;Associazione Giro delle Mura ha premiato i bambini del Concorso &#8220;Disegna un logo per il Giro&#8221;. Il disegno pi\u00f9 votato dalla giuria \u00e8 stato quello di Lisa De Rocco di Nemeggio, seconda si \u00e8 classificata Arianna Secco, mentre terza \u00e8 Alessia Vettorel.<\/p>\n<p><strong><a href=\"http:\/\/www.bellunopress.it\/fr\/2015\/05\/10\/in-milleduecento-domenica-mattina-alla-15ma-edizione-della-corri-feltre-gabriele-de-nard-e-silvia-gavarretti-i-piu-veloci\/corri-feltre-2015\/\" rel=\"attachment wp-att-68616\"><img loading=\"lazy\" decoding=\"async\" class=\"alignleft size-full wp-image-68616\" src=\"http:\/\/www.bellunopress.it\/wp-content\/uploads\/2015\/05\/corri-feltre-2015.jpg\" alt=\"\" width=\"300\" height=\"201\" \/><\/a>Una Festa della Salute in rosa<\/strong><br \/>\nTorna domenica 19 maggio la manifestazione abbinata per il 7 anno alla Corrifeltre e promossa dall&#8217;Ulss 1 Dolomiti, al fine di stimolare la cittadinanza a prendersi cura in modo attivo ad informato della propria salute, di incentivare la pratica dell&#8217;attivit\u00e0 fisica, di consolidare il rapporto con le associazioni di volontariato e di aumentare la consapevolezza dell&#8217;importanza di uno stile di vita salutare ed etico.<br \/>\nIn onore del passaggio del Giro d&#8217;Italia, gli ospiti del Centro Diurno &#8220;Le Casette&#8221; del Distretto di Feltre hanno realizzato delle sagome di bambini con delle maglie rosa dove hanno dipinto a mano i loghi delle pi\u00f9 importanti manifestazioni sportive del Feltrino e, sul retro, la data dell&#8217;evento. Il colorato girotondo, che parte con una bicicletta, \u00e8 stato esposto in questi giorni in ospedale, oggi e domani \u00e8 nel Treno della Salute a Belluno e sar\u00e0 visibile domenica al palaghiaccio.<\/p>\n<p><strong>Le premiazioni dei progetti di educazione alla salute<\/strong><br \/>\nCome di consueto, un momento molto atteso \u00e8 quello delle premiazioni dei migliori elaborati creati all&#8217;interno dei progetti, promossi nelle scuole di ogni ordine e grado del feltrino, dalla UO Attivit\u00e0 motoria e promozione della salute del Dipartimento di Prevenzione dell&#8217;ulss Dolomiti. I bambini\/ragazzi che hanno aderito ad almeno uno dei progetti proposti nell&#8217;anno scolastico 2018-2019 sono circa 9.000 suddivisi tra scuole dell&#8217;infanzia, scuole primarie, e scuole secondarie. Tutti i lavori realizzati saranno esposti durante la mattinata al Palaghiaccio in una mostra carica di creativit\u00e0 e messaggi significativi. Quest&#8217;anno sono state sperimentare nuove modalit\u00e0 di supporto, di accompagnamento e di dialogo con i ragazzi e le loro famiglie, per favorire esperienze che hanno generato effettivi cambiamenti di atteggiamento o di comportamento e che consolidato di stili di vita salutari per aiutare i bambini e ragazzi ad essere protagonisti delle scelte di salute personali e collettive. In particolare, quest&#8217;anno, \u00e8 stato sviluppato un progetto sui giardini delle scuole per incentivare la creazione di spazi adatti all&#8217;attivit\u00e0 fisica e alle pause attive.<br \/>\nL&#8217;Ulss Dolomiti, inoltre, ha donato l&#8217;iscrizione alla corsa a tutti i bambini e i ragazzi che hanno aderito al progetto &#8220;mangio sano corro lontano&#8221; e si sono impegnati durante l&#8217;anno scolastico. Tutte le scuole sono invitate a partecipare alla corsa, coinvolgendo nonni zii e amici, sfidandosi per la costruzione del gruppo partecipante pi\u00f9 numeroso.<\/p>\n<p><strong>Le unit\u00e0 operative e le associazioni<\/strong><br \/>\nIl mondo del volontariato di ambito socio sanitario, risorsa insostituibile, parteciper\u00e0 con entusiasmo e generosit\u00e0 alla Festa della Salute attraverso una presenza attiva al Palaghiaccio Le associazioni saranno presenti con i loro volontari per incontrare e informare i bambini, le famiglie e gli atleti che parteciperanno alla corsa, al fine di testimoniare e sensibilizzare a prendersi cura collettivamente della salute. Primari, medici e infermieri dell&#8217;ospedale di Feltre accoglieranno i partecipanti insieme alle associazioni di riferimento per le varie unit\u00e0 operative e sono a disposizione per soddisfare le curiosit\u00e0. Quest&#8217;anno gli allestimenti degli stand saranno ispirati al Giro d&#8217;Italia.<\/p>\n<p>Le associazioni che hanno aderito sono:<br \/>\nADOS Ass.ne Donne Operate al Seno<br \/>\nAFDVS Ass.ne feltrina donatori volontari sangue<br \/>\nAIDO Ass.ne italiana donazione organi, tessuti e cellule<br \/>\nAIL Ass.ne italiana contro la leucemia<br \/>\nAIPD Ass.ne italiana persone down<br \/>\nAMA Ass.ne auto mutuo aiuto<br \/>\nARIANNA IL FILO DELLA SOLIDARIETA&#8217; Ass.ne per la prevenzione e cura malattie apparato digerente<br \/>\nASS. MANO AMICA<br \/>\nASS. MARGHERITA Ass.ne familiari di persone affette da disturbi del comportamento alimentare<br \/>\nASS.NE BELLUNO DONNA Ass.ne per il contrasto alla violenza di genere, sensibilizzazione e prevenzione del fenomeno della violenza su donne\/bambine\/i<br \/>\nASS.NE FELTRINA AMICI DEL CUORE Ass.ne per il sostegno alla cardiologia feltrino e prevenzione delle malattie cardiovascolari<br \/>\nA.V.O. Ass.ne volontari ospedalieri Feltre<br \/>\nCOORDINAMENTO TRAPIANTI<br \/>\nC.R.I. Croce Rossa italiana \u2013 Feltre<br \/>\nDAFNE Ass.ne per la promozione, tuela diritti dei minori e contrasto e prevenzione delle violenze<br \/>\nDOTT. CLOWN<br \/>\nNOI CON VOI Ass.ne per il contrasto del disagio sociale di persone e famiglie in difficolt\u00e0<br \/>\nSOCCORSO ALPINO Dolomiti Bellunesi \u2013 stazione di Feltre (esercitazione in Pr\u00e0 del Moro)<br \/>\nVOL.A. Ass.ne volontari ambulanza<br \/>\nUISP comitato terr.le Treviso Unione italiana sport per tutti<br \/>\nA.G.D. Ass.ne giovani diabetici Belluno Feltre<br \/>\nACAT Ass.ne club alcologici territoriali<br \/>\nLA MONGOLFIERA DI GIORGIA<br \/>\nASS.NE CRI DU CHAT Ass.ne malattie rare Belluno<br \/>\nA.I.S. Ass.ne incontinenti stomizzati<br \/>\nLILT Lega italiana per la lotta contro i tumori \u2013 Belluno<\/p>","protected":false},"excerpt":{"rendered":"<p>Luned\u00ec sera nella Sala degli Stemmi del Comune di Feltre \u00e8 stata presentata la 20^ edizione della Corri Feltre, corsa competitiva e passeggiata\/camminata ludico motoria organizzate dal Comune di Feltre con la collaborazione dell&#8217;Associazione Giro delle Mura &#8220;Citta\u0300 di Feltre&#8221;, l&#8217;ULSS 1 Dolomiti e C.S.I. La corsa competitiva e passeggiata\/camminata ludico motoria si articoleranno su [&hellip;]<\/p>\n","protected":false},"author":2,"featured_media":0,"comment_status":"closed","ping_status":"open","sticky":false,"template":"","format":"standard","meta":{"footnotes":""},"categories":[26,8,4],"tags":[],"class_list":["post-104478","post","type-post","status-publish","format-standard","category-prima-pagina","category-societa-istituzioni","category-sport"],"yoast_head":"<!-- This site is optimized with the Yoast SEO plugin v28.4 - https:\/\/yoast.com\/product\/yoast-seo-wordpress\/ -->\n<title>Corri Feltre. Presentata la 20^ edizione della corsa di solidariet\u00e0 e salute. Un unico evento domenica 19 maggio - Bellunopress - Dolomiti<\/title>\n<meta name=\"robots\" content=\"index, follow, max-snippet:-1, max-image-preview:large, max-video-preview:-1\" \/>\n<link rel=\"canonical\" href=\"https:\/\/www.bellunopress.it\/fr\/2019\/05\/13\/corri-feltre-presentata-la-20-edizione-della-corsa-di-solidarieta-e-salute-un-unico-evento-domenica-19-maggio\/\" \/>\n<meta property=\"og:locale\" content=\"fr_FR\" \/>\n<meta property=\"og:type\" content=\"article\" \/>\n<meta property=\"og:title\" content=\"Corri Feltre. Presentata la 20^ edizione della corsa di solidariet\u00e0 e salute. Un unico evento domenica 19 maggio - Bellunopress - Dolomiti\" \/>\n<meta property=\"og:description\" content=\"Luned\u00ec sera nella Sala degli Stemmi del Comune di Feltre \u00e8 stata presentata la 20^ edizione della Corri Feltre, corsa competitiva e passeggiata\/camminata ludico motoria organizzate dal Comune di Feltre con la collaborazione dell&#8217;Associazione Giro delle Mura &#8220;Citta\u0300 di Feltre&#8221;, l&#8217;ULSS 1 Dolomiti e C.S.I. La corsa competitiva e passeggiata\/camminata ludico motoria si articoleranno su [&hellip;]\" \/>\n<meta property=\"og:url\" content=\"https:\/\/www.bellunopress.it\/fr\/2019\/05\/13\/corri-feltre-presentata-la-20-edizione-della-corsa-di-solidarieta-e-salute-un-unico-evento-domenica-19-maggio\/\" \/>\n<meta property=\"og:site_name\" content=\"Bellunopress - Dolomiti\" \/>\n<meta property=\"article:publisher\" content=\"https:\/\/www.facebook.com\/profile.php?id=100008943462799\" \/>\n<meta property=\"article:published_time\" content=\"2019-05-13T19:36:09+00:00\" \/>\n<meta property=\"article:modified_time\" content=\"2019-05-13T19:37:15+00:00\" \/>\n<meta property=\"og:image\" content=\"http:\/\/www.bellunopress.it\/wp-content\/uploads\/2014\/05\/corri-feltre.jpg\" \/>\n<meta name=\"author\" content=\"redazione\" \/>\n<meta name=\"twitter:card\" content=\"summary_large_image\" \/>\n<meta name=\"twitter:creator\" content=\"@bellunopress\" \/>\n<meta name=\"twitter:site\" content=\"@bellunopress\" \/>\n<meta name=\"twitter:label1\" content=\"Written by\" \/>\n\t<meta name=\"twitter:data1\" content=\"redazione\" \/>\n\t<meta name=\"twitter:label2\" content=\"Est. reading time\" \/>\n\t<meta name=\"twitter:data2\" content=\"6 minutes\" \/>\n<script type=\"application\/ld+json\" class=\"yoast-schema-graph\">{\"@context\":\"https:\\\/\\\/schema.org\",\"@graph\":[{\"@type\":\"Article\",\"@id\":\"https:\\\/\\\/www.bellunopress.it\\\/2019\\\/05\\\/13\\\/corri-feltre-presentata-la-20-edizione-della-corsa-di-solidarieta-e-salute-un-unico-evento-domenica-19-maggio\\\/#article\",\"isPartOf\":{\"@id\":\"https:\\\/\\\/www.bellunopress.it\\\/2019\\\/05\\\/13\\\/corri-feltre-presentata-la-20-edizione-della-corsa-di-solidarieta-e-salute-un-unico-evento-domenica-19-maggio\\\/\"},\"author\":{\"name\":\"redazione\",\"@id\":\"https:\\\/\\\/www.bellunopress.it\\\/#\\\/schema\\\/person\\\/79bb06722b37ece1c03d3e94beb30d73\"},\"headline\":\"Corri Feltre. Presentata la 20^ edizione della corsa di solidariet\u00e0 e salute. Un unico evento domenica 19 maggio\",\"datePublished\":\"2019-05-13T19:36:09+00:00\",\"dateModified\":\"2019-05-13T19:37:15+00:00\",\"mainEntityOfPage\":{\"@id\":\"https:\\\/\\\/www.bellunopress.it\\\/2019\\\/05\\\/13\\\/corri-feltre-presentata-la-20-edizione-della-corsa-di-solidarieta-e-salute-un-unico-evento-domenica-19-maggio\\\/\"},\"wordCount\":1170,\"publisher\":{\"@id\":\"https:\\\/\\\/www.bellunopress.it\\\/#organization\"},\"image\":{\"@id\":\"https:\\\/\\\/www.bellunopress.it\\\/2019\\\/05\\\/13\\\/corri-feltre-presentata-la-20-edizione-della-corsa-di-solidarieta-e-salute-un-unico-evento-domenica-19-maggio\\\/#primaryimage\"},\"thumbnailUrl\":\"http:\\\/\\\/www.bellunopress.it\\\/wp-content\\\/uploads\\\/2014\\\/05\\\/corri-feltre.jpg\",\"articleSection\":[\"Prima Pagina\",\"Societ\u00e0, Associazioni, Istituzioni\",\"Sport, tempo libero\"],\"inLanguage\":\"fr-FR\"},{\"@type\":\"WebPage\",\"@id\":\"https:\\\/\\\/www.bellunopress.it\\\/2019\\\/05\\\/13\\\/corri-feltre-presentata-la-20-edizione-della-corsa-di-solidarieta-e-salute-un-unico-evento-domenica-19-maggio\\\/\",\"url\":\"https:\\\/\\\/www.bellunopress.it\\\/2019\\\/05\\\/13\\\/corri-feltre-presentata-la-20-edizione-della-corsa-di-solidarieta-e-salute-un-unico-evento-domenica-19-maggio\\\/\",\"name\":\"Corri Feltre. Presentata la 20^ edizione della corsa di solidariet\u00e0 e salute. Un unico evento domenica 19 maggio - Bellunopress - Dolomiti\",\"isPartOf\":{\"@id\":\"https:\\\/\\\/www.bellunopress.it\\\/#website\"},\"primaryImageOfPage\":{\"@id\":\"https:\\\/\\\/www.bellunopress.it\\\/2019\\\/05\\\/13\\\/corri-feltre-presentata-la-20-edizione-della-corsa-di-solidarieta-e-salute-un-unico-evento-domenica-19-maggio\\\/#primaryimage\"},\"image\":{\"@id\":\"https:\\\/\\\/www.bellunopress.it\\\/2019\\\/05\\\/13\\\/corri-feltre-presentata-la-20-edizione-della-corsa-di-solidarieta-e-salute-un-unico-evento-domenica-19-maggio\\\/#primaryimage\"},\"thumbnailUrl\":\"http:\\\/\\\/www.bellunopress.it\\\/wp-content\\\/uploads\\\/2014\\\/05\\\/corri-feltre.jpg\",\"datePublished\":\"2019-05-13T19:36:09+00:00\",\"dateModified\":\"2019-05-13T19:37:15+00:00\",\"breadcrumb\":{\"@id\":\"https:\\\/\\\/www.bellunopress.it\\\/2019\\\/05\\\/13\\\/corri-feltre-presentata-la-20-edizione-della-corsa-di-solidarieta-e-salute-un-unico-evento-domenica-19-maggio\\\/#breadcrumb\"},\"inLanguage\":\"fr-FR\",\"potentialAction\":[{\"@type\":\"ReadAction\",\"target\":[\"https:\\\/\\\/www.bellunopress.it\\\/2019\\\/05\\\/13\\\/corri-feltre-presentata-la-20-edizione-della-corsa-di-solidarieta-e-salute-un-unico-evento-domenica-19-maggio\\\/\"]}]},{\"@type\":\"ImageObject\",\"inLanguage\":\"fr-FR\",\"@id\":\"https:\\\/\\\/www.bellunopress.it\\\/2019\\\/05\\\/13\\\/corri-feltre-presentata-la-20-edizione-della-corsa-di-solidarieta-e-salute-un-unico-evento-domenica-19-maggio\\\/#primaryimage\",\"url\":\"http:\\\/\\\/www.bellunopress.it\\\/wp-content\\\/uploads\\\/2014\\\/05\\\/corri-feltre.jpg\",\"contentUrl\":\"http:\\\/\\\/www.bellunopress.it\\\/wp-content\\\/uploads\\\/2014\\\/05\\\/corri-feltre.jpg\"},{\"@type\":\"BreadcrumbList\",\"@id\":\"https:\\\/\\\/www.bellunopress.it\\\/2019\\\/05\\\/13\\\/corri-feltre-presentata-la-20-edizione-della-corsa-di-solidarieta-e-salute-un-unico-evento-domenica-19-maggio\\\/#breadcrumb\",\"itemListElement\":[{\"@type\":\"ListItem\",\"position\":1,\"name\":\"Home\",\"item\":\"https:\\\/\\\/www.bellunopress.it\\\/\"},{\"@type\":\"ListItem\",\"position\":2,\"name\":\"Corri Feltre. Presentata la 20^ edizione della corsa di solidariet\u00e0 e salute. Un unico evento domenica 19 maggio\"}]},{\"@type\":\"WebSite\",\"@id\":\"https:\\\/\\\/www.bellunopress.it\\\/#website\",\"url\":\"https:\\\/\\\/www.bellunopress.it\\\/\",\"name\":\"Bellunopress - Dolomiti\",\"description\":\"e-mail: redazione@bellunopress.it\",\"publisher\":{\"@id\":\"https:\\\/\\\/www.bellunopress.it\\\/#organization\"},\"potentialAction\":[{\"@type\":\"SearchAction\",\"target\":{\"@type\":\"EntryPoint\",\"urlTemplate\":\"https:\\\/\\\/www.bellunopress.it\\\/?s={search_term_string}\"},\"query-input\":{\"@type\":\"PropertyValueSpecification\",\"valueRequired\":true,\"valueName\":\"search_term_string\"}}],\"inLanguage\":\"fr-FR\"},{\"@type\":\"Organization\",\"@id\":\"https:\\\/\\\/www.bellunopress.it\\\/#organization\",\"name\":\"Bellunopress\",\"url\":\"https:\\\/\\\/www.bellunopress.it\\\/\",\"logo\":{\"@type\":\"ImageObject\",\"inLanguage\":\"fr-FR\",\"@id\":\"https:\\\/\\\/www.bellunopress.it\\\/#\\\/schema\\\/logo\\\/image\\\/\",\"url\":\"https:\\\/\\\/www.bellunopress.it\\\/wp-content\\\/uploads\\\/2011\\\/05\\\/cropped-logo-bellunopress-.jpg\",\"contentUrl\":\"https:\\\/\\\/www.bellunopress.it\\\/wp-content\\\/uploads\\\/2011\\\/05\\\/cropped-logo-bellunopress-.jpg\",\"width\":512,\"height\":512,\"caption\":\"Bellunopress\"},\"image\":{\"@id\":\"https:\\\/\\\/www.bellunopress.it\\\/#\\\/schema\\\/logo\\\/image\\\/\"},\"sameAs\":[\"https:\\\/\\\/www.facebook.com\\\/profile.php?id=100008943462799\",\"https:\\\/\\\/x.com\\\/bellunopress\",\"https:\\\/\\\/www.linkedin.com\\\/hp\\\/?dnr=JBzUWaJfMUw8vbXJJ2tVW5-I3jZKvC4wsoxE&amp;amp;amp;amp;amp;amp;trk=nav_responsive_tab_home\",\"https:\\\/\\\/www.youtube.com\\\/channel\\\/UCxL0wu1uN0_3_7hGG0306cw\"]},{\"@type\":\"Person\",\"@id\":\"https:\\\/\\\/www.bellunopress.it\\\/#\\\/schema\\\/person\\\/79bb06722b37ece1c03d3e94beb30d73\",\"name\":\"redazione\",\"image\":{\"@type\":\"ImageObject\",\"inLanguage\":\"fr-FR\",\"@id\":\"https:\\\/\\\/secure.gravatar.com\\\/avatar\\\/37d968a2e67a6fd04c169c4bdef102d0bc5d31b2546345219e348575eb80e9a0?s=96&d=mm&r=g\",\"url\":\"https:\\\/\\\/secure.gravatar.com\\\/avatar\\\/37d968a2e67a6fd04c169c4bdef102d0bc5d31b2546345219e348575eb80e9a0?s=96&d=mm&r=g\",\"contentUrl\":\"https:\\\/\\\/secure.gravatar.com\\\/avatar\\\/37d968a2e67a6fd04c169c4bdef102d0bc5d31b2546345219e348575eb80e9a0?s=96&d=mm&r=g\",\"caption\":\"redazione\"},\"sameAs\":[\"http:\\\/\\\/www.bellunopress.it\",\"https:\\\/\\\/x.com\\\/bellunopress\"],\"url\":\"https:\\\/\\\/www.bellunopress.it\\\/fr\\\/author\\\/redazione\\\/\"}]}<\/script>\n<!-- \/ Yoast SEO plugin. -->","yoast_head_json":{"title":"Corri Feltre. Presentata la 20^ edizione della corsa di solidariet\u00e0 e salute. Un unico evento domenica 19 maggio - Bellunopress - Dolomiti","robots":{"index":"index","follow":"follow","max-snippet":"max-snippet:-1","max-image-preview":"max-image-preview:large","max-video-preview":"max-video-preview:-1"},"canonical":"https:\/\/www.bellunopress.it\/fr\/2019\/05\/13\/corri-feltre-presentata-la-20-edizione-della-corsa-di-solidarieta-e-salute-un-unico-evento-domenica-19-maggio\/","og_locale":"fr_FR","og_type":"article","og_title":"Corri Feltre. Presentata la 20^ edizione della corsa di solidariet\u00e0 e salute. Un unico evento domenica 19 maggio - Bellunopress - Dolomiti","og_description":"Luned\u00ec sera nella Sala degli Stemmi del Comune di Feltre \u00e8 stata presentata la 20^ edizione della Corri Feltre, corsa competitiva e passeggiata\/camminata ludico motoria organizzate dal Comune di Feltre con la collaborazione dell&#8217;Associazione Giro delle Mura &#8220;Citta\u0300 di Feltre&#8221;, l&#8217;ULSS 1 Dolomiti e C.S.I. La corsa competitiva e passeggiata\/camminata ludico motoria si articoleranno su [&hellip;]","og_url":"https:\/\/www.bellunopress.it\/fr\/2019\/05\/13\/corri-feltre-presentata-la-20-edizione-della-corsa-di-solidarieta-e-salute-un-unico-evento-domenica-19-maggio\/","og_site_name":"Bellunopress - Dolomiti","article_publisher":"https:\/\/www.facebook.com\/profile.php?id=100008943462799","article_published_time":"2019-05-13T19:36:09+00:00","article_modified_time":"2019-05-13T19:37:15+00:00","og_image":[{"url":"http:\/\/www.bellunopress.it\/wp-content\/uploads\/2014\/05\/corri-feltre.jpg","type":"","width":"","height":""}],"author":"redazione","twitter_card":"summary_large_image","twitter_creator":"@bellunopress","twitter_site":"@bellunopress","twitter_misc":{"Written by":"redazione","Est. reading time":"6 minutes"},"schema":{"@context":"https:\/\/schema.org","@graph":[{"@type":"Article","@id":"https:\/\/www.bellunopress.it\/2019\/05\/13\/corri-feltre-presentata-la-20-edizione-della-corsa-di-solidarieta-e-salute-un-unico-evento-domenica-19-maggio\/#article","isPartOf":{"@id":"https:\/\/www.bellunopress.it\/2019\/05\/13\/corri-feltre-presentata-la-20-edizione-della-corsa-di-solidarieta-e-salute-un-unico-evento-domenica-19-maggio\/"},"author":{"name":"redazione","@id":"https:\/\/www.bellunopress.it\/#\/schema\/person\/79bb06722b37ece1c03d3e94beb30d73"},"headline":"Corri Feltre. Presentata la 20^ edizione della corsa di solidariet\u00e0 e salute. Un unico evento domenica 19 maggio","datePublished":"2019-05-13T19:36:09+00:00","dateModified":"2019-05-13T19:37:15+00:00","mainEntityOfPage":{"@id":"https:\/\/www.bellunopress.it\/2019\/05\/13\/corri-feltre-presentata-la-20-edizione-della-corsa-di-solidarieta-e-salute-un-unico-evento-domenica-19-maggio\/"},"wordCount":1170,"publisher":{"@id":"https:\/\/www.bellunopress.it\/#organization"},"image":{"@id":"https:\/\/www.bellunopress.it\/2019\/05\/13\/corri-feltre-presentata-la-20-edizione-della-corsa-di-solidarieta-e-salute-un-unico-evento-domenica-19-maggio\/#primaryimage"},"thumbnailUrl":"http:\/\/www.bellunopress.it\/wp-content\/uploads\/2014\/05\/corri-feltre.jpg","articleSection":["Prima Pagina","Societ\u00e0, Associazioni, Istituzioni","Sport, tempo libero"],"inLanguage":"fr-FR"},{"@type":"WebPage","@id":"https:\/\/www.bellunopress.it\/2019\/05\/13\/corri-feltre-presentata-la-20-edizione-della-corsa-di-solidarieta-e-salute-un-unico-evento-domenica-19-maggio\/","url":"https:\/\/www.bellunopress.it\/2019\/05\/13\/corri-feltre-presentata-la-20-edizione-della-corsa-di-solidarieta-e-salute-un-unico-evento-domenica-19-maggio\/","name":"Corri Feltre. Presentata la 20^ edizione della corsa di solidariet\u00e0 e salute. Un unico evento domenica 19 maggio - Bellunopress - Dolomiti","isPartOf":{"@id":"https:\/\/www.bellunopress.it\/#website"},"primaryImageOfPage":{"@id":"https:\/\/www.bellunopress.it\/2019\/05\/13\/corri-feltre-presentata-la-20-edizione-della-corsa-di-solidarieta-e-salute-un-unico-evento-domenica-19-maggio\/#primaryimage"},"image":{"@id":"https:\/\/www.bellunopress.it\/2019\/05\/13\/corri-feltre-presentata-la-20-edizione-della-corsa-di-solidarieta-e-salute-un-unico-evento-domenica-19-maggio\/#primaryimage"},"thumbnailUrl":"http:\/\/www.bellunopress.it\/wp-content\/uploads\/2014\/05\/corri-feltre.jpg","datePublished":"2019-05-13T19:36:09+00:00","dateModified":"2019-05-13T19:37:15+00:00","breadcrumb":{"@id":"https:\/\/www.bellunopress.it\/2019\/05\/13\/corri-feltre-presentata-la-20-edizione-della-corsa-di-solidarieta-e-salute-un-unico-evento-domenica-19-maggio\/#breadcrumb"},"inLanguage":"fr-FR","potentialAction":[{"@type":"ReadAction","target":["https:\/\/www.bellunopress.it\/2019\/05\/13\/corri-feltre-presentata-la-20-edizione-della-corsa-di-solidarieta-e-salute-un-unico-evento-domenica-19-maggio\/"]}]},{"@type":"ImageObject","inLanguage":"fr-FR","@id":"https:\/\/www.bellunopress.it\/2019\/05\/13\/corri-feltre-presentata-la-20-edizione-della-corsa-di-solidarieta-e-salute-un-unico-evento-domenica-19-maggio\/#primaryimage","url":"http:\/\/www.bellunopress.it\/wp-content\/uploads\/2014\/05\/corri-feltre.jpg","contentUrl":"http:\/\/www.bellunopress.it\/wp-content\/uploads\/2014\/05\/corri-feltre.jpg"},{"@type":"BreadcrumbList","@id":"https:\/\/www.bellunopress.it\/2019\/05\/13\/corri-feltre-presentata-la-20-edizione-della-corsa-di-solidarieta-e-salute-un-unico-evento-domenica-19-maggio\/#breadcrumb","itemListElement":[{"@type":"ListItem","position":1,"name":"Home","item":"https:\/\/www.bellunopress.it\/"},{"@type":"ListItem","position":2,"name":"Corri Feltre. Presentata la 20^ edizione della corsa di solidariet\u00e0 e salute. Un unico evento domenica 19 maggio"}]},{"@type":"WebSite","@id":"https:\/\/www.bellunopress.it\/#website","url":"https:\/\/www.bellunopress.it\/","name":"Bellunopress - Dolomiti","description":"e-mail: redazione@bellunopress.it","publisher":{"@id":"https:\/\/www.bellunopress.it\/#organization"},"potentialAction":[{"@type":"SearchAction","target":{"@type":"EntryPoint","urlTemplate":"https:\/\/www.bellunopress.it\/?s={search_term_string}"},"query-input":{"@type":"PropertyValueSpecification","valueRequired":true,"valueName":"search_term_string"}}],"inLanguage":"fr-FR"},{"@type":"Organization","@id":"https:\/\/www.bellunopress.it\/#organization","name":"Bellunopress","url":"https:\/\/www.bellunopress.it\/","logo":{"@type":"ImageObject","inLanguage":"fr-FR","@id":"https:\/\/www.bellunopress.it\/#\/schema\/logo\/image\/","url":"https:\/\/www.bellunopress.it\/wp-content\/uploads\/2011\/05\/cropped-logo-bellunopress-.jpg","contentUrl":"https:\/\/www.bellunopress.it\/wp-content\/uploads\/2011\/05\/cropped-logo-bellunopress-.jpg","width":512,"height":512,"caption":"Bellunopress"},"image":{"@id":"https:\/\/www.bellunopress.it\/#\/schema\/logo\/image\/"},"sameAs":["https:\/\/www.facebook.com\/profile.php?id=100008943462799","https:\/\/x.com\/bellunopress","https:\/\/www.linkedin.com\/hp\/?dnr=JBzUWaJfMUw8vbXJJ2tVW5-I3jZKvC4wsoxE&amp;amp;amp;amp;amp;amp;trk=nav_responsive_tab_home","https:\/\/www.youtube.com\/channel\/UCxL0wu1uN0_3_7hGG0306cw"]},{"@type":"Person","@id":"https:\/\/www.bellunopress.it\/#\/schema\/person\/79bb06722b37ece1c03d3e94beb30d73","name":"r\u00e9daction","image":{"@type":"ImageObject","inLanguage":"fr-FR","@id":"https:\/\/secure.gravatar.com\/avatar\/37d968a2e67a6fd04c169c4bdef102d0bc5d31b2546345219e348575eb80e9a0?s=96&d=mm&r=g","url":"https:\/\/secure.gravatar.com\/avatar\/37d968a2e67a6fd04c169c4bdef102d0bc5d31b2546345219e348575eb80e9a0?s=96&d=mm&r=g","contentUrl":"https:\/\/secure.gravatar.com\/avatar\/37d968a2e67a6fd04c169c4bdef102d0bc5d31b2546345219e348575eb80e9a0?s=96&d=mm&r=g","caption":"redazione"},"sameAs":["http:\/\/www.bellunopress.it","https:\/\/x.com\/bellunopress"],"url":"https:\/\/www.bellunopress.it\/fr\/author\/redazione\/"}]}},"_links":{"self":[{"href":"https:\/\/www.bellunopress.it\/fr\/wp-json\/wp\/v2\/posts\/104478","targetHints":{"allow":["GET"]}}],"collection":[{"href":"https:\/\/www.bellunopress.it\/fr\/wp-json\/wp\/v2\/posts"}],"about":[{"href":"https:\/\/www.bellunopress.it\/fr\/wp-json\/wp\/v2\/types\/post"}],"author":[{"embeddable":true,"href":"https:\/\/www.bellunopress.it\/fr\/wp-json\/wp\/v2\/users\/2"}],"replies":[{"embeddable":true,"href":"https:\/\/www.bellunopress.it\/fr\/wp-json\/wp\/v2\/comments?post=104478"}],"version-history":[{"count":2,"href":"https:\/\/www.bellunopress.it\/fr\/wp-json\/wp\/v2\/posts\/104478\/revisions"}],"predecessor-version":[{"id":104480,"href":"https:\/\/www.bellunopress.it\/fr\/wp-json\/wp\/v2\/posts\/104478\/revisions\/104480"}],"wp:attachment":[{"href":"https:\/\/www.bellunopress.it\/fr\/wp-json\/wp\/v2\/media?parent=104478"}],"wp:term":[{"taxonomy":"category","embeddable":true,"href":"https:\/\/www.bellunopress.it\/fr\/wp-json\/wp\/v2\/categories?post=104478"},{"taxonomy":"post_tag","embeddable":true,"href":"https:\/\/www.bellunopress.it\/fr\/wp-json\/wp\/v2\/tags?post=104478"}],"curies":[{"name":"wp","href":"https:\/\/api.w.org\/{rel}","templated":true}]}}