{"id":104464,"date":"2019-05-13T18:28:50","date_gmt":"2019-05-13T16:28:50","guid":{"rendered":"http:\/\/www.bellunopress.it\/?p=104464"},"modified":"2019-05-13T18:28:50","modified_gmt":"2019-05-13T16:28:50","slug":"presentata-la-45ma-alpe-del-nevegal","status":"publish","type":"post","link":"https:\/\/www.bellunopress.it\/fr\/2019\/05\/13\/presentata-la-45ma-alpe-del-nevegal\/","title":{"rendered":"Presentata la 45ma Alpe del Nevegal"},"content":{"rendered":"<figure id=\"attachment_104412\" aria-describedby=\"caption-attachment-104412\" style=\"width: 300px\" class=\"wp-caption alignleft\"><a href=\"http:\/\/www.bellunopress.it\/fr\/2019\/05\/10\/la-500-r2-prototipo-e-la-renault-clio-r3-della-45ma-alpe-del-nevegal-sabato-mattina-in-via-roma\/alpe-del-nevegal-500-r2-prototipo-di-stiw-marcon\/\" rel=\"attachment wp-att-104412\"><img loading=\"lazy\" decoding=\"async\" class=\"size-full wp-image-104412\" src=\"http:\/\/www.bellunopress.it\/wp-content\/uploads\/2019\/05\/alpe-del-nevegal-500-R2-prototipo-di-Stiw-Marcon.jpg\" alt=\"\" width=\"300\" height=\"155\" \/><\/a><figcaption id=\"caption-attachment-104412\" class=\"wp-caption-text\">500 R2 prototipo di Stiw Marcon,<\/figcaption><\/figure>\n<p>Belluno, 13 maggio 2019\u00a0 &#8211;\u00a0 La 45^ Alpe del Neveg\u00e0l, terza tappa del Campionato Italiano Velocit\u00e0 Montagna e del Trofeo Italiano Velocit\u00e0 Montagna nord 2019 \u00e8 stata ufficialmente presentata agli organi di informazione questa mattina, a Palazzo Rosso, sede del Comune di Belluno.<\/p>\n<p>A fare gli onori di casa \u00e8 stato l&#8217;assessore allo sport del capoluogo dolomitico, Marco Bogo, che si \u00e8 soffermato sull&#8217;importanza sportiva e promozionale di un evento che per il secondo anno consecutivo porta Belluno e la sua montagna alla ribalta di una importante vetrina nazionale. Bogo ha poi augurato il meglio agli organizzatori e ai concorrenti che animeranno la tre giorni tricolore dell&#8217;Alpe del Neveg\u00e0l, chiedendo comprensione a quanti subiranno dei disagi durante lo svolgimento della competizione.<\/p>\n<p>Il presidente dell&#8217;Asd Tre Cime Promotor, Achille &#8220;Brik&#8221; Selvestrel, affiancato dal suo vice, Giancarlo Bogo, ha ringraziato gli Enti locali (in particolare il Comune e la Provincia di Belluno, oltre alla Regione Veneto) e tutti i volontari che hanno collaborato per far s\u00ec che l&#8217;appuntamento con l&#8217;Alpe del Neveg\u00e0l si potesse realizzare. Selvestrel ha poi ricordato con soddisfazione i recentissimi lavori di asfaltatura compiuti lungo la strada provinciale 31 &#8220;del Neveg\u00e0l&#8221; (finanziati dalla Provincia e gestiti da Veneto Strade) e gli interventi effettuati per ripristinare il percorso e le adiacenze dopo le recenti ondate di maltempo.<\/p>\n<p>Achille &#8220;Eva&#8221; Guerrera, autentica &#8220;enciclopedia vivente&#8221; del motorismo, nonch\u00e9 speaker ufficiale della corsa, si \u00e8 soffermato sui numeri e sulla qualit\u00e0 dei protagonisti della 45^ Alpe del Neveg\u00e0l, ancora una volta, di grande spessore e livello. Fra i sicuri protagonisti sono stati ricordati: il trevigiano Danny Zardo, il campione italiano GT in carica Lucio Peruggini, i giovani emergenti sardi Sergio Farris e Giuseppe Vacca, l&#8217;orvietano Michele Fattorini, vincitore della precedente tappa di C.I.V.M., la Sarnano-Sassotetto; l&#8217;agordino di La Valle Denis Mezzacasa.<\/p>\n<p>Al momento della presentazione erano state registrate 193 iscrizioni, ma non \u00e8 da escludere che entro la mezzanotte, termine previsto di chiusura, il numero degli iscritti possa ulteriormente crescere. L&#8217;elenco iscritti verr\u00e0 ufficializzato nella giornata di mercoled\u00ec, mentre la tre giorni dell&#8217;Alpe del Neveg\u00e0l si aprir\u00e0 alle 11.30 di venerd\u00ec con la prima riunione dei Commissari sportivi. Si proseguir\u00e0, poi, dalle 14.00 alle 19.00 con le verifiche sportive e tecniche che si terranno alla carrozzeria Da Rold &amp; Zanvettor di via Marisiga 97; sabato 18 il doppio turno di prove ufficiali di ricognizione scatter\u00e0 alle 9.00; domenica 19 il semaforo verde di gara 1 si accender\u00e0 alle 8.30. Al termine di gara 2, alla &#8220;Nogherazza&#8221; le premiazioni.<\/p>","protected":false},"excerpt":{"rendered":"<p>Belluno, 13 maggio 2019\u00a0 &#8211;\u00a0 La 45^ Alpe del Neveg\u00e0l, terza tappa del Campionato Italiano Velocit\u00e0 Montagna e del Trofeo Italiano Velocit\u00e0 Montagna nord 2019 \u00e8 stata ufficialmente presentata agli organi di informazione questa mattina, a Palazzo Rosso, sede del Comune di Belluno. A fare gli onori di casa \u00e8 stato l&#8217;assessore allo sport del [&hellip;]<\/p>\n","protected":false},"author":2,"featured_media":0,"comment_status":"closed","ping_status":"open","sticky":false,"template":"","format":"standard","meta":{"footnotes":""},"categories":[26,8,4],"tags":[],"class_list":["post-104464","post","type-post","status-publish","format-standard","category-prima-pagina","category-societa-istituzioni","category-sport"],"yoast_head":"<!-- This site is optimized with the Yoast SEO plugin v28.4 - https:\/\/yoast.com\/product\/yoast-seo-wordpress\/ -->\n<title>Presentata la 45ma Alpe del Nevegal - Bellunopress - Dolomiti<\/title>\n<meta name=\"robots\" content=\"index, follow, max-snippet:-1, max-image-preview:large, max-video-preview:-1\" \/>\n<link rel=\"canonical\" href=\"https:\/\/www.bellunopress.it\/fr\/2019\/05\/13\/presentata-la-45ma-alpe-del-nevegal\/\" \/>\n<meta property=\"og:locale\" content=\"fr_FR\" \/>\n<meta property=\"og:type\" content=\"article\" \/>\n<meta property=\"og:title\" content=\"Presentata la 45ma Alpe del Nevegal - Bellunopress - Dolomiti\" \/>\n<meta property=\"og:description\" content=\"Belluno, 13 maggio 2019\u00a0 &#8211;\u00a0 La 45^ Alpe del Neveg\u00e0l, terza tappa del Campionato Italiano Velocit\u00e0 Montagna e del Trofeo Italiano Velocit\u00e0 Montagna nord 2019 \u00e8 stata ufficialmente presentata agli organi di informazione questa mattina, a Palazzo Rosso, sede del Comune di Belluno. A fare gli onori di casa \u00e8 stato l&#8217;assessore allo sport del [&hellip;]\" \/>\n<meta property=\"og:url\" content=\"https:\/\/www.bellunopress.it\/fr\/2019\/05\/13\/presentata-la-45ma-alpe-del-nevegal\/\" \/>\n<meta property=\"og:site_name\" content=\"Bellunopress - Dolomiti\" \/>\n<meta property=\"article:publisher\" content=\"https:\/\/www.facebook.com\/profile.php?id=100008943462799\" \/>\n<meta property=\"article:published_time\" content=\"2019-05-13T16:28:50+00:00\" \/>\n<meta property=\"og:image\" content=\"http:\/\/www.bellunopress.it\/wp-content\/uploads\/2019\/05\/alpe-del-nevegal-500-R2-prototipo-di-Stiw-Marcon.jpg\" \/>\n<meta name=\"author\" content=\"redazione\" \/>\n<meta name=\"twitter:card\" content=\"summary_large_image\" \/>\n<meta name=\"twitter:creator\" content=\"@bellunopress\" \/>\n<meta name=\"twitter:site\" content=\"@bellunopress\" \/>\n<meta name=\"twitter:label1\" content=\"\u00c9crit par\" \/>\n\t<meta name=\"twitter:data1\" content=\"redazione\" \/>\n\t<meta name=\"twitter:label2\" content=\"Dur\u00e9e de lecture estim\u00e9e\" \/>\n\t<meta name=\"twitter:data2\" content=\"2 minutes\" \/>\n<script type=\"application\/ld+json\" class=\"yoast-schema-graph\">{\"@context\":\"https:\\\/\\\/schema.org\",\"@graph\":[{\"@type\":\"Article\",\"@id\":\"https:\\\/\\\/www.bellunopress.it\\\/2019\\\/05\\\/13\\\/presentata-la-45ma-alpe-del-nevegal\\\/#article\",\"isPartOf\":{\"@id\":\"https:\\\/\\\/www.bellunopress.it\\\/2019\\\/05\\\/13\\\/presentata-la-45ma-alpe-del-nevegal\\\/\"},\"author\":{\"name\":\"redazione\",\"@id\":\"https:\\\/\\\/www.bellunopress.it\\\/#\\\/schema\\\/person\\\/79bb06722b37ece1c03d3e94beb30d73\"},\"headline\":\"Presentata la 45ma Alpe del Nevegal\",\"datePublished\":\"2019-05-13T16:28:50+00:00\",\"mainEntityOfPage\":{\"@id\":\"https:\\\/\\\/www.bellunopress.it\\\/2019\\\/05\\\/13\\\/presentata-la-45ma-alpe-del-nevegal\\\/\"},\"wordCount\":430,\"publisher\":{\"@id\":\"https:\\\/\\\/www.bellunopress.it\\\/#organization\"},\"image\":{\"@id\":\"https:\\\/\\\/www.bellunopress.it\\\/2019\\\/05\\\/13\\\/presentata-la-45ma-alpe-del-nevegal\\\/#primaryimage\"},\"thumbnailUrl\":\"http:\\\/\\\/www.bellunopress.it\\\/wp-content\\\/uploads\\\/2019\\\/05\\\/alpe-del-nevegal-500-R2-prototipo-di-Stiw-Marcon.jpg\",\"articleSection\":[\"Prima Pagina\",\"Societ\u00e0, Associazioni, Istituzioni\",\"Sport, tempo libero\"],\"inLanguage\":\"fr-FR\"},{\"@type\":\"WebPage\",\"@id\":\"https:\\\/\\\/www.bellunopress.it\\\/2019\\\/05\\\/13\\\/presentata-la-45ma-alpe-del-nevegal\\\/\",\"url\":\"https:\\\/\\\/www.bellunopress.it\\\/2019\\\/05\\\/13\\\/presentata-la-45ma-alpe-del-nevegal\\\/\",\"name\":\"Presentata la 45ma Alpe del Nevegal - Bellunopress - Dolomiti\",\"isPartOf\":{\"@id\":\"https:\\\/\\\/www.bellunopress.it\\\/#website\"},\"primaryImageOfPage\":{\"@id\":\"https:\\\/\\\/www.bellunopress.it\\\/2019\\\/05\\\/13\\\/presentata-la-45ma-alpe-del-nevegal\\\/#primaryimage\"},\"image\":{\"@id\":\"https:\\\/\\\/www.bellunopress.it\\\/2019\\\/05\\\/13\\\/presentata-la-45ma-alpe-del-nevegal\\\/#primaryimage\"},\"thumbnailUrl\":\"http:\\\/\\\/www.bellunopress.it\\\/wp-content\\\/uploads\\\/2019\\\/05\\\/alpe-del-nevegal-500-R2-prototipo-di-Stiw-Marcon.jpg\",\"datePublished\":\"2019-05-13T16:28:50+00:00\",\"breadcrumb\":{\"@id\":\"https:\\\/\\\/www.bellunopress.it\\\/2019\\\/05\\\/13\\\/presentata-la-45ma-alpe-del-nevegal\\\/#breadcrumb\"},\"inLanguage\":\"fr-FR\",\"potentialAction\":[{\"@type\":\"ReadAction\",\"target\":[\"https:\\\/\\\/www.bellunopress.it\\\/2019\\\/05\\\/13\\\/presentata-la-45ma-alpe-del-nevegal\\\/\"]}]},{\"@type\":\"ImageObject\",\"inLanguage\":\"fr-FR\",\"@id\":\"https:\\\/\\\/www.bellunopress.it\\\/2019\\\/05\\\/13\\\/presentata-la-45ma-alpe-del-nevegal\\\/#primaryimage\",\"url\":\"http:\\\/\\\/www.bellunopress.it\\\/wp-content\\\/uploads\\\/2019\\\/05\\\/alpe-del-nevegal-500-R2-prototipo-di-Stiw-Marcon.jpg\",\"contentUrl\":\"http:\\\/\\\/www.bellunopress.it\\\/wp-content\\\/uploads\\\/2019\\\/05\\\/alpe-del-nevegal-500-R2-prototipo-di-Stiw-Marcon.jpg\"},{\"@type\":\"BreadcrumbList\",\"@id\":\"https:\\\/\\\/www.bellunopress.it\\\/2019\\\/05\\\/13\\\/presentata-la-45ma-alpe-del-nevegal\\\/#breadcrumb\",\"itemListElement\":[{\"@type\":\"ListItem\",\"position\":1,\"name\":\"Home\",\"item\":\"https:\\\/\\\/www.bellunopress.it\\\/\"},{\"@type\":\"ListItem\",\"position\":2,\"name\":\"Presentata la 45ma Alpe del Nevegal\"}]},{\"@type\":\"WebSite\",\"@id\":\"https:\\\/\\\/www.bellunopress.it\\\/#website\",\"url\":\"https:\\\/\\\/www.bellunopress.it\\\/\",\"name\":\"Bellunopress - Dolomiti\",\"description\":\"e-mail: redazione@bellunopress.it\",\"publisher\":{\"@id\":\"https:\\\/\\\/www.bellunopress.it\\\/#organization\"},\"potentialAction\":[{\"@type\":\"SearchAction\",\"target\":{\"@type\":\"EntryPoint\",\"urlTemplate\":\"https:\\\/\\\/www.bellunopress.it\\\/?s={search_term_string}\"},\"query-input\":{\"@type\":\"PropertyValueSpecification\",\"valueRequired\":true,\"valueName\":\"search_term_string\"}}],\"inLanguage\":\"fr-FR\"},{\"@type\":\"Organization\",\"@id\":\"https:\\\/\\\/www.bellunopress.it\\\/#organization\",\"name\":\"Bellunopress\",\"url\":\"https:\\\/\\\/www.bellunopress.it\\\/\",\"logo\":{\"@type\":\"ImageObject\",\"inLanguage\":\"fr-FR\",\"@id\":\"https:\\\/\\\/www.bellunopress.it\\\/#\\\/schema\\\/logo\\\/image\\\/\",\"url\":\"https:\\\/\\\/www.bellunopress.it\\\/wp-content\\\/uploads\\\/2011\\\/05\\\/cropped-logo-bellunopress-.jpg\",\"contentUrl\":\"https:\\\/\\\/www.bellunopress.it\\\/wp-content\\\/uploads\\\/2011\\\/05\\\/cropped-logo-bellunopress-.jpg\",\"width\":512,\"height\":512,\"caption\":\"Bellunopress\"},\"image\":{\"@id\":\"https:\\\/\\\/www.bellunopress.it\\\/#\\\/schema\\\/logo\\\/image\\\/\"},\"sameAs\":[\"https:\\\/\\\/www.facebook.com\\\/profile.php?id=100008943462799\",\"https:\\\/\\\/x.com\\\/bellunopress\",\"https:\\\/\\\/www.linkedin.com\\\/hp\\\/?dnr=JBzUWaJfMUw8vbXJJ2tVW5-I3jZKvC4wsoxE&amp;amp;amp;amp;amp;amp;trk=nav_responsive_tab_home\",\"https:\\\/\\\/www.youtube.com\\\/channel\\\/UCxL0wu1uN0_3_7hGG0306cw\"]},{\"@type\":\"Person\",\"@id\":\"https:\\\/\\\/www.bellunopress.it\\\/#\\\/schema\\\/person\\\/79bb06722b37ece1c03d3e94beb30d73\",\"name\":\"redazione\",\"image\":{\"@type\":\"ImageObject\",\"inLanguage\":\"fr-FR\",\"@id\":\"https:\\\/\\\/secure.gravatar.com\\\/avatar\\\/37d968a2e67a6fd04c169c4bdef102d0bc5d31b2546345219e348575eb80e9a0?s=96&d=mm&r=g\",\"url\":\"https:\\\/\\\/secure.gravatar.com\\\/avatar\\\/37d968a2e67a6fd04c169c4bdef102d0bc5d31b2546345219e348575eb80e9a0?s=96&d=mm&r=g\",\"contentUrl\":\"https:\\\/\\\/secure.gravatar.com\\\/avatar\\\/37d968a2e67a6fd04c169c4bdef102d0bc5d31b2546345219e348575eb80e9a0?s=96&d=mm&r=g\",\"caption\":\"redazione\"},\"sameAs\":[\"http:\\\/\\\/www.bellunopress.it\",\"https:\\\/\\\/x.com\\\/bellunopress\"],\"url\":\"https:\\\/\\\/www.bellunopress.it\\\/fr\\\/author\\\/redazione\\\/\"}]}<\/script>\n<!-- \/ Yoast SEO plugin. -->","yoast_head_json":{"title":"Presentata la 45ma Alpe del Nevegal - Bellunopress - Dolomiti","robots":{"index":"index","follow":"follow","max-snippet":"max-snippet:-1","max-image-preview":"max-image-preview:large","max-video-preview":"max-video-preview:-1"},"canonical":"https:\/\/www.bellunopress.it\/fr\/2019\/05\/13\/presentata-la-45ma-alpe-del-nevegal\/","og_locale":"fr_FR","og_type":"article","og_title":"Presentata la 45ma Alpe del Nevegal - Bellunopress - Dolomiti","og_description":"Belluno, 13 maggio 2019\u00a0 &#8211;\u00a0 La 45^ Alpe del Neveg\u00e0l, terza tappa del Campionato Italiano Velocit\u00e0 Montagna e del Trofeo Italiano Velocit\u00e0 Montagna nord 2019 \u00e8 stata ufficialmente presentata agli organi di informazione questa mattina, a Palazzo Rosso, sede del Comune di Belluno. A fare gli onori di casa \u00e8 stato l&#8217;assessore allo sport del [&hellip;]","og_url":"https:\/\/www.bellunopress.it\/fr\/2019\/05\/13\/presentata-la-45ma-alpe-del-nevegal\/","og_site_name":"Bellunopress - Dolomiti","article_publisher":"https:\/\/www.facebook.com\/profile.php?id=100008943462799","article_published_time":"2019-05-13T16:28:50+00:00","og_image":[{"url":"http:\/\/www.bellunopress.it\/wp-content\/uploads\/2019\/05\/alpe-del-nevegal-500-R2-prototipo-di-Stiw-Marcon.jpg","type":"","width":"","height":""}],"author":"redazione","twitter_card":"summary_large_image","twitter_creator":"@bellunopress","twitter_site":"@bellunopress","twitter_misc":{"\u00c9crit par":"redazione","Dur\u00e9e de lecture estim\u00e9e":"2 minutes"},"schema":{"@context":"https:\/\/schema.org","@graph":[{"@type":"Article","@id":"https:\/\/www.bellunopress.it\/2019\/05\/13\/presentata-la-45ma-alpe-del-nevegal\/#article","isPartOf":{"@id":"https:\/\/www.bellunopress.it\/2019\/05\/13\/presentata-la-45ma-alpe-del-nevegal\/"},"author":{"name":"redazione","@id":"https:\/\/www.bellunopress.it\/#\/schema\/person\/79bb06722b37ece1c03d3e94beb30d73"},"headline":"Presentata la 45ma Alpe del Nevegal","datePublished":"2019-05-13T16:28:50+00:00","mainEntityOfPage":{"@id":"https:\/\/www.bellunopress.it\/2019\/05\/13\/presentata-la-45ma-alpe-del-nevegal\/"},"wordCount":430,"publisher":{"@id":"https:\/\/www.bellunopress.it\/#organization"},"image":{"@id":"https:\/\/www.bellunopress.it\/2019\/05\/13\/presentata-la-45ma-alpe-del-nevegal\/#primaryimage"},"thumbnailUrl":"http:\/\/www.bellunopress.it\/wp-content\/uploads\/2019\/05\/alpe-del-nevegal-500-R2-prototipo-di-Stiw-Marcon.jpg","articleSection":["Prima Pagina","Societ\u00e0, Associazioni, Istituzioni","Sport, tempo libero"],"inLanguage":"fr-FR"},{"@type":"WebPage","@id":"https:\/\/www.bellunopress.it\/2019\/05\/13\/presentata-la-45ma-alpe-del-nevegal\/","url":"https:\/\/www.bellunopress.it\/2019\/05\/13\/presentata-la-45ma-alpe-del-nevegal\/","name":"Presentata la 45ma Alpe del Nevegal - Bellunopress - Dolomiti","isPartOf":{"@id":"https:\/\/www.bellunopress.it\/#website"},"primaryImageOfPage":{"@id":"https:\/\/www.bellunopress.it\/2019\/05\/13\/presentata-la-45ma-alpe-del-nevegal\/#primaryimage"},"image":{"@id":"https:\/\/www.bellunopress.it\/2019\/05\/13\/presentata-la-45ma-alpe-del-nevegal\/#primaryimage"},"thumbnailUrl":"http:\/\/www.bellunopress.it\/wp-content\/uploads\/2019\/05\/alpe-del-nevegal-500-R2-prototipo-di-Stiw-Marcon.jpg","datePublished":"2019-05-13T16:28:50+00:00","breadcrumb":{"@id":"https:\/\/www.bellunopress.it\/2019\/05\/13\/presentata-la-45ma-alpe-del-nevegal\/#breadcrumb"},"inLanguage":"fr-FR","potentialAction":[{"@type":"ReadAction","target":["https:\/\/www.bellunopress.it\/2019\/05\/13\/presentata-la-45ma-alpe-del-nevegal\/"]}]},{"@type":"ImageObject","inLanguage":"fr-FR","@id":"https:\/\/www.bellunopress.it\/2019\/05\/13\/presentata-la-45ma-alpe-del-nevegal\/#primaryimage","url":"http:\/\/www.bellunopress.it\/wp-content\/uploads\/2019\/05\/alpe-del-nevegal-500-R2-prototipo-di-Stiw-Marcon.jpg","contentUrl":"http:\/\/www.bellunopress.it\/wp-content\/uploads\/2019\/05\/alpe-del-nevegal-500-R2-prototipo-di-Stiw-Marcon.jpg"},{"@type":"BreadcrumbList","@id":"https:\/\/www.bellunopress.it\/2019\/05\/13\/presentata-la-45ma-alpe-del-nevegal\/#breadcrumb","itemListElement":[{"@type":"ListItem","position":1,"name":"Home","item":"https:\/\/www.bellunopress.it\/"},{"@type":"ListItem","position":2,"name":"Presentata la 45ma Alpe del Nevegal"}]},{"@type":"WebSite","@id":"https:\/\/www.bellunopress.it\/#website","url":"https:\/\/www.bellunopress.it\/","name":"Bellunopress - Dolomiti","description":"e-mail: redazione@bellunopress.it","publisher":{"@id":"https:\/\/www.bellunopress.it\/#organization"},"potentialAction":[{"@type":"SearchAction","target":{"@type":"EntryPoint","urlTemplate":"https:\/\/www.bellunopress.it\/?s={search_term_string}"},"query-input":{"@type":"PropertyValueSpecification","valueRequired":true,"valueName":"search_term_string"}}],"inLanguage":"fr-FR"},{"@type":"Organization","@id":"https:\/\/www.bellunopress.it\/#organization","name":"Bellunopress","url":"https:\/\/www.bellunopress.it\/","logo":{"@type":"ImageObject","inLanguage":"fr-FR","@id":"https:\/\/www.bellunopress.it\/#\/schema\/logo\/image\/","url":"https:\/\/www.bellunopress.it\/wp-content\/uploads\/2011\/05\/cropped-logo-bellunopress-.jpg","contentUrl":"https:\/\/www.bellunopress.it\/wp-content\/uploads\/2011\/05\/cropped-logo-bellunopress-.jpg","width":512,"height":512,"caption":"Bellunopress"},"image":{"@id":"https:\/\/www.bellunopress.it\/#\/schema\/logo\/image\/"},"sameAs":["https:\/\/www.facebook.com\/profile.php?id=100008943462799","https:\/\/x.com\/bellunopress","https:\/\/www.linkedin.com\/hp\/?dnr=JBzUWaJfMUw8vbXJJ2tVW5-I3jZKvC4wsoxE&amp;amp;amp;amp;amp;amp;trk=nav_responsive_tab_home","https:\/\/www.youtube.com\/channel\/UCxL0wu1uN0_3_7hGG0306cw"]},{"@type":"Person","@id":"https:\/\/www.bellunopress.it\/#\/schema\/person\/79bb06722b37ece1c03d3e94beb30d73","name":"r\u00e9daction","image":{"@type":"ImageObject","inLanguage":"fr-FR","@id":"https:\/\/secure.gravatar.com\/avatar\/37d968a2e67a6fd04c169c4bdef102d0bc5d31b2546345219e348575eb80e9a0?s=96&d=mm&r=g","url":"https:\/\/secure.gravatar.com\/avatar\/37d968a2e67a6fd04c169c4bdef102d0bc5d31b2546345219e348575eb80e9a0?s=96&d=mm&r=g","contentUrl":"https:\/\/secure.gravatar.com\/avatar\/37d968a2e67a6fd04c169c4bdef102d0bc5d31b2546345219e348575eb80e9a0?s=96&d=mm&r=g","caption":"redazione"},"sameAs":["http:\/\/www.bellunopress.it","https:\/\/x.com\/bellunopress"],"url":"https:\/\/www.bellunopress.it\/fr\/author\/redazione\/"}]}},"_links":{"self":[{"href":"https:\/\/www.bellunopress.it\/fr\/wp-json\/wp\/v2\/posts\/104464","targetHints":{"allow":["GET"]}}],"collection":[{"href":"https:\/\/www.bellunopress.it\/fr\/wp-json\/wp\/v2\/posts"}],"about":[{"href":"https:\/\/www.bellunopress.it\/fr\/wp-json\/wp\/v2\/types\/post"}],"author":[{"embeddable":true,"href":"https:\/\/www.bellunopress.it\/fr\/wp-json\/wp\/v2\/users\/2"}],"replies":[{"embeddable":true,"href":"https:\/\/www.bellunopress.it\/fr\/wp-json\/wp\/v2\/comments?post=104464"}],"version-history":[{"count":1,"href":"https:\/\/www.bellunopress.it\/fr\/wp-json\/wp\/v2\/posts\/104464\/revisions"}],"predecessor-version":[{"id":104465,"href":"https:\/\/www.bellunopress.it\/fr\/wp-json\/wp\/v2\/posts\/104464\/revisions\/104465"}],"wp:attachment":[{"href":"https:\/\/www.bellunopress.it\/fr\/wp-json\/wp\/v2\/media?parent=104464"}],"wp:term":[{"taxonomy":"category","embeddable":true,"href":"https:\/\/www.bellunopress.it\/fr\/wp-json\/wp\/v2\/categories?post=104464"},{"taxonomy":"post_tag","embeddable":true,"href":"https:\/\/www.bellunopress.it\/fr\/wp-json\/wp\/v2\/tags?post=104464"}],"curies":[{"name":"wp","href":"https:\/\/api.w.org\/{rel}","templated":true}]}}