{"id":104437,"date":"2019-05-12T16:12:20","date_gmt":"2019-05-12T14:12:20","guid":{"rendered":"http:\/\/www.bellunopress.it\/?p=104437"},"modified":"2019-05-12T16:13:39","modified_gmt":"2019-05-12T14:13:39","slug":"duathlon-marco-novello-firma-ledizione-2019-del-duallika","status":"publish","type":"post","link":"https:\/\/www.bellunopress.it\/fr\/2019\/05\/12\/duathlon-marco-novello-firma-ledizione-2019-del-duallika\/","title":{"rendered":"Duathlon, Marco Novello firma l&#8217;edizione 2019 del Duallika"},"content":{"rendered":"<p><a href=\"http:\/\/www.bellunopress.it\/fr\/2019\/05\/12\/duathlon-marco-novello-firma-ledizione-2019-del-duallika\/duallika-stefano-cavallet-e-luigino-bortoluzzi\/\" rel=\"attachment wp-att-104438\"><img loading=\"lazy\" decoding=\"async\" class=\"alignleft size-full wp-image-104438\" src=\"http:\/\/www.bellunopress.it\/wp-content\/uploads\/2019\/05\/Duallika-Stefano-Cavallet-e-Luigino-Bortoluzzi.jpg\" alt=\"\" width=\"300\" height=\"273\" \/><\/a>Belluno, 12 maggio 2019\u00a0 &#8211;\u00a0 La pioggia non ferma la macchina organizzativa dell&#8217;associazione Nevegallika che anche per questo anno \u00e8 riuscita nell&#8217;intento di dare vita sportiva all&#8217;amato &#8220;Colle&#8221; bellunese, da Castion fin su in Nevegal.<\/p>\n<p>Quasi una settantina gli sportivi, ciclisti e corridori, che hanno sfidato l&#8217;acqua, il freddo ed il vento pur di raggiungere il traguardo. Una sana battaglia combattuta tra l&#8217;asfalto e i sentieri, pedalata dopo pedalata, correndo in salita e cercando di non mollare in discesa fino alla fine, fino al tanto atteso &#8220;Bravo, sei arrivato!&#8221; pronunciato al microfono dall&#8217;organizzatore e speaker Gianpaolo Garaboni.<\/p>\n<p>Tra tutti \u00e8 l&#8217;ironman Marco Novello a firmare la terza edizione del Duallika con un tempo complessivo di 48 minuti e 24 secondi. Dopo aver pedalato in poco pi\u00f9 di 25 minuti le strade che hanno visto il Nevegal nella storia del Giro d&#8217;Italia, il porta colori della Vicenza Marathon ha tagliato il traguardo di corsa con un vantaggio di oltre 3 minuti sull&#8217;atleta Bettini Bike Team, Stefano Fratta, e ben 4 minuti 35 secondi sul terzo classificato Aldo Vascellari. Una prestazione che pone &#8220;re&#8221; Novello al primo gradino del podio nella classifica individuale maschile. A completate la categoria \u00e8 il bellunese &#8220;Vision Man&#8221; Franco Lotto che ha voluto sfidare s\u00e9 stesso in questa nuova impresa in terra nostrana.<\/p>\n<p>Per la categoria femminile invece \u00e8 Erica Turi la regina &#8220;ironwoman&#8221; del Duallika 2019 con un tempo complessivo di 1 ore 3 minuti 42 secondi, seguita da Graziella Fortuna ed Angela De Poi a completamento del podio. Ultima ma non meno importante la atleta bellunese Enrica Bogo, portacolori della Run&amp;Fun Oltre Team, alla prima esperienza sportiva nel campo duathlon.<\/p>\n<p>Per quanto inerente la partecipazione in coppia, nella categoria maschile \u00e8 l&#8217;accoppiata Giulio De Bernardin &#8211; Giovanni Vascellari a segnare la migliore prestazione con il tempo di 48 minuti 35 secondi, seguiti dal team Mario Scanu &#8211; Sandro Salvador e Andrea Moro &#8211; Antonio Lorenzin. Nella categoria femminile invece le pi\u00f9 veloci sono Barbara Menegon &#8211; Daniela Miatello che hanno anticipato di oltre 4 minuti Mirca Patron &#8211; Stefania De Barba e Paola Dal Mas &#8211; Silvia De Col. A completare le categorie sono la coppia mista Giovanni De Bon &#8211; Alice Peruz che salgono sul gradino pi\u00f9 alto del podio davanti a Andrea Tormen &#8211; Sara Cavallet e Fabrizio Dav\u00ec &#8211; Emanuela Dal Mas.<\/p>\n<p>Grande soddisfazione anche da parte degli organizzatori per questa nuova edizione Duallika, nonostante il tempo non abbia dato tregua. \u00abSorridiamo felici\u00bb commenta Gianpaolo Garaboni, organizzatore e mente dell&#8217;associazione Nevegallika, \u00abperch\u00e9 nonostante il maltempo, siamo riusciti a trascorre insieme una bella giornata sportiva, all&#8217;insegna della fatica buona, senza dimenticarci che fare sport fa bene e se lo si pratica nella nostra palestra di &#8220;casa Nevegal&#8221; \u00e8 ancora pi\u00f9 emozionante. Abbiamo lavorato a lungo affinch\u00e9 questa edizione 2019 non venisse annullata a causa del maltempo che in queste settimane sta colpendo le nostre aree, quindi poterla concludere in positivo con quasi settanta partecipanti \u00e8 molto importante e soprattutto ci gratifica di tutti gli sforzi fatti. Un grazie a tutti quanti hanno lavorato, aiutato, assistito, pedalato e corso. Adesso qualche giorno di relax per ricaricare le batterie e poi gi\u00f9 sempre sul pezzo per l&#8217;edizione 2019 del Trail del Nevegal che si correr\u00e0 il 29 settembre!\u00bb<\/p>","protected":false},"excerpt":{"rendered":"<p>Belluno, 12 maggio 2019\u00a0 &#8211;\u00a0 La pioggia non ferma la macchina organizzativa dell&#8217;associazione Nevegallika che anche per questo anno \u00e8 riuscita nell&#8217;intento di dare vita sportiva all&#8217;amato &#8220;Colle&#8221; bellunese, da Castion fin su in Nevegal. Quasi una settantina gli sportivi, ciclisti e corridori, che hanno sfidato l&#8217;acqua, il freddo ed il vento pur di raggiungere [&hellip;]<\/p>\n","protected":false},"author":2,"featured_media":0,"comment_status":"closed","ping_status":"open","sticky":false,"template":"","format":"standard","meta":{"footnotes":""},"categories":[26,4],"tags":[],"class_list":["post-104437","post","type-post","status-publish","format-standard","category-prima-pagina","category-sport"],"yoast_head":"<!-- This site is optimized with the Yoast SEO plugin v28.4 - https:\/\/yoast.com\/product\/yoast-seo-wordpress\/ -->\n<title>Duathlon, Marco Novello firma l&#039;edizione 2019 del Duallika - Bellunopress - Dolomiti<\/title>\n<meta name=\"robots\" content=\"index, follow, max-snippet:-1, max-image-preview:large, max-video-preview:-1\" \/>\n<link rel=\"canonical\" href=\"https:\/\/www.bellunopress.it\/fr\/2019\/05\/12\/duathlon-marco-novello-firma-ledizione-2019-del-duallika\/\" \/>\n<meta property=\"og:locale\" content=\"fr_FR\" \/>\n<meta property=\"og:type\" content=\"article\" \/>\n<meta property=\"og:title\" content=\"Duathlon, Marco Novello firma l&#039;edizione 2019 del Duallika - Bellunopress - Dolomiti\" \/>\n<meta property=\"og:description\" content=\"Belluno, 12 maggio 2019\u00a0 &#8211;\u00a0 La pioggia non ferma la macchina organizzativa dell&#8217;associazione Nevegallika che anche per questo anno \u00e8 riuscita nell&#8217;intento di dare vita sportiva all&#8217;amato &#8220;Colle&#8221; bellunese, da Castion fin su in Nevegal. Quasi una settantina gli sportivi, ciclisti e corridori, che hanno sfidato l&#8217;acqua, il freddo ed il vento pur di raggiungere [&hellip;]\" \/>\n<meta property=\"og:url\" content=\"https:\/\/www.bellunopress.it\/fr\/2019\/05\/12\/duathlon-marco-novello-firma-ledizione-2019-del-duallika\/\" \/>\n<meta property=\"og:site_name\" content=\"Bellunopress - Dolomiti\" \/>\n<meta property=\"article:publisher\" content=\"https:\/\/www.facebook.com\/profile.php?id=100008943462799\" \/>\n<meta property=\"article:published_time\" content=\"2019-05-12T14:12:20+00:00\" \/>\n<meta property=\"article:modified_time\" content=\"2019-05-12T14:13:39+00:00\" \/>\n<meta property=\"og:image\" content=\"http:\/\/www.bellunopress.it\/wp-content\/uploads\/2019\/05\/Duallika-Stefano-Cavallet-e-Luigino-Bortoluzzi.jpg\" \/>\n<meta name=\"author\" content=\"redazione\" \/>\n<meta name=\"twitter:card\" content=\"summary_large_image\" \/>\n<meta name=\"twitter:creator\" content=\"@bellunopress\" \/>\n<meta name=\"twitter:site\" content=\"@bellunopress\" \/>\n<meta name=\"twitter:label1\" content=\"\u00c9crit par\" \/>\n\t<meta name=\"twitter:data1\" content=\"redazione\" \/>\n\t<meta name=\"twitter:label2\" content=\"Dur\u00e9e de lecture estim\u00e9e\" \/>\n\t<meta name=\"twitter:data2\" content=\"3 minutes\" \/>\n<script type=\"application\/ld+json\" class=\"yoast-schema-graph\">{\"@context\":\"https:\\\/\\\/schema.org\",\"@graph\":[{\"@type\":\"Article\",\"@id\":\"https:\\\/\\\/www.bellunopress.it\\\/2019\\\/05\\\/12\\\/duathlon-marco-novello-firma-ledizione-2019-del-duallika\\\/#article\",\"isPartOf\":{\"@id\":\"https:\\\/\\\/www.bellunopress.it\\\/2019\\\/05\\\/12\\\/duathlon-marco-novello-firma-ledizione-2019-del-duallika\\\/\"},\"author\":{\"name\":\"redazione\",\"@id\":\"https:\\\/\\\/www.bellunopress.it\\\/#\\\/schema\\\/person\\\/79bb06722b37ece1c03d3e94beb30d73\"},\"headline\":\"Duathlon, Marco Novello firma l&#8217;edizione 2019 del Duallika\",\"datePublished\":\"2019-05-12T14:12:20+00:00\",\"dateModified\":\"2019-05-12T14:13:39+00:00\",\"mainEntityOfPage\":{\"@id\":\"https:\\\/\\\/www.bellunopress.it\\\/2019\\\/05\\\/12\\\/duathlon-marco-novello-firma-ledizione-2019-del-duallika\\\/\"},\"wordCount\":541,\"publisher\":{\"@id\":\"https:\\\/\\\/www.bellunopress.it\\\/#organization\"},\"image\":{\"@id\":\"https:\\\/\\\/www.bellunopress.it\\\/2019\\\/05\\\/12\\\/duathlon-marco-novello-firma-ledizione-2019-del-duallika\\\/#primaryimage\"},\"thumbnailUrl\":\"http:\\\/\\\/www.bellunopress.it\\\/wp-content\\\/uploads\\\/2019\\\/05\\\/Duallika-Stefano-Cavallet-e-Luigino-Bortoluzzi.jpg\",\"articleSection\":[\"Prima Pagina\",\"Sport, tempo libero\"],\"inLanguage\":\"fr-FR\"},{\"@type\":\"WebPage\",\"@id\":\"https:\\\/\\\/www.bellunopress.it\\\/2019\\\/05\\\/12\\\/duathlon-marco-novello-firma-ledizione-2019-del-duallika\\\/\",\"url\":\"https:\\\/\\\/www.bellunopress.it\\\/2019\\\/05\\\/12\\\/duathlon-marco-novello-firma-ledizione-2019-del-duallika\\\/\",\"name\":\"Duathlon, Marco Novello firma l'edizione 2019 del Duallika - Bellunopress - Dolomiti\",\"isPartOf\":{\"@id\":\"https:\\\/\\\/www.bellunopress.it\\\/#website\"},\"primaryImageOfPage\":{\"@id\":\"https:\\\/\\\/www.bellunopress.it\\\/2019\\\/05\\\/12\\\/duathlon-marco-novello-firma-ledizione-2019-del-duallika\\\/#primaryimage\"},\"image\":{\"@id\":\"https:\\\/\\\/www.bellunopress.it\\\/2019\\\/05\\\/12\\\/duathlon-marco-novello-firma-ledizione-2019-del-duallika\\\/#primaryimage\"},\"thumbnailUrl\":\"http:\\\/\\\/www.bellunopress.it\\\/wp-content\\\/uploads\\\/2019\\\/05\\\/Duallika-Stefano-Cavallet-e-Luigino-Bortoluzzi.jpg\",\"datePublished\":\"2019-05-12T14:12:20+00:00\",\"dateModified\":\"2019-05-12T14:13:39+00:00\",\"breadcrumb\":{\"@id\":\"https:\\\/\\\/www.bellunopress.it\\\/2019\\\/05\\\/12\\\/duathlon-marco-novello-firma-ledizione-2019-del-duallika\\\/#breadcrumb\"},\"inLanguage\":\"fr-FR\",\"potentialAction\":[{\"@type\":\"ReadAction\",\"target\":[\"https:\\\/\\\/www.bellunopress.it\\\/2019\\\/05\\\/12\\\/duathlon-marco-novello-firma-ledizione-2019-del-duallika\\\/\"]}]},{\"@type\":\"ImageObject\",\"inLanguage\":\"fr-FR\",\"@id\":\"https:\\\/\\\/www.bellunopress.it\\\/2019\\\/05\\\/12\\\/duathlon-marco-novello-firma-ledizione-2019-del-duallika\\\/#primaryimage\",\"url\":\"http:\\\/\\\/www.bellunopress.it\\\/wp-content\\\/uploads\\\/2019\\\/05\\\/Duallika-Stefano-Cavallet-e-Luigino-Bortoluzzi.jpg\",\"contentUrl\":\"http:\\\/\\\/www.bellunopress.it\\\/wp-content\\\/uploads\\\/2019\\\/05\\\/Duallika-Stefano-Cavallet-e-Luigino-Bortoluzzi.jpg\"},{\"@type\":\"BreadcrumbList\",\"@id\":\"https:\\\/\\\/www.bellunopress.it\\\/2019\\\/05\\\/12\\\/duathlon-marco-novello-firma-ledizione-2019-del-duallika\\\/#breadcrumb\",\"itemListElement\":[{\"@type\":\"ListItem\",\"position\":1,\"name\":\"Home\",\"item\":\"https:\\\/\\\/www.bellunopress.it\\\/\"},{\"@type\":\"ListItem\",\"position\":2,\"name\":\"Duathlon, Marco Novello firma l&#8217;edizione 2019 del Duallika\"}]},{\"@type\":\"WebSite\",\"@id\":\"https:\\\/\\\/www.bellunopress.it\\\/#website\",\"url\":\"https:\\\/\\\/www.bellunopress.it\\\/\",\"name\":\"Bellunopress - Dolomiti\",\"description\":\"e-mail: redazione@bellunopress.it\",\"publisher\":{\"@id\":\"https:\\\/\\\/www.bellunopress.it\\\/#organization\"},\"potentialAction\":[{\"@type\":\"SearchAction\",\"target\":{\"@type\":\"EntryPoint\",\"urlTemplate\":\"https:\\\/\\\/www.bellunopress.it\\\/?s={search_term_string}\"},\"query-input\":{\"@type\":\"PropertyValueSpecification\",\"valueRequired\":true,\"valueName\":\"search_term_string\"}}],\"inLanguage\":\"fr-FR\"},{\"@type\":\"Organization\",\"@id\":\"https:\\\/\\\/www.bellunopress.it\\\/#organization\",\"name\":\"Bellunopress\",\"url\":\"https:\\\/\\\/www.bellunopress.it\\\/\",\"logo\":{\"@type\":\"ImageObject\",\"inLanguage\":\"fr-FR\",\"@id\":\"https:\\\/\\\/www.bellunopress.it\\\/#\\\/schema\\\/logo\\\/image\\\/\",\"url\":\"https:\\\/\\\/www.bellunopress.it\\\/wp-content\\\/uploads\\\/2011\\\/05\\\/cropped-logo-bellunopress-.jpg\",\"contentUrl\":\"https:\\\/\\\/www.bellunopress.it\\\/wp-content\\\/uploads\\\/2011\\\/05\\\/cropped-logo-bellunopress-.jpg\",\"width\":512,\"height\":512,\"caption\":\"Bellunopress\"},\"image\":{\"@id\":\"https:\\\/\\\/www.bellunopress.it\\\/#\\\/schema\\\/logo\\\/image\\\/\"},\"sameAs\":[\"https:\\\/\\\/www.facebook.com\\\/profile.php?id=100008943462799\",\"https:\\\/\\\/x.com\\\/bellunopress\",\"https:\\\/\\\/www.linkedin.com\\\/hp\\\/?dnr=JBzUWaJfMUw8vbXJJ2tVW5-I3jZKvC4wsoxE&amp;amp;amp;amp;amp;amp;trk=nav_responsive_tab_home\",\"https:\\\/\\\/www.youtube.com\\\/channel\\\/UCxL0wu1uN0_3_7hGG0306cw\"]},{\"@type\":\"Person\",\"@id\":\"https:\\\/\\\/www.bellunopress.it\\\/#\\\/schema\\\/person\\\/79bb06722b37ece1c03d3e94beb30d73\",\"name\":\"redazione\",\"image\":{\"@type\":\"ImageObject\",\"inLanguage\":\"fr-FR\",\"@id\":\"https:\\\/\\\/secure.gravatar.com\\\/avatar\\\/37d968a2e67a6fd04c169c4bdef102d0bc5d31b2546345219e348575eb80e9a0?s=96&d=mm&r=g\",\"url\":\"https:\\\/\\\/secure.gravatar.com\\\/avatar\\\/37d968a2e67a6fd04c169c4bdef102d0bc5d31b2546345219e348575eb80e9a0?s=96&d=mm&r=g\",\"contentUrl\":\"https:\\\/\\\/secure.gravatar.com\\\/avatar\\\/37d968a2e67a6fd04c169c4bdef102d0bc5d31b2546345219e348575eb80e9a0?s=96&d=mm&r=g\",\"caption\":\"redazione\"},\"sameAs\":[\"http:\\\/\\\/www.bellunopress.it\",\"https:\\\/\\\/x.com\\\/bellunopress\"],\"url\":\"https:\\\/\\\/www.bellunopress.it\\\/fr\\\/author\\\/redazione\\\/\"}]}<\/script>\n<!-- \/ Yoast SEO plugin. -->","yoast_head_json":{"title":"Duathlon, Marco Novello firma l'edizione 2019 del Duallika - Bellunopress - Dolomiti","robots":{"index":"index","follow":"follow","max-snippet":"max-snippet:-1","max-image-preview":"max-image-preview:large","max-video-preview":"max-video-preview:-1"},"canonical":"https:\/\/www.bellunopress.it\/fr\/2019\/05\/12\/duathlon-marco-novello-firma-ledizione-2019-del-duallika\/","og_locale":"fr_FR","og_type":"article","og_title":"Duathlon, Marco Novello firma l'edizione 2019 del Duallika - Bellunopress - Dolomiti","og_description":"Belluno, 12 maggio 2019\u00a0 &#8211;\u00a0 La pioggia non ferma la macchina organizzativa dell&#8217;associazione Nevegallika che anche per questo anno \u00e8 riuscita nell&#8217;intento di dare vita sportiva all&#8217;amato &#8220;Colle&#8221; bellunese, da Castion fin su in Nevegal. Quasi una settantina gli sportivi, ciclisti e corridori, che hanno sfidato l&#8217;acqua, il freddo ed il vento pur di raggiungere [&hellip;]","og_url":"https:\/\/www.bellunopress.it\/fr\/2019\/05\/12\/duathlon-marco-novello-firma-ledizione-2019-del-duallika\/","og_site_name":"Bellunopress - Dolomiti","article_publisher":"https:\/\/www.facebook.com\/profile.php?id=100008943462799","article_published_time":"2019-05-12T14:12:20+00:00","article_modified_time":"2019-05-12T14:13:39+00:00","og_image":[{"url":"http:\/\/www.bellunopress.it\/wp-content\/uploads\/2019\/05\/Duallika-Stefano-Cavallet-e-Luigino-Bortoluzzi.jpg","type":"","width":"","height":""}],"author":"redazione","twitter_card":"summary_large_image","twitter_creator":"@bellunopress","twitter_site":"@bellunopress","twitter_misc":{"\u00c9crit par":"redazione","Dur\u00e9e de lecture estim\u00e9e":"3 minutes"},"schema":{"@context":"https:\/\/schema.org","@graph":[{"@type":"Article","@id":"https:\/\/www.bellunopress.it\/2019\/05\/12\/duathlon-marco-novello-firma-ledizione-2019-del-duallika\/#article","isPartOf":{"@id":"https:\/\/www.bellunopress.it\/2019\/05\/12\/duathlon-marco-novello-firma-ledizione-2019-del-duallika\/"},"author":{"name":"redazione","@id":"https:\/\/www.bellunopress.it\/#\/schema\/person\/79bb06722b37ece1c03d3e94beb30d73"},"headline":"Duathlon, Marco Novello firma l&#8217;edizione 2019 del Duallika","datePublished":"2019-05-12T14:12:20+00:00","dateModified":"2019-05-12T14:13:39+00:00","mainEntityOfPage":{"@id":"https:\/\/www.bellunopress.it\/2019\/05\/12\/duathlon-marco-novello-firma-ledizione-2019-del-duallika\/"},"wordCount":541,"publisher":{"@id":"https:\/\/www.bellunopress.it\/#organization"},"image":{"@id":"https:\/\/www.bellunopress.it\/2019\/05\/12\/duathlon-marco-novello-firma-ledizione-2019-del-duallika\/#primaryimage"},"thumbnailUrl":"http:\/\/www.bellunopress.it\/wp-content\/uploads\/2019\/05\/Duallika-Stefano-Cavallet-e-Luigino-Bortoluzzi.jpg","articleSection":["Prima Pagina","Sport, tempo libero"],"inLanguage":"fr-FR"},{"@type":"WebPage","@id":"https:\/\/www.bellunopress.it\/2019\/05\/12\/duathlon-marco-novello-firma-ledizione-2019-del-duallika\/","url":"https:\/\/www.bellunopress.it\/2019\/05\/12\/duathlon-marco-novello-firma-ledizione-2019-del-duallika\/","name":"Duathlon, Marco Novello firma l'edizione 2019 del Duallika - Bellunopress - Dolomiti","isPartOf":{"@id":"https:\/\/www.bellunopress.it\/#website"},"primaryImageOfPage":{"@id":"https:\/\/www.bellunopress.it\/2019\/05\/12\/duathlon-marco-novello-firma-ledizione-2019-del-duallika\/#primaryimage"},"image":{"@id":"https:\/\/www.bellunopress.it\/2019\/05\/12\/duathlon-marco-novello-firma-ledizione-2019-del-duallika\/#primaryimage"},"thumbnailUrl":"http:\/\/www.bellunopress.it\/wp-content\/uploads\/2019\/05\/Duallika-Stefano-Cavallet-e-Luigino-Bortoluzzi.jpg","datePublished":"2019-05-12T14:12:20+00:00","dateModified":"2019-05-12T14:13:39+00:00","breadcrumb":{"@id":"https:\/\/www.bellunopress.it\/2019\/05\/12\/duathlon-marco-novello-firma-ledizione-2019-del-duallika\/#breadcrumb"},"inLanguage":"fr-FR","potentialAction":[{"@type":"ReadAction","target":["https:\/\/www.bellunopress.it\/2019\/05\/12\/duathlon-marco-novello-firma-ledizione-2019-del-duallika\/"]}]},{"@type":"ImageObject","inLanguage":"fr-FR","@id":"https:\/\/www.bellunopress.it\/2019\/05\/12\/duathlon-marco-novello-firma-ledizione-2019-del-duallika\/#primaryimage","url":"http:\/\/www.bellunopress.it\/wp-content\/uploads\/2019\/05\/Duallika-Stefano-Cavallet-e-Luigino-Bortoluzzi.jpg","contentUrl":"http:\/\/www.bellunopress.it\/wp-content\/uploads\/2019\/05\/Duallika-Stefano-Cavallet-e-Luigino-Bortoluzzi.jpg"},{"@type":"BreadcrumbList","@id":"https:\/\/www.bellunopress.it\/2019\/05\/12\/duathlon-marco-novello-firma-ledizione-2019-del-duallika\/#breadcrumb","itemListElement":[{"@type":"ListItem","position":1,"name":"Home","item":"https:\/\/www.bellunopress.it\/"},{"@type":"ListItem","position":2,"name":"Duathlon, Marco Novello firma l&#8217;edizione 2019 del Duallika"}]},{"@type":"WebSite","@id":"https:\/\/www.bellunopress.it\/#website","url":"https:\/\/www.bellunopress.it\/","name":"Bellunopress - Dolomiti","description":"e-mail: redazione@bellunopress.it","publisher":{"@id":"https:\/\/www.bellunopress.it\/#organization"},"potentialAction":[{"@type":"SearchAction","target":{"@type":"EntryPoint","urlTemplate":"https:\/\/www.bellunopress.it\/?s={search_term_string}"},"query-input":{"@type":"PropertyValueSpecification","valueRequired":true,"valueName":"search_term_string"}}],"inLanguage":"fr-FR"},{"@type":"Organization","@id":"https:\/\/www.bellunopress.it\/#organization","name":"Bellunopress","url":"https:\/\/www.bellunopress.it\/","logo":{"@type":"ImageObject","inLanguage":"fr-FR","@id":"https:\/\/www.bellunopress.it\/#\/schema\/logo\/image\/","url":"https:\/\/www.bellunopress.it\/wp-content\/uploads\/2011\/05\/cropped-logo-bellunopress-.jpg","contentUrl":"https:\/\/www.bellunopress.it\/wp-content\/uploads\/2011\/05\/cropped-logo-bellunopress-.jpg","width":512,"height":512,"caption":"Bellunopress"},"image":{"@id":"https:\/\/www.bellunopress.it\/#\/schema\/logo\/image\/"},"sameAs":["https:\/\/www.facebook.com\/profile.php?id=100008943462799","https:\/\/x.com\/bellunopress","https:\/\/www.linkedin.com\/hp\/?dnr=JBzUWaJfMUw8vbXJJ2tVW5-I3jZKvC4wsoxE&amp;amp;amp;amp;amp;amp;trk=nav_responsive_tab_home","https:\/\/www.youtube.com\/channel\/UCxL0wu1uN0_3_7hGG0306cw"]},{"@type":"Person","@id":"https:\/\/www.bellunopress.it\/#\/schema\/person\/79bb06722b37ece1c03d3e94beb30d73","name":"r\u00e9daction","image":{"@type":"ImageObject","inLanguage":"fr-FR","@id":"https:\/\/secure.gravatar.com\/avatar\/37d968a2e67a6fd04c169c4bdef102d0bc5d31b2546345219e348575eb80e9a0?s=96&d=mm&r=g","url":"https:\/\/secure.gravatar.com\/avatar\/37d968a2e67a6fd04c169c4bdef102d0bc5d31b2546345219e348575eb80e9a0?s=96&d=mm&r=g","contentUrl":"https:\/\/secure.gravatar.com\/avatar\/37d968a2e67a6fd04c169c4bdef102d0bc5d31b2546345219e348575eb80e9a0?s=96&d=mm&r=g","caption":"redazione"},"sameAs":["http:\/\/www.bellunopress.it","https:\/\/x.com\/bellunopress"],"url":"https:\/\/www.bellunopress.it\/fr\/author\/redazione\/"}]}},"_links":{"self":[{"href":"https:\/\/www.bellunopress.it\/fr\/wp-json\/wp\/v2\/posts\/104437","targetHints":{"allow":["GET"]}}],"collection":[{"href":"https:\/\/www.bellunopress.it\/fr\/wp-json\/wp\/v2\/posts"}],"about":[{"href":"https:\/\/www.bellunopress.it\/fr\/wp-json\/wp\/v2\/types\/post"}],"author":[{"embeddable":true,"href":"https:\/\/www.bellunopress.it\/fr\/wp-json\/wp\/v2\/users\/2"}],"replies":[{"embeddable":true,"href":"https:\/\/www.bellunopress.it\/fr\/wp-json\/wp\/v2\/comments?post=104437"}],"version-history":[{"count":2,"href":"https:\/\/www.bellunopress.it\/fr\/wp-json\/wp\/v2\/posts\/104437\/revisions"}],"predecessor-version":[{"id":104440,"href":"https:\/\/www.bellunopress.it\/fr\/wp-json\/wp\/v2\/posts\/104437\/revisions\/104440"}],"wp:attachment":[{"href":"https:\/\/www.bellunopress.it\/fr\/wp-json\/wp\/v2\/media?parent=104437"}],"wp:term":[{"taxonomy":"category","embeddable":true,"href":"https:\/\/www.bellunopress.it\/fr\/wp-json\/wp\/v2\/categories?post=104437"},{"taxonomy":"post_tag","embeddable":true,"href":"https:\/\/www.bellunopress.it\/fr\/wp-json\/wp\/v2\/tags?post=104437"}],"curies":[{"name":"wp","href":"https:\/\/api.w.org\/{rel}","templated":true}]}}