{"id":104435,"date":"2019-05-12T15:39:51","date_gmt":"2019-05-12T13:39:51","guid":{"rendered":"http:\/\/www.bellunopress.it\/?p=104435"},"modified":"2019-05-15T11:45:03","modified_gmt":"2019-05-15T09:45:03","slug":"conegliano-valdobbiadene-festival-fino-al-29-maggio","status":"publish","type":"post","link":"https:\/\/www.bellunopress.it\/fr\/2019\/05\/12\/conegliano-valdobbiadene-festival-fino-al-29-maggio\/","title":{"rendered":"Conegliano Valdobbiadene Festival. Fino al 29 maggio"},"content":{"rendered":"<p>Il Conegliano Valdobbiadene Festival racconta un vino, il Conegliano Valdobbiadene Prosecco Superiore DOCG, nel suo territorio d\u2019origine, le colline ricamate di viti nel cuore della provincia di Treviso. Dal 7 al 29 Maggio 2019<\/p>\n<figure id=\"attachment_95059\" aria-describedby=\"caption-attachment-95059\" style=\"width: 300px\" class=\"wp-caption alignleft\"><a href=\"http:\/\/www.bellunopress.it\/fr\/2018\/05\/18\/vino-in-villa-2018-al-castello-di-san-salvatore-a-susegana-dal-19-al-21-maggio\/castello-di-san-salvatore-collalto-susegana\/\" rel=\"attachment wp-att-95059\"><img loading=\"lazy\" decoding=\"async\" class=\"size-full wp-image-95059\" src=\"http:\/\/www.bellunopress.it\/wp-content\/uploads\/2018\/05\/castello-di-San-Salvatore-Collalto-Susegana.jpg\" alt=\"\" width=\"300\" height=\"199\" \/><\/a><figcaption id=\"caption-attachment-95059\" class=\"wp-caption-text\">Castello di San Salvatore. Collalto &#8211; Susegana<\/figcaption><\/figure>\n<p>In occasione del Cinquantesimo anniversario dal prestigioso riconoscimento a Denominazione, il Conegliano Valdobbiadene Festival raccoglie l\u2019eredit\u00e0 di Vino in Villa, creando\u00a0<a href=\"https:\/\/coneglianovaldobbiadenefestival.it\/il-programma\/\">una serie di appuntamenti nel mese di Maggio<\/a>\u00a0rivolti a giornalisti, operatori del settore e consumatori, confermandosi un momento d\u2019incontro privilegiato per conoscere l\u2019ultima annata del Conegliano Valdobbiadene Prosecco Superiore DOCG attraverso le degustazioni; ma anche per approfondire le varie tipologie grazie agli incontri con i produttori, per assaggiare gli abbinamenti con i sapori italiani di alta qualit\u00e0, e infine per cogliere le differenze tra le aree di coltivazione attraverso le visite al territorio.<\/p>\n<p>La Rassegna del Prosecco Superiore, organizzata nell\u2019ambito del Conegliano Valdobbiadene Festival, \u00e8 un\u2019occasione imperdibile per conoscere e approfondire l\u2019ultima annata del Conegliano Valdobbiadene Prosecco Superiore DOCG.<\/p>\n<p>&nbsp;<\/p>\n<p>&nbsp;<\/p>\n<p><strong>Conegliano Valdobbiadene Festival &#8211; Rassegna del Prosecco Superiore<\/strong><\/p>\n<p>Nella giornata di domenica 19 maggio, presso il Castello di San Salvatore a Susegana, sar\u00e0 possibile incontrare i produttori, assaggiare una selezione di oltre 200 etichette di Conegliano Valdobbiadene Prosecco Superiore DOCG, partecipare alle degustazioni guidate e provare l\u2019esclusivo abbinamento con la \u201cBomba\u201d dello chef stellato Niko Romito, una versione street food dell\u2019alta cucina italiana.<\/p>\n<p>L\u2019evento \u00e8 aperto al pubblico previa acquisto del biglietto d\u2019ingresso, e si svolge nel cuore dell\u2019area di produzione.<\/p>\n<div class=\"tribe-events-single-event-description tribe-events-content\">\n<h2>Venerd\u00ec 17 maggio il dialogo tra Philippe Daverio e Gianmario Villalta<\/h2>\n<p>Presso gli spazi dell\u2019Ex Convento di San Francesco a Conegliano, il Consorzio di Tutela del Conegliano Valdobbiadene Prosecco Superiore ospiter\u00e0 un dialogo tra il critico d\u2019arte Philippe Daverio e il poeta e scrittore Gian Mario Villalta che tratteranno il tema del paesaggio locale nell\u2019 arte figurativa e in letteratura nel corso dei secoli.<\/p>\n<p>L\u2019intento della serata \u00e8 far emergere il valore culturale, umano ed economico che ancora oggi questo paesaggio \u00e8 in grado di rappresentare in qualit\u00e0 di teatro quotidiano della vita locale.<span class=\"Apple-converted-space\">\u00a0<\/span><\/p>\n<p>Nell\u2019anno del Cinquantesimo anniversario della Denominazione, parlare del paesaggio del Conegliano Valdobbiadene \u00e8 un modo per sottolineare quanto anche la passione per il lavoro in vigna sia ispirata dalla bellezza di queste colline ricamate dall\u2019uomo. Una natura modellata dall\u2019uomo, che ha prodotto un paesaggio divenuto parte integrante della tradizione culturale veneta in generale e del territorio del Conegliano Valdobbiadene in particolare.<span class=\"Apple-converted-space\">\u00a0<\/span><\/p>\n<p>L\u2019incontro \u00e8 introdotto da Innocente Nardi, Presidente del Consorzio di Tutela del Conegliano Valdobbiadene Prosecco Superiore e da Emanuela Bassetti, Presidente e amministratore delegato di Civita Tre Venezie.<\/p>\n<\/div>\n<div class=\"tribe-events-cal-links\"><a class=\"tribe-events-gcal tribe-events-button\" title=\"Aggiungi a Google Calendar\" href=\"https:\/\/www.google.com\/calendar\/event?action=TEMPLATE&amp;text=Il+Racconto+del+Paesaggio+del+Conegliano+Valdobbiadene+attraverso+le+arti&amp;dates=20190517T180000\/20190517T233000&amp;details=Un+dialogo+tra+Philippe+Daverio+e+Gianmario+Villalta%0APresso+gli+spazi+dell%E2%80%99Ex+Convento+di+San+Francesco+a+Conegliano%2C+il+Consorzio+di+Tutela+del+Conegliano+Valdobbiadene+Prosecco+Superiore+ospiter%C3%A0+un+dialogo+tra+il+critico+d%E2%80%99arte+Philippe+Daverio+e+il+poeta+e+scrittore+Gian+Mario+Villalta+che+tratteranno+il+tema+del+paesaggio+locale+nell%E2%80%99+arte+figurativa+e+in+letteratura+nel+corso+dei+secoli.+%0AL%E2%80%99intento+della+serata+%C3%A8+far+emergere+il+valore+culturale%2C+umano+ed+economico+che+ancora+oggi+questo+paesaggio+%C3%A8+in+grado+di+rappresentare+in+qualit%C3%A0+di+teatro+quotidiano+della+vita+locale.%C2%A0+%0ANell%E2%80%99anno+del+Cinquantesimo+anniversario+della+Denominazione%2C+parlare+del+paesaggio+del+Conegliano+Valdobbiadene+%C3%A8+un+modo+per+sottolineare+quanto+anche+la+passione+per+il+lavoro+in+vigna+sia+ispirata+dalla+bellezza+di+queste+colline+ricamate+dall%E2%80%99uomo.+Una+natura+modellata+dall%E2%80%99uomo%2C+che+ha+prodotto+un+paesaggio+divenuto+parte+integrante+della+tradizione+culturale+veneta+in+generale+%28Visualizza+la+descrizione+completa+di+Evento+qui%3A+https%3A%2F%2Fconeglianovaldobbiadenefestival.it%2Fevento%2Fil-racconto-del-paesaggio-del-conegliano-valdobbiadene-attraverso-le-arti%2F%29&amp;location=Convento+di+San+Francesco%2C+Via+Edmondo+de+Amicis%2C+Conegliano%2C+TV%2C+31015%2C+Italia&amp;trp=false&amp;sprop=website:https:\/\/coneglianovaldobbiadenefestival.it&amp;ctz=Europe%2FRome\">+ GOOGLE CALENDAR<\/a><\/div>\n<div class=\"tribe-events-single-section tribe-events-event-meta primary tribe-clearfix\">\n<div class=\"tribe-events-meta-group tribe-events-meta-group-details\">\n<h2 class=\"tribe-events-single-section-title\">Dettagli<\/h2>\n<dl>\n<dd><abbr class=\"tribe-events-abbr tribe-events-start-date published dtstart\" title=\"2019-05-17\">17 Maggio<\/abbr><\/dd>\n<dd>\n<div class=\"tribe-events-abbr tribe-events-start-time published dtstart\" title=\"2019-05-17\">18:00 &#8211; 23:30<\/div>\n<\/dd>\n<dd class=\"tribe-events-event-cost\">Gratuito<\/dd>\n<\/dl>\n<\/div>\n<div class=\"tribe-events-meta-group tribe-events-meta-group-venue\">\n<h2 class=\"tribe-events-single-section-title\">Luogo<\/h2>\n<dl>\n<dd class=\"tribe-venue\"><a href=\"https:\/\/coneglianovaldobbiadenefestival.it\/luogo\/convento-di-san-francesco\/\">Convento di San Francesco<\/a><\/dd>\n<dd class=\"tribe-venue-location\">\n<address class=\"tribe-events-address\"><span class=\"tribe-address\"><span class=\"tribe-street-address\">Via Edmondo de Amicis<\/span><br \/>\n<span class=\"tribe-locality\">Conegliano<\/span><span class=\"tribe-delimiter\">,<\/span>\u00a0<abbr class=\"tribe-region tribe-events-abbr\" title=\"TV\">TV<\/abbr>\u00a0<span class=\"tribe-postal-code\">31015<\/span>\u00a0<span class=\"tribe-country-name\">Italia<\/span><\/span><a class=\"tribe-events-gmap\" title=\"Fai clic per visualizzare una mappa Google Maps\" href=\"https:\/\/maps.google.com\/maps?f=q&amp;source=s_q&amp;hl=en&amp;geocode=&amp;q=Via+Edmondo+de+Amicis+Conegliano+TV+31015+Italia\" target=\"_blank\" rel=\"noopener noreferrer\">+ Google Maps<\/a><\/address>\n<\/dd>\n<\/dl>\n<\/div>\n<\/div>\n<p>&nbsp;<\/p>\n<p>&nbsp;<\/p>","protected":false},"excerpt":{"rendered":"<p>Il Conegliano Valdobbiadene Festival racconta un vino, il Conegliano Valdobbiadene Prosecco Superiore DOCG, nel suo territorio d\u2019origine, le colline ricamate di viti nel cuore della provincia di Treviso. Dal 7 al 29 Maggio 2019 In occasione del Cinquantesimo anniversario dal prestigioso riconoscimento a Denominazione, il Conegliano Valdobbiadene Festival raccoglie l\u2019eredit\u00e0 di Vino in Villa, creando\u00a0una [&hellip;]<\/p>\n","protected":false},"author":2,"featured_media":0,"comment_status":"closed","ping_status":"open","sticky":false,"template":"","format":"standard","meta":{"footnotes":""},"categories":[27,3,3393,26],"tags":[3410,3411],"class_list":["post-104435","post","type-post","status-publish","format-standard","category-appuntamenti","category-arte-cultura-spettacoli-scienza-archivi","category-eventi-enogastronomici","category-prima-pagina","tag-conegliano-valdobbiadene-festival","tag-rassegna-del-prosecco-superiore"],"yoast_head":"<!-- This site is optimized with the Yoast SEO plugin v28.4 - https:\/\/yoast.com\/product\/yoast-seo-wordpress\/ -->\n<title>Conegliano Valdobbiadene Festival. Fino al 29 maggio - Bellunopress - Dolomiti<\/title>\n<meta name=\"robots\" content=\"index, follow, max-snippet:-1, max-image-preview:large, max-video-preview:-1\" \/>\n<link rel=\"canonical\" href=\"https:\/\/www.bellunopress.it\/fr\/2019\/05\/12\/conegliano-valdobbiadene-festival-fino-al-29-maggio\/\" \/>\n<meta property=\"og:locale\" content=\"fr_FR\" \/>\n<meta property=\"og:type\" content=\"article\" \/>\n<meta property=\"og:title\" content=\"Conegliano Valdobbiadene Festival. Fino al 29 maggio - Bellunopress - Dolomiti\" \/>\n<meta property=\"og:description\" content=\"Il Conegliano Valdobbiadene Festival racconta un vino, il Conegliano Valdobbiadene Prosecco Superiore DOCG, nel suo territorio d\u2019origine, le colline ricamate di viti nel cuore della provincia di Treviso. Dal 7 al 29 Maggio 2019 In occasione del Cinquantesimo anniversario dal prestigioso riconoscimento a Denominazione, il Conegliano Valdobbiadene Festival raccoglie l\u2019eredit\u00e0 di Vino in Villa, creando\u00a0una [&hellip;]\" \/>\n<meta property=\"og:url\" content=\"https:\/\/www.bellunopress.it\/fr\/2019\/05\/12\/conegliano-valdobbiadene-festival-fino-al-29-maggio\/\" \/>\n<meta property=\"og:site_name\" content=\"Bellunopress - Dolomiti\" \/>\n<meta property=\"article:publisher\" content=\"https:\/\/www.facebook.com\/profile.php?id=100008943462799\" \/>\n<meta property=\"article:published_time\" content=\"2019-05-12T13:39:51+00:00\" \/>\n<meta property=\"article:modified_time\" content=\"2019-05-15T09:45:03+00:00\" \/>\n<meta property=\"og:image\" content=\"http:\/\/www.bellunopress.it\/wp-content\/uploads\/2018\/05\/castello-di-San-Salvatore-Collalto-Susegana.jpg\" \/>\n<meta name=\"author\" content=\"redazione\" \/>\n<meta name=\"twitter:card\" content=\"summary_large_image\" \/>\n<meta name=\"twitter:creator\" content=\"@bellunopress\" \/>\n<meta name=\"twitter:site\" content=\"@bellunopress\" \/>\n<meta name=\"twitter:label1\" content=\"\u00c9crit par\" \/>\n\t<meta name=\"twitter:data1\" content=\"redazione\" \/>\n\t<meta name=\"twitter:label2\" content=\"Dur\u00e9e de lecture estim\u00e9e\" \/>\n\t<meta name=\"twitter:data2\" content=\"2 minutes\" \/>\n<script type=\"application\/ld+json\" class=\"yoast-schema-graph\">{\"@context\":\"https:\\\/\\\/schema.org\",\"@graph\":[{\"@type\":\"Article\",\"@id\":\"https:\\\/\\\/www.bellunopress.it\\\/2019\\\/05\\\/12\\\/conegliano-valdobbiadene-festival-fino-al-29-maggio\\\/#article\",\"isPartOf\":{\"@id\":\"https:\\\/\\\/www.bellunopress.it\\\/2019\\\/05\\\/12\\\/conegliano-valdobbiadene-festival-fino-al-29-maggio\\\/\"},\"author\":{\"name\":\"redazione\",\"@id\":\"https:\\\/\\\/www.bellunopress.it\\\/#\\\/schema\\\/person\\\/79bb06722b37ece1c03d3e94beb30d73\"},\"headline\":\"Conegliano Valdobbiadene Festival. Fino al 29 maggio\",\"datePublished\":\"2019-05-12T13:39:51+00:00\",\"dateModified\":\"2019-05-15T09:45:03+00:00\",\"mainEntityOfPage\":{\"@id\":\"https:\\\/\\\/www.bellunopress.it\\\/2019\\\/05\\\/12\\\/conegliano-valdobbiadene-festival-fino-al-29-maggio\\\/\"},\"wordCount\":470,\"publisher\":{\"@id\":\"https:\\\/\\\/www.bellunopress.it\\\/#organization\"},\"image\":{\"@id\":\"https:\\\/\\\/www.bellunopress.it\\\/2019\\\/05\\\/12\\\/conegliano-valdobbiadene-festival-fino-al-29-maggio\\\/#primaryimage\"},\"thumbnailUrl\":\"http:\\\/\\\/www.bellunopress.it\\\/wp-content\\\/uploads\\\/2018\\\/05\\\/castello-di-San-Salvatore-Collalto-Susegana.jpg\",\"keywords\":[\"Conegliano Valdobbiadene Festival\",\"Rassegna del Prosecco Superiore\"],\"articleSection\":[\"Appuntamenti, Eventi\",\"Arte, Cultura, Spettacoli, Scienza\",\"Eventi enogastronomici\",\"Prima Pagina\"],\"inLanguage\":\"fr-FR\"},{\"@type\":\"WebPage\",\"@id\":\"https:\\\/\\\/www.bellunopress.it\\\/2019\\\/05\\\/12\\\/conegliano-valdobbiadene-festival-fino-al-29-maggio\\\/\",\"url\":\"https:\\\/\\\/www.bellunopress.it\\\/2019\\\/05\\\/12\\\/conegliano-valdobbiadene-festival-fino-al-29-maggio\\\/\",\"name\":\"Conegliano Valdobbiadene Festival. Fino al 29 maggio - Bellunopress - Dolomiti\",\"isPartOf\":{\"@id\":\"https:\\\/\\\/www.bellunopress.it\\\/#website\"},\"primaryImageOfPage\":{\"@id\":\"https:\\\/\\\/www.bellunopress.it\\\/2019\\\/05\\\/12\\\/conegliano-valdobbiadene-festival-fino-al-29-maggio\\\/#primaryimage\"},\"image\":{\"@id\":\"https:\\\/\\\/www.bellunopress.it\\\/2019\\\/05\\\/12\\\/conegliano-valdobbiadene-festival-fino-al-29-maggio\\\/#primaryimage\"},\"thumbnailUrl\":\"http:\\\/\\\/www.bellunopress.it\\\/wp-content\\\/uploads\\\/2018\\\/05\\\/castello-di-San-Salvatore-Collalto-Susegana.jpg\",\"datePublished\":\"2019-05-12T13:39:51+00:00\",\"dateModified\":\"2019-05-15T09:45:03+00:00\",\"breadcrumb\":{\"@id\":\"https:\\\/\\\/www.bellunopress.it\\\/2019\\\/05\\\/12\\\/conegliano-valdobbiadene-festival-fino-al-29-maggio\\\/#breadcrumb\"},\"inLanguage\":\"fr-FR\",\"potentialAction\":[{\"@type\":\"ReadAction\",\"target\":[\"https:\\\/\\\/www.bellunopress.it\\\/2019\\\/05\\\/12\\\/conegliano-valdobbiadene-festival-fino-al-29-maggio\\\/\"]}]},{\"@type\":\"ImageObject\",\"inLanguage\":\"fr-FR\",\"@id\":\"https:\\\/\\\/www.bellunopress.it\\\/2019\\\/05\\\/12\\\/conegliano-valdobbiadene-festival-fino-al-29-maggio\\\/#primaryimage\",\"url\":\"http:\\\/\\\/www.bellunopress.it\\\/wp-content\\\/uploads\\\/2018\\\/05\\\/castello-di-San-Salvatore-Collalto-Susegana.jpg\",\"contentUrl\":\"http:\\\/\\\/www.bellunopress.it\\\/wp-content\\\/uploads\\\/2018\\\/05\\\/castello-di-San-Salvatore-Collalto-Susegana.jpg\"},{\"@type\":\"BreadcrumbList\",\"@id\":\"https:\\\/\\\/www.bellunopress.it\\\/2019\\\/05\\\/12\\\/conegliano-valdobbiadene-festival-fino-al-29-maggio\\\/#breadcrumb\",\"itemListElement\":[{\"@type\":\"ListItem\",\"position\":1,\"name\":\"Home\",\"item\":\"https:\\\/\\\/www.bellunopress.it\\\/\"},{\"@type\":\"ListItem\",\"position\":2,\"name\":\"Conegliano Valdobbiadene Festival. Fino al 29 maggio\"}]},{\"@type\":\"WebSite\",\"@id\":\"https:\\\/\\\/www.bellunopress.it\\\/#website\",\"url\":\"https:\\\/\\\/www.bellunopress.it\\\/\",\"name\":\"Bellunopress - Dolomiti\",\"description\":\"e-mail: redazione@bellunopress.it\",\"publisher\":{\"@id\":\"https:\\\/\\\/www.bellunopress.it\\\/#organization\"},\"potentialAction\":[{\"@type\":\"SearchAction\",\"target\":{\"@type\":\"EntryPoint\",\"urlTemplate\":\"https:\\\/\\\/www.bellunopress.it\\\/?s={search_term_string}\"},\"query-input\":{\"@type\":\"PropertyValueSpecification\",\"valueRequired\":true,\"valueName\":\"search_term_string\"}}],\"inLanguage\":\"fr-FR\"},{\"@type\":\"Organization\",\"@id\":\"https:\\\/\\\/www.bellunopress.it\\\/#organization\",\"name\":\"Bellunopress\",\"url\":\"https:\\\/\\\/www.bellunopress.it\\\/\",\"logo\":{\"@type\":\"ImageObject\",\"inLanguage\":\"fr-FR\",\"@id\":\"https:\\\/\\\/www.bellunopress.it\\\/#\\\/schema\\\/logo\\\/image\\\/\",\"url\":\"https:\\\/\\\/www.bellunopress.it\\\/wp-content\\\/uploads\\\/2011\\\/05\\\/cropped-logo-bellunopress-.jpg\",\"contentUrl\":\"https:\\\/\\\/www.bellunopress.it\\\/wp-content\\\/uploads\\\/2011\\\/05\\\/cropped-logo-bellunopress-.jpg\",\"width\":512,\"height\":512,\"caption\":\"Bellunopress\"},\"image\":{\"@id\":\"https:\\\/\\\/www.bellunopress.it\\\/#\\\/schema\\\/logo\\\/image\\\/\"},\"sameAs\":[\"https:\\\/\\\/www.facebook.com\\\/profile.php?id=100008943462799\",\"https:\\\/\\\/x.com\\\/bellunopress\",\"https:\\\/\\\/www.linkedin.com\\\/hp\\\/?dnr=JBzUWaJfMUw8vbXJJ2tVW5-I3jZKvC4wsoxE&amp;amp;amp;amp;amp;amp;trk=nav_responsive_tab_home\",\"https:\\\/\\\/www.youtube.com\\\/channel\\\/UCxL0wu1uN0_3_7hGG0306cw\"]},{\"@type\":\"Person\",\"@id\":\"https:\\\/\\\/www.bellunopress.it\\\/#\\\/schema\\\/person\\\/79bb06722b37ece1c03d3e94beb30d73\",\"name\":\"redazione\",\"image\":{\"@type\":\"ImageObject\",\"inLanguage\":\"fr-FR\",\"@id\":\"https:\\\/\\\/secure.gravatar.com\\\/avatar\\\/37d968a2e67a6fd04c169c4bdef102d0bc5d31b2546345219e348575eb80e9a0?s=96&d=mm&r=g\",\"url\":\"https:\\\/\\\/secure.gravatar.com\\\/avatar\\\/37d968a2e67a6fd04c169c4bdef102d0bc5d31b2546345219e348575eb80e9a0?s=96&d=mm&r=g\",\"contentUrl\":\"https:\\\/\\\/secure.gravatar.com\\\/avatar\\\/37d968a2e67a6fd04c169c4bdef102d0bc5d31b2546345219e348575eb80e9a0?s=96&d=mm&r=g\",\"caption\":\"redazione\"},\"sameAs\":[\"http:\\\/\\\/www.bellunopress.it\",\"https:\\\/\\\/x.com\\\/bellunopress\"],\"url\":\"https:\\\/\\\/www.bellunopress.it\\\/fr\\\/author\\\/redazione\\\/\"}]}<\/script>\n<!-- \/ Yoast SEO plugin. -->","yoast_head_json":{"title":"Conegliano Valdobbiadene Festival. Fino al 29 maggio - Bellunopress - Dolomiti","robots":{"index":"index","follow":"follow","max-snippet":"max-snippet:-1","max-image-preview":"max-image-preview:large","max-video-preview":"max-video-preview:-1"},"canonical":"https:\/\/www.bellunopress.it\/fr\/2019\/05\/12\/conegliano-valdobbiadene-festival-fino-al-29-maggio\/","og_locale":"fr_FR","og_type":"article","og_title":"Conegliano Valdobbiadene Festival. Fino al 29 maggio - Bellunopress - Dolomiti","og_description":"Il Conegliano Valdobbiadene Festival racconta un vino, il Conegliano Valdobbiadene Prosecco Superiore DOCG, nel suo territorio d\u2019origine, le colline ricamate di viti nel cuore della provincia di Treviso. Dal 7 al 29 Maggio 2019 In occasione del Cinquantesimo anniversario dal prestigioso riconoscimento a Denominazione, il Conegliano Valdobbiadene Festival raccoglie l\u2019eredit\u00e0 di Vino in Villa, creando\u00a0una [&hellip;]","og_url":"https:\/\/www.bellunopress.it\/fr\/2019\/05\/12\/conegliano-valdobbiadene-festival-fino-al-29-maggio\/","og_site_name":"Bellunopress - Dolomiti","article_publisher":"https:\/\/www.facebook.com\/profile.php?id=100008943462799","article_published_time":"2019-05-12T13:39:51+00:00","article_modified_time":"2019-05-15T09:45:03+00:00","og_image":[{"url":"http:\/\/www.bellunopress.it\/wp-content\/uploads\/2018\/05\/castello-di-San-Salvatore-Collalto-Susegana.jpg","type":"","width":"","height":""}],"author":"redazione","twitter_card":"summary_large_image","twitter_creator":"@bellunopress","twitter_site":"@bellunopress","twitter_misc":{"\u00c9crit par":"redazione","Dur\u00e9e de lecture estim\u00e9e":"2 minutes"},"schema":{"@context":"https:\/\/schema.org","@graph":[{"@type":"Article","@id":"https:\/\/www.bellunopress.it\/2019\/05\/12\/conegliano-valdobbiadene-festival-fino-al-29-maggio\/#article","isPartOf":{"@id":"https:\/\/www.bellunopress.it\/2019\/05\/12\/conegliano-valdobbiadene-festival-fino-al-29-maggio\/"},"author":{"name":"redazione","@id":"https:\/\/www.bellunopress.it\/#\/schema\/person\/79bb06722b37ece1c03d3e94beb30d73"},"headline":"Conegliano Valdobbiadene Festival. Fino al 29 maggio","datePublished":"2019-05-12T13:39:51+00:00","dateModified":"2019-05-15T09:45:03+00:00","mainEntityOfPage":{"@id":"https:\/\/www.bellunopress.it\/2019\/05\/12\/conegliano-valdobbiadene-festival-fino-al-29-maggio\/"},"wordCount":470,"publisher":{"@id":"https:\/\/www.bellunopress.it\/#organization"},"image":{"@id":"https:\/\/www.bellunopress.it\/2019\/05\/12\/conegliano-valdobbiadene-festival-fino-al-29-maggio\/#primaryimage"},"thumbnailUrl":"http:\/\/www.bellunopress.it\/wp-content\/uploads\/2018\/05\/castello-di-San-Salvatore-Collalto-Susegana.jpg","keywords":["Conegliano Valdobbiadene Festival","Rassegna del Prosecco Superiore"],"articleSection":["Appuntamenti, Eventi","Arte, Cultura, Spettacoli, Scienza","Eventi enogastronomici","Prima Pagina"],"inLanguage":"fr-FR"},{"@type":"WebPage","@id":"https:\/\/www.bellunopress.it\/2019\/05\/12\/conegliano-valdobbiadene-festival-fino-al-29-maggio\/","url":"https:\/\/www.bellunopress.it\/2019\/05\/12\/conegliano-valdobbiadene-festival-fino-al-29-maggio\/","name":"Conegliano Valdobbiadene Festival. Fino al 29 maggio - Bellunopress - Dolomiti","isPartOf":{"@id":"https:\/\/www.bellunopress.it\/#website"},"primaryImageOfPage":{"@id":"https:\/\/www.bellunopress.it\/2019\/05\/12\/conegliano-valdobbiadene-festival-fino-al-29-maggio\/#primaryimage"},"image":{"@id":"https:\/\/www.bellunopress.it\/2019\/05\/12\/conegliano-valdobbiadene-festival-fino-al-29-maggio\/#primaryimage"},"thumbnailUrl":"http:\/\/www.bellunopress.it\/wp-content\/uploads\/2018\/05\/castello-di-San-Salvatore-Collalto-Susegana.jpg","datePublished":"2019-05-12T13:39:51+00:00","dateModified":"2019-05-15T09:45:03+00:00","breadcrumb":{"@id":"https:\/\/www.bellunopress.it\/2019\/05\/12\/conegliano-valdobbiadene-festival-fino-al-29-maggio\/#breadcrumb"},"inLanguage":"fr-FR","potentialAction":[{"@type":"ReadAction","target":["https:\/\/www.bellunopress.it\/2019\/05\/12\/conegliano-valdobbiadene-festival-fino-al-29-maggio\/"]}]},{"@type":"ImageObject","inLanguage":"fr-FR","@id":"https:\/\/www.bellunopress.it\/2019\/05\/12\/conegliano-valdobbiadene-festival-fino-al-29-maggio\/#primaryimage","url":"http:\/\/www.bellunopress.it\/wp-content\/uploads\/2018\/05\/castello-di-San-Salvatore-Collalto-Susegana.jpg","contentUrl":"http:\/\/www.bellunopress.it\/wp-content\/uploads\/2018\/05\/castello-di-San-Salvatore-Collalto-Susegana.jpg"},{"@type":"BreadcrumbList","@id":"https:\/\/www.bellunopress.it\/2019\/05\/12\/conegliano-valdobbiadene-festival-fino-al-29-maggio\/#breadcrumb","itemListElement":[{"@type":"ListItem","position":1,"name":"Home","item":"https:\/\/www.bellunopress.it\/"},{"@type":"ListItem","position":2,"name":"Conegliano Valdobbiadene Festival. Fino al 29 maggio"}]},{"@type":"WebSite","@id":"https:\/\/www.bellunopress.it\/#website","url":"https:\/\/www.bellunopress.it\/","name":"Bellunopress - Dolomiti","description":"e-mail: redazione@bellunopress.it","publisher":{"@id":"https:\/\/www.bellunopress.it\/#organization"},"potentialAction":[{"@type":"SearchAction","target":{"@type":"EntryPoint","urlTemplate":"https:\/\/www.bellunopress.it\/?s={search_term_string}"},"query-input":{"@type":"PropertyValueSpecification","valueRequired":true,"valueName":"search_term_string"}}],"inLanguage":"fr-FR"},{"@type":"Organization","@id":"https:\/\/www.bellunopress.it\/#organization","name":"Bellunopress","url":"https:\/\/www.bellunopress.it\/","logo":{"@type":"ImageObject","inLanguage":"fr-FR","@id":"https:\/\/www.bellunopress.it\/#\/schema\/logo\/image\/","url":"https:\/\/www.bellunopress.it\/wp-content\/uploads\/2011\/05\/cropped-logo-bellunopress-.jpg","contentUrl":"https:\/\/www.bellunopress.it\/wp-content\/uploads\/2011\/05\/cropped-logo-bellunopress-.jpg","width":512,"height":512,"caption":"Bellunopress"},"image":{"@id":"https:\/\/www.bellunopress.it\/#\/schema\/logo\/image\/"},"sameAs":["https:\/\/www.facebook.com\/profile.php?id=100008943462799","https:\/\/x.com\/bellunopress","https:\/\/www.linkedin.com\/hp\/?dnr=JBzUWaJfMUw8vbXJJ2tVW5-I3jZKvC4wsoxE&amp;amp;amp;amp;amp;amp;trk=nav_responsive_tab_home","https:\/\/www.youtube.com\/channel\/UCxL0wu1uN0_3_7hGG0306cw"]},{"@type":"Person","@id":"https:\/\/www.bellunopress.it\/#\/schema\/person\/79bb06722b37ece1c03d3e94beb30d73","name":"r\u00e9daction","image":{"@type":"ImageObject","inLanguage":"fr-FR","@id":"https:\/\/secure.gravatar.com\/avatar\/37d968a2e67a6fd04c169c4bdef102d0bc5d31b2546345219e348575eb80e9a0?s=96&d=mm&r=g","url":"https:\/\/secure.gravatar.com\/avatar\/37d968a2e67a6fd04c169c4bdef102d0bc5d31b2546345219e348575eb80e9a0?s=96&d=mm&r=g","contentUrl":"https:\/\/secure.gravatar.com\/avatar\/37d968a2e67a6fd04c169c4bdef102d0bc5d31b2546345219e348575eb80e9a0?s=96&d=mm&r=g","caption":"redazione"},"sameAs":["http:\/\/www.bellunopress.it","https:\/\/x.com\/bellunopress"],"url":"https:\/\/www.bellunopress.it\/fr\/author\/redazione\/"}]}},"_links":{"self":[{"href":"https:\/\/www.bellunopress.it\/fr\/wp-json\/wp\/v2\/posts\/104435","targetHints":{"allow":["GET"]}}],"collection":[{"href":"https:\/\/www.bellunopress.it\/fr\/wp-json\/wp\/v2\/posts"}],"about":[{"href":"https:\/\/www.bellunopress.it\/fr\/wp-json\/wp\/v2\/types\/post"}],"author":[{"embeddable":true,"href":"https:\/\/www.bellunopress.it\/fr\/wp-json\/wp\/v2\/users\/2"}],"replies":[{"embeddable":true,"href":"https:\/\/www.bellunopress.it\/fr\/wp-json\/wp\/v2\/comments?post=104435"}],"version-history":[{"count":3,"href":"https:\/\/www.bellunopress.it\/fr\/wp-json\/wp\/v2\/posts\/104435\/revisions"}],"predecessor-version":[{"id":104516,"href":"https:\/\/www.bellunopress.it\/fr\/wp-json\/wp\/v2\/posts\/104435\/revisions\/104516"}],"wp:attachment":[{"href":"https:\/\/www.bellunopress.it\/fr\/wp-json\/wp\/v2\/media?parent=104435"}],"wp:term":[{"taxonomy":"category","embeddable":true,"href":"https:\/\/www.bellunopress.it\/fr\/wp-json\/wp\/v2\/categories?post=104435"},{"taxonomy":"post_tag","embeddable":true,"href":"https:\/\/www.bellunopress.it\/fr\/wp-json\/wp\/v2\/tags?post=104435"}],"curies":[{"name":"wp","href":"https:\/\/api.w.org\/{rel}","templated":true}]}}