{"id":104364,"date":"2019-05-09T10:31:17","date_gmt":"2019-05-09T08:31:17","guid":{"rendered":"http:\/\/www.bellunopress.it\/?p=104364"},"modified":"2019-05-09T10:31:32","modified_gmt":"2019-05-09T08:31:32","slug":"gli-appuntamenti-fino-al-29-maggio-in-provincia-di-treviso","status":"publish","type":"post","link":"https:\/\/www.bellunopress.it\/fr\/2019\/05\/09\/gli-appuntamenti-fino-al-29-maggio-in-provincia-di-treviso\/","title":{"rendered":"Gli appuntamenti fino al 29 maggio in provincia di Treviso"},"content":{"rendered":"<p>Selezione da <a href=\"http:\/\/www.marcadoc.it\/\" target=\"_blank\" rel=\"noopener noreferrer\">www.marcadoc.it<\/a><br \/>\nTurismo Informazione Cultura nella Provincia di Treviso<\/p>\n<p>=&gt; Conegliano Valdobbiadene Festival \u2013 fino al 29 maggio<br \/>\n<a href=\"https:\/\/www.marcadoc.com\/conegliano-valdobbiadene-festival\/\" target=\"_blank\" rel=\"noopener noreferrer\">https:\/\/www.marcadoc.com\/conegliano-valdobbiadene-festival\/<\/a><\/p>\n<p>=&gt; Anche i Vini Bianchi Invecchiano \u2013 e tutti gli eventi di maggio alle Tenute Tomasella<br \/>\n<a href=\"https:\/\/www.marcadoc.com\/tenute-tomasella-programma-eventi\/\" target=\"_blank\" rel=\"noopener noreferrer\">https:\/\/www.marcadoc.com\/tenute-tomasella-programma-eventi\/<\/a><\/p>\n<p>=&gt; Conegliano Street Wine &amp; Food 2019 \u2013 La Primavera del Prosecco fa tappa a Conegliano \u2013 10, 11 e 12 maggio<br \/>\n<a href=\"https:\/\/www.marcadoc.com\/conegliano-street-wine-and-food-2019\/\" target=\"_blank\" rel=\"noopener noreferrer\">https:\/\/www.marcadoc.com\/conegliano-street-wine-and-food-2019\/<\/a><\/p>\n<p>=&gt; Fai da te la pasta fresca all\u2019Agriturismo Le Noci! \u2013 venerd\u00ec 10 e 24 maggio<br \/>\n<a href=\"https:\/\/www.marcadoc.com\/fai-da-te-pasta-fresca-agriturismo-le-noci\/\" target=\"_blank\" rel=\"noopener noreferrer\">https:\/\/www.marcadoc.com\/fai-da-te-pasta-fresca-agriturismo-le-noci\/<\/a><\/p>\n<p>=&gt; Fis presenta \u201cGli innovatori del vino: Walter Massa\u201d a Codogn\u00e8 \u2013 10 maggio<br \/>\n<a href=\"https:\/\/www.marcadoc.com\/fis-presenta-walter-massa-a-codogne-10-maggio-2019\/\" target=\"_blank\" rel=\"noopener noreferrer\">https:\/\/www.marcadoc.com\/fis-presenta-walter-massa-a-codogne-10-maggio-2019\/<\/a><\/p>\n<p>=&gt; Ristorante Ai Sette Nani di Negrisia di Ponte di Piave \u2013 10 maggio, a tavola con l\u2019asparago IGP di Cimadolmo<br \/>\n<a href=\"https:\/\/www.marcadoc.com\/ristorante-ai-sette-nani\/\" target=\"_blank\" rel=\"noopener noreferrer\">https:\/\/www.marcadoc.com\/ristorante-ai-sette-nani\/<\/a><\/p>\n<p>=&gt; Dal Muro di Ca\u2019 del Poggio alla tappa del Giro d\u2019Italia: uno spettacolo verticale sulle strade della storia<br \/>\n<a href=\"https:\/\/www.marcadoc.com\/muro-ca-del-poggio-tappa-giro-italia\/\" target=\"_blank\" rel=\"noopener noreferrer\">https:\/\/www.marcadoc.com\/muro-ca-del-poggio-tappa-giro-italia\/<\/a><\/p>\n<p>=&gt; Cicloturistica Asolo-Jesolo con Discovering Veneto \u2013 12 maggio<br \/>\n<a href=\"https:\/\/www.marcadoc.com\/escursioni-fuori-porta-con-discovering-veneto\/\" target=\"_blank\" rel=\"noopener noreferrer\">https:\/\/www.marcadoc.com\/escursioni-fuori-porta-con-discovering-veneto\/<\/a><\/p>\n<p>=&gt; Inconfondibile, il 1\u00b0 festival che celebra i vini col fondo \u2013 12 maggio a Mogliano Veneto<br \/>\n<a href=\"https:\/\/www.marcadoc.com\/inconfondibile-festival-vini-col-fondo-a-mogliano-veneto-12-maggio-2019\/\" target=\"_blank\" rel=\"noopener noreferrer\">https:\/\/www.marcadoc.com\/inconfondibile-festival-vini-col-fondo-a-mogliano-veneto-12-maggio-2019\/<\/a><\/p>\n<p>=&gt; Eventi al Castello di Conegliano \u2013 Mostra Black. Esposizione collettiva femminile \u2013 fino al 12 maggio<br \/>\n<a href=\"https:\/\/www.marcadoc.com\/ristorante-al-castello-di-conegliano-prossimi-eventi\/\" target=\"_blank\" rel=\"noopener noreferrer\">https:\/\/www.marcadoc.com\/ristorante-al-castello-di-conegliano-prossimi-eventi\/<\/a><\/p>\n<p>=&gt; Festa della Fragola e dell\u2019Asparago a Farra di Soligo \u2013 fino all\u201911 maggio<br \/>\n<a href=\"https:\/\/www.marcadoc.com\/festa-fragola-e-asparago-a-farra-di-soligo\/\" target=\"_blank\" rel=\"noopener noreferrer\">https:\/\/www.marcadoc.com\/festa-fragola-e-asparago-a-farra-di-soligo\/<\/a><\/p>\n<p>=&gt; Germogli di Primavera, le mostre dell\u2019Asparago dal Sile al Piave \u2013 Prossimo appuntamento 43\u00b0 Festa dell\u2019Asparago e della Fragola a Gardigiano di Scorz\u00e8<br \/>\n<a href=\"https:\/\/www.marcadoc.com\/germogli-di-primavera\/\" target=\"_blank\" rel=\"noopener noreferrer\">https:\/\/www.marcadoc.com\/germogli-di-primavera\/<\/a><\/p>\n<p>=&gt; A Combai torna E\u2019 Verdiso, Mostra del vino Verdiso \u2013 fino al 12 Maggio<br \/>\n<a href=\"https:\/\/www.marcadoc.com\/e-verdiso-mostra-vino-verdiso-a-combai\/\" target=\"_blank\" rel=\"noopener noreferrer\">https:\/\/www.marcadoc.com\/e-verdiso-mostra-vino-verdiso-a-combai\/<\/a><\/p>\n<p>=&gt; \u201dPrimavera del Prosecco Superiore\u201d \u2013 In questi giorni a Combai, Conegliano e Refrontolo<br \/>\n<a href=\"https:\/\/www.marcadoc.com\/primavera-del-prosecco-superiore-appuntamenti-weekend\/\" target=\"_blank\" rel=\"noopener noreferrer\">https:\/\/www.marcadoc.com\/primavera-del-prosecco-superiore-appuntamenti-weekend\/<\/a><\/p>\n<p>=&gt; Valentino Vago, mostra \u2018Infiniti Orizzonti\u2019 a Conegliano \u2013 fino al 2 Giugno<br \/>\n<a href=\"https:\/\/www.marcadoc.com\/valentino-vago-mostra-infiniti-orizzonti-a-conegliano-dal-4-maggio-al-2-giugno-2019\/\" target=\"_blank\" rel=\"noopener noreferrer\">https:\/\/www.marcadoc.com\/valentino-vago-mostra-infiniti-orizzonti-a-conegliano-dal-4-maggio-al-2-giugno-2019\/<\/a><\/p>\n<p>=&gt; Il Raboso in Piazza Grande a Oderzo \u2013 19 maggio<br \/>\n<a href=\"https:\/\/www.marcadoc.com\/il-raboso-in-piazza-grande-a-oderzo-19-maggio-2019\/\" target=\"_blank\" rel=\"noopener noreferrer\">https:\/\/www.marcadoc.com\/il-raboso-in-piazza-grande-a-oderzo-19-maggio-2019\/<\/a><\/p>\n<p>=&gt; ViviVini \u2013 Cantine Aperte in Cantina Pizzolato a Villorba \u2013 25 e 26 maggio<br \/>\n<a href=\"https:\/\/www.marcadoc.com\/vivivini-cantine-aperte-2019-in-cantina-pizzolato-a-villorba-25-e-26-maggio\/\" target=\"_blank\" rel=\"noopener noreferrer\">https:\/\/www.marcadoc.com\/vivivini-cantine-aperte-2019-in-cantina-pizzolato-a-villorba-25-e-26-maggio\/<\/a><\/p>\n<p>=&gt; Giro d\u2019Italia 2019 \u2013 Tappa Treviso \u2013 San Martino di Castrozza \u2013 31 maggio<br \/>\n<a href=\"https:\/\/www.marcadoc.com\/giro-ditalia-2019-tappa-treviso-san-martino-di-castrozza-31-maggio\/\" target=\"_blank\" rel=\"noopener noreferrer\">https:\/\/www.marcadoc.com\/giro-ditalia-2019-tappa-treviso-san-martino-di-castrozza-31-maggio\/<\/a><\/p>\n<p>=&gt; La Grande Festa Del Vino a Santa Maria di Sala (Ve) \u2013 7 e 8 settembre<br \/>\n<a href=\"https:\/\/www.marcadoc.com\/la-grande-festa-del-vino\/\" target=\"_blank\" rel=\"noopener noreferrer\">https:\/\/www.marcadoc.com\/la-grande-festa-del-vino\/<\/a><\/p>\n<p>=&gt; Gli appuntamenti della settimana a Treviso e Provincia<br \/>\n<a href=\"https:\/\/www.marcadoc.com\/eventi-treviso-e-provincia\/\" target=\"_blank\" rel=\"noopener noreferrer\">https:\/\/www.marcadoc.com\/eventi-treviso-e-provincia\/<\/a><\/p>\n<p>=&gt; e tante altre news su <a href=\"http:\/\/www.marcadoc.it\/\" target=\"_blank\" rel=\"noopener noreferrer\">www.marcadoc.it<\/a> !<\/p>\n<p>Info anche su:<br \/>\n&#8211; Facebook: <a href=\"http:\/\/www.facebook.com\/marcadoc\" target=\"_blank\" rel=\"noopener noreferrer\">www.facebook.com\/marcadoc<\/a><br \/>\n&#8211; Twitter: <a href=\"http:\/\/www.twitter.com\/marcadoc\" target=\"_blank\" rel=\"noopener noreferrer\">www.twitter.com\/marcadoc<\/a><\/p>","protected":false},"excerpt":{"rendered":"<p>Selezione da www.marcadoc.it Turismo Informazione Cultura nella Provincia di Treviso =&gt; Conegliano Valdobbiadene Festival \u2013 fino al 29 maggio https:\/\/www.marcadoc.com\/conegliano-valdobbiadene-festival\/ =&gt; Anche i Vini Bianchi Invecchiano \u2013 e tutti gli eventi di maggio alle Tenute Tomasella https:\/\/www.marcadoc.com\/tenute-tomasella-programma-eventi\/ =&gt; Conegliano Street Wine &amp; Food 2019 \u2013 La Primavera del Prosecco fa tappa a Conegliano \u2013 10, [&hellip;]<\/p>\n","protected":false},"author":2,"featured_media":0,"comment_status":"closed","ping_status":"open","sticky":false,"template":"","format":"standard","meta":{"footnotes":""},"categories":[27,3,3394],"tags":[],"class_list":["post-104364","post","type-post","status-publish","format-standard","category-appuntamenti","category-arte-cultura-spettacoli-scienza-archivi","category-cultura-e-spettacoli-fuori-provincia"],"yoast_head":"<!-- This site is optimized with the Yoast SEO plugin v28.4 - https:\/\/yoast.com\/product\/yoast-seo-wordpress\/ -->\n<title>Gli appuntamenti fino al 29 maggio in provincia di Treviso - Bellunopress - Dolomiti<\/title>\n<meta name=\"robots\" content=\"index, follow, max-snippet:-1, max-image-preview:large, max-video-preview:-1\" \/>\n<link rel=\"canonical\" href=\"https:\/\/www.bellunopress.it\/fr\/2019\/05\/09\/gli-appuntamenti-fino-al-29-maggio-in-provincia-di-treviso\/\" \/>\n<meta property=\"og:locale\" content=\"fr_FR\" \/>\n<meta property=\"og:type\" content=\"article\" \/>\n<meta property=\"og:title\" content=\"Gli appuntamenti fino al 29 maggio in provincia di Treviso - Bellunopress - Dolomiti\" \/>\n<meta property=\"og:description\" content=\"Selezione da www.marcadoc.it Turismo Informazione Cultura nella Provincia di Treviso =&gt; Conegliano Valdobbiadene Festival \u2013 fino al 29 maggio https:\/\/www.marcadoc.com\/conegliano-valdobbiadene-festival\/ =&gt; Anche i Vini Bianchi Invecchiano \u2013 e tutti gli eventi di maggio alle Tenute Tomasella https:\/\/www.marcadoc.com\/tenute-tomasella-programma-eventi\/ =&gt; Conegliano Street Wine &amp; Food 2019 \u2013 La Primavera del Prosecco fa tappa a Conegliano \u2013 10, [&hellip;]\" \/>\n<meta property=\"og:url\" content=\"https:\/\/www.bellunopress.it\/fr\/2019\/05\/09\/gli-appuntamenti-fino-al-29-maggio-in-provincia-di-treviso\/\" \/>\n<meta property=\"og:site_name\" content=\"Bellunopress - Dolomiti\" \/>\n<meta property=\"article:publisher\" content=\"https:\/\/www.facebook.com\/profile.php?id=100008943462799\" \/>\n<meta property=\"article:published_time\" content=\"2019-05-09T08:31:17+00:00\" \/>\n<meta property=\"article:modified_time\" content=\"2019-05-09T08:31:32+00:00\" \/>\n<meta property=\"og:image\" content=\"http:\/\/www.bellunopress.it\/wp-content\/uploads\/2012\/07\/logo-bellunopress-250x250-2012.jpg\" \/>\n<meta name=\"author\" content=\"redazione\" \/>\n<meta name=\"twitter:card\" content=\"summary_large_image\" \/>\n<meta name=\"twitter:creator\" content=\"@bellunopress\" \/>\n<meta name=\"twitter:site\" content=\"@bellunopress\" \/>\n<meta name=\"twitter:label1\" content=\"\u00c9crit par\" \/>\n\t<meta name=\"twitter:data1\" content=\"redazione\" \/>\n\t<meta name=\"twitter:label2\" content=\"Dur\u00e9e de lecture estim\u00e9e\" \/>\n\t<meta name=\"twitter:data2\" content=\"2 minutes\" \/>\n<script type=\"application\/ld+json\" class=\"yoast-schema-graph\">{\"@context\":\"https:\\\/\\\/schema.org\",\"@graph\":[{\"@type\":\"Article\",\"@id\":\"https:\\\/\\\/www.bellunopress.it\\\/2019\\\/05\\\/09\\\/gli-appuntamenti-fino-al-29-maggio-in-provincia-di-treviso\\\/#article\",\"isPartOf\":{\"@id\":\"https:\\\/\\\/www.bellunopress.it\\\/2019\\\/05\\\/09\\\/gli-appuntamenti-fino-al-29-maggio-in-provincia-di-treviso\\\/\"},\"author\":{\"name\":\"redazione\",\"@id\":\"https:\\\/\\\/www.bellunopress.it\\\/#\\\/schema\\\/person\\\/79bb06722b37ece1c03d3e94beb30d73\"},\"headline\":\"Gli appuntamenti fino al 29 maggio in provincia di Treviso\",\"datePublished\":\"2019-05-09T08:31:17+00:00\",\"dateModified\":\"2019-05-09T08:31:32+00:00\",\"mainEntityOfPage\":{\"@id\":\"https:\\\/\\\/www.bellunopress.it\\\/2019\\\/05\\\/09\\\/gli-appuntamenti-fino-al-29-maggio-in-provincia-di-treviso\\\/\"},\"wordCount\":423,\"publisher\":{\"@id\":\"https:\\\/\\\/www.bellunopress.it\\\/#organization\"},\"articleSection\":[\"Appuntamenti, Eventi\",\"Arte, Cultura, Spettacoli, Scienza\",\"Cultura e spettacoli, tempo libero, benessere, fuori provincia\"],\"inLanguage\":\"fr-FR\"},{\"@type\":\"WebPage\",\"@id\":\"https:\\\/\\\/www.bellunopress.it\\\/2019\\\/05\\\/09\\\/gli-appuntamenti-fino-al-29-maggio-in-provincia-di-treviso\\\/\",\"url\":\"https:\\\/\\\/www.bellunopress.it\\\/2019\\\/05\\\/09\\\/gli-appuntamenti-fino-al-29-maggio-in-provincia-di-treviso\\\/\",\"name\":\"Gli appuntamenti fino al 29 maggio in provincia di Treviso - Bellunopress - Dolomiti\",\"isPartOf\":{\"@id\":\"https:\\\/\\\/www.bellunopress.it\\\/#website\"},\"datePublished\":\"2019-05-09T08:31:17+00:00\",\"dateModified\":\"2019-05-09T08:31:32+00:00\",\"breadcrumb\":{\"@id\":\"https:\\\/\\\/www.bellunopress.it\\\/2019\\\/05\\\/09\\\/gli-appuntamenti-fino-al-29-maggio-in-provincia-di-treviso\\\/#breadcrumb\"},\"inLanguage\":\"fr-FR\",\"potentialAction\":[{\"@type\":\"ReadAction\",\"target\":[\"https:\\\/\\\/www.bellunopress.it\\\/2019\\\/05\\\/09\\\/gli-appuntamenti-fino-al-29-maggio-in-provincia-di-treviso\\\/\"]}]},{\"@type\":\"BreadcrumbList\",\"@id\":\"https:\\\/\\\/www.bellunopress.it\\\/2019\\\/05\\\/09\\\/gli-appuntamenti-fino-al-29-maggio-in-provincia-di-treviso\\\/#breadcrumb\",\"itemListElement\":[{\"@type\":\"ListItem\",\"position\":1,\"name\":\"Home\",\"item\":\"https:\\\/\\\/www.bellunopress.it\\\/\"},{\"@type\":\"ListItem\",\"position\":2,\"name\":\"Gli appuntamenti fino al 29 maggio in provincia di Treviso\"}]},{\"@type\":\"WebSite\",\"@id\":\"https:\\\/\\\/www.bellunopress.it\\\/#website\",\"url\":\"https:\\\/\\\/www.bellunopress.it\\\/\",\"name\":\"Bellunopress - Dolomiti\",\"description\":\"e-mail: redazione@bellunopress.it\",\"publisher\":{\"@id\":\"https:\\\/\\\/www.bellunopress.it\\\/#organization\"},\"potentialAction\":[{\"@type\":\"SearchAction\",\"target\":{\"@type\":\"EntryPoint\",\"urlTemplate\":\"https:\\\/\\\/www.bellunopress.it\\\/?s={search_term_string}\"},\"query-input\":{\"@type\":\"PropertyValueSpecification\",\"valueRequired\":true,\"valueName\":\"search_term_string\"}}],\"inLanguage\":\"fr-FR\"},{\"@type\":\"Organization\",\"@id\":\"https:\\\/\\\/www.bellunopress.it\\\/#organization\",\"name\":\"Bellunopress\",\"url\":\"https:\\\/\\\/www.bellunopress.it\\\/\",\"logo\":{\"@type\":\"ImageObject\",\"inLanguage\":\"fr-FR\",\"@id\":\"https:\\\/\\\/www.bellunopress.it\\\/#\\\/schema\\\/logo\\\/image\\\/\",\"url\":\"https:\\\/\\\/www.bellunopress.it\\\/wp-content\\\/uploads\\\/2011\\\/05\\\/cropped-logo-bellunopress-.jpg\",\"contentUrl\":\"https:\\\/\\\/www.bellunopress.it\\\/wp-content\\\/uploads\\\/2011\\\/05\\\/cropped-logo-bellunopress-.jpg\",\"width\":512,\"height\":512,\"caption\":\"Bellunopress\"},\"image\":{\"@id\":\"https:\\\/\\\/www.bellunopress.it\\\/#\\\/schema\\\/logo\\\/image\\\/\"},\"sameAs\":[\"https:\\\/\\\/www.facebook.com\\\/profile.php?id=100008943462799\",\"https:\\\/\\\/x.com\\\/bellunopress\",\"https:\\\/\\\/www.linkedin.com\\\/hp\\\/?dnr=JBzUWaJfMUw8vbXJJ2tVW5-I3jZKvC4wsoxE&amp;amp;amp;amp;amp;amp;trk=nav_responsive_tab_home\",\"https:\\\/\\\/www.youtube.com\\\/channel\\\/UCxL0wu1uN0_3_7hGG0306cw\"]},{\"@type\":\"Person\",\"@id\":\"https:\\\/\\\/www.bellunopress.it\\\/#\\\/schema\\\/person\\\/79bb06722b37ece1c03d3e94beb30d73\",\"name\":\"redazione\",\"image\":{\"@type\":\"ImageObject\",\"inLanguage\":\"fr-FR\",\"@id\":\"https:\\\/\\\/secure.gravatar.com\\\/avatar\\\/37d968a2e67a6fd04c169c4bdef102d0bc5d31b2546345219e348575eb80e9a0?s=96&d=mm&r=g\",\"url\":\"https:\\\/\\\/secure.gravatar.com\\\/avatar\\\/37d968a2e67a6fd04c169c4bdef102d0bc5d31b2546345219e348575eb80e9a0?s=96&d=mm&r=g\",\"contentUrl\":\"https:\\\/\\\/secure.gravatar.com\\\/avatar\\\/37d968a2e67a6fd04c169c4bdef102d0bc5d31b2546345219e348575eb80e9a0?s=96&d=mm&r=g\",\"caption\":\"redazione\"},\"sameAs\":[\"http:\\\/\\\/www.bellunopress.it\",\"https:\\\/\\\/x.com\\\/bellunopress\"],\"url\":\"https:\\\/\\\/www.bellunopress.it\\\/fr\\\/author\\\/redazione\\\/\"}]}<\/script>\n<!-- \/ Yoast SEO plugin. -->","yoast_head_json":{"title":"Gli appuntamenti fino al 29 maggio in provincia di Treviso - Bellunopress - Dolomiti","robots":{"index":"index","follow":"follow","max-snippet":"max-snippet:-1","max-image-preview":"max-image-preview:large","max-video-preview":"max-video-preview:-1"},"canonical":"https:\/\/www.bellunopress.it\/fr\/2019\/05\/09\/gli-appuntamenti-fino-al-29-maggio-in-provincia-di-treviso\/","og_locale":"fr_FR","og_type":"article","og_title":"Gli appuntamenti fino al 29 maggio in provincia di Treviso - Bellunopress - Dolomiti","og_description":"Selezione da www.marcadoc.it Turismo Informazione Cultura nella Provincia di Treviso =&gt; Conegliano Valdobbiadene Festival \u2013 fino al 29 maggio https:\/\/www.marcadoc.com\/conegliano-valdobbiadene-festival\/ =&gt; Anche i Vini Bianchi Invecchiano \u2013 e tutti gli eventi di maggio alle Tenute Tomasella https:\/\/www.marcadoc.com\/tenute-tomasella-programma-eventi\/ =&gt; Conegliano Street Wine &amp; Food 2019 \u2013 La Primavera del Prosecco fa tappa a Conegliano \u2013 10, [&hellip;]","og_url":"https:\/\/www.bellunopress.it\/fr\/2019\/05\/09\/gli-appuntamenti-fino-al-29-maggio-in-provincia-di-treviso\/","og_site_name":"Bellunopress - Dolomiti","article_publisher":"https:\/\/www.facebook.com\/profile.php?id=100008943462799","article_published_time":"2019-05-09T08:31:17+00:00","article_modified_time":"2019-05-09T08:31:32+00:00","og_image":[{"url":"http:\/\/www.bellunopress.it\/wp-content\/uploads\/2012\/07\/logo-bellunopress-250x250-2012.jpg","type":"","width":"","height":""}],"author":"redazione","twitter_card":"summary_large_image","twitter_creator":"@bellunopress","twitter_site":"@bellunopress","twitter_misc":{"\u00c9crit par":"redazione","Dur\u00e9e de lecture estim\u00e9e":"2 minutes"},"schema":{"@context":"https:\/\/schema.org","@graph":[{"@type":"Article","@id":"https:\/\/www.bellunopress.it\/2019\/05\/09\/gli-appuntamenti-fino-al-29-maggio-in-provincia-di-treviso\/#article","isPartOf":{"@id":"https:\/\/www.bellunopress.it\/2019\/05\/09\/gli-appuntamenti-fino-al-29-maggio-in-provincia-di-treviso\/"},"author":{"name":"redazione","@id":"https:\/\/www.bellunopress.it\/#\/schema\/person\/79bb06722b37ece1c03d3e94beb30d73"},"headline":"Gli appuntamenti fino al 29 maggio in provincia di Treviso","datePublished":"2019-05-09T08:31:17+00:00","dateModified":"2019-05-09T08:31:32+00:00","mainEntityOfPage":{"@id":"https:\/\/www.bellunopress.it\/2019\/05\/09\/gli-appuntamenti-fino-al-29-maggio-in-provincia-di-treviso\/"},"wordCount":423,"publisher":{"@id":"https:\/\/www.bellunopress.it\/#organization"},"articleSection":["Appuntamenti, Eventi","Arte, Cultura, Spettacoli, Scienza","Cultura e spettacoli, tempo libero, benessere, fuori provincia"],"inLanguage":"fr-FR"},{"@type":"WebPage","@id":"https:\/\/www.bellunopress.it\/2019\/05\/09\/gli-appuntamenti-fino-al-29-maggio-in-provincia-di-treviso\/","url":"https:\/\/www.bellunopress.it\/2019\/05\/09\/gli-appuntamenti-fino-al-29-maggio-in-provincia-di-treviso\/","name":"Gli appuntamenti fino al 29 maggio in provincia di Treviso - Bellunopress - Dolomiti","isPartOf":{"@id":"https:\/\/www.bellunopress.it\/#website"},"datePublished":"2019-05-09T08:31:17+00:00","dateModified":"2019-05-09T08:31:32+00:00","breadcrumb":{"@id":"https:\/\/www.bellunopress.it\/2019\/05\/09\/gli-appuntamenti-fino-al-29-maggio-in-provincia-di-treviso\/#breadcrumb"},"inLanguage":"fr-FR","potentialAction":[{"@type":"ReadAction","target":["https:\/\/www.bellunopress.it\/2019\/05\/09\/gli-appuntamenti-fino-al-29-maggio-in-provincia-di-treviso\/"]}]},{"@type":"BreadcrumbList","@id":"https:\/\/www.bellunopress.it\/2019\/05\/09\/gli-appuntamenti-fino-al-29-maggio-in-provincia-di-treviso\/#breadcrumb","itemListElement":[{"@type":"ListItem","position":1,"name":"Home","item":"https:\/\/www.bellunopress.it\/"},{"@type":"ListItem","position":2,"name":"Gli appuntamenti fino al 29 maggio in provincia di Treviso"}]},{"@type":"WebSite","@id":"https:\/\/www.bellunopress.it\/#website","url":"https:\/\/www.bellunopress.it\/","name":"Bellunopress - Dolomiti","description":"e-mail: redazione@bellunopress.it","publisher":{"@id":"https:\/\/www.bellunopress.it\/#organization"},"potentialAction":[{"@type":"SearchAction","target":{"@type":"EntryPoint","urlTemplate":"https:\/\/www.bellunopress.it\/?s={search_term_string}"},"query-input":{"@type":"PropertyValueSpecification","valueRequired":true,"valueName":"search_term_string"}}],"inLanguage":"fr-FR"},{"@type":"Organization","@id":"https:\/\/www.bellunopress.it\/#organization","name":"Bellunopress","url":"https:\/\/www.bellunopress.it\/","logo":{"@type":"ImageObject","inLanguage":"fr-FR","@id":"https:\/\/www.bellunopress.it\/#\/schema\/logo\/image\/","url":"https:\/\/www.bellunopress.it\/wp-content\/uploads\/2011\/05\/cropped-logo-bellunopress-.jpg","contentUrl":"https:\/\/www.bellunopress.it\/wp-content\/uploads\/2011\/05\/cropped-logo-bellunopress-.jpg","width":512,"height":512,"caption":"Bellunopress"},"image":{"@id":"https:\/\/www.bellunopress.it\/#\/schema\/logo\/image\/"},"sameAs":["https:\/\/www.facebook.com\/profile.php?id=100008943462799","https:\/\/x.com\/bellunopress","https:\/\/www.linkedin.com\/hp\/?dnr=JBzUWaJfMUw8vbXJJ2tVW5-I3jZKvC4wsoxE&amp;amp;amp;amp;amp;amp;trk=nav_responsive_tab_home","https:\/\/www.youtube.com\/channel\/UCxL0wu1uN0_3_7hGG0306cw"]},{"@type":"Person","@id":"https:\/\/www.bellunopress.it\/#\/schema\/person\/79bb06722b37ece1c03d3e94beb30d73","name":"r\u00e9daction","image":{"@type":"ImageObject","inLanguage":"fr-FR","@id":"https:\/\/secure.gravatar.com\/avatar\/37d968a2e67a6fd04c169c4bdef102d0bc5d31b2546345219e348575eb80e9a0?s=96&d=mm&r=g","url":"https:\/\/secure.gravatar.com\/avatar\/37d968a2e67a6fd04c169c4bdef102d0bc5d31b2546345219e348575eb80e9a0?s=96&d=mm&r=g","contentUrl":"https:\/\/secure.gravatar.com\/avatar\/37d968a2e67a6fd04c169c4bdef102d0bc5d31b2546345219e348575eb80e9a0?s=96&d=mm&r=g","caption":"redazione"},"sameAs":["http:\/\/www.bellunopress.it","https:\/\/x.com\/bellunopress"],"url":"https:\/\/www.bellunopress.it\/fr\/author\/redazione\/"}]}},"_links":{"self":[{"href":"https:\/\/www.bellunopress.it\/fr\/wp-json\/wp\/v2\/posts\/104364","targetHints":{"allow":["GET"]}}],"collection":[{"href":"https:\/\/www.bellunopress.it\/fr\/wp-json\/wp\/v2\/posts"}],"about":[{"href":"https:\/\/www.bellunopress.it\/fr\/wp-json\/wp\/v2\/types\/post"}],"author":[{"embeddable":true,"href":"https:\/\/www.bellunopress.it\/fr\/wp-json\/wp\/v2\/users\/2"}],"replies":[{"embeddable":true,"href":"https:\/\/www.bellunopress.it\/fr\/wp-json\/wp\/v2\/comments?post=104364"}],"version-history":[{"count":1,"href":"https:\/\/www.bellunopress.it\/fr\/wp-json\/wp\/v2\/posts\/104364\/revisions"}],"predecessor-version":[{"id":104365,"href":"https:\/\/www.bellunopress.it\/fr\/wp-json\/wp\/v2\/posts\/104364\/revisions\/104365"}],"wp:attachment":[{"href":"https:\/\/www.bellunopress.it\/fr\/wp-json\/wp\/v2\/media?parent=104364"}],"wp:term":[{"taxonomy":"category","embeddable":true,"href":"https:\/\/www.bellunopress.it\/fr\/wp-json\/wp\/v2\/categories?post=104364"},{"taxonomy":"post_tag","embeddable":true,"href":"https:\/\/www.bellunopress.it\/fr\/wp-json\/wp\/v2\/tags?post=104364"}],"curies":[{"name":"wp","href":"https:\/\/api.w.org\/{rel}","templated":true}]}}