{"id":104278,"date":"2019-05-07T11:49:08","date_gmt":"2019-05-07T09:49:08","guid":{"rendered":"http:\/\/www.bellunopress.it\/?p=104278"},"modified":"2019-05-07T11:49:08","modified_gmt":"2019-05-07T09:49:08","slug":"ais-associazione-sommelier-sabato-a-padova-per-un-concerto-da-bere","status":"publish","type":"post","link":"https:\/\/www.bellunopress.it\/fr\/2019\/05\/07\/ais-associazione-sommelier-sabato-a-padova-per-un-concerto-da-bere\/","title":{"rendered":"Ais, Associazione sommelier, sabato a Padova per un concerto &#8220;da bere&#8221;"},"content":{"rendered":"<p>Durante la Giornata Nazionale della Cultura, del Vino e dell&#8217;Olio, Palazzo Moroni ospita l&#8217;evento-degustazione con il concerto dell\u2019ensemble Guarneri da Venezia e i vini dei Consorzi Colli Euganei e Bagnoli<\/p>\n<p><a href=\"http:\/\/www.bellunopress.it\/fr\/2018\/11\/21\/ristoranti-che-passione-2019-appoggia-il-progetto-ambasciatori-di-sala\/sommelier-ristoranti-che-passione\/\" rel=\"attachment wp-att-99829\"><img loading=\"lazy\" decoding=\"async\" class=\"alignleft size-full wp-image-99829\" src=\"http:\/\/www.bellunopress.it\/wp-content\/uploads\/2018\/11\/sommelier-ristoranti-che-passione.jpg\" alt=\"\" width=\"300\" height=\"231\" \/><\/a>Un incontro tra musica e vino quello che propone AIS Veneto per sabato 11 maggio 2019, in occasione della nona edizione della Giornata Nazionale della Cultura, del Vino e dell\u2019Olio. Palazzo Moroni, nel centro storico di Padova, ospiter\u00e0 alle 14.30 il concerto di musica da camera dell\u2019ensemble Guarneri da Venezia. I musicisti, guidati dal Maestro Livio Troiano, eseguiranno quattro melodie. Queste verranno accompagnate da altrettanti vini del Consorzio Tutela Vini dei Colli Euganei e del Consorzio Vini DOC Bagnoli, selezionati dai Sommelier di AIS Veneto e presentati da Paolo Bortolazzi, delegato della provincia di Verona.<br \/>\nAl termine del concerto, il pubblico potr\u00e0 inoltre accedere ai banchi di degustazione di Vulcanei, evento ospitato nella vicina Loggia di Palazzo della Ragione in occasione della manifestazione Salone dei Sapori.<br \/>\nL\u2019ensemble Guarneri da Venezia nasce nel 2017 dall\u2019incontro di alcuni tra i migliori musicisti da camera provenienti delle pi\u00f9 importanti orchestre della regione, come La Fenice, L&#8217;orchestra di Padova e del Veneto, I Solisti Veneti e la Venice Baroque Orchestra. I componenti, che svolgono da anni un\u2019intensa attivit\u00e0 concertistica internazionale, suonano strumenti della grande liuteria italiana e sono guidati da Livio Troiano, da anni violinista del Gran Teatro della Fenice e di alcune delle maggiori orchestre della Penisola.<br \/>\nLa Giornata Nazionale della Cultura, del Vino e dell\u2019Olio, organizzata in collaborazione con il MIPAAFT, il MIBAC e il MIUR, si concentra quest\u2019anno sul tema del Turismo del Vino e dell\u2019Olio e coinvolger\u00e0 realt\u00e0 di valore storico e culturale che, per l\u2019occasione, saranno aperte gratuitamente al pubblico.<br \/>\nPer riservare gratuitamente il proprio posto al concerto \u00e8 possibile iscriversi alla pagina di AIS Veneto dedicata all&#8217;evento.<\/p>","protected":false},"excerpt":{"rendered":"<p>Durante la Giornata Nazionale della Cultura, del Vino e dell&#8217;Olio, Palazzo Moroni ospita l&#8217;evento-degustazione con il concerto dell\u2019ensemble Guarneri da Venezia e i vini dei Consorzi Colli Euganei e Bagnoli Un incontro tra musica e vino quello che propone AIS Veneto per sabato 11 maggio 2019, in occasione della nona edizione della Giornata Nazionale della [&hellip;]<\/p>\n","protected":false},"author":2,"featured_media":0,"comment_status":"closed","ping_status":"open","sticky":false,"template":"","format":"standard","meta":{"footnotes":""},"categories":[3393],"tags":[],"class_list":["post-104278","post","type-post","status-publish","format-standard","category-eventi-enogastronomici"],"yoast_head":"<!-- This site is optimized with the Yoast SEO plugin v28.4 - https:\/\/yoast.com\/product\/yoast-seo-wordpress\/ -->\n<title>Ais, Associazione sommelier, sabato a Padova per un concerto &quot;da bere&quot; - Bellunopress - Dolomiti<\/title>\n<meta name=\"robots\" content=\"index, follow, max-snippet:-1, max-image-preview:large, max-video-preview:-1\" \/>\n<link rel=\"canonical\" href=\"https:\/\/www.bellunopress.it\/fr\/2019\/05\/07\/ais-associazione-sommelier-sabato-a-padova-per-un-concerto-da-bere\/\" \/>\n<meta property=\"og:locale\" content=\"fr_FR\" \/>\n<meta property=\"og:type\" content=\"article\" \/>\n<meta property=\"og:title\" content=\"Ais, Associazione sommelier, sabato a Padova per un concerto &quot;da bere&quot; - Bellunopress - Dolomiti\" \/>\n<meta property=\"og:description\" content=\"Durante la Giornata Nazionale della Cultura, del Vino e dell&#8217;Olio, Palazzo Moroni ospita l&#8217;evento-degustazione con il concerto dell\u2019ensemble Guarneri da Venezia e i vini dei Consorzi Colli Euganei e Bagnoli Un incontro tra musica e vino quello che propone AIS Veneto per sabato 11 maggio 2019, in occasione della nona edizione della Giornata Nazionale della [&hellip;]\" \/>\n<meta property=\"og:url\" content=\"https:\/\/www.bellunopress.it\/fr\/2019\/05\/07\/ais-associazione-sommelier-sabato-a-padova-per-un-concerto-da-bere\/\" \/>\n<meta property=\"og:site_name\" content=\"Bellunopress - Dolomiti\" \/>\n<meta property=\"article:publisher\" content=\"https:\/\/www.facebook.com\/profile.php?id=100008943462799\" \/>\n<meta property=\"article:published_time\" content=\"2019-05-07T09:49:08+00:00\" \/>\n<meta property=\"og:image\" content=\"http:\/\/www.bellunopress.it\/wp-content\/uploads\/2018\/11\/sommelier-ristoranti-che-passione.jpg\" \/>\n<meta name=\"author\" content=\"redazione\" \/>\n<meta name=\"twitter:card\" content=\"summary_large_image\" \/>\n<meta name=\"twitter:creator\" content=\"@bellunopress\" \/>\n<meta name=\"twitter:site\" content=\"@bellunopress\" \/>\n<meta name=\"twitter:label1\" content=\"\u00c9crit par\" \/>\n\t<meta name=\"twitter:data1\" content=\"redazione\" \/>\n\t<meta name=\"twitter:label2\" content=\"Dur\u00e9e de lecture estim\u00e9e\" \/>\n\t<meta name=\"twitter:data2\" content=\"2 minutes\" \/>\n<script type=\"application\/ld+json\" class=\"yoast-schema-graph\">{\"@context\":\"https:\\\/\\\/schema.org\",\"@graph\":[{\"@type\":\"Article\",\"@id\":\"https:\\\/\\\/www.bellunopress.it\\\/2019\\\/05\\\/07\\\/ais-associazione-sommelier-sabato-a-padova-per-un-concerto-da-bere\\\/#article\",\"isPartOf\":{\"@id\":\"https:\\\/\\\/www.bellunopress.it\\\/2019\\\/05\\\/07\\\/ais-associazione-sommelier-sabato-a-padova-per-un-concerto-da-bere\\\/\"},\"author\":{\"name\":\"redazione\",\"@id\":\"https:\\\/\\\/www.bellunopress.it\\\/#\\\/schema\\\/person\\\/79bb06722b37ece1c03d3e94beb30d73\"},\"headline\":\"Ais, Associazione sommelier, sabato a Padova per un concerto &#8220;da bere&#8221;\",\"datePublished\":\"2019-05-07T09:49:08+00:00\",\"mainEntityOfPage\":{\"@id\":\"https:\\\/\\\/www.bellunopress.it\\\/2019\\\/05\\\/07\\\/ais-associazione-sommelier-sabato-a-padova-per-un-concerto-da-bere\\\/\"},\"wordCount\":319,\"publisher\":{\"@id\":\"https:\\\/\\\/www.bellunopress.it\\\/#organization\"},\"image\":{\"@id\":\"https:\\\/\\\/www.bellunopress.it\\\/2019\\\/05\\\/07\\\/ais-associazione-sommelier-sabato-a-padova-per-un-concerto-da-bere\\\/#primaryimage\"},\"thumbnailUrl\":\"http:\\\/\\\/www.bellunopress.it\\\/wp-content\\\/uploads\\\/2018\\\/11\\\/sommelier-ristoranti-che-passione.jpg\",\"articleSection\":[\"Eventi enogastronomici\"],\"inLanguage\":\"fr-FR\"},{\"@type\":\"WebPage\",\"@id\":\"https:\\\/\\\/www.bellunopress.it\\\/2019\\\/05\\\/07\\\/ais-associazione-sommelier-sabato-a-padova-per-un-concerto-da-bere\\\/\",\"url\":\"https:\\\/\\\/www.bellunopress.it\\\/2019\\\/05\\\/07\\\/ais-associazione-sommelier-sabato-a-padova-per-un-concerto-da-bere\\\/\",\"name\":\"Ais, Associazione sommelier, sabato a Padova per un concerto \\\"da bere\\\" - Bellunopress - Dolomiti\",\"isPartOf\":{\"@id\":\"https:\\\/\\\/www.bellunopress.it\\\/#website\"},\"primaryImageOfPage\":{\"@id\":\"https:\\\/\\\/www.bellunopress.it\\\/2019\\\/05\\\/07\\\/ais-associazione-sommelier-sabato-a-padova-per-un-concerto-da-bere\\\/#primaryimage\"},\"image\":{\"@id\":\"https:\\\/\\\/www.bellunopress.it\\\/2019\\\/05\\\/07\\\/ais-associazione-sommelier-sabato-a-padova-per-un-concerto-da-bere\\\/#primaryimage\"},\"thumbnailUrl\":\"http:\\\/\\\/www.bellunopress.it\\\/wp-content\\\/uploads\\\/2018\\\/11\\\/sommelier-ristoranti-che-passione.jpg\",\"datePublished\":\"2019-05-07T09:49:08+00:00\",\"breadcrumb\":{\"@id\":\"https:\\\/\\\/www.bellunopress.it\\\/2019\\\/05\\\/07\\\/ais-associazione-sommelier-sabato-a-padova-per-un-concerto-da-bere\\\/#breadcrumb\"},\"inLanguage\":\"fr-FR\",\"potentialAction\":[{\"@type\":\"ReadAction\",\"target\":[\"https:\\\/\\\/www.bellunopress.it\\\/2019\\\/05\\\/07\\\/ais-associazione-sommelier-sabato-a-padova-per-un-concerto-da-bere\\\/\"]}]},{\"@type\":\"ImageObject\",\"inLanguage\":\"fr-FR\",\"@id\":\"https:\\\/\\\/www.bellunopress.it\\\/2019\\\/05\\\/07\\\/ais-associazione-sommelier-sabato-a-padova-per-un-concerto-da-bere\\\/#primaryimage\",\"url\":\"http:\\\/\\\/www.bellunopress.it\\\/wp-content\\\/uploads\\\/2018\\\/11\\\/sommelier-ristoranti-che-passione.jpg\",\"contentUrl\":\"http:\\\/\\\/www.bellunopress.it\\\/wp-content\\\/uploads\\\/2018\\\/11\\\/sommelier-ristoranti-che-passione.jpg\"},{\"@type\":\"BreadcrumbList\",\"@id\":\"https:\\\/\\\/www.bellunopress.it\\\/2019\\\/05\\\/07\\\/ais-associazione-sommelier-sabato-a-padova-per-un-concerto-da-bere\\\/#breadcrumb\",\"itemListElement\":[{\"@type\":\"ListItem\",\"position\":1,\"name\":\"Home\",\"item\":\"https:\\\/\\\/www.bellunopress.it\\\/\"},{\"@type\":\"ListItem\",\"position\":2,\"name\":\"Ais, Associazione sommelier, sabato a Padova per un concerto &#8220;da bere&#8221;\"}]},{\"@type\":\"WebSite\",\"@id\":\"https:\\\/\\\/www.bellunopress.it\\\/#website\",\"url\":\"https:\\\/\\\/www.bellunopress.it\\\/\",\"name\":\"Bellunopress - Dolomiti\",\"description\":\"e-mail: redazione@bellunopress.it\",\"publisher\":{\"@id\":\"https:\\\/\\\/www.bellunopress.it\\\/#organization\"},\"potentialAction\":[{\"@type\":\"SearchAction\",\"target\":{\"@type\":\"EntryPoint\",\"urlTemplate\":\"https:\\\/\\\/www.bellunopress.it\\\/?s={search_term_string}\"},\"query-input\":{\"@type\":\"PropertyValueSpecification\",\"valueRequired\":true,\"valueName\":\"search_term_string\"}}],\"inLanguage\":\"fr-FR\"},{\"@type\":\"Organization\",\"@id\":\"https:\\\/\\\/www.bellunopress.it\\\/#organization\",\"name\":\"Bellunopress\",\"url\":\"https:\\\/\\\/www.bellunopress.it\\\/\",\"logo\":{\"@type\":\"ImageObject\",\"inLanguage\":\"fr-FR\",\"@id\":\"https:\\\/\\\/www.bellunopress.it\\\/#\\\/schema\\\/logo\\\/image\\\/\",\"url\":\"https:\\\/\\\/www.bellunopress.it\\\/wp-content\\\/uploads\\\/2011\\\/05\\\/cropped-logo-bellunopress-.jpg\",\"contentUrl\":\"https:\\\/\\\/www.bellunopress.it\\\/wp-content\\\/uploads\\\/2011\\\/05\\\/cropped-logo-bellunopress-.jpg\",\"width\":512,\"height\":512,\"caption\":\"Bellunopress\"},\"image\":{\"@id\":\"https:\\\/\\\/www.bellunopress.it\\\/#\\\/schema\\\/logo\\\/image\\\/\"},\"sameAs\":[\"https:\\\/\\\/www.facebook.com\\\/profile.php?id=100008943462799\",\"https:\\\/\\\/x.com\\\/bellunopress\",\"https:\\\/\\\/www.linkedin.com\\\/hp\\\/?dnr=JBzUWaJfMUw8vbXJJ2tVW5-I3jZKvC4wsoxE&amp;amp;amp;amp;amp;amp;trk=nav_responsive_tab_home\",\"https:\\\/\\\/www.youtube.com\\\/channel\\\/UCxL0wu1uN0_3_7hGG0306cw\"]},{\"@type\":\"Person\",\"@id\":\"https:\\\/\\\/www.bellunopress.it\\\/#\\\/schema\\\/person\\\/79bb06722b37ece1c03d3e94beb30d73\",\"name\":\"redazione\",\"image\":{\"@type\":\"ImageObject\",\"inLanguage\":\"fr-FR\",\"@id\":\"https:\\\/\\\/secure.gravatar.com\\\/avatar\\\/37d968a2e67a6fd04c169c4bdef102d0bc5d31b2546345219e348575eb80e9a0?s=96&d=mm&r=g\",\"url\":\"https:\\\/\\\/secure.gravatar.com\\\/avatar\\\/37d968a2e67a6fd04c169c4bdef102d0bc5d31b2546345219e348575eb80e9a0?s=96&d=mm&r=g\",\"contentUrl\":\"https:\\\/\\\/secure.gravatar.com\\\/avatar\\\/37d968a2e67a6fd04c169c4bdef102d0bc5d31b2546345219e348575eb80e9a0?s=96&d=mm&r=g\",\"caption\":\"redazione\"},\"sameAs\":[\"http:\\\/\\\/www.bellunopress.it\",\"https:\\\/\\\/x.com\\\/bellunopress\"],\"url\":\"https:\\\/\\\/www.bellunopress.it\\\/fr\\\/author\\\/redazione\\\/\"}]}<\/script>\n<!-- \/ Yoast SEO plugin. -->","yoast_head_json":{"title":"Ais, Associazione sommelier, sabato a Padova per un concerto \"da bere\" - Bellunopress - Dolomiti","robots":{"index":"index","follow":"follow","max-snippet":"max-snippet:-1","max-image-preview":"max-image-preview:large","max-video-preview":"max-video-preview:-1"},"canonical":"https:\/\/www.bellunopress.it\/fr\/2019\/05\/07\/ais-associazione-sommelier-sabato-a-padova-per-un-concerto-da-bere\/","og_locale":"fr_FR","og_type":"article","og_title":"Ais, Associazione sommelier, sabato a Padova per un concerto \"da bere\" - Bellunopress - Dolomiti","og_description":"Durante la Giornata Nazionale della Cultura, del Vino e dell&#8217;Olio, Palazzo Moroni ospita l&#8217;evento-degustazione con il concerto dell\u2019ensemble Guarneri da Venezia e i vini dei Consorzi Colli Euganei e Bagnoli Un incontro tra musica e vino quello che propone AIS Veneto per sabato 11 maggio 2019, in occasione della nona edizione della Giornata Nazionale della [&hellip;]","og_url":"https:\/\/www.bellunopress.it\/fr\/2019\/05\/07\/ais-associazione-sommelier-sabato-a-padova-per-un-concerto-da-bere\/","og_site_name":"Bellunopress - Dolomiti","article_publisher":"https:\/\/www.facebook.com\/profile.php?id=100008943462799","article_published_time":"2019-05-07T09:49:08+00:00","og_image":[{"url":"http:\/\/www.bellunopress.it\/wp-content\/uploads\/2018\/11\/sommelier-ristoranti-che-passione.jpg","type":"","width":"","height":""}],"author":"redazione","twitter_card":"summary_large_image","twitter_creator":"@bellunopress","twitter_site":"@bellunopress","twitter_misc":{"\u00c9crit par":"redazione","Dur\u00e9e de lecture estim\u00e9e":"2 minutes"},"schema":{"@context":"https:\/\/schema.org","@graph":[{"@type":"Article","@id":"https:\/\/www.bellunopress.it\/2019\/05\/07\/ais-associazione-sommelier-sabato-a-padova-per-un-concerto-da-bere\/#article","isPartOf":{"@id":"https:\/\/www.bellunopress.it\/2019\/05\/07\/ais-associazione-sommelier-sabato-a-padova-per-un-concerto-da-bere\/"},"author":{"name":"redazione","@id":"https:\/\/www.bellunopress.it\/#\/schema\/person\/79bb06722b37ece1c03d3e94beb30d73"},"headline":"Ais, Associazione sommelier, sabato a Padova per un concerto &#8220;da bere&#8221;","datePublished":"2019-05-07T09:49:08+00:00","mainEntityOfPage":{"@id":"https:\/\/www.bellunopress.it\/2019\/05\/07\/ais-associazione-sommelier-sabato-a-padova-per-un-concerto-da-bere\/"},"wordCount":319,"publisher":{"@id":"https:\/\/www.bellunopress.it\/#organization"},"image":{"@id":"https:\/\/www.bellunopress.it\/2019\/05\/07\/ais-associazione-sommelier-sabato-a-padova-per-un-concerto-da-bere\/#primaryimage"},"thumbnailUrl":"http:\/\/www.bellunopress.it\/wp-content\/uploads\/2018\/11\/sommelier-ristoranti-che-passione.jpg","articleSection":["Eventi enogastronomici"],"inLanguage":"fr-FR"},{"@type":"WebPage","@id":"https:\/\/www.bellunopress.it\/2019\/05\/07\/ais-associazione-sommelier-sabato-a-padova-per-un-concerto-da-bere\/","url":"https:\/\/www.bellunopress.it\/2019\/05\/07\/ais-associazione-sommelier-sabato-a-padova-per-un-concerto-da-bere\/","name":"Ais, Associazione sommelier, sabato a Padova per un concerto \"da bere\" - Bellunopress - Dolomiti","isPartOf":{"@id":"https:\/\/www.bellunopress.it\/#website"},"primaryImageOfPage":{"@id":"https:\/\/www.bellunopress.it\/2019\/05\/07\/ais-associazione-sommelier-sabato-a-padova-per-un-concerto-da-bere\/#primaryimage"},"image":{"@id":"https:\/\/www.bellunopress.it\/2019\/05\/07\/ais-associazione-sommelier-sabato-a-padova-per-un-concerto-da-bere\/#primaryimage"},"thumbnailUrl":"http:\/\/www.bellunopress.it\/wp-content\/uploads\/2018\/11\/sommelier-ristoranti-che-passione.jpg","datePublished":"2019-05-07T09:49:08+00:00","breadcrumb":{"@id":"https:\/\/www.bellunopress.it\/2019\/05\/07\/ais-associazione-sommelier-sabato-a-padova-per-un-concerto-da-bere\/#breadcrumb"},"inLanguage":"fr-FR","potentialAction":[{"@type":"ReadAction","target":["https:\/\/www.bellunopress.it\/2019\/05\/07\/ais-associazione-sommelier-sabato-a-padova-per-un-concerto-da-bere\/"]}]},{"@type":"ImageObject","inLanguage":"fr-FR","@id":"https:\/\/www.bellunopress.it\/2019\/05\/07\/ais-associazione-sommelier-sabato-a-padova-per-un-concerto-da-bere\/#primaryimage","url":"http:\/\/www.bellunopress.it\/wp-content\/uploads\/2018\/11\/sommelier-ristoranti-che-passione.jpg","contentUrl":"http:\/\/www.bellunopress.it\/wp-content\/uploads\/2018\/11\/sommelier-ristoranti-che-passione.jpg"},{"@type":"BreadcrumbList","@id":"https:\/\/www.bellunopress.it\/2019\/05\/07\/ais-associazione-sommelier-sabato-a-padova-per-un-concerto-da-bere\/#breadcrumb","itemListElement":[{"@type":"ListItem","position":1,"name":"Home","item":"https:\/\/www.bellunopress.it\/"},{"@type":"ListItem","position":2,"name":"Ais, Associazione sommelier, sabato a Padova per un concerto &#8220;da bere&#8221;"}]},{"@type":"WebSite","@id":"https:\/\/www.bellunopress.it\/#website","url":"https:\/\/www.bellunopress.it\/","name":"Bellunopress - Dolomiti","description":"e-mail: redazione@bellunopress.it","publisher":{"@id":"https:\/\/www.bellunopress.it\/#organization"},"potentialAction":[{"@type":"SearchAction","target":{"@type":"EntryPoint","urlTemplate":"https:\/\/www.bellunopress.it\/?s={search_term_string}"},"query-input":{"@type":"PropertyValueSpecification","valueRequired":true,"valueName":"search_term_string"}}],"inLanguage":"fr-FR"},{"@type":"Organization","@id":"https:\/\/www.bellunopress.it\/#organization","name":"Bellunopress","url":"https:\/\/www.bellunopress.it\/","logo":{"@type":"ImageObject","inLanguage":"fr-FR","@id":"https:\/\/www.bellunopress.it\/#\/schema\/logo\/image\/","url":"https:\/\/www.bellunopress.it\/wp-content\/uploads\/2011\/05\/cropped-logo-bellunopress-.jpg","contentUrl":"https:\/\/www.bellunopress.it\/wp-content\/uploads\/2011\/05\/cropped-logo-bellunopress-.jpg","width":512,"height":512,"caption":"Bellunopress"},"image":{"@id":"https:\/\/www.bellunopress.it\/#\/schema\/logo\/image\/"},"sameAs":["https:\/\/www.facebook.com\/profile.php?id=100008943462799","https:\/\/x.com\/bellunopress","https:\/\/www.linkedin.com\/hp\/?dnr=JBzUWaJfMUw8vbXJJ2tVW5-I3jZKvC4wsoxE&amp;amp;amp;amp;amp;amp;trk=nav_responsive_tab_home","https:\/\/www.youtube.com\/channel\/UCxL0wu1uN0_3_7hGG0306cw"]},{"@type":"Person","@id":"https:\/\/www.bellunopress.it\/#\/schema\/person\/79bb06722b37ece1c03d3e94beb30d73","name":"r\u00e9daction","image":{"@type":"ImageObject","inLanguage":"fr-FR","@id":"https:\/\/secure.gravatar.com\/avatar\/37d968a2e67a6fd04c169c4bdef102d0bc5d31b2546345219e348575eb80e9a0?s=96&d=mm&r=g","url":"https:\/\/secure.gravatar.com\/avatar\/37d968a2e67a6fd04c169c4bdef102d0bc5d31b2546345219e348575eb80e9a0?s=96&d=mm&r=g","contentUrl":"https:\/\/secure.gravatar.com\/avatar\/37d968a2e67a6fd04c169c4bdef102d0bc5d31b2546345219e348575eb80e9a0?s=96&d=mm&r=g","caption":"redazione"},"sameAs":["http:\/\/www.bellunopress.it","https:\/\/x.com\/bellunopress"],"url":"https:\/\/www.bellunopress.it\/fr\/author\/redazione\/"}]}},"_links":{"self":[{"href":"https:\/\/www.bellunopress.it\/fr\/wp-json\/wp\/v2\/posts\/104278","targetHints":{"allow":["GET"]}}],"collection":[{"href":"https:\/\/www.bellunopress.it\/fr\/wp-json\/wp\/v2\/posts"}],"about":[{"href":"https:\/\/www.bellunopress.it\/fr\/wp-json\/wp\/v2\/types\/post"}],"author":[{"embeddable":true,"href":"https:\/\/www.bellunopress.it\/fr\/wp-json\/wp\/v2\/users\/2"}],"replies":[{"embeddable":true,"href":"https:\/\/www.bellunopress.it\/fr\/wp-json\/wp\/v2\/comments?post=104278"}],"version-history":[{"count":1,"href":"https:\/\/www.bellunopress.it\/fr\/wp-json\/wp\/v2\/posts\/104278\/revisions"}],"predecessor-version":[{"id":104279,"href":"https:\/\/www.bellunopress.it\/fr\/wp-json\/wp\/v2\/posts\/104278\/revisions\/104279"}],"wp:attachment":[{"href":"https:\/\/www.bellunopress.it\/fr\/wp-json\/wp\/v2\/media?parent=104278"}],"wp:term":[{"taxonomy":"category","embeddable":true,"href":"https:\/\/www.bellunopress.it\/fr\/wp-json\/wp\/v2\/categories?post=104278"},{"taxonomy":"post_tag","embeddable":true,"href":"https:\/\/www.bellunopress.it\/fr\/wp-json\/wp\/v2\/tags?post=104278"}],"curies":[{"name":"wp","href":"https:\/\/api.w.org\/{rel}","templated":true}]}}