{"id":104273,"date":"2019-05-06T21:43:23","date_gmt":"2019-05-06T19:43:23","guid":{"rendered":"http:\/\/www.bellunopress.it\/?p=104273"},"modified":"2019-05-06T21:43:23","modified_gmt":"2019-05-06T19:43:23","slug":"due-appuntamenti-di-italia-nostra-mercoledi-allistituto-catullo-e-domenica-in-alpago","status":"publish","type":"post","link":"https:\/\/www.bellunopress.it\/fr\/2019\/05\/06\/due-appuntamenti-di-italia-nostra-mercoledi-allistituto-catullo-e-domenica-in-alpago\/","title":{"rendered":"Due appuntamenti di Italia Nostra, mercoled\u00ec all&#8217;Istituto Catullo e domenica in Alpago"},"content":{"rendered":"<p>In occasione della prima Settimana del Patrimonio Culturale, indetta da Italia Nostra Nazionale, la sezione di Belluno invita i suoi soci e tutta la cittadinanza a partecipare a due eventi dedicati alla scoperta e alla valorizzazione di alcune \u201cbellezze\u201d del nostro territorio.<\/p>\n<p><strong><a href=\"http:\/\/www.bellunopress.it\/fr\/2019\/03\/30\/impianto-idroelettrico-sul-torrente-liera-a-canale-dagordo-nove-associazioni-dicono-no\/italia-nostra\/\" rel=\"attachment wp-att-103319\"><img loading=\"lazy\" decoding=\"async\" class=\"alignleft size-full wp-image-103319\" src=\"http:\/\/www.bellunopress.it\/wp-content\/uploads\/2019\/03\/italia-nostra.jpg\" alt=\"\" width=\"215\" height=\"135\" \/><\/a>Mercoled\u00ec 8 maggio, alle ore 17.30, presso l\u2019Aula Magna dell\u2019Istituto \u201cCatullo\u201d di Belluno (Via Garibaldi 10):<\/strong> presentazione delle iniziative di Italia Nostra Belluno per il recupero di beni culturali e conferenza sul Borgo dimenticato di Stracadon in Alpago, storia e cause del suo abbandono. Intervengono il naturalista Anacleto Boranga, l\u2019ex Sindaco di Lamosano, Carlo De Battista ed il giornalista Ezio Franceschini<\/p>\n<p><strong>Domenica 12 maggio:<\/strong> escursione in Alpago. Il programma prevede una prima tappa ai murales di Lamosano; la visita guidata del borgo fantasma di Stracadon; la visita al villaggio di Funes con descrizione della frana e osservazione di alcuni interessanti particolari architettonici tipici del luogo (case con frontoni e gradoni); il pranzo facoltativo a Funes presso il locale ristorante. Nel pomeriggio, per chi si ferma, \u00e8 prevista la visita alla chiesa della \u201cBeata Vergine della Salute\u201d di Irrighe e una tappa alla localit\u00e0 di Cautes.<\/p>\n<p>L\u2019iscrizione all\u2019escursione non \u00e8 obbligatoria, ma consigliata. Per comunicare la partecipazione telefonare al 329 3828904. Per ulteriori informazioni www.italianostrabl.eu<\/p>","protected":false},"excerpt":{"rendered":"<p>In occasione della prima Settimana del Patrimonio Culturale, indetta da Italia Nostra Nazionale, la sezione di Belluno invita i suoi soci e tutta la cittadinanza a partecipare a due eventi dedicati alla scoperta e alla valorizzazione di alcune \u201cbellezze\u201d del nostro territorio. Mercoled\u00ec 8 maggio, alle ore 17.30, presso l\u2019Aula Magna dell\u2019Istituto \u201cCatullo\u201d di Belluno [&hellip;]<\/p>\n","protected":false},"author":2,"featured_media":0,"comment_status":"closed","ping_status":"open","sticky":false,"template":"","format":"standard","meta":{"footnotes":""},"categories":[27,3,25],"tags":[],"class_list":["post-104273","post","type-post","status-publish","format-standard","category-appuntamenti","category-arte-cultura-spettacoli-scienza-archivi","category-pausa-caffe"],"yoast_head":"<!-- This site is optimized with the Yoast SEO plugin v28.4 - https:\/\/yoast.com\/product\/yoast-seo-wordpress\/ -->\n<title>Due appuntamenti di Italia Nostra, mercoled\u00ec all&#039;Istituto Catullo e domenica in Alpago - Bellunopress - Dolomiti<\/title>\n<meta name=\"robots\" content=\"index, follow, max-snippet:-1, max-image-preview:large, max-video-preview:-1\" \/>\n<link rel=\"canonical\" href=\"https:\/\/www.bellunopress.it\/fr\/2019\/05\/06\/due-appuntamenti-di-italia-nostra-mercoledi-allistituto-catullo-e-domenica-in-alpago\/\" \/>\n<meta property=\"og:locale\" content=\"fr_FR\" \/>\n<meta property=\"og:type\" content=\"article\" \/>\n<meta property=\"og:title\" content=\"Due appuntamenti di Italia Nostra, mercoled\u00ec all&#039;Istituto Catullo e domenica in Alpago - Bellunopress - Dolomiti\" \/>\n<meta property=\"og:description\" content=\"In occasione della prima Settimana del Patrimonio Culturale, indetta da Italia Nostra Nazionale, la sezione di Belluno invita i suoi soci e tutta la cittadinanza a partecipare a due eventi dedicati alla scoperta e alla valorizzazione di alcune \u201cbellezze\u201d del nostro territorio. Mercoled\u00ec 8 maggio, alle ore 17.30, presso l\u2019Aula Magna dell\u2019Istituto \u201cCatullo\u201d di Belluno [&hellip;]\" \/>\n<meta property=\"og:url\" content=\"https:\/\/www.bellunopress.it\/fr\/2019\/05\/06\/due-appuntamenti-di-italia-nostra-mercoledi-allistituto-catullo-e-domenica-in-alpago\/\" \/>\n<meta property=\"og:site_name\" content=\"Bellunopress - Dolomiti\" \/>\n<meta property=\"article:publisher\" content=\"https:\/\/www.facebook.com\/profile.php?id=100008943462799\" \/>\n<meta property=\"article:published_time\" content=\"2019-05-06T19:43:23+00:00\" \/>\n<meta property=\"og:image\" content=\"http:\/\/www.bellunopress.it\/wp-content\/uploads\/2019\/03\/italia-nostra.jpg\" \/>\n<meta name=\"author\" content=\"redazione\" \/>\n<meta name=\"twitter:card\" content=\"summary_large_image\" \/>\n<meta name=\"twitter:creator\" content=\"@bellunopress\" \/>\n<meta name=\"twitter:site\" content=\"@bellunopress\" \/>\n<meta name=\"twitter:label1\" content=\"\u00c9crit par\" \/>\n\t<meta name=\"twitter:data1\" content=\"redazione\" \/>\n\t<meta name=\"twitter:label2\" content=\"Dur\u00e9e de lecture estim\u00e9e\" \/>\n\t<meta name=\"twitter:data2\" content=\"1 minute\" \/>\n<script type=\"application\/ld+json\" class=\"yoast-schema-graph\">{\"@context\":\"https:\\\/\\\/schema.org\",\"@graph\":[{\"@type\":\"Article\",\"@id\":\"https:\\\/\\\/www.bellunopress.it\\\/2019\\\/05\\\/06\\\/due-appuntamenti-di-italia-nostra-mercoledi-allistituto-catullo-e-domenica-in-alpago\\\/#article\",\"isPartOf\":{\"@id\":\"https:\\\/\\\/www.bellunopress.it\\\/2019\\\/05\\\/06\\\/due-appuntamenti-di-italia-nostra-mercoledi-allistituto-catullo-e-domenica-in-alpago\\\/\"},\"author\":{\"name\":\"redazione\",\"@id\":\"https:\\\/\\\/www.bellunopress.it\\\/#\\\/schema\\\/person\\\/79bb06722b37ece1c03d3e94beb30d73\"},\"headline\":\"Due appuntamenti di Italia Nostra, mercoled\u00ec all&#8217;Istituto Catullo e domenica in Alpago\",\"datePublished\":\"2019-05-06T19:43:23+00:00\",\"mainEntityOfPage\":{\"@id\":\"https:\\\/\\\/www.bellunopress.it\\\/2019\\\/05\\\/06\\\/due-appuntamenti-di-italia-nostra-mercoledi-allistituto-catullo-e-domenica-in-alpago\\\/\"},\"wordCount\":218,\"publisher\":{\"@id\":\"https:\\\/\\\/www.bellunopress.it\\\/#organization\"},\"image\":{\"@id\":\"https:\\\/\\\/www.bellunopress.it\\\/2019\\\/05\\\/06\\\/due-appuntamenti-di-italia-nostra-mercoledi-allistituto-catullo-e-domenica-in-alpago\\\/#primaryimage\"},\"thumbnailUrl\":\"http:\\\/\\\/www.bellunopress.it\\\/wp-content\\\/uploads\\\/2019\\\/03\\\/italia-nostra.jpg\",\"articleSection\":[\"Appuntamenti, Eventi\",\"Arte, Cultura, Spettacoli, Scienza\",\"Pausa Caff\u00e8\"],\"inLanguage\":\"fr-FR\"},{\"@type\":\"WebPage\",\"@id\":\"https:\\\/\\\/www.bellunopress.it\\\/2019\\\/05\\\/06\\\/due-appuntamenti-di-italia-nostra-mercoledi-allistituto-catullo-e-domenica-in-alpago\\\/\",\"url\":\"https:\\\/\\\/www.bellunopress.it\\\/2019\\\/05\\\/06\\\/due-appuntamenti-di-italia-nostra-mercoledi-allistituto-catullo-e-domenica-in-alpago\\\/\",\"name\":\"Due appuntamenti di Italia Nostra, mercoled\u00ec all'Istituto Catullo e domenica in Alpago - Bellunopress - Dolomiti\",\"isPartOf\":{\"@id\":\"https:\\\/\\\/www.bellunopress.it\\\/#website\"},\"primaryImageOfPage\":{\"@id\":\"https:\\\/\\\/www.bellunopress.it\\\/2019\\\/05\\\/06\\\/due-appuntamenti-di-italia-nostra-mercoledi-allistituto-catullo-e-domenica-in-alpago\\\/#primaryimage\"},\"image\":{\"@id\":\"https:\\\/\\\/www.bellunopress.it\\\/2019\\\/05\\\/06\\\/due-appuntamenti-di-italia-nostra-mercoledi-allistituto-catullo-e-domenica-in-alpago\\\/#primaryimage\"},\"thumbnailUrl\":\"http:\\\/\\\/www.bellunopress.it\\\/wp-content\\\/uploads\\\/2019\\\/03\\\/italia-nostra.jpg\",\"datePublished\":\"2019-05-06T19:43:23+00:00\",\"breadcrumb\":{\"@id\":\"https:\\\/\\\/www.bellunopress.it\\\/2019\\\/05\\\/06\\\/due-appuntamenti-di-italia-nostra-mercoledi-allistituto-catullo-e-domenica-in-alpago\\\/#breadcrumb\"},\"inLanguage\":\"fr-FR\",\"potentialAction\":[{\"@type\":\"ReadAction\",\"target\":[\"https:\\\/\\\/www.bellunopress.it\\\/2019\\\/05\\\/06\\\/due-appuntamenti-di-italia-nostra-mercoledi-allistituto-catullo-e-domenica-in-alpago\\\/\"]}]},{\"@type\":\"ImageObject\",\"inLanguage\":\"fr-FR\",\"@id\":\"https:\\\/\\\/www.bellunopress.it\\\/2019\\\/05\\\/06\\\/due-appuntamenti-di-italia-nostra-mercoledi-allistituto-catullo-e-domenica-in-alpago\\\/#primaryimage\",\"url\":\"http:\\\/\\\/www.bellunopress.it\\\/wp-content\\\/uploads\\\/2019\\\/03\\\/italia-nostra.jpg\",\"contentUrl\":\"http:\\\/\\\/www.bellunopress.it\\\/wp-content\\\/uploads\\\/2019\\\/03\\\/italia-nostra.jpg\"},{\"@type\":\"BreadcrumbList\",\"@id\":\"https:\\\/\\\/www.bellunopress.it\\\/2019\\\/05\\\/06\\\/due-appuntamenti-di-italia-nostra-mercoledi-allistituto-catullo-e-domenica-in-alpago\\\/#breadcrumb\",\"itemListElement\":[{\"@type\":\"ListItem\",\"position\":1,\"name\":\"Home\",\"item\":\"https:\\\/\\\/www.bellunopress.it\\\/\"},{\"@type\":\"ListItem\",\"position\":2,\"name\":\"Due appuntamenti di Italia Nostra, mercoled\u00ec all&#8217;Istituto Catullo e domenica in Alpago\"}]},{\"@type\":\"WebSite\",\"@id\":\"https:\\\/\\\/www.bellunopress.it\\\/#website\",\"url\":\"https:\\\/\\\/www.bellunopress.it\\\/\",\"name\":\"Bellunopress - Dolomiti\",\"description\":\"e-mail: redazione@bellunopress.it\",\"publisher\":{\"@id\":\"https:\\\/\\\/www.bellunopress.it\\\/#organization\"},\"potentialAction\":[{\"@type\":\"SearchAction\",\"target\":{\"@type\":\"EntryPoint\",\"urlTemplate\":\"https:\\\/\\\/www.bellunopress.it\\\/?s={search_term_string}\"},\"query-input\":{\"@type\":\"PropertyValueSpecification\",\"valueRequired\":true,\"valueName\":\"search_term_string\"}}],\"inLanguage\":\"fr-FR\"},{\"@type\":\"Organization\",\"@id\":\"https:\\\/\\\/www.bellunopress.it\\\/#organization\",\"name\":\"Bellunopress\",\"url\":\"https:\\\/\\\/www.bellunopress.it\\\/\",\"logo\":{\"@type\":\"ImageObject\",\"inLanguage\":\"fr-FR\",\"@id\":\"https:\\\/\\\/www.bellunopress.it\\\/#\\\/schema\\\/logo\\\/image\\\/\",\"url\":\"https:\\\/\\\/www.bellunopress.it\\\/wp-content\\\/uploads\\\/2011\\\/05\\\/cropped-logo-bellunopress-.jpg\",\"contentUrl\":\"https:\\\/\\\/www.bellunopress.it\\\/wp-content\\\/uploads\\\/2011\\\/05\\\/cropped-logo-bellunopress-.jpg\",\"width\":512,\"height\":512,\"caption\":\"Bellunopress\"},\"image\":{\"@id\":\"https:\\\/\\\/www.bellunopress.it\\\/#\\\/schema\\\/logo\\\/image\\\/\"},\"sameAs\":[\"https:\\\/\\\/www.facebook.com\\\/profile.php?id=100008943462799\",\"https:\\\/\\\/x.com\\\/bellunopress\",\"https:\\\/\\\/www.linkedin.com\\\/hp\\\/?dnr=JBzUWaJfMUw8vbXJJ2tVW5-I3jZKvC4wsoxE&amp;amp;amp;amp;amp;amp;trk=nav_responsive_tab_home\",\"https:\\\/\\\/www.youtube.com\\\/channel\\\/UCxL0wu1uN0_3_7hGG0306cw\"]},{\"@type\":\"Person\",\"@id\":\"https:\\\/\\\/www.bellunopress.it\\\/#\\\/schema\\\/person\\\/79bb06722b37ece1c03d3e94beb30d73\",\"name\":\"redazione\",\"image\":{\"@type\":\"ImageObject\",\"inLanguage\":\"fr-FR\",\"@id\":\"https:\\\/\\\/secure.gravatar.com\\\/avatar\\\/37d968a2e67a6fd04c169c4bdef102d0bc5d31b2546345219e348575eb80e9a0?s=96&d=mm&r=g\",\"url\":\"https:\\\/\\\/secure.gravatar.com\\\/avatar\\\/37d968a2e67a6fd04c169c4bdef102d0bc5d31b2546345219e348575eb80e9a0?s=96&d=mm&r=g\",\"contentUrl\":\"https:\\\/\\\/secure.gravatar.com\\\/avatar\\\/37d968a2e67a6fd04c169c4bdef102d0bc5d31b2546345219e348575eb80e9a0?s=96&d=mm&r=g\",\"caption\":\"redazione\"},\"sameAs\":[\"http:\\\/\\\/www.bellunopress.it\",\"https:\\\/\\\/x.com\\\/bellunopress\"],\"url\":\"https:\\\/\\\/www.bellunopress.it\\\/fr\\\/author\\\/redazione\\\/\"}]}<\/script>\n<!-- \/ Yoast SEO plugin. -->","yoast_head_json":{"title":"Due appuntamenti di Italia Nostra, mercoled\u00ec all'Istituto Catullo e domenica in Alpago - Bellunopress - Dolomiti","robots":{"index":"index","follow":"follow","max-snippet":"max-snippet:-1","max-image-preview":"max-image-preview:large","max-video-preview":"max-video-preview:-1"},"canonical":"https:\/\/www.bellunopress.it\/fr\/2019\/05\/06\/due-appuntamenti-di-italia-nostra-mercoledi-allistituto-catullo-e-domenica-in-alpago\/","og_locale":"fr_FR","og_type":"article","og_title":"Due appuntamenti di Italia Nostra, mercoled\u00ec all'Istituto Catullo e domenica in Alpago - Bellunopress - Dolomiti","og_description":"In occasione della prima Settimana del Patrimonio Culturale, indetta da Italia Nostra Nazionale, la sezione di Belluno invita i suoi soci e tutta la cittadinanza a partecipare a due eventi dedicati alla scoperta e alla valorizzazione di alcune \u201cbellezze\u201d del nostro territorio. Mercoled\u00ec 8 maggio, alle ore 17.30, presso l\u2019Aula Magna dell\u2019Istituto \u201cCatullo\u201d di Belluno [&hellip;]","og_url":"https:\/\/www.bellunopress.it\/fr\/2019\/05\/06\/due-appuntamenti-di-italia-nostra-mercoledi-allistituto-catullo-e-domenica-in-alpago\/","og_site_name":"Bellunopress - Dolomiti","article_publisher":"https:\/\/www.facebook.com\/profile.php?id=100008943462799","article_published_time":"2019-05-06T19:43:23+00:00","og_image":[{"url":"http:\/\/www.bellunopress.it\/wp-content\/uploads\/2019\/03\/italia-nostra.jpg","type":"","width":"","height":""}],"author":"redazione","twitter_card":"summary_large_image","twitter_creator":"@bellunopress","twitter_site":"@bellunopress","twitter_misc":{"\u00c9crit par":"redazione","Dur\u00e9e de lecture estim\u00e9e":"1 minute"},"schema":{"@context":"https:\/\/schema.org","@graph":[{"@type":"Article","@id":"https:\/\/www.bellunopress.it\/2019\/05\/06\/due-appuntamenti-di-italia-nostra-mercoledi-allistituto-catullo-e-domenica-in-alpago\/#article","isPartOf":{"@id":"https:\/\/www.bellunopress.it\/2019\/05\/06\/due-appuntamenti-di-italia-nostra-mercoledi-allistituto-catullo-e-domenica-in-alpago\/"},"author":{"name":"redazione","@id":"https:\/\/www.bellunopress.it\/#\/schema\/person\/79bb06722b37ece1c03d3e94beb30d73"},"headline":"Due appuntamenti di Italia Nostra, mercoled\u00ec all&#8217;Istituto Catullo e domenica in Alpago","datePublished":"2019-05-06T19:43:23+00:00","mainEntityOfPage":{"@id":"https:\/\/www.bellunopress.it\/2019\/05\/06\/due-appuntamenti-di-italia-nostra-mercoledi-allistituto-catullo-e-domenica-in-alpago\/"},"wordCount":218,"publisher":{"@id":"https:\/\/www.bellunopress.it\/#organization"},"image":{"@id":"https:\/\/www.bellunopress.it\/2019\/05\/06\/due-appuntamenti-di-italia-nostra-mercoledi-allistituto-catullo-e-domenica-in-alpago\/#primaryimage"},"thumbnailUrl":"http:\/\/www.bellunopress.it\/wp-content\/uploads\/2019\/03\/italia-nostra.jpg","articleSection":["Appuntamenti, Eventi","Arte, Cultura, Spettacoli, Scienza","Pausa Caff\u00e8"],"inLanguage":"fr-FR"},{"@type":"WebPage","@id":"https:\/\/www.bellunopress.it\/2019\/05\/06\/due-appuntamenti-di-italia-nostra-mercoledi-allistituto-catullo-e-domenica-in-alpago\/","url":"https:\/\/www.bellunopress.it\/2019\/05\/06\/due-appuntamenti-di-italia-nostra-mercoledi-allistituto-catullo-e-domenica-in-alpago\/","name":"Due appuntamenti di Italia Nostra, mercoled\u00ec all'Istituto Catullo e domenica in Alpago - Bellunopress - Dolomiti","isPartOf":{"@id":"https:\/\/www.bellunopress.it\/#website"},"primaryImageOfPage":{"@id":"https:\/\/www.bellunopress.it\/2019\/05\/06\/due-appuntamenti-di-italia-nostra-mercoledi-allistituto-catullo-e-domenica-in-alpago\/#primaryimage"},"image":{"@id":"https:\/\/www.bellunopress.it\/2019\/05\/06\/due-appuntamenti-di-italia-nostra-mercoledi-allistituto-catullo-e-domenica-in-alpago\/#primaryimage"},"thumbnailUrl":"http:\/\/www.bellunopress.it\/wp-content\/uploads\/2019\/03\/italia-nostra.jpg","datePublished":"2019-05-06T19:43:23+00:00","breadcrumb":{"@id":"https:\/\/www.bellunopress.it\/2019\/05\/06\/due-appuntamenti-di-italia-nostra-mercoledi-allistituto-catullo-e-domenica-in-alpago\/#breadcrumb"},"inLanguage":"fr-FR","potentialAction":[{"@type":"ReadAction","target":["https:\/\/www.bellunopress.it\/2019\/05\/06\/due-appuntamenti-di-italia-nostra-mercoledi-allistituto-catullo-e-domenica-in-alpago\/"]}]},{"@type":"ImageObject","inLanguage":"fr-FR","@id":"https:\/\/www.bellunopress.it\/2019\/05\/06\/due-appuntamenti-di-italia-nostra-mercoledi-allistituto-catullo-e-domenica-in-alpago\/#primaryimage","url":"http:\/\/www.bellunopress.it\/wp-content\/uploads\/2019\/03\/italia-nostra.jpg","contentUrl":"http:\/\/www.bellunopress.it\/wp-content\/uploads\/2019\/03\/italia-nostra.jpg"},{"@type":"BreadcrumbList","@id":"https:\/\/www.bellunopress.it\/2019\/05\/06\/due-appuntamenti-di-italia-nostra-mercoledi-allistituto-catullo-e-domenica-in-alpago\/#breadcrumb","itemListElement":[{"@type":"ListItem","position":1,"name":"Home","item":"https:\/\/www.bellunopress.it\/"},{"@type":"ListItem","position":2,"name":"Due appuntamenti di Italia Nostra, mercoled\u00ec all&#8217;Istituto Catullo e domenica in Alpago"}]},{"@type":"WebSite","@id":"https:\/\/www.bellunopress.it\/#website","url":"https:\/\/www.bellunopress.it\/","name":"Bellunopress - Dolomiti","description":"e-mail: redazione@bellunopress.it","publisher":{"@id":"https:\/\/www.bellunopress.it\/#organization"},"potentialAction":[{"@type":"SearchAction","target":{"@type":"EntryPoint","urlTemplate":"https:\/\/www.bellunopress.it\/?s={search_term_string}"},"query-input":{"@type":"PropertyValueSpecification","valueRequired":true,"valueName":"search_term_string"}}],"inLanguage":"fr-FR"},{"@type":"Organization","@id":"https:\/\/www.bellunopress.it\/#organization","name":"Bellunopress","url":"https:\/\/www.bellunopress.it\/","logo":{"@type":"ImageObject","inLanguage":"fr-FR","@id":"https:\/\/www.bellunopress.it\/#\/schema\/logo\/image\/","url":"https:\/\/www.bellunopress.it\/wp-content\/uploads\/2011\/05\/cropped-logo-bellunopress-.jpg","contentUrl":"https:\/\/www.bellunopress.it\/wp-content\/uploads\/2011\/05\/cropped-logo-bellunopress-.jpg","width":512,"height":512,"caption":"Bellunopress"},"image":{"@id":"https:\/\/www.bellunopress.it\/#\/schema\/logo\/image\/"},"sameAs":["https:\/\/www.facebook.com\/profile.php?id=100008943462799","https:\/\/x.com\/bellunopress","https:\/\/www.linkedin.com\/hp\/?dnr=JBzUWaJfMUw8vbXJJ2tVW5-I3jZKvC4wsoxE&amp;amp;amp;amp;amp;amp;trk=nav_responsive_tab_home","https:\/\/www.youtube.com\/channel\/UCxL0wu1uN0_3_7hGG0306cw"]},{"@type":"Person","@id":"https:\/\/www.bellunopress.it\/#\/schema\/person\/79bb06722b37ece1c03d3e94beb30d73","name":"r\u00e9daction","image":{"@type":"ImageObject","inLanguage":"fr-FR","@id":"https:\/\/secure.gravatar.com\/avatar\/37d968a2e67a6fd04c169c4bdef102d0bc5d31b2546345219e348575eb80e9a0?s=96&d=mm&r=g","url":"https:\/\/secure.gravatar.com\/avatar\/37d968a2e67a6fd04c169c4bdef102d0bc5d31b2546345219e348575eb80e9a0?s=96&d=mm&r=g","contentUrl":"https:\/\/secure.gravatar.com\/avatar\/37d968a2e67a6fd04c169c4bdef102d0bc5d31b2546345219e348575eb80e9a0?s=96&d=mm&r=g","caption":"redazione"},"sameAs":["http:\/\/www.bellunopress.it","https:\/\/x.com\/bellunopress"],"url":"https:\/\/www.bellunopress.it\/fr\/author\/redazione\/"}]}},"_links":{"self":[{"href":"https:\/\/www.bellunopress.it\/fr\/wp-json\/wp\/v2\/posts\/104273","targetHints":{"allow":["GET"]}}],"collection":[{"href":"https:\/\/www.bellunopress.it\/fr\/wp-json\/wp\/v2\/posts"}],"about":[{"href":"https:\/\/www.bellunopress.it\/fr\/wp-json\/wp\/v2\/types\/post"}],"author":[{"embeddable":true,"href":"https:\/\/www.bellunopress.it\/fr\/wp-json\/wp\/v2\/users\/2"}],"replies":[{"embeddable":true,"href":"https:\/\/www.bellunopress.it\/fr\/wp-json\/wp\/v2\/comments?post=104273"}],"version-history":[{"count":1,"href":"https:\/\/www.bellunopress.it\/fr\/wp-json\/wp\/v2\/posts\/104273\/revisions"}],"predecessor-version":[{"id":104274,"href":"https:\/\/www.bellunopress.it\/fr\/wp-json\/wp\/v2\/posts\/104273\/revisions\/104274"}],"wp:attachment":[{"href":"https:\/\/www.bellunopress.it\/fr\/wp-json\/wp\/v2\/media?parent=104273"}],"wp:term":[{"taxonomy":"category","embeddable":true,"href":"https:\/\/www.bellunopress.it\/fr\/wp-json\/wp\/v2\/categories?post=104273"},{"taxonomy":"post_tag","embeddable":true,"href":"https:\/\/www.bellunopress.it\/fr\/wp-json\/wp\/v2\/tags?post=104273"}],"curies":[{"name":"wp","href":"https:\/\/api.w.org\/{rel}","templated":true}]}}