{"id":104269,"date":"2019-05-06T12:22:17","date_gmt":"2019-05-06T10:22:17","guid":{"rendered":"http:\/\/www.bellunopress.it\/?p=104269"},"modified":"2019-05-06T21:24:26","modified_gmt":"2019-05-06T19:24:26","slug":"alpe-del-nevegal-lunedi-13-maggio-si-chiudono-le-iscrizioni","status":"publish","type":"post","link":"https:\/\/www.bellunopress.it\/fr\/2019\/05\/06\/alpe-del-nevegal-lunedi-13-maggio-si-chiudono-le-iscrizioni\/","title":{"rendered":"Alpe del Nevegal: luned\u00ec 13 maggio si chiudono le iscrizioni"},"content":{"rendered":"<figure id=\"attachment_79471\" aria-describedby=\"caption-attachment-79471\" style=\"width: 300px\" class=\"wp-caption alignleft\"><a href=\"http:\/\/www.bellunopress.it\/fr\/2016\/07\/26\/lalpe-del-nevegal-scalda-motori-venerdi-domenica-ritorna-la-gara-velocita-salita-sulla-montagna-dei-bellunesi\/alpe-nevegal-christian-merli_-vincitore-2015\/\" rel=\"attachment wp-att-79471\"><img loading=\"lazy\" decoding=\"async\" class=\"size-full wp-image-79471\" src=\"http:\/\/www.bellunopress.it\/wp-content\/uploads\/2016\/07\/alpe-nevegal-Christian-Merli_-vincitore-2015.jpg\" alt=\"\" width=\"300\" height=\"219\" \/><\/a><figcaption id=\"caption-attachment-79471\" class=\"wp-caption-text\">Christian Merli, vincitore Alpe del Nevegal 2015<\/figcaption><\/figure>\n<p>Belluno, 6 maggio 2019\u00a0 &#8211;\u00a0 Alpe del Neveg\u00e0l proiettata a vele spiegate verso l&#8217;importante appuntamento che, la prossima settimana, vedr\u00e0 il Colle tornare a vestire i colori del tricolore per il terzo appuntamento stagionale del Campionato Italiano Velocit\u00e0 Montagna 2019. Fra sette giorni, alla mezzanotte di luned\u00ec 13 maggio, si chiuderanno le iscrizioni alla competizione, organizzata dall&#8217;Asd Tre Cime Promotor, valida anche per il Trofeo Italiano Velocit\u00e0 Montagna e per i trofei &#8220;Lino De Salvador&#8221; auto moderne e &#8220;Mario Facca&#8221; auto storiche, in programma dal 17 al 19 maggio.<\/p>\n<p>Ad oggi sono gi\u00e0 un buon numero i piloti che hanno perfezionato l&#8217;iscrizione alla quarantacinquesima edizione della cronoscalata bellunese, la cui prima edizione venne disputata nel 1954, come &#8220;gara sociale&#8221; dell&#8217;Automobile Club Belluno. In attesa dell&#8217;ufficializzazione dell&#8217;elenco, voci raccolte nell&#8217;ambiente danno per sicura la partecipazione all&#8217;Alpe del Neveg\u00e0l 2019: dell&#8217;altoatesino Rudy Bicciato, plurititolato campione italiano; dei ferraristi padovani Luca Gaetani e Roberto Ragazzi, quest&#8217;ultimo vincitore assoluto in Neveg\u00e0l nel 2005; del salernitano Giovanni Loffredo, con la Mini turbodiesel; del sardo Omar Magliona, due volte vincitore dell&#8217;Alpe del Neveg\u00e0l (2007 e 2018) ed attuale leader della classifica assoluta di C.I.V.M., grazie al doppio secondo posto centrato nei primi due appuntamenti stagionali, a Luzzi e Sarnano.<\/p>\n<p>Domani, intanto, il percorso di gara, i classici 5500 metri che, dalla piana di Caleipo, salgono all&#8217;Alpe in Fiore superando un dislivello di 526 metri con una pendenza media del 9,56%, saranno collaudati dai tecnici di Veneto Strade, ente gestore della strada provinciale 31.<br \/>\nSabato 11, invece, grazie all&#8217;interessamento di Andrea Dal Pont del negozio La Mela frutta &amp; verdura, la corsa verr\u00e0 promossa con l&#8217;esposizione, nella centralissima via Roma, di alcune vetture che prenderanno parte alla stessa come: la 500 R2 di Stiw Marcon e la Tatuus Formula Renault di Denis Mezzacasa. Luned\u00ec prossimo, invece, nella sala Giunta di Palazzo Rosso, sede del Comune di Belluno, alla presenza delle autorit\u00e0 e dei componenti del Comitato organizzatore, la 45^ Alpe del Neveg\u00e0l verr\u00e0 ufficialmente presentata agli organi di informazione.<\/p>","protected":false},"excerpt":{"rendered":"<p>Belluno, 6 maggio 2019\u00a0 &#8211;\u00a0 Alpe del Neveg\u00e0l proiettata a vele spiegate verso l&#8217;importante appuntamento che, la prossima settimana, vedr\u00e0 il Colle tornare a vestire i colori del tricolore per il terzo appuntamento stagionale del Campionato Italiano Velocit\u00e0 Montagna 2019. Fra sette giorni, alla mezzanotte di luned\u00ec 13 maggio, si chiuderanno le iscrizioni alla competizione, [&hellip;]<\/p>\n","protected":false},"author":2,"featured_media":0,"comment_status":"closed","ping_status":"open","sticky":false,"template":"","format":"standard","meta":{"footnotes":""},"categories":[26,4],"tags":[],"class_list":["post-104269","post","type-post","status-publish","format-standard","category-prima-pagina","category-sport"],"yoast_head":"<!-- This site is optimized with the Yoast SEO plugin v28.4 - https:\/\/yoast.com\/product\/yoast-seo-wordpress\/ -->\n<title>Alpe del Nevegal: luned\u00ec 13 maggio si chiudono le iscrizioni - Bellunopress - Dolomiti<\/title>\n<meta name=\"robots\" content=\"index, follow, max-snippet:-1, max-image-preview:large, max-video-preview:-1\" \/>\n<link rel=\"canonical\" href=\"https:\/\/www.bellunopress.it\/fr\/2019\/05\/06\/alpe-del-nevegal-lunedi-13-maggio-si-chiudono-le-iscrizioni\/\" \/>\n<meta property=\"og:locale\" content=\"fr_FR\" \/>\n<meta property=\"og:type\" content=\"article\" \/>\n<meta property=\"og:title\" content=\"Alpe del Nevegal: luned\u00ec 13 maggio si chiudono le iscrizioni - Bellunopress - Dolomiti\" \/>\n<meta property=\"og:description\" content=\"Belluno, 6 maggio 2019\u00a0 &#8211;\u00a0 Alpe del Neveg\u00e0l proiettata a vele spiegate verso l&#8217;importante appuntamento che, la prossima settimana, vedr\u00e0 il Colle tornare a vestire i colori del tricolore per il terzo appuntamento stagionale del Campionato Italiano Velocit\u00e0 Montagna 2019. Fra sette giorni, alla mezzanotte di luned\u00ec 13 maggio, si chiuderanno le iscrizioni alla competizione, [&hellip;]\" \/>\n<meta property=\"og:url\" content=\"https:\/\/www.bellunopress.it\/fr\/2019\/05\/06\/alpe-del-nevegal-lunedi-13-maggio-si-chiudono-le-iscrizioni\/\" \/>\n<meta property=\"og:site_name\" content=\"Bellunopress - Dolomiti\" \/>\n<meta property=\"article:publisher\" content=\"https:\/\/www.facebook.com\/profile.php?id=100008943462799\" \/>\n<meta property=\"article:published_time\" content=\"2019-05-06T10:22:17+00:00\" \/>\n<meta property=\"article:modified_time\" content=\"2019-05-06T19:24:26+00:00\" \/>\n<meta property=\"og:image\" content=\"http:\/\/www.bellunopress.it\/wp-content\/uploads\/2016\/07\/alpe-nevegal-Christian-Merli_-vincitore-2015.jpg\" \/>\n<meta name=\"author\" content=\"redazione\" \/>\n<meta name=\"twitter:card\" content=\"summary_large_image\" \/>\n<meta name=\"twitter:creator\" content=\"@bellunopress\" \/>\n<meta name=\"twitter:site\" content=\"@bellunopress\" \/>\n<meta name=\"twitter:label1\" content=\"\u00c9crit par\" \/>\n\t<meta name=\"twitter:data1\" content=\"redazione\" \/>\n\t<meta name=\"twitter:label2\" content=\"Dur\u00e9e de lecture estim\u00e9e\" \/>\n\t<meta name=\"twitter:data2\" content=\"2 minutes\" \/>\n<script type=\"application\/ld+json\" class=\"yoast-schema-graph\">{\"@context\":\"https:\\\/\\\/schema.org\",\"@graph\":[{\"@type\":\"Article\",\"@id\":\"https:\\\/\\\/www.bellunopress.it\\\/2019\\\/05\\\/06\\\/alpe-del-nevegal-lunedi-13-maggio-si-chiudono-le-iscrizioni\\\/#article\",\"isPartOf\":{\"@id\":\"https:\\\/\\\/www.bellunopress.it\\\/2019\\\/05\\\/06\\\/alpe-del-nevegal-lunedi-13-maggio-si-chiudono-le-iscrizioni\\\/\"},\"author\":{\"name\":\"redazione\",\"@id\":\"https:\\\/\\\/www.bellunopress.it\\\/#\\\/schema\\\/person\\\/79bb06722b37ece1c03d3e94beb30d73\"},\"headline\":\"Alpe del Nevegal: luned\u00ec 13 maggio si chiudono le iscrizioni\",\"datePublished\":\"2019-05-06T10:22:17+00:00\",\"dateModified\":\"2019-05-06T19:24:26+00:00\",\"mainEntityOfPage\":{\"@id\":\"https:\\\/\\\/www.bellunopress.it\\\/2019\\\/05\\\/06\\\/alpe-del-nevegal-lunedi-13-maggio-si-chiudono-le-iscrizioni\\\/\"},\"wordCount\":358,\"publisher\":{\"@id\":\"https:\\\/\\\/www.bellunopress.it\\\/#organization\"},\"image\":{\"@id\":\"https:\\\/\\\/www.bellunopress.it\\\/2019\\\/05\\\/06\\\/alpe-del-nevegal-lunedi-13-maggio-si-chiudono-le-iscrizioni\\\/#primaryimage\"},\"thumbnailUrl\":\"http:\\\/\\\/www.bellunopress.it\\\/wp-content\\\/uploads\\\/2016\\\/07\\\/alpe-nevegal-Christian-Merli_-vincitore-2015.jpg\",\"articleSection\":[\"Prima Pagina\",\"Sport, tempo libero\"],\"inLanguage\":\"fr-FR\"},{\"@type\":\"WebPage\",\"@id\":\"https:\\\/\\\/www.bellunopress.it\\\/2019\\\/05\\\/06\\\/alpe-del-nevegal-lunedi-13-maggio-si-chiudono-le-iscrizioni\\\/\",\"url\":\"https:\\\/\\\/www.bellunopress.it\\\/2019\\\/05\\\/06\\\/alpe-del-nevegal-lunedi-13-maggio-si-chiudono-le-iscrizioni\\\/\",\"name\":\"Alpe del Nevegal: luned\u00ec 13 maggio si chiudono le iscrizioni - Bellunopress - Dolomiti\",\"isPartOf\":{\"@id\":\"https:\\\/\\\/www.bellunopress.it\\\/#website\"},\"primaryImageOfPage\":{\"@id\":\"https:\\\/\\\/www.bellunopress.it\\\/2019\\\/05\\\/06\\\/alpe-del-nevegal-lunedi-13-maggio-si-chiudono-le-iscrizioni\\\/#primaryimage\"},\"image\":{\"@id\":\"https:\\\/\\\/www.bellunopress.it\\\/2019\\\/05\\\/06\\\/alpe-del-nevegal-lunedi-13-maggio-si-chiudono-le-iscrizioni\\\/#primaryimage\"},\"thumbnailUrl\":\"http:\\\/\\\/www.bellunopress.it\\\/wp-content\\\/uploads\\\/2016\\\/07\\\/alpe-nevegal-Christian-Merli_-vincitore-2015.jpg\",\"datePublished\":\"2019-05-06T10:22:17+00:00\",\"dateModified\":\"2019-05-06T19:24:26+00:00\",\"breadcrumb\":{\"@id\":\"https:\\\/\\\/www.bellunopress.it\\\/2019\\\/05\\\/06\\\/alpe-del-nevegal-lunedi-13-maggio-si-chiudono-le-iscrizioni\\\/#breadcrumb\"},\"inLanguage\":\"fr-FR\",\"potentialAction\":[{\"@type\":\"ReadAction\",\"target\":[\"https:\\\/\\\/www.bellunopress.it\\\/2019\\\/05\\\/06\\\/alpe-del-nevegal-lunedi-13-maggio-si-chiudono-le-iscrizioni\\\/\"]}]},{\"@type\":\"ImageObject\",\"inLanguage\":\"fr-FR\",\"@id\":\"https:\\\/\\\/www.bellunopress.it\\\/2019\\\/05\\\/06\\\/alpe-del-nevegal-lunedi-13-maggio-si-chiudono-le-iscrizioni\\\/#primaryimage\",\"url\":\"http:\\\/\\\/www.bellunopress.it\\\/wp-content\\\/uploads\\\/2016\\\/07\\\/alpe-nevegal-Christian-Merli_-vincitore-2015.jpg\",\"contentUrl\":\"http:\\\/\\\/www.bellunopress.it\\\/wp-content\\\/uploads\\\/2016\\\/07\\\/alpe-nevegal-Christian-Merli_-vincitore-2015.jpg\"},{\"@type\":\"BreadcrumbList\",\"@id\":\"https:\\\/\\\/www.bellunopress.it\\\/2019\\\/05\\\/06\\\/alpe-del-nevegal-lunedi-13-maggio-si-chiudono-le-iscrizioni\\\/#breadcrumb\",\"itemListElement\":[{\"@type\":\"ListItem\",\"position\":1,\"name\":\"Home\",\"item\":\"https:\\\/\\\/www.bellunopress.it\\\/\"},{\"@type\":\"ListItem\",\"position\":2,\"name\":\"Alpe del Nevegal: luned\u00ec 13 maggio si chiudono le iscrizioni\"}]},{\"@type\":\"WebSite\",\"@id\":\"https:\\\/\\\/www.bellunopress.it\\\/#website\",\"url\":\"https:\\\/\\\/www.bellunopress.it\\\/\",\"name\":\"Bellunopress - Dolomiti\",\"description\":\"e-mail: redazione@bellunopress.it\",\"publisher\":{\"@id\":\"https:\\\/\\\/www.bellunopress.it\\\/#organization\"},\"potentialAction\":[{\"@type\":\"SearchAction\",\"target\":{\"@type\":\"EntryPoint\",\"urlTemplate\":\"https:\\\/\\\/www.bellunopress.it\\\/?s={search_term_string}\"},\"query-input\":{\"@type\":\"PropertyValueSpecification\",\"valueRequired\":true,\"valueName\":\"search_term_string\"}}],\"inLanguage\":\"fr-FR\"},{\"@type\":\"Organization\",\"@id\":\"https:\\\/\\\/www.bellunopress.it\\\/#organization\",\"name\":\"Bellunopress\",\"url\":\"https:\\\/\\\/www.bellunopress.it\\\/\",\"logo\":{\"@type\":\"ImageObject\",\"inLanguage\":\"fr-FR\",\"@id\":\"https:\\\/\\\/www.bellunopress.it\\\/#\\\/schema\\\/logo\\\/image\\\/\",\"url\":\"https:\\\/\\\/www.bellunopress.it\\\/wp-content\\\/uploads\\\/2011\\\/05\\\/cropped-logo-bellunopress-.jpg\",\"contentUrl\":\"https:\\\/\\\/www.bellunopress.it\\\/wp-content\\\/uploads\\\/2011\\\/05\\\/cropped-logo-bellunopress-.jpg\",\"width\":512,\"height\":512,\"caption\":\"Bellunopress\"},\"image\":{\"@id\":\"https:\\\/\\\/www.bellunopress.it\\\/#\\\/schema\\\/logo\\\/image\\\/\"},\"sameAs\":[\"https:\\\/\\\/www.facebook.com\\\/profile.php?id=100008943462799\",\"https:\\\/\\\/x.com\\\/bellunopress\",\"https:\\\/\\\/www.linkedin.com\\\/hp\\\/?dnr=JBzUWaJfMUw8vbXJJ2tVW5-I3jZKvC4wsoxE&amp;amp;amp;amp;amp;amp;trk=nav_responsive_tab_home\",\"https:\\\/\\\/www.youtube.com\\\/channel\\\/UCxL0wu1uN0_3_7hGG0306cw\"]},{\"@type\":\"Person\",\"@id\":\"https:\\\/\\\/www.bellunopress.it\\\/#\\\/schema\\\/person\\\/79bb06722b37ece1c03d3e94beb30d73\",\"name\":\"redazione\",\"image\":{\"@type\":\"ImageObject\",\"inLanguage\":\"fr-FR\",\"@id\":\"https:\\\/\\\/secure.gravatar.com\\\/avatar\\\/37d968a2e67a6fd04c169c4bdef102d0bc5d31b2546345219e348575eb80e9a0?s=96&d=mm&r=g\",\"url\":\"https:\\\/\\\/secure.gravatar.com\\\/avatar\\\/37d968a2e67a6fd04c169c4bdef102d0bc5d31b2546345219e348575eb80e9a0?s=96&d=mm&r=g\",\"contentUrl\":\"https:\\\/\\\/secure.gravatar.com\\\/avatar\\\/37d968a2e67a6fd04c169c4bdef102d0bc5d31b2546345219e348575eb80e9a0?s=96&d=mm&r=g\",\"caption\":\"redazione\"},\"sameAs\":[\"http:\\\/\\\/www.bellunopress.it\",\"https:\\\/\\\/x.com\\\/bellunopress\"],\"url\":\"https:\\\/\\\/www.bellunopress.it\\\/fr\\\/author\\\/redazione\\\/\"}]}<\/script>\n<!-- \/ Yoast SEO plugin. -->","yoast_head_json":{"title":"Alpe del Nevegal: luned\u00ec 13 maggio si chiudono le iscrizioni - Bellunopress - Dolomiti","robots":{"index":"index","follow":"follow","max-snippet":"max-snippet:-1","max-image-preview":"max-image-preview:large","max-video-preview":"max-video-preview:-1"},"canonical":"https:\/\/www.bellunopress.it\/fr\/2019\/05\/06\/alpe-del-nevegal-lunedi-13-maggio-si-chiudono-le-iscrizioni\/","og_locale":"fr_FR","og_type":"article","og_title":"Alpe del Nevegal: luned\u00ec 13 maggio si chiudono le iscrizioni - Bellunopress - Dolomiti","og_description":"Belluno, 6 maggio 2019\u00a0 &#8211;\u00a0 Alpe del Neveg\u00e0l proiettata a vele spiegate verso l&#8217;importante appuntamento che, la prossima settimana, vedr\u00e0 il Colle tornare a vestire i colori del tricolore per il terzo appuntamento stagionale del Campionato Italiano Velocit\u00e0 Montagna 2019. Fra sette giorni, alla mezzanotte di luned\u00ec 13 maggio, si chiuderanno le iscrizioni alla competizione, [&hellip;]","og_url":"https:\/\/www.bellunopress.it\/fr\/2019\/05\/06\/alpe-del-nevegal-lunedi-13-maggio-si-chiudono-le-iscrizioni\/","og_site_name":"Bellunopress - Dolomiti","article_publisher":"https:\/\/www.facebook.com\/profile.php?id=100008943462799","article_published_time":"2019-05-06T10:22:17+00:00","article_modified_time":"2019-05-06T19:24:26+00:00","og_image":[{"url":"http:\/\/www.bellunopress.it\/wp-content\/uploads\/2016\/07\/alpe-nevegal-Christian-Merli_-vincitore-2015.jpg","type":"","width":"","height":""}],"author":"redazione","twitter_card":"summary_large_image","twitter_creator":"@bellunopress","twitter_site":"@bellunopress","twitter_misc":{"\u00c9crit par":"redazione","Dur\u00e9e de lecture estim\u00e9e":"2 minutes"},"schema":{"@context":"https:\/\/schema.org","@graph":[{"@type":"Article","@id":"https:\/\/www.bellunopress.it\/2019\/05\/06\/alpe-del-nevegal-lunedi-13-maggio-si-chiudono-le-iscrizioni\/#article","isPartOf":{"@id":"https:\/\/www.bellunopress.it\/2019\/05\/06\/alpe-del-nevegal-lunedi-13-maggio-si-chiudono-le-iscrizioni\/"},"author":{"name":"redazione","@id":"https:\/\/www.bellunopress.it\/#\/schema\/person\/79bb06722b37ece1c03d3e94beb30d73"},"headline":"Alpe del Nevegal: luned\u00ec 13 maggio si chiudono le iscrizioni","datePublished":"2019-05-06T10:22:17+00:00","dateModified":"2019-05-06T19:24:26+00:00","mainEntityOfPage":{"@id":"https:\/\/www.bellunopress.it\/2019\/05\/06\/alpe-del-nevegal-lunedi-13-maggio-si-chiudono-le-iscrizioni\/"},"wordCount":358,"publisher":{"@id":"https:\/\/www.bellunopress.it\/#organization"},"image":{"@id":"https:\/\/www.bellunopress.it\/2019\/05\/06\/alpe-del-nevegal-lunedi-13-maggio-si-chiudono-le-iscrizioni\/#primaryimage"},"thumbnailUrl":"http:\/\/www.bellunopress.it\/wp-content\/uploads\/2016\/07\/alpe-nevegal-Christian-Merli_-vincitore-2015.jpg","articleSection":["Prima Pagina","Sport, tempo libero"],"inLanguage":"fr-FR"},{"@type":"WebPage","@id":"https:\/\/www.bellunopress.it\/2019\/05\/06\/alpe-del-nevegal-lunedi-13-maggio-si-chiudono-le-iscrizioni\/","url":"https:\/\/www.bellunopress.it\/2019\/05\/06\/alpe-del-nevegal-lunedi-13-maggio-si-chiudono-le-iscrizioni\/","name":"Alpe del Nevegal: luned\u00ec 13 maggio si chiudono le iscrizioni - Bellunopress - Dolomiti","isPartOf":{"@id":"https:\/\/www.bellunopress.it\/#website"},"primaryImageOfPage":{"@id":"https:\/\/www.bellunopress.it\/2019\/05\/06\/alpe-del-nevegal-lunedi-13-maggio-si-chiudono-le-iscrizioni\/#primaryimage"},"image":{"@id":"https:\/\/www.bellunopress.it\/2019\/05\/06\/alpe-del-nevegal-lunedi-13-maggio-si-chiudono-le-iscrizioni\/#primaryimage"},"thumbnailUrl":"http:\/\/www.bellunopress.it\/wp-content\/uploads\/2016\/07\/alpe-nevegal-Christian-Merli_-vincitore-2015.jpg","datePublished":"2019-05-06T10:22:17+00:00","dateModified":"2019-05-06T19:24:26+00:00","breadcrumb":{"@id":"https:\/\/www.bellunopress.it\/2019\/05\/06\/alpe-del-nevegal-lunedi-13-maggio-si-chiudono-le-iscrizioni\/#breadcrumb"},"inLanguage":"fr-FR","potentialAction":[{"@type":"ReadAction","target":["https:\/\/www.bellunopress.it\/2019\/05\/06\/alpe-del-nevegal-lunedi-13-maggio-si-chiudono-le-iscrizioni\/"]}]},{"@type":"ImageObject","inLanguage":"fr-FR","@id":"https:\/\/www.bellunopress.it\/2019\/05\/06\/alpe-del-nevegal-lunedi-13-maggio-si-chiudono-le-iscrizioni\/#primaryimage","url":"http:\/\/www.bellunopress.it\/wp-content\/uploads\/2016\/07\/alpe-nevegal-Christian-Merli_-vincitore-2015.jpg","contentUrl":"http:\/\/www.bellunopress.it\/wp-content\/uploads\/2016\/07\/alpe-nevegal-Christian-Merli_-vincitore-2015.jpg"},{"@type":"BreadcrumbList","@id":"https:\/\/www.bellunopress.it\/2019\/05\/06\/alpe-del-nevegal-lunedi-13-maggio-si-chiudono-le-iscrizioni\/#breadcrumb","itemListElement":[{"@type":"ListItem","position":1,"name":"Home","item":"https:\/\/www.bellunopress.it\/"},{"@type":"ListItem","position":2,"name":"Alpe del Nevegal: luned\u00ec 13 maggio si chiudono le iscrizioni"}]},{"@type":"WebSite","@id":"https:\/\/www.bellunopress.it\/#website","url":"https:\/\/www.bellunopress.it\/","name":"Bellunopress - Dolomiti","description":"e-mail: redazione@bellunopress.it","publisher":{"@id":"https:\/\/www.bellunopress.it\/#organization"},"potentialAction":[{"@type":"SearchAction","target":{"@type":"EntryPoint","urlTemplate":"https:\/\/www.bellunopress.it\/?s={search_term_string}"},"query-input":{"@type":"PropertyValueSpecification","valueRequired":true,"valueName":"search_term_string"}}],"inLanguage":"fr-FR"},{"@type":"Organization","@id":"https:\/\/www.bellunopress.it\/#organization","name":"Bellunopress","url":"https:\/\/www.bellunopress.it\/","logo":{"@type":"ImageObject","inLanguage":"fr-FR","@id":"https:\/\/www.bellunopress.it\/#\/schema\/logo\/image\/","url":"https:\/\/www.bellunopress.it\/wp-content\/uploads\/2011\/05\/cropped-logo-bellunopress-.jpg","contentUrl":"https:\/\/www.bellunopress.it\/wp-content\/uploads\/2011\/05\/cropped-logo-bellunopress-.jpg","width":512,"height":512,"caption":"Bellunopress"},"image":{"@id":"https:\/\/www.bellunopress.it\/#\/schema\/logo\/image\/"},"sameAs":["https:\/\/www.facebook.com\/profile.php?id=100008943462799","https:\/\/x.com\/bellunopress","https:\/\/www.linkedin.com\/hp\/?dnr=JBzUWaJfMUw8vbXJJ2tVW5-I3jZKvC4wsoxE&amp;amp;amp;amp;amp;amp;trk=nav_responsive_tab_home","https:\/\/www.youtube.com\/channel\/UCxL0wu1uN0_3_7hGG0306cw"]},{"@type":"Person","@id":"https:\/\/www.bellunopress.it\/#\/schema\/person\/79bb06722b37ece1c03d3e94beb30d73","name":"r\u00e9daction","image":{"@type":"ImageObject","inLanguage":"fr-FR","@id":"https:\/\/secure.gravatar.com\/avatar\/37d968a2e67a6fd04c169c4bdef102d0bc5d31b2546345219e348575eb80e9a0?s=96&d=mm&r=g","url":"https:\/\/secure.gravatar.com\/avatar\/37d968a2e67a6fd04c169c4bdef102d0bc5d31b2546345219e348575eb80e9a0?s=96&d=mm&r=g","contentUrl":"https:\/\/secure.gravatar.com\/avatar\/37d968a2e67a6fd04c169c4bdef102d0bc5d31b2546345219e348575eb80e9a0?s=96&d=mm&r=g","caption":"redazione"},"sameAs":["http:\/\/www.bellunopress.it","https:\/\/x.com\/bellunopress"],"url":"https:\/\/www.bellunopress.it\/fr\/author\/redazione\/"}]}},"_links":{"self":[{"href":"https:\/\/www.bellunopress.it\/fr\/wp-json\/wp\/v2\/posts\/104269","targetHints":{"allow":["GET"]}}],"collection":[{"href":"https:\/\/www.bellunopress.it\/fr\/wp-json\/wp\/v2\/posts"}],"about":[{"href":"https:\/\/www.bellunopress.it\/fr\/wp-json\/wp\/v2\/types\/post"}],"author":[{"embeddable":true,"href":"https:\/\/www.bellunopress.it\/fr\/wp-json\/wp\/v2\/users\/2"}],"replies":[{"embeddable":true,"href":"https:\/\/www.bellunopress.it\/fr\/wp-json\/wp\/v2\/comments?post=104269"}],"version-history":[{"count":1,"href":"https:\/\/www.bellunopress.it\/fr\/wp-json\/wp\/v2\/posts\/104269\/revisions"}],"predecessor-version":[{"id":104270,"href":"https:\/\/www.bellunopress.it\/fr\/wp-json\/wp\/v2\/posts\/104269\/revisions\/104270"}],"wp:attachment":[{"href":"https:\/\/www.bellunopress.it\/fr\/wp-json\/wp\/v2\/media?parent=104269"}],"wp:term":[{"taxonomy":"category","embeddable":true,"href":"https:\/\/www.bellunopress.it\/fr\/wp-json\/wp\/v2\/categories?post=104269"},{"taxonomy":"post_tag","embeddable":true,"href":"https:\/\/www.bellunopress.it\/fr\/wp-json\/wp\/v2\/tags?post=104269"}],"curies":[{"name":"wp","href":"https:\/\/api.w.org\/{rel}","templated":true}]}}