{"id":104252,"date":"2019-05-06T14:01:50","date_gmt":"2019-05-06T12:01:50","guid":{"rendered":"http:\/\/www.bellunopress.it\/?p=104252"},"modified":"2019-05-06T17:06:42","modified_gmt":"2019-05-06T15:06:42","slug":"si-accendono-le-luci-sulla-rivoluzione-di-fishchef-levento-che-racconta-e-interpreta-il-territorio-e-i-prodotti-del-lago-di-garda-attraverso-la-cucina-dautore","status":"publish","type":"post","link":"https:\/\/www.bellunopress.it\/fr\/2019\/05\/06\/si-accendono-le-luci-sulla-rivoluzione-di-fishchef-levento-che-racconta-e-interpreta-il-territorio-e-i-prodotti-del-lago-di-garda-attraverso-la-cucina-dautore\/","title":{"rendered":"Si accendono le luci sulla Rivoluzione di Fish&#038;Chef,\u00a0l\u2019evento che racconta e interpreta il territorio e i prodotti del Lago di Garda attraverso la Cucina d\u2019Autore"},"content":{"rendered":"<p>Dal 6 al 13 maggio sul Lago di Garda andr\u00e0 in scena la decima edizione di Fish&amp;Chef: la kermesse culinaria che da dieci anni richiama sulle tre riviere del pi\u00f9 grande lago italiano, chef di caratura internazionale chiamati a interpretare \u2013 ciascuno con il proprio stile e la propria filosofia \u2013 le straordinarie materie prime che questo territorio di eccellenza ha da offrire.<br \/>\nUn vero e proprio percorso gourmand in sei tappe sulle tre sponde del Garda alla scoperta dei prodotti del lago attraverso le creazioni di grandi protagonisti della cucina contemporanea.<\/p>\n<p><a href=\"http:\/\/www.bellunopress.it\/fr\/2018\/03\/15\/fishchef-2018-evoluzione-nella-cucina-dautore-cinque-tra-i-migliori-chef-italiani-raccolgono-la-sfida-del-dream-team-sulle-rive-del-garda\/lago-di-garda\/\" rel=\"attachment wp-att-93553\"><img loading=\"lazy\" decoding=\"async\" class=\"alignleft size-full wp-image-93553\" src=\"http:\/\/www.bellunopress.it\/wp-content\/uploads\/2018\/03\/Lago-di-Garda-.jpg\" alt=\"\" width=\"300\" height=\"201\" \/><\/a>Si parte luned\u00ec 6 maggio a Palazzo Arzaga di Calvagese della Riviera (BS) con lo chef Lionello Cera. Marted\u00ec 7 maggio, al Regio Patio dell\u2019Hotel Regina Adelaide di Garda (VR), sar\u00e0 la volta dello chef Sandro Serva. Mercoled\u00ec 8 maggio lo chef Alberto Faccani sar\u00e0 protagonista della cena al Palace Hotel San Pietro a Bardolino (VR). Si prosegue gioved\u00ec 9 maggio, il Bellevue San Lorenzo di Malcesine (VR) ospiter\u00e0 lo chef Francesco Sposito. Domenica 12 maggio sar\u00e0 la volta dello chef Anthony Genovese al Grand Hotel Fasano a Gardone Riviera (BS). Chiuder\u00e0 lo chef Andrea Aprea luned\u00ec 13 maggio al Lido Palace di Riva del Garda (TN).<\/p>\n<p>Dopo il successo dei festeggiamenti per il decimo anniversario, ospitato lo scorso 5 aprile dalla cantina C\u00e0 Maiol, la manifestazione entra dunque nel vivo: sei serate d\u2019Autore in cui gli chef del Dream Team, 19 tra i migliori cuochi del Garda, ospiteranno importanti colleghi (quest\u2019anno tutti bistellati Michelin) che, oltre a misurarsi con i prodotti locali, saranno stimolati a esprimere attraverso i loro piatti il pensiero rivoluzionario che accompagna la decima edizione.<\/p>\n<p>\u201cSono convinto che nelle parole, pi\u00f9 che nelle cose, si trovino spesso le spiegazioni che ci mancano, ecco perch\u00e9 abbiamo chiesto ai miei colleghi di dedicare alla \u2018Rivoluzione\u2019 un piatto del menu che presenteranno durante la serata a loro dedicata &#8211; racconta Leandro Luppi, chef stellato della Vecchia Malcesine. \u201cSar\u00e0 interessante indagare, capire e scoprire il confine tra la loro rivoluzione personale e quella che andremo a gustare.\u201d<\/p>\n<p>\u201cLa rivoluzione per essere vera deve essere sempre in movimento. Un moto perpetuo dove l\u2019Evoluzione di questi anni, ci ha permesso di trasformare Fis&amp;Chef adattandolo al tempo e al contesto in cui viviamo\u201d racconta Elvira Trimeloni che insieme a Leandro Luppi ha dato vita dieci anni fa al primo evento italiano di narrazione del territorio lacustre; ancora oggi lei e Leandro ne sono sia il braccio operativo sia la mente creativa. E aggiunge: \u201cL\u2019Evoluzione, tema narrativo della scorsa edizione, ha fatto riaffiorare tutto il percorso di trasformazione, sia sul piano gastronomico sia sul piano culturale e sociale, di cui Fish&amp;Chef \u00e8 stato artefice.\u201d<\/p>\n<p>L\u2019Evoluzione, partita dunque nel 2009, continua oggi con la \u201cRivoluzione\u201d, il tema che guida il viaggio di quest\u2019anno.<br \/>\n\u201cLa Rivoluzione di Fish&amp;Chef supera i confini dei fuochi e si ritrova a lavorare la materia prima pi\u00f9 importante, quella che si nasconde tra le pieghe pi\u00f9 profonde del proprio sentire. \u00c8 nell\u2019ascolto del proprio S\u00e9 che risiede il senso pi\u00f9 alto della \u201cRivoluzione\u201d gardesana, indispensabile per poter firmare quei menu che diventano \u201cil manifesto\u201d della loro rivoluzione interiore\u201d spiega Laura Gobbi, project manager della manifestazione.<\/p>\n<p>La \u201cRivoluzione\u201d di Fish&amp;Chef \u00e8 fermento creativo, agita gli animi e produce bellezza, \u00e8 un vero e proprio movimento artistico, una corrente espressiva, dove i cuochi, maestri d\u2019arte, creano bellezza ispirati dalla bellezza stessa che li circonda e da quella, immensa, che hanno dentro.<\/p>\n<p>Fish&amp;Chef 2019: e \u201cRivoluzione\u201d sia!<\/p>\n<p><strong>GLI CHEF DEL DREAM TEAM<\/strong> \u2013 Stefano Baiocco del Ristorante Villa Feltrinelli a Gargnano (BS), Alberto Bertani del Ristorante Qb Duepuntozero di Sal\u00f2 (BS), Maurizio Bufi del Ristorante Villa Giulia di Gargnano (BS), Isidoro Consolini del Ristorante La Cantina Del Baffo a Limone sul Garda (BS), Andrea Costantini del Regio Patio dell\u2019Hotel Regina Adelaide di Garda (VR), Carmelo di Novo della Pasticceria Di Novo a Manerba sul Garda (BS), Matteo Felter del Ristorante Fagiano del Grand Hotel Fasano a Gardone Riviera (BS), Massimo Fezzardi del Ristorante Esplanade a Desenzano del Garda (BS), Maria e Orietta Filippini del Ristorante La Tortuga a Gargnano (BS), Giuliana Germiniasi del Ristorante Capriccio di Manerba del Garda (BS), Michele Iaconeta del Ristorante La Casa degli Spiriti di Costermano sul Garda, Leandro Luppi del Ristorante Vecchia Malcesine di Malcesine (VR), Andrea Mantovanelli del Ristorante La Stua del John a Folgaria (TN), Fabio Mazzolini del Ristorante Dalie e Fagioli a Manerba sul Garda (BS), David Cattoi del Ristorante Il Re della Busa del Lido Palace Hotel di Riva del Garda (TN), Roberto Stefani del Ristorante Tancredi di Sirmione (BS), Saulo Della Valle del Ristorante L\u2019Osteria H2O di Moniga del Garda (BS), Fabio Cordella del Ristorante La Veranda del Color di Bardolino (VR) e Marco Cozza e Andrea De Carli del Ristorante Antica Trattoria alle Rose di Sal\u00f2 (BS).<\/p>\n<p>Costo delle singole cene: \u20ac 100 a persona<br \/>\nPer le prenotazioni contattare direttamente i ristoranti<br \/>\nInfo www.fishandchef.it<\/p>","protected":false},"excerpt":{"rendered":"<p>Dal 6 al 13 maggio sul Lago di Garda andr\u00e0 in scena la decima edizione di Fish&amp;Chef: la kermesse culinaria che da dieci anni richiama sulle tre riviere del pi\u00f9 grande lago italiano, chef di caratura internazionale chiamati a interpretare \u2013 ciascuno con il proprio stile e la propria filosofia \u2013 le straordinarie materie prime [&hellip;]<\/p>\n","protected":false},"author":2,"featured_media":0,"comment_status":"closed","ping_status":"open","sticky":false,"template":"","format":"standard","meta":{"footnotes":""},"categories":[3393],"tags":[],"class_list":["post-104252","post","type-post","status-publish","format-standard","category-eventi-enogastronomici"],"yoast_head":"<!-- This site is optimized with the Yoast SEO plugin v28.4 - https:\/\/yoast.com\/product\/yoast-seo-wordpress\/ -->\n<title>Si accendono le luci sulla Rivoluzione di Fish&amp;Chef,\u00a0l\u2019evento che racconta e interpreta il territorio e i prodotti del Lago di Garda attraverso la Cucina d\u2019Autore - Bellunopress - Dolomiti<\/title>\n<meta name=\"robots\" content=\"index, follow, max-snippet:-1, max-image-preview:large, max-video-preview:-1\" \/>\n<link rel=\"canonical\" href=\"https:\/\/www.bellunopress.it\/fr\/2019\/05\/06\/si-accendono-le-luci-sulla-rivoluzione-di-fishchef-levento-che-racconta-e-interpreta-il-territorio-e-i-prodotti-del-lago-di-garda-attraverso-la-cucina-dautore\/\" \/>\n<meta property=\"og:locale\" content=\"fr_FR\" \/>\n<meta property=\"og:type\" content=\"article\" \/>\n<meta property=\"og:title\" content=\"Si accendono le luci sulla Rivoluzione di Fish&amp;Chef,\u00a0l\u2019evento che racconta e interpreta il territorio e i prodotti del Lago di Garda attraverso la Cucina d\u2019Autore - Bellunopress - Dolomiti\" \/>\n<meta property=\"og:description\" content=\"Dal 6 al 13 maggio sul Lago di Garda andr\u00e0 in scena la decima edizione di Fish&amp;Chef: la kermesse culinaria che da dieci anni richiama sulle tre riviere del pi\u00f9 grande lago italiano, chef di caratura internazionale chiamati a interpretare \u2013 ciascuno con il proprio stile e la propria filosofia \u2013 le straordinarie materie prime [&hellip;]\" \/>\n<meta property=\"og:url\" content=\"https:\/\/www.bellunopress.it\/fr\/2019\/05\/06\/si-accendono-le-luci-sulla-rivoluzione-di-fishchef-levento-che-racconta-e-interpreta-il-territorio-e-i-prodotti-del-lago-di-garda-attraverso-la-cucina-dautore\/\" \/>\n<meta property=\"og:site_name\" content=\"Bellunopress - Dolomiti\" \/>\n<meta property=\"article:publisher\" content=\"https:\/\/www.facebook.com\/profile.php?id=100008943462799\" \/>\n<meta property=\"article:published_time\" content=\"2019-05-06T12:01:50+00:00\" \/>\n<meta property=\"article:modified_time\" content=\"2019-05-06T15:06:42+00:00\" \/>\n<meta property=\"og:image\" content=\"http:\/\/www.bellunopress.it\/wp-content\/uploads\/2018\/03\/Lago-di-Garda-.jpg\" \/>\n<meta name=\"author\" content=\"redazione\" \/>\n<meta name=\"twitter:card\" content=\"summary_large_image\" \/>\n<meta name=\"twitter:creator\" content=\"@bellunopress\" \/>\n<meta name=\"twitter:site\" content=\"@bellunopress\" \/>\n<meta name=\"twitter:label1\" content=\"\u00c9crit par\" \/>\n\t<meta name=\"twitter:data1\" content=\"redazione\" \/>\n\t<meta name=\"twitter:label2\" content=\"Dur\u00e9e de lecture estim\u00e9e\" \/>\n\t<meta name=\"twitter:data2\" content=\"4 minutes\" \/>\n<script type=\"application\/ld+json\" class=\"yoast-schema-graph\">{\"@context\":\"https:\\\/\\\/schema.org\",\"@graph\":[{\"@type\":\"Article\",\"@id\":\"https:\\\/\\\/www.bellunopress.it\\\/2019\\\/05\\\/06\\\/si-accendono-le-luci-sulla-rivoluzione-di-fishchef-levento-che-racconta-e-interpreta-il-territorio-e-i-prodotti-del-lago-di-garda-attraverso-la-cucina-dautore\\\/#article\",\"isPartOf\":{\"@id\":\"https:\\\/\\\/www.bellunopress.it\\\/2019\\\/05\\\/06\\\/si-accendono-le-luci-sulla-rivoluzione-di-fishchef-levento-che-racconta-e-interpreta-il-territorio-e-i-prodotti-del-lago-di-garda-attraverso-la-cucina-dautore\\\/\"},\"author\":{\"name\":\"redazione\",\"@id\":\"https:\\\/\\\/www.bellunopress.it\\\/#\\\/schema\\\/person\\\/79bb06722b37ece1c03d3e94beb30d73\"},\"headline\":\"Si accendono le luci sulla Rivoluzione di Fish&#038;Chef,\u00a0l\u2019evento che racconta e interpreta il territorio e i prodotti del Lago di Garda attraverso la Cucina d\u2019Autore\",\"datePublished\":\"2019-05-06T12:01:50+00:00\",\"dateModified\":\"2019-05-06T15:06:42+00:00\",\"mainEntityOfPage\":{\"@id\":\"https:\\\/\\\/www.bellunopress.it\\\/2019\\\/05\\\/06\\\/si-accendono-le-luci-sulla-rivoluzione-di-fishchef-levento-che-racconta-e-interpreta-il-territorio-e-i-prodotti-del-lago-di-garda-attraverso-la-cucina-dautore\\\/\"},\"wordCount\":847,\"publisher\":{\"@id\":\"https:\\\/\\\/www.bellunopress.it\\\/#organization\"},\"image\":{\"@id\":\"https:\\\/\\\/www.bellunopress.it\\\/2019\\\/05\\\/06\\\/si-accendono-le-luci-sulla-rivoluzione-di-fishchef-levento-che-racconta-e-interpreta-il-territorio-e-i-prodotti-del-lago-di-garda-attraverso-la-cucina-dautore\\\/#primaryimage\"},\"thumbnailUrl\":\"http:\\\/\\\/www.bellunopress.it\\\/wp-content\\\/uploads\\\/2018\\\/03\\\/Lago-di-Garda-.jpg\",\"articleSection\":[\"Eventi enogastronomici\"],\"inLanguage\":\"fr-FR\"},{\"@type\":\"WebPage\",\"@id\":\"https:\\\/\\\/www.bellunopress.it\\\/2019\\\/05\\\/06\\\/si-accendono-le-luci-sulla-rivoluzione-di-fishchef-levento-che-racconta-e-interpreta-il-territorio-e-i-prodotti-del-lago-di-garda-attraverso-la-cucina-dautore\\\/\",\"url\":\"https:\\\/\\\/www.bellunopress.it\\\/2019\\\/05\\\/06\\\/si-accendono-le-luci-sulla-rivoluzione-di-fishchef-levento-che-racconta-e-interpreta-il-territorio-e-i-prodotti-del-lago-di-garda-attraverso-la-cucina-dautore\\\/\",\"name\":\"Si accendono le luci sulla Rivoluzione di Fish&Chef,\u00a0l\u2019evento che racconta e interpreta il territorio e i prodotti del Lago di Garda attraverso la Cucina d\u2019Autore - Bellunopress - Dolomiti\",\"isPartOf\":{\"@id\":\"https:\\\/\\\/www.bellunopress.it\\\/#website\"},\"primaryImageOfPage\":{\"@id\":\"https:\\\/\\\/www.bellunopress.it\\\/2019\\\/05\\\/06\\\/si-accendono-le-luci-sulla-rivoluzione-di-fishchef-levento-che-racconta-e-interpreta-il-territorio-e-i-prodotti-del-lago-di-garda-attraverso-la-cucina-dautore\\\/#primaryimage\"},\"image\":{\"@id\":\"https:\\\/\\\/www.bellunopress.it\\\/2019\\\/05\\\/06\\\/si-accendono-le-luci-sulla-rivoluzione-di-fishchef-levento-che-racconta-e-interpreta-il-territorio-e-i-prodotti-del-lago-di-garda-attraverso-la-cucina-dautore\\\/#primaryimage\"},\"thumbnailUrl\":\"http:\\\/\\\/www.bellunopress.it\\\/wp-content\\\/uploads\\\/2018\\\/03\\\/Lago-di-Garda-.jpg\",\"datePublished\":\"2019-05-06T12:01:50+00:00\",\"dateModified\":\"2019-05-06T15:06:42+00:00\",\"breadcrumb\":{\"@id\":\"https:\\\/\\\/www.bellunopress.it\\\/2019\\\/05\\\/06\\\/si-accendono-le-luci-sulla-rivoluzione-di-fishchef-levento-che-racconta-e-interpreta-il-territorio-e-i-prodotti-del-lago-di-garda-attraverso-la-cucina-dautore\\\/#breadcrumb\"},\"inLanguage\":\"fr-FR\",\"potentialAction\":[{\"@type\":\"ReadAction\",\"target\":[\"https:\\\/\\\/www.bellunopress.it\\\/2019\\\/05\\\/06\\\/si-accendono-le-luci-sulla-rivoluzione-di-fishchef-levento-che-racconta-e-interpreta-il-territorio-e-i-prodotti-del-lago-di-garda-attraverso-la-cucina-dautore\\\/\"]}]},{\"@type\":\"ImageObject\",\"inLanguage\":\"fr-FR\",\"@id\":\"https:\\\/\\\/www.bellunopress.it\\\/2019\\\/05\\\/06\\\/si-accendono-le-luci-sulla-rivoluzione-di-fishchef-levento-che-racconta-e-interpreta-il-territorio-e-i-prodotti-del-lago-di-garda-attraverso-la-cucina-dautore\\\/#primaryimage\",\"url\":\"http:\\\/\\\/www.bellunopress.it\\\/wp-content\\\/uploads\\\/2018\\\/03\\\/Lago-di-Garda-.jpg\",\"contentUrl\":\"http:\\\/\\\/www.bellunopress.it\\\/wp-content\\\/uploads\\\/2018\\\/03\\\/Lago-di-Garda-.jpg\"},{\"@type\":\"BreadcrumbList\",\"@id\":\"https:\\\/\\\/www.bellunopress.it\\\/2019\\\/05\\\/06\\\/si-accendono-le-luci-sulla-rivoluzione-di-fishchef-levento-che-racconta-e-interpreta-il-territorio-e-i-prodotti-del-lago-di-garda-attraverso-la-cucina-dautore\\\/#breadcrumb\",\"itemListElement\":[{\"@type\":\"ListItem\",\"position\":1,\"name\":\"Home\",\"item\":\"https:\\\/\\\/www.bellunopress.it\\\/\"},{\"@type\":\"ListItem\",\"position\":2,\"name\":\"Si accendono le luci sulla Rivoluzione di Fish&#038;Chef,\u00a0l\u2019evento che racconta e interpreta il territorio e i prodotti del Lago di Garda attraverso la Cucina d\u2019Autore\"}]},{\"@type\":\"WebSite\",\"@id\":\"https:\\\/\\\/www.bellunopress.it\\\/#website\",\"url\":\"https:\\\/\\\/www.bellunopress.it\\\/\",\"name\":\"Bellunopress - Dolomiti\",\"description\":\"e-mail: redazione@bellunopress.it\",\"publisher\":{\"@id\":\"https:\\\/\\\/www.bellunopress.it\\\/#organization\"},\"potentialAction\":[{\"@type\":\"SearchAction\",\"target\":{\"@type\":\"EntryPoint\",\"urlTemplate\":\"https:\\\/\\\/www.bellunopress.it\\\/?s={search_term_string}\"},\"query-input\":{\"@type\":\"PropertyValueSpecification\",\"valueRequired\":true,\"valueName\":\"search_term_string\"}}],\"inLanguage\":\"fr-FR\"},{\"@type\":\"Organization\",\"@id\":\"https:\\\/\\\/www.bellunopress.it\\\/#organization\",\"name\":\"Bellunopress\",\"url\":\"https:\\\/\\\/www.bellunopress.it\\\/\",\"logo\":{\"@type\":\"ImageObject\",\"inLanguage\":\"fr-FR\",\"@id\":\"https:\\\/\\\/www.bellunopress.it\\\/#\\\/schema\\\/logo\\\/image\\\/\",\"url\":\"https:\\\/\\\/www.bellunopress.it\\\/wp-content\\\/uploads\\\/2011\\\/05\\\/cropped-logo-bellunopress-.jpg\",\"contentUrl\":\"https:\\\/\\\/www.bellunopress.it\\\/wp-content\\\/uploads\\\/2011\\\/05\\\/cropped-logo-bellunopress-.jpg\",\"width\":512,\"height\":512,\"caption\":\"Bellunopress\"},\"image\":{\"@id\":\"https:\\\/\\\/www.bellunopress.it\\\/#\\\/schema\\\/logo\\\/image\\\/\"},\"sameAs\":[\"https:\\\/\\\/www.facebook.com\\\/profile.php?id=100008943462799\",\"https:\\\/\\\/x.com\\\/bellunopress\",\"https:\\\/\\\/www.linkedin.com\\\/hp\\\/?dnr=JBzUWaJfMUw8vbXJJ2tVW5-I3jZKvC4wsoxE&amp;amp;amp;amp;amp;amp;trk=nav_responsive_tab_home\",\"https:\\\/\\\/www.youtube.com\\\/channel\\\/UCxL0wu1uN0_3_7hGG0306cw\"]},{\"@type\":\"Person\",\"@id\":\"https:\\\/\\\/www.bellunopress.it\\\/#\\\/schema\\\/person\\\/79bb06722b37ece1c03d3e94beb30d73\",\"name\":\"redazione\",\"image\":{\"@type\":\"ImageObject\",\"inLanguage\":\"fr-FR\",\"@id\":\"https:\\\/\\\/secure.gravatar.com\\\/avatar\\\/37d968a2e67a6fd04c169c4bdef102d0bc5d31b2546345219e348575eb80e9a0?s=96&d=mm&r=g\",\"url\":\"https:\\\/\\\/secure.gravatar.com\\\/avatar\\\/37d968a2e67a6fd04c169c4bdef102d0bc5d31b2546345219e348575eb80e9a0?s=96&d=mm&r=g\",\"contentUrl\":\"https:\\\/\\\/secure.gravatar.com\\\/avatar\\\/37d968a2e67a6fd04c169c4bdef102d0bc5d31b2546345219e348575eb80e9a0?s=96&d=mm&r=g\",\"caption\":\"redazione\"},\"sameAs\":[\"http:\\\/\\\/www.bellunopress.it\",\"https:\\\/\\\/x.com\\\/bellunopress\"],\"url\":\"https:\\\/\\\/www.bellunopress.it\\\/fr\\\/author\\\/redazione\\\/\"}]}<\/script>\n<!-- \/ Yoast SEO plugin. -->","yoast_head_json":{"title":"Si accendono le luci sulla Rivoluzione di Fish&Chef,\u00a0l\u2019evento che racconta e interpreta il territorio e i prodotti del Lago di Garda attraverso la Cucina d\u2019Autore - Bellunopress - Dolomiti","robots":{"index":"index","follow":"follow","max-snippet":"max-snippet:-1","max-image-preview":"max-image-preview:large","max-video-preview":"max-video-preview:-1"},"canonical":"https:\/\/www.bellunopress.it\/fr\/2019\/05\/06\/si-accendono-le-luci-sulla-rivoluzione-di-fishchef-levento-che-racconta-e-interpreta-il-territorio-e-i-prodotti-del-lago-di-garda-attraverso-la-cucina-dautore\/","og_locale":"fr_FR","og_type":"article","og_title":"Si accendono le luci sulla Rivoluzione di Fish&Chef,\u00a0l\u2019evento che racconta e interpreta il territorio e i prodotti del Lago di Garda attraverso la Cucina d\u2019Autore - Bellunopress - Dolomiti","og_description":"Dal 6 al 13 maggio sul Lago di Garda andr\u00e0 in scena la decima edizione di Fish&amp;Chef: la kermesse culinaria che da dieci anni richiama sulle tre riviere del pi\u00f9 grande lago italiano, chef di caratura internazionale chiamati a interpretare \u2013 ciascuno con il proprio stile e la propria filosofia \u2013 le straordinarie materie prime [&hellip;]","og_url":"https:\/\/www.bellunopress.it\/fr\/2019\/05\/06\/si-accendono-le-luci-sulla-rivoluzione-di-fishchef-levento-che-racconta-e-interpreta-il-territorio-e-i-prodotti-del-lago-di-garda-attraverso-la-cucina-dautore\/","og_site_name":"Bellunopress - Dolomiti","article_publisher":"https:\/\/www.facebook.com\/profile.php?id=100008943462799","article_published_time":"2019-05-06T12:01:50+00:00","article_modified_time":"2019-05-06T15:06:42+00:00","og_image":[{"url":"http:\/\/www.bellunopress.it\/wp-content\/uploads\/2018\/03\/Lago-di-Garda-.jpg","type":"","width":"","height":""}],"author":"redazione","twitter_card":"summary_large_image","twitter_creator":"@bellunopress","twitter_site":"@bellunopress","twitter_misc":{"\u00c9crit par":"redazione","Dur\u00e9e de lecture estim\u00e9e":"4 minutes"},"schema":{"@context":"https:\/\/schema.org","@graph":[{"@type":"Article","@id":"https:\/\/www.bellunopress.it\/2019\/05\/06\/si-accendono-le-luci-sulla-rivoluzione-di-fishchef-levento-che-racconta-e-interpreta-il-territorio-e-i-prodotti-del-lago-di-garda-attraverso-la-cucina-dautore\/#article","isPartOf":{"@id":"https:\/\/www.bellunopress.it\/2019\/05\/06\/si-accendono-le-luci-sulla-rivoluzione-di-fishchef-levento-che-racconta-e-interpreta-il-territorio-e-i-prodotti-del-lago-di-garda-attraverso-la-cucina-dautore\/"},"author":{"name":"redazione","@id":"https:\/\/www.bellunopress.it\/#\/schema\/person\/79bb06722b37ece1c03d3e94beb30d73"},"headline":"Si accendono le luci sulla Rivoluzione di Fish&#038;Chef,\u00a0l\u2019evento che racconta e interpreta il territorio e i prodotti del Lago di Garda attraverso la Cucina d\u2019Autore","datePublished":"2019-05-06T12:01:50+00:00","dateModified":"2019-05-06T15:06:42+00:00","mainEntityOfPage":{"@id":"https:\/\/www.bellunopress.it\/2019\/05\/06\/si-accendono-le-luci-sulla-rivoluzione-di-fishchef-levento-che-racconta-e-interpreta-il-territorio-e-i-prodotti-del-lago-di-garda-attraverso-la-cucina-dautore\/"},"wordCount":847,"publisher":{"@id":"https:\/\/www.bellunopress.it\/#organization"},"image":{"@id":"https:\/\/www.bellunopress.it\/2019\/05\/06\/si-accendono-le-luci-sulla-rivoluzione-di-fishchef-levento-che-racconta-e-interpreta-il-territorio-e-i-prodotti-del-lago-di-garda-attraverso-la-cucina-dautore\/#primaryimage"},"thumbnailUrl":"http:\/\/www.bellunopress.it\/wp-content\/uploads\/2018\/03\/Lago-di-Garda-.jpg","articleSection":["Eventi enogastronomici"],"inLanguage":"fr-FR"},{"@type":"WebPage","@id":"https:\/\/www.bellunopress.it\/2019\/05\/06\/si-accendono-le-luci-sulla-rivoluzione-di-fishchef-levento-che-racconta-e-interpreta-il-territorio-e-i-prodotti-del-lago-di-garda-attraverso-la-cucina-dautore\/","url":"https:\/\/www.bellunopress.it\/2019\/05\/06\/si-accendono-le-luci-sulla-rivoluzione-di-fishchef-levento-che-racconta-e-interpreta-il-territorio-e-i-prodotti-del-lago-di-garda-attraverso-la-cucina-dautore\/","name":"Si accendono le luci sulla Rivoluzione di Fish&Chef,\u00a0l\u2019evento che racconta e interpreta il territorio e i prodotti del Lago di Garda attraverso la Cucina d\u2019Autore - Bellunopress - Dolomiti","isPartOf":{"@id":"https:\/\/www.bellunopress.it\/#website"},"primaryImageOfPage":{"@id":"https:\/\/www.bellunopress.it\/2019\/05\/06\/si-accendono-le-luci-sulla-rivoluzione-di-fishchef-levento-che-racconta-e-interpreta-il-territorio-e-i-prodotti-del-lago-di-garda-attraverso-la-cucina-dautore\/#primaryimage"},"image":{"@id":"https:\/\/www.bellunopress.it\/2019\/05\/06\/si-accendono-le-luci-sulla-rivoluzione-di-fishchef-levento-che-racconta-e-interpreta-il-territorio-e-i-prodotti-del-lago-di-garda-attraverso-la-cucina-dautore\/#primaryimage"},"thumbnailUrl":"http:\/\/www.bellunopress.it\/wp-content\/uploads\/2018\/03\/Lago-di-Garda-.jpg","datePublished":"2019-05-06T12:01:50+00:00","dateModified":"2019-05-06T15:06:42+00:00","breadcrumb":{"@id":"https:\/\/www.bellunopress.it\/2019\/05\/06\/si-accendono-le-luci-sulla-rivoluzione-di-fishchef-levento-che-racconta-e-interpreta-il-territorio-e-i-prodotti-del-lago-di-garda-attraverso-la-cucina-dautore\/#breadcrumb"},"inLanguage":"fr-FR","potentialAction":[{"@type":"ReadAction","target":["https:\/\/www.bellunopress.it\/2019\/05\/06\/si-accendono-le-luci-sulla-rivoluzione-di-fishchef-levento-che-racconta-e-interpreta-il-territorio-e-i-prodotti-del-lago-di-garda-attraverso-la-cucina-dautore\/"]}]},{"@type":"ImageObject","inLanguage":"fr-FR","@id":"https:\/\/www.bellunopress.it\/2019\/05\/06\/si-accendono-le-luci-sulla-rivoluzione-di-fishchef-levento-che-racconta-e-interpreta-il-territorio-e-i-prodotti-del-lago-di-garda-attraverso-la-cucina-dautore\/#primaryimage","url":"http:\/\/www.bellunopress.it\/wp-content\/uploads\/2018\/03\/Lago-di-Garda-.jpg","contentUrl":"http:\/\/www.bellunopress.it\/wp-content\/uploads\/2018\/03\/Lago-di-Garda-.jpg"},{"@type":"BreadcrumbList","@id":"https:\/\/www.bellunopress.it\/2019\/05\/06\/si-accendono-le-luci-sulla-rivoluzione-di-fishchef-levento-che-racconta-e-interpreta-il-territorio-e-i-prodotti-del-lago-di-garda-attraverso-la-cucina-dautore\/#breadcrumb","itemListElement":[{"@type":"ListItem","position":1,"name":"Home","item":"https:\/\/www.bellunopress.it\/"},{"@type":"ListItem","position":2,"name":"Si accendono le luci sulla Rivoluzione di Fish&#038;Chef,\u00a0l\u2019evento che racconta e interpreta il territorio e i prodotti del Lago di Garda attraverso la Cucina d\u2019Autore"}]},{"@type":"WebSite","@id":"https:\/\/www.bellunopress.it\/#website","url":"https:\/\/www.bellunopress.it\/","name":"Bellunopress - Dolomiti","description":"e-mail: redazione@bellunopress.it","publisher":{"@id":"https:\/\/www.bellunopress.it\/#organization"},"potentialAction":[{"@type":"SearchAction","target":{"@type":"EntryPoint","urlTemplate":"https:\/\/www.bellunopress.it\/?s={search_term_string}"},"query-input":{"@type":"PropertyValueSpecification","valueRequired":true,"valueName":"search_term_string"}}],"inLanguage":"fr-FR"},{"@type":"Organization","@id":"https:\/\/www.bellunopress.it\/#organization","name":"Bellunopress","url":"https:\/\/www.bellunopress.it\/","logo":{"@type":"ImageObject","inLanguage":"fr-FR","@id":"https:\/\/www.bellunopress.it\/#\/schema\/logo\/image\/","url":"https:\/\/www.bellunopress.it\/wp-content\/uploads\/2011\/05\/cropped-logo-bellunopress-.jpg","contentUrl":"https:\/\/www.bellunopress.it\/wp-content\/uploads\/2011\/05\/cropped-logo-bellunopress-.jpg","width":512,"height":512,"caption":"Bellunopress"},"image":{"@id":"https:\/\/www.bellunopress.it\/#\/schema\/logo\/image\/"},"sameAs":["https:\/\/www.facebook.com\/profile.php?id=100008943462799","https:\/\/x.com\/bellunopress","https:\/\/www.linkedin.com\/hp\/?dnr=JBzUWaJfMUw8vbXJJ2tVW5-I3jZKvC4wsoxE&amp;amp;amp;amp;amp;amp;trk=nav_responsive_tab_home","https:\/\/www.youtube.com\/channel\/UCxL0wu1uN0_3_7hGG0306cw"]},{"@type":"Person","@id":"https:\/\/www.bellunopress.it\/#\/schema\/person\/79bb06722b37ece1c03d3e94beb30d73","name":"r\u00e9daction","image":{"@type":"ImageObject","inLanguage":"fr-FR","@id":"https:\/\/secure.gravatar.com\/avatar\/37d968a2e67a6fd04c169c4bdef102d0bc5d31b2546345219e348575eb80e9a0?s=96&d=mm&r=g","url":"https:\/\/secure.gravatar.com\/avatar\/37d968a2e67a6fd04c169c4bdef102d0bc5d31b2546345219e348575eb80e9a0?s=96&d=mm&r=g","contentUrl":"https:\/\/secure.gravatar.com\/avatar\/37d968a2e67a6fd04c169c4bdef102d0bc5d31b2546345219e348575eb80e9a0?s=96&d=mm&r=g","caption":"redazione"},"sameAs":["http:\/\/www.bellunopress.it","https:\/\/x.com\/bellunopress"],"url":"https:\/\/www.bellunopress.it\/fr\/author\/redazione\/"}]}},"_links":{"self":[{"href":"https:\/\/www.bellunopress.it\/fr\/wp-json\/wp\/v2\/posts\/104252","targetHints":{"allow":["GET"]}}],"collection":[{"href":"https:\/\/www.bellunopress.it\/fr\/wp-json\/wp\/v2\/posts"}],"about":[{"href":"https:\/\/www.bellunopress.it\/fr\/wp-json\/wp\/v2\/types\/post"}],"author":[{"embeddable":true,"href":"https:\/\/www.bellunopress.it\/fr\/wp-json\/wp\/v2\/users\/2"}],"replies":[{"embeddable":true,"href":"https:\/\/www.bellunopress.it\/fr\/wp-json\/wp\/v2\/comments?post=104252"}],"version-history":[{"count":1,"href":"https:\/\/www.bellunopress.it\/fr\/wp-json\/wp\/v2\/posts\/104252\/revisions"}],"predecessor-version":[{"id":104253,"href":"https:\/\/www.bellunopress.it\/fr\/wp-json\/wp\/v2\/posts\/104252\/revisions\/104253"}],"wp:attachment":[{"href":"https:\/\/www.bellunopress.it\/fr\/wp-json\/wp\/v2\/media?parent=104252"}],"wp:term":[{"taxonomy":"category","embeddable":true,"href":"https:\/\/www.bellunopress.it\/fr\/wp-json\/wp\/v2\/categories?post=104252"},{"taxonomy":"post_tag","embeddable":true,"href":"https:\/\/www.bellunopress.it\/fr\/wp-json\/wp\/v2\/tags?post=104252"}],"curies":[{"name":"wp","href":"https:\/\/api.w.org\/{rel}","templated":true}]}}