{"id":104204,"date":"2019-05-03T17:36:57","date_gmt":"2019-05-03T15:36:57","guid":{"rendered":"http:\/\/www.bellunopress.it\/?p=104204"},"modified":"2019-05-03T17:36:57","modified_gmt":"2019-05-03T15:36:57","slug":"maltempo-annullato-il-trail-delle-longane-di-lozzo-di-cadore","status":"publish","type":"post","link":"https:\/\/www.bellunopress.it\/fr\/2019\/05\/03\/maltempo-annullato-il-trail-delle-longane-di-lozzo-di-cadore\/","title":{"rendered":"Maltempo. Annullato il Trail delle Longane di Lozzo di Cadore"},"content":{"rendered":"<p><a href=\"http:\/\/www.bellunopress.it\/fr\/2018\/05\/06\/e-daniele-de-colo-a-firmare-la-settima-edizione-del-trail-de-le-longane-2018-il-vigile-del-fuoco-di-taibon-agordino-centra-il-successo-dopo-numerosi-piazzamenti\/trail-longane-2018-il-vincitore-daniele-de-colo\/\" rel=\"attachment wp-att-94801\"><img loading=\"lazy\" decoding=\"async\" class=\"alignleft size-full wp-image-94801\" src=\"http:\/\/www.bellunopress.it\/wp-content\/uploads\/2018\/05\/trail-longane-2018-il-vincitore-daniele-de-col\u00f2.jpg\" alt=\"\" width=\"254\" height=\"300\" \/><\/a>Lozzo di Cadore (Belluno), 3 maggio 2019 &#8211; Il comitato organizzatore del Trail de le Longane comunica l&#8217;annullamento della manifestazione in programma il 5 maggio a Lozzo di Cadore, Belluno. Viene annullata anche la manifestazione di nordic walking Longane Skynordic.<\/p>\n<p>\u00abL&#8217;allerta meteo diramata in queste ore, con pericolo legato a precipitazioni nevose e al vento nella giornata di domenica, ci induce ad estrema prudenza\u00bb spiega Andrea Forni, coordinatore della manifestazione. \u00abCoscienti di avere fatto ogni sforzo per garantire la manifestazione, predisponendo anche un tracciato di riserva, ci troviamo costretti, nostro malgrado, ad annullare l&#8217;evento considerato che non ci sono le necessarie garanzie di sicurezza per i concorrenti. Fino all&#8217;ultimo avevamo sperato di poter allestire la manifestazione ma contro questo meteo siamo stati costretti ad alzare bandiera bianca. Come da regolamento chi si era iscritto, ad oggi, avr\u00e0 confermata l&#8217;iscrizione per l&#8217;edizione 2020, che avr\u00e0 luogo la prima domenica di maggio\u00bb.<\/p>","protected":false},"excerpt":{"rendered":"<p>Lozzo di Cadore (Belluno), 3 maggio 2019 &#8211; Il comitato organizzatore del Trail de le Longane comunica l&#8217;annullamento della manifestazione in programma il 5 maggio a Lozzo di Cadore, Belluno. Viene annullata anche la manifestazione di nordic walking Longane Skynordic. \u00abL&#8217;allerta meteo diramata in queste ore, con pericolo legato a precipitazioni nevose e al vento [&hellip;]<\/p>\n","protected":false},"author":2,"featured_media":0,"comment_status":"closed","ping_status":"open","sticky":false,"template":"","format":"standard","meta":{"footnotes":""},"categories":[27,26,4],"tags":[],"class_list":["post-104204","post","type-post","status-publish","format-standard","category-appuntamenti","category-prima-pagina","category-sport"],"yoast_head":"<!-- This site is optimized with the Yoast SEO plugin v28.4 - https:\/\/yoast.com\/product\/yoast-seo-wordpress\/ -->\n<title>Maltempo. Annullato il Trail delle Longane di Lozzo di Cadore - Bellunopress - Dolomiti<\/title>\n<meta name=\"robots\" content=\"index, follow, max-snippet:-1, max-image-preview:large, max-video-preview:-1\" \/>\n<link rel=\"canonical\" href=\"https:\/\/www.bellunopress.it\/fr\/2019\/05\/03\/maltempo-annullato-il-trail-delle-longane-di-lozzo-di-cadore\/\" \/>\n<meta property=\"og:locale\" content=\"fr_FR\" \/>\n<meta property=\"og:type\" content=\"article\" \/>\n<meta property=\"og:title\" content=\"Maltempo. Annullato il Trail delle Longane di Lozzo di Cadore - Bellunopress - Dolomiti\" \/>\n<meta property=\"og:description\" content=\"Lozzo di Cadore (Belluno), 3 maggio 2019 &#8211; Il comitato organizzatore del Trail de le Longane comunica l&#8217;annullamento della manifestazione in programma il 5 maggio a Lozzo di Cadore, Belluno. Viene annullata anche la manifestazione di nordic walking Longane Skynordic. \u00abL&#8217;allerta meteo diramata in queste ore, con pericolo legato a precipitazioni nevose e al vento [&hellip;]\" \/>\n<meta property=\"og:url\" content=\"https:\/\/www.bellunopress.it\/fr\/2019\/05\/03\/maltempo-annullato-il-trail-delle-longane-di-lozzo-di-cadore\/\" \/>\n<meta property=\"og:site_name\" content=\"Bellunopress - Dolomiti\" \/>\n<meta property=\"article:publisher\" content=\"https:\/\/www.facebook.com\/profile.php?id=100008943462799\" \/>\n<meta property=\"article:published_time\" content=\"2019-05-03T15:36:57+00:00\" \/>\n<meta property=\"og:image\" content=\"http:\/\/www.bellunopress.it\/wp-content\/uploads\/2018\/05\/trail-longane-2018-il-vincitore-daniele-de-col\u00f2.jpg\" \/>\n<meta name=\"author\" content=\"redazione\" \/>\n<meta name=\"twitter:card\" content=\"summary_large_image\" \/>\n<meta name=\"twitter:creator\" content=\"@bellunopress\" \/>\n<meta name=\"twitter:site\" content=\"@bellunopress\" \/>\n<meta name=\"twitter:label1\" content=\"\u00c9crit par\" \/>\n\t<meta name=\"twitter:data1\" content=\"redazione\" \/>\n\t<meta name=\"twitter:label2\" content=\"Dur\u00e9e de lecture estim\u00e9e\" \/>\n\t<meta name=\"twitter:data2\" content=\"1 minute\" \/>\n<script type=\"application\/ld+json\" class=\"yoast-schema-graph\">{\"@context\":\"https:\\\/\\\/schema.org\",\"@graph\":[{\"@type\":\"Article\",\"@id\":\"https:\\\/\\\/www.bellunopress.it\\\/2019\\\/05\\\/03\\\/maltempo-annullato-il-trail-delle-longane-di-lozzo-di-cadore\\\/#article\",\"isPartOf\":{\"@id\":\"https:\\\/\\\/www.bellunopress.it\\\/2019\\\/05\\\/03\\\/maltempo-annullato-il-trail-delle-longane-di-lozzo-di-cadore\\\/\"},\"author\":{\"name\":\"redazione\",\"@id\":\"https:\\\/\\\/www.bellunopress.it\\\/#\\\/schema\\\/person\\\/79bb06722b37ece1c03d3e94beb30d73\"},\"headline\":\"Maltempo. Annullato il Trail delle Longane di Lozzo di Cadore\",\"datePublished\":\"2019-05-03T15:36:57+00:00\",\"mainEntityOfPage\":{\"@id\":\"https:\\\/\\\/www.bellunopress.it\\\/2019\\\/05\\\/03\\\/maltempo-annullato-il-trail-delle-longane-di-lozzo-di-cadore\\\/\"},\"wordCount\":162,\"publisher\":{\"@id\":\"https:\\\/\\\/www.bellunopress.it\\\/#organization\"},\"articleSection\":[\"Appuntamenti, Eventi\",\"Prima Pagina\",\"Sport, tempo libero\"],\"inLanguage\":\"fr-FR\"},{\"@type\":\"WebPage\",\"@id\":\"https:\\\/\\\/www.bellunopress.it\\\/2019\\\/05\\\/03\\\/maltempo-annullato-il-trail-delle-longane-di-lozzo-di-cadore\\\/\",\"url\":\"https:\\\/\\\/www.bellunopress.it\\\/2019\\\/05\\\/03\\\/maltempo-annullato-il-trail-delle-longane-di-lozzo-di-cadore\\\/\",\"name\":\"Maltempo. Annullato il Trail delle Longane di Lozzo di Cadore - Bellunopress - Dolomiti\",\"isPartOf\":{\"@id\":\"https:\\\/\\\/www.bellunopress.it\\\/#website\"},\"datePublished\":\"2019-05-03T15:36:57+00:00\",\"breadcrumb\":{\"@id\":\"https:\\\/\\\/www.bellunopress.it\\\/2019\\\/05\\\/03\\\/maltempo-annullato-il-trail-delle-longane-di-lozzo-di-cadore\\\/#breadcrumb\"},\"inLanguage\":\"fr-FR\",\"potentialAction\":[{\"@type\":\"ReadAction\",\"target\":[\"https:\\\/\\\/www.bellunopress.it\\\/2019\\\/05\\\/03\\\/maltempo-annullato-il-trail-delle-longane-di-lozzo-di-cadore\\\/\"]}]},{\"@type\":\"BreadcrumbList\",\"@id\":\"https:\\\/\\\/www.bellunopress.it\\\/2019\\\/05\\\/03\\\/maltempo-annullato-il-trail-delle-longane-di-lozzo-di-cadore\\\/#breadcrumb\",\"itemListElement\":[{\"@type\":\"ListItem\",\"position\":1,\"name\":\"Home\",\"item\":\"https:\\\/\\\/www.bellunopress.it\\\/\"},{\"@type\":\"ListItem\",\"position\":2,\"name\":\"Maltempo. Annullato il Trail delle Longane di Lozzo di Cadore\"}]},{\"@type\":\"WebSite\",\"@id\":\"https:\\\/\\\/www.bellunopress.it\\\/#website\",\"url\":\"https:\\\/\\\/www.bellunopress.it\\\/\",\"name\":\"Bellunopress - Dolomiti\",\"description\":\"e-mail: redazione@bellunopress.it\",\"publisher\":{\"@id\":\"https:\\\/\\\/www.bellunopress.it\\\/#organization\"},\"potentialAction\":[{\"@type\":\"SearchAction\",\"target\":{\"@type\":\"EntryPoint\",\"urlTemplate\":\"https:\\\/\\\/www.bellunopress.it\\\/?s={search_term_string}\"},\"query-input\":{\"@type\":\"PropertyValueSpecification\",\"valueRequired\":true,\"valueName\":\"search_term_string\"}}],\"inLanguage\":\"fr-FR\"},{\"@type\":\"Organization\",\"@id\":\"https:\\\/\\\/www.bellunopress.it\\\/#organization\",\"name\":\"Bellunopress\",\"url\":\"https:\\\/\\\/www.bellunopress.it\\\/\",\"logo\":{\"@type\":\"ImageObject\",\"inLanguage\":\"fr-FR\",\"@id\":\"https:\\\/\\\/www.bellunopress.it\\\/#\\\/schema\\\/logo\\\/image\\\/\",\"url\":\"https:\\\/\\\/www.bellunopress.it\\\/wp-content\\\/uploads\\\/2011\\\/05\\\/cropped-logo-bellunopress-.jpg\",\"contentUrl\":\"https:\\\/\\\/www.bellunopress.it\\\/wp-content\\\/uploads\\\/2011\\\/05\\\/cropped-logo-bellunopress-.jpg\",\"width\":512,\"height\":512,\"caption\":\"Bellunopress\"},\"image\":{\"@id\":\"https:\\\/\\\/www.bellunopress.it\\\/#\\\/schema\\\/logo\\\/image\\\/\"},\"sameAs\":[\"https:\\\/\\\/www.facebook.com\\\/profile.php?id=100008943462799\",\"https:\\\/\\\/x.com\\\/bellunopress\",\"https:\\\/\\\/www.linkedin.com\\\/hp\\\/?dnr=JBzUWaJfMUw8vbXJJ2tVW5-I3jZKvC4wsoxE&amp;amp;amp;amp;amp;amp;trk=nav_responsive_tab_home\",\"https:\\\/\\\/www.youtube.com\\\/channel\\\/UCxL0wu1uN0_3_7hGG0306cw\"]},{\"@type\":\"Person\",\"@id\":\"https:\\\/\\\/www.bellunopress.it\\\/#\\\/schema\\\/person\\\/79bb06722b37ece1c03d3e94beb30d73\",\"name\":\"redazione\",\"image\":{\"@type\":\"ImageObject\",\"inLanguage\":\"fr-FR\",\"@id\":\"https:\\\/\\\/secure.gravatar.com\\\/avatar\\\/37d968a2e67a6fd04c169c4bdef102d0bc5d31b2546345219e348575eb80e9a0?s=96&d=mm&r=g\",\"url\":\"https:\\\/\\\/secure.gravatar.com\\\/avatar\\\/37d968a2e67a6fd04c169c4bdef102d0bc5d31b2546345219e348575eb80e9a0?s=96&d=mm&r=g\",\"contentUrl\":\"https:\\\/\\\/secure.gravatar.com\\\/avatar\\\/37d968a2e67a6fd04c169c4bdef102d0bc5d31b2546345219e348575eb80e9a0?s=96&d=mm&r=g\",\"caption\":\"redazione\"},\"sameAs\":[\"http:\\\/\\\/www.bellunopress.it\",\"https:\\\/\\\/x.com\\\/bellunopress\"],\"url\":\"https:\\\/\\\/www.bellunopress.it\\\/fr\\\/author\\\/redazione\\\/\"}]}<\/script>\n<!-- \/ Yoast SEO plugin. -->","yoast_head_json":{"title":"Maltempo. Annullato il Trail delle Longane di Lozzo di Cadore - Bellunopress - Dolomiti","robots":{"index":"index","follow":"follow","max-snippet":"max-snippet:-1","max-image-preview":"max-image-preview:large","max-video-preview":"max-video-preview:-1"},"canonical":"https:\/\/www.bellunopress.it\/fr\/2019\/05\/03\/maltempo-annullato-il-trail-delle-longane-di-lozzo-di-cadore\/","og_locale":"fr_FR","og_type":"article","og_title":"Maltempo. Annullato il Trail delle Longane di Lozzo di Cadore - Bellunopress - Dolomiti","og_description":"Lozzo di Cadore (Belluno), 3 maggio 2019 &#8211; Il comitato organizzatore del Trail de le Longane comunica l&#8217;annullamento della manifestazione in programma il 5 maggio a Lozzo di Cadore, Belluno. Viene annullata anche la manifestazione di nordic walking Longane Skynordic. \u00abL&#8217;allerta meteo diramata in queste ore, con pericolo legato a precipitazioni nevose e al vento [&hellip;]","og_url":"https:\/\/www.bellunopress.it\/fr\/2019\/05\/03\/maltempo-annullato-il-trail-delle-longane-di-lozzo-di-cadore\/","og_site_name":"Bellunopress - Dolomiti","article_publisher":"https:\/\/www.facebook.com\/profile.php?id=100008943462799","article_published_time":"2019-05-03T15:36:57+00:00","og_image":[{"url":"http:\/\/www.bellunopress.it\/wp-content\/uploads\/2018\/05\/trail-longane-2018-il-vincitore-daniele-de-col\u00f2.jpg","type":"","width":"","height":""}],"author":"redazione","twitter_card":"summary_large_image","twitter_creator":"@bellunopress","twitter_site":"@bellunopress","twitter_misc":{"\u00c9crit par":"redazione","Dur\u00e9e de lecture estim\u00e9e":"1 minute"},"schema":{"@context":"https:\/\/schema.org","@graph":[{"@type":"Article","@id":"https:\/\/www.bellunopress.it\/2019\/05\/03\/maltempo-annullato-il-trail-delle-longane-di-lozzo-di-cadore\/#article","isPartOf":{"@id":"https:\/\/www.bellunopress.it\/2019\/05\/03\/maltempo-annullato-il-trail-delle-longane-di-lozzo-di-cadore\/"},"author":{"name":"redazione","@id":"https:\/\/www.bellunopress.it\/#\/schema\/person\/79bb06722b37ece1c03d3e94beb30d73"},"headline":"Maltempo. Annullato il Trail delle Longane di Lozzo di Cadore","datePublished":"2019-05-03T15:36:57+00:00","mainEntityOfPage":{"@id":"https:\/\/www.bellunopress.it\/2019\/05\/03\/maltempo-annullato-il-trail-delle-longane-di-lozzo-di-cadore\/"},"wordCount":162,"publisher":{"@id":"https:\/\/www.bellunopress.it\/#organization"},"articleSection":["Appuntamenti, Eventi","Prima Pagina","Sport, tempo libero"],"inLanguage":"fr-FR"},{"@type":"WebPage","@id":"https:\/\/www.bellunopress.it\/2019\/05\/03\/maltempo-annullato-il-trail-delle-longane-di-lozzo-di-cadore\/","url":"https:\/\/www.bellunopress.it\/2019\/05\/03\/maltempo-annullato-il-trail-delle-longane-di-lozzo-di-cadore\/","name":"Maltempo. Annullato il Trail delle Longane di Lozzo di Cadore - Bellunopress - Dolomiti","isPartOf":{"@id":"https:\/\/www.bellunopress.it\/#website"},"datePublished":"2019-05-03T15:36:57+00:00","breadcrumb":{"@id":"https:\/\/www.bellunopress.it\/2019\/05\/03\/maltempo-annullato-il-trail-delle-longane-di-lozzo-di-cadore\/#breadcrumb"},"inLanguage":"fr-FR","potentialAction":[{"@type":"ReadAction","target":["https:\/\/www.bellunopress.it\/2019\/05\/03\/maltempo-annullato-il-trail-delle-longane-di-lozzo-di-cadore\/"]}]},{"@type":"BreadcrumbList","@id":"https:\/\/www.bellunopress.it\/2019\/05\/03\/maltempo-annullato-il-trail-delle-longane-di-lozzo-di-cadore\/#breadcrumb","itemListElement":[{"@type":"ListItem","position":1,"name":"Home","item":"https:\/\/www.bellunopress.it\/"},{"@type":"ListItem","position":2,"name":"Maltempo. Annullato il Trail delle Longane di Lozzo di Cadore"}]},{"@type":"WebSite","@id":"https:\/\/www.bellunopress.it\/#website","url":"https:\/\/www.bellunopress.it\/","name":"Bellunopress - Dolomiti","description":"e-mail: redazione@bellunopress.it","publisher":{"@id":"https:\/\/www.bellunopress.it\/#organization"},"potentialAction":[{"@type":"SearchAction","target":{"@type":"EntryPoint","urlTemplate":"https:\/\/www.bellunopress.it\/?s={search_term_string}"},"query-input":{"@type":"PropertyValueSpecification","valueRequired":true,"valueName":"search_term_string"}}],"inLanguage":"fr-FR"},{"@type":"Organization","@id":"https:\/\/www.bellunopress.it\/#organization","name":"Bellunopress","url":"https:\/\/www.bellunopress.it\/","logo":{"@type":"ImageObject","inLanguage":"fr-FR","@id":"https:\/\/www.bellunopress.it\/#\/schema\/logo\/image\/","url":"https:\/\/www.bellunopress.it\/wp-content\/uploads\/2011\/05\/cropped-logo-bellunopress-.jpg","contentUrl":"https:\/\/www.bellunopress.it\/wp-content\/uploads\/2011\/05\/cropped-logo-bellunopress-.jpg","width":512,"height":512,"caption":"Bellunopress"},"image":{"@id":"https:\/\/www.bellunopress.it\/#\/schema\/logo\/image\/"},"sameAs":["https:\/\/www.facebook.com\/profile.php?id=100008943462799","https:\/\/x.com\/bellunopress","https:\/\/www.linkedin.com\/hp\/?dnr=JBzUWaJfMUw8vbXJJ2tVW5-I3jZKvC4wsoxE&amp;amp;amp;amp;amp;amp;trk=nav_responsive_tab_home","https:\/\/www.youtube.com\/channel\/UCxL0wu1uN0_3_7hGG0306cw"]},{"@type":"Person","@id":"https:\/\/www.bellunopress.it\/#\/schema\/person\/79bb06722b37ece1c03d3e94beb30d73","name":"r\u00e9daction","image":{"@type":"ImageObject","inLanguage":"fr-FR","@id":"https:\/\/secure.gravatar.com\/avatar\/37d968a2e67a6fd04c169c4bdef102d0bc5d31b2546345219e348575eb80e9a0?s=96&d=mm&r=g","url":"https:\/\/secure.gravatar.com\/avatar\/37d968a2e67a6fd04c169c4bdef102d0bc5d31b2546345219e348575eb80e9a0?s=96&d=mm&r=g","contentUrl":"https:\/\/secure.gravatar.com\/avatar\/37d968a2e67a6fd04c169c4bdef102d0bc5d31b2546345219e348575eb80e9a0?s=96&d=mm&r=g","caption":"redazione"},"sameAs":["http:\/\/www.bellunopress.it","https:\/\/x.com\/bellunopress"],"url":"https:\/\/www.bellunopress.it\/fr\/author\/redazione\/"}]}},"_links":{"self":[{"href":"https:\/\/www.bellunopress.it\/fr\/wp-json\/wp\/v2\/posts\/104204","targetHints":{"allow":["GET"]}}],"collection":[{"href":"https:\/\/www.bellunopress.it\/fr\/wp-json\/wp\/v2\/posts"}],"about":[{"href":"https:\/\/www.bellunopress.it\/fr\/wp-json\/wp\/v2\/types\/post"}],"author":[{"embeddable":true,"href":"https:\/\/www.bellunopress.it\/fr\/wp-json\/wp\/v2\/users\/2"}],"replies":[{"embeddable":true,"href":"https:\/\/www.bellunopress.it\/fr\/wp-json\/wp\/v2\/comments?post=104204"}],"version-history":[{"count":1,"href":"https:\/\/www.bellunopress.it\/fr\/wp-json\/wp\/v2\/posts\/104204\/revisions"}],"predecessor-version":[{"id":104205,"href":"https:\/\/www.bellunopress.it\/fr\/wp-json\/wp\/v2\/posts\/104204\/revisions\/104205"}],"wp:attachment":[{"href":"https:\/\/www.bellunopress.it\/fr\/wp-json\/wp\/v2\/media?parent=104204"}],"wp:term":[{"taxonomy":"category","embeddable":true,"href":"https:\/\/www.bellunopress.it\/fr\/wp-json\/wp\/v2\/categories?post=104204"},{"taxonomy":"post_tag","embeddable":true,"href":"https:\/\/www.bellunopress.it\/fr\/wp-json\/wp\/v2\/tags?post=104204"}],"curies":[{"name":"wp","href":"https:\/\/api.w.org\/{rel}","templated":true}]}}