{"id":104202,"date":"2019-05-03T17:08:01","date_gmt":"2019-05-03T15:08:01","guid":{"rendered":"http:\/\/www.bellunopress.it\/?p=104202"},"modified":"2019-05-03T17:08:01","modified_gmt":"2019-05-03T15:08:01","slug":"elettrificazione-dellanello-ferroviario-del-bellunese-de-berti-continuiamo-a-chiedere-risorse-al-governo-di-oggi-perche-quello-di-ieri-le-ha-solo-annunciate-e-mai-stanziate","status":"publish","type":"post","link":"https:\/\/www.bellunopress.it\/fr\/2019\/05\/03\/elettrificazione-dellanello-ferroviario-del-bellunese-de-berti-continuiamo-a-chiedere-risorse-al-governo-di-oggi-perche-quello-di-ieri-le-ha-solo-annunciate-e-mai-stanziate\/","title":{"rendered":"Elettrificazione dell&#8217;anello ferroviario del Bellunese. De Berti: &#8220;Continuiamo a chiedere risorse al governo di oggi, perch\u00e9 quello di ieri le ha solo annunciate e mai stanziate&#8221;"},"content":{"rendered":"<figure id=\"attachment_75342\" aria-describedby=\"caption-attachment-75342\" style=\"width: 149px\" class=\"wp-caption alignleft\"><a href=\"http:\/\/www.bellunopress.it\/fr\/2016\/02\/09\/individuato-il-corridoio-di-connessione-infrastrutturale-veneto-trentino-de-berti-il-comitato-paritetico-ha-indicato-la-strada-da-percorrere\/elisa-de-berti-assessore\/\" rel=\"attachment wp-att-75342\"><img loading=\"lazy\" decoding=\"async\" class=\"size-full wp-image-75342\" src=\"http:\/\/www.bellunopress.it\/wp-content\/uploads\/2016\/02\/Elisa-De-Berti-assessore.jpg\" alt=\"\" width=\"149\" height=\"179\" \/><\/a><figcaption id=\"caption-attachment-75342\" class=\"wp-caption-text\">Elisa De Berti, assessore regionale<\/figcaption><\/figure>\n<p>Venezia, 3 maggio 2019\u00a0 &#8211;\u00a0\u201cCi auguriamo che l\u2019attuale ministro dei trasporti sappia trovare le risorse necessarie al completamento dell\u2019elettrificazione dell\u2019anello ferroviario del bellunese, e noi, come abbiamo fatto con il suo predecessore, lo incalzeremo perch\u00e9 le metta effettivamente a disposizione. Ma tali risorse, che il deputato bellunese del Pd, \u2018portavoce\u2019 dell\u2019ex ministro, vuol far credere che gi\u00e0 ci siano, in realt\u00e0 non sono mai state concretamente stanziate\u201d.<\/p>\n<p>Cos\u00ec l\u2019assessore ai trasporti della Regione del Veneto Elisa De Berti interviene a proposito del paventato \u201cblocco\u201d dei fondi per la realizzazione dell\u2019elettrificazione delle linee ferroviarie bellunese.<\/p>\n<p>\u201c\u00c8 del tutto improprio parlare di \u2018blocco\u2019 \u2013 precisa l\u2019assessore \u2013, perch\u00e9 tutti i soldi per finanziare l\u2019intero progetto non ci sono oggi, ma nemmeno prima c\u2019erano! Il precedente Governo, infatti, non ha mai concluso l\u2019iter di finanziamento delle opere in argomento ed \u00e8 da allora che le risorse mancanti non sono tecnicamente disponibili\u201d.<\/p>\n<p>L\u2019assessore spiega che i lavori di elettrificazione del cosiddetto \u201canello bellunese\u201d, in capo a RFI, sono in corso e i cantieri avviati saranno conclusi per la fine del 2020. I cantieri aperti interessano la tratta Conegliano-Vittorio Veneto, mentre sono in fase di avvio sulla Vittorio Veneto- Ponte nelle Alpi-Belluno. A seguire, perfezionato l\u2019iter di approvazione del Contratto di Programma 2017-2021 tra Ministero e RFI, saranno avviati, a completamento dell\u2019anello, i cantieri tra Treviso-Montebelluna e Belluno.<\/p>\n<p>\u201cLa conferma del finanziamento \u2013 sottolinea l\u2019assessore \u2013 riguarda esclusivamente i cantieri aperti e quelli in corso di avvio, per un importo complessivo di 100 milioni di euro. Ma per la rimanente quota di complessivi 130 milioni di euro, prevista dal Contratto di Programma 2017-2021, l\u2019iter \u00e8 in corso di perfezionamento dall\u2019agosto del 2017\u201d.<\/p>\n<p>\u201cLa Regione \u2013 conclude De Berti \u2013 continuer\u00e0 a sollecitare questo Governo come ha fatto con il precedente, affinch\u00e9 siano assicurati i finanziamenti necessari a completare l\u2019elettrificazione delle linee e consegnare cos\u00ec ai cittadini una rete ferroviaria efficiente e sostenibile sotto il profilo ambientale. Sarebbe stato meglio se il deputato bellunese del Pd, invece che diffondere oggi allarmismo, si fosse dedicato con maggior efficienza, quando il suo partito era al Governo, per far stanziare concretamente le risorse. Invece si \u00e8 limitato solo, in modo furbesco e opportunistico, ad annunciarle\u201d.<\/p>","protected":false},"excerpt":{"rendered":"<p>Venezia, 3 maggio 2019\u00a0 &#8211;\u00a0\u201cCi auguriamo che l\u2019attuale ministro dei trasporti sappia trovare le risorse necessarie al completamento dell\u2019elettrificazione dell\u2019anello ferroviario del bellunese, e noi, come abbiamo fatto con il suo predecessore, lo incalzeremo perch\u00e9 le metta effettivamente a disposizione. Ma tali risorse, che il deputato bellunese del Pd, \u2018portavoce\u2019 dell\u2019ex ministro, vuol far credere [&hellip;]<\/p>\n","protected":false},"author":2,"featured_media":0,"comment_status":"closed","ping_status":"open","sticky":false,"template":"","format":"standard","meta":{"footnotes":""},"categories":[5,26],"tags":[],"class_list":["post-104202","post","type-post","status-publish","format-standard","category-cronaca","category-prima-pagina"],"yoast_head":"<!-- This site is optimized with the Yoast SEO plugin v28.4 - https:\/\/yoast.com\/product\/yoast-seo-wordpress\/ -->\n<title>Elettrificazione dell&#039;anello ferroviario del Bellunese. De Berti: &quot;Continuiamo a chiedere risorse al governo di oggi, perch\u00e9 quello di ieri le ha solo annunciate e mai stanziate&quot; - Bellunopress - Dolomiti<\/title>\n<meta name=\"robots\" content=\"index, follow, max-snippet:-1, max-image-preview:large, max-video-preview:-1\" \/>\n<link rel=\"canonical\" href=\"https:\/\/www.bellunopress.it\/fr\/2019\/05\/03\/elettrificazione-dellanello-ferroviario-del-bellunese-de-berti-continuiamo-a-chiedere-risorse-al-governo-di-oggi-perche-quello-di-ieri-le-ha-solo-annunciate-e-mai-stanziate\/\" \/>\n<meta property=\"og:locale\" content=\"fr_FR\" \/>\n<meta property=\"og:type\" content=\"article\" \/>\n<meta property=\"og:title\" content=\"Elettrificazione dell&#039;anello ferroviario del Bellunese. De Berti: &quot;Continuiamo a chiedere risorse al governo di oggi, perch\u00e9 quello di ieri le ha solo annunciate e mai stanziate&quot; - Bellunopress - Dolomiti\" \/>\n<meta property=\"og:description\" content=\"Venezia, 3 maggio 2019\u00a0 &#8211;\u00a0\u201cCi auguriamo che l\u2019attuale ministro dei trasporti sappia trovare le risorse necessarie al completamento dell\u2019elettrificazione dell\u2019anello ferroviario del bellunese, e noi, come abbiamo fatto con il suo predecessore, lo incalzeremo perch\u00e9 le metta effettivamente a disposizione. Ma tali risorse, che il deputato bellunese del Pd, \u2018portavoce\u2019 dell\u2019ex ministro, vuol far credere [&hellip;]\" \/>\n<meta property=\"og:url\" content=\"https:\/\/www.bellunopress.it\/fr\/2019\/05\/03\/elettrificazione-dellanello-ferroviario-del-bellunese-de-berti-continuiamo-a-chiedere-risorse-al-governo-di-oggi-perche-quello-di-ieri-le-ha-solo-annunciate-e-mai-stanziate\/\" \/>\n<meta property=\"og:site_name\" content=\"Bellunopress - Dolomiti\" \/>\n<meta property=\"article:publisher\" content=\"https:\/\/www.facebook.com\/profile.php?id=100008943462799\" \/>\n<meta property=\"article:published_time\" content=\"2019-05-03T15:08:01+00:00\" \/>\n<meta property=\"og:image\" content=\"http:\/\/www.bellunopress.it\/wp-content\/uploads\/2016\/02\/Elisa-De-Berti-assessore.jpg\" \/>\n<meta name=\"author\" content=\"redazione\" \/>\n<meta name=\"twitter:card\" content=\"summary_large_image\" \/>\n<meta name=\"twitter:creator\" content=\"@bellunopress\" \/>\n<meta name=\"twitter:site\" content=\"@bellunopress\" \/>\n<meta name=\"twitter:label1\" content=\"\u00c9crit par\" \/>\n\t<meta name=\"twitter:data1\" content=\"redazione\" \/>\n\t<meta name=\"twitter:label2\" content=\"Dur\u00e9e de lecture estim\u00e9e\" \/>\n\t<meta name=\"twitter:data2\" content=\"2 minutes\" \/>\n<script type=\"application\/ld+json\" class=\"yoast-schema-graph\">{\"@context\":\"https:\\\/\\\/schema.org\",\"@graph\":[{\"@type\":\"Article\",\"@id\":\"https:\\\/\\\/www.bellunopress.it\\\/2019\\\/05\\\/03\\\/elettrificazione-dellanello-ferroviario-del-bellunese-de-berti-continuiamo-a-chiedere-risorse-al-governo-di-oggi-perche-quello-di-ieri-le-ha-solo-annunciate-e-mai-stanziate\\\/#article\",\"isPartOf\":{\"@id\":\"https:\\\/\\\/www.bellunopress.it\\\/2019\\\/05\\\/03\\\/elettrificazione-dellanello-ferroviario-del-bellunese-de-berti-continuiamo-a-chiedere-risorse-al-governo-di-oggi-perche-quello-di-ieri-le-ha-solo-annunciate-e-mai-stanziate\\\/\"},\"author\":{\"name\":\"redazione\",\"@id\":\"https:\\\/\\\/www.bellunopress.it\\\/#\\\/schema\\\/person\\\/79bb06722b37ece1c03d3e94beb30d73\"},\"headline\":\"Elettrificazione dell&#8217;anello ferroviario del Bellunese. De Berti: &#8220;Continuiamo a chiedere risorse al governo di oggi, perch\u00e9 quello di ieri le ha solo annunciate e mai stanziate&#8221;\",\"datePublished\":\"2019-05-03T15:08:01+00:00\",\"mainEntityOfPage\":{\"@id\":\"https:\\\/\\\/www.bellunopress.it\\\/2019\\\/05\\\/03\\\/elettrificazione-dellanello-ferroviario-del-bellunese-de-berti-continuiamo-a-chiedere-risorse-al-governo-di-oggi-perche-quello-di-ieri-le-ha-solo-annunciate-e-mai-stanziate\\\/\"},\"wordCount\":407,\"publisher\":{\"@id\":\"https:\\\/\\\/www.bellunopress.it\\\/#organization\"},\"image\":{\"@id\":\"https:\\\/\\\/www.bellunopress.it\\\/2019\\\/05\\\/03\\\/elettrificazione-dellanello-ferroviario-del-bellunese-de-berti-continuiamo-a-chiedere-risorse-al-governo-di-oggi-perche-quello-di-ieri-le-ha-solo-annunciate-e-mai-stanziate\\\/#primaryimage\"},\"thumbnailUrl\":\"http:\\\/\\\/www.bellunopress.it\\\/wp-content\\\/uploads\\\/2016\\\/02\\\/Elisa-De-Berti-assessore.jpg\",\"articleSection\":[\"Cronaca\\\/Politica\",\"Prima Pagina\"],\"inLanguage\":\"fr-FR\"},{\"@type\":\"WebPage\",\"@id\":\"https:\\\/\\\/www.bellunopress.it\\\/2019\\\/05\\\/03\\\/elettrificazione-dellanello-ferroviario-del-bellunese-de-berti-continuiamo-a-chiedere-risorse-al-governo-di-oggi-perche-quello-di-ieri-le-ha-solo-annunciate-e-mai-stanziate\\\/\",\"url\":\"https:\\\/\\\/www.bellunopress.it\\\/2019\\\/05\\\/03\\\/elettrificazione-dellanello-ferroviario-del-bellunese-de-berti-continuiamo-a-chiedere-risorse-al-governo-di-oggi-perche-quello-di-ieri-le-ha-solo-annunciate-e-mai-stanziate\\\/\",\"name\":\"Elettrificazione dell'anello ferroviario del Bellunese. De Berti: \\\"Continuiamo a chiedere risorse al governo di oggi, perch\u00e9 quello di ieri le ha solo annunciate e mai stanziate\\\" - Bellunopress - Dolomiti\",\"isPartOf\":{\"@id\":\"https:\\\/\\\/www.bellunopress.it\\\/#website\"},\"primaryImageOfPage\":{\"@id\":\"https:\\\/\\\/www.bellunopress.it\\\/2019\\\/05\\\/03\\\/elettrificazione-dellanello-ferroviario-del-bellunese-de-berti-continuiamo-a-chiedere-risorse-al-governo-di-oggi-perche-quello-di-ieri-le-ha-solo-annunciate-e-mai-stanziate\\\/#primaryimage\"},\"image\":{\"@id\":\"https:\\\/\\\/www.bellunopress.it\\\/2019\\\/05\\\/03\\\/elettrificazione-dellanello-ferroviario-del-bellunese-de-berti-continuiamo-a-chiedere-risorse-al-governo-di-oggi-perche-quello-di-ieri-le-ha-solo-annunciate-e-mai-stanziate\\\/#primaryimage\"},\"thumbnailUrl\":\"http:\\\/\\\/www.bellunopress.it\\\/wp-content\\\/uploads\\\/2016\\\/02\\\/Elisa-De-Berti-assessore.jpg\",\"datePublished\":\"2019-05-03T15:08:01+00:00\",\"breadcrumb\":{\"@id\":\"https:\\\/\\\/www.bellunopress.it\\\/2019\\\/05\\\/03\\\/elettrificazione-dellanello-ferroviario-del-bellunese-de-berti-continuiamo-a-chiedere-risorse-al-governo-di-oggi-perche-quello-di-ieri-le-ha-solo-annunciate-e-mai-stanziate\\\/#breadcrumb\"},\"inLanguage\":\"fr-FR\",\"potentialAction\":[{\"@type\":\"ReadAction\",\"target\":[\"https:\\\/\\\/www.bellunopress.it\\\/2019\\\/05\\\/03\\\/elettrificazione-dellanello-ferroviario-del-bellunese-de-berti-continuiamo-a-chiedere-risorse-al-governo-di-oggi-perche-quello-di-ieri-le-ha-solo-annunciate-e-mai-stanziate\\\/\"]}]},{\"@type\":\"ImageObject\",\"inLanguage\":\"fr-FR\",\"@id\":\"https:\\\/\\\/www.bellunopress.it\\\/2019\\\/05\\\/03\\\/elettrificazione-dellanello-ferroviario-del-bellunese-de-berti-continuiamo-a-chiedere-risorse-al-governo-di-oggi-perche-quello-di-ieri-le-ha-solo-annunciate-e-mai-stanziate\\\/#primaryimage\",\"url\":\"http:\\\/\\\/www.bellunopress.it\\\/wp-content\\\/uploads\\\/2016\\\/02\\\/Elisa-De-Berti-assessore.jpg\",\"contentUrl\":\"http:\\\/\\\/www.bellunopress.it\\\/wp-content\\\/uploads\\\/2016\\\/02\\\/Elisa-De-Berti-assessore.jpg\"},{\"@type\":\"BreadcrumbList\",\"@id\":\"https:\\\/\\\/www.bellunopress.it\\\/2019\\\/05\\\/03\\\/elettrificazione-dellanello-ferroviario-del-bellunese-de-berti-continuiamo-a-chiedere-risorse-al-governo-di-oggi-perche-quello-di-ieri-le-ha-solo-annunciate-e-mai-stanziate\\\/#breadcrumb\",\"itemListElement\":[{\"@type\":\"ListItem\",\"position\":1,\"name\":\"Home\",\"item\":\"https:\\\/\\\/www.bellunopress.it\\\/\"},{\"@type\":\"ListItem\",\"position\":2,\"name\":\"Elettrificazione dell&#8217;anello ferroviario del Bellunese. De Berti: &#8220;Continuiamo a chiedere risorse al governo di oggi, perch\u00e9 quello di ieri le ha solo annunciate e mai stanziate&#8221;\"}]},{\"@type\":\"WebSite\",\"@id\":\"https:\\\/\\\/www.bellunopress.it\\\/#website\",\"url\":\"https:\\\/\\\/www.bellunopress.it\\\/\",\"name\":\"Bellunopress - Dolomiti\",\"description\":\"e-mail: redazione@bellunopress.it\",\"publisher\":{\"@id\":\"https:\\\/\\\/www.bellunopress.it\\\/#organization\"},\"potentialAction\":[{\"@type\":\"SearchAction\",\"target\":{\"@type\":\"EntryPoint\",\"urlTemplate\":\"https:\\\/\\\/www.bellunopress.it\\\/?s={search_term_string}\"},\"query-input\":{\"@type\":\"PropertyValueSpecification\",\"valueRequired\":true,\"valueName\":\"search_term_string\"}}],\"inLanguage\":\"fr-FR\"},{\"@type\":\"Organization\",\"@id\":\"https:\\\/\\\/www.bellunopress.it\\\/#organization\",\"name\":\"Bellunopress\",\"url\":\"https:\\\/\\\/www.bellunopress.it\\\/\",\"logo\":{\"@type\":\"ImageObject\",\"inLanguage\":\"fr-FR\",\"@id\":\"https:\\\/\\\/www.bellunopress.it\\\/#\\\/schema\\\/logo\\\/image\\\/\",\"url\":\"https:\\\/\\\/www.bellunopress.it\\\/wp-content\\\/uploads\\\/2011\\\/05\\\/cropped-logo-bellunopress-.jpg\",\"contentUrl\":\"https:\\\/\\\/www.bellunopress.it\\\/wp-content\\\/uploads\\\/2011\\\/05\\\/cropped-logo-bellunopress-.jpg\",\"width\":512,\"height\":512,\"caption\":\"Bellunopress\"},\"image\":{\"@id\":\"https:\\\/\\\/www.bellunopress.it\\\/#\\\/schema\\\/logo\\\/image\\\/\"},\"sameAs\":[\"https:\\\/\\\/www.facebook.com\\\/profile.php?id=100008943462799\",\"https:\\\/\\\/x.com\\\/bellunopress\",\"https:\\\/\\\/www.linkedin.com\\\/hp\\\/?dnr=JBzUWaJfMUw8vbXJJ2tVW5-I3jZKvC4wsoxE&amp;amp;amp;amp;amp;amp;trk=nav_responsive_tab_home\",\"https:\\\/\\\/www.youtube.com\\\/channel\\\/UCxL0wu1uN0_3_7hGG0306cw\"]},{\"@type\":\"Person\",\"@id\":\"https:\\\/\\\/www.bellunopress.it\\\/#\\\/schema\\\/person\\\/79bb06722b37ece1c03d3e94beb30d73\",\"name\":\"redazione\",\"image\":{\"@type\":\"ImageObject\",\"inLanguage\":\"fr-FR\",\"@id\":\"https:\\\/\\\/secure.gravatar.com\\\/avatar\\\/37d968a2e67a6fd04c169c4bdef102d0bc5d31b2546345219e348575eb80e9a0?s=96&d=mm&r=g\",\"url\":\"https:\\\/\\\/secure.gravatar.com\\\/avatar\\\/37d968a2e67a6fd04c169c4bdef102d0bc5d31b2546345219e348575eb80e9a0?s=96&d=mm&r=g\",\"contentUrl\":\"https:\\\/\\\/secure.gravatar.com\\\/avatar\\\/37d968a2e67a6fd04c169c4bdef102d0bc5d31b2546345219e348575eb80e9a0?s=96&d=mm&r=g\",\"caption\":\"redazione\"},\"sameAs\":[\"http:\\\/\\\/www.bellunopress.it\",\"https:\\\/\\\/x.com\\\/bellunopress\"],\"url\":\"https:\\\/\\\/www.bellunopress.it\\\/fr\\\/author\\\/redazione\\\/\"}]}<\/script>\n<!-- \/ Yoast SEO plugin. -->","yoast_head_json":{"title":"Elettrificazione dell'anello ferroviario del Bellunese. De Berti: \"Continuiamo a chiedere risorse al governo di oggi, perch\u00e9 quello di ieri le ha solo annunciate e mai stanziate\" - Bellunopress - Dolomiti","robots":{"index":"index","follow":"follow","max-snippet":"max-snippet:-1","max-image-preview":"max-image-preview:large","max-video-preview":"max-video-preview:-1"},"canonical":"https:\/\/www.bellunopress.it\/fr\/2019\/05\/03\/elettrificazione-dellanello-ferroviario-del-bellunese-de-berti-continuiamo-a-chiedere-risorse-al-governo-di-oggi-perche-quello-di-ieri-le-ha-solo-annunciate-e-mai-stanziate\/","og_locale":"fr_FR","og_type":"article","og_title":"Elettrificazione dell'anello ferroviario del Bellunese. De Berti: \"Continuiamo a chiedere risorse al governo di oggi, perch\u00e9 quello di ieri le ha solo annunciate e mai stanziate\" - Bellunopress - Dolomiti","og_description":"Venezia, 3 maggio 2019\u00a0 &#8211;\u00a0\u201cCi auguriamo che l\u2019attuale ministro dei trasporti sappia trovare le risorse necessarie al completamento dell\u2019elettrificazione dell\u2019anello ferroviario del bellunese, e noi, come abbiamo fatto con il suo predecessore, lo incalzeremo perch\u00e9 le metta effettivamente a disposizione. Ma tali risorse, che il deputato bellunese del Pd, \u2018portavoce\u2019 dell\u2019ex ministro, vuol far credere [&hellip;]","og_url":"https:\/\/www.bellunopress.it\/fr\/2019\/05\/03\/elettrificazione-dellanello-ferroviario-del-bellunese-de-berti-continuiamo-a-chiedere-risorse-al-governo-di-oggi-perche-quello-di-ieri-le-ha-solo-annunciate-e-mai-stanziate\/","og_site_name":"Bellunopress - Dolomiti","article_publisher":"https:\/\/www.facebook.com\/profile.php?id=100008943462799","article_published_time":"2019-05-03T15:08:01+00:00","og_image":[{"url":"http:\/\/www.bellunopress.it\/wp-content\/uploads\/2016\/02\/Elisa-De-Berti-assessore.jpg","type":"","width":"","height":""}],"author":"redazione","twitter_card":"summary_large_image","twitter_creator":"@bellunopress","twitter_site":"@bellunopress","twitter_misc":{"\u00c9crit par":"redazione","Dur\u00e9e de lecture estim\u00e9e":"2 minutes"},"schema":{"@context":"https:\/\/schema.org","@graph":[{"@type":"Article","@id":"https:\/\/www.bellunopress.it\/2019\/05\/03\/elettrificazione-dellanello-ferroviario-del-bellunese-de-berti-continuiamo-a-chiedere-risorse-al-governo-di-oggi-perche-quello-di-ieri-le-ha-solo-annunciate-e-mai-stanziate\/#article","isPartOf":{"@id":"https:\/\/www.bellunopress.it\/2019\/05\/03\/elettrificazione-dellanello-ferroviario-del-bellunese-de-berti-continuiamo-a-chiedere-risorse-al-governo-di-oggi-perche-quello-di-ieri-le-ha-solo-annunciate-e-mai-stanziate\/"},"author":{"name":"redazione","@id":"https:\/\/www.bellunopress.it\/#\/schema\/person\/79bb06722b37ece1c03d3e94beb30d73"},"headline":"Elettrificazione dell&#8217;anello ferroviario del Bellunese. De Berti: &#8220;Continuiamo a chiedere risorse al governo di oggi, perch\u00e9 quello di ieri le ha solo annunciate e mai stanziate&#8221;","datePublished":"2019-05-03T15:08:01+00:00","mainEntityOfPage":{"@id":"https:\/\/www.bellunopress.it\/2019\/05\/03\/elettrificazione-dellanello-ferroviario-del-bellunese-de-berti-continuiamo-a-chiedere-risorse-al-governo-di-oggi-perche-quello-di-ieri-le-ha-solo-annunciate-e-mai-stanziate\/"},"wordCount":407,"publisher":{"@id":"https:\/\/www.bellunopress.it\/#organization"},"image":{"@id":"https:\/\/www.bellunopress.it\/2019\/05\/03\/elettrificazione-dellanello-ferroviario-del-bellunese-de-berti-continuiamo-a-chiedere-risorse-al-governo-di-oggi-perche-quello-di-ieri-le-ha-solo-annunciate-e-mai-stanziate\/#primaryimage"},"thumbnailUrl":"http:\/\/www.bellunopress.it\/wp-content\/uploads\/2016\/02\/Elisa-De-Berti-assessore.jpg","articleSection":["Cronaca\/Politica","Prima Pagina"],"inLanguage":"fr-FR"},{"@type":"WebPage","@id":"https:\/\/www.bellunopress.it\/2019\/05\/03\/elettrificazione-dellanello-ferroviario-del-bellunese-de-berti-continuiamo-a-chiedere-risorse-al-governo-di-oggi-perche-quello-di-ieri-le-ha-solo-annunciate-e-mai-stanziate\/","url":"https:\/\/www.bellunopress.it\/2019\/05\/03\/elettrificazione-dellanello-ferroviario-del-bellunese-de-berti-continuiamo-a-chiedere-risorse-al-governo-di-oggi-perche-quello-di-ieri-le-ha-solo-annunciate-e-mai-stanziate\/","name":"Elettrificazione dell'anello ferroviario del Bellunese. De Berti: \"Continuiamo a chiedere risorse al governo di oggi, perch\u00e9 quello di ieri le ha solo annunciate e mai stanziate\" - Bellunopress - Dolomiti","isPartOf":{"@id":"https:\/\/www.bellunopress.it\/#website"},"primaryImageOfPage":{"@id":"https:\/\/www.bellunopress.it\/2019\/05\/03\/elettrificazione-dellanello-ferroviario-del-bellunese-de-berti-continuiamo-a-chiedere-risorse-al-governo-di-oggi-perche-quello-di-ieri-le-ha-solo-annunciate-e-mai-stanziate\/#primaryimage"},"image":{"@id":"https:\/\/www.bellunopress.it\/2019\/05\/03\/elettrificazione-dellanello-ferroviario-del-bellunese-de-berti-continuiamo-a-chiedere-risorse-al-governo-di-oggi-perche-quello-di-ieri-le-ha-solo-annunciate-e-mai-stanziate\/#primaryimage"},"thumbnailUrl":"http:\/\/www.bellunopress.it\/wp-content\/uploads\/2016\/02\/Elisa-De-Berti-assessore.jpg","datePublished":"2019-05-03T15:08:01+00:00","breadcrumb":{"@id":"https:\/\/www.bellunopress.it\/2019\/05\/03\/elettrificazione-dellanello-ferroviario-del-bellunese-de-berti-continuiamo-a-chiedere-risorse-al-governo-di-oggi-perche-quello-di-ieri-le-ha-solo-annunciate-e-mai-stanziate\/#breadcrumb"},"inLanguage":"fr-FR","potentialAction":[{"@type":"ReadAction","target":["https:\/\/www.bellunopress.it\/2019\/05\/03\/elettrificazione-dellanello-ferroviario-del-bellunese-de-berti-continuiamo-a-chiedere-risorse-al-governo-di-oggi-perche-quello-di-ieri-le-ha-solo-annunciate-e-mai-stanziate\/"]}]},{"@type":"ImageObject","inLanguage":"fr-FR","@id":"https:\/\/www.bellunopress.it\/2019\/05\/03\/elettrificazione-dellanello-ferroviario-del-bellunese-de-berti-continuiamo-a-chiedere-risorse-al-governo-di-oggi-perche-quello-di-ieri-le-ha-solo-annunciate-e-mai-stanziate\/#primaryimage","url":"http:\/\/www.bellunopress.it\/wp-content\/uploads\/2016\/02\/Elisa-De-Berti-assessore.jpg","contentUrl":"http:\/\/www.bellunopress.it\/wp-content\/uploads\/2016\/02\/Elisa-De-Berti-assessore.jpg"},{"@type":"BreadcrumbList","@id":"https:\/\/www.bellunopress.it\/2019\/05\/03\/elettrificazione-dellanello-ferroviario-del-bellunese-de-berti-continuiamo-a-chiedere-risorse-al-governo-di-oggi-perche-quello-di-ieri-le-ha-solo-annunciate-e-mai-stanziate\/#breadcrumb","itemListElement":[{"@type":"ListItem","position":1,"name":"Home","item":"https:\/\/www.bellunopress.it\/"},{"@type":"ListItem","position":2,"name":"Elettrificazione dell&#8217;anello ferroviario del Bellunese. De Berti: &#8220;Continuiamo a chiedere risorse al governo di oggi, perch\u00e9 quello di ieri le ha solo annunciate e mai stanziate&#8221;"}]},{"@type":"WebSite","@id":"https:\/\/www.bellunopress.it\/#website","url":"https:\/\/www.bellunopress.it\/","name":"Bellunopress - Dolomiti","description":"e-mail: redazione@bellunopress.it","publisher":{"@id":"https:\/\/www.bellunopress.it\/#organization"},"potentialAction":[{"@type":"SearchAction","target":{"@type":"EntryPoint","urlTemplate":"https:\/\/www.bellunopress.it\/?s={search_term_string}"},"query-input":{"@type":"PropertyValueSpecification","valueRequired":true,"valueName":"search_term_string"}}],"inLanguage":"fr-FR"},{"@type":"Organization","@id":"https:\/\/www.bellunopress.it\/#organization","name":"Bellunopress","url":"https:\/\/www.bellunopress.it\/","logo":{"@type":"ImageObject","inLanguage":"fr-FR","@id":"https:\/\/www.bellunopress.it\/#\/schema\/logo\/image\/","url":"https:\/\/www.bellunopress.it\/wp-content\/uploads\/2011\/05\/cropped-logo-bellunopress-.jpg","contentUrl":"https:\/\/www.bellunopress.it\/wp-content\/uploads\/2011\/05\/cropped-logo-bellunopress-.jpg","width":512,"height":512,"caption":"Bellunopress"},"image":{"@id":"https:\/\/www.bellunopress.it\/#\/schema\/logo\/image\/"},"sameAs":["https:\/\/www.facebook.com\/profile.php?id=100008943462799","https:\/\/x.com\/bellunopress","https:\/\/www.linkedin.com\/hp\/?dnr=JBzUWaJfMUw8vbXJJ2tVW5-I3jZKvC4wsoxE&amp;amp;amp;amp;amp;amp;trk=nav_responsive_tab_home","https:\/\/www.youtube.com\/channel\/UCxL0wu1uN0_3_7hGG0306cw"]},{"@type":"Person","@id":"https:\/\/www.bellunopress.it\/#\/schema\/person\/79bb06722b37ece1c03d3e94beb30d73","name":"r\u00e9daction","image":{"@type":"ImageObject","inLanguage":"fr-FR","@id":"https:\/\/secure.gravatar.com\/avatar\/37d968a2e67a6fd04c169c4bdef102d0bc5d31b2546345219e348575eb80e9a0?s=96&d=mm&r=g","url":"https:\/\/secure.gravatar.com\/avatar\/37d968a2e67a6fd04c169c4bdef102d0bc5d31b2546345219e348575eb80e9a0?s=96&d=mm&r=g","contentUrl":"https:\/\/secure.gravatar.com\/avatar\/37d968a2e67a6fd04c169c4bdef102d0bc5d31b2546345219e348575eb80e9a0?s=96&d=mm&r=g","caption":"redazione"},"sameAs":["http:\/\/www.bellunopress.it","https:\/\/x.com\/bellunopress"],"url":"https:\/\/www.bellunopress.it\/fr\/author\/redazione\/"}]}},"_links":{"self":[{"href":"https:\/\/www.bellunopress.it\/fr\/wp-json\/wp\/v2\/posts\/104202","targetHints":{"allow":["GET"]}}],"collection":[{"href":"https:\/\/www.bellunopress.it\/fr\/wp-json\/wp\/v2\/posts"}],"about":[{"href":"https:\/\/www.bellunopress.it\/fr\/wp-json\/wp\/v2\/types\/post"}],"author":[{"embeddable":true,"href":"https:\/\/www.bellunopress.it\/fr\/wp-json\/wp\/v2\/users\/2"}],"replies":[{"embeddable":true,"href":"https:\/\/www.bellunopress.it\/fr\/wp-json\/wp\/v2\/comments?post=104202"}],"version-history":[{"count":1,"href":"https:\/\/www.bellunopress.it\/fr\/wp-json\/wp\/v2\/posts\/104202\/revisions"}],"predecessor-version":[{"id":104203,"href":"https:\/\/www.bellunopress.it\/fr\/wp-json\/wp\/v2\/posts\/104202\/revisions\/104203"}],"wp:attachment":[{"href":"https:\/\/www.bellunopress.it\/fr\/wp-json\/wp\/v2\/media?parent=104202"}],"wp:term":[{"taxonomy":"category","embeddable":true,"href":"https:\/\/www.bellunopress.it\/fr\/wp-json\/wp\/v2\/categories?post=104202"},{"taxonomy":"post_tag","embeddable":true,"href":"https:\/\/www.bellunopress.it\/fr\/wp-json\/wp\/v2\/tags?post=104202"}],"curies":[{"name":"wp","href":"https:\/\/api.w.org\/{rel}","templated":true}]}}