{"id":104196,"date":"2019-05-03T16:39:36","date_gmt":"2019-05-03T14:39:36","guid":{"rendered":"http:\/\/www.bellunopress.it\/?p=104196"},"modified":"2019-05-03T16:39:36","modified_gmt":"2019-05-03T14:39:36","slug":"tavolo-anti-spopolamento-prime-idee-e-attenzione-al-fondo-dei-comuni-confinanti","status":"publish","type":"post","link":"https:\/\/www.bellunopress.it\/fr\/2019\/05\/03\/tavolo-anti-spopolamento-prime-idee-e-attenzione-al-fondo-dei-comuni-confinanti\/","title":{"rendered":"Tavolo anti-spopolamento: prime idee e attenzione al Fondo dei Comuni Confinanti"},"content":{"rendered":"<figure id=\"attachment_87547\" aria-describedby=\"caption-attachment-87547\" style=\"width: 151px\" class=\"wp-caption alignleft\"><a href=\"http:\/\/www.bellunopress.it\/fr\/2017\/07\/08\/ecco-la-nuova-giunta-di-belluno\/biagio-giannone-2\/\" rel=\"attachment wp-att-87547\"><img loading=\"lazy\" decoding=\"async\" class=\"size-full wp-image-87547\" src=\"http:\/\/www.bellunopress.it\/wp-content\/uploads\/2017\/07\/biagio-giannone.jpg\" alt=\"\" width=\"151\" height=\"200\" \/><\/a><figcaption id=\"caption-attachment-87547\" class=\"wp-caption-text\">Biagio Giannone, assessore<\/figcaption><\/figure>\n<p>Si \u00e8 riunito gioved\u00ec sera a Palazzo Rosso il tavolo anti-spopolamento, voluto dal Comune di Belluno e dall&#8217;associazione Belluno Alpina: punto principale all&#8217;ordine del giorno, la possibilit\u00e0 della realizzazione di una \u201cfiliera del legno\u201d.<br \/>\n\u00abCi siamo concentrati principalmente su questo, &#8211; spiega Biagio Giannone, assessore al rapporto con le frazioni del Comune di Belluno &#8211; invitando anche alcuni tecnici del settore, che ci hanno permesso di dare uno sguardo pi\u00f9 ampio e \u201cprovinciale\u201d alla questione\u00bb.<br \/>\nAlla riunione hanno infatti partecipato anche Claudia Scarzanella, per Confartigianato; Maurizio Brancher, per Confindustria; Michele Nenz, per Coldiretti; il senatore Paolo Saviane, titolare di un&#8217;industria di legnami e presidente del Fondo dei Comuni Confinanti.<\/p>\n<p>\u00abL&#8217;incontro \u00e8 stato molto partecipato, e tutti gli esperti sono stati concordi nel ritenere molto difficile l&#8217;instaurazione di una vera e propria filiera del legno, viste le difficolt\u00e0 di investimento e di ritorno finanziario, &#8211; continua l&#8217;Assessore \u2013 ma non sono state escluse possibilit\u00e0 di progettazioni sul tema\u00bb.<br \/>\nProprio su questo aspetto si \u00e8 aperto il confronto grazie ai Fondi dei Comuni Confinanti, che potrebbero attivare iniziative nel settore: \u00abCome Comune di Belluno, non ricadiamo nell&#8217;area direttamente finanziabile, ma possiamo agganciarci a una progettualit\u00e0 pi\u00f9 ampia di area vasta. L&#8217;incontro di ieri ci ha permesso di approfondire questo aspetto, cos\u00ec da non essere \u201ctagliati fuori\u201d a priori da eventuali progetti\u00bb, aggiunge l&#8217;Assessore.<\/p>\n<p>Tutti i partecipanti, alla luce di questo ragionamento, hanno concordato sull&#8217;importanza di questo tavolo, che porta al riconoscimento di problemi comuni sul territorio provinciale; Nenz ha poi ipotizzato la nascita di un consorzio forestale nell&#8217;area di Ronce, Piandelmonte e Tassei, e si valuter\u00e0 quale potrebbe essere il ruolo di questa struttura.<br \/>\nPassando agli interventi concreti, \u00abcon l&#8217;Assessore allo sport abbiamo iniziato la valutazione per la fattibilit\u00e0 di un sentiero che colleghi Belluno e Limana, passando per il Nevegal, Ronce e Valmorel; &#8211; conclude l&#8217;Assessore al rapporto con le frazioni \u2013 Stiamo valutando anche le zone dove costruire con il materiale degli schianti di Vaia due aree picnic, a Ciroc e Val Bruna, cos\u00ec come ragioniamo sulla posa di lampioni fotovoltaici a Ronce e Ciroc: sono impianti che necessitano di molta illuminazione durante la giornata e quindi va individuata con attenzione la zona di installazione\u00bb.<\/p>\n<p>Al tavolo, oltre ai rappresentanti gi\u00e0 citati, sedevano l&#8217;Assessore all&#8217;ambiente del Comune di Belluno; il Sindaco del Comune di Limana, Milena De Zanet; per l&#8217;Unione Montana Valbelluna, Pier Angelo Da Ronch; Gimmy Dal Farra e Gianluca Rossi, per Belluno Alpina.<\/p>","protected":false},"excerpt":{"rendered":"<p>Si \u00e8 riunito gioved\u00ec sera a Palazzo Rosso il tavolo anti-spopolamento, voluto dal Comune di Belluno e dall&#8217;associazione Belluno Alpina: punto principale all&#8217;ordine del giorno, la possibilit\u00e0 della realizzazione di una \u201cfiliera del legno\u201d. \u00abCi siamo concentrati principalmente su questo, &#8211; spiega Biagio Giannone, assessore al rapporto con le frazioni del Comune di Belluno &#8211; [&hellip;]<\/p>\n","protected":false},"author":2,"featured_media":0,"comment_status":"closed","ping_status":"open","sticky":false,"template":"","format":"standard","meta":{"footnotes":""},"categories":[1],"tags":[],"class_list":["post-104196","post","type-post","status-publish","format-standard","category-leo"],"yoast_head":"<!-- This site is optimized with the Yoast SEO plugin v28.4 - https:\/\/yoast.com\/product\/yoast-seo-wordpress\/ -->\n<title>Tavolo anti-spopolamento: prime idee e attenzione al Fondo dei Comuni Confinanti - Bellunopress - Dolomiti<\/title>\n<meta name=\"robots\" content=\"index, follow, max-snippet:-1, max-image-preview:large, max-video-preview:-1\" \/>\n<link rel=\"canonical\" href=\"https:\/\/www.bellunopress.it\/fr\/2019\/05\/03\/tavolo-anti-spopolamento-prime-idee-e-attenzione-al-fondo-dei-comuni-confinanti\/\" \/>\n<meta property=\"og:locale\" content=\"fr_FR\" \/>\n<meta property=\"og:type\" content=\"article\" \/>\n<meta property=\"og:title\" content=\"Tavolo anti-spopolamento: prime idee e attenzione al Fondo dei Comuni Confinanti - Bellunopress - Dolomiti\" \/>\n<meta property=\"og:description\" content=\"Si \u00e8 riunito gioved\u00ec sera a Palazzo Rosso il tavolo anti-spopolamento, voluto dal Comune di Belluno e dall&#8217;associazione Belluno Alpina: punto principale all&#8217;ordine del giorno, la possibilit\u00e0 della realizzazione di una \u201cfiliera del legno\u201d. \u00abCi siamo concentrati principalmente su questo, &#8211; spiega Biagio Giannone, assessore al rapporto con le frazioni del Comune di Belluno &#8211; [&hellip;]\" \/>\n<meta property=\"og:url\" content=\"https:\/\/www.bellunopress.it\/fr\/2019\/05\/03\/tavolo-anti-spopolamento-prime-idee-e-attenzione-al-fondo-dei-comuni-confinanti\/\" \/>\n<meta property=\"og:site_name\" content=\"Bellunopress - Dolomiti\" \/>\n<meta property=\"article:publisher\" content=\"https:\/\/www.facebook.com\/profile.php?id=100008943462799\" \/>\n<meta property=\"article:published_time\" content=\"2019-05-03T14:39:36+00:00\" \/>\n<meta property=\"og:image\" content=\"http:\/\/www.bellunopress.it\/wp-content\/uploads\/2017\/07\/biagio-giannone.jpg\" \/>\n<meta name=\"author\" content=\"redazione\" \/>\n<meta name=\"twitter:card\" content=\"summary_large_image\" \/>\n<meta name=\"twitter:creator\" content=\"@bellunopress\" \/>\n<meta name=\"twitter:site\" content=\"@bellunopress\" \/>\n<meta name=\"twitter:label1\" content=\"\u00c9crit par\" \/>\n\t<meta name=\"twitter:data1\" content=\"redazione\" \/>\n\t<meta name=\"twitter:label2\" content=\"Dur\u00e9e de lecture estim\u00e9e\" \/>\n\t<meta name=\"twitter:data2\" content=\"2 minutes\" \/>\n<script type=\"application\/ld+json\" class=\"yoast-schema-graph\">{\"@context\":\"https:\\\/\\\/schema.org\",\"@graph\":[{\"@type\":\"Article\",\"@id\":\"https:\\\/\\\/www.bellunopress.it\\\/2019\\\/05\\\/03\\\/tavolo-anti-spopolamento-prime-idee-e-attenzione-al-fondo-dei-comuni-confinanti\\\/#article\",\"isPartOf\":{\"@id\":\"https:\\\/\\\/www.bellunopress.it\\\/2019\\\/05\\\/03\\\/tavolo-anti-spopolamento-prime-idee-e-attenzione-al-fondo-dei-comuni-confinanti\\\/\"},\"author\":{\"name\":\"redazione\",\"@id\":\"https:\\\/\\\/www.bellunopress.it\\\/#\\\/schema\\\/person\\\/79bb06722b37ece1c03d3e94beb30d73\"},\"headline\":\"Tavolo anti-spopolamento: prime idee e attenzione al Fondo dei Comuni Confinanti\",\"datePublished\":\"2019-05-03T14:39:36+00:00\",\"mainEntityOfPage\":{\"@id\":\"https:\\\/\\\/www.bellunopress.it\\\/2019\\\/05\\\/03\\\/tavolo-anti-spopolamento-prime-idee-e-attenzione-al-fondo-dei-comuni-confinanti\\\/\"},\"wordCount\":437,\"publisher\":{\"@id\":\"https:\\\/\\\/www.bellunopress.it\\\/#organization\"},\"image\":{\"@id\":\"https:\\\/\\\/www.bellunopress.it\\\/2019\\\/05\\\/03\\\/tavolo-anti-spopolamento-prime-idee-e-attenzione-al-fondo-dei-comuni-confinanti\\\/#primaryimage\"},\"thumbnailUrl\":\"http:\\\/\\\/www.bellunopress.it\\\/wp-content\\\/uploads\\\/2017\\\/07\\\/biagio-giannone.jpg\",\"articleSection\":[\"Lettere Opinioni\"],\"inLanguage\":\"fr-FR\"},{\"@type\":\"WebPage\",\"@id\":\"https:\\\/\\\/www.bellunopress.it\\\/2019\\\/05\\\/03\\\/tavolo-anti-spopolamento-prime-idee-e-attenzione-al-fondo-dei-comuni-confinanti\\\/\",\"url\":\"https:\\\/\\\/www.bellunopress.it\\\/2019\\\/05\\\/03\\\/tavolo-anti-spopolamento-prime-idee-e-attenzione-al-fondo-dei-comuni-confinanti\\\/\",\"name\":\"Tavolo anti-spopolamento: prime idee e attenzione al Fondo dei Comuni Confinanti - Bellunopress - Dolomiti\",\"isPartOf\":{\"@id\":\"https:\\\/\\\/www.bellunopress.it\\\/#website\"},\"primaryImageOfPage\":{\"@id\":\"https:\\\/\\\/www.bellunopress.it\\\/2019\\\/05\\\/03\\\/tavolo-anti-spopolamento-prime-idee-e-attenzione-al-fondo-dei-comuni-confinanti\\\/#primaryimage\"},\"image\":{\"@id\":\"https:\\\/\\\/www.bellunopress.it\\\/2019\\\/05\\\/03\\\/tavolo-anti-spopolamento-prime-idee-e-attenzione-al-fondo-dei-comuni-confinanti\\\/#primaryimage\"},\"thumbnailUrl\":\"http:\\\/\\\/www.bellunopress.it\\\/wp-content\\\/uploads\\\/2017\\\/07\\\/biagio-giannone.jpg\",\"datePublished\":\"2019-05-03T14:39:36+00:00\",\"breadcrumb\":{\"@id\":\"https:\\\/\\\/www.bellunopress.it\\\/2019\\\/05\\\/03\\\/tavolo-anti-spopolamento-prime-idee-e-attenzione-al-fondo-dei-comuni-confinanti\\\/#breadcrumb\"},\"inLanguage\":\"fr-FR\",\"potentialAction\":[{\"@type\":\"ReadAction\",\"target\":[\"https:\\\/\\\/www.bellunopress.it\\\/2019\\\/05\\\/03\\\/tavolo-anti-spopolamento-prime-idee-e-attenzione-al-fondo-dei-comuni-confinanti\\\/\"]}]},{\"@type\":\"ImageObject\",\"inLanguage\":\"fr-FR\",\"@id\":\"https:\\\/\\\/www.bellunopress.it\\\/2019\\\/05\\\/03\\\/tavolo-anti-spopolamento-prime-idee-e-attenzione-al-fondo-dei-comuni-confinanti\\\/#primaryimage\",\"url\":\"http:\\\/\\\/www.bellunopress.it\\\/wp-content\\\/uploads\\\/2017\\\/07\\\/biagio-giannone.jpg\",\"contentUrl\":\"http:\\\/\\\/www.bellunopress.it\\\/wp-content\\\/uploads\\\/2017\\\/07\\\/biagio-giannone.jpg\"},{\"@type\":\"BreadcrumbList\",\"@id\":\"https:\\\/\\\/www.bellunopress.it\\\/2019\\\/05\\\/03\\\/tavolo-anti-spopolamento-prime-idee-e-attenzione-al-fondo-dei-comuni-confinanti\\\/#breadcrumb\",\"itemListElement\":[{\"@type\":\"ListItem\",\"position\":1,\"name\":\"Home\",\"item\":\"https:\\\/\\\/www.bellunopress.it\\\/\"},{\"@type\":\"ListItem\",\"position\":2,\"name\":\"Tavolo anti-spopolamento: prime idee e attenzione al Fondo dei Comuni Confinanti\"}]},{\"@type\":\"WebSite\",\"@id\":\"https:\\\/\\\/www.bellunopress.it\\\/#website\",\"url\":\"https:\\\/\\\/www.bellunopress.it\\\/\",\"name\":\"Bellunopress - Dolomiti\",\"description\":\"e-mail: redazione@bellunopress.it\",\"publisher\":{\"@id\":\"https:\\\/\\\/www.bellunopress.it\\\/#organization\"},\"potentialAction\":[{\"@type\":\"SearchAction\",\"target\":{\"@type\":\"EntryPoint\",\"urlTemplate\":\"https:\\\/\\\/www.bellunopress.it\\\/?s={search_term_string}\"},\"query-input\":{\"@type\":\"PropertyValueSpecification\",\"valueRequired\":true,\"valueName\":\"search_term_string\"}}],\"inLanguage\":\"fr-FR\"},{\"@type\":\"Organization\",\"@id\":\"https:\\\/\\\/www.bellunopress.it\\\/#organization\",\"name\":\"Bellunopress\",\"url\":\"https:\\\/\\\/www.bellunopress.it\\\/\",\"logo\":{\"@type\":\"ImageObject\",\"inLanguage\":\"fr-FR\",\"@id\":\"https:\\\/\\\/www.bellunopress.it\\\/#\\\/schema\\\/logo\\\/image\\\/\",\"url\":\"https:\\\/\\\/www.bellunopress.it\\\/wp-content\\\/uploads\\\/2011\\\/05\\\/cropped-logo-bellunopress-.jpg\",\"contentUrl\":\"https:\\\/\\\/www.bellunopress.it\\\/wp-content\\\/uploads\\\/2011\\\/05\\\/cropped-logo-bellunopress-.jpg\",\"width\":512,\"height\":512,\"caption\":\"Bellunopress\"},\"image\":{\"@id\":\"https:\\\/\\\/www.bellunopress.it\\\/#\\\/schema\\\/logo\\\/image\\\/\"},\"sameAs\":[\"https:\\\/\\\/www.facebook.com\\\/profile.php?id=100008943462799\",\"https:\\\/\\\/x.com\\\/bellunopress\",\"https:\\\/\\\/www.linkedin.com\\\/hp\\\/?dnr=JBzUWaJfMUw8vbXJJ2tVW5-I3jZKvC4wsoxE&amp;amp;amp;amp;amp;amp;trk=nav_responsive_tab_home\",\"https:\\\/\\\/www.youtube.com\\\/channel\\\/UCxL0wu1uN0_3_7hGG0306cw\"]},{\"@type\":\"Person\",\"@id\":\"https:\\\/\\\/www.bellunopress.it\\\/#\\\/schema\\\/person\\\/79bb06722b37ece1c03d3e94beb30d73\",\"name\":\"redazione\",\"image\":{\"@type\":\"ImageObject\",\"inLanguage\":\"fr-FR\",\"@id\":\"https:\\\/\\\/secure.gravatar.com\\\/avatar\\\/37d968a2e67a6fd04c169c4bdef102d0bc5d31b2546345219e348575eb80e9a0?s=96&d=mm&r=g\",\"url\":\"https:\\\/\\\/secure.gravatar.com\\\/avatar\\\/37d968a2e67a6fd04c169c4bdef102d0bc5d31b2546345219e348575eb80e9a0?s=96&d=mm&r=g\",\"contentUrl\":\"https:\\\/\\\/secure.gravatar.com\\\/avatar\\\/37d968a2e67a6fd04c169c4bdef102d0bc5d31b2546345219e348575eb80e9a0?s=96&d=mm&r=g\",\"caption\":\"redazione\"},\"sameAs\":[\"http:\\\/\\\/www.bellunopress.it\",\"https:\\\/\\\/x.com\\\/bellunopress\"],\"url\":\"https:\\\/\\\/www.bellunopress.it\\\/fr\\\/author\\\/redazione\\\/\"}]}<\/script>\n<!-- \/ Yoast SEO plugin. -->","yoast_head_json":{"title":"Tavolo anti-spopolamento: prime idee e attenzione al Fondo dei Comuni Confinanti - Bellunopress - Dolomiti","robots":{"index":"index","follow":"follow","max-snippet":"max-snippet:-1","max-image-preview":"max-image-preview:large","max-video-preview":"max-video-preview:-1"},"canonical":"https:\/\/www.bellunopress.it\/fr\/2019\/05\/03\/tavolo-anti-spopolamento-prime-idee-e-attenzione-al-fondo-dei-comuni-confinanti\/","og_locale":"fr_FR","og_type":"article","og_title":"Tavolo anti-spopolamento: prime idee e attenzione al Fondo dei Comuni Confinanti - Bellunopress - Dolomiti","og_description":"Si \u00e8 riunito gioved\u00ec sera a Palazzo Rosso il tavolo anti-spopolamento, voluto dal Comune di Belluno e dall&#8217;associazione Belluno Alpina: punto principale all&#8217;ordine del giorno, la possibilit\u00e0 della realizzazione di una \u201cfiliera del legno\u201d. \u00abCi siamo concentrati principalmente su questo, &#8211; spiega Biagio Giannone, assessore al rapporto con le frazioni del Comune di Belluno &#8211; [&hellip;]","og_url":"https:\/\/www.bellunopress.it\/fr\/2019\/05\/03\/tavolo-anti-spopolamento-prime-idee-e-attenzione-al-fondo-dei-comuni-confinanti\/","og_site_name":"Bellunopress - Dolomiti","article_publisher":"https:\/\/www.facebook.com\/profile.php?id=100008943462799","article_published_time":"2019-05-03T14:39:36+00:00","og_image":[{"url":"http:\/\/www.bellunopress.it\/wp-content\/uploads\/2017\/07\/biagio-giannone.jpg","type":"","width":"","height":""}],"author":"redazione","twitter_card":"summary_large_image","twitter_creator":"@bellunopress","twitter_site":"@bellunopress","twitter_misc":{"\u00c9crit par":"redazione","Dur\u00e9e de lecture estim\u00e9e":"2 minutes"},"schema":{"@context":"https:\/\/schema.org","@graph":[{"@type":"Article","@id":"https:\/\/www.bellunopress.it\/2019\/05\/03\/tavolo-anti-spopolamento-prime-idee-e-attenzione-al-fondo-dei-comuni-confinanti\/#article","isPartOf":{"@id":"https:\/\/www.bellunopress.it\/2019\/05\/03\/tavolo-anti-spopolamento-prime-idee-e-attenzione-al-fondo-dei-comuni-confinanti\/"},"author":{"name":"redazione","@id":"https:\/\/www.bellunopress.it\/#\/schema\/person\/79bb06722b37ece1c03d3e94beb30d73"},"headline":"Tavolo anti-spopolamento: prime idee e attenzione al Fondo dei Comuni Confinanti","datePublished":"2019-05-03T14:39:36+00:00","mainEntityOfPage":{"@id":"https:\/\/www.bellunopress.it\/2019\/05\/03\/tavolo-anti-spopolamento-prime-idee-e-attenzione-al-fondo-dei-comuni-confinanti\/"},"wordCount":437,"publisher":{"@id":"https:\/\/www.bellunopress.it\/#organization"},"image":{"@id":"https:\/\/www.bellunopress.it\/2019\/05\/03\/tavolo-anti-spopolamento-prime-idee-e-attenzione-al-fondo-dei-comuni-confinanti\/#primaryimage"},"thumbnailUrl":"http:\/\/www.bellunopress.it\/wp-content\/uploads\/2017\/07\/biagio-giannone.jpg","articleSection":["Lettere Opinioni"],"inLanguage":"fr-FR"},{"@type":"WebPage","@id":"https:\/\/www.bellunopress.it\/2019\/05\/03\/tavolo-anti-spopolamento-prime-idee-e-attenzione-al-fondo-dei-comuni-confinanti\/","url":"https:\/\/www.bellunopress.it\/2019\/05\/03\/tavolo-anti-spopolamento-prime-idee-e-attenzione-al-fondo-dei-comuni-confinanti\/","name":"Tavolo anti-spopolamento: prime idee e attenzione al Fondo dei Comuni Confinanti - Bellunopress - Dolomiti","isPartOf":{"@id":"https:\/\/www.bellunopress.it\/#website"},"primaryImageOfPage":{"@id":"https:\/\/www.bellunopress.it\/2019\/05\/03\/tavolo-anti-spopolamento-prime-idee-e-attenzione-al-fondo-dei-comuni-confinanti\/#primaryimage"},"image":{"@id":"https:\/\/www.bellunopress.it\/2019\/05\/03\/tavolo-anti-spopolamento-prime-idee-e-attenzione-al-fondo-dei-comuni-confinanti\/#primaryimage"},"thumbnailUrl":"http:\/\/www.bellunopress.it\/wp-content\/uploads\/2017\/07\/biagio-giannone.jpg","datePublished":"2019-05-03T14:39:36+00:00","breadcrumb":{"@id":"https:\/\/www.bellunopress.it\/2019\/05\/03\/tavolo-anti-spopolamento-prime-idee-e-attenzione-al-fondo-dei-comuni-confinanti\/#breadcrumb"},"inLanguage":"fr-FR","potentialAction":[{"@type":"ReadAction","target":["https:\/\/www.bellunopress.it\/2019\/05\/03\/tavolo-anti-spopolamento-prime-idee-e-attenzione-al-fondo-dei-comuni-confinanti\/"]}]},{"@type":"ImageObject","inLanguage":"fr-FR","@id":"https:\/\/www.bellunopress.it\/2019\/05\/03\/tavolo-anti-spopolamento-prime-idee-e-attenzione-al-fondo-dei-comuni-confinanti\/#primaryimage","url":"http:\/\/www.bellunopress.it\/wp-content\/uploads\/2017\/07\/biagio-giannone.jpg","contentUrl":"http:\/\/www.bellunopress.it\/wp-content\/uploads\/2017\/07\/biagio-giannone.jpg"},{"@type":"BreadcrumbList","@id":"https:\/\/www.bellunopress.it\/2019\/05\/03\/tavolo-anti-spopolamento-prime-idee-e-attenzione-al-fondo-dei-comuni-confinanti\/#breadcrumb","itemListElement":[{"@type":"ListItem","position":1,"name":"Home","item":"https:\/\/www.bellunopress.it\/"},{"@type":"ListItem","position":2,"name":"Tavolo anti-spopolamento: prime idee e attenzione al Fondo dei Comuni Confinanti"}]},{"@type":"WebSite","@id":"https:\/\/www.bellunopress.it\/#website","url":"https:\/\/www.bellunopress.it\/","name":"Bellunopress - Dolomiti","description":"e-mail: redazione@bellunopress.it","publisher":{"@id":"https:\/\/www.bellunopress.it\/#organization"},"potentialAction":[{"@type":"SearchAction","target":{"@type":"EntryPoint","urlTemplate":"https:\/\/www.bellunopress.it\/?s={search_term_string}"},"query-input":{"@type":"PropertyValueSpecification","valueRequired":true,"valueName":"search_term_string"}}],"inLanguage":"fr-FR"},{"@type":"Organization","@id":"https:\/\/www.bellunopress.it\/#organization","name":"Bellunopress","url":"https:\/\/www.bellunopress.it\/","logo":{"@type":"ImageObject","inLanguage":"fr-FR","@id":"https:\/\/www.bellunopress.it\/#\/schema\/logo\/image\/","url":"https:\/\/www.bellunopress.it\/wp-content\/uploads\/2011\/05\/cropped-logo-bellunopress-.jpg","contentUrl":"https:\/\/www.bellunopress.it\/wp-content\/uploads\/2011\/05\/cropped-logo-bellunopress-.jpg","width":512,"height":512,"caption":"Bellunopress"},"image":{"@id":"https:\/\/www.bellunopress.it\/#\/schema\/logo\/image\/"},"sameAs":["https:\/\/www.facebook.com\/profile.php?id=100008943462799","https:\/\/x.com\/bellunopress","https:\/\/www.linkedin.com\/hp\/?dnr=JBzUWaJfMUw8vbXJJ2tVW5-I3jZKvC4wsoxE&amp;amp;amp;amp;amp;amp;trk=nav_responsive_tab_home","https:\/\/www.youtube.com\/channel\/UCxL0wu1uN0_3_7hGG0306cw"]},{"@type":"Person","@id":"https:\/\/www.bellunopress.it\/#\/schema\/person\/79bb06722b37ece1c03d3e94beb30d73","name":"r\u00e9daction","image":{"@type":"ImageObject","inLanguage":"fr-FR","@id":"https:\/\/secure.gravatar.com\/avatar\/37d968a2e67a6fd04c169c4bdef102d0bc5d31b2546345219e348575eb80e9a0?s=96&d=mm&r=g","url":"https:\/\/secure.gravatar.com\/avatar\/37d968a2e67a6fd04c169c4bdef102d0bc5d31b2546345219e348575eb80e9a0?s=96&d=mm&r=g","contentUrl":"https:\/\/secure.gravatar.com\/avatar\/37d968a2e67a6fd04c169c4bdef102d0bc5d31b2546345219e348575eb80e9a0?s=96&d=mm&r=g","caption":"redazione"},"sameAs":["http:\/\/www.bellunopress.it","https:\/\/x.com\/bellunopress"],"url":"https:\/\/www.bellunopress.it\/fr\/author\/redazione\/"}]}},"_links":{"self":[{"href":"https:\/\/www.bellunopress.it\/fr\/wp-json\/wp\/v2\/posts\/104196","targetHints":{"allow":["GET"]}}],"collection":[{"href":"https:\/\/www.bellunopress.it\/fr\/wp-json\/wp\/v2\/posts"}],"about":[{"href":"https:\/\/www.bellunopress.it\/fr\/wp-json\/wp\/v2\/types\/post"}],"author":[{"embeddable":true,"href":"https:\/\/www.bellunopress.it\/fr\/wp-json\/wp\/v2\/users\/2"}],"replies":[{"embeddable":true,"href":"https:\/\/www.bellunopress.it\/fr\/wp-json\/wp\/v2\/comments?post=104196"}],"version-history":[{"count":1,"href":"https:\/\/www.bellunopress.it\/fr\/wp-json\/wp\/v2\/posts\/104196\/revisions"}],"predecessor-version":[{"id":104197,"href":"https:\/\/www.bellunopress.it\/fr\/wp-json\/wp\/v2\/posts\/104196\/revisions\/104197"}],"wp:attachment":[{"href":"https:\/\/www.bellunopress.it\/fr\/wp-json\/wp\/v2\/media?parent=104196"}],"wp:term":[{"taxonomy":"category","embeddable":true,"href":"https:\/\/www.bellunopress.it\/fr\/wp-json\/wp\/v2\/categories?post=104196"},{"taxonomy":"post_tag","embeddable":true,"href":"https:\/\/www.bellunopress.it\/fr\/wp-json\/wp\/v2\/tags?post=104196"}],"curies":[{"name":"wp","href":"https:\/\/api.w.org\/{rel}","templated":true}]}}