{"id":104153,"date":"2019-05-02T08:10:37","date_gmt":"2019-05-02T06:10:37","guid":{"rendered":"http:\/\/www.bellunopress.it\/?p=104153"},"modified":"2019-05-02T08:10:37","modified_gmt":"2019-05-02T06:10:37","slug":"dal-lago-diseo-a-mantova-tra-borghi-e-natura-pedalando-lungo-la-ciclabile-del-fiume-oglio","status":"publish","type":"post","link":"https:\/\/www.bellunopress.it\/fr\/2019\/05\/02\/dal-lago-diseo-a-mantova-tra-borghi-e-natura-pedalando-lungo-la-ciclabile-del-fiume-oglio\/","title":{"rendered":"Dal Lago d&#8217;Iseo a Mantova tra borghi e natura pedalando lungo la ciclabile del fiume Oglio"},"content":{"rendered":"<p>Sabato 4 e Domenica 5 Maggio Dal Lago d&#8217;Iseo a Mantova tra borghi e natura pedalando lungo la ciclabile del fiume Oglio<\/p>\n<p><a href=\"https:\/\/drive.google.com\/file\/d\/1sYIIrrqrZ7DNVtc9Xt3lyagl9ofShV7z\/view\">PER VEDERE LA LOCANDINA DELLA PEDALATA CLICCA QUI \u00a0<\/a><\/p>\n<p>Il costo dell&#8217;escursione \u00e8 di \u20ac 100,00 comprensivo di trasporto in corriera con carrello porta bici e trattamento di mezza pensione in albergo. Pernottamento in camere doppie o triple. Camera singola, in base a disponibilit\u00e0, con supplemento di \u20ac 15,00. Pu\u00f2 partecipare anche chi non va in bici ma desidera visitare il Lago d&#8217;Iseo e i suoi borghi.<\/p>\n<p>Iscrizioni: sino ad un massimo di 36 partecipanti di cui 18 soci CAI e 18 della FIAB fino a Gioved\u00ec 14 Marzo versando l&#8217;acconto di \u20ac50,00.<\/p>\n<p>Per i soci CAI presso FOTO-OTTICA FRESCURA Via XXXI Ottobre\u2013 Feltre<\/p>\n<p>Per i soci FIAB a: <a href=\"https:\/\/feltreinbici.blogspot.com\/p\/dal.html\">www.feltreinbici.blogspot.com<\/a><\/p>\n<p>Accompagnatori: Claudio Mason, Alfredo De Bastiani, Michele Carrer.<\/p>\n<p>Info: Claudio 349 087 8934 &#8211; <a href=\"mailto:claudiomason61@gmail.com\">claudiomason61@gmail.com<\/a><\/p>\n<p>&nbsp;<\/p>","protected":false},"excerpt":{"rendered":"<p>Sabato 4 e Domenica 5 Maggio Dal Lago d&#8217;Iseo a Mantova tra borghi e natura pedalando lungo la ciclabile del fiume Oglio PER VEDERE LA LOCANDINA DELLA PEDALATA CLICCA QUI \u00a0 Il costo dell&#8217;escursione \u00e8 di \u20ac 100,00 comprensivo di trasporto in corriera con carrello porta bici e trattamento di mezza pensione in albergo. Pernottamento [&hellip;]<\/p>\n","protected":false},"author":2,"featured_media":0,"comment_status":"closed","ping_status":"open","sticky":false,"template":"","format":"standard","meta":{"footnotes":""},"categories":[25,4],"tags":[],"class_list":["post-104153","post","type-post","status-publish","format-standard","category-pausa-caffe","category-sport"],"yoast_head":"<!-- This site is optimized with the Yoast SEO plugin v28.4 - https:\/\/yoast.com\/product\/yoast-seo-wordpress\/ -->\n<title>Dal Lago d&#039;Iseo a Mantova tra borghi e natura pedalando lungo la ciclabile del fiume Oglio - Bellunopress - Dolomiti<\/title>\n<meta name=\"robots\" content=\"index, follow, max-snippet:-1, max-image-preview:large, max-video-preview:-1\" \/>\n<link rel=\"canonical\" href=\"https:\/\/www.bellunopress.it\/fr\/2019\/05\/02\/dal-lago-diseo-a-mantova-tra-borghi-e-natura-pedalando-lungo-la-ciclabile-del-fiume-oglio\/\" \/>\n<meta property=\"og:locale\" content=\"fr_FR\" \/>\n<meta property=\"og:type\" content=\"article\" \/>\n<meta property=\"og:title\" content=\"Dal Lago d&#039;Iseo a Mantova tra borghi e natura pedalando lungo la ciclabile del fiume Oglio - Bellunopress - Dolomiti\" \/>\n<meta property=\"og:description\" content=\"Sabato 4 e Domenica 5 Maggio Dal Lago d&#8217;Iseo a Mantova tra borghi e natura pedalando lungo la ciclabile del fiume Oglio PER VEDERE LA LOCANDINA DELLA PEDALATA CLICCA QUI \u00a0 Il costo dell&#8217;escursione \u00e8 di \u20ac 100,00 comprensivo di trasporto in corriera con carrello porta bici e trattamento di mezza pensione in albergo. Pernottamento [&hellip;]\" \/>\n<meta property=\"og:url\" content=\"https:\/\/www.bellunopress.it\/fr\/2019\/05\/02\/dal-lago-diseo-a-mantova-tra-borghi-e-natura-pedalando-lungo-la-ciclabile-del-fiume-oglio\/\" \/>\n<meta property=\"og:site_name\" content=\"Bellunopress - Dolomiti\" \/>\n<meta property=\"article:publisher\" content=\"https:\/\/www.facebook.com\/profile.php?id=100008943462799\" \/>\n<meta property=\"article:published_time\" content=\"2019-05-02T06:10:37+00:00\" \/>\n<meta property=\"og:image\" content=\"http:\/\/www.bellunopress.it\/wp-content\/uploads\/2012\/07\/logo-bellunopress-250x250-2012.jpg\" \/>\n<meta name=\"author\" content=\"redazione\" \/>\n<meta name=\"twitter:card\" content=\"summary_large_image\" \/>\n<meta name=\"twitter:creator\" content=\"@bellunopress\" \/>\n<meta name=\"twitter:site\" content=\"@bellunopress\" \/>\n<meta name=\"twitter:label1\" content=\"\u00c9crit par\" \/>\n\t<meta name=\"twitter:data1\" content=\"redazione\" \/>\n\t<meta name=\"twitter:label2\" content=\"Dur\u00e9e de lecture estim\u00e9e\" \/>\n\t<meta name=\"twitter:data2\" content=\"1 minute\" \/>\n<script type=\"application\/ld+json\" class=\"yoast-schema-graph\">{\"@context\":\"https:\\\/\\\/schema.org\",\"@graph\":[{\"@type\":\"Article\",\"@id\":\"https:\\\/\\\/www.bellunopress.it\\\/2019\\\/05\\\/02\\\/dal-lago-diseo-a-mantova-tra-borghi-e-natura-pedalando-lungo-la-ciclabile-del-fiume-oglio\\\/#article\",\"isPartOf\":{\"@id\":\"https:\\\/\\\/www.bellunopress.it\\\/2019\\\/05\\\/02\\\/dal-lago-diseo-a-mantova-tra-borghi-e-natura-pedalando-lungo-la-ciclabile-del-fiume-oglio\\\/\"},\"author\":{\"name\":\"redazione\",\"@id\":\"https:\\\/\\\/www.bellunopress.it\\\/#\\\/schema\\\/person\\\/79bb06722b37ece1c03d3e94beb30d73\"},\"headline\":\"Dal Lago d&#8217;Iseo a Mantova tra borghi e natura pedalando lungo la ciclabile del fiume Oglio\",\"datePublished\":\"2019-05-02T06:10:37+00:00\",\"mainEntityOfPage\":{\"@id\":\"https:\\\/\\\/www.bellunopress.it\\\/2019\\\/05\\\/02\\\/dal-lago-diseo-a-mantova-tra-borghi-e-natura-pedalando-lungo-la-ciclabile-del-fiume-oglio\\\/\"},\"wordCount\":158,\"publisher\":{\"@id\":\"https:\\\/\\\/www.bellunopress.it\\\/#organization\"},\"articleSection\":[\"Pausa Caff\u00e8\",\"Sport, tempo libero\"],\"inLanguage\":\"fr-FR\"},{\"@type\":\"WebPage\",\"@id\":\"https:\\\/\\\/www.bellunopress.it\\\/2019\\\/05\\\/02\\\/dal-lago-diseo-a-mantova-tra-borghi-e-natura-pedalando-lungo-la-ciclabile-del-fiume-oglio\\\/\",\"url\":\"https:\\\/\\\/www.bellunopress.it\\\/2019\\\/05\\\/02\\\/dal-lago-diseo-a-mantova-tra-borghi-e-natura-pedalando-lungo-la-ciclabile-del-fiume-oglio\\\/\",\"name\":\"Dal Lago d'Iseo a Mantova tra borghi e natura pedalando lungo la ciclabile del fiume Oglio - Bellunopress - Dolomiti\",\"isPartOf\":{\"@id\":\"https:\\\/\\\/www.bellunopress.it\\\/#website\"},\"datePublished\":\"2019-05-02T06:10:37+00:00\",\"breadcrumb\":{\"@id\":\"https:\\\/\\\/www.bellunopress.it\\\/2019\\\/05\\\/02\\\/dal-lago-diseo-a-mantova-tra-borghi-e-natura-pedalando-lungo-la-ciclabile-del-fiume-oglio\\\/#breadcrumb\"},\"inLanguage\":\"fr-FR\",\"potentialAction\":[{\"@type\":\"ReadAction\",\"target\":[\"https:\\\/\\\/www.bellunopress.it\\\/2019\\\/05\\\/02\\\/dal-lago-diseo-a-mantova-tra-borghi-e-natura-pedalando-lungo-la-ciclabile-del-fiume-oglio\\\/\"]}]},{\"@type\":\"BreadcrumbList\",\"@id\":\"https:\\\/\\\/www.bellunopress.it\\\/2019\\\/05\\\/02\\\/dal-lago-diseo-a-mantova-tra-borghi-e-natura-pedalando-lungo-la-ciclabile-del-fiume-oglio\\\/#breadcrumb\",\"itemListElement\":[{\"@type\":\"ListItem\",\"position\":1,\"name\":\"Home\",\"item\":\"https:\\\/\\\/www.bellunopress.it\\\/\"},{\"@type\":\"ListItem\",\"position\":2,\"name\":\"Dal Lago d&#8217;Iseo a Mantova tra borghi e natura pedalando lungo la ciclabile del fiume Oglio\"}]},{\"@type\":\"WebSite\",\"@id\":\"https:\\\/\\\/www.bellunopress.it\\\/#website\",\"url\":\"https:\\\/\\\/www.bellunopress.it\\\/\",\"name\":\"Bellunopress - Dolomiti\",\"description\":\"e-mail: redazione@bellunopress.it\",\"publisher\":{\"@id\":\"https:\\\/\\\/www.bellunopress.it\\\/#organization\"},\"potentialAction\":[{\"@type\":\"SearchAction\",\"target\":{\"@type\":\"EntryPoint\",\"urlTemplate\":\"https:\\\/\\\/www.bellunopress.it\\\/?s={search_term_string}\"},\"query-input\":{\"@type\":\"PropertyValueSpecification\",\"valueRequired\":true,\"valueName\":\"search_term_string\"}}],\"inLanguage\":\"fr-FR\"},{\"@type\":\"Organization\",\"@id\":\"https:\\\/\\\/www.bellunopress.it\\\/#organization\",\"name\":\"Bellunopress\",\"url\":\"https:\\\/\\\/www.bellunopress.it\\\/\",\"logo\":{\"@type\":\"ImageObject\",\"inLanguage\":\"fr-FR\",\"@id\":\"https:\\\/\\\/www.bellunopress.it\\\/#\\\/schema\\\/logo\\\/image\\\/\",\"url\":\"https:\\\/\\\/www.bellunopress.it\\\/wp-content\\\/uploads\\\/2011\\\/05\\\/cropped-logo-bellunopress-.jpg\",\"contentUrl\":\"https:\\\/\\\/www.bellunopress.it\\\/wp-content\\\/uploads\\\/2011\\\/05\\\/cropped-logo-bellunopress-.jpg\",\"width\":512,\"height\":512,\"caption\":\"Bellunopress\"},\"image\":{\"@id\":\"https:\\\/\\\/www.bellunopress.it\\\/#\\\/schema\\\/logo\\\/image\\\/\"},\"sameAs\":[\"https:\\\/\\\/www.facebook.com\\\/profile.php?id=100008943462799\",\"https:\\\/\\\/x.com\\\/bellunopress\",\"https:\\\/\\\/www.linkedin.com\\\/hp\\\/?dnr=JBzUWaJfMUw8vbXJJ2tVW5-I3jZKvC4wsoxE&amp;amp;amp;amp;amp;amp;trk=nav_responsive_tab_home\",\"https:\\\/\\\/www.youtube.com\\\/channel\\\/UCxL0wu1uN0_3_7hGG0306cw\"]},{\"@type\":\"Person\",\"@id\":\"https:\\\/\\\/www.bellunopress.it\\\/#\\\/schema\\\/person\\\/79bb06722b37ece1c03d3e94beb30d73\",\"name\":\"redazione\",\"image\":{\"@type\":\"ImageObject\",\"inLanguage\":\"fr-FR\",\"@id\":\"https:\\\/\\\/secure.gravatar.com\\\/avatar\\\/37d968a2e67a6fd04c169c4bdef102d0bc5d31b2546345219e348575eb80e9a0?s=96&d=mm&r=g\",\"url\":\"https:\\\/\\\/secure.gravatar.com\\\/avatar\\\/37d968a2e67a6fd04c169c4bdef102d0bc5d31b2546345219e348575eb80e9a0?s=96&d=mm&r=g\",\"contentUrl\":\"https:\\\/\\\/secure.gravatar.com\\\/avatar\\\/37d968a2e67a6fd04c169c4bdef102d0bc5d31b2546345219e348575eb80e9a0?s=96&d=mm&r=g\",\"caption\":\"redazione\"},\"sameAs\":[\"http:\\\/\\\/www.bellunopress.it\",\"https:\\\/\\\/x.com\\\/bellunopress\"],\"url\":\"https:\\\/\\\/www.bellunopress.it\\\/fr\\\/author\\\/redazione\\\/\"}]}<\/script>\n<!-- \/ Yoast SEO plugin. -->","yoast_head_json":{"title":"Dal Lago d'Iseo a Mantova tra borghi e natura pedalando lungo la ciclabile del fiume Oglio - Bellunopress - Dolomiti","robots":{"index":"index","follow":"follow","max-snippet":"max-snippet:-1","max-image-preview":"max-image-preview:large","max-video-preview":"max-video-preview:-1"},"canonical":"https:\/\/www.bellunopress.it\/fr\/2019\/05\/02\/dal-lago-diseo-a-mantova-tra-borghi-e-natura-pedalando-lungo-la-ciclabile-del-fiume-oglio\/","og_locale":"fr_FR","og_type":"article","og_title":"Dal Lago d'Iseo a Mantova tra borghi e natura pedalando lungo la ciclabile del fiume Oglio - Bellunopress - Dolomiti","og_description":"Sabato 4 e Domenica 5 Maggio Dal Lago d&#8217;Iseo a Mantova tra borghi e natura pedalando lungo la ciclabile del fiume Oglio PER VEDERE LA LOCANDINA DELLA PEDALATA CLICCA QUI \u00a0 Il costo dell&#8217;escursione \u00e8 di \u20ac 100,00 comprensivo di trasporto in corriera con carrello porta bici e trattamento di mezza pensione in albergo. Pernottamento [&hellip;]","og_url":"https:\/\/www.bellunopress.it\/fr\/2019\/05\/02\/dal-lago-diseo-a-mantova-tra-borghi-e-natura-pedalando-lungo-la-ciclabile-del-fiume-oglio\/","og_site_name":"Bellunopress - Dolomiti","article_publisher":"https:\/\/www.facebook.com\/profile.php?id=100008943462799","article_published_time":"2019-05-02T06:10:37+00:00","og_image":[{"url":"http:\/\/www.bellunopress.it\/wp-content\/uploads\/2012\/07\/logo-bellunopress-250x250-2012.jpg","type":"","width":"","height":""}],"author":"redazione","twitter_card":"summary_large_image","twitter_creator":"@bellunopress","twitter_site":"@bellunopress","twitter_misc":{"\u00c9crit par":"redazione","Dur\u00e9e de lecture estim\u00e9e":"1 minute"},"schema":{"@context":"https:\/\/schema.org","@graph":[{"@type":"Article","@id":"https:\/\/www.bellunopress.it\/2019\/05\/02\/dal-lago-diseo-a-mantova-tra-borghi-e-natura-pedalando-lungo-la-ciclabile-del-fiume-oglio\/#article","isPartOf":{"@id":"https:\/\/www.bellunopress.it\/2019\/05\/02\/dal-lago-diseo-a-mantova-tra-borghi-e-natura-pedalando-lungo-la-ciclabile-del-fiume-oglio\/"},"author":{"name":"redazione","@id":"https:\/\/www.bellunopress.it\/#\/schema\/person\/79bb06722b37ece1c03d3e94beb30d73"},"headline":"Dal Lago d&#8217;Iseo a Mantova tra borghi e natura pedalando lungo la ciclabile del fiume Oglio","datePublished":"2019-05-02T06:10:37+00:00","mainEntityOfPage":{"@id":"https:\/\/www.bellunopress.it\/2019\/05\/02\/dal-lago-diseo-a-mantova-tra-borghi-e-natura-pedalando-lungo-la-ciclabile-del-fiume-oglio\/"},"wordCount":158,"publisher":{"@id":"https:\/\/www.bellunopress.it\/#organization"},"articleSection":["Pausa Caff\u00e8","Sport, tempo libero"],"inLanguage":"fr-FR"},{"@type":"WebPage","@id":"https:\/\/www.bellunopress.it\/2019\/05\/02\/dal-lago-diseo-a-mantova-tra-borghi-e-natura-pedalando-lungo-la-ciclabile-del-fiume-oglio\/","url":"https:\/\/www.bellunopress.it\/2019\/05\/02\/dal-lago-diseo-a-mantova-tra-borghi-e-natura-pedalando-lungo-la-ciclabile-del-fiume-oglio\/","name":"Dal Lago d'Iseo a Mantova tra borghi e natura pedalando lungo la ciclabile del fiume Oglio - Bellunopress - Dolomiti","isPartOf":{"@id":"https:\/\/www.bellunopress.it\/#website"},"datePublished":"2019-05-02T06:10:37+00:00","breadcrumb":{"@id":"https:\/\/www.bellunopress.it\/2019\/05\/02\/dal-lago-diseo-a-mantova-tra-borghi-e-natura-pedalando-lungo-la-ciclabile-del-fiume-oglio\/#breadcrumb"},"inLanguage":"fr-FR","potentialAction":[{"@type":"ReadAction","target":["https:\/\/www.bellunopress.it\/2019\/05\/02\/dal-lago-diseo-a-mantova-tra-borghi-e-natura-pedalando-lungo-la-ciclabile-del-fiume-oglio\/"]}]},{"@type":"BreadcrumbList","@id":"https:\/\/www.bellunopress.it\/2019\/05\/02\/dal-lago-diseo-a-mantova-tra-borghi-e-natura-pedalando-lungo-la-ciclabile-del-fiume-oglio\/#breadcrumb","itemListElement":[{"@type":"ListItem","position":1,"name":"Home","item":"https:\/\/www.bellunopress.it\/"},{"@type":"ListItem","position":2,"name":"Dal Lago d&#8217;Iseo a Mantova tra borghi e natura pedalando lungo la ciclabile del fiume Oglio"}]},{"@type":"WebSite","@id":"https:\/\/www.bellunopress.it\/#website","url":"https:\/\/www.bellunopress.it\/","name":"Bellunopress - Dolomiti","description":"e-mail: redazione@bellunopress.it","publisher":{"@id":"https:\/\/www.bellunopress.it\/#organization"},"potentialAction":[{"@type":"SearchAction","target":{"@type":"EntryPoint","urlTemplate":"https:\/\/www.bellunopress.it\/?s={search_term_string}"},"query-input":{"@type":"PropertyValueSpecification","valueRequired":true,"valueName":"search_term_string"}}],"inLanguage":"fr-FR"},{"@type":"Organization","@id":"https:\/\/www.bellunopress.it\/#organization","name":"Bellunopress","url":"https:\/\/www.bellunopress.it\/","logo":{"@type":"ImageObject","inLanguage":"fr-FR","@id":"https:\/\/www.bellunopress.it\/#\/schema\/logo\/image\/","url":"https:\/\/www.bellunopress.it\/wp-content\/uploads\/2011\/05\/cropped-logo-bellunopress-.jpg","contentUrl":"https:\/\/www.bellunopress.it\/wp-content\/uploads\/2011\/05\/cropped-logo-bellunopress-.jpg","width":512,"height":512,"caption":"Bellunopress"},"image":{"@id":"https:\/\/www.bellunopress.it\/#\/schema\/logo\/image\/"},"sameAs":["https:\/\/www.facebook.com\/profile.php?id=100008943462799","https:\/\/x.com\/bellunopress","https:\/\/www.linkedin.com\/hp\/?dnr=JBzUWaJfMUw8vbXJJ2tVW5-I3jZKvC4wsoxE&amp;amp;amp;amp;amp;amp;trk=nav_responsive_tab_home","https:\/\/www.youtube.com\/channel\/UCxL0wu1uN0_3_7hGG0306cw"]},{"@type":"Person","@id":"https:\/\/www.bellunopress.it\/#\/schema\/person\/79bb06722b37ece1c03d3e94beb30d73","name":"r\u00e9daction","image":{"@type":"ImageObject","inLanguage":"fr-FR","@id":"https:\/\/secure.gravatar.com\/avatar\/37d968a2e67a6fd04c169c4bdef102d0bc5d31b2546345219e348575eb80e9a0?s=96&d=mm&r=g","url":"https:\/\/secure.gravatar.com\/avatar\/37d968a2e67a6fd04c169c4bdef102d0bc5d31b2546345219e348575eb80e9a0?s=96&d=mm&r=g","contentUrl":"https:\/\/secure.gravatar.com\/avatar\/37d968a2e67a6fd04c169c4bdef102d0bc5d31b2546345219e348575eb80e9a0?s=96&d=mm&r=g","caption":"redazione"},"sameAs":["http:\/\/www.bellunopress.it","https:\/\/x.com\/bellunopress"],"url":"https:\/\/www.bellunopress.it\/fr\/author\/redazione\/"}]}},"_links":{"self":[{"href":"https:\/\/www.bellunopress.it\/fr\/wp-json\/wp\/v2\/posts\/104153","targetHints":{"allow":["GET"]}}],"collection":[{"href":"https:\/\/www.bellunopress.it\/fr\/wp-json\/wp\/v2\/posts"}],"about":[{"href":"https:\/\/www.bellunopress.it\/fr\/wp-json\/wp\/v2\/types\/post"}],"author":[{"embeddable":true,"href":"https:\/\/www.bellunopress.it\/fr\/wp-json\/wp\/v2\/users\/2"}],"replies":[{"embeddable":true,"href":"https:\/\/www.bellunopress.it\/fr\/wp-json\/wp\/v2\/comments?post=104153"}],"version-history":[{"count":1,"href":"https:\/\/www.bellunopress.it\/fr\/wp-json\/wp\/v2\/posts\/104153\/revisions"}],"predecessor-version":[{"id":104154,"href":"https:\/\/www.bellunopress.it\/fr\/wp-json\/wp\/v2\/posts\/104153\/revisions\/104154"}],"wp:attachment":[{"href":"https:\/\/www.bellunopress.it\/fr\/wp-json\/wp\/v2\/media?parent=104153"}],"wp:term":[{"taxonomy":"category","embeddable":true,"href":"https:\/\/www.bellunopress.it\/fr\/wp-json\/wp\/v2\/categories?post=104153"},{"taxonomy":"post_tag","embeddable":true,"href":"https:\/\/www.bellunopress.it\/fr\/wp-json\/wp\/v2\/tags?post=104153"}],"curies":[{"name":"wp","href":"https:\/\/api.w.org\/{rel}","templated":true}]}}