{"id":10407,"date":"2009-12-05T19:00:22","date_gmt":"2009-12-05T18:00:22","guid":{"rendered":"http:\/\/www.bellunopress.it\/?p=10407"},"modified":"2009-12-05T19:00:22","modified_gmt":"2009-12-05T18:00:22","slug":"magda-genuin-sedicesima-in-coppa-del-mondo-a-dusseldorf","status":"publish","type":"post","link":"https:\/\/www.bellunopress.it\/fr\/2009\/12\/05\/magda-genuin-sedicesima-in-coppa-del-mondo-a-dusseldorf\/","title":{"rendered":"Magda Genuin sedicesima in Coppa del Mondo a Dusseldorf"},"content":{"rendered":"<p>Sedicesima in Coppa del Mondo a Dussendorf. Questo il piazzamento di Magda Genuin approdata ai quarti di finale che non ha superato per pochi decimi di secondo. Non \u00e8 soddisfatta l\u2019atleta di Falcade, soprattutto per la non perfetta partenza.&#8221;Non sono soddisfatta \u2013 racconta al termine della gara &#8211;\u00a0 perch\u00e9 mancano sempre quei due decimi per poi giocarmela nelle prime dodici posizioni. Non posso sperare nella fortuna, rimango sempre fuori per poco, bisogna guadagnarsela, bisogna spendere di pi\u00f9. E&#8217; un circuito cittadino, strano: veloce, piatto e una volta all\u2019arrivo si intuisce che il ritmo va notevolmente alzato. Nella batteria ho sbagliato la partenza. In un circuito cittadino non si supera l\u2019avversario non \u00e8 facile, la partenza \u00e8 fondamentale e non l&#8217;ho fatta come dovuto. Domani spero vada meglio nella team sprint, io lancio, Arianna Follis \u00e8 la seconda&#8221;.<br \/>\nNella prima giornate di gare a Dussendorf in Germania, Fulvio Scola non \u00e8 riuscito a raggiungere la fase finale con un 40esimo piazzamento. A pochi centesimi di secondo dal trentesimo, ad una manciata di centimetri dalla possibilit\u00e0 di accedere alla successive batterie.<\/p>","protected":false},"excerpt":{"rendered":"<p>Sedicesima in Coppa del Mondo a Dussendorf. Questo il piazzamento di Magda Genuin approdata ai quarti di finale che non ha superato per pochi decimi di secondo. Non \u00e8 soddisfatta l\u2019atleta di Falcade, soprattutto per la non perfetta partenza.&#8221;Non sono soddisfatta \u2013 racconta al termine della gara &#8211;\u00a0 perch\u00e9 mancano sempre quei due decimi per [&hellip;]<\/p>\n","protected":false},"author":2,"featured_media":0,"comment_status":"closed","ping_status":"open","sticky":false,"template":"","format":"standard","meta":{"footnotes":""},"categories":[4],"tags":[],"class_list":["post-10407","post","type-post","status-publish","format-standard","category-sport"],"yoast_head":"<!-- This site is optimized with the Yoast SEO plugin v28.4 - https:\/\/yoast.com\/product\/yoast-seo-wordpress\/ -->\n<title>Magda Genuin sedicesima in Coppa del Mondo a Dusseldorf - Bellunopress - Dolomiti<\/title>\n<meta name=\"robots\" content=\"index, follow, max-snippet:-1, max-image-preview:large, max-video-preview:-1\" \/>\n<link rel=\"canonical\" href=\"https:\/\/www.bellunopress.it\/fr\/2009\/12\/05\/magda-genuin-sedicesima-in-coppa-del-mondo-a-dusseldorf\/\" \/>\n<meta property=\"og:locale\" content=\"fr_FR\" \/>\n<meta property=\"og:type\" content=\"article\" \/>\n<meta property=\"og:title\" content=\"Magda Genuin sedicesima in Coppa del Mondo a Dusseldorf - Bellunopress - Dolomiti\" \/>\n<meta property=\"og:description\" content=\"Sedicesima in Coppa del Mondo a Dussendorf. Questo il piazzamento di Magda Genuin approdata ai quarti di finale che non ha superato per pochi decimi di secondo. Non \u00e8 soddisfatta l\u2019atleta di Falcade, soprattutto per la non perfetta partenza.&#8221;Non sono soddisfatta \u2013 racconta al termine della gara &#8211;\u00a0 perch\u00e9 mancano sempre quei due decimi per [&hellip;]\" \/>\n<meta property=\"og:url\" content=\"https:\/\/www.bellunopress.it\/fr\/2009\/12\/05\/magda-genuin-sedicesima-in-coppa-del-mondo-a-dusseldorf\/\" \/>\n<meta property=\"og:site_name\" content=\"Bellunopress - Dolomiti\" \/>\n<meta property=\"article:publisher\" content=\"https:\/\/www.facebook.com\/profile.php?id=100008943462799\" \/>\n<meta property=\"article:published_time\" content=\"2009-12-05T18:00:22+00:00\" \/>\n<meta property=\"og:image\" content=\"http:\/\/www.bellunopress.it\/wp-content\/uploads\/2012\/07\/logo-bellunopress-250x250-2012.jpg\" \/>\n<meta name=\"author\" content=\"redazione\" \/>\n<meta name=\"twitter:card\" content=\"summary_large_image\" \/>\n<meta name=\"twitter:creator\" content=\"@bellunopress\" \/>\n<meta name=\"twitter:site\" content=\"@bellunopress\" \/>\n<meta name=\"twitter:label1\" content=\"\u00c9crit par\" \/>\n\t<meta name=\"twitter:data1\" content=\"redazione\" \/>\n\t<meta name=\"twitter:label2\" content=\"Dur\u00e9e de lecture estim\u00e9e\" \/>\n\t<meta name=\"twitter:data2\" content=\"1 minute\" \/>\n<script type=\"application\/ld+json\" class=\"yoast-schema-graph\">{\"@context\":\"https:\\\/\\\/schema.org\",\"@graph\":[{\"@type\":\"Article\",\"@id\":\"https:\\\/\\\/www.bellunopress.it\\\/2009\\\/12\\\/05\\\/magda-genuin-sedicesima-in-coppa-del-mondo-a-dusseldorf\\\/#article\",\"isPartOf\":{\"@id\":\"https:\\\/\\\/www.bellunopress.it\\\/2009\\\/12\\\/05\\\/magda-genuin-sedicesima-in-coppa-del-mondo-a-dusseldorf\\\/\"},\"author\":{\"name\":\"redazione\",\"@id\":\"https:\\\/\\\/www.bellunopress.it\\\/#\\\/schema\\\/person\\\/79bb06722b37ece1c03d3e94beb30d73\"},\"headline\":\"Magda Genuin sedicesima in Coppa del Mondo a Dusseldorf\",\"datePublished\":\"2009-12-05T18:00:22+00:00\",\"mainEntityOfPage\":{\"@id\":\"https:\\\/\\\/www.bellunopress.it\\\/2009\\\/12\\\/05\\\/magda-genuin-sedicesima-in-coppa-del-mondo-a-dusseldorf\\\/\"},\"wordCount\":187,\"publisher\":{\"@id\":\"https:\\\/\\\/www.bellunopress.it\\\/#organization\"},\"articleSection\":[\"Sport, tempo libero\"],\"inLanguage\":\"fr-FR\"},{\"@type\":\"WebPage\",\"@id\":\"https:\\\/\\\/www.bellunopress.it\\\/2009\\\/12\\\/05\\\/magda-genuin-sedicesima-in-coppa-del-mondo-a-dusseldorf\\\/\",\"url\":\"https:\\\/\\\/www.bellunopress.it\\\/2009\\\/12\\\/05\\\/magda-genuin-sedicesima-in-coppa-del-mondo-a-dusseldorf\\\/\",\"name\":\"Magda Genuin sedicesima in Coppa del Mondo a Dusseldorf - Bellunopress - Dolomiti\",\"isPartOf\":{\"@id\":\"https:\\\/\\\/www.bellunopress.it\\\/#website\"},\"datePublished\":\"2009-12-05T18:00:22+00:00\",\"breadcrumb\":{\"@id\":\"https:\\\/\\\/www.bellunopress.it\\\/2009\\\/12\\\/05\\\/magda-genuin-sedicesima-in-coppa-del-mondo-a-dusseldorf\\\/#breadcrumb\"},\"inLanguage\":\"fr-FR\",\"potentialAction\":[{\"@type\":\"ReadAction\",\"target\":[\"https:\\\/\\\/www.bellunopress.it\\\/2009\\\/12\\\/05\\\/magda-genuin-sedicesima-in-coppa-del-mondo-a-dusseldorf\\\/\"]}]},{\"@type\":\"BreadcrumbList\",\"@id\":\"https:\\\/\\\/www.bellunopress.it\\\/2009\\\/12\\\/05\\\/magda-genuin-sedicesima-in-coppa-del-mondo-a-dusseldorf\\\/#breadcrumb\",\"itemListElement\":[{\"@type\":\"ListItem\",\"position\":1,\"name\":\"Home\",\"item\":\"https:\\\/\\\/www.bellunopress.it\\\/\"},{\"@type\":\"ListItem\",\"position\":2,\"name\":\"Magda Genuin sedicesima in Coppa del Mondo a Dusseldorf\"}]},{\"@type\":\"WebSite\",\"@id\":\"https:\\\/\\\/www.bellunopress.it\\\/#website\",\"url\":\"https:\\\/\\\/www.bellunopress.it\\\/\",\"name\":\"Bellunopress - Dolomiti\",\"description\":\"e-mail: redazione@bellunopress.it\",\"publisher\":{\"@id\":\"https:\\\/\\\/www.bellunopress.it\\\/#organization\"},\"potentialAction\":[{\"@type\":\"SearchAction\",\"target\":{\"@type\":\"EntryPoint\",\"urlTemplate\":\"https:\\\/\\\/www.bellunopress.it\\\/?s={search_term_string}\"},\"query-input\":{\"@type\":\"PropertyValueSpecification\",\"valueRequired\":true,\"valueName\":\"search_term_string\"}}],\"inLanguage\":\"fr-FR\"},{\"@type\":\"Organization\",\"@id\":\"https:\\\/\\\/www.bellunopress.it\\\/#organization\",\"name\":\"Bellunopress\",\"url\":\"https:\\\/\\\/www.bellunopress.it\\\/\",\"logo\":{\"@type\":\"ImageObject\",\"inLanguage\":\"fr-FR\",\"@id\":\"https:\\\/\\\/www.bellunopress.it\\\/#\\\/schema\\\/logo\\\/image\\\/\",\"url\":\"https:\\\/\\\/www.bellunopress.it\\\/wp-content\\\/uploads\\\/2011\\\/05\\\/cropped-logo-bellunopress-.jpg\",\"contentUrl\":\"https:\\\/\\\/www.bellunopress.it\\\/wp-content\\\/uploads\\\/2011\\\/05\\\/cropped-logo-bellunopress-.jpg\",\"width\":512,\"height\":512,\"caption\":\"Bellunopress\"},\"image\":{\"@id\":\"https:\\\/\\\/www.bellunopress.it\\\/#\\\/schema\\\/logo\\\/image\\\/\"},\"sameAs\":[\"https:\\\/\\\/www.facebook.com\\\/profile.php?id=100008943462799\",\"https:\\\/\\\/x.com\\\/bellunopress\",\"https:\\\/\\\/www.linkedin.com\\\/hp\\\/?dnr=JBzUWaJfMUw8vbXJJ2tVW5-I3jZKvC4wsoxE&amp;amp;amp;amp;amp;amp;trk=nav_responsive_tab_home\",\"https:\\\/\\\/www.youtube.com\\\/channel\\\/UCxL0wu1uN0_3_7hGG0306cw\"]},{\"@type\":\"Person\",\"@id\":\"https:\\\/\\\/www.bellunopress.it\\\/#\\\/schema\\\/person\\\/79bb06722b37ece1c03d3e94beb30d73\",\"name\":\"redazione\",\"image\":{\"@type\":\"ImageObject\",\"inLanguage\":\"fr-FR\",\"@id\":\"https:\\\/\\\/secure.gravatar.com\\\/avatar\\\/37d968a2e67a6fd04c169c4bdef102d0bc5d31b2546345219e348575eb80e9a0?s=96&d=mm&r=g\",\"url\":\"https:\\\/\\\/secure.gravatar.com\\\/avatar\\\/37d968a2e67a6fd04c169c4bdef102d0bc5d31b2546345219e348575eb80e9a0?s=96&d=mm&r=g\",\"contentUrl\":\"https:\\\/\\\/secure.gravatar.com\\\/avatar\\\/37d968a2e67a6fd04c169c4bdef102d0bc5d31b2546345219e348575eb80e9a0?s=96&d=mm&r=g\",\"caption\":\"redazione\"},\"sameAs\":[\"http:\\\/\\\/www.bellunopress.it\",\"https:\\\/\\\/x.com\\\/bellunopress\"],\"url\":\"https:\\\/\\\/www.bellunopress.it\\\/fr\\\/author\\\/redazione\\\/\"}]}<\/script>\n<!-- \/ Yoast SEO plugin. -->","yoast_head_json":{"title":"Magda Genuin sedicesima in Coppa del Mondo a Dusseldorf - Bellunopress - Dolomiti","robots":{"index":"index","follow":"follow","max-snippet":"max-snippet:-1","max-image-preview":"max-image-preview:large","max-video-preview":"max-video-preview:-1"},"canonical":"https:\/\/www.bellunopress.it\/fr\/2009\/12\/05\/magda-genuin-sedicesima-in-coppa-del-mondo-a-dusseldorf\/","og_locale":"fr_FR","og_type":"article","og_title":"Magda Genuin sedicesima in Coppa del Mondo a Dusseldorf - Bellunopress - Dolomiti","og_description":"Sedicesima in Coppa del Mondo a Dussendorf. Questo il piazzamento di Magda Genuin approdata ai quarti di finale che non ha superato per pochi decimi di secondo. Non \u00e8 soddisfatta l\u2019atleta di Falcade, soprattutto per la non perfetta partenza.&#8221;Non sono soddisfatta \u2013 racconta al termine della gara &#8211;\u00a0 perch\u00e9 mancano sempre quei due decimi per [&hellip;]","og_url":"https:\/\/www.bellunopress.it\/fr\/2009\/12\/05\/magda-genuin-sedicesima-in-coppa-del-mondo-a-dusseldorf\/","og_site_name":"Bellunopress - Dolomiti","article_publisher":"https:\/\/www.facebook.com\/profile.php?id=100008943462799","article_published_time":"2009-12-05T18:00:22+00:00","og_image":[{"url":"http:\/\/www.bellunopress.it\/wp-content\/uploads\/2012\/07\/logo-bellunopress-250x250-2012.jpg","type":"","width":"","height":""}],"author":"redazione","twitter_card":"summary_large_image","twitter_creator":"@bellunopress","twitter_site":"@bellunopress","twitter_misc":{"\u00c9crit par":"redazione","Dur\u00e9e de lecture estim\u00e9e":"1 minute"},"schema":{"@context":"https:\/\/schema.org","@graph":[{"@type":"Article","@id":"https:\/\/www.bellunopress.it\/2009\/12\/05\/magda-genuin-sedicesima-in-coppa-del-mondo-a-dusseldorf\/#article","isPartOf":{"@id":"https:\/\/www.bellunopress.it\/2009\/12\/05\/magda-genuin-sedicesima-in-coppa-del-mondo-a-dusseldorf\/"},"author":{"name":"redazione","@id":"https:\/\/www.bellunopress.it\/#\/schema\/person\/79bb06722b37ece1c03d3e94beb30d73"},"headline":"Magda Genuin sedicesima in Coppa del Mondo a Dusseldorf","datePublished":"2009-12-05T18:00:22+00:00","mainEntityOfPage":{"@id":"https:\/\/www.bellunopress.it\/2009\/12\/05\/magda-genuin-sedicesima-in-coppa-del-mondo-a-dusseldorf\/"},"wordCount":187,"publisher":{"@id":"https:\/\/www.bellunopress.it\/#organization"},"articleSection":["Sport, tempo libero"],"inLanguage":"fr-FR"},{"@type":"WebPage","@id":"https:\/\/www.bellunopress.it\/2009\/12\/05\/magda-genuin-sedicesima-in-coppa-del-mondo-a-dusseldorf\/","url":"https:\/\/www.bellunopress.it\/2009\/12\/05\/magda-genuin-sedicesima-in-coppa-del-mondo-a-dusseldorf\/","name":"Magda Genuin sedicesima in Coppa del Mondo a Dusseldorf - Bellunopress - Dolomiti","isPartOf":{"@id":"https:\/\/www.bellunopress.it\/#website"},"datePublished":"2009-12-05T18:00:22+00:00","breadcrumb":{"@id":"https:\/\/www.bellunopress.it\/2009\/12\/05\/magda-genuin-sedicesima-in-coppa-del-mondo-a-dusseldorf\/#breadcrumb"},"inLanguage":"fr-FR","potentialAction":[{"@type":"ReadAction","target":["https:\/\/www.bellunopress.it\/2009\/12\/05\/magda-genuin-sedicesima-in-coppa-del-mondo-a-dusseldorf\/"]}]},{"@type":"BreadcrumbList","@id":"https:\/\/www.bellunopress.it\/2009\/12\/05\/magda-genuin-sedicesima-in-coppa-del-mondo-a-dusseldorf\/#breadcrumb","itemListElement":[{"@type":"ListItem","position":1,"name":"Home","item":"https:\/\/www.bellunopress.it\/"},{"@type":"ListItem","position":2,"name":"Magda Genuin sedicesima in Coppa del Mondo a Dusseldorf"}]},{"@type":"WebSite","@id":"https:\/\/www.bellunopress.it\/#website","url":"https:\/\/www.bellunopress.it\/","name":"Bellunopress - Dolomiti","description":"e-mail: redazione@bellunopress.it","publisher":{"@id":"https:\/\/www.bellunopress.it\/#organization"},"potentialAction":[{"@type":"SearchAction","target":{"@type":"EntryPoint","urlTemplate":"https:\/\/www.bellunopress.it\/?s={search_term_string}"},"query-input":{"@type":"PropertyValueSpecification","valueRequired":true,"valueName":"search_term_string"}}],"inLanguage":"fr-FR"},{"@type":"Organization","@id":"https:\/\/www.bellunopress.it\/#organization","name":"Bellunopress","url":"https:\/\/www.bellunopress.it\/","logo":{"@type":"ImageObject","inLanguage":"fr-FR","@id":"https:\/\/www.bellunopress.it\/#\/schema\/logo\/image\/","url":"https:\/\/www.bellunopress.it\/wp-content\/uploads\/2011\/05\/cropped-logo-bellunopress-.jpg","contentUrl":"https:\/\/www.bellunopress.it\/wp-content\/uploads\/2011\/05\/cropped-logo-bellunopress-.jpg","width":512,"height":512,"caption":"Bellunopress"},"image":{"@id":"https:\/\/www.bellunopress.it\/#\/schema\/logo\/image\/"},"sameAs":["https:\/\/www.facebook.com\/profile.php?id=100008943462799","https:\/\/x.com\/bellunopress","https:\/\/www.linkedin.com\/hp\/?dnr=JBzUWaJfMUw8vbXJJ2tVW5-I3jZKvC4wsoxE&amp;amp;amp;amp;amp;amp;trk=nav_responsive_tab_home","https:\/\/www.youtube.com\/channel\/UCxL0wu1uN0_3_7hGG0306cw"]},{"@type":"Person","@id":"https:\/\/www.bellunopress.it\/#\/schema\/person\/79bb06722b37ece1c03d3e94beb30d73","name":"r\u00e9daction","image":{"@type":"ImageObject","inLanguage":"fr-FR","@id":"https:\/\/secure.gravatar.com\/avatar\/37d968a2e67a6fd04c169c4bdef102d0bc5d31b2546345219e348575eb80e9a0?s=96&d=mm&r=g","url":"https:\/\/secure.gravatar.com\/avatar\/37d968a2e67a6fd04c169c4bdef102d0bc5d31b2546345219e348575eb80e9a0?s=96&d=mm&r=g","contentUrl":"https:\/\/secure.gravatar.com\/avatar\/37d968a2e67a6fd04c169c4bdef102d0bc5d31b2546345219e348575eb80e9a0?s=96&d=mm&r=g","caption":"redazione"},"sameAs":["http:\/\/www.bellunopress.it","https:\/\/x.com\/bellunopress"],"url":"https:\/\/www.bellunopress.it\/fr\/author\/redazione\/"}]}},"_links":{"self":[{"href":"https:\/\/www.bellunopress.it\/fr\/wp-json\/wp\/v2\/posts\/10407","targetHints":{"allow":["GET"]}}],"collection":[{"href":"https:\/\/www.bellunopress.it\/fr\/wp-json\/wp\/v2\/posts"}],"about":[{"href":"https:\/\/www.bellunopress.it\/fr\/wp-json\/wp\/v2\/types\/post"}],"author":[{"embeddable":true,"href":"https:\/\/www.bellunopress.it\/fr\/wp-json\/wp\/v2\/users\/2"}],"replies":[{"embeddable":true,"href":"https:\/\/www.bellunopress.it\/fr\/wp-json\/wp\/v2\/comments?post=10407"}],"version-history":[{"count":1,"href":"https:\/\/www.bellunopress.it\/fr\/wp-json\/wp\/v2\/posts\/10407\/revisions"}],"predecessor-version":[{"id":10408,"href":"https:\/\/www.bellunopress.it\/fr\/wp-json\/wp\/v2\/posts\/10407\/revisions\/10408"}],"wp:attachment":[{"href":"https:\/\/www.bellunopress.it\/fr\/wp-json\/wp\/v2\/media?parent=10407"}],"wp:term":[{"taxonomy":"category","embeddable":true,"href":"https:\/\/www.bellunopress.it\/fr\/wp-json\/wp\/v2\/categories?post=10407"},{"taxonomy":"post_tag","embeddable":true,"href":"https:\/\/www.bellunopress.it\/fr\/wp-json\/wp\/v2\/tags?post=10407"}],"curies":[{"name":"wp","href":"https:\/\/api.w.org\/{rel}","templated":true}]}}