{"id":10399,"date":"2009-12-05T18:51:14","date_gmt":"2009-12-05T17:51:14","guid":{"rendered":"http:\/\/www.bellunopress.it\/?p=10399"},"modified":"2009-12-05T18:51:14","modified_gmt":"2009-12-05T17:51:14","slug":"operazioni-grottesche-che-avvelenano-il-paese","status":"publish","type":"post","link":"https:\/\/www.bellunopress.it\/fr\/2009\/12\/05\/operazioni-grottesche-che-avvelenano-il-paese\/","title":{"rendered":"&#8220;Operazioni grottesche che avvelenano il Paese&#8221;"},"content":{"rendered":"<p>TRA DIVIETI E DELIBERE CLIMA DI INTOLLERANZA CONTRO GLI STRANIERI<br \/>\nPapa Benedetto XVI ci ha ricordato che anche Ges\u00f9 \u00e8 stato migrante e profugo assieme ai suoi genitori.<br \/>\nTolleranza doppio zero. E nessuna misericordia. Soltanto uso strumentale di ogni fantasia che passa per la testa. Frutto dell\u2019insana politica di questi tempi. Paura e ossessione per la sicurezza ci hanno portato all\u2019assurdo. Come a delibere ed emendamenti sparati a getto continuo contro gli stranieri, secondo il rito (ormai frusto) della provocazione, tra applausi fragorosi, per poi fare un passo indietro. Com\u2019\u00e8 accaduto per l\u2019emendamento sulla cassa integrazione &#8220;speciale&#8221; (cio\u00e8 dimezzata) per gli immigrati. Cosa gi\u00e0 vista per le &#8220;classi separate&#8221; a scuola. Ma questo \u00e8 un &#8220;gioco&#8221; molto pericoloso. Prima o poi, rischia di sfuggire di mano.<br \/>\nAnche la religione non \u00e8 esente da strumentalizzazioni. Si distribuiscono crocifissi come fossero volantini di propaganda. Al tempo stesso, la croce non alberga pi\u00f9 nei cuori. A Genova il presidio leghista per il crocifisso \u00e8 finito in rissa. Sbagliato parlare di scontro di civilt\u00e0. Perch\u00e9 \u00e8 anticristiano usare la croce per dividere o combattere. Quelle braccia allargate non escludono nessuno. Abbracciano l\u2019umanit\u00e0 intera.<br \/>\nAlle provocazioni non basta rispondere con spallucce. Il vento che prima soffiava nelle pianure padane, ora spira nelle aule del Parlamento. Fa capolino tra gli emendamenti alla Finanziaria. Era prevedibile che accadesse. Cos\u00ec la proposta di dimezzare agli stranieri la cassa integrazione trova, purtroppo, consenso. Anche se il quotidiano cattolico Avvenire l\u2019ha definita &#8220;aberrante&#8221;. Per molti, la solita logica: gli esseri umani non sono tutti uguali. Via cos\u00ec, da una discriminazione all\u2019altra. Nel nome dell\u2019interesse dei cittadini italiani. Forti del consenso popolare. Come se bastasse solo ci\u00f2. Anche Pilato s\u2019appell\u00f2 al popolo per condannare Ges\u00f9 e liberare Barabba!<br \/>\nChi discrimina non pu\u00f2 atteggiarsi a difensore del crocifisso, quasi lottasse per la bandiera di partito. Difficile capire come si pu\u00f2 essere a favore della vita, contro la pillola abortiva, e promuovere ridicole e grottesche operazioni, che stanno avvelenando il Paese.<br \/>\nCome la caccia agli extracomunitari con l\u2019operazione White Christmas. O come il proliferare di delibere comunali che alimentano la fabbrica dell\u2019intolleranza. Ormai non c\u2019\u00e8 pi\u00f9 limite alla fantasia. Si va dal divieto di vendere kebab senza accompagnarlo da &#8220;polenta, brovada e musetto&#8221; in Friuli alla proibizione ai minori di settant\u2019anni di sedersi sulle panchine a Pordenone. Dalla messa al bando del gioco del cricket a Brescia (perch\u00e9 praticato da pachistani), al bonus di 500 euro ai vigili per ogni clandestino scovato. Dal numero verde di Cant\u00f9 per denunciare i clandestini, ai cartelli stradali di Varallo Sesia che vietano burka e niqab, come fossero un pericolo pubblico. Dal divieto di sposarsi a Cernobbio se prima i vigili non avranno accertato &#8220;la pulizia di muri e pavimenti&#8221; nell\u2019abita-zione degli sposini all\u2019assurdo dell\u2019assegnazione dell\u2019Ambrogino d\u2019oro, a Milano, alla pattuglia di polizia urbana che va a caccia di irregolari, trattenendoli in un bus con le sbarre.<br \/>\nStiamo scivolando verso il baratro. Pochi alzano la voce a segnalare il pericolo. Un clima di intolleranza si spalma nel Paese. Nell\u2019indifferenza generale. Anche questa \u00e8 emergenza etica. Al pari delle questioni bioetiche. C\u2019\u00e8 ancora, per fortuna, un baluardo nella Chiesa. Papa Benedetto XVI ci ricorda, opportunamente, che \u00abGes\u00f9 stesso da bambino ha vissuto l\u2019esperienza del migrante perch\u00e9, per sfuggire alle minacce di Erode, dovette rifugiarsi in Egitto insieme a Giuseppe e Maria\u00bb.<br \/>\n(da Famiglia Cristiana n. 49 del 6 dicembre 2009)<\/p>","protected":false},"excerpt":{"rendered":"<p>TRA DIVIETI E DELIBERE CLIMA DI INTOLLERANZA CONTRO GLI STRANIERI Papa Benedetto XVI ci ha ricordato che anche Ges\u00f9 \u00e8 stato migrante e profugo assieme ai suoi genitori. Tolleranza doppio zero. E nessuna misericordia. Soltanto uso strumentale di ogni fantasia che passa per la testa. Frutto dell\u2019insana politica di questi tempi. Paura e ossessione per [&hellip;]<\/p>\n","protected":false},"author":2,"featured_media":0,"comment_status":"closed","ping_status":"open","sticky":false,"template":"","format":"standard","meta":{"footnotes":""},"categories":[1],"tags":[],"class_list":["post-10399","post","type-post","status-publish","format-standard","category-leo"],"yoast_head":"<!-- This site is optimized with the Yoast SEO plugin v28.4 - https:\/\/yoast.com\/product\/yoast-seo-wordpress\/ -->\n<title>&quot;Operazioni grottesche che avvelenano il Paese&quot; - Bellunopress - Dolomiti<\/title>\n<meta name=\"robots\" content=\"index, follow, max-snippet:-1, max-image-preview:large, max-video-preview:-1\" \/>\n<link rel=\"canonical\" href=\"https:\/\/www.bellunopress.it\/fr\/2009\/12\/05\/operazioni-grottesche-che-avvelenano-il-paese\/\" \/>\n<meta property=\"og:locale\" content=\"fr_FR\" \/>\n<meta property=\"og:type\" content=\"article\" \/>\n<meta property=\"og:title\" content=\"&quot;Operazioni grottesche che avvelenano il Paese&quot; - Bellunopress - Dolomiti\" \/>\n<meta property=\"og:description\" content=\"TRA DIVIETI E DELIBERE CLIMA DI INTOLLERANZA CONTRO GLI STRANIERI Papa Benedetto XVI ci ha ricordato che anche Ges\u00f9 \u00e8 stato migrante e profugo assieme ai suoi genitori. Tolleranza doppio zero. E nessuna misericordia. Soltanto uso strumentale di ogni fantasia che passa per la testa. Frutto dell\u2019insana politica di questi tempi. Paura e ossessione per [&hellip;]\" \/>\n<meta property=\"og:url\" content=\"https:\/\/www.bellunopress.it\/fr\/2009\/12\/05\/operazioni-grottesche-che-avvelenano-il-paese\/\" \/>\n<meta property=\"og:site_name\" content=\"Bellunopress - Dolomiti\" \/>\n<meta property=\"article:publisher\" content=\"https:\/\/www.facebook.com\/profile.php?id=100008943462799\" \/>\n<meta property=\"article:published_time\" content=\"2009-12-05T17:51:14+00:00\" \/>\n<meta property=\"og:image\" content=\"http:\/\/www.bellunopress.it\/wp-content\/uploads\/2012\/07\/logo-bellunopress-250x250-2012.jpg\" \/>\n<meta name=\"author\" content=\"redazione\" \/>\n<meta name=\"twitter:card\" content=\"summary_large_image\" \/>\n<meta name=\"twitter:creator\" content=\"@bellunopress\" \/>\n<meta name=\"twitter:site\" content=\"@bellunopress\" \/>\n<meta name=\"twitter:label1\" content=\"\u00c9crit par\" \/>\n\t<meta name=\"twitter:data1\" content=\"redazione\" \/>\n\t<meta name=\"twitter:label2\" content=\"Dur\u00e9e de lecture estim\u00e9e\" \/>\n\t<meta name=\"twitter:data2\" content=\"3 minutes\" \/>\n<script type=\"application\/ld+json\" class=\"yoast-schema-graph\">{\"@context\":\"https:\\\/\\\/schema.org\",\"@graph\":[{\"@type\":\"Article\",\"@id\":\"https:\\\/\\\/www.bellunopress.it\\\/2009\\\/12\\\/05\\\/operazioni-grottesche-che-avvelenano-il-paese\\\/#article\",\"isPartOf\":{\"@id\":\"https:\\\/\\\/www.bellunopress.it\\\/2009\\\/12\\\/05\\\/operazioni-grottesche-che-avvelenano-il-paese\\\/\"},\"author\":{\"name\":\"redazione\",\"@id\":\"https:\\\/\\\/www.bellunopress.it\\\/#\\\/schema\\\/person\\\/79bb06722b37ece1c03d3e94beb30d73\"},\"headline\":\"&#8220;Operazioni grottesche che avvelenano il Paese&#8221;\",\"datePublished\":\"2009-12-05T17:51:14+00:00\",\"mainEntityOfPage\":{\"@id\":\"https:\\\/\\\/www.bellunopress.it\\\/2009\\\/12\\\/05\\\/operazioni-grottesche-che-avvelenano-il-paese\\\/\"},\"wordCount\":576,\"publisher\":{\"@id\":\"https:\\\/\\\/www.bellunopress.it\\\/#organization\"},\"articleSection\":[\"Lettere Opinioni\"],\"inLanguage\":\"fr-FR\"},{\"@type\":\"WebPage\",\"@id\":\"https:\\\/\\\/www.bellunopress.it\\\/2009\\\/12\\\/05\\\/operazioni-grottesche-che-avvelenano-il-paese\\\/\",\"url\":\"https:\\\/\\\/www.bellunopress.it\\\/2009\\\/12\\\/05\\\/operazioni-grottesche-che-avvelenano-il-paese\\\/\",\"name\":\"\\\"Operazioni grottesche che avvelenano il Paese\\\" - Bellunopress - Dolomiti\",\"isPartOf\":{\"@id\":\"https:\\\/\\\/www.bellunopress.it\\\/#website\"},\"datePublished\":\"2009-12-05T17:51:14+00:00\",\"breadcrumb\":{\"@id\":\"https:\\\/\\\/www.bellunopress.it\\\/2009\\\/12\\\/05\\\/operazioni-grottesche-che-avvelenano-il-paese\\\/#breadcrumb\"},\"inLanguage\":\"fr-FR\",\"potentialAction\":[{\"@type\":\"ReadAction\",\"target\":[\"https:\\\/\\\/www.bellunopress.it\\\/2009\\\/12\\\/05\\\/operazioni-grottesche-che-avvelenano-il-paese\\\/\"]}]},{\"@type\":\"BreadcrumbList\",\"@id\":\"https:\\\/\\\/www.bellunopress.it\\\/2009\\\/12\\\/05\\\/operazioni-grottesche-che-avvelenano-il-paese\\\/#breadcrumb\",\"itemListElement\":[{\"@type\":\"ListItem\",\"position\":1,\"name\":\"Home\",\"item\":\"https:\\\/\\\/www.bellunopress.it\\\/\"},{\"@type\":\"ListItem\",\"position\":2,\"name\":\"&#8220;Operazioni grottesche che avvelenano il Paese&#8221;\"}]},{\"@type\":\"WebSite\",\"@id\":\"https:\\\/\\\/www.bellunopress.it\\\/#website\",\"url\":\"https:\\\/\\\/www.bellunopress.it\\\/\",\"name\":\"Bellunopress - Dolomiti\",\"description\":\"e-mail: redazione@bellunopress.it\",\"publisher\":{\"@id\":\"https:\\\/\\\/www.bellunopress.it\\\/#organization\"},\"potentialAction\":[{\"@type\":\"SearchAction\",\"target\":{\"@type\":\"EntryPoint\",\"urlTemplate\":\"https:\\\/\\\/www.bellunopress.it\\\/?s={search_term_string}\"},\"query-input\":{\"@type\":\"PropertyValueSpecification\",\"valueRequired\":true,\"valueName\":\"search_term_string\"}}],\"inLanguage\":\"fr-FR\"},{\"@type\":\"Organization\",\"@id\":\"https:\\\/\\\/www.bellunopress.it\\\/#organization\",\"name\":\"Bellunopress\",\"url\":\"https:\\\/\\\/www.bellunopress.it\\\/\",\"logo\":{\"@type\":\"ImageObject\",\"inLanguage\":\"fr-FR\",\"@id\":\"https:\\\/\\\/www.bellunopress.it\\\/#\\\/schema\\\/logo\\\/image\\\/\",\"url\":\"https:\\\/\\\/www.bellunopress.it\\\/wp-content\\\/uploads\\\/2011\\\/05\\\/cropped-logo-bellunopress-.jpg\",\"contentUrl\":\"https:\\\/\\\/www.bellunopress.it\\\/wp-content\\\/uploads\\\/2011\\\/05\\\/cropped-logo-bellunopress-.jpg\",\"width\":512,\"height\":512,\"caption\":\"Bellunopress\"},\"image\":{\"@id\":\"https:\\\/\\\/www.bellunopress.it\\\/#\\\/schema\\\/logo\\\/image\\\/\"},\"sameAs\":[\"https:\\\/\\\/www.facebook.com\\\/profile.php?id=100008943462799\",\"https:\\\/\\\/x.com\\\/bellunopress\",\"https:\\\/\\\/www.linkedin.com\\\/hp\\\/?dnr=JBzUWaJfMUw8vbXJJ2tVW5-I3jZKvC4wsoxE&amp;amp;amp;amp;amp;amp;trk=nav_responsive_tab_home\",\"https:\\\/\\\/www.youtube.com\\\/channel\\\/UCxL0wu1uN0_3_7hGG0306cw\"]},{\"@type\":\"Person\",\"@id\":\"https:\\\/\\\/www.bellunopress.it\\\/#\\\/schema\\\/person\\\/79bb06722b37ece1c03d3e94beb30d73\",\"name\":\"redazione\",\"image\":{\"@type\":\"ImageObject\",\"inLanguage\":\"fr-FR\",\"@id\":\"https:\\\/\\\/secure.gravatar.com\\\/avatar\\\/37d968a2e67a6fd04c169c4bdef102d0bc5d31b2546345219e348575eb80e9a0?s=96&d=mm&r=g\",\"url\":\"https:\\\/\\\/secure.gravatar.com\\\/avatar\\\/37d968a2e67a6fd04c169c4bdef102d0bc5d31b2546345219e348575eb80e9a0?s=96&d=mm&r=g\",\"contentUrl\":\"https:\\\/\\\/secure.gravatar.com\\\/avatar\\\/37d968a2e67a6fd04c169c4bdef102d0bc5d31b2546345219e348575eb80e9a0?s=96&d=mm&r=g\",\"caption\":\"redazione\"},\"sameAs\":[\"http:\\\/\\\/www.bellunopress.it\",\"https:\\\/\\\/x.com\\\/bellunopress\"],\"url\":\"https:\\\/\\\/www.bellunopress.it\\\/fr\\\/author\\\/redazione\\\/\"}]}<\/script>\n<!-- \/ Yoast SEO plugin. -->","yoast_head_json":{"title":"\"Operazioni grottesche che avvelenano il Paese\" - Bellunopress - Dolomiti","robots":{"index":"index","follow":"follow","max-snippet":"max-snippet:-1","max-image-preview":"max-image-preview:large","max-video-preview":"max-video-preview:-1"},"canonical":"https:\/\/www.bellunopress.it\/fr\/2009\/12\/05\/operazioni-grottesche-che-avvelenano-il-paese\/","og_locale":"fr_FR","og_type":"article","og_title":"\"Operazioni grottesche che avvelenano il Paese\" - Bellunopress - Dolomiti","og_description":"TRA DIVIETI E DELIBERE CLIMA DI INTOLLERANZA CONTRO GLI STRANIERI Papa Benedetto XVI ci ha ricordato che anche Ges\u00f9 \u00e8 stato migrante e profugo assieme ai suoi genitori. Tolleranza doppio zero. E nessuna misericordia. Soltanto uso strumentale di ogni fantasia che passa per la testa. Frutto dell\u2019insana politica di questi tempi. Paura e ossessione per [&hellip;]","og_url":"https:\/\/www.bellunopress.it\/fr\/2009\/12\/05\/operazioni-grottesche-che-avvelenano-il-paese\/","og_site_name":"Bellunopress - Dolomiti","article_publisher":"https:\/\/www.facebook.com\/profile.php?id=100008943462799","article_published_time":"2009-12-05T17:51:14+00:00","og_image":[{"url":"http:\/\/www.bellunopress.it\/wp-content\/uploads\/2012\/07\/logo-bellunopress-250x250-2012.jpg","type":"","width":"","height":""}],"author":"redazione","twitter_card":"summary_large_image","twitter_creator":"@bellunopress","twitter_site":"@bellunopress","twitter_misc":{"\u00c9crit par":"redazione","Dur\u00e9e de lecture estim\u00e9e":"3 minutes"},"schema":{"@context":"https:\/\/schema.org","@graph":[{"@type":"Article","@id":"https:\/\/www.bellunopress.it\/2009\/12\/05\/operazioni-grottesche-che-avvelenano-il-paese\/#article","isPartOf":{"@id":"https:\/\/www.bellunopress.it\/2009\/12\/05\/operazioni-grottesche-che-avvelenano-il-paese\/"},"author":{"name":"redazione","@id":"https:\/\/www.bellunopress.it\/#\/schema\/person\/79bb06722b37ece1c03d3e94beb30d73"},"headline":"&#8220;Operazioni grottesche che avvelenano il Paese&#8221;","datePublished":"2009-12-05T17:51:14+00:00","mainEntityOfPage":{"@id":"https:\/\/www.bellunopress.it\/2009\/12\/05\/operazioni-grottesche-che-avvelenano-il-paese\/"},"wordCount":576,"publisher":{"@id":"https:\/\/www.bellunopress.it\/#organization"},"articleSection":["Lettere Opinioni"],"inLanguage":"fr-FR"},{"@type":"WebPage","@id":"https:\/\/www.bellunopress.it\/2009\/12\/05\/operazioni-grottesche-che-avvelenano-il-paese\/","url":"https:\/\/www.bellunopress.it\/2009\/12\/05\/operazioni-grottesche-che-avvelenano-il-paese\/","name":"\"Operazioni grottesche che avvelenano il Paese\" - Bellunopress - Dolomiti","isPartOf":{"@id":"https:\/\/www.bellunopress.it\/#website"},"datePublished":"2009-12-05T17:51:14+00:00","breadcrumb":{"@id":"https:\/\/www.bellunopress.it\/2009\/12\/05\/operazioni-grottesche-che-avvelenano-il-paese\/#breadcrumb"},"inLanguage":"fr-FR","potentialAction":[{"@type":"ReadAction","target":["https:\/\/www.bellunopress.it\/2009\/12\/05\/operazioni-grottesche-che-avvelenano-il-paese\/"]}]},{"@type":"BreadcrumbList","@id":"https:\/\/www.bellunopress.it\/2009\/12\/05\/operazioni-grottesche-che-avvelenano-il-paese\/#breadcrumb","itemListElement":[{"@type":"ListItem","position":1,"name":"Home","item":"https:\/\/www.bellunopress.it\/"},{"@type":"ListItem","position":2,"name":"&#8220;Operazioni grottesche che avvelenano il Paese&#8221;"}]},{"@type":"WebSite","@id":"https:\/\/www.bellunopress.it\/#website","url":"https:\/\/www.bellunopress.it\/","name":"Bellunopress - Dolomiti","description":"e-mail: redazione@bellunopress.it","publisher":{"@id":"https:\/\/www.bellunopress.it\/#organization"},"potentialAction":[{"@type":"SearchAction","target":{"@type":"EntryPoint","urlTemplate":"https:\/\/www.bellunopress.it\/?s={search_term_string}"},"query-input":{"@type":"PropertyValueSpecification","valueRequired":true,"valueName":"search_term_string"}}],"inLanguage":"fr-FR"},{"@type":"Organization","@id":"https:\/\/www.bellunopress.it\/#organization","name":"Bellunopress","url":"https:\/\/www.bellunopress.it\/","logo":{"@type":"ImageObject","inLanguage":"fr-FR","@id":"https:\/\/www.bellunopress.it\/#\/schema\/logo\/image\/","url":"https:\/\/www.bellunopress.it\/wp-content\/uploads\/2011\/05\/cropped-logo-bellunopress-.jpg","contentUrl":"https:\/\/www.bellunopress.it\/wp-content\/uploads\/2011\/05\/cropped-logo-bellunopress-.jpg","width":512,"height":512,"caption":"Bellunopress"},"image":{"@id":"https:\/\/www.bellunopress.it\/#\/schema\/logo\/image\/"},"sameAs":["https:\/\/www.facebook.com\/profile.php?id=100008943462799","https:\/\/x.com\/bellunopress","https:\/\/www.linkedin.com\/hp\/?dnr=JBzUWaJfMUw8vbXJJ2tVW5-I3jZKvC4wsoxE&amp;amp;amp;amp;amp;amp;trk=nav_responsive_tab_home","https:\/\/www.youtube.com\/channel\/UCxL0wu1uN0_3_7hGG0306cw"]},{"@type":"Person","@id":"https:\/\/www.bellunopress.it\/#\/schema\/person\/79bb06722b37ece1c03d3e94beb30d73","name":"r\u00e9daction","image":{"@type":"ImageObject","inLanguage":"fr-FR","@id":"https:\/\/secure.gravatar.com\/avatar\/37d968a2e67a6fd04c169c4bdef102d0bc5d31b2546345219e348575eb80e9a0?s=96&d=mm&r=g","url":"https:\/\/secure.gravatar.com\/avatar\/37d968a2e67a6fd04c169c4bdef102d0bc5d31b2546345219e348575eb80e9a0?s=96&d=mm&r=g","contentUrl":"https:\/\/secure.gravatar.com\/avatar\/37d968a2e67a6fd04c169c4bdef102d0bc5d31b2546345219e348575eb80e9a0?s=96&d=mm&r=g","caption":"redazione"},"sameAs":["http:\/\/www.bellunopress.it","https:\/\/x.com\/bellunopress"],"url":"https:\/\/www.bellunopress.it\/fr\/author\/redazione\/"}]}},"_links":{"self":[{"href":"https:\/\/www.bellunopress.it\/fr\/wp-json\/wp\/v2\/posts\/10399","targetHints":{"allow":["GET"]}}],"collection":[{"href":"https:\/\/www.bellunopress.it\/fr\/wp-json\/wp\/v2\/posts"}],"about":[{"href":"https:\/\/www.bellunopress.it\/fr\/wp-json\/wp\/v2\/types\/post"}],"author":[{"embeddable":true,"href":"https:\/\/www.bellunopress.it\/fr\/wp-json\/wp\/v2\/users\/2"}],"replies":[{"embeddable":true,"href":"https:\/\/www.bellunopress.it\/fr\/wp-json\/wp\/v2\/comments?post=10399"}],"version-history":[{"count":1,"href":"https:\/\/www.bellunopress.it\/fr\/wp-json\/wp\/v2\/posts\/10399\/revisions"}],"predecessor-version":[{"id":10400,"href":"https:\/\/www.bellunopress.it\/fr\/wp-json\/wp\/v2\/posts\/10399\/revisions\/10400"}],"wp:attachment":[{"href":"https:\/\/www.bellunopress.it\/fr\/wp-json\/wp\/v2\/media?parent=10399"}],"wp:term":[{"taxonomy":"category","embeddable":true,"href":"https:\/\/www.bellunopress.it\/fr\/wp-json\/wp\/v2\/categories?post=10399"},{"taxonomy":"post_tag","embeddable":true,"href":"https:\/\/www.bellunopress.it\/fr\/wp-json\/wp\/v2\/tags?post=10399"}],"curies":[{"name":"wp","href":"https:\/\/api.w.org\/{rel}","templated":true}]}}