{"id":103976,"date":"2019-04-23T14:30:00","date_gmt":"2019-04-23T12:30:00","guid":{"rendered":"http:\/\/www.bellunopress.it\/?p=103976"},"modified":"2019-04-23T14:30:01","modified_gmt":"2019-04-23T12:30:01","slug":"bollicine-wine-experience-si-sposta-a-villa-palazzon-di-colze-di-montegalda-vicenza","status":"publish","type":"post","link":"https:\/\/www.bellunopress.it\/fr\/2019\/04\/23\/bollicine-wine-experience-si-sposta-a-villa-palazzon-di-colze-di-montegalda-vicenza\/","title":{"rendered":"Bollicine wine experience si sposta a Villa Palazzon di Colz\u00e9 di Montegalda (Vicenza)"},"content":{"rendered":"<p><strong>Torna l&#8217;evento di AIS Veneto dedicato a spumanti e Champagne, domenica 2 giugno a Villa Palazzon di Colz\u00e9 di Montegalda (VI). Un banco d&#8217;assaggio con degustazioni, laboratori e un concorso per sciabolatori<\/strong><\/p>\n<p><a href=\"http:\/\/www.bellunopress.it\/fr\/2019\/04\/23\/bollicine-wine-experience-si-sposta-a-villa-palazzon-di-colze-di-montegalda-vicenza\/ais-bollicine-prosecco\/\" rel=\"attachment wp-att-103977\"><img loading=\"lazy\" decoding=\"async\" class=\"alignleft size-full wp-image-103977\" src=\"http:\/\/www.bellunopress.it\/wp-content\/uploads\/2019\/04\/Ais-bollicine-prosecco.jpg\" alt=\"\" width=\"300\" height=\"200\" \/><\/a>Una nuova sede e un programma ricco di appuntamenti per la sesta edizione di Bollicine Wine Experience. L\u2019evento di AIS Veneto dedicato agli spumanti sar\u00e0 ospitato domenica 2 giugno 2019 dalla cinquecentesca Villa Palazzon di Colz\u00e9 di Montegalda (Vicenza) e riunir\u00e0, dalle 11.00 alle 21.00, alcuni dei pi\u00f9 importanti produttori italiani e stranieri.<br \/>\nIl banco d\u2019assaggio sar\u00e0 arricchito per tutta la giornata da degustazioni guidate a numero chiuso dei migliori Champagne del mondo e da laboratori di mixology dedicati alla preparazione di cocktail a base spumante.<br \/>\nIn questa edizione, Bollicine Wine Experience ospiter\u00e0 per la prima volta anche il concorso regionale dedicato alla tecnica della sciabolata. I soci AIS Veneto che si iscriveranno alla competizione, dovranno dimostrare la loro abilit\u00e0 utilizzando la tecnica del Sabrage nell\u2019apertura della bottiglia di Spumante e quindi del suo servizio al tavolo. Una giuria di esperti tra i quali Eddy Furlan, Graziano Simonella, Wladimiro Gobbo e Ezio Pasqualetto, il Grand Sabreur della Royale Confrerie Prestige des Sacres decreter\u00e0 il migliore Sommelier Veneto nel servizio alla Sabrage.<br \/>\nAccanto agli stand dei produttori vinicoli sar\u00e0 presente un\u2019area food, dove saranno disponibili alcune specialit\u00e0 del vicentino e piatti di finger food di eccellenze gastronomiche del territorio. Durante la serata, inoltre, il banco d\u2019assaggio sar\u00e0 accompagnato da concerti di musica dal vivo.<br \/>\nIl costo del biglietto d\u2019ingresso per Bollicine Wine Experience \u00e8 di \u20ac 25, ridotto a \u20ac 20 per chi acquista il biglietto in prevendita sul sito. Le degustazioni guidate saranno invece a numero chiuso e sar\u00e0 possibile prenotare il proprio posto esclusivamente online sul sito di AIS Veneto.<br \/>\nIl programma completo della manifestazione e l\u2019acquisto dei biglietti saranno presto disponibili sul sito www.aisveneto.it<\/p>\n<p>INFO IN BREVE | Bollicine Wine Experience<br \/>\nQuando: 2 giugno 2019<br \/>\nDove: Villa Palazzon di Colz\u00e9 di Montegalda \u2013 Vicenza (Via Settimo, 55, 36047 Montegalda)<br \/>\nOrario: dalle 11.00 alle 21.00<br \/>\nBiglietto: intero \u20ac 25, ridotto \u20ac 20 per chi acquister\u00e0 il biglietto in prevendita sul sito<\/p>","protected":false},"excerpt":{"rendered":"<p>Torna l&#8217;evento di AIS Veneto dedicato a spumanti e Champagne, domenica 2 giugno a Villa Palazzon di Colz\u00e9 di Montegalda (VI). Un banco d&#8217;assaggio con degustazioni, laboratori e un concorso per sciabolatori Una nuova sede e un programma ricco di appuntamenti per la sesta edizione di Bollicine Wine Experience. L\u2019evento di AIS Veneto dedicato agli [&hellip;]<\/p>\n","protected":false},"author":2,"featured_media":0,"comment_status":"closed","ping_status":"open","sticky":false,"template":"","format":"standard","meta":{"footnotes":""},"categories":[3393,25],"tags":[],"class_list":["post-103976","post","type-post","status-publish","format-standard","category-eventi-enogastronomici","category-pausa-caffe"],"yoast_head":"<!-- This site is optimized with the Yoast SEO plugin v28.4 - https:\/\/yoast.com\/product\/yoast-seo-wordpress\/ -->\n<title>Bollicine wine experience si sposta a Villa Palazzon di Colz\u00e9 di Montegalda (Vicenza) - Bellunopress - Dolomiti<\/title>\n<meta name=\"robots\" content=\"index, follow, max-snippet:-1, max-image-preview:large, max-video-preview:-1\" \/>\n<link rel=\"canonical\" href=\"https:\/\/www.bellunopress.it\/fr\/2019\/04\/23\/bollicine-wine-experience-si-sposta-a-villa-palazzon-di-colze-di-montegalda-vicenza\/\" \/>\n<meta property=\"og:locale\" content=\"fr_FR\" \/>\n<meta property=\"og:type\" content=\"article\" \/>\n<meta property=\"og:title\" content=\"Bollicine wine experience si sposta a Villa Palazzon di Colz\u00e9 di Montegalda (Vicenza) - Bellunopress - Dolomiti\" \/>\n<meta property=\"og:description\" content=\"Torna l&#8217;evento di AIS Veneto dedicato a spumanti e Champagne, domenica 2 giugno a Villa Palazzon di Colz\u00e9 di Montegalda (VI). Un banco d&#8217;assaggio con degustazioni, laboratori e un concorso per sciabolatori Una nuova sede e un programma ricco di appuntamenti per la sesta edizione di Bollicine Wine Experience. L\u2019evento di AIS Veneto dedicato agli [&hellip;]\" \/>\n<meta property=\"og:url\" content=\"https:\/\/www.bellunopress.it\/fr\/2019\/04\/23\/bollicine-wine-experience-si-sposta-a-villa-palazzon-di-colze-di-montegalda-vicenza\/\" \/>\n<meta property=\"og:site_name\" content=\"Bellunopress - Dolomiti\" \/>\n<meta property=\"article:publisher\" content=\"https:\/\/www.facebook.com\/profile.php?id=100008943462799\" \/>\n<meta property=\"article:published_time\" content=\"2019-04-23T12:30:00+00:00\" \/>\n<meta property=\"article:modified_time\" content=\"2019-04-23T12:30:01+00:00\" \/>\n<meta property=\"og:image\" content=\"http:\/\/www.bellunopress.it\/wp-content\/uploads\/2019\/04\/Ais-bollicine-prosecco.jpg\" \/>\n<meta name=\"author\" content=\"redazione\" \/>\n<meta name=\"twitter:card\" content=\"summary_large_image\" \/>\n<meta name=\"twitter:creator\" content=\"@bellunopress\" \/>\n<meta name=\"twitter:site\" content=\"@bellunopress\" \/>\n<meta name=\"twitter:label1\" content=\"\u00c9crit par\" \/>\n\t<meta name=\"twitter:data1\" content=\"redazione\" \/>\n\t<meta name=\"twitter:label2\" content=\"Dur\u00e9e de lecture estim\u00e9e\" \/>\n\t<meta name=\"twitter:data2\" content=\"2 minutes\" \/>\n<script type=\"application\/ld+json\" class=\"yoast-schema-graph\">{\"@context\":\"https:\\\/\\\/schema.org\",\"@graph\":[{\"@type\":\"Article\",\"@id\":\"https:\\\/\\\/www.bellunopress.it\\\/2019\\\/04\\\/23\\\/bollicine-wine-experience-si-sposta-a-villa-palazzon-di-colze-di-montegalda-vicenza\\\/#article\",\"isPartOf\":{\"@id\":\"https:\\\/\\\/www.bellunopress.it\\\/2019\\\/04\\\/23\\\/bollicine-wine-experience-si-sposta-a-villa-palazzon-di-colze-di-montegalda-vicenza\\\/\"},\"author\":{\"name\":\"redazione\",\"@id\":\"https:\\\/\\\/www.bellunopress.it\\\/#\\\/schema\\\/person\\\/79bb06722b37ece1c03d3e94beb30d73\"},\"headline\":\"Bollicine wine experience si sposta a Villa Palazzon di Colz\u00e9 di Montegalda (Vicenza)\",\"datePublished\":\"2019-04-23T12:30:00+00:00\",\"dateModified\":\"2019-04-23T12:30:01+00:00\",\"mainEntityOfPage\":{\"@id\":\"https:\\\/\\\/www.bellunopress.it\\\/2019\\\/04\\\/23\\\/bollicine-wine-experience-si-sposta-a-villa-palazzon-di-colze-di-montegalda-vicenza\\\/\"},\"wordCount\":356,\"publisher\":{\"@id\":\"https:\\\/\\\/www.bellunopress.it\\\/#organization\"},\"image\":{\"@id\":\"https:\\\/\\\/www.bellunopress.it\\\/2019\\\/04\\\/23\\\/bollicine-wine-experience-si-sposta-a-villa-palazzon-di-colze-di-montegalda-vicenza\\\/#primaryimage\"},\"thumbnailUrl\":\"http:\\\/\\\/www.bellunopress.it\\\/wp-content\\\/uploads\\\/2019\\\/04\\\/Ais-bollicine-prosecco.jpg\",\"articleSection\":[\"Eventi enogastronomici\",\"Pausa Caff\u00e8\"],\"inLanguage\":\"fr-FR\"},{\"@type\":\"WebPage\",\"@id\":\"https:\\\/\\\/www.bellunopress.it\\\/2019\\\/04\\\/23\\\/bollicine-wine-experience-si-sposta-a-villa-palazzon-di-colze-di-montegalda-vicenza\\\/\",\"url\":\"https:\\\/\\\/www.bellunopress.it\\\/2019\\\/04\\\/23\\\/bollicine-wine-experience-si-sposta-a-villa-palazzon-di-colze-di-montegalda-vicenza\\\/\",\"name\":\"Bollicine wine experience si sposta a Villa Palazzon di Colz\u00e9 di Montegalda (Vicenza) - Bellunopress - Dolomiti\",\"isPartOf\":{\"@id\":\"https:\\\/\\\/www.bellunopress.it\\\/#website\"},\"primaryImageOfPage\":{\"@id\":\"https:\\\/\\\/www.bellunopress.it\\\/2019\\\/04\\\/23\\\/bollicine-wine-experience-si-sposta-a-villa-palazzon-di-colze-di-montegalda-vicenza\\\/#primaryimage\"},\"image\":{\"@id\":\"https:\\\/\\\/www.bellunopress.it\\\/2019\\\/04\\\/23\\\/bollicine-wine-experience-si-sposta-a-villa-palazzon-di-colze-di-montegalda-vicenza\\\/#primaryimage\"},\"thumbnailUrl\":\"http:\\\/\\\/www.bellunopress.it\\\/wp-content\\\/uploads\\\/2019\\\/04\\\/Ais-bollicine-prosecco.jpg\",\"datePublished\":\"2019-04-23T12:30:00+00:00\",\"dateModified\":\"2019-04-23T12:30:01+00:00\",\"breadcrumb\":{\"@id\":\"https:\\\/\\\/www.bellunopress.it\\\/2019\\\/04\\\/23\\\/bollicine-wine-experience-si-sposta-a-villa-palazzon-di-colze-di-montegalda-vicenza\\\/#breadcrumb\"},\"inLanguage\":\"fr-FR\",\"potentialAction\":[{\"@type\":\"ReadAction\",\"target\":[\"https:\\\/\\\/www.bellunopress.it\\\/2019\\\/04\\\/23\\\/bollicine-wine-experience-si-sposta-a-villa-palazzon-di-colze-di-montegalda-vicenza\\\/\"]}]},{\"@type\":\"ImageObject\",\"inLanguage\":\"fr-FR\",\"@id\":\"https:\\\/\\\/www.bellunopress.it\\\/2019\\\/04\\\/23\\\/bollicine-wine-experience-si-sposta-a-villa-palazzon-di-colze-di-montegalda-vicenza\\\/#primaryimage\",\"url\":\"http:\\\/\\\/www.bellunopress.it\\\/wp-content\\\/uploads\\\/2019\\\/04\\\/Ais-bollicine-prosecco.jpg\",\"contentUrl\":\"http:\\\/\\\/www.bellunopress.it\\\/wp-content\\\/uploads\\\/2019\\\/04\\\/Ais-bollicine-prosecco.jpg\"},{\"@type\":\"BreadcrumbList\",\"@id\":\"https:\\\/\\\/www.bellunopress.it\\\/2019\\\/04\\\/23\\\/bollicine-wine-experience-si-sposta-a-villa-palazzon-di-colze-di-montegalda-vicenza\\\/#breadcrumb\",\"itemListElement\":[{\"@type\":\"ListItem\",\"position\":1,\"name\":\"Home\",\"item\":\"https:\\\/\\\/www.bellunopress.it\\\/\"},{\"@type\":\"ListItem\",\"position\":2,\"name\":\"Bollicine wine experience si sposta a Villa Palazzon di Colz\u00e9 di Montegalda (Vicenza)\"}]},{\"@type\":\"WebSite\",\"@id\":\"https:\\\/\\\/www.bellunopress.it\\\/#website\",\"url\":\"https:\\\/\\\/www.bellunopress.it\\\/\",\"name\":\"Bellunopress - Dolomiti\",\"description\":\"e-mail: redazione@bellunopress.it\",\"publisher\":{\"@id\":\"https:\\\/\\\/www.bellunopress.it\\\/#organization\"},\"potentialAction\":[{\"@type\":\"SearchAction\",\"target\":{\"@type\":\"EntryPoint\",\"urlTemplate\":\"https:\\\/\\\/www.bellunopress.it\\\/?s={search_term_string}\"},\"query-input\":{\"@type\":\"PropertyValueSpecification\",\"valueRequired\":true,\"valueName\":\"search_term_string\"}}],\"inLanguage\":\"fr-FR\"},{\"@type\":\"Organization\",\"@id\":\"https:\\\/\\\/www.bellunopress.it\\\/#organization\",\"name\":\"Bellunopress\",\"url\":\"https:\\\/\\\/www.bellunopress.it\\\/\",\"logo\":{\"@type\":\"ImageObject\",\"inLanguage\":\"fr-FR\",\"@id\":\"https:\\\/\\\/www.bellunopress.it\\\/#\\\/schema\\\/logo\\\/image\\\/\",\"url\":\"https:\\\/\\\/www.bellunopress.it\\\/wp-content\\\/uploads\\\/2011\\\/05\\\/cropped-logo-bellunopress-.jpg\",\"contentUrl\":\"https:\\\/\\\/www.bellunopress.it\\\/wp-content\\\/uploads\\\/2011\\\/05\\\/cropped-logo-bellunopress-.jpg\",\"width\":512,\"height\":512,\"caption\":\"Bellunopress\"},\"image\":{\"@id\":\"https:\\\/\\\/www.bellunopress.it\\\/#\\\/schema\\\/logo\\\/image\\\/\"},\"sameAs\":[\"https:\\\/\\\/www.facebook.com\\\/profile.php?id=100008943462799\",\"https:\\\/\\\/x.com\\\/bellunopress\",\"https:\\\/\\\/www.linkedin.com\\\/hp\\\/?dnr=JBzUWaJfMUw8vbXJJ2tVW5-I3jZKvC4wsoxE&amp;amp;amp;amp;amp;amp;trk=nav_responsive_tab_home\",\"https:\\\/\\\/www.youtube.com\\\/channel\\\/UCxL0wu1uN0_3_7hGG0306cw\"]},{\"@type\":\"Person\",\"@id\":\"https:\\\/\\\/www.bellunopress.it\\\/#\\\/schema\\\/person\\\/79bb06722b37ece1c03d3e94beb30d73\",\"name\":\"redazione\",\"image\":{\"@type\":\"ImageObject\",\"inLanguage\":\"fr-FR\",\"@id\":\"https:\\\/\\\/secure.gravatar.com\\\/avatar\\\/37d968a2e67a6fd04c169c4bdef102d0bc5d31b2546345219e348575eb80e9a0?s=96&d=mm&r=g\",\"url\":\"https:\\\/\\\/secure.gravatar.com\\\/avatar\\\/37d968a2e67a6fd04c169c4bdef102d0bc5d31b2546345219e348575eb80e9a0?s=96&d=mm&r=g\",\"contentUrl\":\"https:\\\/\\\/secure.gravatar.com\\\/avatar\\\/37d968a2e67a6fd04c169c4bdef102d0bc5d31b2546345219e348575eb80e9a0?s=96&d=mm&r=g\",\"caption\":\"redazione\"},\"sameAs\":[\"http:\\\/\\\/www.bellunopress.it\",\"https:\\\/\\\/x.com\\\/bellunopress\"],\"url\":\"https:\\\/\\\/www.bellunopress.it\\\/fr\\\/author\\\/redazione\\\/\"}]}<\/script>\n<!-- \/ Yoast SEO plugin. -->","yoast_head_json":{"title":"Bollicine wine experience si sposta a Villa Palazzon di Colz\u00e9 di Montegalda (Vicenza) - Bellunopress - Dolomiti","robots":{"index":"index","follow":"follow","max-snippet":"max-snippet:-1","max-image-preview":"max-image-preview:large","max-video-preview":"max-video-preview:-1"},"canonical":"https:\/\/www.bellunopress.it\/fr\/2019\/04\/23\/bollicine-wine-experience-si-sposta-a-villa-palazzon-di-colze-di-montegalda-vicenza\/","og_locale":"fr_FR","og_type":"article","og_title":"Bollicine wine experience si sposta a Villa Palazzon di Colz\u00e9 di Montegalda (Vicenza) - Bellunopress - Dolomiti","og_description":"Torna l&#8217;evento di AIS Veneto dedicato a spumanti e Champagne, domenica 2 giugno a Villa Palazzon di Colz\u00e9 di Montegalda (VI). Un banco d&#8217;assaggio con degustazioni, laboratori e un concorso per sciabolatori Una nuova sede e un programma ricco di appuntamenti per la sesta edizione di Bollicine Wine Experience. L\u2019evento di AIS Veneto dedicato agli [&hellip;]","og_url":"https:\/\/www.bellunopress.it\/fr\/2019\/04\/23\/bollicine-wine-experience-si-sposta-a-villa-palazzon-di-colze-di-montegalda-vicenza\/","og_site_name":"Bellunopress - Dolomiti","article_publisher":"https:\/\/www.facebook.com\/profile.php?id=100008943462799","article_published_time":"2019-04-23T12:30:00+00:00","article_modified_time":"2019-04-23T12:30:01+00:00","og_image":[{"url":"http:\/\/www.bellunopress.it\/wp-content\/uploads\/2019\/04\/Ais-bollicine-prosecco.jpg","type":"","width":"","height":""}],"author":"redazione","twitter_card":"summary_large_image","twitter_creator":"@bellunopress","twitter_site":"@bellunopress","twitter_misc":{"\u00c9crit par":"redazione","Dur\u00e9e de lecture estim\u00e9e":"2 minutes"},"schema":{"@context":"https:\/\/schema.org","@graph":[{"@type":"Article","@id":"https:\/\/www.bellunopress.it\/2019\/04\/23\/bollicine-wine-experience-si-sposta-a-villa-palazzon-di-colze-di-montegalda-vicenza\/#article","isPartOf":{"@id":"https:\/\/www.bellunopress.it\/2019\/04\/23\/bollicine-wine-experience-si-sposta-a-villa-palazzon-di-colze-di-montegalda-vicenza\/"},"author":{"name":"redazione","@id":"https:\/\/www.bellunopress.it\/#\/schema\/person\/79bb06722b37ece1c03d3e94beb30d73"},"headline":"Bollicine wine experience si sposta a Villa Palazzon di Colz\u00e9 di Montegalda (Vicenza)","datePublished":"2019-04-23T12:30:00+00:00","dateModified":"2019-04-23T12:30:01+00:00","mainEntityOfPage":{"@id":"https:\/\/www.bellunopress.it\/2019\/04\/23\/bollicine-wine-experience-si-sposta-a-villa-palazzon-di-colze-di-montegalda-vicenza\/"},"wordCount":356,"publisher":{"@id":"https:\/\/www.bellunopress.it\/#organization"},"image":{"@id":"https:\/\/www.bellunopress.it\/2019\/04\/23\/bollicine-wine-experience-si-sposta-a-villa-palazzon-di-colze-di-montegalda-vicenza\/#primaryimage"},"thumbnailUrl":"http:\/\/www.bellunopress.it\/wp-content\/uploads\/2019\/04\/Ais-bollicine-prosecco.jpg","articleSection":["Eventi enogastronomici","Pausa Caff\u00e8"],"inLanguage":"fr-FR"},{"@type":"WebPage","@id":"https:\/\/www.bellunopress.it\/2019\/04\/23\/bollicine-wine-experience-si-sposta-a-villa-palazzon-di-colze-di-montegalda-vicenza\/","url":"https:\/\/www.bellunopress.it\/2019\/04\/23\/bollicine-wine-experience-si-sposta-a-villa-palazzon-di-colze-di-montegalda-vicenza\/","name":"Bollicine wine experience si sposta a Villa Palazzon di Colz\u00e9 di Montegalda (Vicenza) - Bellunopress - Dolomiti","isPartOf":{"@id":"https:\/\/www.bellunopress.it\/#website"},"primaryImageOfPage":{"@id":"https:\/\/www.bellunopress.it\/2019\/04\/23\/bollicine-wine-experience-si-sposta-a-villa-palazzon-di-colze-di-montegalda-vicenza\/#primaryimage"},"image":{"@id":"https:\/\/www.bellunopress.it\/2019\/04\/23\/bollicine-wine-experience-si-sposta-a-villa-palazzon-di-colze-di-montegalda-vicenza\/#primaryimage"},"thumbnailUrl":"http:\/\/www.bellunopress.it\/wp-content\/uploads\/2019\/04\/Ais-bollicine-prosecco.jpg","datePublished":"2019-04-23T12:30:00+00:00","dateModified":"2019-04-23T12:30:01+00:00","breadcrumb":{"@id":"https:\/\/www.bellunopress.it\/2019\/04\/23\/bollicine-wine-experience-si-sposta-a-villa-palazzon-di-colze-di-montegalda-vicenza\/#breadcrumb"},"inLanguage":"fr-FR","potentialAction":[{"@type":"ReadAction","target":["https:\/\/www.bellunopress.it\/2019\/04\/23\/bollicine-wine-experience-si-sposta-a-villa-palazzon-di-colze-di-montegalda-vicenza\/"]}]},{"@type":"ImageObject","inLanguage":"fr-FR","@id":"https:\/\/www.bellunopress.it\/2019\/04\/23\/bollicine-wine-experience-si-sposta-a-villa-palazzon-di-colze-di-montegalda-vicenza\/#primaryimage","url":"http:\/\/www.bellunopress.it\/wp-content\/uploads\/2019\/04\/Ais-bollicine-prosecco.jpg","contentUrl":"http:\/\/www.bellunopress.it\/wp-content\/uploads\/2019\/04\/Ais-bollicine-prosecco.jpg"},{"@type":"BreadcrumbList","@id":"https:\/\/www.bellunopress.it\/2019\/04\/23\/bollicine-wine-experience-si-sposta-a-villa-palazzon-di-colze-di-montegalda-vicenza\/#breadcrumb","itemListElement":[{"@type":"ListItem","position":1,"name":"Home","item":"https:\/\/www.bellunopress.it\/"},{"@type":"ListItem","position":2,"name":"Bollicine wine experience si sposta a Villa Palazzon di Colz\u00e9 di Montegalda (Vicenza)"}]},{"@type":"WebSite","@id":"https:\/\/www.bellunopress.it\/#website","url":"https:\/\/www.bellunopress.it\/","name":"Bellunopress - Dolomiti","description":"e-mail: redazione@bellunopress.it","publisher":{"@id":"https:\/\/www.bellunopress.it\/#organization"},"potentialAction":[{"@type":"SearchAction","target":{"@type":"EntryPoint","urlTemplate":"https:\/\/www.bellunopress.it\/?s={search_term_string}"},"query-input":{"@type":"PropertyValueSpecification","valueRequired":true,"valueName":"search_term_string"}}],"inLanguage":"fr-FR"},{"@type":"Organization","@id":"https:\/\/www.bellunopress.it\/#organization","name":"Bellunopress","url":"https:\/\/www.bellunopress.it\/","logo":{"@type":"ImageObject","inLanguage":"fr-FR","@id":"https:\/\/www.bellunopress.it\/#\/schema\/logo\/image\/","url":"https:\/\/www.bellunopress.it\/wp-content\/uploads\/2011\/05\/cropped-logo-bellunopress-.jpg","contentUrl":"https:\/\/www.bellunopress.it\/wp-content\/uploads\/2011\/05\/cropped-logo-bellunopress-.jpg","width":512,"height":512,"caption":"Bellunopress"},"image":{"@id":"https:\/\/www.bellunopress.it\/#\/schema\/logo\/image\/"},"sameAs":["https:\/\/www.facebook.com\/profile.php?id=100008943462799","https:\/\/x.com\/bellunopress","https:\/\/www.linkedin.com\/hp\/?dnr=JBzUWaJfMUw8vbXJJ2tVW5-I3jZKvC4wsoxE&amp;amp;amp;amp;amp;amp;trk=nav_responsive_tab_home","https:\/\/www.youtube.com\/channel\/UCxL0wu1uN0_3_7hGG0306cw"]},{"@type":"Person","@id":"https:\/\/www.bellunopress.it\/#\/schema\/person\/79bb06722b37ece1c03d3e94beb30d73","name":"r\u00e9daction","image":{"@type":"ImageObject","inLanguage":"fr-FR","@id":"https:\/\/secure.gravatar.com\/avatar\/37d968a2e67a6fd04c169c4bdef102d0bc5d31b2546345219e348575eb80e9a0?s=96&d=mm&r=g","url":"https:\/\/secure.gravatar.com\/avatar\/37d968a2e67a6fd04c169c4bdef102d0bc5d31b2546345219e348575eb80e9a0?s=96&d=mm&r=g","contentUrl":"https:\/\/secure.gravatar.com\/avatar\/37d968a2e67a6fd04c169c4bdef102d0bc5d31b2546345219e348575eb80e9a0?s=96&d=mm&r=g","caption":"redazione"},"sameAs":["http:\/\/www.bellunopress.it","https:\/\/x.com\/bellunopress"],"url":"https:\/\/www.bellunopress.it\/fr\/author\/redazione\/"}]}},"_links":{"self":[{"href":"https:\/\/www.bellunopress.it\/fr\/wp-json\/wp\/v2\/posts\/103976","targetHints":{"allow":["GET"]}}],"collection":[{"href":"https:\/\/www.bellunopress.it\/fr\/wp-json\/wp\/v2\/posts"}],"about":[{"href":"https:\/\/www.bellunopress.it\/fr\/wp-json\/wp\/v2\/types\/post"}],"author":[{"embeddable":true,"href":"https:\/\/www.bellunopress.it\/fr\/wp-json\/wp\/v2\/users\/2"}],"replies":[{"embeddable":true,"href":"https:\/\/www.bellunopress.it\/fr\/wp-json\/wp\/v2\/comments?post=103976"}],"version-history":[{"count":2,"href":"https:\/\/www.bellunopress.it\/fr\/wp-json\/wp\/v2\/posts\/103976\/revisions"}],"predecessor-version":[{"id":103979,"href":"https:\/\/www.bellunopress.it\/fr\/wp-json\/wp\/v2\/posts\/103976\/revisions\/103979"}],"wp:attachment":[{"href":"https:\/\/www.bellunopress.it\/fr\/wp-json\/wp\/v2\/media?parent=103976"}],"wp:term":[{"taxonomy":"category","embeddable":true,"href":"https:\/\/www.bellunopress.it\/fr\/wp-json\/wp\/v2\/categories?post=103976"},{"taxonomy":"post_tag","embeddable":true,"href":"https:\/\/www.bellunopress.it\/fr\/wp-json\/wp\/v2\/tags?post=103976"}],"curies":[{"name":"wp","href":"https:\/\/api.w.org\/{rel}","templated":true}]}}