{"id":10385,"date":"2009-12-09T12:03:21","date_gmt":"2009-12-09T11:03:21","guid":{"rendered":"http:\/\/www.bellunopress.it\/?p=10385"},"modified":"2009-12-09T13:14:21","modified_gmt":"2009-12-09T12:14:21","slug":"cerimonia-di-premiazione-del-concorso-per-tesi-di-laurea-dedicato-a-enrico-de-nard","status":"publish","type":"post","link":"https:\/\/www.bellunopress.it\/fr\/2009\/12\/09\/cerimonia-di-premiazione-del-concorso-per-tesi-di-laurea-dedicato-a-enrico-de-nard\/","title":{"rendered":"Cerimonia di premiazione del concorso per tesi di laurea dedicato a Enrico De Nard"},"content":{"rendered":"<p><!--[if gte mso 9]><xml> <w :WordDocument> <\/w><w :View>Normal<\/w> <w :Zoom>0<\/w> <w :HyphenationZone>14<\/w> <w :Compatibility> <w :BreakWrappedTables \/> <w :SnapToGridInCell \/> <w :ApplyBreakingRules \/> <w :WrapTextWithPunct \/> <w :UseAsianBreakRules \/> <w :UseFELayout \/> <\/w> <w :BrowserLevel>MicrosoftInternetExplorer4<\/w> <\/xml>< ![endif]--><!--[if !mso]><span class=\"mceItemObject\"  classid=\"clsid:38481807-CA0E-42D2-BF39-B33AF135CC4D\" id=ieooui><\/span>\n<mce :style>< !  st1\\:*{behavior:url(#ieooui) } --><\/p>\n<p>Venerd\u00ec 11 dicembre alle ore 17.30 presso la sala E. Dal Pont \u201cBianchi\u201d di viale Fantuzzi a Belluno, si svolger\u00e0 la cerimonia di premiazione del concorso per tesi di laurea inedite \u201cEnrico De Nard\u201d, organizzato dalla Biblioteca Civica di Belluno, dall\u2019Associazione culturale amici dell\u2019Archivio storico di Belluno Feltre e Cadore e dal periodico omonimo. Il Premio viene dedicato per la quinta edizione in memoria del noto studioso di storia, cartografia e storia dell\u2019arte bellunese, Enrico De Nard.<br \/>\nInterverranno Maria Grazia Passuello per il Comune di Belluno, Paolo Conte direttore del periodico Archivio storico di Belluno Feltre e Cadore, Silvia Miscellaneo presidente dell\u2019Associazione culturale amici dell\u2019Archivio storico di Belluno Feltre e Cadore e uno dei membri della commissione esaminatrice (composta da Dino Bridda, Emiliana Casol e Gabriella Dalla Vestra), che render\u00e0 pubblico il nome del vincitore o della vincitrice e la motivazione dell\u2019assegnazione Premio. Successivamente ci\u00a0 sar\u00e0 la consegna del premio di 2500 euro da parte della famiglia De Nard.\u00a0 Tutta la popolazione \u00e8 invitata a partecipare.<\/mce><\/p>\n","protected":false},"excerpt":{"rendered":"<p>Venerd\u00ec 11 dicembre alle ore 17.30 presso la sala E. Dal Pont \u201cBianchi\u201d di viale Fantuzzi a Belluno, si svolger\u00e0 la cerimonia di premiazione del concorso per tesi di laurea inedite \u201cEnrico De Nard\u201d, organizzato dalla Biblioteca Civica di Belluno, dall\u2019Associazione culturale amici dell\u2019Archivio storico di Belluno Feltre e Cadore e dal periodico omonimo. Il [&hellip;]<\/p>\n","protected":false},"author":2,"featured_media":0,"comment_status":"closed","ping_status":"open","sticky":false,"template":"","format":"standard","meta":{"footnotes":""},"categories":[3,25,15],"tags":[139,151,302],"class_list":["post-10385","post","type-post","status-publish","format-standard","category-arte-cultura-spettacoli-scienza-archivi","category-pausa-caffe","category-scuola","tag-belluno","tag-cadore","tag-feltre"],"yoast_head":"<!-- This site is optimized with the Yoast SEO plugin v28.4 - https:\/\/yoast.com\/product\/yoast-seo-wordpress\/ -->\n<title>Cerimonia di premiazione del concorso per tesi di laurea dedicato a Enrico De Nard - Bellunopress - Dolomiti<\/title>\n<meta name=\"robots\" content=\"index, follow, max-snippet:-1, max-image-preview:large, max-video-preview:-1\" \/>\n<link rel=\"canonical\" href=\"https:\/\/www.bellunopress.it\/fr\/2009\/12\/09\/cerimonia-di-premiazione-del-concorso-per-tesi-di-laurea-dedicato-a-enrico-de-nard\/\" \/>\n<meta property=\"og:locale\" content=\"fr_FR\" \/>\n<meta property=\"og:type\" content=\"article\" \/>\n<meta property=\"og:title\" content=\"Cerimonia di premiazione del concorso per tesi di laurea dedicato a Enrico De Nard - Bellunopress - Dolomiti\" \/>\n<meta property=\"og:description\" content=\"Venerd\u00ec 11 dicembre alle ore 17.30 presso la sala E. Dal Pont \u201cBianchi\u201d di viale Fantuzzi a Belluno, si svolger\u00e0 la cerimonia di premiazione del concorso per tesi di laurea inedite \u201cEnrico De Nard\u201d, organizzato dalla Biblioteca Civica di Belluno, dall\u2019Associazione culturale amici dell\u2019Archivio storico di Belluno Feltre e Cadore e dal periodico omonimo. Il [&hellip;]\" \/>\n<meta property=\"og:url\" content=\"https:\/\/www.bellunopress.it\/fr\/2009\/12\/09\/cerimonia-di-premiazione-del-concorso-per-tesi-di-laurea-dedicato-a-enrico-de-nard\/\" \/>\n<meta property=\"og:site_name\" content=\"Bellunopress - Dolomiti\" \/>\n<meta property=\"article:publisher\" content=\"https:\/\/www.facebook.com\/profile.php?id=100008943462799\" \/>\n<meta property=\"article:published_time\" content=\"2009-12-09T11:03:21+00:00\" \/>\n<meta property=\"article:modified_time\" content=\"2009-12-09T12:14:21+00:00\" \/>\n<meta property=\"og:image\" content=\"http:\/\/www.bellunopress.it\/wp-content\/uploads\/2012\/07\/logo-bellunopress-250x250-2012.jpg\" \/>\n<meta name=\"author\" content=\"redazione\" \/>\n<meta name=\"twitter:card\" content=\"summary_large_image\" \/>\n<meta name=\"twitter:creator\" content=\"@bellunopress\" \/>\n<meta name=\"twitter:site\" content=\"@bellunopress\" \/>\n<meta name=\"twitter:label1\" content=\"\u00c9crit par\" \/>\n\t<meta name=\"twitter:data1\" content=\"redazione\" \/>\n\t<meta name=\"twitter:label2\" content=\"Dur\u00e9e de lecture estim\u00e9e\" \/>\n\t<meta name=\"twitter:data2\" content=\"1 minute\" \/>\n<script type=\"application\/ld+json\" class=\"yoast-schema-graph\">{\"@context\":\"https:\\\/\\\/schema.org\",\"@graph\":[{\"@type\":\"Article\",\"@id\":\"https:\\\/\\\/www.bellunopress.it\\\/2009\\\/12\\\/09\\\/cerimonia-di-premiazione-del-concorso-per-tesi-di-laurea-dedicato-a-enrico-de-nard\\\/#article\",\"isPartOf\":{\"@id\":\"https:\\\/\\\/www.bellunopress.it\\\/2009\\\/12\\\/09\\\/cerimonia-di-premiazione-del-concorso-per-tesi-di-laurea-dedicato-a-enrico-de-nard\\\/\"},\"author\":{\"name\":\"redazione\",\"@id\":\"https:\\\/\\\/www.bellunopress.it\\\/#\\\/schema\\\/person\\\/79bb06722b37ece1c03d3e94beb30d73\"},\"headline\":\"Cerimonia di premiazione del concorso per tesi di laurea dedicato a Enrico De Nard\",\"datePublished\":\"2009-12-09T11:03:21+00:00\",\"dateModified\":\"2009-12-09T12:14:21+00:00\",\"mainEntityOfPage\":{\"@id\":\"https:\\\/\\\/www.bellunopress.it\\\/2009\\\/12\\\/09\\\/cerimonia-di-premiazione-del-concorso-per-tesi-di-laurea-dedicato-a-enrico-de-nard\\\/\"},\"wordCount\":182,\"publisher\":{\"@id\":\"https:\\\/\\\/www.bellunopress.it\\\/#organization\"},\"keywords\":[\"Belluno\",\"Cadore\",\"Feltre\"],\"articleSection\":[\"Arte, Cultura, Spettacoli, Scienza\",\"Pausa Caff\u00e8\",\"Scuola\"],\"inLanguage\":\"fr-FR\"},{\"@type\":\"WebPage\",\"@id\":\"https:\\\/\\\/www.bellunopress.it\\\/2009\\\/12\\\/09\\\/cerimonia-di-premiazione-del-concorso-per-tesi-di-laurea-dedicato-a-enrico-de-nard\\\/\",\"url\":\"https:\\\/\\\/www.bellunopress.it\\\/2009\\\/12\\\/09\\\/cerimonia-di-premiazione-del-concorso-per-tesi-di-laurea-dedicato-a-enrico-de-nard\\\/\",\"name\":\"Cerimonia di premiazione del concorso per tesi di laurea dedicato a Enrico De Nard - Bellunopress - Dolomiti\",\"isPartOf\":{\"@id\":\"https:\\\/\\\/www.bellunopress.it\\\/#website\"},\"datePublished\":\"2009-12-09T11:03:21+00:00\",\"dateModified\":\"2009-12-09T12:14:21+00:00\",\"breadcrumb\":{\"@id\":\"https:\\\/\\\/www.bellunopress.it\\\/2009\\\/12\\\/09\\\/cerimonia-di-premiazione-del-concorso-per-tesi-di-laurea-dedicato-a-enrico-de-nard\\\/#breadcrumb\"},\"inLanguage\":\"fr-FR\",\"potentialAction\":[{\"@type\":\"ReadAction\",\"target\":[\"https:\\\/\\\/www.bellunopress.it\\\/2009\\\/12\\\/09\\\/cerimonia-di-premiazione-del-concorso-per-tesi-di-laurea-dedicato-a-enrico-de-nard\\\/\"]}]},{\"@type\":\"BreadcrumbList\",\"@id\":\"https:\\\/\\\/www.bellunopress.it\\\/2009\\\/12\\\/09\\\/cerimonia-di-premiazione-del-concorso-per-tesi-di-laurea-dedicato-a-enrico-de-nard\\\/#breadcrumb\",\"itemListElement\":[{\"@type\":\"ListItem\",\"position\":1,\"name\":\"Home\",\"item\":\"https:\\\/\\\/www.bellunopress.it\\\/\"},{\"@type\":\"ListItem\",\"position\":2,\"name\":\"Cerimonia di premiazione del concorso per tesi di laurea dedicato a Enrico De Nard\"}]},{\"@type\":\"WebSite\",\"@id\":\"https:\\\/\\\/www.bellunopress.it\\\/#website\",\"url\":\"https:\\\/\\\/www.bellunopress.it\\\/\",\"name\":\"Bellunopress - Dolomiti\",\"description\":\"e-mail: redazione@bellunopress.it\",\"publisher\":{\"@id\":\"https:\\\/\\\/www.bellunopress.it\\\/#organization\"},\"potentialAction\":[{\"@type\":\"SearchAction\",\"target\":{\"@type\":\"EntryPoint\",\"urlTemplate\":\"https:\\\/\\\/www.bellunopress.it\\\/?s={search_term_string}\"},\"query-input\":{\"@type\":\"PropertyValueSpecification\",\"valueRequired\":true,\"valueName\":\"search_term_string\"}}],\"inLanguage\":\"fr-FR\"},{\"@type\":\"Organization\",\"@id\":\"https:\\\/\\\/www.bellunopress.it\\\/#organization\",\"name\":\"Bellunopress\",\"url\":\"https:\\\/\\\/www.bellunopress.it\\\/\",\"logo\":{\"@type\":\"ImageObject\",\"inLanguage\":\"fr-FR\",\"@id\":\"https:\\\/\\\/www.bellunopress.it\\\/#\\\/schema\\\/logo\\\/image\\\/\",\"url\":\"https:\\\/\\\/www.bellunopress.it\\\/wp-content\\\/uploads\\\/2011\\\/05\\\/cropped-logo-bellunopress-.jpg\",\"contentUrl\":\"https:\\\/\\\/www.bellunopress.it\\\/wp-content\\\/uploads\\\/2011\\\/05\\\/cropped-logo-bellunopress-.jpg\",\"width\":512,\"height\":512,\"caption\":\"Bellunopress\"},\"image\":{\"@id\":\"https:\\\/\\\/www.bellunopress.it\\\/#\\\/schema\\\/logo\\\/image\\\/\"},\"sameAs\":[\"https:\\\/\\\/www.facebook.com\\\/profile.php?id=100008943462799\",\"https:\\\/\\\/x.com\\\/bellunopress\",\"https:\\\/\\\/www.linkedin.com\\\/hp\\\/?dnr=JBzUWaJfMUw8vbXJJ2tVW5-I3jZKvC4wsoxE&amp;amp;amp;amp;amp;amp;trk=nav_responsive_tab_home\",\"https:\\\/\\\/www.youtube.com\\\/channel\\\/UCxL0wu1uN0_3_7hGG0306cw\"]},{\"@type\":\"Person\",\"@id\":\"https:\\\/\\\/www.bellunopress.it\\\/#\\\/schema\\\/person\\\/79bb06722b37ece1c03d3e94beb30d73\",\"name\":\"redazione\",\"image\":{\"@type\":\"ImageObject\",\"inLanguage\":\"fr-FR\",\"@id\":\"https:\\\/\\\/secure.gravatar.com\\\/avatar\\\/37d968a2e67a6fd04c169c4bdef102d0bc5d31b2546345219e348575eb80e9a0?s=96&d=mm&r=g\",\"url\":\"https:\\\/\\\/secure.gravatar.com\\\/avatar\\\/37d968a2e67a6fd04c169c4bdef102d0bc5d31b2546345219e348575eb80e9a0?s=96&d=mm&r=g\",\"contentUrl\":\"https:\\\/\\\/secure.gravatar.com\\\/avatar\\\/37d968a2e67a6fd04c169c4bdef102d0bc5d31b2546345219e348575eb80e9a0?s=96&d=mm&r=g\",\"caption\":\"redazione\"},\"sameAs\":[\"http:\\\/\\\/www.bellunopress.it\",\"https:\\\/\\\/x.com\\\/bellunopress\"],\"url\":\"https:\\\/\\\/www.bellunopress.it\\\/fr\\\/author\\\/redazione\\\/\"}]}<\/script>\n<!-- \/ Yoast SEO plugin. -->","yoast_head_json":{"title":"Cerimonia di premiazione del concorso per tesi di laurea dedicato a Enrico De Nard - Bellunopress - Dolomiti","robots":{"index":"index","follow":"follow","max-snippet":"max-snippet:-1","max-image-preview":"max-image-preview:large","max-video-preview":"max-video-preview:-1"},"canonical":"https:\/\/www.bellunopress.it\/fr\/2009\/12\/09\/cerimonia-di-premiazione-del-concorso-per-tesi-di-laurea-dedicato-a-enrico-de-nard\/","og_locale":"fr_FR","og_type":"article","og_title":"Cerimonia di premiazione del concorso per tesi di laurea dedicato a Enrico De Nard - Bellunopress - Dolomiti","og_description":"Venerd\u00ec 11 dicembre alle ore 17.30 presso la sala E. Dal Pont \u201cBianchi\u201d di viale Fantuzzi a Belluno, si svolger\u00e0 la cerimonia di premiazione del concorso per tesi di laurea inedite \u201cEnrico De Nard\u201d, organizzato dalla Biblioteca Civica di Belluno, dall\u2019Associazione culturale amici dell\u2019Archivio storico di Belluno Feltre e Cadore e dal periodico omonimo. Il [&hellip;]","og_url":"https:\/\/www.bellunopress.it\/fr\/2009\/12\/09\/cerimonia-di-premiazione-del-concorso-per-tesi-di-laurea-dedicato-a-enrico-de-nard\/","og_site_name":"Bellunopress - Dolomiti","article_publisher":"https:\/\/www.facebook.com\/profile.php?id=100008943462799","article_published_time":"2009-12-09T11:03:21+00:00","article_modified_time":"2009-12-09T12:14:21+00:00","og_image":[{"url":"http:\/\/www.bellunopress.it\/wp-content\/uploads\/2012\/07\/logo-bellunopress-250x250-2012.jpg","type":"","width":"","height":""}],"author":"redazione","twitter_card":"summary_large_image","twitter_creator":"@bellunopress","twitter_site":"@bellunopress","twitter_misc":{"\u00c9crit par":"redazione","Dur\u00e9e de lecture estim\u00e9e":"1 minute"},"schema":{"@context":"https:\/\/schema.org","@graph":[{"@type":"Article","@id":"https:\/\/www.bellunopress.it\/2009\/12\/09\/cerimonia-di-premiazione-del-concorso-per-tesi-di-laurea-dedicato-a-enrico-de-nard\/#article","isPartOf":{"@id":"https:\/\/www.bellunopress.it\/2009\/12\/09\/cerimonia-di-premiazione-del-concorso-per-tesi-di-laurea-dedicato-a-enrico-de-nard\/"},"author":{"name":"redazione","@id":"https:\/\/www.bellunopress.it\/#\/schema\/person\/79bb06722b37ece1c03d3e94beb30d73"},"headline":"Cerimonia di premiazione del concorso per tesi di laurea dedicato a Enrico De Nard","datePublished":"2009-12-09T11:03:21+00:00","dateModified":"2009-12-09T12:14:21+00:00","mainEntityOfPage":{"@id":"https:\/\/www.bellunopress.it\/2009\/12\/09\/cerimonia-di-premiazione-del-concorso-per-tesi-di-laurea-dedicato-a-enrico-de-nard\/"},"wordCount":182,"publisher":{"@id":"https:\/\/www.bellunopress.it\/#organization"},"keywords":["Belluno","Cadore","Feltre"],"articleSection":["Arte, Cultura, Spettacoli, Scienza","Pausa Caff\u00e8","Scuola"],"inLanguage":"fr-FR"},{"@type":"WebPage","@id":"https:\/\/www.bellunopress.it\/2009\/12\/09\/cerimonia-di-premiazione-del-concorso-per-tesi-di-laurea-dedicato-a-enrico-de-nard\/","url":"https:\/\/www.bellunopress.it\/2009\/12\/09\/cerimonia-di-premiazione-del-concorso-per-tesi-di-laurea-dedicato-a-enrico-de-nard\/","name":"Cerimonia di premiazione del concorso per tesi di laurea dedicato a Enrico De Nard - Bellunopress - Dolomiti","isPartOf":{"@id":"https:\/\/www.bellunopress.it\/#website"},"datePublished":"2009-12-09T11:03:21+00:00","dateModified":"2009-12-09T12:14:21+00:00","breadcrumb":{"@id":"https:\/\/www.bellunopress.it\/2009\/12\/09\/cerimonia-di-premiazione-del-concorso-per-tesi-di-laurea-dedicato-a-enrico-de-nard\/#breadcrumb"},"inLanguage":"fr-FR","potentialAction":[{"@type":"ReadAction","target":["https:\/\/www.bellunopress.it\/2009\/12\/09\/cerimonia-di-premiazione-del-concorso-per-tesi-di-laurea-dedicato-a-enrico-de-nard\/"]}]},{"@type":"BreadcrumbList","@id":"https:\/\/www.bellunopress.it\/2009\/12\/09\/cerimonia-di-premiazione-del-concorso-per-tesi-di-laurea-dedicato-a-enrico-de-nard\/#breadcrumb","itemListElement":[{"@type":"ListItem","position":1,"name":"Home","item":"https:\/\/www.bellunopress.it\/"},{"@type":"ListItem","position":2,"name":"Cerimonia di premiazione del concorso per tesi di laurea dedicato a Enrico De Nard"}]},{"@type":"WebSite","@id":"https:\/\/www.bellunopress.it\/#website","url":"https:\/\/www.bellunopress.it\/","name":"Bellunopress - Dolomiti","description":"e-mail: redazione@bellunopress.it","publisher":{"@id":"https:\/\/www.bellunopress.it\/#organization"},"potentialAction":[{"@type":"SearchAction","target":{"@type":"EntryPoint","urlTemplate":"https:\/\/www.bellunopress.it\/?s={search_term_string}"},"query-input":{"@type":"PropertyValueSpecification","valueRequired":true,"valueName":"search_term_string"}}],"inLanguage":"fr-FR"},{"@type":"Organization","@id":"https:\/\/www.bellunopress.it\/#organization","name":"Bellunopress","url":"https:\/\/www.bellunopress.it\/","logo":{"@type":"ImageObject","inLanguage":"fr-FR","@id":"https:\/\/www.bellunopress.it\/#\/schema\/logo\/image\/","url":"https:\/\/www.bellunopress.it\/wp-content\/uploads\/2011\/05\/cropped-logo-bellunopress-.jpg","contentUrl":"https:\/\/www.bellunopress.it\/wp-content\/uploads\/2011\/05\/cropped-logo-bellunopress-.jpg","width":512,"height":512,"caption":"Bellunopress"},"image":{"@id":"https:\/\/www.bellunopress.it\/#\/schema\/logo\/image\/"},"sameAs":["https:\/\/www.facebook.com\/profile.php?id=100008943462799","https:\/\/x.com\/bellunopress","https:\/\/www.linkedin.com\/hp\/?dnr=JBzUWaJfMUw8vbXJJ2tVW5-I3jZKvC4wsoxE&amp;amp;amp;amp;amp;amp;trk=nav_responsive_tab_home","https:\/\/www.youtube.com\/channel\/UCxL0wu1uN0_3_7hGG0306cw"]},{"@type":"Person","@id":"https:\/\/www.bellunopress.it\/#\/schema\/person\/79bb06722b37ece1c03d3e94beb30d73","name":"r\u00e9daction","image":{"@type":"ImageObject","inLanguage":"fr-FR","@id":"https:\/\/secure.gravatar.com\/avatar\/37d968a2e67a6fd04c169c4bdef102d0bc5d31b2546345219e348575eb80e9a0?s=96&d=mm&r=g","url":"https:\/\/secure.gravatar.com\/avatar\/37d968a2e67a6fd04c169c4bdef102d0bc5d31b2546345219e348575eb80e9a0?s=96&d=mm&r=g","contentUrl":"https:\/\/secure.gravatar.com\/avatar\/37d968a2e67a6fd04c169c4bdef102d0bc5d31b2546345219e348575eb80e9a0?s=96&d=mm&r=g","caption":"redazione"},"sameAs":["http:\/\/www.bellunopress.it","https:\/\/x.com\/bellunopress"],"url":"https:\/\/www.bellunopress.it\/fr\/author\/redazione\/"}]}},"_links":{"self":[{"href":"https:\/\/www.bellunopress.it\/fr\/wp-json\/wp\/v2\/posts\/10385","targetHints":{"allow":["GET"]}}],"collection":[{"href":"https:\/\/www.bellunopress.it\/fr\/wp-json\/wp\/v2\/posts"}],"about":[{"href":"https:\/\/www.bellunopress.it\/fr\/wp-json\/wp\/v2\/types\/post"}],"author":[{"embeddable":true,"href":"https:\/\/www.bellunopress.it\/fr\/wp-json\/wp\/v2\/users\/2"}],"replies":[{"embeddable":true,"href":"https:\/\/www.bellunopress.it\/fr\/wp-json\/wp\/v2\/comments?post=10385"}],"version-history":[{"count":3,"href":"https:\/\/www.bellunopress.it\/fr\/wp-json\/wp\/v2\/posts\/10385\/revisions"}],"predecessor-version":[{"id":10473,"href":"https:\/\/www.bellunopress.it\/fr\/wp-json\/wp\/v2\/posts\/10385\/revisions\/10473"}],"wp:attachment":[{"href":"https:\/\/www.bellunopress.it\/fr\/wp-json\/wp\/v2\/media?parent=10385"}],"wp:term":[{"taxonomy":"category","embeddable":true,"href":"https:\/\/www.bellunopress.it\/fr\/wp-json\/wp\/v2\/categories?post=10385"},{"taxonomy":"post_tag","embeddable":true,"href":"https:\/\/www.bellunopress.it\/fr\/wp-json\/wp\/v2\/tags?post=10385"}],"curies":[{"name":"wp","href":"https:\/\/api.w.org\/{rel}","templated":true}]}}