{"id":103783,"date":"2019-04-14T14:14:31","date_gmt":"2019-04-14T12:14:31","guid":{"rendered":"http:\/\/www.bellunopress.it\/?p=103783"},"modified":"2019-04-14T14:15:06","modified_gmt":"2019-04-14T12:15:06","slug":"a-suoni-di-marca-la-musica-fa-40-il-20-luglio-a-treviso-alan-sorrenti-e-alberto-fortis-compiono-gli-anni","status":"publish","type":"post","link":"https:\/\/www.bellunopress.it\/fr\/2019\/04\/14\/a-suoni-di-marca-la-musica-fa-40-il-20-luglio-a-treviso-alan-sorrenti-e-alberto-fortis-compiono-gli-anni\/","title":{"rendered":"A Suoni di Marca la Musica fa \u201c40\u201d. Il 20 luglio a Treviso Alan Sorrenti e Alberto Fortis compiono gli anni"},"content":{"rendered":"<p>Alan Sorrenti e Alberto Fortis, artisti d\u2019eccezione e veri protagonisti della musica italiana, incanteranno il palco San Marco di <a href=\"http:\/\/www.suonidimarca.it\/\">Suoni di Marca Festival 2019<\/a> il prossimo 20 luglio, a Treviso.<br \/>\n<a href=\"http:\/\/www.bellunopress.it\/2019\/04\/14\/a-suoni-di-marca-la-musica-fa-40-il-20-luglio-a-treviso-alan-sorrenti-e-alberto-fortis-compiono-gli-anni\/suoni-di-marca\/\" rel=\"attachment wp-att-103784\"><img loading=\"lazy\" decoding=\"async\" class=\"alignleft size-full wp-image-103784\" src=\"http:\/\/www.bellunopress.it\/wp-content\/uploads\/2019\/04\/suoni-di-marca.jpg\" alt=\"\" width=\"209\" height=\"171\" \/><\/a>Cantautore eclettico e sperimentatore musicale, Alan Sorrenti festegger\u00e0 con il pubblico di Suoni di Marca i quarant\u2019anni di \u201cFigli delle stelle\u201d, suo pi\u00f9 grande successo e simbolo della funky dance, e il debutto di \u201cThe Prog Years Box\u201d, raccolta che celebra la fase rock progressive del cantante con il disco d\u2019esordio \u201cAria\u201d e con i successivi \u201cCome un vecchio incensiere all\u2019alba di un villaggio deserto\u201d, \u201cAlan Sorrenti\u201d, \u201cSienteme, It\u2019s Time To Land\u201d.<\/p>\n<p>\u201cFigli delle stelle si \u00e8 trasformata nei decenni facendosi vivere da generazioni con esigenze e costumi diversi, &#8211; afferma Alan Sorrenti parlando del suo capolavoro discografico &#8211; credo che DS sia una condizione di essere, uno stato mentale, se per mente si intende cervello connesso al cuore. [\u2026] Figli Delle Stelle fa vibrare quella corda che forse ci collega alla nostra gioiosa solitudine universale\u201d.<br \/>\nA Los Angeles ci fu realmente un incontro di stelle negli studi di Jay Graydon, chitarrista e produttore dell\u2019album. C\u2019era David Foster, famoso pianista e produttore. \u201cEra la Sound, funky-pop-soul, la crema della musica che con l\u2019album Figli delle stelle cre\u00f2 magie sonore che \u201cavrebbero tracciato una strada da percorrere domani\u201d. Risultato: Figli delle stelle rimase al primo posto in classifica per sei mesi, anticipando per altro le atmosfere dance della colonna sonora di La febbre del sabato sera scritta e cantata dai Bee Gees. Quarant\u2019anni dopo \u00e8 entrata nella colonna sonora di Terapia di coppia per amanti diretto da Alessio Maria Federici, film nel quale Alan Sorrenti partecipa con un cameo in cui interpreta se stesso.<\/p>\n<p>Cantante e innovatore dallo stile unico e inconfondibile, Alan Sorrenti ha saputo interpretare e spesso anticipare il gusto e le tendenze delle nuove generazioni. Nato a Napoli da padre partenopeo e madre gallese, l\u2019artista cresce con il progressive rock inglese di inizi anni \u201970 e con le originali modulazioni musicali del cantautore californiano Tim Buckley. Debutta nel 1972 con l\u2019album \u201cAria\u201d ottenendo il premio della critica discografica come Miglior album dell\u2019anno, grazie anche alla preziosa collaborazione di Jean Luc Ponty &#8211; violinista francese famoso per aver introdotto nel jazz l\u2019uso del violino elettrico -, di Frank Zappa e di Elton John. Il secondo album \u201cCome un vecchio incensiere all\u2019alba di un villaggio deserto\u201d registrato e prodotto a Londra l\u2019anno successivo, ospita musicisti inglesi appartenenti alla scena progressive inglese, quali i Van der Graf Generator, ed \u00e8 contaminata dalle vibrazioni psichedeliche dei Pink Floyd. Nel 1977 Alan Sorrenti fa il suo debutto nella musica dance italiana con il singolo \u201cFigli delle stelle\u201d, lavoro discografico che premia il cantautore con oltre un milione di copie vendute solo in Italia, diventando a tutti gli effetti una cultsong della scena disco italiana.<\/p>\n<p>Gli anni \u201990 riportano l\u2019artista a Londra e lo vedono esplorare la nuova scena musicale internazionale incontrando alcuni componenti dei Planet Funk con cui realizza 2 nuovi singoli: il primo \u201cKyoko mon amour\u201d viene pubblicato nella raccolta \u201cMiami\u201d, mentre il secondo \u201cParadiso Beach\u201d esce nel 2003 nel pi\u00f9 recente album \u201cSottacqua\u201d, balzando all\u2019attenzione delle nuove generazioni. Nel 2014 Alan Sorrenti vola a New York e realizza con il Dj americano Louis Vega un remix di \u201cFigli delle Stelle\u201d, riavvicinandosi ai successi degli anni \u201970 e culminando, in seguito, nei progetti discografici \u201cFigli delle Stelle 40th Anniversary\u201d a \u201cThe Prog Years Box\u201d.<br \/>\nArriva a Suoni di Marca anche il tour del cantautore prog per eccellenza, Alberto Fortis in occasione del quarantennale di carriera, preannunciato dalla versione moderna, elettronica e a tratti rap di \u201cMilano e Vincenzo 2018\u201d &#8211; singolo che racconta il profondo legame del cantante con la sua citt\u00e0 d\u2019adozione &#8211; e dall\u2019uscita del doppio album \u201cAlberto 4Fortys\u201d, lavoro discografico che ripercorre l\u2019intera storia musicale dell\u2019artista.<br \/>\nAlberto Fortis, compositore eclettico , Nell\u2019Italia della generazione della fine anni Settanta piena di contraddizioni e barricate ideologiche, ma culturalmente pi\u00f9 predisposta a lasciarsi sorprendere rispetto a quella odierna. con pi\u00f9 di un milione di copie vendute \u00e8 stato un vero talento della pop music italiana. Nel 1980 con l\u2019album &#8220;Tra demonio e santit\u00e0&#8221;, si dimostra precursore di ben venticinque anni sul Battiato di &#8220;Tra sesso e castit\u00e0&#8221; e forte di una carica teatrale fortemente drammatica, a pi\u00f9 riprese persino eversiva.<\/p>\n<p>Nel 1981 con &#8220;La grande grotta&#8221;, il suo terzo Lp, scardina il paradigma di folksinger italiano con un debutto sospeso tra (apparente) disimpegno e una sofferta vena autobiografica (si pensi alla catarsi drammatica de &#8220;La sedia di lill\u00e0&#8221;), il tutto con abbondanti dosi di progressive rock negli arrangiamenti e nelle esecuzioni a cura della Pfm. Ad oggi ha pubblicato 16 album, 2 cd live, diverse raccolte e ha venduto oltre un milione e mezzo di copie, aggiudicandosi un disco di platino e due d\u2019oro. Ai suoi lavori hanno collaborato nomi prestigiosi dello scenario internazionale, dallo storico produttore dei The Beatles George Martin, al collaboratore di David Bowie Carlos Alomar, dalla London Philarmonic Orchestra all\u2019arrangiatore statunitense Bill Conti. Il singolo \u201cIl Duomo di notte\u201d \u00e8 nella classifica Rolling Stones dei cento brani pi\u00f9 importanti nella storia del pop-rock internazionale. Fortis, non solo cantante ma anche scrittore, infatti ha pubblicato 3 libri di poesie e la storia autobiografica \u201cAl che fine ha fatto Yude?\u201d. Attento ai temi sociali e umanitari, il cantautore \u00e8 membro di Ambasceria UNICEF a tutela dei bambini della popolazione nativo-americana, testimonial nazionale di AISM, di City Angels, della Fondazione per la Fibrosi Cistica e Ambasciatore per la diffusione dei Diritti Umani. Nel 2018, l\u2019artista in occasione del quarantennale di carriera il doppio album \u201cAlberto 4Fortys\u201d.<\/p>\n<p>Alan Sorrenti e Alberto Fortis vanno ad aggiungersi al gi\u00e0 ricco cartellone di Suoni di Marca Festival 2019 assieme a Max Gazz\u00e8, Nada, La Rappresentante di Lista, Eugenio Bennato, Anna Calvi, Eugenio Finardi e Bandabard\u00f2. Gli artisti da annunciare sono ancora molti per il Festival pi\u00f9 lungo ad ingresso gratuito in Italia, Patrocinato dal Comune di Treviso,\u00a0dalla Regione Veneto, dalla Provincia di Treviso e sostenuta dalla Camera di Commercio di Treviso, che si terr\u00e0 dal 19 luglio al 4 agosto sui Bastioni delle Mura storiche cittadine. La manifestazione offre tre Palchi, un percorso enogastronomico, sezioni espositive, babysitting ed aree relax, \u00a0nel cuore verde della citt\u00e0 di Treviso con un intrattenimento destinato a un\u2019audience eterogenea che avvicenda la presenza di giovani, meno giovani e famiglie, in fasce orarie tendenzialmente alterne, dal tardo pomeriggio a notte fonda, nella consolidata location delle Mura rinascimentali di Treviso nell\u2019area compresa tra Porta SS. Quaranta e Porta Caccianiga, facile da raggiungere in pochi minuti a piedi da ogni parte della citt\u00e0.<br \/>\nPer maggiori informazioni, visita il sito www.suonidimarca.it e i social del festival (Facebook, Instagram, Twitter).<br \/>\nUfficio stampa: ufficiostampa@suonidimarca.it<\/p>\n<p>LOCATION<br \/>\nMura di Treviso<br \/>\nViale Bartolomeo d\u2019Alviano, centro storico area nord-ovest di Treviso<br \/>\nPorta SS Quaranta &#8211; Vicolo Caccianiga<\/p>\n","protected":false},"excerpt":{"rendered":"<p>Alan Sorrenti e Alberto Fortis, artisti d\u2019eccezione e veri protagonisti della musica italiana, incanteranno il palco San Marco di Suoni di Marca Festival 2019 il prossimo 20 luglio, a Treviso. Cantautore eclettico e sperimentatore musicale, Alan Sorrenti festegger\u00e0 con il pubblico di Suoni di Marca i quarant\u2019anni di \u201cFigli delle stelle\u201d, suo pi\u00f9 grande successo [&hellip;]<\/p>\n","protected":false},"author":2,"featured_media":0,"comment_status":"closed","ping_status":"open","sticky":false,"template":"","format":"standard","meta":{"footnotes":""},"categories":[27,3,3394,25],"tags":[],"class_list":["post-103783","post","type-post","status-publish","format-standard","category-appuntamenti","category-arte-cultura-spettacoli-scienza-archivi","category-cultura-e-spettacoli-fuori-provincia","category-pausa-caffe"],"yoast_head":"<!-- This site is optimized with the Yoast SEO plugin v28.4 - https:\/\/yoast.com\/product\/yoast-seo-wordpress\/ -->\n<title>A Suoni di Marca la Musica fa \u201c40\u201d. Il 20 luglio a Treviso Alan Sorrenti e Alberto Fortis compiono gli anni - Bellunopress - Dolomiti<\/title>\n<meta name=\"robots\" content=\"index, follow, max-snippet:-1, max-image-preview:large, max-video-preview:-1\" \/>\n<link rel=\"canonical\" href=\"https:\/\/www.bellunopress.it\/fr\/2019\/04\/14\/a-suoni-di-marca-la-musica-fa-40-il-20-luglio-a-treviso-alan-sorrenti-e-alberto-fortis-compiono-gli-anni\/\" \/>\n<meta property=\"og:locale\" content=\"fr_FR\" \/>\n<meta property=\"og:type\" content=\"article\" \/>\n<meta property=\"og:title\" content=\"A Suoni di Marca la Musica fa \u201c40\u201d. Il 20 luglio a Treviso Alan Sorrenti e Alberto Fortis compiono gli anni - Bellunopress - Dolomiti\" \/>\n<meta property=\"og:description\" content=\"Alan Sorrenti e Alberto Fortis, artisti d\u2019eccezione e veri protagonisti della musica italiana, incanteranno il palco San Marco di Suoni di Marca Festival 2019 il prossimo 20 luglio, a Treviso. Cantautore eclettico e sperimentatore musicale, Alan Sorrenti festegger\u00e0 con il pubblico di Suoni di Marca i quarant\u2019anni di \u201cFigli delle stelle\u201d, suo pi\u00f9 grande successo [&hellip;]\" \/>\n<meta property=\"og:url\" content=\"https:\/\/www.bellunopress.it\/fr\/2019\/04\/14\/a-suoni-di-marca-la-musica-fa-40-il-20-luglio-a-treviso-alan-sorrenti-e-alberto-fortis-compiono-gli-anni\/\" \/>\n<meta property=\"og:site_name\" content=\"Bellunopress - Dolomiti\" \/>\n<meta property=\"article:publisher\" content=\"https:\/\/www.facebook.com\/profile.php?id=100008943462799\" \/>\n<meta property=\"article:published_time\" content=\"2019-04-14T12:14:31+00:00\" \/>\n<meta property=\"article:modified_time\" content=\"2019-04-14T12:15:06+00:00\" \/>\n<meta property=\"og:image\" content=\"http:\/\/www.bellunopress.it\/wp-content\/uploads\/2019\/04\/suoni-di-marca.jpg\" \/>\n<meta name=\"author\" content=\"redazione\" \/>\n<meta name=\"twitter:card\" content=\"summary_large_image\" \/>\n<meta name=\"twitter:creator\" content=\"@bellunopress\" \/>\n<meta name=\"twitter:site\" content=\"@bellunopress\" \/>\n<meta name=\"twitter:label1\" content=\"\u00c9crit par\" \/>\n\t<meta name=\"twitter:data1\" content=\"redazione\" \/>\n\t<meta name=\"twitter:label2\" content=\"Dur\u00e9e de lecture estim\u00e9e\" \/>\n\t<meta name=\"twitter:data2\" content=\"6 minutes\" \/>\n<script type=\"application\/ld+json\" class=\"yoast-schema-graph\">{\"@context\":\"https:\\\/\\\/schema.org\",\"@graph\":[{\"@type\":\"Article\",\"@id\":\"https:\\\/\\\/www.bellunopress.it\\\/2019\\\/04\\\/14\\\/a-suoni-di-marca-la-musica-fa-40-il-20-luglio-a-treviso-alan-sorrenti-e-alberto-fortis-compiono-gli-anni\\\/#article\",\"isPartOf\":{\"@id\":\"https:\\\/\\\/www.bellunopress.it\\\/2019\\\/04\\\/14\\\/a-suoni-di-marca-la-musica-fa-40-il-20-luglio-a-treviso-alan-sorrenti-e-alberto-fortis-compiono-gli-anni\\\/\"},\"author\":{\"name\":\"redazione\",\"@id\":\"https:\\\/\\\/www.bellunopress.it\\\/#\\\/schema\\\/person\\\/79bb06722b37ece1c03d3e94beb30d73\"},\"headline\":\"A Suoni di Marca la Musica fa \u201c40\u201d. Il 20 luglio a Treviso Alan Sorrenti e Alberto Fortis compiono gli anni\",\"datePublished\":\"2019-04-14T12:14:31+00:00\",\"dateModified\":\"2019-04-14T12:15:06+00:00\",\"mainEntityOfPage\":{\"@id\":\"https:\\\/\\\/www.bellunopress.it\\\/2019\\\/04\\\/14\\\/a-suoni-di-marca-la-musica-fa-40-il-20-luglio-a-treviso-alan-sorrenti-e-alberto-fortis-compiono-gli-anni\\\/\"},\"wordCount\":1162,\"publisher\":{\"@id\":\"https:\\\/\\\/www.bellunopress.it\\\/#organization\"},\"image\":{\"@id\":\"https:\\\/\\\/www.bellunopress.it\\\/2019\\\/04\\\/14\\\/a-suoni-di-marca-la-musica-fa-40-il-20-luglio-a-treviso-alan-sorrenti-e-alberto-fortis-compiono-gli-anni\\\/#primaryimage\"},\"thumbnailUrl\":\"http:\\\/\\\/www.bellunopress.it\\\/wp-content\\\/uploads\\\/2019\\\/04\\\/suoni-di-marca.jpg\",\"articleSection\":[\"Appuntamenti, Eventi\",\"Arte, Cultura, Spettacoli, Scienza\",\"Cultura e spettacoli, tempo libero, benessere, fuori provincia\",\"Pausa Caff\u00e8\"],\"inLanguage\":\"fr-FR\"},{\"@type\":\"WebPage\",\"@id\":\"https:\\\/\\\/www.bellunopress.it\\\/2019\\\/04\\\/14\\\/a-suoni-di-marca-la-musica-fa-40-il-20-luglio-a-treviso-alan-sorrenti-e-alberto-fortis-compiono-gli-anni\\\/\",\"url\":\"https:\\\/\\\/www.bellunopress.it\\\/2019\\\/04\\\/14\\\/a-suoni-di-marca-la-musica-fa-40-il-20-luglio-a-treviso-alan-sorrenti-e-alberto-fortis-compiono-gli-anni\\\/\",\"name\":\"A Suoni di Marca la Musica fa \u201c40\u201d. Il 20 luglio a Treviso Alan Sorrenti e Alberto Fortis compiono gli anni - Bellunopress - Dolomiti\",\"isPartOf\":{\"@id\":\"https:\\\/\\\/www.bellunopress.it\\\/#website\"},\"primaryImageOfPage\":{\"@id\":\"https:\\\/\\\/www.bellunopress.it\\\/2019\\\/04\\\/14\\\/a-suoni-di-marca-la-musica-fa-40-il-20-luglio-a-treviso-alan-sorrenti-e-alberto-fortis-compiono-gli-anni\\\/#primaryimage\"},\"image\":{\"@id\":\"https:\\\/\\\/www.bellunopress.it\\\/2019\\\/04\\\/14\\\/a-suoni-di-marca-la-musica-fa-40-il-20-luglio-a-treviso-alan-sorrenti-e-alberto-fortis-compiono-gli-anni\\\/#primaryimage\"},\"thumbnailUrl\":\"http:\\\/\\\/www.bellunopress.it\\\/wp-content\\\/uploads\\\/2019\\\/04\\\/suoni-di-marca.jpg\",\"datePublished\":\"2019-04-14T12:14:31+00:00\",\"dateModified\":\"2019-04-14T12:15:06+00:00\",\"breadcrumb\":{\"@id\":\"https:\\\/\\\/www.bellunopress.it\\\/2019\\\/04\\\/14\\\/a-suoni-di-marca-la-musica-fa-40-il-20-luglio-a-treviso-alan-sorrenti-e-alberto-fortis-compiono-gli-anni\\\/#breadcrumb\"},\"inLanguage\":\"fr-FR\",\"potentialAction\":[{\"@type\":\"ReadAction\",\"target\":[\"https:\\\/\\\/www.bellunopress.it\\\/2019\\\/04\\\/14\\\/a-suoni-di-marca-la-musica-fa-40-il-20-luglio-a-treviso-alan-sorrenti-e-alberto-fortis-compiono-gli-anni\\\/\"]}]},{\"@type\":\"ImageObject\",\"inLanguage\":\"fr-FR\",\"@id\":\"https:\\\/\\\/www.bellunopress.it\\\/2019\\\/04\\\/14\\\/a-suoni-di-marca-la-musica-fa-40-il-20-luglio-a-treviso-alan-sorrenti-e-alberto-fortis-compiono-gli-anni\\\/#primaryimage\",\"url\":\"http:\\\/\\\/www.bellunopress.it\\\/wp-content\\\/uploads\\\/2019\\\/04\\\/suoni-di-marca.jpg\",\"contentUrl\":\"http:\\\/\\\/www.bellunopress.it\\\/wp-content\\\/uploads\\\/2019\\\/04\\\/suoni-di-marca.jpg\"},{\"@type\":\"BreadcrumbList\",\"@id\":\"https:\\\/\\\/www.bellunopress.it\\\/2019\\\/04\\\/14\\\/a-suoni-di-marca-la-musica-fa-40-il-20-luglio-a-treviso-alan-sorrenti-e-alberto-fortis-compiono-gli-anni\\\/#breadcrumb\",\"itemListElement\":[{\"@type\":\"ListItem\",\"position\":1,\"name\":\"Home\",\"item\":\"https:\\\/\\\/www.bellunopress.it\\\/\"},{\"@type\":\"ListItem\",\"position\":2,\"name\":\"A Suoni di Marca la Musica fa \u201c40\u201d. Il 20 luglio a Treviso Alan Sorrenti e Alberto Fortis compiono gli anni\"}]},{\"@type\":\"WebSite\",\"@id\":\"https:\\\/\\\/www.bellunopress.it\\\/#website\",\"url\":\"https:\\\/\\\/www.bellunopress.it\\\/\",\"name\":\"Bellunopress - Dolomiti\",\"description\":\"e-mail: redazione@bellunopress.it\",\"publisher\":{\"@id\":\"https:\\\/\\\/www.bellunopress.it\\\/#organization\"},\"potentialAction\":[{\"@type\":\"SearchAction\",\"target\":{\"@type\":\"EntryPoint\",\"urlTemplate\":\"https:\\\/\\\/www.bellunopress.it\\\/?s={search_term_string}\"},\"query-input\":{\"@type\":\"PropertyValueSpecification\",\"valueRequired\":true,\"valueName\":\"search_term_string\"}}],\"inLanguage\":\"fr-FR\"},{\"@type\":\"Organization\",\"@id\":\"https:\\\/\\\/www.bellunopress.it\\\/#organization\",\"name\":\"Bellunopress\",\"url\":\"https:\\\/\\\/www.bellunopress.it\\\/\",\"logo\":{\"@type\":\"ImageObject\",\"inLanguage\":\"fr-FR\",\"@id\":\"https:\\\/\\\/www.bellunopress.it\\\/#\\\/schema\\\/logo\\\/image\\\/\",\"url\":\"https:\\\/\\\/www.bellunopress.it\\\/wp-content\\\/uploads\\\/2011\\\/05\\\/cropped-logo-bellunopress-.jpg\",\"contentUrl\":\"https:\\\/\\\/www.bellunopress.it\\\/wp-content\\\/uploads\\\/2011\\\/05\\\/cropped-logo-bellunopress-.jpg\",\"width\":512,\"height\":512,\"caption\":\"Bellunopress\"},\"image\":{\"@id\":\"https:\\\/\\\/www.bellunopress.it\\\/#\\\/schema\\\/logo\\\/image\\\/\"},\"sameAs\":[\"https:\\\/\\\/www.facebook.com\\\/profile.php?id=100008943462799\",\"https:\\\/\\\/x.com\\\/bellunopress\",\"https:\\\/\\\/www.linkedin.com\\\/hp\\\/?dnr=JBzUWaJfMUw8vbXJJ2tVW5-I3jZKvC4wsoxE&amp;amp;amp;amp;amp;amp;trk=nav_responsive_tab_home\",\"https:\\\/\\\/www.youtube.com\\\/channel\\\/UCxL0wu1uN0_3_7hGG0306cw\"]},{\"@type\":\"Person\",\"@id\":\"https:\\\/\\\/www.bellunopress.it\\\/#\\\/schema\\\/person\\\/79bb06722b37ece1c03d3e94beb30d73\",\"name\":\"redazione\",\"image\":{\"@type\":\"ImageObject\",\"inLanguage\":\"fr-FR\",\"@id\":\"https:\\\/\\\/secure.gravatar.com\\\/avatar\\\/37d968a2e67a6fd04c169c4bdef102d0bc5d31b2546345219e348575eb80e9a0?s=96&d=mm&r=g\",\"url\":\"https:\\\/\\\/secure.gravatar.com\\\/avatar\\\/37d968a2e67a6fd04c169c4bdef102d0bc5d31b2546345219e348575eb80e9a0?s=96&d=mm&r=g\",\"contentUrl\":\"https:\\\/\\\/secure.gravatar.com\\\/avatar\\\/37d968a2e67a6fd04c169c4bdef102d0bc5d31b2546345219e348575eb80e9a0?s=96&d=mm&r=g\",\"caption\":\"redazione\"},\"sameAs\":[\"http:\\\/\\\/www.bellunopress.it\",\"https:\\\/\\\/x.com\\\/bellunopress\"],\"url\":\"https:\\\/\\\/www.bellunopress.it\\\/fr\\\/author\\\/redazione\\\/\"}]}<\/script>\n<!-- \/ Yoast SEO plugin. -->","yoast_head_json":{"title":"A Suoni di Marca la Musica fa \u201c40\u201d. Il 20 luglio a Treviso Alan Sorrenti e Alberto Fortis compiono gli anni - Bellunopress - Dolomiti","robots":{"index":"index","follow":"follow","max-snippet":"max-snippet:-1","max-image-preview":"max-image-preview:large","max-video-preview":"max-video-preview:-1"},"canonical":"https:\/\/www.bellunopress.it\/fr\/2019\/04\/14\/a-suoni-di-marca-la-musica-fa-40-il-20-luglio-a-treviso-alan-sorrenti-e-alberto-fortis-compiono-gli-anni\/","og_locale":"fr_FR","og_type":"article","og_title":"A Suoni di Marca la Musica fa \u201c40\u201d. Il 20 luglio a Treviso Alan Sorrenti e Alberto Fortis compiono gli anni - Bellunopress - Dolomiti","og_description":"Alan Sorrenti e Alberto Fortis, artisti d\u2019eccezione e veri protagonisti della musica italiana, incanteranno il palco San Marco di Suoni di Marca Festival 2019 il prossimo 20 luglio, a Treviso. Cantautore eclettico e sperimentatore musicale, Alan Sorrenti festegger\u00e0 con il pubblico di Suoni di Marca i quarant\u2019anni di \u201cFigli delle stelle\u201d, suo pi\u00f9 grande successo [&hellip;]","og_url":"https:\/\/www.bellunopress.it\/fr\/2019\/04\/14\/a-suoni-di-marca-la-musica-fa-40-il-20-luglio-a-treviso-alan-sorrenti-e-alberto-fortis-compiono-gli-anni\/","og_site_name":"Bellunopress - Dolomiti","article_publisher":"https:\/\/www.facebook.com\/profile.php?id=100008943462799","article_published_time":"2019-04-14T12:14:31+00:00","article_modified_time":"2019-04-14T12:15:06+00:00","og_image":[{"url":"http:\/\/www.bellunopress.it\/wp-content\/uploads\/2019\/04\/suoni-di-marca.jpg","type":"","width":"","height":""}],"author":"redazione","twitter_card":"summary_large_image","twitter_creator":"@bellunopress","twitter_site":"@bellunopress","twitter_misc":{"\u00c9crit par":"redazione","Dur\u00e9e de lecture estim\u00e9e":"6 minutes"},"schema":{"@context":"https:\/\/schema.org","@graph":[{"@type":"Article","@id":"https:\/\/www.bellunopress.it\/2019\/04\/14\/a-suoni-di-marca-la-musica-fa-40-il-20-luglio-a-treviso-alan-sorrenti-e-alberto-fortis-compiono-gli-anni\/#article","isPartOf":{"@id":"https:\/\/www.bellunopress.it\/2019\/04\/14\/a-suoni-di-marca-la-musica-fa-40-il-20-luglio-a-treviso-alan-sorrenti-e-alberto-fortis-compiono-gli-anni\/"},"author":{"name":"redazione","@id":"https:\/\/www.bellunopress.it\/#\/schema\/person\/79bb06722b37ece1c03d3e94beb30d73"},"headline":"A Suoni di Marca la Musica fa \u201c40\u201d. Il 20 luglio a Treviso Alan Sorrenti e Alberto Fortis compiono gli anni","datePublished":"2019-04-14T12:14:31+00:00","dateModified":"2019-04-14T12:15:06+00:00","mainEntityOfPage":{"@id":"https:\/\/www.bellunopress.it\/2019\/04\/14\/a-suoni-di-marca-la-musica-fa-40-il-20-luglio-a-treviso-alan-sorrenti-e-alberto-fortis-compiono-gli-anni\/"},"wordCount":1162,"publisher":{"@id":"https:\/\/www.bellunopress.it\/#organization"},"image":{"@id":"https:\/\/www.bellunopress.it\/2019\/04\/14\/a-suoni-di-marca-la-musica-fa-40-il-20-luglio-a-treviso-alan-sorrenti-e-alberto-fortis-compiono-gli-anni\/#primaryimage"},"thumbnailUrl":"http:\/\/www.bellunopress.it\/wp-content\/uploads\/2019\/04\/suoni-di-marca.jpg","articleSection":["Appuntamenti, Eventi","Arte, Cultura, Spettacoli, Scienza","Cultura e spettacoli, tempo libero, benessere, fuori provincia","Pausa Caff\u00e8"],"inLanguage":"fr-FR"},{"@type":"WebPage","@id":"https:\/\/www.bellunopress.it\/2019\/04\/14\/a-suoni-di-marca-la-musica-fa-40-il-20-luglio-a-treviso-alan-sorrenti-e-alberto-fortis-compiono-gli-anni\/","url":"https:\/\/www.bellunopress.it\/2019\/04\/14\/a-suoni-di-marca-la-musica-fa-40-il-20-luglio-a-treviso-alan-sorrenti-e-alberto-fortis-compiono-gli-anni\/","name":"A Suoni di Marca la Musica fa \u201c40\u201d. Il 20 luglio a Treviso Alan Sorrenti e Alberto Fortis compiono gli anni - Bellunopress - Dolomiti","isPartOf":{"@id":"https:\/\/www.bellunopress.it\/#website"},"primaryImageOfPage":{"@id":"https:\/\/www.bellunopress.it\/2019\/04\/14\/a-suoni-di-marca-la-musica-fa-40-il-20-luglio-a-treviso-alan-sorrenti-e-alberto-fortis-compiono-gli-anni\/#primaryimage"},"image":{"@id":"https:\/\/www.bellunopress.it\/2019\/04\/14\/a-suoni-di-marca-la-musica-fa-40-il-20-luglio-a-treviso-alan-sorrenti-e-alberto-fortis-compiono-gli-anni\/#primaryimage"},"thumbnailUrl":"http:\/\/www.bellunopress.it\/wp-content\/uploads\/2019\/04\/suoni-di-marca.jpg","datePublished":"2019-04-14T12:14:31+00:00","dateModified":"2019-04-14T12:15:06+00:00","breadcrumb":{"@id":"https:\/\/www.bellunopress.it\/2019\/04\/14\/a-suoni-di-marca-la-musica-fa-40-il-20-luglio-a-treviso-alan-sorrenti-e-alberto-fortis-compiono-gli-anni\/#breadcrumb"},"inLanguage":"fr-FR","potentialAction":[{"@type":"ReadAction","target":["https:\/\/www.bellunopress.it\/2019\/04\/14\/a-suoni-di-marca-la-musica-fa-40-il-20-luglio-a-treviso-alan-sorrenti-e-alberto-fortis-compiono-gli-anni\/"]}]},{"@type":"ImageObject","inLanguage":"fr-FR","@id":"https:\/\/www.bellunopress.it\/2019\/04\/14\/a-suoni-di-marca-la-musica-fa-40-il-20-luglio-a-treviso-alan-sorrenti-e-alberto-fortis-compiono-gli-anni\/#primaryimage","url":"http:\/\/www.bellunopress.it\/wp-content\/uploads\/2019\/04\/suoni-di-marca.jpg","contentUrl":"http:\/\/www.bellunopress.it\/wp-content\/uploads\/2019\/04\/suoni-di-marca.jpg"},{"@type":"BreadcrumbList","@id":"https:\/\/www.bellunopress.it\/2019\/04\/14\/a-suoni-di-marca-la-musica-fa-40-il-20-luglio-a-treviso-alan-sorrenti-e-alberto-fortis-compiono-gli-anni\/#breadcrumb","itemListElement":[{"@type":"ListItem","position":1,"name":"Home","item":"https:\/\/www.bellunopress.it\/"},{"@type":"ListItem","position":2,"name":"A Suoni di Marca la Musica fa \u201c40\u201d. Il 20 luglio a Treviso Alan Sorrenti e Alberto Fortis compiono gli anni"}]},{"@type":"WebSite","@id":"https:\/\/www.bellunopress.it\/#website","url":"https:\/\/www.bellunopress.it\/","name":"Bellunopress - Dolomiti","description":"e-mail: redazione@bellunopress.it","publisher":{"@id":"https:\/\/www.bellunopress.it\/#organization"},"potentialAction":[{"@type":"SearchAction","target":{"@type":"EntryPoint","urlTemplate":"https:\/\/www.bellunopress.it\/?s={search_term_string}"},"query-input":{"@type":"PropertyValueSpecification","valueRequired":true,"valueName":"search_term_string"}}],"inLanguage":"fr-FR"},{"@type":"Organization","@id":"https:\/\/www.bellunopress.it\/#organization","name":"Bellunopress","url":"https:\/\/www.bellunopress.it\/","logo":{"@type":"ImageObject","inLanguage":"fr-FR","@id":"https:\/\/www.bellunopress.it\/#\/schema\/logo\/image\/","url":"https:\/\/www.bellunopress.it\/wp-content\/uploads\/2011\/05\/cropped-logo-bellunopress-.jpg","contentUrl":"https:\/\/www.bellunopress.it\/wp-content\/uploads\/2011\/05\/cropped-logo-bellunopress-.jpg","width":512,"height":512,"caption":"Bellunopress"},"image":{"@id":"https:\/\/www.bellunopress.it\/#\/schema\/logo\/image\/"},"sameAs":["https:\/\/www.facebook.com\/profile.php?id=100008943462799","https:\/\/x.com\/bellunopress","https:\/\/www.linkedin.com\/hp\/?dnr=JBzUWaJfMUw8vbXJJ2tVW5-I3jZKvC4wsoxE&amp;amp;amp;amp;amp;amp;trk=nav_responsive_tab_home","https:\/\/www.youtube.com\/channel\/UCxL0wu1uN0_3_7hGG0306cw"]},{"@type":"Person","@id":"https:\/\/www.bellunopress.it\/#\/schema\/person\/79bb06722b37ece1c03d3e94beb30d73","name":"r\u00e9daction","image":{"@type":"ImageObject","inLanguage":"fr-FR","@id":"https:\/\/secure.gravatar.com\/avatar\/37d968a2e67a6fd04c169c4bdef102d0bc5d31b2546345219e348575eb80e9a0?s=96&d=mm&r=g","url":"https:\/\/secure.gravatar.com\/avatar\/37d968a2e67a6fd04c169c4bdef102d0bc5d31b2546345219e348575eb80e9a0?s=96&d=mm&r=g","contentUrl":"https:\/\/secure.gravatar.com\/avatar\/37d968a2e67a6fd04c169c4bdef102d0bc5d31b2546345219e348575eb80e9a0?s=96&d=mm&r=g","caption":"redazione"},"sameAs":["http:\/\/www.bellunopress.it","https:\/\/x.com\/bellunopress"],"url":"https:\/\/www.bellunopress.it\/fr\/author\/redazione\/"}]}},"_links":{"self":[{"href":"https:\/\/www.bellunopress.it\/fr\/wp-json\/wp\/v2\/posts\/103783","targetHints":{"allow":["GET"]}}],"collection":[{"href":"https:\/\/www.bellunopress.it\/fr\/wp-json\/wp\/v2\/posts"}],"about":[{"href":"https:\/\/www.bellunopress.it\/fr\/wp-json\/wp\/v2\/types\/post"}],"author":[{"embeddable":true,"href":"https:\/\/www.bellunopress.it\/fr\/wp-json\/wp\/v2\/users\/2"}],"replies":[{"embeddable":true,"href":"https:\/\/www.bellunopress.it\/fr\/wp-json\/wp\/v2\/comments?post=103783"}],"version-history":[{"count":2,"href":"https:\/\/www.bellunopress.it\/fr\/wp-json\/wp\/v2\/posts\/103783\/revisions"}],"predecessor-version":[{"id":103786,"href":"https:\/\/www.bellunopress.it\/fr\/wp-json\/wp\/v2\/posts\/103783\/revisions\/103786"}],"wp:attachment":[{"href":"https:\/\/www.bellunopress.it\/fr\/wp-json\/wp\/v2\/media?parent=103783"}],"wp:term":[{"taxonomy":"category","embeddable":true,"href":"https:\/\/www.bellunopress.it\/fr\/wp-json\/wp\/v2\/categories?post=103783"},{"taxonomy":"post_tag","embeddable":true,"href":"https:\/\/www.bellunopress.it\/fr\/wp-json\/wp\/v2\/tags?post=103783"}],"curies":[{"name":"wp","href":"https:\/\/api.w.org\/{rel}","templated":true}]}}