{"id":10375,"date":"2009-12-05T17:46:59","date_gmt":"2009-12-05T16:46:59","guid":{"rendered":"http:\/\/www.bellunopress.it\/?p=10375"},"modified":"2009-12-05T17:47:39","modified_gmt":"2009-12-05T16:47:39","slug":"parte-da-lozzo-di-cadore-la-campagna-di-vaccinazione-antirabbica-delluls-1-i-cani-dovranno-avere-la-museruola-e-dovranno-essere-portati-al-guinzaglio","status":"publish","type":"post","link":"https:\/\/www.bellunopress.it\/fr\/2009\/12\/05\/parte-da-lozzo-di-cadore-la-campagna-di-vaccinazione-antirabbica-delluls-1-i-cani-dovranno-avere-la-museruola-e-dovranno-essere-portati-al-guinzaglio\/","title":{"rendered":"Parte da Lozzo di Cadore la campagna di vaccinazione antirabbica dell&#8217;Uls 1. I cani dovranno avere la museruola e dovranno essere portati al guinzaglio"},"content":{"rendered":"<p>Partir\u00e0 il mercoled\u00ec nove dicembre da Lozzo di Cadore la campagna di vaccinazione antirabbica dell\u2019ULSS 1 di Belluno, cos\u00ec come stabilito dalla Regione Veneto. Il sindaco Mario Manfreda ha firmato ieri (gioved\u00ec 3 dicembre) l\u2019ordinanza che stabilisce l\u2019obbligatoriet\u00e0 e definisce le modalit\u00e0 per la vaccinazione a tutti i cani con pi\u00f9 di tre mesi presenti nel territorio comunale. Le vaccinazioni saranno effettuate dal Servizio Veterinario dell\u2019ULSS, dalle nove di venerd\u00ec, all\u2019interno dei locali che si trovano in Piazza VI Novembre (l\u2019ex negozio del barbiere). Il costo \u00e8 di cinque euro. I cani dovranno avere la museruola e dovranno essere portati al guinzaglio da una persona adulta. La vaccinazione sar\u00e0 effettuata solo agli animali gi\u00e0 identificati con tatuaggio o microchip. Viene comunque lasciata libert\u00e0 al proprietario di rivolgersi ad ambulatori privati.<br \/>\n\u00abSi \u00e8 deciso di partire a Lozzo di Cadore &#8211; spiega Giovanni Battista Benedetti, responsabile del Servizio Veterinario dell\u2019ULSS 1 \u2013 perch\u00e9 qui \u00e8 stato accertato il primo caso di rabbia nel territorio bellunese. Poi toccher\u00e0 a tutti gli altri comuni, ad iniziare da quelli del Cadore. La vaccinazione di tutti i cani dovr\u00e0 essere ultimata entro il 31 gennaio, cos\u00ec come deciso dalla Regione Veneto\u00bb.<\/p>","protected":false},"excerpt":{"rendered":"<p>Partir\u00e0 il mercoled\u00ec nove dicembre da Lozzo di Cadore la campagna di vaccinazione antirabbica dell\u2019ULSS 1 di Belluno, cos\u00ec come stabilito dalla Regione Veneto. Il sindaco Mario Manfreda ha firmato ieri (gioved\u00ec 3 dicembre) l\u2019ordinanza che stabilisce l\u2019obbligatoriet\u00e0 e definisce le modalit\u00e0 per la vaccinazione a tutti i cani con pi\u00f9 di tre mesi presenti [&hellip;]<\/p>\n","protected":false},"author":2,"featured_media":0,"comment_status":"closed","ping_status":"open","sticky":false,"template":"","format":"standard","meta":{"footnotes":""},"categories":[5,26,17],"tags":[3050],"class_list":["post-10375","post","type-post","status-publish","format-standard","category-cronaca","category-prima-pagina","category-sanita","tag-sanita"],"yoast_head":"<!-- This site is optimized with the Yoast SEO plugin v28.4 - https:\/\/yoast.com\/product\/yoast-seo-wordpress\/ -->\n<title>Parte da Lozzo di Cadore la campagna di vaccinazione antirabbica dell&#039;Uls 1. I cani dovranno avere la museruola e dovranno essere portati al guinzaglio - Bellunopress - Dolomiti<\/title>\n<meta name=\"robots\" content=\"index, follow, max-snippet:-1, max-image-preview:large, max-video-preview:-1\" \/>\n<link rel=\"canonical\" href=\"https:\/\/www.bellunopress.it\/fr\/2009\/12\/05\/parte-da-lozzo-di-cadore-la-campagna-di-vaccinazione-antirabbica-delluls-1-i-cani-dovranno-avere-la-museruola-e-dovranno-essere-portati-al-guinzaglio\/\" \/>\n<meta property=\"og:locale\" content=\"fr_FR\" \/>\n<meta property=\"og:type\" content=\"article\" \/>\n<meta property=\"og:title\" content=\"Parte da Lozzo di Cadore la campagna di vaccinazione antirabbica dell&#039;Uls 1. I cani dovranno avere la museruola e dovranno essere portati al guinzaglio - Bellunopress - Dolomiti\" \/>\n<meta property=\"og:description\" content=\"Partir\u00e0 il mercoled\u00ec nove dicembre da Lozzo di Cadore la campagna di vaccinazione antirabbica dell\u2019ULSS 1 di Belluno, cos\u00ec come stabilito dalla Regione Veneto. Il sindaco Mario Manfreda ha firmato ieri (gioved\u00ec 3 dicembre) l\u2019ordinanza che stabilisce l\u2019obbligatoriet\u00e0 e definisce le modalit\u00e0 per la vaccinazione a tutti i cani con pi\u00f9 di tre mesi presenti [&hellip;]\" \/>\n<meta property=\"og:url\" content=\"https:\/\/www.bellunopress.it\/fr\/2009\/12\/05\/parte-da-lozzo-di-cadore-la-campagna-di-vaccinazione-antirabbica-delluls-1-i-cani-dovranno-avere-la-museruola-e-dovranno-essere-portati-al-guinzaglio\/\" \/>\n<meta property=\"og:site_name\" content=\"Bellunopress - Dolomiti\" \/>\n<meta property=\"article:publisher\" content=\"https:\/\/www.facebook.com\/profile.php?id=100008943462799\" \/>\n<meta property=\"article:published_time\" content=\"2009-12-05T16:46:59+00:00\" \/>\n<meta property=\"article:modified_time\" content=\"2009-12-05T16:47:39+00:00\" \/>\n<meta property=\"og:image\" content=\"http:\/\/www.bellunopress.it\/wp-content\/uploads\/2012\/07\/logo-bellunopress-250x250-2012.jpg\" \/>\n<meta name=\"author\" content=\"redazione\" \/>\n<meta name=\"twitter:card\" content=\"summary_large_image\" \/>\n<meta name=\"twitter:creator\" content=\"@bellunopress\" \/>\n<meta name=\"twitter:site\" content=\"@bellunopress\" \/>\n<meta name=\"twitter:label1\" content=\"\u00c9crit par\" \/>\n\t<meta name=\"twitter:data1\" content=\"redazione\" \/>\n\t<meta name=\"twitter:label2\" content=\"Dur\u00e9e de lecture estim\u00e9e\" \/>\n\t<meta name=\"twitter:data2\" content=\"1 minute\" \/>\n<script type=\"application\/ld+json\" class=\"yoast-schema-graph\">{\"@context\":\"https:\\\/\\\/schema.org\",\"@graph\":[{\"@type\":\"Article\",\"@id\":\"https:\\\/\\\/www.bellunopress.it\\\/2009\\\/12\\\/05\\\/parte-da-lozzo-di-cadore-la-campagna-di-vaccinazione-antirabbica-delluls-1-i-cani-dovranno-avere-la-museruola-e-dovranno-essere-portati-al-guinzaglio\\\/#article\",\"isPartOf\":{\"@id\":\"https:\\\/\\\/www.bellunopress.it\\\/2009\\\/12\\\/05\\\/parte-da-lozzo-di-cadore-la-campagna-di-vaccinazione-antirabbica-delluls-1-i-cani-dovranno-avere-la-museruola-e-dovranno-essere-portati-al-guinzaglio\\\/\"},\"author\":{\"name\":\"redazione\",\"@id\":\"https:\\\/\\\/www.bellunopress.it\\\/#\\\/schema\\\/person\\\/79bb06722b37ece1c03d3e94beb30d73\"},\"headline\":\"Parte da Lozzo di Cadore la campagna di vaccinazione antirabbica dell&#8217;Uls 1. I cani dovranno avere la museruola e dovranno essere portati al guinzaglio\",\"datePublished\":\"2009-12-05T16:46:59+00:00\",\"dateModified\":\"2009-12-05T16:47:39+00:00\",\"mainEntityOfPage\":{\"@id\":\"https:\\\/\\\/www.bellunopress.it\\\/2009\\\/12\\\/05\\\/parte-da-lozzo-di-cadore-la-campagna-di-vaccinazione-antirabbica-delluls-1-i-cani-dovranno-avere-la-museruola-e-dovranno-essere-portati-al-guinzaglio\\\/\"},\"wordCount\":219,\"publisher\":{\"@id\":\"https:\\\/\\\/www.bellunopress.it\\\/#organization\"},\"keywords\":[\"Sanit\u00e0\"],\"articleSection\":[\"Cronaca\\\/Politica\",\"Prima Pagina\",\"Sanit\u00e0 Medicina\"],\"inLanguage\":\"fr-FR\"},{\"@type\":\"WebPage\",\"@id\":\"https:\\\/\\\/www.bellunopress.it\\\/2009\\\/12\\\/05\\\/parte-da-lozzo-di-cadore-la-campagna-di-vaccinazione-antirabbica-delluls-1-i-cani-dovranno-avere-la-museruola-e-dovranno-essere-portati-al-guinzaglio\\\/\",\"url\":\"https:\\\/\\\/www.bellunopress.it\\\/2009\\\/12\\\/05\\\/parte-da-lozzo-di-cadore-la-campagna-di-vaccinazione-antirabbica-delluls-1-i-cani-dovranno-avere-la-museruola-e-dovranno-essere-portati-al-guinzaglio\\\/\",\"name\":\"Parte da Lozzo di Cadore la campagna di vaccinazione antirabbica dell'Uls 1. I cani dovranno avere la museruola e dovranno essere portati al guinzaglio - Bellunopress - Dolomiti\",\"isPartOf\":{\"@id\":\"https:\\\/\\\/www.bellunopress.it\\\/#website\"},\"datePublished\":\"2009-12-05T16:46:59+00:00\",\"dateModified\":\"2009-12-05T16:47:39+00:00\",\"breadcrumb\":{\"@id\":\"https:\\\/\\\/www.bellunopress.it\\\/2009\\\/12\\\/05\\\/parte-da-lozzo-di-cadore-la-campagna-di-vaccinazione-antirabbica-delluls-1-i-cani-dovranno-avere-la-museruola-e-dovranno-essere-portati-al-guinzaglio\\\/#breadcrumb\"},\"inLanguage\":\"fr-FR\",\"potentialAction\":[{\"@type\":\"ReadAction\",\"target\":[\"https:\\\/\\\/www.bellunopress.it\\\/2009\\\/12\\\/05\\\/parte-da-lozzo-di-cadore-la-campagna-di-vaccinazione-antirabbica-delluls-1-i-cani-dovranno-avere-la-museruola-e-dovranno-essere-portati-al-guinzaglio\\\/\"]}]},{\"@type\":\"BreadcrumbList\",\"@id\":\"https:\\\/\\\/www.bellunopress.it\\\/2009\\\/12\\\/05\\\/parte-da-lozzo-di-cadore-la-campagna-di-vaccinazione-antirabbica-delluls-1-i-cani-dovranno-avere-la-museruola-e-dovranno-essere-portati-al-guinzaglio\\\/#breadcrumb\",\"itemListElement\":[{\"@type\":\"ListItem\",\"position\":1,\"name\":\"Home\",\"item\":\"https:\\\/\\\/www.bellunopress.it\\\/\"},{\"@type\":\"ListItem\",\"position\":2,\"name\":\"Parte da Lozzo di Cadore la campagna di vaccinazione antirabbica dell&#8217;Uls 1. I cani dovranno avere la museruola e dovranno essere portati al guinzaglio\"}]},{\"@type\":\"WebSite\",\"@id\":\"https:\\\/\\\/www.bellunopress.it\\\/#website\",\"url\":\"https:\\\/\\\/www.bellunopress.it\\\/\",\"name\":\"Bellunopress - Dolomiti\",\"description\":\"e-mail: redazione@bellunopress.it\",\"publisher\":{\"@id\":\"https:\\\/\\\/www.bellunopress.it\\\/#organization\"},\"potentialAction\":[{\"@type\":\"SearchAction\",\"target\":{\"@type\":\"EntryPoint\",\"urlTemplate\":\"https:\\\/\\\/www.bellunopress.it\\\/?s={search_term_string}\"},\"query-input\":{\"@type\":\"PropertyValueSpecification\",\"valueRequired\":true,\"valueName\":\"search_term_string\"}}],\"inLanguage\":\"fr-FR\"},{\"@type\":\"Organization\",\"@id\":\"https:\\\/\\\/www.bellunopress.it\\\/#organization\",\"name\":\"Bellunopress\",\"url\":\"https:\\\/\\\/www.bellunopress.it\\\/\",\"logo\":{\"@type\":\"ImageObject\",\"inLanguage\":\"fr-FR\",\"@id\":\"https:\\\/\\\/www.bellunopress.it\\\/#\\\/schema\\\/logo\\\/image\\\/\",\"url\":\"https:\\\/\\\/www.bellunopress.it\\\/wp-content\\\/uploads\\\/2011\\\/05\\\/cropped-logo-bellunopress-.jpg\",\"contentUrl\":\"https:\\\/\\\/www.bellunopress.it\\\/wp-content\\\/uploads\\\/2011\\\/05\\\/cropped-logo-bellunopress-.jpg\",\"width\":512,\"height\":512,\"caption\":\"Bellunopress\"},\"image\":{\"@id\":\"https:\\\/\\\/www.bellunopress.it\\\/#\\\/schema\\\/logo\\\/image\\\/\"},\"sameAs\":[\"https:\\\/\\\/www.facebook.com\\\/profile.php?id=100008943462799\",\"https:\\\/\\\/x.com\\\/bellunopress\",\"https:\\\/\\\/www.linkedin.com\\\/hp\\\/?dnr=JBzUWaJfMUw8vbXJJ2tVW5-I3jZKvC4wsoxE&amp;amp;amp;amp;amp;amp;trk=nav_responsive_tab_home\",\"https:\\\/\\\/www.youtube.com\\\/channel\\\/UCxL0wu1uN0_3_7hGG0306cw\"]},{\"@type\":\"Person\",\"@id\":\"https:\\\/\\\/www.bellunopress.it\\\/#\\\/schema\\\/person\\\/79bb06722b37ece1c03d3e94beb30d73\",\"name\":\"redazione\",\"image\":{\"@type\":\"ImageObject\",\"inLanguage\":\"fr-FR\",\"@id\":\"https:\\\/\\\/secure.gravatar.com\\\/avatar\\\/37d968a2e67a6fd04c169c4bdef102d0bc5d31b2546345219e348575eb80e9a0?s=96&d=mm&r=g\",\"url\":\"https:\\\/\\\/secure.gravatar.com\\\/avatar\\\/37d968a2e67a6fd04c169c4bdef102d0bc5d31b2546345219e348575eb80e9a0?s=96&d=mm&r=g\",\"contentUrl\":\"https:\\\/\\\/secure.gravatar.com\\\/avatar\\\/37d968a2e67a6fd04c169c4bdef102d0bc5d31b2546345219e348575eb80e9a0?s=96&d=mm&r=g\",\"caption\":\"redazione\"},\"sameAs\":[\"http:\\\/\\\/www.bellunopress.it\",\"https:\\\/\\\/x.com\\\/bellunopress\"],\"url\":\"https:\\\/\\\/www.bellunopress.it\\\/fr\\\/author\\\/redazione\\\/\"}]}<\/script>\n<!-- \/ Yoast SEO plugin. -->","yoast_head_json":{"title":"Parte da Lozzo di Cadore la campagna di vaccinazione antirabbica dell'Uls 1. I cani dovranno avere la museruola e dovranno essere portati al guinzaglio - Bellunopress - Dolomiti","robots":{"index":"index","follow":"follow","max-snippet":"max-snippet:-1","max-image-preview":"max-image-preview:large","max-video-preview":"max-video-preview:-1"},"canonical":"https:\/\/www.bellunopress.it\/fr\/2009\/12\/05\/parte-da-lozzo-di-cadore-la-campagna-di-vaccinazione-antirabbica-delluls-1-i-cani-dovranno-avere-la-museruola-e-dovranno-essere-portati-al-guinzaglio\/","og_locale":"fr_FR","og_type":"article","og_title":"Parte da Lozzo di Cadore la campagna di vaccinazione antirabbica dell'Uls 1. I cani dovranno avere la museruola e dovranno essere portati al guinzaglio - Bellunopress - Dolomiti","og_description":"Partir\u00e0 il mercoled\u00ec nove dicembre da Lozzo di Cadore la campagna di vaccinazione antirabbica dell\u2019ULSS 1 di Belluno, cos\u00ec come stabilito dalla Regione Veneto. Il sindaco Mario Manfreda ha firmato ieri (gioved\u00ec 3 dicembre) l\u2019ordinanza che stabilisce l\u2019obbligatoriet\u00e0 e definisce le modalit\u00e0 per la vaccinazione a tutti i cani con pi\u00f9 di tre mesi presenti [&hellip;]","og_url":"https:\/\/www.bellunopress.it\/fr\/2009\/12\/05\/parte-da-lozzo-di-cadore-la-campagna-di-vaccinazione-antirabbica-delluls-1-i-cani-dovranno-avere-la-museruola-e-dovranno-essere-portati-al-guinzaglio\/","og_site_name":"Bellunopress - Dolomiti","article_publisher":"https:\/\/www.facebook.com\/profile.php?id=100008943462799","article_published_time":"2009-12-05T16:46:59+00:00","article_modified_time":"2009-12-05T16:47:39+00:00","og_image":[{"url":"http:\/\/www.bellunopress.it\/wp-content\/uploads\/2012\/07\/logo-bellunopress-250x250-2012.jpg","type":"","width":"","height":""}],"author":"redazione","twitter_card":"summary_large_image","twitter_creator":"@bellunopress","twitter_site":"@bellunopress","twitter_misc":{"\u00c9crit par":"redazione","Dur\u00e9e de lecture estim\u00e9e":"1 minute"},"schema":{"@context":"https:\/\/schema.org","@graph":[{"@type":"Article","@id":"https:\/\/www.bellunopress.it\/2009\/12\/05\/parte-da-lozzo-di-cadore-la-campagna-di-vaccinazione-antirabbica-delluls-1-i-cani-dovranno-avere-la-museruola-e-dovranno-essere-portati-al-guinzaglio\/#article","isPartOf":{"@id":"https:\/\/www.bellunopress.it\/2009\/12\/05\/parte-da-lozzo-di-cadore-la-campagna-di-vaccinazione-antirabbica-delluls-1-i-cani-dovranno-avere-la-museruola-e-dovranno-essere-portati-al-guinzaglio\/"},"author":{"name":"redazione","@id":"https:\/\/www.bellunopress.it\/#\/schema\/person\/79bb06722b37ece1c03d3e94beb30d73"},"headline":"Parte da Lozzo di Cadore la campagna di vaccinazione antirabbica dell&#8217;Uls 1. I cani dovranno avere la museruola e dovranno essere portati al guinzaglio","datePublished":"2009-12-05T16:46:59+00:00","dateModified":"2009-12-05T16:47:39+00:00","mainEntityOfPage":{"@id":"https:\/\/www.bellunopress.it\/2009\/12\/05\/parte-da-lozzo-di-cadore-la-campagna-di-vaccinazione-antirabbica-delluls-1-i-cani-dovranno-avere-la-museruola-e-dovranno-essere-portati-al-guinzaglio\/"},"wordCount":219,"publisher":{"@id":"https:\/\/www.bellunopress.it\/#organization"},"keywords":["Sanit\u00e0"],"articleSection":["Cronaca\/Politica","Prima Pagina","Sanit\u00e0 Medicina"],"inLanguage":"fr-FR"},{"@type":"WebPage","@id":"https:\/\/www.bellunopress.it\/2009\/12\/05\/parte-da-lozzo-di-cadore-la-campagna-di-vaccinazione-antirabbica-delluls-1-i-cani-dovranno-avere-la-museruola-e-dovranno-essere-portati-al-guinzaglio\/","url":"https:\/\/www.bellunopress.it\/2009\/12\/05\/parte-da-lozzo-di-cadore-la-campagna-di-vaccinazione-antirabbica-delluls-1-i-cani-dovranno-avere-la-museruola-e-dovranno-essere-portati-al-guinzaglio\/","name":"Parte da Lozzo di Cadore la campagna di vaccinazione antirabbica dell'Uls 1. I cani dovranno avere la museruola e dovranno essere portati al guinzaglio - Bellunopress - Dolomiti","isPartOf":{"@id":"https:\/\/www.bellunopress.it\/#website"},"datePublished":"2009-12-05T16:46:59+00:00","dateModified":"2009-12-05T16:47:39+00:00","breadcrumb":{"@id":"https:\/\/www.bellunopress.it\/2009\/12\/05\/parte-da-lozzo-di-cadore-la-campagna-di-vaccinazione-antirabbica-delluls-1-i-cani-dovranno-avere-la-museruola-e-dovranno-essere-portati-al-guinzaglio\/#breadcrumb"},"inLanguage":"fr-FR","potentialAction":[{"@type":"ReadAction","target":["https:\/\/www.bellunopress.it\/2009\/12\/05\/parte-da-lozzo-di-cadore-la-campagna-di-vaccinazione-antirabbica-delluls-1-i-cani-dovranno-avere-la-museruola-e-dovranno-essere-portati-al-guinzaglio\/"]}]},{"@type":"BreadcrumbList","@id":"https:\/\/www.bellunopress.it\/2009\/12\/05\/parte-da-lozzo-di-cadore-la-campagna-di-vaccinazione-antirabbica-delluls-1-i-cani-dovranno-avere-la-museruola-e-dovranno-essere-portati-al-guinzaglio\/#breadcrumb","itemListElement":[{"@type":"ListItem","position":1,"name":"Home","item":"https:\/\/www.bellunopress.it\/"},{"@type":"ListItem","position":2,"name":"Parte da Lozzo di Cadore la campagna di vaccinazione antirabbica dell&#8217;Uls 1. I cani dovranno avere la museruola e dovranno essere portati al guinzaglio"}]},{"@type":"WebSite","@id":"https:\/\/www.bellunopress.it\/#website","url":"https:\/\/www.bellunopress.it\/","name":"Bellunopress - Dolomiti","description":"e-mail: redazione@bellunopress.it","publisher":{"@id":"https:\/\/www.bellunopress.it\/#organization"},"potentialAction":[{"@type":"SearchAction","target":{"@type":"EntryPoint","urlTemplate":"https:\/\/www.bellunopress.it\/?s={search_term_string}"},"query-input":{"@type":"PropertyValueSpecification","valueRequired":true,"valueName":"search_term_string"}}],"inLanguage":"fr-FR"},{"@type":"Organization","@id":"https:\/\/www.bellunopress.it\/#organization","name":"Bellunopress","url":"https:\/\/www.bellunopress.it\/","logo":{"@type":"ImageObject","inLanguage":"fr-FR","@id":"https:\/\/www.bellunopress.it\/#\/schema\/logo\/image\/","url":"https:\/\/www.bellunopress.it\/wp-content\/uploads\/2011\/05\/cropped-logo-bellunopress-.jpg","contentUrl":"https:\/\/www.bellunopress.it\/wp-content\/uploads\/2011\/05\/cropped-logo-bellunopress-.jpg","width":512,"height":512,"caption":"Bellunopress"},"image":{"@id":"https:\/\/www.bellunopress.it\/#\/schema\/logo\/image\/"},"sameAs":["https:\/\/www.facebook.com\/profile.php?id=100008943462799","https:\/\/x.com\/bellunopress","https:\/\/www.linkedin.com\/hp\/?dnr=JBzUWaJfMUw8vbXJJ2tVW5-I3jZKvC4wsoxE&amp;amp;amp;amp;amp;amp;trk=nav_responsive_tab_home","https:\/\/www.youtube.com\/channel\/UCxL0wu1uN0_3_7hGG0306cw"]},{"@type":"Person","@id":"https:\/\/www.bellunopress.it\/#\/schema\/person\/79bb06722b37ece1c03d3e94beb30d73","name":"r\u00e9daction","image":{"@type":"ImageObject","inLanguage":"fr-FR","@id":"https:\/\/secure.gravatar.com\/avatar\/37d968a2e67a6fd04c169c4bdef102d0bc5d31b2546345219e348575eb80e9a0?s=96&d=mm&r=g","url":"https:\/\/secure.gravatar.com\/avatar\/37d968a2e67a6fd04c169c4bdef102d0bc5d31b2546345219e348575eb80e9a0?s=96&d=mm&r=g","contentUrl":"https:\/\/secure.gravatar.com\/avatar\/37d968a2e67a6fd04c169c4bdef102d0bc5d31b2546345219e348575eb80e9a0?s=96&d=mm&r=g","caption":"redazione"},"sameAs":["http:\/\/www.bellunopress.it","https:\/\/x.com\/bellunopress"],"url":"https:\/\/www.bellunopress.it\/fr\/author\/redazione\/"}]}},"_links":{"self":[{"href":"https:\/\/www.bellunopress.it\/fr\/wp-json\/wp\/v2\/posts\/10375","targetHints":{"allow":["GET"]}}],"collection":[{"href":"https:\/\/www.bellunopress.it\/fr\/wp-json\/wp\/v2\/posts"}],"about":[{"href":"https:\/\/www.bellunopress.it\/fr\/wp-json\/wp\/v2\/types\/post"}],"author":[{"embeddable":true,"href":"https:\/\/www.bellunopress.it\/fr\/wp-json\/wp\/v2\/users\/2"}],"replies":[{"embeddable":true,"href":"https:\/\/www.bellunopress.it\/fr\/wp-json\/wp\/v2\/comments?post=10375"}],"version-history":[{"count":2,"href":"https:\/\/www.bellunopress.it\/fr\/wp-json\/wp\/v2\/posts\/10375\/revisions"}],"predecessor-version":[{"id":10377,"href":"https:\/\/www.bellunopress.it\/fr\/wp-json\/wp\/v2\/posts\/10375\/revisions\/10377"}],"wp:attachment":[{"href":"https:\/\/www.bellunopress.it\/fr\/wp-json\/wp\/v2\/media?parent=10375"}],"wp:term":[{"taxonomy":"category","embeddable":true,"href":"https:\/\/www.bellunopress.it\/fr\/wp-json\/wp\/v2\/categories?post=10375"},{"taxonomy":"post_tag","embeddable":true,"href":"https:\/\/www.bellunopress.it\/fr\/wp-json\/wp\/v2\/tags?post=10375"}],"curies":[{"name":"wp","href":"https:\/\/api.w.org\/{rel}","templated":true}]}}