{"id":103742,"date":"2019-04-12T16:06:19","date_gmt":"2019-04-12T14:06:19","guid":{"rendered":"http:\/\/www.bellunopress.it\/?p=103742"},"modified":"2019-04-12T16:06:19","modified_gmt":"2019-04-12T14:06:19","slug":"alzabandiera-vietato-a-bolzano-de-carlo-inammissibile-svp-rispetti-il-tricolore-o-lasci-il-parlamento","status":"publish","type":"post","link":"https:\/\/www.bellunopress.it\/fr\/2019\/04\/12\/alzabandiera-vietato-a-bolzano-de-carlo-inammissibile-svp-rispetti-il-tricolore-o-lasci-il-parlamento\/","title":{"rendered":"Alzabandiera \u201cvietato\u201d a Bolzano. De Carlo: \u201cInammissibile. SVP rispetti il tricolore o lasci il Parlamento\u201d"},"content":{"rendered":"<figure id=\"attachment_94339\" aria-describedby=\"caption-attachment-94339\" style=\"width: 227px\" class=\"wp-caption alignleft\"><a href=\"http:\/\/www.bellunopress.it\/fr\/2018\/04\/15\/il-gazzettino-riduce-gli-stipendi-dei-collaboratori-de-carlo-una-decisione-inammissibile-che-lede-la-dignita-umana-e-professionale-e-mette-a-rischio-la-qualita-dellinformazione\/luca-de-carlo-3\/\" rel=\"attachment wp-att-94339\"><img loading=\"lazy\" decoding=\"async\" class=\"size-full wp-image-94339\" src=\"http:\/\/www.bellunopress.it\/wp-content\/uploads\/2018\/04\/Luca-De-Carlo.jpg\" alt=\"\" width=\"227\" height=\"271\" \/><\/a><figcaption id=\"caption-attachment-94339\" class=\"wp-caption-text\">Luca De Carlo, deputato<\/figcaption><\/figure>\n<p align=\"LEFT\">\u201cInammissibile e intollerabile\u201d: il deputato e commissario veneto di Fratelli d&#8217;Italia, Luca De Carlo, replica cos\u00ec a quegli esponenti del SVP che, secondo alcuni organi di stampa, avrebbero dichiarato la loro contrariet\u00e0 all&#8217;alzabandiera organizzato dagli alpini a Bolzano per la festa \u201cDon Bosco Solidale\u201d, in occasione della prossima Festa della Repubblica.<\/p>\n<p align=\"LEFT\">\u201cSe i fatti riportati dalla stampa venissero accertati, saremmo di fronte ad un atto inaccettabile\u201d, tuona De Carlo. \u201cVorrei ricordare a questi signori che il loro partito siede in Parlamento e il tricolore \u00e8 il simbolo del nostro Paese, rappresentato anche da loro in quella sede. Se a loro non va bene, li invito a uscire subito dal Parlamento e a lasciare spazio a chi veramente tiene alla patria. Mi aspetto presto una presa di posizione chiarificatrice da parte dei vertici del SVP\u201d.<\/p>\n<p align=\"LEFT\">\u201cIl tricolore\u201d conclude l&#8217;esponente di FdI \u201cnon \u00e8 un simbolo militare, ma rappresenta l&#8217;unit\u00e0 nazionale, da Bolzano a Siracusa, e deve sventolare sempre, soprattutto in occasioni importanti come quelle della festa del 2 giugno. Non \u00e8 ammissibile che un cittadino italiano non rispetti la nostra bandier<span style=\"color: #222222;\"><span style=\"font-family: Arial, sans-serif;\"><span style=\"font-size: large;\">a\u201d.<\/span><\/span><\/span><\/p>","protected":false},"excerpt":{"rendered":"<p>\u201cInammissibile e intollerabile\u201d: il deputato e commissario veneto di Fratelli d&#8217;Italia, Luca De Carlo, replica cos\u00ec a quegli esponenti del SVP che, secondo alcuni organi di stampa, avrebbero dichiarato la loro contrariet\u00e0 all&#8217;alzabandiera organizzato dagli alpini a Bolzano per la festa \u201cDon Bosco Solidale\u201d, in occasione della prossima Festa della Repubblica. \u201cSe i fatti riportati [&hellip;]<\/p>\n","protected":false},"author":2,"featured_media":0,"comment_status":"closed","ping_status":"open","sticky":false,"template":"","format":"standard","meta":{"footnotes":""},"categories":[1],"tags":[],"class_list":["post-103742","post","type-post","status-publish","format-standard","category-leo"],"yoast_head":"<!-- This site is optimized with the Yoast SEO plugin v28.4 - https:\/\/yoast.com\/product\/yoast-seo-wordpress\/ -->\n<title>Alzabandiera \u201cvietato\u201d a Bolzano. De Carlo: \u201cInammissibile. SVP rispetti il tricolore o lasci il Parlamento\u201d - Bellunopress - Dolomiti<\/title>\n<meta name=\"robots\" content=\"index, follow, max-snippet:-1, max-image-preview:large, max-video-preview:-1\" \/>\n<link rel=\"canonical\" href=\"https:\/\/www.bellunopress.it\/fr\/2019\/04\/12\/alzabandiera-vietato-a-bolzano-de-carlo-inammissibile-svp-rispetti-il-tricolore-o-lasci-il-parlamento\/\" \/>\n<meta property=\"og:locale\" content=\"fr_FR\" \/>\n<meta property=\"og:type\" content=\"article\" \/>\n<meta property=\"og:title\" content=\"Alzabandiera \u201cvietato\u201d a Bolzano. De Carlo: \u201cInammissibile. SVP rispetti il tricolore o lasci il Parlamento\u201d - Bellunopress - Dolomiti\" \/>\n<meta property=\"og:description\" content=\"\u201cInammissibile e intollerabile\u201d: il deputato e commissario veneto di Fratelli d&#8217;Italia, Luca De Carlo, replica cos\u00ec a quegli esponenti del SVP che, secondo alcuni organi di stampa, avrebbero dichiarato la loro contrariet\u00e0 all&#8217;alzabandiera organizzato dagli alpini a Bolzano per la festa \u201cDon Bosco Solidale\u201d, in occasione della prossima Festa della Repubblica. \u201cSe i fatti riportati [&hellip;]\" \/>\n<meta property=\"og:url\" content=\"https:\/\/www.bellunopress.it\/fr\/2019\/04\/12\/alzabandiera-vietato-a-bolzano-de-carlo-inammissibile-svp-rispetti-il-tricolore-o-lasci-il-parlamento\/\" \/>\n<meta property=\"og:site_name\" content=\"Bellunopress - Dolomiti\" \/>\n<meta property=\"article:publisher\" content=\"https:\/\/www.facebook.com\/profile.php?id=100008943462799\" \/>\n<meta property=\"article:published_time\" content=\"2019-04-12T14:06:19+00:00\" \/>\n<meta property=\"og:image\" content=\"http:\/\/www.bellunopress.it\/wp-content\/uploads\/2018\/04\/Luca-De-Carlo.jpg\" \/>\n<meta name=\"author\" content=\"redazione\" \/>\n<meta name=\"twitter:card\" content=\"summary_large_image\" \/>\n<meta name=\"twitter:creator\" content=\"@bellunopress\" \/>\n<meta name=\"twitter:site\" content=\"@bellunopress\" \/>\n<meta name=\"twitter:label1\" content=\"\u00c9crit par\" \/>\n\t<meta name=\"twitter:data1\" content=\"redazione\" \/>\n\t<meta name=\"twitter:label2\" content=\"Dur\u00e9e de lecture estim\u00e9e\" \/>\n\t<meta name=\"twitter:data2\" content=\"1 minute\" \/>\n<script type=\"application\/ld+json\" class=\"yoast-schema-graph\">{\"@context\":\"https:\\\/\\\/schema.org\",\"@graph\":[{\"@type\":\"Article\",\"@id\":\"https:\\\/\\\/www.bellunopress.it\\\/2019\\\/04\\\/12\\\/alzabandiera-vietato-a-bolzano-de-carlo-inammissibile-svp-rispetti-il-tricolore-o-lasci-il-parlamento\\\/#article\",\"isPartOf\":{\"@id\":\"https:\\\/\\\/www.bellunopress.it\\\/2019\\\/04\\\/12\\\/alzabandiera-vietato-a-bolzano-de-carlo-inammissibile-svp-rispetti-il-tricolore-o-lasci-il-parlamento\\\/\"},\"author\":{\"name\":\"redazione\",\"@id\":\"https:\\\/\\\/www.bellunopress.it\\\/#\\\/schema\\\/person\\\/79bb06722b37ece1c03d3e94beb30d73\"},\"headline\":\"Alzabandiera \u201cvietato\u201d a Bolzano. De Carlo: \u201cInammissibile. SVP rispetti il tricolore o lasci il Parlamento\u201d\",\"datePublished\":\"2019-04-12T14:06:19+00:00\",\"mainEntityOfPage\":{\"@id\":\"https:\\\/\\\/www.bellunopress.it\\\/2019\\\/04\\\/12\\\/alzabandiera-vietato-a-bolzano-de-carlo-inammissibile-svp-rispetti-il-tricolore-o-lasci-il-parlamento\\\/\"},\"wordCount\":207,\"publisher\":{\"@id\":\"https:\\\/\\\/www.bellunopress.it\\\/#organization\"},\"image\":{\"@id\":\"https:\\\/\\\/www.bellunopress.it\\\/2019\\\/04\\\/12\\\/alzabandiera-vietato-a-bolzano-de-carlo-inammissibile-svp-rispetti-il-tricolore-o-lasci-il-parlamento\\\/#primaryimage\"},\"thumbnailUrl\":\"http:\\\/\\\/www.bellunopress.it\\\/wp-content\\\/uploads\\\/2018\\\/04\\\/Luca-De-Carlo.jpg\",\"articleSection\":[\"Lettere Opinioni\"],\"inLanguage\":\"fr-FR\"},{\"@type\":\"WebPage\",\"@id\":\"https:\\\/\\\/www.bellunopress.it\\\/2019\\\/04\\\/12\\\/alzabandiera-vietato-a-bolzano-de-carlo-inammissibile-svp-rispetti-il-tricolore-o-lasci-il-parlamento\\\/\",\"url\":\"https:\\\/\\\/www.bellunopress.it\\\/2019\\\/04\\\/12\\\/alzabandiera-vietato-a-bolzano-de-carlo-inammissibile-svp-rispetti-il-tricolore-o-lasci-il-parlamento\\\/\",\"name\":\"Alzabandiera \u201cvietato\u201d a Bolzano. De Carlo: \u201cInammissibile. SVP rispetti il tricolore o lasci il Parlamento\u201d - Bellunopress - Dolomiti\",\"isPartOf\":{\"@id\":\"https:\\\/\\\/www.bellunopress.it\\\/#website\"},\"primaryImageOfPage\":{\"@id\":\"https:\\\/\\\/www.bellunopress.it\\\/2019\\\/04\\\/12\\\/alzabandiera-vietato-a-bolzano-de-carlo-inammissibile-svp-rispetti-il-tricolore-o-lasci-il-parlamento\\\/#primaryimage\"},\"image\":{\"@id\":\"https:\\\/\\\/www.bellunopress.it\\\/2019\\\/04\\\/12\\\/alzabandiera-vietato-a-bolzano-de-carlo-inammissibile-svp-rispetti-il-tricolore-o-lasci-il-parlamento\\\/#primaryimage\"},\"thumbnailUrl\":\"http:\\\/\\\/www.bellunopress.it\\\/wp-content\\\/uploads\\\/2018\\\/04\\\/Luca-De-Carlo.jpg\",\"datePublished\":\"2019-04-12T14:06:19+00:00\",\"breadcrumb\":{\"@id\":\"https:\\\/\\\/www.bellunopress.it\\\/2019\\\/04\\\/12\\\/alzabandiera-vietato-a-bolzano-de-carlo-inammissibile-svp-rispetti-il-tricolore-o-lasci-il-parlamento\\\/#breadcrumb\"},\"inLanguage\":\"fr-FR\",\"potentialAction\":[{\"@type\":\"ReadAction\",\"target\":[\"https:\\\/\\\/www.bellunopress.it\\\/2019\\\/04\\\/12\\\/alzabandiera-vietato-a-bolzano-de-carlo-inammissibile-svp-rispetti-il-tricolore-o-lasci-il-parlamento\\\/\"]}]},{\"@type\":\"ImageObject\",\"inLanguage\":\"fr-FR\",\"@id\":\"https:\\\/\\\/www.bellunopress.it\\\/2019\\\/04\\\/12\\\/alzabandiera-vietato-a-bolzano-de-carlo-inammissibile-svp-rispetti-il-tricolore-o-lasci-il-parlamento\\\/#primaryimage\",\"url\":\"http:\\\/\\\/www.bellunopress.it\\\/wp-content\\\/uploads\\\/2018\\\/04\\\/Luca-De-Carlo.jpg\",\"contentUrl\":\"http:\\\/\\\/www.bellunopress.it\\\/wp-content\\\/uploads\\\/2018\\\/04\\\/Luca-De-Carlo.jpg\"},{\"@type\":\"BreadcrumbList\",\"@id\":\"https:\\\/\\\/www.bellunopress.it\\\/2019\\\/04\\\/12\\\/alzabandiera-vietato-a-bolzano-de-carlo-inammissibile-svp-rispetti-il-tricolore-o-lasci-il-parlamento\\\/#breadcrumb\",\"itemListElement\":[{\"@type\":\"ListItem\",\"position\":1,\"name\":\"Home\",\"item\":\"https:\\\/\\\/www.bellunopress.it\\\/\"},{\"@type\":\"ListItem\",\"position\":2,\"name\":\"Alzabandiera \u201cvietato\u201d a Bolzano. De Carlo: \u201cInammissibile. SVP rispetti il tricolore o lasci il Parlamento\u201d\"}]},{\"@type\":\"WebSite\",\"@id\":\"https:\\\/\\\/www.bellunopress.it\\\/#website\",\"url\":\"https:\\\/\\\/www.bellunopress.it\\\/\",\"name\":\"Bellunopress - Dolomiti\",\"description\":\"e-mail: redazione@bellunopress.it\",\"publisher\":{\"@id\":\"https:\\\/\\\/www.bellunopress.it\\\/#organization\"},\"potentialAction\":[{\"@type\":\"SearchAction\",\"target\":{\"@type\":\"EntryPoint\",\"urlTemplate\":\"https:\\\/\\\/www.bellunopress.it\\\/?s={search_term_string}\"},\"query-input\":{\"@type\":\"PropertyValueSpecification\",\"valueRequired\":true,\"valueName\":\"search_term_string\"}}],\"inLanguage\":\"fr-FR\"},{\"@type\":\"Organization\",\"@id\":\"https:\\\/\\\/www.bellunopress.it\\\/#organization\",\"name\":\"Bellunopress\",\"url\":\"https:\\\/\\\/www.bellunopress.it\\\/\",\"logo\":{\"@type\":\"ImageObject\",\"inLanguage\":\"fr-FR\",\"@id\":\"https:\\\/\\\/www.bellunopress.it\\\/#\\\/schema\\\/logo\\\/image\\\/\",\"url\":\"https:\\\/\\\/www.bellunopress.it\\\/wp-content\\\/uploads\\\/2011\\\/05\\\/cropped-logo-bellunopress-.jpg\",\"contentUrl\":\"https:\\\/\\\/www.bellunopress.it\\\/wp-content\\\/uploads\\\/2011\\\/05\\\/cropped-logo-bellunopress-.jpg\",\"width\":512,\"height\":512,\"caption\":\"Bellunopress\"},\"image\":{\"@id\":\"https:\\\/\\\/www.bellunopress.it\\\/#\\\/schema\\\/logo\\\/image\\\/\"},\"sameAs\":[\"https:\\\/\\\/www.facebook.com\\\/profile.php?id=100008943462799\",\"https:\\\/\\\/x.com\\\/bellunopress\",\"https:\\\/\\\/www.linkedin.com\\\/hp\\\/?dnr=JBzUWaJfMUw8vbXJJ2tVW5-I3jZKvC4wsoxE&amp;amp;amp;amp;amp;amp;trk=nav_responsive_tab_home\",\"https:\\\/\\\/www.youtube.com\\\/channel\\\/UCxL0wu1uN0_3_7hGG0306cw\"]},{\"@type\":\"Person\",\"@id\":\"https:\\\/\\\/www.bellunopress.it\\\/#\\\/schema\\\/person\\\/79bb06722b37ece1c03d3e94beb30d73\",\"name\":\"redazione\",\"image\":{\"@type\":\"ImageObject\",\"inLanguage\":\"fr-FR\",\"@id\":\"https:\\\/\\\/secure.gravatar.com\\\/avatar\\\/37d968a2e67a6fd04c169c4bdef102d0bc5d31b2546345219e348575eb80e9a0?s=96&d=mm&r=g\",\"url\":\"https:\\\/\\\/secure.gravatar.com\\\/avatar\\\/37d968a2e67a6fd04c169c4bdef102d0bc5d31b2546345219e348575eb80e9a0?s=96&d=mm&r=g\",\"contentUrl\":\"https:\\\/\\\/secure.gravatar.com\\\/avatar\\\/37d968a2e67a6fd04c169c4bdef102d0bc5d31b2546345219e348575eb80e9a0?s=96&d=mm&r=g\",\"caption\":\"redazione\"},\"sameAs\":[\"http:\\\/\\\/www.bellunopress.it\",\"https:\\\/\\\/x.com\\\/bellunopress\"],\"url\":\"https:\\\/\\\/www.bellunopress.it\\\/fr\\\/author\\\/redazione\\\/\"}]}<\/script>\n<!-- \/ Yoast SEO plugin. -->","yoast_head_json":{"title":"Alzabandiera \u201cvietato\u201d a Bolzano. De Carlo: \u201cInammissibile. SVP rispetti il tricolore o lasci il Parlamento\u201d - Bellunopress - Dolomiti","robots":{"index":"index","follow":"follow","max-snippet":"max-snippet:-1","max-image-preview":"max-image-preview:large","max-video-preview":"max-video-preview:-1"},"canonical":"https:\/\/www.bellunopress.it\/fr\/2019\/04\/12\/alzabandiera-vietato-a-bolzano-de-carlo-inammissibile-svp-rispetti-il-tricolore-o-lasci-il-parlamento\/","og_locale":"fr_FR","og_type":"article","og_title":"Alzabandiera \u201cvietato\u201d a Bolzano. De Carlo: \u201cInammissibile. SVP rispetti il tricolore o lasci il Parlamento\u201d - Bellunopress - Dolomiti","og_description":"\u201cInammissibile e intollerabile\u201d: il deputato e commissario veneto di Fratelli d&#8217;Italia, Luca De Carlo, replica cos\u00ec a quegli esponenti del SVP che, secondo alcuni organi di stampa, avrebbero dichiarato la loro contrariet\u00e0 all&#8217;alzabandiera organizzato dagli alpini a Bolzano per la festa \u201cDon Bosco Solidale\u201d, in occasione della prossima Festa della Repubblica. \u201cSe i fatti riportati [&hellip;]","og_url":"https:\/\/www.bellunopress.it\/fr\/2019\/04\/12\/alzabandiera-vietato-a-bolzano-de-carlo-inammissibile-svp-rispetti-il-tricolore-o-lasci-il-parlamento\/","og_site_name":"Bellunopress - Dolomiti","article_publisher":"https:\/\/www.facebook.com\/profile.php?id=100008943462799","article_published_time":"2019-04-12T14:06:19+00:00","og_image":[{"url":"http:\/\/www.bellunopress.it\/wp-content\/uploads\/2018\/04\/Luca-De-Carlo.jpg","type":"","width":"","height":""}],"author":"redazione","twitter_card":"summary_large_image","twitter_creator":"@bellunopress","twitter_site":"@bellunopress","twitter_misc":{"\u00c9crit par":"redazione","Dur\u00e9e de lecture estim\u00e9e":"1 minute"},"schema":{"@context":"https:\/\/schema.org","@graph":[{"@type":"Article","@id":"https:\/\/www.bellunopress.it\/2019\/04\/12\/alzabandiera-vietato-a-bolzano-de-carlo-inammissibile-svp-rispetti-il-tricolore-o-lasci-il-parlamento\/#article","isPartOf":{"@id":"https:\/\/www.bellunopress.it\/2019\/04\/12\/alzabandiera-vietato-a-bolzano-de-carlo-inammissibile-svp-rispetti-il-tricolore-o-lasci-il-parlamento\/"},"author":{"name":"redazione","@id":"https:\/\/www.bellunopress.it\/#\/schema\/person\/79bb06722b37ece1c03d3e94beb30d73"},"headline":"Alzabandiera \u201cvietato\u201d a Bolzano. De Carlo: \u201cInammissibile. SVP rispetti il tricolore o lasci il Parlamento\u201d","datePublished":"2019-04-12T14:06:19+00:00","mainEntityOfPage":{"@id":"https:\/\/www.bellunopress.it\/2019\/04\/12\/alzabandiera-vietato-a-bolzano-de-carlo-inammissibile-svp-rispetti-il-tricolore-o-lasci-il-parlamento\/"},"wordCount":207,"publisher":{"@id":"https:\/\/www.bellunopress.it\/#organization"},"image":{"@id":"https:\/\/www.bellunopress.it\/2019\/04\/12\/alzabandiera-vietato-a-bolzano-de-carlo-inammissibile-svp-rispetti-il-tricolore-o-lasci-il-parlamento\/#primaryimage"},"thumbnailUrl":"http:\/\/www.bellunopress.it\/wp-content\/uploads\/2018\/04\/Luca-De-Carlo.jpg","articleSection":["Lettere Opinioni"],"inLanguage":"fr-FR"},{"@type":"WebPage","@id":"https:\/\/www.bellunopress.it\/2019\/04\/12\/alzabandiera-vietato-a-bolzano-de-carlo-inammissibile-svp-rispetti-il-tricolore-o-lasci-il-parlamento\/","url":"https:\/\/www.bellunopress.it\/2019\/04\/12\/alzabandiera-vietato-a-bolzano-de-carlo-inammissibile-svp-rispetti-il-tricolore-o-lasci-il-parlamento\/","name":"Alzabandiera \u201cvietato\u201d a Bolzano. De Carlo: \u201cInammissibile. SVP rispetti il tricolore o lasci il Parlamento\u201d - Bellunopress - Dolomiti","isPartOf":{"@id":"https:\/\/www.bellunopress.it\/#website"},"primaryImageOfPage":{"@id":"https:\/\/www.bellunopress.it\/2019\/04\/12\/alzabandiera-vietato-a-bolzano-de-carlo-inammissibile-svp-rispetti-il-tricolore-o-lasci-il-parlamento\/#primaryimage"},"image":{"@id":"https:\/\/www.bellunopress.it\/2019\/04\/12\/alzabandiera-vietato-a-bolzano-de-carlo-inammissibile-svp-rispetti-il-tricolore-o-lasci-il-parlamento\/#primaryimage"},"thumbnailUrl":"http:\/\/www.bellunopress.it\/wp-content\/uploads\/2018\/04\/Luca-De-Carlo.jpg","datePublished":"2019-04-12T14:06:19+00:00","breadcrumb":{"@id":"https:\/\/www.bellunopress.it\/2019\/04\/12\/alzabandiera-vietato-a-bolzano-de-carlo-inammissibile-svp-rispetti-il-tricolore-o-lasci-il-parlamento\/#breadcrumb"},"inLanguage":"fr-FR","potentialAction":[{"@type":"ReadAction","target":["https:\/\/www.bellunopress.it\/2019\/04\/12\/alzabandiera-vietato-a-bolzano-de-carlo-inammissibile-svp-rispetti-il-tricolore-o-lasci-il-parlamento\/"]}]},{"@type":"ImageObject","inLanguage":"fr-FR","@id":"https:\/\/www.bellunopress.it\/2019\/04\/12\/alzabandiera-vietato-a-bolzano-de-carlo-inammissibile-svp-rispetti-il-tricolore-o-lasci-il-parlamento\/#primaryimage","url":"http:\/\/www.bellunopress.it\/wp-content\/uploads\/2018\/04\/Luca-De-Carlo.jpg","contentUrl":"http:\/\/www.bellunopress.it\/wp-content\/uploads\/2018\/04\/Luca-De-Carlo.jpg"},{"@type":"BreadcrumbList","@id":"https:\/\/www.bellunopress.it\/2019\/04\/12\/alzabandiera-vietato-a-bolzano-de-carlo-inammissibile-svp-rispetti-il-tricolore-o-lasci-il-parlamento\/#breadcrumb","itemListElement":[{"@type":"ListItem","position":1,"name":"Home","item":"https:\/\/www.bellunopress.it\/"},{"@type":"ListItem","position":2,"name":"Alzabandiera \u201cvietato\u201d a Bolzano. De Carlo: \u201cInammissibile. SVP rispetti il tricolore o lasci il Parlamento\u201d"}]},{"@type":"WebSite","@id":"https:\/\/www.bellunopress.it\/#website","url":"https:\/\/www.bellunopress.it\/","name":"Bellunopress - Dolomiti","description":"e-mail: redazione@bellunopress.it","publisher":{"@id":"https:\/\/www.bellunopress.it\/#organization"},"potentialAction":[{"@type":"SearchAction","target":{"@type":"EntryPoint","urlTemplate":"https:\/\/www.bellunopress.it\/?s={search_term_string}"},"query-input":{"@type":"PropertyValueSpecification","valueRequired":true,"valueName":"search_term_string"}}],"inLanguage":"fr-FR"},{"@type":"Organization","@id":"https:\/\/www.bellunopress.it\/#organization","name":"Bellunopress","url":"https:\/\/www.bellunopress.it\/","logo":{"@type":"ImageObject","inLanguage":"fr-FR","@id":"https:\/\/www.bellunopress.it\/#\/schema\/logo\/image\/","url":"https:\/\/www.bellunopress.it\/wp-content\/uploads\/2011\/05\/cropped-logo-bellunopress-.jpg","contentUrl":"https:\/\/www.bellunopress.it\/wp-content\/uploads\/2011\/05\/cropped-logo-bellunopress-.jpg","width":512,"height":512,"caption":"Bellunopress"},"image":{"@id":"https:\/\/www.bellunopress.it\/#\/schema\/logo\/image\/"},"sameAs":["https:\/\/www.facebook.com\/profile.php?id=100008943462799","https:\/\/x.com\/bellunopress","https:\/\/www.linkedin.com\/hp\/?dnr=JBzUWaJfMUw8vbXJJ2tVW5-I3jZKvC4wsoxE&amp;amp;amp;amp;amp;amp;trk=nav_responsive_tab_home","https:\/\/www.youtube.com\/channel\/UCxL0wu1uN0_3_7hGG0306cw"]},{"@type":"Person","@id":"https:\/\/www.bellunopress.it\/#\/schema\/person\/79bb06722b37ece1c03d3e94beb30d73","name":"r\u00e9daction","image":{"@type":"ImageObject","inLanguage":"fr-FR","@id":"https:\/\/secure.gravatar.com\/avatar\/37d968a2e67a6fd04c169c4bdef102d0bc5d31b2546345219e348575eb80e9a0?s=96&d=mm&r=g","url":"https:\/\/secure.gravatar.com\/avatar\/37d968a2e67a6fd04c169c4bdef102d0bc5d31b2546345219e348575eb80e9a0?s=96&d=mm&r=g","contentUrl":"https:\/\/secure.gravatar.com\/avatar\/37d968a2e67a6fd04c169c4bdef102d0bc5d31b2546345219e348575eb80e9a0?s=96&d=mm&r=g","caption":"redazione"},"sameAs":["http:\/\/www.bellunopress.it","https:\/\/x.com\/bellunopress"],"url":"https:\/\/www.bellunopress.it\/fr\/author\/redazione\/"}]}},"_links":{"self":[{"href":"https:\/\/www.bellunopress.it\/fr\/wp-json\/wp\/v2\/posts\/103742","targetHints":{"allow":["GET"]}}],"collection":[{"href":"https:\/\/www.bellunopress.it\/fr\/wp-json\/wp\/v2\/posts"}],"about":[{"href":"https:\/\/www.bellunopress.it\/fr\/wp-json\/wp\/v2\/types\/post"}],"author":[{"embeddable":true,"href":"https:\/\/www.bellunopress.it\/fr\/wp-json\/wp\/v2\/users\/2"}],"replies":[{"embeddable":true,"href":"https:\/\/www.bellunopress.it\/fr\/wp-json\/wp\/v2\/comments?post=103742"}],"version-history":[{"count":1,"href":"https:\/\/www.bellunopress.it\/fr\/wp-json\/wp\/v2\/posts\/103742\/revisions"}],"predecessor-version":[{"id":103743,"href":"https:\/\/www.bellunopress.it\/fr\/wp-json\/wp\/v2\/posts\/103742\/revisions\/103743"}],"wp:attachment":[{"href":"https:\/\/www.bellunopress.it\/fr\/wp-json\/wp\/v2\/media?parent=103742"}],"wp:term":[{"taxonomy":"category","embeddable":true,"href":"https:\/\/www.bellunopress.it\/fr\/wp-json\/wp\/v2\/categories?post=103742"},{"taxonomy":"post_tag","embeddable":true,"href":"https:\/\/www.bellunopress.it\/fr\/wp-json\/wp\/v2\/tags?post=103742"}],"curies":[{"name":"wp","href":"https:\/\/api.w.org\/{rel}","templated":true}]}}